{"id":40,"date":"2022-09-03T12:55:54","date_gmt":"2022-09-03T10:55:54","guid":{"rendered":"https:\/\/blogs.donboscovolunteers.de\/wundertuetebenin\/?p=40"},"modified":"2022-09-18T15:48:28","modified_gmt":"2022-09-18T13:48:28","slug":"ich-packe-in-meinen-koffer","status":"publish","type":"post","link":"https:\/\/blogs.donboscovolunteers.de\/wundertuetebenin\/2022\/09\/03\/ich-packe-in-meinen-koffer\/","title":{"rendered":"Ich packe in meinen Koffer&#8230;"},"content":{"rendered":"<h3 class=\"wp-block-heading\">&#8230; 8,5 KILO KLEBER!<\/h3>\n\n\n\n<p>Ja, richtig gelesen! Und nein, nicht zum Schn\u00fcffeln ;)! Von ehemaligen <a href=\"https:\/\/strassenkinder.de\/laender\/afrika\/benin\/\">Benin<\/a>-Volont\u00e4rinnen haben meine Mitfreiwillige Mia und ich erfahren, dass uns im Benin kaum Bastelsachen zur Verf\u00fcgung gestellt werden k\u00f6nnen, um mit den Kindern kreativ zu sein. So sind wir seit einiger Zeit intensiv damit besch\u00e4ftigt, unz\u00e4hlige Bastelfirmen, aber auch kleine Bastel-, Spielzeug- und Wolll\u00e4den um Sachspenden zu bitten, die wir dann mit in den Benin nehmen k\u00f6nnen. Bei einigen hatten wir Erfolg! So unter anderem bei UHU (Lea, falls du das liest: Danke f\u00fcr den Tipp!), die uns ohne zu z\u00f6gern ein 8,5 Kilo schweres, randvoll mit Kleber gef\u00fclltes Paket geschickt haben. Wow, da waren wir baff! <\/p>\n\n\n\n<p>Mittlerweile stapelt sich also so Einiges in meinem Zimmer: 8,5 Kilo Kleber, 10 Kilo Tonpapier, 6 Wassermalk\u00e4sten, Wachsmalkreiden, Filzstifte, Stra\u00dfenmalkreiden, 20 Wollkn\u00e4uel, Origamipapier, Pappteller zum Masken basteln, Luftballons, Frisbees, Unokarten, Memory &#8230; und das ist noch lange nicht alles! Mal sehen, was der Zoll am Flughafen dazu sagt&#8230;<\/p>\n\n\n\n<p>Ich freue mich aufs stundenlange Basteln, aufs wilde Kleben und aufs ausgelassene Spielen!<\/p>\n\n\n\n<h3 class=\"wp-block-heading\">NOCH EIN PAAR TAGE, DANN HEISST ES: \u00abAU REVOIR ALLEMAGNE ET SALUT B\u00c9NIN!\u00bb<\/h3>\n\n\n\n<p>Das letzte Vorbereitungsseminar in Benediktbeuern mit der Entsendungsfeier, ein Roadtrip durch Slowenien mit Freundinnen, Familienzeit in der Toskana  &#8211; all das und noch Vieles mehr hat meine letzten Wochen gef\u00fcllt. Wahnsinn! Vor drei Monaten habe ich noch f\u00fcr mein Abitur geb\u00fcffelt und jetzt, nach dem sch\u00f6nsten Sommer \u00fcberhaupt, wache ich jeden Morgen mit einem aufgeregten Kribbeln im Bauch auf, weil ich einfach nicht glauben kann, dass mein Abenteuer Afrika in 4 Tagen losgeht! Meine Gef\u00fchle sind gemischt: Einerseits steigt von Tag zu Tag die Vorfreude auf das, was so lange in so ferner Zukunft lag und jetzt pl\u00f6tzlich so greifbar nahe ist und gleichzeitig sp\u00fcre ich ganz deutlich, dass die Tage in meinem vertrauten Umfeld gez\u00e4hlt sind. Das f\u00e4llt mir gar nicht so leicht! <\/p>\n\n\n\n<figure class=\"wp-block-gallery has-nested-images columns-default is-cropped wp-block-gallery-1 is-layout-flex wp-block-gallery-is-layout-flex\">\n<figure class=\"wp-block-image size-large\"><img loading=\"lazy\" decoding=\"async\" width=\"1024\" height=\"813\" data-id=\"89\" src=\"https:\/\/blogs.donboscovolunteers.de\/wundertuetebenin\/wp-content\/uploads\/sites\/21659\/2022\/08\/IMG_1468-1024x813.jpeg\" alt=\"\" class=\"wp-image-89\" srcset=\"https:\/\/blogs.donboscovolunteers.de\/wundertuetebenin\/wp-content\/uploads\/sites\/21659\/2022\/08\/IMG_1468-1024x813.jpeg 1024w, https:\/\/blogs.donboscovolunteers.de\/wundertuetebenin\/wp-content\/uploads\/sites\/21659\/2022\/08\/IMG_1468-300x238.jpeg 300w, https:\/\/blogs.donboscovolunteers.de\/wundertuetebenin\/wp-content\/uploads\/sites\/21659\/2022\/08\/IMG_1468-768x610.jpeg 768w, https:\/\/blogs.donboscovolunteers.de\/wundertuetebenin\/wp-content\/uploads\/sites\/21659\/2022\/08\/IMG_1468-1200x953.jpeg 1200w, https:\/\/blogs.donboscovolunteers.de\/wundertuetebenin\/wp-content\/uploads\/sites\/21659\/2022\/08\/IMG_1468.jpeg 1280w\" sizes=\"auto, (max-width: 1024px) 100vw, 1024px\" \/><figcaption>Entsendungsfeier in Benediktbeuern<\/figcaption><\/figure>\n\n\n\n<figure class=\"wp-block-image size-large\"><img loading=\"lazy\" decoding=\"async\" width=\"1024\" height=\"768\" data-id=\"86\" src=\"https:\/\/blogs.donboscovolunteers.de\/wundertuetebenin\/wp-content\/uploads\/sites\/21659\/2022\/08\/IMG_0326-edited.jpg\" alt=\"\" class=\"wp-image-86\" srcset=\"https:\/\/blogs.donboscovolunteers.de\/wundertuetebenin\/wp-content\/uploads\/sites\/21659\/2022\/08\/IMG_0326-edited.jpg 1024w, https:\/\/blogs.donboscovolunteers.de\/wundertuetebenin\/wp-content\/uploads\/sites\/21659\/2022\/08\/IMG_0326-edited-300x225.jpg 300w, https:\/\/blogs.donboscovolunteers.de\/wundertuetebenin\/wp-content\/uploads\/sites\/21659\/2022\/08\/IMG_0326-edited-768x576.jpg 768w\" sizes=\"auto, (max-width: 1024px) 100vw, 1024px\" \/><figcaption>Roadtrip-Crew<\/figcaption><\/figure>\n\n\n\n<figure class=\"wp-block-image size-large\"><img loading=\"lazy\" decoding=\"async\" width=\"1024\" height=\"768\" data-id=\"95\" src=\"https:\/\/blogs.donboscovolunteers.de\/wundertuetebenin\/wp-content\/uploads\/sites\/21659\/2022\/09\/IMG_4308-1024x768.jpg\" alt=\"\" class=\"wp-image-95\" srcset=\"https:\/\/blogs.donboscovolunteers.de\/wundertuetebenin\/wp-content\/uploads\/sites\/21659\/2022\/09\/IMG_4308-1024x768.jpg 1024w, https:\/\/blogs.donboscovolunteers.de\/wundertuetebenin\/wp-content\/uploads\/sites\/21659\/2022\/09\/IMG_4308-300x225.jpg 300w, https:\/\/blogs.donboscovolunteers.de\/wundertuetebenin\/wp-content\/uploads\/sites\/21659\/2022\/09\/IMG_4308-768x576.jpg 768w, https:\/\/blogs.donboscovolunteers.de\/wundertuetebenin\/wp-content\/uploads\/sites\/21659\/2022\/09\/IMG_4308-1200x900.jpg 1200w, https:\/\/blogs.donboscovolunteers.de\/wundertuetebenin\/wp-content\/uploads\/sites\/21659\/2022\/09\/IMG_4308.jpg 1280w\" sizes=\"auto, (max-width: 1024px) 100vw, 1024px\" \/><figcaption>Bergtour mit meiner Patentante <\/figcaption><\/figure>\n<\/figure>\n\n\n\n<p>Jetzt hei\u00dft es f\u00fcr mich Koffer und Rucksack packen, letzte Besorgungen machen, Zimmer ausr\u00e4umen und vor allem Abschied nehmen. Mein B\u00fccherregal habe ich vorr\u00fcbergehend zu einem \u201ePackregal\u201c umfunktioniert, in dem jedes Regalfach einer anderen Packkategorie zugeordnet ist. Da gibt es eines f\u00fcr Kosmetik und meine Reiseapotheke, eines f\u00fcr Kleidung, eines f\u00fcr wichtige Dokumente und Dinge, die unn\u00f6tig aber mir wichtig sind und nat\u00fcrlich eines f\u00fcr all die Spenden. Irgendwie total ungewohnt, mit System und Packliste zu packen. Normalerweise stopfe ich bei anstehenden Urlauben 15 Minuten vor Abreise alles halbwegs Brauchbare in meinen Reiserucksack und hoffe, dass ich nichts allzu Wichtiges vergessen habe. Aber gut, mein Abenteuer Benin ist kein Urlaub und f\u00fcr ein ganzes Jahr zu packen ist dann irgendwie doch nochmal etwas anderes\u2026 &nbsp;<\/p>\n\n\n\n<p>Voller Vorfreude, aber auch mit klopfendem Herzen!<\/p>\n\n\n\n<p>Milena <\/p>","protected":false},"excerpt":{"rendered":"<p>&#8230; 8,5 KILO KLEBER! Ja, richtig gelesen! Und nein, nicht zum Schn\u00fcffeln ;)! Von ehemaligen <a href=\"https:\/\/strassenkinder.de\/laender\/afrika\/benin\/\">Benin<\/a>-Volont\u00e4rinnen haben meine Mitfreiwillige Mia und ich erfahren, dass uns im Benin kaum Bastelsachen zur Verf\u00fcgung gestellt werden k\u00f6nnen, um mit den Kindern kreativ zu sein. So sind wir seit einiger Zeit intensiv damit besch\u00e4ftigt, unz\u00e4hlige Bastelfirmen, aber auch kleine [&hellip;]<\/p>\n","protected":false},"author":21749,"featured_media":88,"comment_status":"open","ping_status":"open","sticky":false,"template":"","format":"standard","meta":{"footnotes":""},"categories":[1],"tags":[4,7,6],"class_list":["post-40","post","type-post","status-publish","format-standard","has-post-thumbnail","hentry","category-allgemein","tag-benin","tag-freiwilligendienst","tag-milena"],"yoast_head":"<!-- This site is optimized with the Yoast SEO plugin v25.3.1 - https:\/\/yoast.com\/wordpress\/plugins\/seo\/ -->\n<title>Ich packe in meinen Koffer... - Wundert\u00fcte Benin<\/title>\n<meta name=\"description\" content=\"Mittlerweile stapelt sich also so einiges in meinem Zimmer: 8,5 Kilo Kleber, 10 Kilo Tonpapier, 6 Wassermalk\u00e4sten, Wachsmalkreiden, Filzstifte, Stra\u00dfenmalkreiden, 20 Wollkn\u00e4uel, Origamipapier, Pappteller zum Masken basteln, Luftballons, Frisbees, Unokarten, Memory und noch einiges mehr! Mal sehen, was der Zoll am Flughafen dazu sagt...\" \/>\n<meta name=\"robots\" content=\"index, follow, max-snippet:-1, max-image-preview:large, max-video-preview:-1\" \/>\n<link rel=\"canonical\" href=\"https:\/\/blogs.donboscovolunteers.de\/wundertuetebenin\/2022\/09\/03\/ich-packe-in-meinen-koffer\/\" \/>\n<meta property=\"og:locale\" content=\"de_DE\" \/>\n<meta property=\"og:type\" content=\"article\" \/>\n<meta property=\"og:title\" content=\"Ich packe in meinen Koffer... - Wundert\u00fcte Benin\" \/>\n<meta property=\"og:description\" content=\"Mittlerweile stapelt sich also so einiges in meinem Zimmer: 8,5 Kilo Kleber, 10 Kilo Tonpapier, 6 Wassermalk\u00e4sten, Wachsmalkreiden, Filzstifte, Stra\u00dfenmalkreiden, 20 Wollkn\u00e4uel, Origamipapier, Pappteller zum Masken basteln, Luftballons, Frisbees, Unokarten, Memory und noch einiges mehr! Mal sehen, was der Zoll am Flughafen dazu sagt...\" \/>\n<meta property=\"og:url\" content=\"https:\/\/blogs.donboscovolunteers.de\/wundertuetebenin\/2022\/09\/03\/ich-packe-in-meinen-koffer\/\" \/>\n<meta property=\"og:site_name\" content=\"Wundert\u00fcte Benin\" \/>\n<meta property=\"article:published_time\" content=\"2022-09-03T10:55:54+00:00\" \/>\n<meta property=\"article:modified_time\" content=\"2022-09-18T13:48:28+00:00\" \/>\n<meta property=\"og:image\" content=\"https:\/\/blogs.donboscovolunteers.de\/wundertuetebenin\/wp-content\/uploads\/sites\/21659\/2022\/08\/IMG_3180.jpeg\" \/>\n\t<meta property=\"og:image:width\" content=\"1280\" \/>\n\t<meta property=\"og:image:height\" content=\"792\" \/>\n\t<meta property=\"og:image:type\" content=\"image\/jpeg\" \/>\n<meta name=\"author\" content=\"Milena Ott\" \/>\n<meta name=\"twitter:card\" content=\"summary_large_image\" \/>\n<meta name=\"twitter:label1\" content=\"Verfasst von\" \/>\n\t<meta name=\"twitter:data1\" content=\"Milena Ott\" \/>\n\t<meta name=\"twitter:label2\" content=\"Gesch\u00e4tzte Lesezeit\" \/>\n\t<meta name=\"twitter:data2\" content=\"4\u00a0Minuten\" \/>\n<script type=\"application\/ld+json\" class=\"yoast-schema-graph\">{\"@context\":\"https:\/\/schema.org\",\"@graph\":[{\"@type\":\"WebPage\",\"@id\":\"https:\/\/blogs.donboscovolunteers.de\/wundertuetebenin\/2022\/09\/03\/ich-packe-in-meinen-koffer\/\",\"url\":\"https:\/\/blogs.donboscovolunteers.de\/wundertuetebenin\/2022\/09\/03\/ich-packe-in-meinen-koffer\/\",\"name\":\"Ich packe in meinen Koffer... - Wundert\u00fcte Benin\",\"isPartOf\":{\"@id\":\"https:\/\/blogs.donboscovolunteers.de\/wundertuetebenin\/#website\"},\"primaryImageOfPage\":{\"@id\":\"https:\/\/blogs.donboscovolunteers.de\/wundertuetebenin\/2022\/09\/03\/ich-packe-in-meinen-koffer\/#primaryimage\"},\"image\":{\"@id\":\"https:\/\/blogs.donboscovolunteers.de\/wundertuetebenin\/2022\/09\/03\/ich-packe-in-meinen-koffer\/#primaryimage\"},\"thumbnailUrl\":\"https:\/\/blogs.donboscovolunteers.de\/wundertuetebenin\/wp-content\/uploads\/sites\/21659\/2022\/08\/IMG_3180.jpeg\",\"datePublished\":\"2022-09-03T10:55:54+00:00\",\"dateModified\":\"2022-09-18T13:48:28+00:00\",\"author\":{\"@id\":\"https:\/\/blogs.donboscovolunteers.de\/wundertuetebenin\/#\/schema\/person\/0d0656a0b6c9404ca0f3e4351806b29f\"},\"description\":\"Mittlerweile stapelt sich also so einiges in meinem Zimmer: 8,5 Kilo Kleber, 10 Kilo Tonpapier, 6 Wassermalk\u00e4sten, Wachsmalkreiden, Filzstifte, Stra\u00dfenmalkreiden, 20 Wollkn\u00e4uel, Origamipapier, Pappteller zum Masken basteln, Luftballons, Frisbees, Unokarten, Memory und noch einiges mehr! Mal sehen, was der Zoll am Flughafen dazu sagt...\",\"breadcrumb\":{\"@id\":\"https:\/\/blogs.donboscovolunteers.de\/wundertuetebenin\/2022\/09\/03\/ich-packe-in-meinen-koffer\/#breadcrumb\"},\"inLanguage\":\"de\",\"potentialAction\":[{\"@type\":\"ReadAction\",\"target\":[\"https:\/\/blogs.donboscovolunteers.de\/wundertuetebenin\/2022\/09\/03\/ich-packe-in-meinen-koffer\/\"]}]},{\"@type\":\"ImageObject\",\"inLanguage\":\"de\",\"@id\":\"https:\/\/blogs.donboscovolunteers.de\/wundertuetebenin\/2022\/09\/03\/ich-packe-in-meinen-koffer\/#primaryimage\",\"url\":\"https:\/\/blogs.donboscovolunteers.de\/wundertuetebenin\/wp-content\/uploads\/sites\/21659\/2022\/08\/IMG_3180.jpeg\",\"contentUrl\":\"https:\/\/blogs.donboscovolunteers.de\/wundertuetebenin\/wp-content\/uploads\/sites\/21659\/2022\/08\/IMG_3180.jpeg\",\"width\":1280,\"height\":792},{\"@type\":\"BreadcrumbList\",\"@id\":\"https:\/\/blogs.donboscovolunteers.de\/wundertuetebenin\/2022\/09\/03\/ich-packe-in-meinen-koffer\/#breadcrumb\",\"itemListElement\":[{\"@type\":\"ListItem\",\"position\":1,\"name\":\"Startseite\",\"item\":\"https:\/\/blogs.donboscovolunteers.de\/wundertuetebenin\/\"},{\"@type\":\"ListItem\",\"position\":2,\"name\":\"Ich packe in meinen Koffer&#8230;\"}]},{\"@type\":\"WebSite\",\"@id\":\"https:\/\/blogs.donboscovolunteers.de\/wundertuetebenin\/#website\",\"url\":\"https:\/\/blogs.donboscovolunteers.de\/wundertuetebenin\/\",\"name\":\"Wundert\u00fcte Benin\",\"description\":\"Milena in Westafrika\",\"potentialAction\":[{\"@type\":\"SearchAction\",\"target\":{\"@type\":\"EntryPoint\",\"urlTemplate\":\"https:\/\/blogs.donboscovolunteers.de\/wundertuetebenin\/?s={search_term_string}\"},\"query-input\":{\"@type\":\"PropertyValueSpecification\",\"valueRequired\":true,\"valueName\":\"search_term_string\"}}],\"inLanguage\":\"de\"},{\"@type\":\"Person\",\"@id\":\"https:\/\/blogs.donboscovolunteers.de\/wundertuetebenin\/#\/schema\/person\/0d0656a0b6c9404ca0f3e4351806b29f\",\"name\":\"Milena Ott\",\"image\":{\"@type\":\"ImageObject\",\"inLanguage\":\"de\",\"@id\":\"https:\/\/blogs.donboscovolunteers.de\/wundertuetebenin\/#\/schema\/person\/image\/\",\"url\":\"https:\/\/secure.gravatar.com\/avatar\/e33bbb6682525062600dfe4ce222d246cf535a2fabd4431a12561c8d9ff57d87?s=96&d=mm&r=g\",\"contentUrl\":\"https:\/\/secure.gravatar.com\/avatar\/e33bbb6682525062600dfe4ce222d246cf535a2fabd4431a12561c8d9ff57d87?s=96&d=mm&r=g\",\"caption\":\"Milena Ott\"},\"url\":\"https:\/\/blogs.donboscovolunteers.de\/wundertuetebenin\/author\/milena\/\"}]}<\/script>\n<!-- \/ Yoast SEO plugin. -->","yoast_head_json":{"title":"Ich packe in meinen Koffer... - Wundert\u00fcte Benin","description":"Mittlerweile stapelt sich also so einiges in meinem Zimmer: 8,5 Kilo Kleber, 10 Kilo Tonpapier, 6 Wassermalk\u00e4sten, Wachsmalkreiden, Filzstifte, Stra\u00dfenmalkreiden, 20 Wollkn\u00e4uel, Origamipapier, Pappteller zum Masken basteln, Luftballons, Frisbees, Unokarten, Memory und noch einiges mehr! Mal sehen, was der Zoll am Flughafen dazu sagt...","robots":{"index":"index","follow":"follow","max-snippet":"max-snippet:-1","max-image-preview":"max-image-preview:large","max-video-preview":"max-video-preview:-1"},"canonical":"https:\/\/blogs.donboscovolunteers.de\/wundertuetebenin\/2022\/09\/03\/ich-packe-in-meinen-koffer\/","og_locale":"de_DE","og_type":"article","og_title":"Ich packe in meinen Koffer... - Wundert\u00fcte Benin","og_description":"Mittlerweile stapelt sich also so einiges in meinem Zimmer: 8,5 Kilo Kleber, 10 Kilo Tonpapier, 6 Wassermalk\u00e4sten, Wachsmalkreiden, Filzstifte, Stra\u00dfenmalkreiden, 20 Wollkn\u00e4uel, Origamipapier, Pappteller zum Masken basteln, Luftballons, Frisbees, Unokarten, Memory und noch einiges mehr! Mal sehen, was der Zoll am Flughafen dazu sagt...","og_url":"https:\/\/blogs.donboscovolunteers.de\/wundertuetebenin\/2022\/09\/03\/ich-packe-in-meinen-koffer\/","og_site_name":"Wundert\u00fcte Benin","article_published_time":"2022-09-03T10:55:54+00:00","article_modified_time":"2022-09-18T13:48:28+00:00","og_image":[{"width":1280,"height":792,"url":"https:\/\/blogs.donboscovolunteers.de\/wundertuetebenin\/wp-content\/uploads\/sites\/21659\/2022\/08\/IMG_3180.jpeg","type":"image\/jpeg"}],"author":"Milena Ott","twitter_card":"summary_large_image","twitter_misc":{"Verfasst von":"Milena Ott","Gesch\u00e4tzte Lesezeit":"4\u00a0Minuten"},"schema":{"@context":"https:\/\/schema.org","@graph":[{"@type":"WebPage","@id":"https:\/\/blogs.donboscovolunteers.de\/wundertuetebenin\/2022\/09\/03\/ich-packe-in-meinen-koffer\/","url":"https:\/\/blogs.donboscovolunteers.de\/wundertuetebenin\/2022\/09\/03\/ich-packe-in-meinen-koffer\/","name":"Ich packe in meinen Koffer... - Wundert\u00fcte Benin","isPartOf":{"@id":"https:\/\/blogs.donboscovolunteers.de\/wundertuetebenin\/#website"},"primaryImageOfPage":{"@id":"https:\/\/blogs.donboscovolunteers.de\/wundertuetebenin\/2022\/09\/03\/ich-packe-in-meinen-koffer\/#primaryimage"},"image":{"@id":"https:\/\/blogs.donboscovolunteers.de\/wundertuetebenin\/2022\/09\/03\/ich-packe-in-meinen-koffer\/#primaryimage"},"thumbnailUrl":"https:\/\/blogs.donboscovolunteers.de\/wundertuetebenin\/wp-content\/uploads\/sites\/21659\/2022\/08\/IMG_3180.jpeg","datePublished":"2022-09-03T10:55:54+00:00","dateModified":"2022-09-18T13:48:28+00:00","author":{"@id":"https:\/\/blogs.donboscovolunteers.de\/wundertuetebenin\/#\/schema\/person\/0d0656a0b6c9404ca0f3e4351806b29f"},"description":"Mittlerweile stapelt sich also so einiges in meinem Zimmer: 8,5 Kilo Kleber, 10 Kilo Tonpapier, 6 Wassermalk\u00e4sten, Wachsmalkreiden, Filzstifte, Stra\u00dfenmalkreiden, 20 Wollkn\u00e4uel, Origamipapier, Pappteller zum Masken basteln, Luftballons, Frisbees, Unokarten, Memory und noch einiges mehr! Mal sehen, was der Zoll am Flughafen dazu sagt...","breadcrumb":{"@id":"https:\/\/blogs.donboscovolunteers.de\/wundertuetebenin\/2022\/09\/03\/ich-packe-in-meinen-koffer\/#breadcrumb"},"inLanguage":"de","potentialAction":[{"@type":"ReadAction","target":["https:\/\/blogs.donboscovolunteers.de\/wundertuetebenin\/2022\/09\/03\/ich-packe-in-meinen-koffer\/"]}]},{"@type":"ImageObject","inLanguage":"de","@id":"https:\/\/blogs.donboscovolunteers.de\/wundertuetebenin\/2022\/09\/03\/ich-packe-in-meinen-koffer\/#primaryimage","url":"https:\/\/blogs.donboscovolunteers.de\/wundertuetebenin\/wp-content\/uploads\/sites\/21659\/2022\/08\/IMG_3180.jpeg","contentUrl":"https:\/\/blogs.donboscovolunteers.de\/wundertuetebenin\/wp-content\/uploads\/sites\/21659\/2022\/08\/IMG_3180.jpeg","width":1280,"height":792},{"@type":"BreadcrumbList","@id":"https:\/\/blogs.donboscovolunteers.de\/wundertuetebenin\/2022\/09\/03\/ich-packe-in-meinen-koffer\/#breadcrumb","itemListElement":[{"@type":"ListItem","position":1,"name":"Startseite","item":"https:\/\/blogs.donboscovolunteers.de\/wundertuetebenin\/"},{"@type":"ListItem","position":2,"name":"Ich packe in meinen Koffer&#8230;"}]},{"@type":"WebSite","@id":"https:\/\/blogs.donboscovolunteers.de\/wundertuetebenin\/#website","url":"https:\/\/blogs.donboscovolunteers.de\/wundertuetebenin\/","name":"Wundert\u00fcte Benin","description":"Milena in Westafrika","potentialAction":[{"@type":"SearchAction","target":{"@type":"EntryPoint","urlTemplate":"https:\/\/blogs.donboscovolunteers.de\/wundertuetebenin\/?s={search_term_string}"},"query-input":{"@type":"PropertyValueSpecification","valueRequired":true,"valueName":"search_term_string"}}],"inLanguage":"de"},{"@type":"Person","@id":"https:\/\/blogs.donboscovolunteers.de\/wundertuetebenin\/#\/schema\/person\/0d0656a0b6c9404ca0f3e4351806b29f","name":"Milena Ott","image":{"@type":"ImageObject","inLanguage":"de","@id":"https:\/\/blogs.donboscovolunteers.de\/wundertuetebenin\/#\/schema\/person\/image\/","url":"https:\/\/secure.gravatar.com\/avatar\/e33bbb6682525062600dfe4ce222d246cf535a2fabd4431a12561c8d9ff57d87?s=96&d=mm&r=g","contentUrl":"https:\/\/secure.gravatar.com\/avatar\/e33bbb6682525062600dfe4ce222d246cf535a2fabd4431a12561c8d9ff57d87?s=96&d=mm&r=g","caption":"Milena Ott"},"url":"https:\/\/blogs.donboscovolunteers.de\/wundertuetebenin\/author\/milena\/"}]}},"_links":{"self":[{"href":"https:\/\/blogs.donboscovolunteers.de\/wundertuetebenin\/wp-json\/wp\/v2\/posts\/40","targetHints":{"allow":["GET"]}}],"collection":[{"href":"https:\/\/blogs.donboscovolunteers.de\/wundertuetebenin\/wp-json\/wp\/v2\/posts"}],"about":[{"href":"https:\/\/blogs.donboscovolunteers.de\/wundertuetebenin\/wp-json\/wp\/v2\/types\/post"}],"author":[{"embeddable":true,"href":"https:\/\/blogs.donboscovolunteers.de\/wundertuetebenin\/wp-json\/wp\/v2\/users\/21749"}],"replies":[{"embeddable":true,"href":"https:\/\/blogs.donboscovolunteers.de\/wundertuetebenin\/wp-json\/wp\/v2\/comments?post=40"}],"version-history":[{"count":30,"href":"https:\/\/blogs.donboscovolunteers.de\/wundertuetebenin\/wp-json\/wp\/v2\/posts\/40\/revisions"}],"predecessor-version":[{"id":167,"href":"https:\/\/blogs.donboscovolunteers.de\/wundertuetebenin\/wp-json\/wp\/v2\/posts\/40\/revisions\/167"}],"wp:featuredmedia":[{"embeddable":true,"href":"https:\/\/blogs.donboscovolunteers.de\/wundertuetebenin\/wp-json\/wp\/v2\/media\/88"}],"wp:attachment":[{"href":"https:\/\/blogs.donboscovolunteers.de\/wundertuetebenin\/wp-json\/wp\/v2\/media?parent=40"}],"wp:term":[{"taxonomy":"category","embeddable":true,"href":"https:\/\/blogs.donboscovolunteers.de\/wundertuetebenin\/wp-json\/wp\/v2\/categories?post=40"},{"taxonomy":"post_tag","embeddable":true,"href":"https:\/\/blogs.donboscovolunteers.de\/wundertuetebenin\/wp-json\/wp\/v2\/tags?post=40"}],"curies":[{"name":"wp","href":"https:\/\/api.w.org\/{rel}","templated":true}]}}