{"id":301,"date":"2022-12-21T22:02:21","date_gmt":"2022-12-21T21:02:21","guid":{"rendered":"https:\/\/blogs.donboscovolunteers.de\/wundertuetebenin\/?p=301"},"modified":"2022-12-26T20:01:22","modified_gmt":"2022-12-26T19:01:22","slug":"kunterbunter-alltagswahnsinn","status":"publish","type":"post","link":"https:\/\/blogs.donboscovolunteers.de\/wundertuetebenin\/2022\/12\/21\/kunterbunter-alltagswahnsinn\/","title":{"rendered":"Kunterbunter Alltagswahnsinn"},"content":{"rendered":"<p><strong>TSCH, TSCH, TSCH &#8211; erster Wecker!<\/strong> Leider nicht der, den Mia und ich uns am Abend zuvor auf 6:30 Uhr gestellt haben, sondern der, den wir um 5:30 Uhr nicht ausschalten k\u00f6nnen. Schon fr\u00fch morgens, wenn es noch dunkel ist, fegen die Foyerm\u00e4dchen mit kleinen Handbesen aus Palmbl\u00e4ttern das Schwesterngel\u00e4nde und summen dabei leise vor sich hin. Weil alles offen ist, h\u00f6rt man das bis zu uns ins Zimmer. Ich drehe mich noch einmal um, schlafen kann ich aber nicht mehr\u2026&nbsp;<\/p>\n\n\n\n<p><strong>MEOOO, MEOOO!<\/strong> Es ist 7 Uhr und die Sirene k\u00fcndigt den Schulbeginn im Coll\u00e8ge der Kommunit\u00e4t an. F\u00fcr Mia und mich bedeutet das: Allerh\u00f6chste Eisenbahn,&nbsp; r\u00fcber ins Schwesternhaus zu schlappen und zu fr\u00fchst\u00fccken. Wie so oft sind wir etwas knapp dran und schmieren uns nur ein St\u00fcck Baguette (oder wie wir es nennen: Luftbrot) f\u00fcr die Fahrt.&nbsp;<\/p>\n\n\n\n<p>Dann hei\u00dft es auch schon: Alle einsteigen, ein kurzes Gebet f\u00fcr die sichere Fahrt und ab geht die Post! Schwungvoll steuert die kolumbianische Schwester den klapprigen Bus in das morgendliche Verkehrschaos und tr\u00e4gt ordentlich zum dr\u00f6hnenden Hupkonzert bei. Mit an Bord sind zwei M\u00e4dchen aus dem Foyer, die ihre Ausbildung im Maison de l\u2019Esp\u00e9rance machen, die nigerianische Pr\u00e4aspirantin Marthe*, die wir auf dem Weg in einer Schule absetzen, wo sie Franz\u00f6sisich lernt und eine Tata aus dem Maison de l\u2019Esp\u00e9rance.&nbsp;<\/p>\n\n\n\n<p>Angekommen im Viertel Hinde trennen sich Mias und meine Wege. F\u00fcr Mia geht es zu den Jugendlichen ins Maison de l\u2019Esp\u00e9rance &#8211; das Ausbildungszentrum. Ich \u00f6ffne nebenan die quietschende T\u00fcr zum Maison du Soleil. Der kleine Elias* entdeckt mich als Erster, ruft \u201eTata, Tata\u201c und keine zehn Sekunden sp\u00e4ter &nbsp;klammern sich mindestens f\u00fcnf Kleinkinder an meine Beine. Auch Mama Estelle*, die schon auf dem Sprung ins Ausbildungszentrum ist, l\u00e4uft freudig auf mich zu, umarmt mich und dr\u00fcckt mir ihren 11 Monate alten Sohn Emil* auf den Arm.&nbsp;<\/p>\n\n\n\n<p>Die n\u00e4chsten zwei Stunden verbringe ich mit Windeln wechseln, f\u00fcttern, singen, Hoppe-Hoppe-Reiter, tr\u00f6sten und in den Schlaf wiegen.<\/p>\n\n\n\n<p><strong>10 Uhr &#8211; Pause im Ausbildungszentrum!<\/strong> F\u00fcr die Mamas nicht so wirklich &#8211; auf sie warten ihre hungrigen Kinder, die gestillt werden m\u00f6chten. Sind alle B\u00e4uchlein gef\u00fcllt, kehrt ein bisschen Ruhe ein, denn die meisten Kinder halten ein seeliges Vormittagsschl\u00e4fchen. Einige Kinder finden schlafen langweilig und wollen lieber mit \u201ep\u00e2te \u00e0 modeler\u201c spielen. Seitdem ich ein Mal Knete ins Maison du Soleil mitgebracht habe, wollen die Kids nichts anderes mehr machen und fragen jeden Tag danach. Na gut, dann kneten wir halt zur Abwechslung mal wieder! Spannend, dass Kinder egal, was man ihnen zeigt, immer das machen, was ihnen selbst bekannt ist: Alain* macht ganz stolz \u201etoffee\u201c &#8211; beninisches Karamell!&nbsp;<\/p>\n\n\n\n<figure class=\"wp-block-gallery has-nested-images columns-default is-cropped wp-block-gallery-1 is-layout-flex wp-block-gallery-is-layout-flex\">\n<figure class=\"wp-block-image size-large\"><img loading=\"lazy\" decoding=\"async\" width=\"1024\" height=\"684\" data-id=\"311\" src=\"https:\/\/blogs.donboscovolunteers.de\/wundertuetebenin\/wp-content\/uploads\/sites\/21659\/2022\/12\/DSC02462-1024x684.jpg\" alt=\"\" class=\"wp-image-311\" srcset=\"https:\/\/blogs.donboscovolunteers.de\/wundertuetebenin\/wp-content\/uploads\/sites\/21659\/2022\/12\/DSC02462-1024x684.jpg 1024w, https:\/\/blogs.donboscovolunteers.de\/wundertuetebenin\/wp-content\/uploads\/sites\/21659\/2022\/12\/DSC02462-300x200.jpg 300w, https:\/\/blogs.donboscovolunteers.de\/wundertuetebenin\/wp-content\/uploads\/sites\/21659\/2022\/12\/DSC02462-768x513.jpg 768w, https:\/\/blogs.donboscovolunteers.de\/wundertuetebenin\/wp-content\/uploads\/sites\/21659\/2022\/12\/DSC02462-1200x802.jpg 1200w, https:\/\/blogs.donboscovolunteers.de\/wundertuetebenin\/wp-content\/uploads\/sites\/21659\/2022\/12\/DSC02462.jpg 1280w\" sizes=\"auto, (max-width: 1024px) 100vw, 1024px\" \/><\/figure>\n\n\n\n<figure class=\"wp-block-image size-large\"><img loading=\"lazy\" decoding=\"async\" width=\"1024\" height=\"684\" data-id=\"305\" src=\"https:\/\/blogs.donboscovolunteers.de\/wundertuetebenin\/wp-content\/uploads\/sites\/21659\/2022\/12\/DSC02578-1024x684.jpg\" alt=\"\" class=\"wp-image-305\" srcset=\"https:\/\/blogs.donboscovolunteers.de\/wundertuetebenin\/wp-content\/uploads\/sites\/21659\/2022\/12\/DSC02578-1024x684.jpg 1024w, https:\/\/blogs.donboscovolunteers.de\/wundertuetebenin\/wp-content\/uploads\/sites\/21659\/2022\/12\/DSC02578-300x200.jpg 300w, https:\/\/blogs.donboscovolunteers.de\/wundertuetebenin\/wp-content\/uploads\/sites\/21659\/2022\/12\/DSC02578-768x513.jpg 768w, https:\/\/blogs.donboscovolunteers.de\/wundertuetebenin\/wp-content\/uploads\/sites\/21659\/2022\/12\/DSC02578-1200x802.jpg 1200w, https:\/\/blogs.donboscovolunteers.de\/wundertuetebenin\/wp-content\/uploads\/sites\/21659\/2022\/12\/DSC02578.jpg 1280w\" sizes=\"auto, (max-width: 1024px) 100vw, 1024px\" \/><\/figure>\n<\/figure>\n\n\n\n<p><\/p>\n\n\n\n<p>Merveille* ist bereits seit ein paar Monaten fertig mit ihrer Ausbildung. Heute m\u00f6chte sie petits cailloux (kleine beninische Kekse) zubereiten und sie nebenan im Maison de l\u2019Esp\u00e9rance in der Mittagspause verkaufen, damit sie ein wenig Geld verdient. Weil die jungen M\u00fctter und ihre Kinder rechtlich gesch\u00fctzt sind und deshalb das Grundst\u00fcck des Wohnheims nicht ohne Begleitung verlassen d\u00fcrfen, werde ich gebeten, sie beim Kaufen der Zutaten auf den Markt zu begleiten. Wer dabei auf wen aufpasst l\u00e4sst sich in Frage stellen, f\u00fcr mich ist es aber eine willkommene Gelegenheit, zumindest eine halbe Stunde kein Kletterger\u00fcst mehr zu sein.\u00a0<\/p>\n\n\n\n<p><strong>12:30 Uhr &#8211; Mittagspause! <\/strong>Unter vielen Luftk\u00fcssen verabschiede ich mich von den Sonnenkindern und gehe nebenan ins Maison de l\u2019Esp\u00e9rance. Dort sind die letzten Vorbereitungen f\u00fcr das Kantine-Mittagessen im Gange. \u00dcber einem Kohleherd thront ein riesiger Topf randvoll mit P\u00e2te &#8211; der Leibspeise der meisten Beniner*innen. Lange habe ich \u00fcberlegt, wie ich P\u00e2te am besten beschreibe und bin gemeinsam mit Mia zu dem Entschluss gekommen, dass man zumindest die Konsistenz als eine Mischung aus Pudding und Grie\u00dfbrei beschreiben kann. Geschmacklich kommt es ganz darauf an, aus was die P\u00e2te hergestellt wurde &#8211; zur Auswahl stehen Mais, Maniok und Yams. Einen ordentlichen Schwung Chilli dazu &#8211; fertig!<\/p>\n\n\n\n<p>Heute ist Dienstag, also esse ich recht z\u00fcgig, quatsche noch kurz mit Mia \u00fcber den Vormittag, packe meine Sachen und mache mich auf den Weg zur Baraque SOS. Auf sandiger Stra\u00dfe ein Mal rechts und dann geradeaus ins Marktget\u00fcmmel von Dantokpa. Den Spaziergang \u00fcber den Markt liebe ich! W\u00e4hrend ich am Anfang immer brav dem Weg gefolgt bin, der mir von Fofo (so werden M\u00e4nner hier h\u00f6flich angesprochen) Serge* &#8211; einem Mitarbeiter der Baraque &#8211; gezeigt wurde, ist mein Orientierungssinn auch in diesem gesch\u00e4ftigen Treiben mittlerweile so weit ausgereift, dass ich immer neue Wege einschlage. Zur Not Richtung Kanal &#8211; von da aus kenne ich den Weg sicher! Jedes Mal aufs Neue bin ich beeindruckt von diesem riesigen Warendschungel und versuche, all das bunte Gewusel, all die Ger\u00fcche und Ger\u00e4usche wahrzunehmen und tief in mich einzusaugen. Hier gibt es nichts, was es nicht gibt! Berge an Orangen, T\u00fcrme an Bohnen, Stapel an Plastikbeh\u00e4ltnissen, Haufen an Fischen, Reihen an Voodoo-Fetischen &#8211; kurz: alles, was das Herz begehrt!<\/p>\n\n\n\n<figure class=\"wp-block-gallery has-nested-images columns-default is-cropped wp-block-gallery-2 is-layout-flex wp-block-gallery-is-layout-flex\">\n<figure class=\"wp-block-image size-large\"><img loading=\"lazy\" decoding=\"async\" width=\"1024\" height=\"684\" data-id=\"347\" src=\"https:\/\/blogs.donboscovolunteers.de\/wundertuetebenin\/wp-content\/uploads\/sites\/21659\/2022\/12\/DSC02686-1024x684.jpg\" alt=\"\" class=\"wp-image-347\" srcset=\"https:\/\/blogs.donboscovolunteers.de\/wundertuetebenin\/wp-content\/uploads\/sites\/21659\/2022\/12\/DSC02686-1024x684.jpg 1024w, https:\/\/blogs.donboscovolunteers.de\/wundertuetebenin\/wp-content\/uploads\/sites\/21659\/2022\/12\/DSC02686-300x200.jpg 300w, https:\/\/blogs.donboscovolunteers.de\/wundertuetebenin\/wp-content\/uploads\/sites\/21659\/2022\/12\/DSC02686-768x513.jpg 768w, https:\/\/blogs.donboscovolunteers.de\/wundertuetebenin\/wp-content\/uploads\/sites\/21659\/2022\/12\/DSC02686-1200x802.jpg 1200w, https:\/\/blogs.donboscovolunteers.de\/wundertuetebenin\/wp-content\/uploads\/sites\/21659\/2022\/12\/DSC02686.jpg 1280w\" sizes=\"auto, (max-width: 1024px) 100vw, 1024px\" \/><\/figure>\n\n\n\n<figure class=\"wp-block-image size-large\"><img loading=\"lazy\" decoding=\"async\" width=\"1024\" height=\"684\" data-id=\"348\" src=\"https:\/\/blogs.donboscovolunteers.de\/wundertuetebenin\/wp-content\/uploads\/sites\/21659\/2022\/12\/DSC02702-1024x684.jpg\" alt=\"\" class=\"wp-image-348\" srcset=\"https:\/\/blogs.donboscovolunteers.de\/wundertuetebenin\/wp-content\/uploads\/sites\/21659\/2022\/12\/DSC02702-1024x684.jpg 1024w, https:\/\/blogs.donboscovolunteers.de\/wundertuetebenin\/wp-content\/uploads\/sites\/21659\/2022\/12\/DSC02702-300x200.jpg 300w, https:\/\/blogs.donboscovolunteers.de\/wundertuetebenin\/wp-content\/uploads\/sites\/21659\/2022\/12\/DSC02702-768x513.jpg 768w, https:\/\/blogs.donboscovolunteers.de\/wundertuetebenin\/wp-content\/uploads\/sites\/21659\/2022\/12\/DSC02702-1200x802.jpg 1200w, https:\/\/blogs.donboscovolunteers.de\/wundertuetebenin\/wp-content\/uploads\/sites\/21659\/2022\/12\/DSC02702.jpg 1280w\" sizes=\"auto, (max-width: 1024px) 100vw, 1024px\" \/><\/figure>\n<\/figure>\n\n\n\n<p>Unter die \u00fcblichen \u201eYovo-Yovo-Bonsoir-\u00e7a-va-bien-merci-Ges\u00e4nge\u201c und die \u201eYovo-schau-meine-Ware-an-Rufe\u201c mischt sich inzwischen oft ein aufgeregtes \u201eTata Milena, Bonsoir!\u201c. Ich schaue mich suchend um. Ah, die da vorne kenne ich doch! Obwohl ich sie nur von hinten sehe, bin ich mir sicher: Es ist Nadja*. Auf ihrem Kopf balanciert sie wie immer Kr\u00e4uterb\u00fcschel und auch ihre kleine Kleidungsauswahl kenne ich mittlerweile. Ist das nicht verr\u00fcckt? Ich laufe durch das Gassengewirr des gr\u00f6\u00dften Markts Westafrikas, sehe oft vor lauter Verkaufstrubel meine eigenen F\u00fc\u00dfe nicht, aber erkenne bekannte Kindergesichter!? \u201eEst-ce que tu vas \u00e0 la Baraque? &#8211; Gehst du in die Baraque?\u201c, frage ich sie. Das verstehen selbst die M\u00e4dchen, die kein Franz\u00f6sisch sprechen. Nadja* nickt und wir bahnen uns gemeinsam unseren Weg in Richtung Baraque.<\/p>\n\n\n<div class=\"wp-block-image\">\n<figure class=\"aligncenter size-large is-resized\"><img loading=\"lazy\" decoding=\"async\" src=\"https:\/\/blogs.donboscovolunteers.de\/wundertuetebenin\/wp-content\/uploads\/sites\/21659\/2022\/12\/IMG_7042-1-768x1024.jpg\" alt=\"\" class=\"wp-image-319\" width=\"351\" height=\"468\" srcset=\"https:\/\/blogs.donboscovolunteers.de\/wundertuetebenin\/wp-content\/uploads\/sites\/21659\/2022\/12\/IMG_7042-1-768x1024.jpg 768w, https:\/\/blogs.donboscovolunteers.de\/wundertuetebenin\/wp-content\/uploads\/sites\/21659\/2022\/12\/IMG_7042-1-225x300.jpg 225w, https:\/\/blogs.donboscovolunteers.de\/wundertuetebenin\/wp-content\/uploads\/sites\/21659\/2022\/12\/IMG_7042-1.jpg 960w\" sizes=\"auto, (max-width: 351px) 100vw, 351px\" \/><\/figure>\n<\/div>\n\n\n<p><\/p>\n\n\n\n<p>Freudig begr\u00fc\u00dft man mich mit einer Umarmung, springt an mir hoch oder klatscht mit dem \u00fcblichen l\u00e4ssigen \u201eBaraque-Handschlag\u201c ein. Dann schnell alle auf ihre Pl\u00e4tze! Fofo Serge* startet mit dem Alphabetisierungskurs, ich helfe wo ich kann. Alicia* fordert mich zu einem \u201eWer-kann-schneller-das-ABC-schreiben-Wettbewerb\u201c heraus. Mir f\u00e4llt ganz pl\u00f6tzlich nicht mehr ein, wie man den Buchstaben \u201eW\u201c schreibt, als ich merke, dass sie einige Buchstaben langsamer ist. So ein Mist, jetzt hat die Kleine mich besiegt! Ich verspreche ihr, Zuhause das Alphabet zu \u00fcben, damit ich beim n\u00e4chsten Mal genauso gut bin wie sie.&nbsp;<\/p>\n\n\n<div class=\"wp-block-image\">\n<figure class=\"aligncenter size-large is-resized\"><img loading=\"lazy\" decoding=\"async\" src=\"https:\/\/blogs.donboscovolunteers.de\/wundertuetebenin\/wp-content\/uploads\/sites\/21659\/2022\/12\/DSC03227-1024x819.jpg\" alt=\"\" class=\"wp-image-320\" width=\"522\" height=\"417\" srcset=\"https:\/\/blogs.donboscovolunteers.de\/wundertuetebenin\/wp-content\/uploads\/sites\/21659\/2022\/12\/DSC03227-1024x819.jpg 1024w, https:\/\/blogs.donboscovolunteers.de\/wundertuetebenin\/wp-content\/uploads\/sites\/21659\/2022\/12\/DSC03227-300x240.jpg 300w, https:\/\/blogs.donboscovolunteers.de\/wundertuetebenin\/wp-content\/uploads\/sites\/21659\/2022\/12\/DSC03227-768x614.jpg 768w, https:\/\/blogs.donboscovolunteers.de\/wundertuetebenin\/wp-content\/uploads\/sites\/21659\/2022\/12\/DSC03227.jpg 1079w\" sizes=\"auto, (max-width: 522px) 100vw, 522px\" \/><\/figure>\n<\/div>\n\n\n<p><\/p>\n\n\n\n<p>Danach setzen die Marktm\u00e4dels sich im Halbkreis hinter die Tische im Raum nebenan und wollen wissen, was Tata Milena heute f\u00fcr eine Idee mitgebracht hat. \u201eWir machen Papierflieger!\u201c &#8211; \u201eWas ist denn das?\u201c &#8211; \u201eIch zeige es euch!\u201c Schritt f\u00fcr Schritt falte ich vor, Schritt f\u00fcr Schritt falten die M\u00e4dchen nach. Keine so leichte Aufgabe, aber alle gemeinsam schaffen wir das! Im Anschluss bemalen wir die Flieger mit bunten Farben und diejenigen, die es k\u00f6nnen, schreiben stolz ihren Namen darauf. Es w\u00e4re gelogen, zu behaupten, dass all das geregelt und harmonisch abl\u00e4uft. Elia* muss einen neuen Papierflieger falten, weil Rebecca* ihren zerissen hat. S\u00e8na* und Agathe* springen pl\u00f6tzlich auf und pr\u00fcgeln sich, weil die eine der anderen 50 Francs (keine 8 Cent) weggenommen hat. Rosine* und Marcelline* zanken sich um einen Stift. Doch was z\u00e4hlt: Am Ende stehen circa 30 lebensfrohe Papierflieger-Pilotinnen vor der der Baraque und lassen ihre Kunstwerke durch die L\u00fcfte sausen. \u201eBye, bye petit avion &#8211; Bye, bye kleines Flugzeug!\u201c, jubeln sie und springen barfu\u00df ihren Papierfliegern hinterher. Nicht nur die M\u00e4dels sind begeistert von den Flugk\u00fcnsten ihrer Flieger, auch ein kleiner Junge, der gerade einen Reifenmantel von der Felge hebt, einige Verk\u00e4uferinnen und einzelne \u201eKarrenzieher\u201c halten inne, beobachten das Spiel und lachen. Ich setze mich auf die Stufen der Baraque, l\u00e4chle in mich hinein und freue mich, mit welch simplen Dingen man die taffen M\u00e4dchen zum strahlen bringen kann.<\/p>\n\n\n<div class=\"wp-block-image\">\n<figure class=\"aligncenter size-large is-resized\"><img loading=\"lazy\" decoding=\"async\" src=\"https:\/\/blogs.donboscovolunteers.de\/wundertuetebenin\/wp-content\/uploads\/sites\/21659\/2022\/12\/IMG_9355-1024x685.jpg\" alt=\"\" class=\"wp-image-315\" width=\"518\" height=\"346\" srcset=\"https:\/\/blogs.donboscovolunteers.de\/wundertuetebenin\/wp-content\/uploads\/sites\/21659\/2022\/12\/IMG_9355-1024x685.jpg 1024w, https:\/\/blogs.donboscovolunteers.de\/wundertuetebenin\/wp-content\/uploads\/sites\/21659\/2022\/12\/IMG_9355-300x201.jpg 300w, https:\/\/blogs.donboscovolunteers.de\/wundertuetebenin\/wp-content\/uploads\/sites\/21659\/2022\/12\/IMG_9355-768x514.jpg 768w, https:\/\/blogs.donboscovolunteers.de\/wundertuetebenin\/wp-content\/uploads\/sites\/21659\/2022\/12\/IMG_9355-1200x803.jpg 1200w, https:\/\/blogs.donboscovolunteers.de\/wundertuetebenin\/wp-content\/uploads\/sites\/21659\/2022\/12\/IMG_9355.jpg 1280w\" sizes=\"auto, (max-width: 518px) 100vw, 518px\" \/><\/figure>\n<\/div>\n\n\n<p><\/p>\n\n\n\n<p>Die restliche Zeit verbringen wir mit hitzigen UNO-Partien, bei denen mir die Regeln vom Himmel zu fallen scheinen und spannenden Awal\u00e9-Duellen, von denen ich mit Stolz sagen kann, dass ich mittlerweile gegen die ein oder andere Beninerin gewinne!&nbsp;<\/p>\n\n\n<div class=\"wp-block-image\">\n<figure class=\"aligncenter size-large is-resized\"><img loading=\"lazy\" decoding=\"async\" src=\"https:\/\/blogs.donboscovolunteers.de\/wundertuetebenin\/wp-content\/uploads\/sites\/21659\/2022\/12\/DSC04476-1024x684.jpg\" alt=\"\" class=\"wp-image-316\" width=\"531\" height=\"354\" srcset=\"https:\/\/blogs.donboscovolunteers.de\/wundertuetebenin\/wp-content\/uploads\/sites\/21659\/2022\/12\/DSC04476-1024x684.jpg 1024w, https:\/\/blogs.donboscovolunteers.de\/wundertuetebenin\/wp-content\/uploads\/sites\/21659\/2022\/12\/DSC04476-300x200.jpg 300w, https:\/\/blogs.donboscovolunteers.de\/wundertuetebenin\/wp-content\/uploads\/sites\/21659\/2022\/12\/DSC04476-768x513.jpg 768w, https:\/\/blogs.donboscovolunteers.de\/wundertuetebenin\/wp-content\/uploads\/sites\/21659\/2022\/12\/DSC04476-1200x802.jpg 1200w, https:\/\/blogs.donboscovolunteers.de\/wundertuetebenin\/wp-content\/uploads\/sites\/21659\/2022\/12\/DSC04476.jpg 1280w\" sizes=\"auto, (max-width: 531px) 100vw, 531px\" \/><\/figure>\n<\/div>\n\n\n<p><\/p>\n\n\n\n<p><strong>17 Uhr &#8211; Schicht im Schacht!<\/strong> Die M\u00e4dels bilden vor der Baraque eine Traube. Einige setzen ihre Klatschspiele fort, andere sitzen auf dem Boden und sortieren ihre Ware, bevor wir die kiloschweren K\u00f6rbe gemeinsam auf die K\u00f6pfe hieven, damit sie in die letzte Verkaufsrunde des Tages starten k\u00f6nnen. Jedes Mal wieder bin ich w\u00fctend \u00fcber dieses unglaubliche Gewicht!\u00a0Dann lassen wir Ruhe einkehren in die zwei sp\u00e4rlichen R\u00e4ume des Containers, schlie\u00dfen die T\u00fcren und Fenster, wirbeln den Dreck und den M\u00fcll, der sich \u00fcber den Tag angesammelt hat, mit unseren Besen auf und genie\u00dfen den kurzen Moment der Stille.\u00a0<\/p>\n\n\n\n<figure class=\"wp-block-gallery has-nested-images columns-default is-cropped wp-block-gallery-3 is-layout-flex wp-block-gallery-is-layout-flex\">\n<figure class=\"wp-block-image size-large\"><img loading=\"lazy\" decoding=\"async\" width=\"1024\" height=\"819\" data-id=\"321\" src=\"https:\/\/blogs.donboscovolunteers.de\/wundertuetebenin\/wp-content\/uploads\/sites\/21659\/2022\/12\/21b16dfa-e255-4f15-9fbe-6143105657ea-1024x819.jpg\" alt=\"\" class=\"wp-image-321\" srcset=\"https:\/\/blogs.donboscovolunteers.de\/wundertuetebenin\/wp-content\/uploads\/sites\/21659\/2022\/12\/21b16dfa-e255-4f15-9fbe-6143105657ea-1024x819.jpg 1024w, https:\/\/blogs.donboscovolunteers.de\/wundertuetebenin\/wp-content\/uploads\/sites\/21659\/2022\/12\/21b16dfa-e255-4f15-9fbe-6143105657ea-300x240.jpg 300w, https:\/\/blogs.donboscovolunteers.de\/wundertuetebenin\/wp-content\/uploads\/sites\/21659\/2022\/12\/21b16dfa-e255-4f15-9fbe-6143105657ea-768x614.jpg 768w, https:\/\/blogs.donboscovolunteers.de\/wundertuetebenin\/wp-content\/uploads\/sites\/21659\/2022\/12\/21b16dfa-e255-4f15-9fbe-6143105657ea.jpg 1173w\" sizes=\"auto, (max-width: 1024px) 100vw, 1024px\" \/><\/figure>\n\n\n\n<figure class=\"wp-block-image size-large\"><img loading=\"lazy\" decoding=\"async\" width=\"1024\" height=\"684\" data-id=\"322\" src=\"https:\/\/blogs.donboscovolunteers.de\/wundertuetebenin\/wp-content\/uploads\/sites\/21659\/2022\/12\/DSC02776-1-1024x684.jpg\" alt=\"\" class=\"wp-image-322\" srcset=\"https:\/\/blogs.donboscovolunteers.de\/wundertuetebenin\/wp-content\/uploads\/sites\/21659\/2022\/12\/DSC02776-1-1024x684.jpg 1024w, https:\/\/blogs.donboscovolunteers.de\/wundertuetebenin\/wp-content\/uploads\/sites\/21659\/2022\/12\/DSC02776-1-300x200.jpg 300w, https:\/\/blogs.donboscovolunteers.de\/wundertuetebenin\/wp-content\/uploads\/sites\/21659\/2022\/12\/DSC02776-1-768x513.jpg 768w, https:\/\/blogs.donboscovolunteers.de\/wundertuetebenin\/wp-content\/uploads\/sites\/21659\/2022\/12\/DSC02776-1-1200x802.jpg 1200w, https:\/\/blogs.donboscovolunteers.de\/wundertuetebenin\/wp-content\/uploads\/sites\/21659\/2022\/12\/DSC02776-1.jpg 1280w\" sizes=\"auto, (max-width: 1024px) 100vw, 1024px\" \/><\/figure>\n<\/figure>\n\n\n\n<p>Oft begleiten mich die M\u00e4dels, bis ich auch ja sicher auf einem Zem sitze. Manchmal m\u00f6chte ich noch ein paar Dinge besorgen, aber auch dann ziehen mich die M\u00e4dchen an der Hand hinter sich her. Sie kennen sich schlie\u00dflich viel besser aus im Marktget\u00fcmmel und m\u00f6chten mir zeigen, wo ich das Gesuchte am g\u00fcnstigsten finde.&nbsp;<\/p>\n\n\n\n<p>Ich winke einen Zemfahrer zu mir, erkl\u00e4re ihm wohin ich will und sage, dass ich 300 Francs zahle. Selbst den Preis zu sagen, hat sich als bessere Taktik erwiesen. Er will trotzdem das Doppelte &#8211; war klar! Ich bleibe stur. Ich will nicht den Preis f\u00fcr Yovos zahlen. Ich wohne hier. Mehr als 300 Francs zahle ich nicht. Lachend willigt er ein, ich schwinge mich zu ihm auf die von der starken Sonne aufgeheizte Sitzbank und wir schl\u00e4ngeln uns vorbei an Verk\u00e4uferinnen, Autos und unz\u00e4hligen Zems Richtung Zogbo &#8211; mein Zuhause.&nbsp;<\/p>\n\n\n\n<p><strong>19 Uhr:<\/strong> Heute Abend essen wir bei den Foyer-M\u00e4dels. Es gibt Reis und gekochtes Ei. \u201eMhmm, c\u2019est doooux!\u201c, w\u00fcrden die M\u00e4dchen sagen. Gegessen wird ganz beninisch mit der Hand. Sich nach dem Essen schnell abzuseilen, ist eigentlich jedes Mal ein Ding der Unm\u00f6glichkeit: Aline* will mir ihre neueste Zeichnung zeigen, Nadine* singt mir ein Lied vor, das sie selbst geschrieben hat und Nairobi* m\u00f6chte zum Thema Wetter abgefragt werden. Irgenwann k\u00f6nnen wir nicht mehr und verabschieden uns.\u00a0<\/p>\n\n\n<div class=\"wp-block-image\">\n<figure class=\"aligncenter size-large is-resized\"><img loading=\"lazy\" decoding=\"async\" src=\"https:\/\/blogs.donboscovolunteers.de\/wundertuetebenin\/wp-content\/uploads\/sites\/21659\/2022\/12\/DSC03855-1024x684.jpg\" alt=\"\" class=\"wp-image-318\" width=\"550\" height=\"368\" srcset=\"https:\/\/blogs.donboscovolunteers.de\/wundertuetebenin\/wp-content\/uploads\/sites\/21659\/2022\/12\/DSC03855-1024x684.jpg 1024w, https:\/\/blogs.donboscovolunteers.de\/wundertuetebenin\/wp-content\/uploads\/sites\/21659\/2022\/12\/DSC03855-300x200.jpg 300w, https:\/\/blogs.donboscovolunteers.de\/wundertuetebenin\/wp-content\/uploads\/sites\/21659\/2022\/12\/DSC03855-768x513.jpg 768w, https:\/\/blogs.donboscovolunteers.de\/wundertuetebenin\/wp-content\/uploads\/sites\/21659\/2022\/12\/DSC03855-1200x802.jpg 1200w, https:\/\/blogs.donboscovolunteers.de\/wundertuetebenin\/wp-content\/uploads\/sites\/21659\/2022\/12\/DSC03855.jpg 1280w\" sizes=\"auto, (max-width: 550px) 100vw, 550px\" \/><\/figure>\n<\/div>\n\n\n<p><\/p>\n\n\n\n<p>Ich sitze noch eine Weile vor unserem Zimmer, \u00fcberlege mir eine Bastelidee f\u00fcr&nbsp; den n\u00e4chsten Tag mit den Power-M\u00e4dchen vom Markt, kritzel ein paar Zeilen in mein Tagebuch und wasche mir dann (sofern es Wasser gibt\u2026) den Schwei\u00df und Dreck, der sich \u00fcber den Tag auf meiner Haut angesammelt hat, vom K\u00f6rper.<\/p>\n\n\n\n<p>M\u00fcde aber gl\u00fccklich liege ich irgendwann in meinem Bett und bin dankbar &#8211; so dankbar, diesen kunterbunten Alltagswahnsinn erleben zu d\u00fcrfen!<\/p>\n\n\n\n<p>*Zum Schutze der Personen, sind alle Namen ge\u00e4ndert.&nbsp;<\/p>\n\n\n\n<p>Kleine Anmerkung: Wer bei all den Projekten nicht ganz durchschaut, findet <a href=\"https:\/\/blogs.donboscovolunteers.de\/wundertuetebenin\/projekte\/\" target=\"_blank\" rel=\"noreferrer noopener\">hier<\/a> eine kurze Beschreibung zu jeder Einrichtung, in der ich mitarbeite.&nbsp;<\/p>","protected":false},"excerpt":{"rendered":"<p>TSCH, TSCH, TSCH &#8211; erster Wecker! Leider nicht der, den Mia und ich uns am Abend zuvor auf 6:30 Uhr gestellt haben, sondern der, den wir um 5:30 Uhr nicht ausschalten k\u00f6nnen. Schon fr\u00fch morgens, wenn es noch dunkel ist, fegen die Foyerm\u00e4dchen mit kleinen Handbesen aus Palmbl\u00e4ttern das Schwesterngel\u00e4nde und summen dabei leise vor [&hellip;]<\/p>\n","protected":false},"author":21749,"featured_media":304,"comment_status":"open","ping_status":"open","sticky":false,"template":"","format":"standard","meta":{"footnotes":""},"categories":[1],"tags":[9,4,6],"class_list":["post-301","post","type-post","status-publish","format-standard","has-post-thumbnail","hentry","category-allgemein","tag-alltag","tag-benin","tag-milena"],"yoast_head":"<!-- This site is optimized with the Yoast SEO plugin v25.3.1 - https:\/\/yoast.com\/wordpress\/plugins\/seo\/ -->\n<title>Kunterbunter Alltagswahnsinn - Wundert\u00fcte Benin<\/title>\n<meta name=\"robots\" content=\"index, follow, max-snippet:-1, max-image-preview:large, max-video-preview:-1\" \/>\n<link rel=\"canonical\" href=\"https:\/\/blogs.donboscovolunteers.de\/wundertuetebenin\/2022\/12\/21\/kunterbunter-alltagswahnsinn\/\" \/>\n<meta property=\"og:locale\" content=\"de_DE\" \/>\n<meta property=\"og:type\" content=\"article\" \/>\n<meta property=\"og:title\" content=\"Kunterbunter Alltagswahnsinn - Wundert\u00fcte Benin\" \/>\n<meta property=\"og:description\" content=\"TSCH, TSCH, TSCH &#8211; erster Wecker! Leider nicht der, den Mia und ich uns am Abend zuvor auf 6:30 Uhr gestellt haben, sondern der, den wir um 5:30 Uhr nicht ausschalten k\u00f6nnen. Schon fr\u00fch morgens, wenn es noch dunkel ist, fegen die Foyerm\u00e4dchen mit kleinen Handbesen aus Palmbl\u00e4ttern das Schwesterngel\u00e4nde und summen dabei leise vor [&hellip;]\" \/>\n<meta property=\"og:url\" content=\"https:\/\/blogs.donboscovolunteers.de\/wundertuetebenin\/2022\/12\/21\/kunterbunter-alltagswahnsinn\/\" \/>\n<meta property=\"og:site_name\" content=\"Wundert\u00fcte Benin\" \/>\n<meta property=\"article:published_time\" content=\"2022-12-21T21:02:21+00:00\" \/>\n<meta property=\"article:modified_time\" content=\"2022-12-26T19:01:22+00:00\" \/>\n<meta property=\"og:image\" content=\"https:\/\/blogs.donboscovolunteers.de\/wundertuetebenin\/wp-content\/uploads\/sites\/21659\/2022\/12\/DSC02684.jpg\" \/>\n\t<meta property=\"og:image:width\" content=\"1280\" \/>\n\t<meta property=\"og:image:height\" content=\"855\" \/>\n\t<meta property=\"og:image:type\" content=\"image\/jpeg\" \/>\n<meta name=\"author\" content=\"Milena Ott\" \/>\n<meta name=\"twitter:card\" content=\"summary_large_image\" \/>\n<meta name=\"twitter:label1\" content=\"Verfasst von\" \/>\n\t<meta name=\"twitter:data1\" content=\"Milena Ott\" \/>\n\t<meta name=\"twitter:label2\" content=\"Gesch\u00e4tzte Lesezeit\" \/>\n\t<meta name=\"twitter:data2\" content=\"12\u00a0Minuten\" \/>\n<script type=\"application\/ld+json\" class=\"yoast-schema-graph\">{\"@context\":\"https:\/\/schema.org\",\"@graph\":[{\"@type\":\"WebPage\",\"@id\":\"https:\/\/blogs.donboscovolunteers.de\/wundertuetebenin\/2022\/12\/21\/kunterbunter-alltagswahnsinn\/\",\"url\":\"https:\/\/blogs.donboscovolunteers.de\/wundertuetebenin\/2022\/12\/21\/kunterbunter-alltagswahnsinn\/\",\"name\":\"Kunterbunter Alltagswahnsinn - Wundert\u00fcte Benin\",\"isPartOf\":{\"@id\":\"https:\/\/blogs.donboscovolunteers.de\/wundertuetebenin\/#website\"},\"primaryImageOfPage\":{\"@id\":\"https:\/\/blogs.donboscovolunteers.de\/wundertuetebenin\/2022\/12\/21\/kunterbunter-alltagswahnsinn\/#primaryimage\"},\"image\":{\"@id\":\"https:\/\/blogs.donboscovolunteers.de\/wundertuetebenin\/2022\/12\/21\/kunterbunter-alltagswahnsinn\/#primaryimage\"},\"thumbnailUrl\":\"https:\/\/blogs.donboscovolunteers.de\/wundertuetebenin\/wp-content\/uploads\/sites\/21659\/2022\/12\/DSC02684.jpg\",\"datePublished\":\"2022-12-21T21:02:21+00:00\",\"dateModified\":\"2022-12-26T19:01:22+00:00\",\"author\":{\"@id\":\"https:\/\/blogs.donboscovolunteers.de\/wundertuetebenin\/#\/schema\/person\/0d0656a0b6c9404ca0f3e4351806b29f\"},\"breadcrumb\":{\"@id\":\"https:\/\/blogs.donboscovolunteers.de\/wundertuetebenin\/2022\/12\/21\/kunterbunter-alltagswahnsinn\/#breadcrumb\"},\"inLanguage\":\"de\",\"potentialAction\":[{\"@type\":\"ReadAction\",\"target\":[\"https:\/\/blogs.donboscovolunteers.de\/wundertuetebenin\/2022\/12\/21\/kunterbunter-alltagswahnsinn\/\"]}]},{\"@type\":\"ImageObject\",\"inLanguage\":\"de\",\"@id\":\"https:\/\/blogs.donboscovolunteers.de\/wundertuetebenin\/2022\/12\/21\/kunterbunter-alltagswahnsinn\/#primaryimage\",\"url\":\"https:\/\/blogs.donboscovolunteers.de\/wundertuetebenin\/wp-content\/uploads\/sites\/21659\/2022\/12\/DSC02684.jpg\",\"contentUrl\":\"https:\/\/blogs.donboscovolunteers.de\/wundertuetebenin\/wp-content\/uploads\/sites\/21659\/2022\/12\/DSC02684.jpg\",\"width\":1280,\"height\":855},{\"@type\":\"BreadcrumbList\",\"@id\":\"https:\/\/blogs.donboscovolunteers.de\/wundertuetebenin\/2022\/12\/21\/kunterbunter-alltagswahnsinn\/#breadcrumb\",\"itemListElement\":[{\"@type\":\"ListItem\",\"position\":1,\"name\":\"Startseite\",\"item\":\"https:\/\/blogs.donboscovolunteers.de\/wundertuetebenin\/\"},{\"@type\":\"ListItem\",\"position\":2,\"name\":\"Kunterbunter Alltagswahnsinn\"}]},{\"@type\":\"WebSite\",\"@id\":\"https:\/\/blogs.donboscovolunteers.de\/wundertuetebenin\/#website\",\"url\":\"https:\/\/blogs.donboscovolunteers.de\/wundertuetebenin\/\",\"name\":\"Wundert\u00fcte Benin\",\"description\":\"Milena in Westafrika\",\"potentialAction\":[{\"@type\":\"SearchAction\",\"target\":{\"@type\":\"EntryPoint\",\"urlTemplate\":\"https:\/\/blogs.donboscovolunteers.de\/wundertuetebenin\/?s={search_term_string}\"},\"query-input\":{\"@type\":\"PropertyValueSpecification\",\"valueRequired\":true,\"valueName\":\"search_term_string\"}}],\"inLanguage\":\"de\"},{\"@type\":\"Person\",\"@id\":\"https:\/\/blogs.donboscovolunteers.de\/wundertuetebenin\/#\/schema\/person\/0d0656a0b6c9404ca0f3e4351806b29f\",\"name\":\"Milena Ott\",\"image\":{\"@type\":\"ImageObject\",\"inLanguage\":\"de\",\"@id\":\"https:\/\/blogs.donboscovolunteers.de\/wundertuetebenin\/#\/schema\/person\/image\/\",\"url\":\"https:\/\/secure.gravatar.com\/avatar\/e33bbb6682525062600dfe4ce222d246cf535a2fabd4431a12561c8d9ff57d87?s=96&d=mm&r=g\",\"contentUrl\":\"https:\/\/secure.gravatar.com\/avatar\/e33bbb6682525062600dfe4ce222d246cf535a2fabd4431a12561c8d9ff57d87?s=96&d=mm&r=g\",\"caption\":\"Milena Ott\"},\"url\":\"https:\/\/blogs.donboscovolunteers.de\/wundertuetebenin\/author\/milena\/\"}]}<\/script>\n<!-- \/ Yoast SEO plugin. -->","yoast_head_json":{"title":"Kunterbunter Alltagswahnsinn - Wundert\u00fcte Benin","robots":{"index":"index","follow":"follow","max-snippet":"max-snippet:-1","max-image-preview":"max-image-preview:large","max-video-preview":"max-video-preview:-1"},"canonical":"https:\/\/blogs.donboscovolunteers.de\/wundertuetebenin\/2022\/12\/21\/kunterbunter-alltagswahnsinn\/","og_locale":"de_DE","og_type":"article","og_title":"Kunterbunter Alltagswahnsinn - Wundert\u00fcte Benin","og_description":"TSCH, TSCH, TSCH &#8211; erster Wecker! Leider nicht der, den Mia und ich uns am Abend zuvor auf 6:30 Uhr gestellt haben, sondern der, den wir um 5:30 Uhr nicht ausschalten k\u00f6nnen. Schon fr\u00fch morgens, wenn es noch dunkel ist, fegen die Foyerm\u00e4dchen mit kleinen Handbesen aus Palmbl\u00e4ttern das Schwesterngel\u00e4nde und summen dabei leise vor [&hellip;]","og_url":"https:\/\/blogs.donboscovolunteers.de\/wundertuetebenin\/2022\/12\/21\/kunterbunter-alltagswahnsinn\/","og_site_name":"Wundert\u00fcte Benin","article_published_time":"2022-12-21T21:02:21+00:00","article_modified_time":"2022-12-26T19:01:22+00:00","og_image":[{"width":1280,"height":855,"url":"https:\/\/blogs.donboscovolunteers.de\/wundertuetebenin\/wp-content\/uploads\/sites\/21659\/2022\/12\/DSC02684.jpg","type":"image\/jpeg"}],"author":"Milena Ott","twitter_card":"summary_large_image","twitter_misc":{"Verfasst von":"Milena Ott","Gesch\u00e4tzte Lesezeit":"12\u00a0Minuten"},"schema":{"@context":"https:\/\/schema.org","@graph":[{"@type":"WebPage","@id":"https:\/\/blogs.donboscovolunteers.de\/wundertuetebenin\/2022\/12\/21\/kunterbunter-alltagswahnsinn\/","url":"https:\/\/blogs.donboscovolunteers.de\/wundertuetebenin\/2022\/12\/21\/kunterbunter-alltagswahnsinn\/","name":"Kunterbunter Alltagswahnsinn - Wundert\u00fcte Benin","isPartOf":{"@id":"https:\/\/blogs.donboscovolunteers.de\/wundertuetebenin\/#website"},"primaryImageOfPage":{"@id":"https:\/\/blogs.donboscovolunteers.de\/wundertuetebenin\/2022\/12\/21\/kunterbunter-alltagswahnsinn\/#primaryimage"},"image":{"@id":"https:\/\/blogs.donboscovolunteers.de\/wundertuetebenin\/2022\/12\/21\/kunterbunter-alltagswahnsinn\/#primaryimage"},"thumbnailUrl":"https:\/\/blogs.donboscovolunteers.de\/wundertuetebenin\/wp-content\/uploads\/sites\/21659\/2022\/12\/DSC02684.jpg","datePublished":"2022-12-21T21:02:21+00:00","dateModified":"2022-12-26T19:01:22+00:00","author":{"@id":"https:\/\/blogs.donboscovolunteers.de\/wundertuetebenin\/#\/schema\/person\/0d0656a0b6c9404ca0f3e4351806b29f"},"breadcrumb":{"@id":"https:\/\/blogs.donboscovolunteers.de\/wundertuetebenin\/2022\/12\/21\/kunterbunter-alltagswahnsinn\/#breadcrumb"},"inLanguage":"de","potentialAction":[{"@type":"ReadAction","target":["https:\/\/blogs.donboscovolunteers.de\/wundertuetebenin\/2022\/12\/21\/kunterbunter-alltagswahnsinn\/"]}]},{"@type":"ImageObject","inLanguage":"de","@id":"https:\/\/blogs.donboscovolunteers.de\/wundertuetebenin\/2022\/12\/21\/kunterbunter-alltagswahnsinn\/#primaryimage","url":"https:\/\/blogs.donboscovolunteers.de\/wundertuetebenin\/wp-content\/uploads\/sites\/21659\/2022\/12\/DSC02684.jpg","contentUrl":"https:\/\/blogs.donboscovolunteers.de\/wundertuetebenin\/wp-content\/uploads\/sites\/21659\/2022\/12\/DSC02684.jpg","width":1280,"height":855},{"@type":"BreadcrumbList","@id":"https:\/\/blogs.donboscovolunteers.de\/wundertuetebenin\/2022\/12\/21\/kunterbunter-alltagswahnsinn\/#breadcrumb","itemListElement":[{"@type":"ListItem","position":1,"name":"Startseite","item":"https:\/\/blogs.donboscovolunteers.de\/wundertuetebenin\/"},{"@type":"ListItem","position":2,"name":"Kunterbunter Alltagswahnsinn"}]},{"@type":"WebSite","@id":"https:\/\/blogs.donboscovolunteers.de\/wundertuetebenin\/#website","url":"https:\/\/blogs.donboscovolunteers.de\/wundertuetebenin\/","name":"Wundert\u00fcte Benin","description":"Milena in Westafrika","potentialAction":[{"@type":"SearchAction","target":{"@type":"EntryPoint","urlTemplate":"https:\/\/blogs.donboscovolunteers.de\/wundertuetebenin\/?s={search_term_string}"},"query-input":{"@type":"PropertyValueSpecification","valueRequired":true,"valueName":"search_term_string"}}],"inLanguage":"de"},{"@type":"Person","@id":"https:\/\/blogs.donboscovolunteers.de\/wundertuetebenin\/#\/schema\/person\/0d0656a0b6c9404ca0f3e4351806b29f","name":"Milena Ott","image":{"@type":"ImageObject","inLanguage":"de","@id":"https:\/\/blogs.donboscovolunteers.de\/wundertuetebenin\/#\/schema\/person\/image\/","url":"https:\/\/secure.gravatar.com\/avatar\/e33bbb6682525062600dfe4ce222d246cf535a2fabd4431a12561c8d9ff57d87?s=96&d=mm&r=g","contentUrl":"https:\/\/secure.gravatar.com\/avatar\/e33bbb6682525062600dfe4ce222d246cf535a2fabd4431a12561c8d9ff57d87?s=96&d=mm&r=g","caption":"Milena Ott"},"url":"https:\/\/blogs.donboscovolunteers.de\/wundertuetebenin\/author\/milena\/"}]}},"_links":{"self":[{"href":"https:\/\/blogs.donboscovolunteers.de\/wundertuetebenin\/wp-json\/wp\/v2\/posts\/301","targetHints":{"allow":["GET"]}}],"collection":[{"href":"https:\/\/blogs.donboscovolunteers.de\/wundertuetebenin\/wp-json\/wp\/v2\/posts"}],"about":[{"href":"https:\/\/blogs.donboscovolunteers.de\/wundertuetebenin\/wp-json\/wp\/v2\/types\/post"}],"author":[{"embeddable":true,"href":"https:\/\/blogs.donboscovolunteers.de\/wundertuetebenin\/wp-json\/wp\/v2\/users\/21749"}],"replies":[{"embeddable":true,"href":"https:\/\/blogs.donboscovolunteers.de\/wundertuetebenin\/wp-json\/wp\/v2\/comments?post=301"}],"version-history":[{"count":24,"href":"https:\/\/blogs.donboscovolunteers.de\/wundertuetebenin\/wp-json\/wp\/v2\/posts\/301\/revisions"}],"predecessor-version":[{"id":359,"href":"https:\/\/blogs.donboscovolunteers.de\/wundertuetebenin\/wp-json\/wp\/v2\/posts\/301\/revisions\/359"}],"wp:featuredmedia":[{"embeddable":true,"href":"https:\/\/blogs.donboscovolunteers.de\/wundertuetebenin\/wp-json\/wp\/v2\/media\/304"}],"wp:attachment":[{"href":"https:\/\/blogs.donboscovolunteers.de\/wundertuetebenin\/wp-json\/wp\/v2\/media?parent=301"}],"wp:term":[{"taxonomy":"category","embeddable":true,"href":"https:\/\/blogs.donboscovolunteers.de\/wundertuetebenin\/wp-json\/wp\/v2\/categories?post=301"},{"taxonomy":"post_tag","embeddable":true,"href":"https:\/\/blogs.donboscovolunteers.de\/wundertuetebenin\/wp-json\/wp\/v2\/tags?post=301"}],"curies":[{"name":"wp","href":"https:\/\/api.w.org\/{rel}","templated":true}]}}