{"id":185,"date":"2022-10-23T17:13:23","date_gmt":"2022-10-23T15:13:23","guid":{"rendered":"https:\/\/blogs.donboscovolunteers.de\/wundertuetebenin\/?p=185"},"modified":"2022-12-21T22:06:32","modified_gmt":"2022-12-21T21:06:32","slug":"von-sonnenstrahlen-und-regenschauern","status":"publish","type":"post","link":"https:\/\/blogs.donboscovolunteers.de\/wundertuetebenin\/2022\/10\/23\/von-sonnenstrahlen-und-regenschauern\/","title":{"rendered":"VON SONNENSTRAHLEN UND REGENSCHAUERN"},"content":{"rendered":"<p>Ihr Lieben!<\/p>\n\n\n\n<p>Wo ist die Zeit nur hin? Ganze sechseinhalb Wochen bin ich nun schon hier! Sechseinhalb Wochen, die vor allem am Anfang alles andere als leicht waren. Da war so viel Neues:&nbsp; Weit weg von Zuhause sein, diese so unglaublich andere Kultur, die vielen Schicksale, die wir hier jeden Tag so nah miterleben, die verschiedenen Projekte, das viele Arbeiten, nie Stille, wenig Zeit f\u00fcr mich selbst &#8211; das war anfangs ganz sch\u00f6n \u00fcberfordernd! Zus\u00e4tzlich habe ich eine erste Runde Malaria &#8211; oder wie man hier so niedlich sagt: Palu &#8211; hinter mir. Das kam trotz Malariaprophylaxe, jede Nacht unter dem stickigen Moskitonetz schlafen und morgens, mittags, abends giftig riechendes M\u00fcckenmittel auf der Haut verteilen, nach gerade einmal drei Wochen doch etwas unerwartet\u2026 Schlimm hat es mich nicht erwischt &#8211; mit Medikamenten und den Aufheiterungsversuchen der Schwestern, dass das meine erste \u201ebeninische Taufe\u201c sei, war ich nach vier Tagen wieder halbwegs auf den Beinen.&nbsp;<\/p>\n\n\n\n<h5 class=\"wp-block-heading\">Mein Gem\u00fctszustand scheint sich den klimatischen Ver\u00e4nderungen hier anzupassen&#8230;<\/h5>\n\n\n\n<p>W\u00e4hrend mich am Anfang morgendliche Starkregenschauer aus meinen Tr\u00e4umen gerissen haben, schwitze ich jetzt schon vom Nichtstun im Schatten. Nach einem etwas holprigen Start habe ich seit einiger Zeit das Gef\u00fchl, hier langsam aber sicher anzukommen. Anzukommen in meinem neuen Zuhause. So Vieles f\u00fchlt sich schon jetzt so vertraut an! <\/p>\n\n\n\n<p>Gemeinsam mit Mia teile ich mich ein kleines, aber feines Zimmer mit Bad im Haus der Pr\u00e4aspirantinnen auf dem Gel\u00e4nde der Schwestern. Das Gel\u00e4nde ist wirklich riesig! Das Haus der Schwestern, das Haus der Aspirantinnen, das M\u00e4dchenwohnheim &#8222;Foyer Laura Vicu\u00f1a&#8220;, die \u00c9cole alternative &#8211; eine etwas andere Schule, ein riesiges Coll\u00e8ge &#8211;  all das und einiges mehr hat seinen Platz in der Communaut\u00e9. <\/p>\n\n\n\n<figure class=\"wp-block-gallery has-nested-images columns-default is-cropped wp-block-gallery-1 is-layout-flex wp-block-gallery-is-layout-flex\">\n<figure class=\"wp-block-image size-large\"><img loading=\"lazy\" decoding=\"async\" width=\"1152\" height=\"864\" data-id=\"215\" src=\"https:\/\/blogs.donboscovolunteers.de\/wundertuetebenin\/wp-content\/uploads\/sites\/21659\/2022\/10\/82ee8232-9e6b-4700-bbb2-2b8884e2c4c5.jpg\" alt=\"\" class=\"wp-image-215\" srcset=\"https:\/\/blogs.donboscovolunteers.de\/wundertuetebenin\/wp-content\/uploads\/sites\/21659\/2022\/10\/82ee8232-9e6b-4700-bbb2-2b8884e2c4c5.jpg 1152w, https:\/\/blogs.donboscovolunteers.de\/wundertuetebenin\/wp-content\/uploads\/sites\/21659\/2022\/10\/82ee8232-9e6b-4700-bbb2-2b8884e2c4c5-300x225.jpg 300w, https:\/\/blogs.donboscovolunteers.de\/wundertuetebenin\/wp-content\/uploads\/sites\/21659\/2022\/10\/82ee8232-9e6b-4700-bbb2-2b8884e2c4c5-1024x768.jpg 1024w, https:\/\/blogs.donboscovolunteers.de\/wundertuetebenin\/wp-content\/uploads\/sites\/21659\/2022\/10\/82ee8232-9e6b-4700-bbb2-2b8884e2c4c5-768x576.jpg 768w\" sizes=\"auto, (max-width: 1152px) 100vw, 1152px\" \/><figcaption class=\"wp-element-caption\">Die Communaut\u00e9 der Schwestern von oben <\/figcaption><\/figure>\n\n\n\n<figure class=\"wp-block-image size-large\"><img loading=\"lazy\" decoding=\"async\" width=\"1280\" height=\"719\" data-id=\"270\" src=\"https:\/\/blogs.donboscovolunteers.de\/wundertuetebenin\/wp-content\/uploads\/sites\/21659\/2022\/10\/IMG_4513-edited.jpeg\" alt=\"\" class=\"wp-image-270\" srcset=\"https:\/\/blogs.donboscovolunteers.de\/wundertuetebenin\/wp-content\/uploads\/sites\/21659\/2022\/10\/IMG_4513-edited.jpeg 1280w, https:\/\/blogs.donboscovolunteers.de\/wundertuetebenin\/wp-content\/uploads\/sites\/21659\/2022\/10\/IMG_4513-edited-300x169.jpeg 300w, https:\/\/blogs.donboscovolunteers.de\/wundertuetebenin\/wp-content\/uploads\/sites\/21659\/2022\/10\/IMG_4513-edited-1024x575.jpeg 1024w, https:\/\/blogs.donboscovolunteers.de\/wundertuetebenin\/wp-content\/uploads\/sites\/21659\/2022\/10\/IMG_4513-edited-768x431.jpeg 768w, https:\/\/blogs.donboscovolunteers.de\/wundertuetebenin\/wp-content\/uploads\/sites\/21659\/2022\/10\/IMG_4513-edited-1200x674.jpeg 1200w\" sizes=\"auto, (max-width: 1280px) 100vw, 1280px\" \/><figcaption class=\"wp-element-caption\">Abendsport mit den Foyer-M\u00e4dels auf dem Sportplatz vom Coll\u00e8ge<\/figcaption><\/figure>\n<\/figure>\n\n\n\n<p>Au\u00dferhalb der beh\u00fcteten Mauern des Gel\u00e4ndes befinden sich weitere Projekte, die die Don-Bosco-Schwestern ins Leben gerufen haben. Ich arbeite aktuell die meiste Zeit der Woche in einem Wohnheim f\u00fcr minderj\u00e4hrige M\u00fctter &#8211; dem Maison du Soleil &#8211; und bin dort haupts\u00e4chlich f\u00fcr die Betreuung der Babys und Kleinkinder zust\u00e4ndig, w\u00e4hrend die jungen Mamas nebenan im Ausbildungszentrum &#8211; dem Maison de l&#8217;Esp\u00e9rance &#8211; eine Ausbildung machen. Auch wenn sie manchmal noch so anstrengend sind, sind mir die kleinen Racker schon ziemlich ans Herz gewachsen und ich bin begeistert von den Fortschritten, die einige in den wenigen Wochen, die ich sie kenne, gemacht haben! <\/p>\n\n\n\n<p>Ansonsten bin ich zwei Nachmittage die Woche in der Baraque SOS auf dem March\u00e9 Dantokpa &#8211;  dem gr\u00f6\u00dften Freiluftmarkt Westafrikas und verbringe dort Zeit mit Power-M\u00e4dchen, die statt in die Schule zu gehen den lieben langen Tag kiloschwere Ware auf ihren K\u00f6pfen durch die engen Marktgassen balancieren. Das ist jedes Mal aufs Neue eine so intensive Zeit! Auch den Kindern in der alternativen Schule widmen wir an einem Vormittag die Woche zum Basteln, Singen oder Tanzen unsere Aufmerksamkeit. Mia arbeitet fast die gesamte Woche im Ausbildungszentrum, aber auch ich darf freitags nachmittags dabei sein und allgemeinbildende und sensibilisierende Projekte begleiten. So sind wir vor ein paar Wochen zum Beispiel, gewappnet mit Plakaten, Trommeln, Musikbox, Mikro und einer Menge Energie zum Tanzen und Singen,  gemeinsam mit den Jugendlichen durch die Stra\u00dfen rund um den Markt gezogen, um f\u00fcr die Nutzung von Toiletten zu sensibilisieren. (Hier vergeht kein Tag, an dem ich nicht mindestens zehn Leute auf die Stra\u00dfe, in den Kanal oder sonst wo pinkeln sehe&#8230;) <\/p>\n\n\n\n<figure class=\"wp-block-gallery has-nested-images columns-default is-cropped wp-block-gallery-2 is-layout-flex wp-block-gallery-is-layout-flex\">\n<figure class=\"wp-block-image size-large\"><img loading=\"lazy\" decoding=\"async\" width=\"1024\" height=\"684\" data-id=\"283\" src=\"https:\/\/blogs.donboscovolunteers.de\/wundertuetebenin\/wp-content\/uploads\/sites\/21659\/2022\/10\/DSC02310-1024x684.jpg\" alt=\"\" class=\"wp-image-283\" srcset=\"https:\/\/blogs.donboscovolunteers.de\/wundertuetebenin\/wp-content\/uploads\/sites\/21659\/2022\/10\/DSC02310-1024x684.jpg 1024w, https:\/\/blogs.donboscovolunteers.de\/wundertuetebenin\/wp-content\/uploads\/sites\/21659\/2022\/10\/DSC02310-300x200.jpg 300w, https:\/\/blogs.donboscovolunteers.de\/wundertuetebenin\/wp-content\/uploads\/sites\/21659\/2022\/10\/DSC02310-768x513.jpg 768w, https:\/\/blogs.donboscovolunteers.de\/wundertuetebenin\/wp-content\/uploads\/sites\/21659\/2022\/10\/DSC02310-1200x802.jpg 1200w, https:\/\/blogs.donboscovolunteers.de\/wundertuetebenin\/wp-content\/uploads\/sites\/21659\/2022\/10\/DSC02310.jpg 1280w\" sizes=\"auto, (max-width: 1024px) 100vw, 1024px\" \/><\/figure>\n\n\n\n<figure class=\"wp-block-image size-large\"><img loading=\"lazy\" decoding=\"async\" width=\"1024\" height=\"684\" data-id=\"284\" src=\"https:\/\/blogs.donboscovolunteers.de\/wundertuetebenin\/wp-content\/uploads\/sites\/21659\/2022\/10\/DSC02320-1024x684.jpg\" alt=\"\" class=\"wp-image-284\" srcset=\"https:\/\/blogs.donboscovolunteers.de\/wundertuetebenin\/wp-content\/uploads\/sites\/21659\/2022\/10\/DSC02320-1024x684.jpg 1024w, https:\/\/blogs.donboscovolunteers.de\/wundertuetebenin\/wp-content\/uploads\/sites\/21659\/2022\/10\/DSC02320-300x200.jpg 300w, https:\/\/blogs.donboscovolunteers.de\/wundertuetebenin\/wp-content\/uploads\/sites\/21659\/2022\/10\/DSC02320-768x513.jpg 768w, https:\/\/blogs.donboscovolunteers.de\/wundertuetebenin\/wp-content\/uploads\/sites\/21659\/2022\/10\/DSC02320-1200x802.jpg 1200w, https:\/\/blogs.donboscovolunteers.de\/wundertuetebenin\/wp-content\/uploads\/sites\/21659\/2022\/10\/DSC02320.jpg 1280w\" sizes=\"auto, (max-width: 1024px) 100vw, 1024px\" \/><\/figure>\n\n\n\n<figure class=\"wp-block-image size-large\"><img loading=\"lazy\" decoding=\"async\" width=\"1024\" height=\"684\" data-id=\"280\" src=\"https:\/\/blogs.donboscovolunteers.de\/wundertuetebenin\/wp-content\/uploads\/sites\/21659\/2022\/10\/DSC02337-1024x684.jpg\" alt=\"\" class=\"wp-image-280\" srcset=\"https:\/\/blogs.donboscovolunteers.de\/wundertuetebenin\/wp-content\/uploads\/sites\/21659\/2022\/10\/DSC02337-1024x684.jpg 1024w, https:\/\/blogs.donboscovolunteers.de\/wundertuetebenin\/wp-content\/uploads\/sites\/21659\/2022\/10\/DSC02337-300x200.jpg 300w, https:\/\/blogs.donboscovolunteers.de\/wundertuetebenin\/wp-content\/uploads\/sites\/21659\/2022\/10\/DSC02337-768x513.jpg 768w, https:\/\/blogs.donboscovolunteers.de\/wundertuetebenin\/wp-content\/uploads\/sites\/21659\/2022\/10\/DSC02337-1200x802.jpg 1200w, https:\/\/blogs.donboscovolunteers.de\/wundertuetebenin\/wp-content\/uploads\/sites\/21659\/2022\/10\/DSC02337.jpg 1280w\" sizes=\"auto, (max-width: 1024px) 100vw, 1024px\" \/><\/figure>\n<\/figure>\n\n\n\n<p>Sonntags gehts Hand in Hand mit den M\u00e4dchen aus dem Wohnheim und mittlerweile schon in meinem ersten beninischen Outfit &#8211; einem Bomba &#8211; in die Messe, die mit ihren eineinhalb Stunden f\u00fcr meinen Geschmack doch etwas langatmig ist&#8230; Auch sonst verbringen wir viel Zeit mit den Foyer-M\u00e4dels: sei es, wenn wir ab und an bei ihnen Abend essen, uns ein Heft in die Hand gedr\u00fcckt wird, um bei den Hausaufgaben zu helfen oder bei der ein oder anderen Kuscheleinheit. Ihr merkt, meine Arbeitsbereiche sind sehr weitreichend &#8211; das macht mir aber gro\u00dfe Freude!<\/p>\n\n\n\n<figure class=\"wp-block-gallery has-nested-images columns-default is-cropped wp-block-gallery-3 is-layout-flex wp-block-gallery-is-layout-flex\">\n<figure class=\"wp-block-image size-large\"><img loading=\"lazy\" decoding=\"async\" width=\"1024\" height=\"683\" data-id=\"332\" src=\"https:\/\/blogs.donboscovolunteers.de\/wundertuetebenin\/wp-content\/uploads\/sites\/21659\/2022\/10\/d0cb8439-0914-4c82-94e6-fde808f290d3-1024x683.jpg\" alt=\"\" class=\"wp-image-332\" srcset=\"https:\/\/blogs.donboscovolunteers.de\/wundertuetebenin\/wp-content\/uploads\/sites\/21659\/2022\/10\/d0cb8439-0914-4c82-94e6-fde808f290d3-1024x683.jpg 1024w, https:\/\/blogs.donboscovolunteers.de\/wundertuetebenin\/wp-content\/uploads\/sites\/21659\/2022\/10\/d0cb8439-0914-4c82-94e6-fde808f290d3-300x200.jpg 300w, https:\/\/blogs.donboscovolunteers.de\/wundertuetebenin\/wp-content\/uploads\/sites\/21659\/2022\/10\/d0cb8439-0914-4c82-94e6-fde808f290d3-768x512.jpg 768w, https:\/\/blogs.donboscovolunteers.de\/wundertuetebenin\/wp-content\/uploads\/sites\/21659\/2022\/10\/d0cb8439-0914-4c82-94e6-fde808f290d3-1200x800.jpg 1200w, https:\/\/blogs.donboscovolunteers.de\/wundertuetebenin\/wp-content\/uploads\/sites\/21659\/2022\/10\/d0cb8439-0914-4c82-94e6-fde808f290d3.jpg 1204w\" sizes=\"auto, (max-width: 1024px) 100vw, 1024px\" \/><\/figure>\n\n\n\n<figure class=\"wp-block-image size-large\"><img loading=\"lazy\" decoding=\"async\" width=\"1024\" height=\"716\" data-id=\"277\" src=\"https:\/\/blogs.donboscovolunteers.de\/wundertuetebenin\/wp-content\/uploads\/sites\/21659\/2022\/10\/IMG_5329-1024x716.jpeg\" alt=\"\" class=\"wp-image-277\" srcset=\"https:\/\/blogs.donboscovolunteers.de\/wundertuetebenin\/wp-content\/uploads\/sites\/21659\/2022\/10\/IMG_5329-1024x716.jpeg 1024w, https:\/\/blogs.donboscovolunteers.de\/wundertuetebenin\/wp-content\/uploads\/sites\/21659\/2022\/10\/IMG_5329-300x210.jpeg 300w, https:\/\/blogs.donboscovolunteers.de\/wundertuetebenin\/wp-content\/uploads\/sites\/21659\/2022\/10\/IMG_5329-768x537.jpeg 768w, https:\/\/blogs.donboscovolunteers.de\/wundertuetebenin\/wp-content\/uploads\/sites\/21659\/2022\/10\/IMG_5329-1200x839.jpeg 1200w, https:\/\/blogs.donboscovolunteers.de\/wundertuetebenin\/wp-content\/uploads\/sites\/21659\/2022\/10\/IMG_5329.jpeg 1280w\" sizes=\"auto, (max-width: 1024px) 100vw, 1024px\" \/><figcaption class=\"wp-element-caption\">&#8222;Tata, kannst du mir helfen?&#8220;<\/figcaption><\/figure>\n<\/figure>\n\n\n\n<h5 class=\"wp-block-heading\">\u201eYovo, Yovo &#8211;&nbsp; Bonjour!\u201c <\/h5>\n\n\n\n<p>Das wurde uns am Anfang \u00fcberall hinterhergerufen und hei\u00dft so viel wie \u201eWei\u00dfe, Wei\u00dfe &#8211; Guten Tag!\u201c. Zumindest in der Stra\u00dfe (besser: Sandpiste) vor dem Gel\u00e4nde der Schwestern und in unserem Viertel werden wir nicht mehr \u00fcberall als wei\u00dfe Eindringlinge abgestempelt, die einmal durch die Stra\u00dfe laufen und dann nie wieder, sondern herzlich von Kindern, die uns aus den Projekten kennen, Essensverk\u00e4uferinnen, Ladenbesitzer*innen \u2026 gegr\u00fc\u00dft. Besonders zu Camilles* Essensstand ziehe ich mir, wenn ich von der Arbeit komme, gerne noch einen windigen Plastikstuhl. Zum einen, weil sie das weltbeste Bananenschmalzgeb\u00e4ck (tal\u00e9 tal\u00e9) macht, zum anderen aber, weil ich die Gespr\u00e4che \u00fcber beninische Stoffe, typisches Essen, Frisuren, M\u00e4nner \ud83d\ude09 und ihre Kinder einfach liebe!<\/p>\n\n\n\n<p>So langsam pendelt sich hier also ein Alltag ein. Ich gew\u00f6hne mich ans fr\u00fche Aufstehen, st\u00e4ndige unter Menschen sein, das dr\u00f6hnende Verkehrschaos und das seltsame Franz\u00f6sisch. Nur mit dem kalten Duschen werde ich mich, f\u00fcrchte ich, das ganze Jahr lang nicht anfreunden k\u00f6nnen\u2026 <\/p>\n\n\n\n<p>Am Anfang wollte ich jede noch so winzige Kleinigkeit am Stra\u00dfenrand aufsaugen, doch inzwischen schlie\u00dfe ich beim Zemfahren auch gerne einfach mal die Augen, genie\u00dfe den flotten Fahrtwind und lasse den Tag Revue passieren. Ich w\u00fcrde auch von mir behaupten, mittlerweile die Fahrk\u00fcnste der Zem-Fahrer recht gut einsch\u00e4tzen zu k\u00f6nnen und klammere mich je nach Urteil mal mehr, mal weniger an der Stange hinter dem Sitz fest, wenn wir uns einem gef\u00e4hrlich aussehenden Schlagloch n\u00e4hern. Die Tatsache, dass die Fahrer keinen F\u00fchrerschein brauchen, hat mich n\u00e4mlich bei unseren ersten Fahrten quer durch die wuselige Stadt ehrlich gesagt eher weniger beruhigt\u2026 Meinen Helm lasse ich deswegen, obwohl nur f\u00fcr den Fahrer Helmpflicht besteht, ganz gerne auf, auch wenn ich damit jedes Mal mit einer belustigten \u201eHast du etwa Angst\u201c-Frage rechnen muss.&nbsp;<\/p>\n\n\n\n<figure class=\"wp-block-gallery has-nested-images columns-default is-cropped wp-block-gallery-4 is-layout-flex wp-block-gallery-is-layout-flex\">\n<figure class=\"wp-block-image size-large\"><img loading=\"lazy\" decoding=\"async\" width=\"1024\" height=\"684\" data-id=\"286\" src=\"https:\/\/blogs.donboscovolunteers.de\/wundertuetebenin\/wp-content\/uploads\/sites\/21659\/2022\/10\/DSC02673-1024x684.jpg\" alt=\"\" class=\"wp-image-286\" srcset=\"https:\/\/blogs.donboscovolunteers.de\/wundertuetebenin\/wp-content\/uploads\/sites\/21659\/2022\/10\/DSC02673-1024x684.jpg 1024w, https:\/\/blogs.donboscovolunteers.de\/wundertuetebenin\/wp-content\/uploads\/sites\/21659\/2022\/10\/DSC02673-300x200.jpg 300w, https:\/\/blogs.donboscovolunteers.de\/wundertuetebenin\/wp-content\/uploads\/sites\/21659\/2022\/10\/DSC02673-768x513.jpg 768w, https:\/\/blogs.donboscovolunteers.de\/wundertuetebenin\/wp-content\/uploads\/sites\/21659\/2022\/10\/DSC02673-1200x802.jpg 1200w, https:\/\/blogs.donboscovolunteers.de\/wundertuetebenin\/wp-content\/uploads\/sites\/21659\/2022\/10\/DSC02673.jpg 1280w\" sizes=\"auto, (max-width: 1024px) 100vw, 1024px\" \/><\/figure>\n\n\n\n<figure class=\"wp-block-image size-large\"><img loading=\"lazy\" decoding=\"async\" width=\"1024\" height=\"819\" data-id=\"285\" src=\"https:\/\/blogs.donboscovolunteers.de\/wundertuetebenin\/wp-content\/uploads\/sites\/21659\/2022\/10\/IMG_8997-1024x819.jpeg\" alt=\"\" class=\"wp-image-285\" srcset=\"https:\/\/blogs.donboscovolunteers.de\/wundertuetebenin\/wp-content\/uploads\/sites\/21659\/2022\/10\/IMG_8997-1024x819.jpeg 1024w, https:\/\/blogs.donboscovolunteers.de\/wundertuetebenin\/wp-content\/uploads\/sites\/21659\/2022\/10\/IMG_8997-300x240.jpeg 300w, https:\/\/blogs.donboscovolunteers.de\/wundertuetebenin\/wp-content\/uploads\/sites\/21659\/2022\/10\/IMG_8997-768x614.jpeg 768w, https:\/\/blogs.donboscovolunteers.de\/wundertuetebenin\/wp-content\/uploads\/sites\/21659\/2022\/10\/IMG_8997-1200x960.jpeg 1200w, https:\/\/blogs.donboscovolunteers.de\/wundertuetebenin\/wp-content\/uploads\/sites\/21659\/2022\/10\/IMG_8997.jpeg 1280w\" sizes=\"auto, (max-width: 1024px) 100vw, 1024px\" \/><\/figure>\n<\/figure>\n\n\n\n<p>Ein etwas langes Update aus dem fernen <a href=\"https:\/\/strassenkinder.de\/laender\/afrika\/benin\/\">Benin<\/a>, aber es gibt einfach so viel zu erz\u00e4hlen! F\u00fcr einen genaueren Einblick in meinen Arbeitsalltag bitte ich Euch noch etwas um Geduld. Plan ist es, \u00fcber die Zeit gesammelte Eindr\u00fccke aus den einzelnen Projekten mit Euch zu teilen. Eine knappe Beschreibung der Projekte findet Ihr aber schon jetzt auf meiner <a href=\"https:\/\/blogs.donboscovolunteers.de\/wundertuetebenin\/projekte\/\" target=\"_blank\" rel=\"noreferrer noopener\">Projekte-Seite<\/a>.&nbsp;<\/p>\n\n\n\n<p>Das Herz voller Dankbarkeit und das Gef\u00fchl, hier ganz richtig zu sein!<\/p>\n\n\n\n<p>Milena&nbsp;<\/p>\n\n\n\n<p>* Zum Schutze der Personen werde ich in meinem Blog immer ge\u00e4nderte Namen verwenden.<\/p>\n\n\n\n<p><\/p>\n\n\n\n<p><\/p>\n\n\n\n<p><\/p>\n\n\n\n<p><\/p>\n\n\n\n<p><\/p>\n\n\n\n<p><\/p>","protected":false},"excerpt":{"rendered":"<p>Ihr Lieben! Wo ist die Zeit nur hin? Ganze sechseinhalb Wochen bin ich nun schon hier! Sechseinhalb Wochen, die vor allem am Anfang alles andere als leicht waren. Da war so viel Neues:&nbsp; Weit weg von Zuhause sein, diese so unglaublich andere Kultur, die vielen Schicksale, die wir hier jeden Tag so nah miterleben, die [&hellip;]<\/p>\n","protected":false},"author":21749,"featured_media":282,"comment_status":"open","ping_status":"open","sticky":false,"template":"","format":"standard","meta":{"footnotes":""},"categories":[1],"tags":[],"class_list":["post-185","post","type-post","status-publish","format-standard","has-post-thumbnail","hentry","category-allgemein"],"yoast_head":"<!-- This site is optimized with the Yoast SEO plugin v25.3.1 - https:\/\/yoast.com\/wordpress\/plugins\/seo\/ -->\n<title>VON SONNENSTRAHLEN UND REGENSCHAUERN - Wundert\u00fcte Benin<\/title>\n<meta name=\"robots\" content=\"index, follow, max-snippet:-1, max-image-preview:large, max-video-preview:-1\" \/>\n<link rel=\"canonical\" href=\"https:\/\/blogs.donboscovolunteers.de\/wundertuetebenin\/2022\/10\/23\/von-sonnenstrahlen-und-regenschauern\/\" \/>\n<meta property=\"og:locale\" content=\"de_DE\" \/>\n<meta property=\"og:type\" content=\"article\" \/>\n<meta property=\"og:title\" content=\"VON SONNENSTRAHLEN UND REGENSCHAUERN - Wundert\u00fcte Benin\" \/>\n<meta property=\"og:description\" content=\"Ihr Lieben! Wo ist die Zeit nur hin? Ganze sechseinhalb Wochen bin ich nun schon hier! Sechseinhalb Wochen, die vor allem am Anfang alles andere als leicht waren. Da war so viel Neues:&nbsp; Weit weg von Zuhause sein, diese so unglaublich andere Kultur, die vielen Schicksale, die wir hier jeden Tag so nah miterleben, die [&hellip;]\" \/>\n<meta property=\"og:url\" content=\"https:\/\/blogs.donboscovolunteers.de\/wundertuetebenin\/2022\/10\/23\/von-sonnenstrahlen-und-regenschauern\/\" \/>\n<meta property=\"og:site_name\" content=\"Wundert\u00fcte Benin\" \/>\n<meta property=\"article:published_time\" content=\"2022-10-23T15:13:23+00:00\" \/>\n<meta property=\"article:modified_time\" content=\"2022-12-21T21:06:32+00:00\" \/>\n<meta property=\"og:image\" content=\"https:\/\/blogs.donboscovolunteers.de\/wundertuetebenin\/wp-content\/uploads\/sites\/21659\/2022\/10\/DSC02345-1.jpg\" \/>\n\t<meta property=\"og:image:width\" content=\"1280\" \/>\n\t<meta property=\"og:image:height\" content=\"855\" \/>\n\t<meta property=\"og:image:type\" content=\"image\/jpeg\" \/>\n<meta name=\"author\" content=\"Milena Ott\" \/>\n<meta name=\"twitter:card\" content=\"summary_large_image\" \/>\n<meta name=\"twitter:label1\" content=\"Verfasst von\" \/>\n\t<meta name=\"twitter:data1\" content=\"Milena Ott\" \/>\n\t<meta name=\"twitter:label2\" content=\"Gesch\u00e4tzte Lesezeit\" \/>\n\t<meta name=\"twitter:data2\" content=\"8\u00a0Minuten\" \/>\n<script type=\"application\/ld+json\" class=\"yoast-schema-graph\">{\"@context\":\"https:\/\/schema.org\",\"@graph\":[{\"@type\":\"WebPage\",\"@id\":\"https:\/\/blogs.donboscovolunteers.de\/wundertuetebenin\/2022\/10\/23\/von-sonnenstrahlen-und-regenschauern\/\",\"url\":\"https:\/\/blogs.donboscovolunteers.de\/wundertuetebenin\/2022\/10\/23\/von-sonnenstrahlen-und-regenschauern\/\",\"name\":\"VON SONNENSTRAHLEN UND REGENSCHAUERN - Wundert\u00fcte Benin\",\"isPartOf\":{\"@id\":\"https:\/\/blogs.donboscovolunteers.de\/wundertuetebenin\/#website\"},\"primaryImageOfPage\":{\"@id\":\"https:\/\/blogs.donboscovolunteers.de\/wundertuetebenin\/2022\/10\/23\/von-sonnenstrahlen-und-regenschauern\/#primaryimage\"},\"image\":{\"@id\":\"https:\/\/blogs.donboscovolunteers.de\/wundertuetebenin\/2022\/10\/23\/von-sonnenstrahlen-und-regenschauern\/#primaryimage\"},\"thumbnailUrl\":\"https:\/\/blogs.donboscovolunteers.de\/wundertuetebenin\/wp-content\/uploads\/sites\/21659\/2022\/10\/DSC02345-1.jpg\",\"datePublished\":\"2022-10-23T15:13:23+00:00\",\"dateModified\":\"2022-12-21T21:06:32+00:00\",\"author\":{\"@id\":\"https:\/\/blogs.donboscovolunteers.de\/wundertuetebenin\/#\/schema\/person\/0d0656a0b6c9404ca0f3e4351806b29f\"},\"breadcrumb\":{\"@id\":\"https:\/\/blogs.donboscovolunteers.de\/wundertuetebenin\/2022\/10\/23\/von-sonnenstrahlen-und-regenschauern\/#breadcrumb\"},\"inLanguage\":\"de\",\"potentialAction\":[{\"@type\":\"ReadAction\",\"target\":[\"https:\/\/blogs.donboscovolunteers.de\/wundertuetebenin\/2022\/10\/23\/von-sonnenstrahlen-und-regenschauern\/\"]}]},{\"@type\":\"ImageObject\",\"inLanguage\":\"de\",\"@id\":\"https:\/\/blogs.donboscovolunteers.de\/wundertuetebenin\/2022\/10\/23\/von-sonnenstrahlen-und-regenschauern\/#primaryimage\",\"url\":\"https:\/\/blogs.donboscovolunteers.de\/wundertuetebenin\/wp-content\/uploads\/sites\/21659\/2022\/10\/DSC02345-1.jpg\",\"contentUrl\":\"https:\/\/blogs.donboscovolunteers.de\/wundertuetebenin\/wp-content\/uploads\/sites\/21659\/2022\/10\/DSC02345-1.jpg\",\"width\":1280,\"height\":855},{\"@type\":\"BreadcrumbList\",\"@id\":\"https:\/\/blogs.donboscovolunteers.de\/wundertuetebenin\/2022\/10\/23\/von-sonnenstrahlen-und-regenschauern\/#breadcrumb\",\"itemListElement\":[{\"@type\":\"ListItem\",\"position\":1,\"name\":\"Startseite\",\"item\":\"https:\/\/blogs.donboscovolunteers.de\/wundertuetebenin\/\"},{\"@type\":\"ListItem\",\"position\":2,\"name\":\"VON SONNENSTRAHLEN UND REGENSCHAUERN\"}]},{\"@type\":\"WebSite\",\"@id\":\"https:\/\/blogs.donboscovolunteers.de\/wundertuetebenin\/#website\",\"url\":\"https:\/\/blogs.donboscovolunteers.de\/wundertuetebenin\/\",\"name\":\"Wundert\u00fcte Benin\",\"description\":\"Milena in Westafrika\",\"potentialAction\":[{\"@type\":\"SearchAction\",\"target\":{\"@type\":\"EntryPoint\",\"urlTemplate\":\"https:\/\/blogs.donboscovolunteers.de\/wundertuetebenin\/?s={search_term_string}\"},\"query-input\":{\"@type\":\"PropertyValueSpecification\",\"valueRequired\":true,\"valueName\":\"search_term_string\"}}],\"inLanguage\":\"de\"},{\"@type\":\"Person\",\"@id\":\"https:\/\/blogs.donboscovolunteers.de\/wundertuetebenin\/#\/schema\/person\/0d0656a0b6c9404ca0f3e4351806b29f\",\"name\":\"Milena Ott\",\"image\":{\"@type\":\"ImageObject\",\"inLanguage\":\"de\",\"@id\":\"https:\/\/blogs.donboscovolunteers.de\/wundertuetebenin\/#\/schema\/person\/image\/\",\"url\":\"https:\/\/secure.gravatar.com\/avatar\/e33bbb6682525062600dfe4ce222d246cf535a2fabd4431a12561c8d9ff57d87?s=96&d=mm&r=g\",\"contentUrl\":\"https:\/\/secure.gravatar.com\/avatar\/e33bbb6682525062600dfe4ce222d246cf535a2fabd4431a12561c8d9ff57d87?s=96&d=mm&r=g\",\"caption\":\"Milena Ott\"},\"url\":\"https:\/\/blogs.donboscovolunteers.de\/wundertuetebenin\/author\/milena\/\"}]}<\/script>\n<!-- \/ Yoast SEO plugin. -->","yoast_head_json":{"title":"VON SONNENSTRAHLEN UND REGENSCHAUERN - Wundert\u00fcte Benin","robots":{"index":"index","follow":"follow","max-snippet":"max-snippet:-1","max-image-preview":"max-image-preview:large","max-video-preview":"max-video-preview:-1"},"canonical":"https:\/\/blogs.donboscovolunteers.de\/wundertuetebenin\/2022\/10\/23\/von-sonnenstrahlen-und-regenschauern\/","og_locale":"de_DE","og_type":"article","og_title":"VON SONNENSTRAHLEN UND REGENSCHAUERN - Wundert\u00fcte Benin","og_description":"Ihr Lieben! Wo ist die Zeit nur hin? Ganze sechseinhalb Wochen bin ich nun schon hier! Sechseinhalb Wochen, die vor allem am Anfang alles andere als leicht waren. Da war so viel Neues:&nbsp; Weit weg von Zuhause sein, diese so unglaublich andere Kultur, die vielen Schicksale, die wir hier jeden Tag so nah miterleben, die [&hellip;]","og_url":"https:\/\/blogs.donboscovolunteers.de\/wundertuetebenin\/2022\/10\/23\/von-sonnenstrahlen-und-regenschauern\/","og_site_name":"Wundert\u00fcte Benin","article_published_time":"2022-10-23T15:13:23+00:00","article_modified_time":"2022-12-21T21:06:32+00:00","og_image":[{"width":1280,"height":855,"url":"https:\/\/blogs.donboscovolunteers.de\/wundertuetebenin\/wp-content\/uploads\/sites\/21659\/2022\/10\/DSC02345-1.jpg","type":"image\/jpeg"}],"author":"Milena Ott","twitter_card":"summary_large_image","twitter_misc":{"Verfasst von":"Milena Ott","Gesch\u00e4tzte Lesezeit":"8\u00a0Minuten"},"schema":{"@context":"https:\/\/schema.org","@graph":[{"@type":"WebPage","@id":"https:\/\/blogs.donboscovolunteers.de\/wundertuetebenin\/2022\/10\/23\/von-sonnenstrahlen-und-regenschauern\/","url":"https:\/\/blogs.donboscovolunteers.de\/wundertuetebenin\/2022\/10\/23\/von-sonnenstrahlen-und-regenschauern\/","name":"VON SONNENSTRAHLEN UND REGENSCHAUERN - Wundert\u00fcte Benin","isPartOf":{"@id":"https:\/\/blogs.donboscovolunteers.de\/wundertuetebenin\/#website"},"primaryImageOfPage":{"@id":"https:\/\/blogs.donboscovolunteers.de\/wundertuetebenin\/2022\/10\/23\/von-sonnenstrahlen-und-regenschauern\/#primaryimage"},"image":{"@id":"https:\/\/blogs.donboscovolunteers.de\/wundertuetebenin\/2022\/10\/23\/von-sonnenstrahlen-und-regenschauern\/#primaryimage"},"thumbnailUrl":"https:\/\/blogs.donboscovolunteers.de\/wundertuetebenin\/wp-content\/uploads\/sites\/21659\/2022\/10\/DSC02345-1.jpg","datePublished":"2022-10-23T15:13:23+00:00","dateModified":"2022-12-21T21:06:32+00:00","author":{"@id":"https:\/\/blogs.donboscovolunteers.de\/wundertuetebenin\/#\/schema\/person\/0d0656a0b6c9404ca0f3e4351806b29f"},"breadcrumb":{"@id":"https:\/\/blogs.donboscovolunteers.de\/wundertuetebenin\/2022\/10\/23\/von-sonnenstrahlen-und-regenschauern\/#breadcrumb"},"inLanguage":"de","potentialAction":[{"@type":"ReadAction","target":["https:\/\/blogs.donboscovolunteers.de\/wundertuetebenin\/2022\/10\/23\/von-sonnenstrahlen-und-regenschauern\/"]}]},{"@type":"ImageObject","inLanguage":"de","@id":"https:\/\/blogs.donboscovolunteers.de\/wundertuetebenin\/2022\/10\/23\/von-sonnenstrahlen-und-regenschauern\/#primaryimage","url":"https:\/\/blogs.donboscovolunteers.de\/wundertuetebenin\/wp-content\/uploads\/sites\/21659\/2022\/10\/DSC02345-1.jpg","contentUrl":"https:\/\/blogs.donboscovolunteers.de\/wundertuetebenin\/wp-content\/uploads\/sites\/21659\/2022\/10\/DSC02345-1.jpg","width":1280,"height":855},{"@type":"BreadcrumbList","@id":"https:\/\/blogs.donboscovolunteers.de\/wundertuetebenin\/2022\/10\/23\/von-sonnenstrahlen-und-regenschauern\/#breadcrumb","itemListElement":[{"@type":"ListItem","position":1,"name":"Startseite","item":"https:\/\/blogs.donboscovolunteers.de\/wundertuetebenin\/"},{"@type":"ListItem","position":2,"name":"VON SONNENSTRAHLEN UND REGENSCHAUERN"}]},{"@type":"WebSite","@id":"https:\/\/blogs.donboscovolunteers.de\/wundertuetebenin\/#website","url":"https:\/\/blogs.donboscovolunteers.de\/wundertuetebenin\/","name":"Wundert\u00fcte Benin","description":"Milena in Westafrika","potentialAction":[{"@type":"SearchAction","target":{"@type":"EntryPoint","urlTemplate":"https:\/\/blogs.donboscovolunteers.de\/wundertuetebenin\/?s={search_term_string}"},"query-input":{"@type":"PropertyValueSpecification","valueRequired":true,"valueName":"search_term_string"}}],"inLanguage":"de"},{"@type":"Person","@id":"https:\/\/blogs.donboscovolunteers.de\/wundertuetebenin\/#\/schema\/person\/0d0656a0b6c9404ca0f3e4351806b29f","name":"Milena Ott","image":{"@type":"ImageObject","inLanguage":"de","@id":"https:\/\/blogs.donboscovolunteers.de\/wundertuetebenin\/#\/schema\/person\/image\/","url":"https:\/\/secure.gravatar.com\/avatar\/e33bbb6682525062600dfe4ce222d246cf535a2fabd4431a12561c8d9ff57d87?s=96&d=mm&r=g","contentUrl":"https:\/\/secure.gravatar.com\/avatar\/e33bbb6682525062600dfe4ce222d246cf535a2fabd4431a12561c8d9ff57d87?s=96&d=mm&r=g","caption":"Milena Ott"},"url":"https:\/\/blogs.donboscovolunteers.de\/wundertuetebenin\/author\/milena\/"}]}},"_links":{"self":[{"href":"https:\/\/blogs.donboscovolunteers.de\/wundertuetebenin\/wp-json\/wp\/v2\/posts\/185","targetHints":{"allow":["GET"]}}],"collection":[{"href":"https:\/\/blogs.donboscovolunteers.de\/wundertuetebenin\/wp-json\/wp\/v2\/posts"}],"about":[{"href":"https:\/\/blogs.donboscovolunteers.de\/wundertuetebenin\/wp-json\/wp\/v2\/types\/post"}],"author":[{"embeddable":true,"href":"https:\/\/blogs.donboscovolunteers.de\/wundertuetebenin\/wp-json\/wp\/v2\/users\/21749"}],"replies":[{"embeddable":true,"href":"https:\/\/blogs.donboscovolunteers.de\/wundertuetebenin\/wp-json\/wp\/v2\/comments?post=185"}],"version-history":[{"count":32,"href":"https:\/\/blogs.donboscovolunteers.de\/wundertuetebenin\/wp-json\/wp\/v2\/posts\/185\/revisions"}],"predecessor-version":[{"id":333,"href":"https:\/\/blogs.donboscovolunteers.de\/wundertuetebenin\/wp-json\/wp\/v2\/posts\/185\/revisions\/333"}],"wp:featuredmedia":[{"embeddable":true,"href":"https:\/\/blogs.donboscovolunteers.de\/wundertuetebenin\/wp-json\/wp\/v2\/media\/282"}],"wp:attachment":[{"href":"https:\/\/blogs.donboscovolunteers.de\/wundertuetebenin\/wp-json\/wp\/v2\/media?parent=185"}],"wp:term":[{"taxonomy":"category","embeddable":true,"href":"https:\/\/blogs.donboscovolunteers.de\/wundertuetebenin\/wp-json\/wp\/v2\/categories?post=185"},{"taxonomy":"post_tag","embeddable":true,"href":"https:\/\/blogs.donboscovolunteers.de\/wundertuetebenin\/wp-json\/wp\/v2\/tags?post=185"}],"curies":[{"name":"wp","href":"https:\/\/api.w.org\/{rel}","templated":true}]}}