{"id":18,"date":"2022-07-24T21:33:04","date_gmt":"2022-07-24T19:33:04","guid":{"rendered":"https:\/\/blogs.donboscovolunteers.de\/wundertuetebenin\/?p=18"},"modified":"2022-10-12T21:39:38","modified_gmt":"2022-10-12T19:39:38","slug":"nach-berlin-nein-nein-benin","status":"publish","type":"post","link":"https:\/\/blogs.donboscovolunteers.de\/wundertuetebenin\/2022\/07\/24\/nach-berlin-nein-nein-benin\/","title":{"rendered":"Nach Berlin? &#8211; Nein, nein Benin!"},"content":{"rendered":"<h4 class=\"wp-block-heading\"><strong>\u201eNach Berlin?\u201c &#8211; \u201eNein, nein <a href=\"https:\/\/strassenkinder.de\/laender\/afrika\/benin\/\">Benin<\/a>!\u201c Wie oft ich einen derartigen Wortwechsel in den vergangenen Wochen gef\u00fchrt habe? Ich wei\u00df es selbst nicht mehr<\/strong>.<\/h4>\n\n\n\n<p class=\"has-text-align-left\">Gro\u00dfeltern, Verwandte, Nachbarn bei Gespr\u00e4chen \u00fcber den Gartenzaun, Lehrer (!), Freunde und Bekannte &#8211; nur die wenigsten konnten Benin \u00fcberhaupt einem Kontinent zuordnen. Und das, obwohl das Land immerhin circa ein Drittel so gro\u00df wie Deutschland ist. <\/p>\n\n\n\n<p class=\"has-text-align-left\">Ich m\u00f6chte ehrlich sein: Auch ich hatte das Land als ich den Vorschlag bekam nicht auf dem Schirm und musste Benin erst einmal googeln, um genau zu wissen, wo das ist.\u00a0Aha, Westafrika also. Viele, mit denen ich gesprochen habe, reduzieren diesen Teil Afrikas auf gef\u00e4hrliche Krankheiten und auf Armut. Ja. Das gibt es da. Und ja, damit muss ich mich auseinandersetzen und das muss mir bewusst sein, ABER ich bin mir sicher: Da gibt es noch so viel mehr und das will ich kennenlernen!\u00a0<\/p>\n\n\n\n<div class=\"wp-block-columns is-layout-flex wp-container-core-columns-is-layout-9d6595d7 wp-block-columns-is-layout-flex\">\n<div class=\"wp-block-column is-layout-flow wp-block-column-is-layout-flow\" style=\"flex-basis:100%\">\n<div class=\"wp-block-media-text alignwide is-stacked-on-mobile\" style=\"grid-template-columns:30% auto\"><figure class=\"wp-block-media-text__media\"><img loading=\"lazy\" decoding=\"async\" width=\"554\" height=\"985\" src=\"https:\/\/blogs.donboscovolunteers.de\/wundertuetebenin\/wp-content\/uploads\/sites\/21659\/2022\/08\/C2EFDCCD-1389-4420-B766-1C6C999ACD96-edited.jpg\" alt=\"\" class=\"wp-image-81 size-full\" srcset=\"https:\/\/blogs.donboscovolunteers.de\/wundertuetebenin\/wp-content\/uploads\/sites\/21659\/2022\/08\/C2EFDCCD-1389-4420-B766-1C6C999ACD96-edited.jpg 554w, https:\/\/blogs.donboscovolunteers.de\/wundertuetebenin\/wp-content\/uploads\/sites\/21659\/2022\/08\/C2EFDCCD-1389-4420-B766-1C6C999ACD96-edited-169x300.jpg 169w\" sizes=\"auto, (max-width: 554px) 100vw, 554px\" \/><\/figure><div class=\"wp-block-media-text__content\">\n<p>Ich werde Benin nicht allein unsicher machen: Mit dabei ist Mia &#8211; meine Mitvolont\u00e4rin, die ich schon jetzt ins Herz geschlossen habe! Auch sie schreibt einen Blog, bei dem Du gerne vorbeischauen darfst (<a href=\"https:\/\/blogs.donboscovolunteers.de\/mimmiinbenini\" target=\"_blank\" rel=\"noreferrer noopener\">https:\/\/blogs.donboscovolunteers.de\/mimmiinbenini<\/a>)!<\/p>\n<\/div><\/div>\n<\/div>\n<\/div>\n\n\n\n<h4 class=\"wp-block-heading\"><strong>Was meinem Blog seinen Namen gegeben hat.&nbsp;<\/strong><\/h4>\n\n\n\n<p>In Benin gibt es keine weltbekannten Nationalparks, keine etliche Meter hohen Wasserf\u00e4lle und auch keine ber\u00fchmten Kite-Str\u00e4nde. In meinem lonely planet Westafrika-Reisef\u00fchrer lassen sich tapfere 15 Seiten \u00fcber dieses Land finden. W\u00e4re ich also jemals in dieses Land gekommen, wenn ich dort nicht meinen <a href=\"https:\/\/www.donboscovolunteers.de\/\">Freiwilligendienst<\/a> leisten w\u00fcrde? Sag niemals nie, aber vermutlich nein! Und genau das macht dieses Land f\u00fcr mich so spannend! &nbsp;<\/p>\n\n\n\n<p>Bei unserem zweiten Vorbereitungsseminar in Benediktbeuern wurden wir nach unserem Lieblingswort gefragt. Damals habe ich \u201eMarmeladenglasmoment\u201c gesagt, aber je mehr ich dar\u00fcber nachdenke, desto mehr mag ich das Wort \u201eWundert\u00fcte\u201c. <\/p>\n\n\n\n<p>Ich erinnere mich noch gut an meine Zeit im Waldorfkindergarten in Berlin, wo es auf den Basaren immer Wundert\u00fcten zu kaufen gab.&nbsp;Das H\u00f6chste f\u00fcr uns Kinder! Und genau dieses Gef\u00fchl, das man als Kind hat, wenn man eine Wundert\u00fcte in der Hand h\u00e4lt, habe ich, wenn ich an Benin denke. F\u00fcr mich ist Benin wie eine Wundert\u00fcte, auf die ich mich unheimlich freue, von der ich aber ehrlich gesagt kaum eine Vorstellung habe, was sich darin verbirgt. Je n\u00e4her der Freiwilligendienst kommt, desto weiter \u00f6ffnet sich diese Wundert\u00fcte und desto mehr lerne ich \u00fcber dieses Land. Und wenn Mia und ich dann am 07. September im Flugzeug nach Benin sitzen, dann geht es erst so richtig los! <\/p>\n\n\n\n<p>In diesem Sinne: Auf all die Marmeladenglasmomente, die hoffentlich in der Wundert\u00fcte Benin auf uns warten!<\/p>","protected":false},"excerpt":{"rendered":"<p>\u201eNach Berlin?\u201c &#8211; \u201eNein, nein <a href=\"https:\/\/strassenkinder.de\/laender\/afrika\/benin\/\">Benin<\/a>!\u201c Wie oft ich einen derartigen Wortwechsel in den vergangenen Wochen gef\u00fchrt habe? Ich wei\u00df es selbst nicht mehr. Gro\u00dfeltern, Verwandte, Nachbarn bei Gespr\u00e4chen \u00fcber den Gartenzaun, Lehrer (!), Freunde und Bekannte &#8211; nur die wenigsten konnten Benin \u00fcberhaupt einem Kontinent zuordnen. Und das, obwohl das Land immerhin circa ein [&hellip;]<\/p>\n","protected":false},"author":21749,"featured_media":174,"comment_status":"open","ping_status":"open","sticky":false,"template":"","format":"standard","meta":{"footnotes":""},"categories":[1],"tags":[4,7,6],"class_list":["post-18","post","type-post","status-publish","format-standard","has-post-thumbnail","hentry","category-allgemein","tag-benin","tag-freiwilligendienst","tag-milena"],"yoast_head":"<!-- This site is optimized with the Yoast SEO plugin v25.3.1 - https:\/\/yoast.com\/wordpress\/plugins\/seo\/ -->\n<title>Nach Berlin? - Nein, nein Benin! - Wundert\u00fcte Benin<\/title>\n<meta name=\"description\" content=\"\u201eNach Berlin?\u201c - \u201eNein, nein Benin!\u201c Wie oft ich einen derartigen Wortwechsel in den vergangenen Wochen gef\u00fchrt habe? Ich wei\u00df es selbst nicht mehr.\" \/>\n<meta name=\"robots\" content=\"index, follow, max-snippet:-1, max-image-preview:large, max-video-preview:-1\" \/>\n<link rel=\"canonical\" href=\"https:\/\/blogs.donboscovolunteers.de\/wundertuetebenin\/2022\/07\/24\/nach-berlin-nein-nein-benin\/\" \/>\n<meta property=\"og:locale\" content=\"de_DE\" \/>\n<meta property=\"og:type\" content=\"article\" \/>\n<meta property=\"og:title\" content=\"Nach Berlin? - Nein, nein Benin! - Wundert\u00fcte Benin\" \/>\n<meta property=\"og:description\" content=\"\u201eNach Berlin?\u201c - \u201eNein, nein Benin!\u201c Wie oft ich einen derartigen Wortwechsel in den vergangenen Wochen gef\u00fchrt habe? Ich wei\u00df es selbst nicht mehr.\" \/>\n<meta property=\"og:url\" content=\"https:\/\/blogs.donboscovolunteers.de\/wundertuetebenin\/2022\/07\/24\/nach-berlin-nein-nein-benin\/\" \/>\n<meta property=\"og:site_name\" content=\"Wundert\u00fcte Benin\" \/>\n<meta property=\"article:published_time\" content=\"2022-07-24T19:33:04+00:00\" \/>\n<meta property=\"article:modified_time\" content=\"2022-10-12T19:39:38+00:00\" \/>\n<meta property=\"og:image\" content=\"https:\/\/blogs.donboscovolunteers.de\/wundertuetebenin\/wp-content\/uploads\/sites\/21659\/2022\/07\/IMG_4747.jpg\" \/>\n\t<meta property=\"og:image:width\" content=\"1125\" \/>\n\t<meta property=\"og:image:height\" content=\"827\" \/>\n\t<meta property=\"og:image:type\" content=\"image\/jpeg\" \/>\n<meta name=\"author\" content=\"Milena Ott\" \/>\n<meta name=\"twitter:card\" content=\"summary_large_image\" \/>\n<meta name=\"twitter:label1\" content=\"Verfasst von\" \/>\n\t<meta name=\"twitter:data1\" content=\"Milena Ott\" \/>\n\t<meta name=\"twitter:label2\" content=\"Gesch\u00e4tzte Lesezeit\" \/>\n\t<meta name=\"twitter:data2\" content=\"3\u00a0Minuten\" \/>\n<script type=\"application\/ld+json\" class=\"yoast-schema-graph\">{\"@context\":\"https:\/\/schema.org\",\"@graph\":[{\"@type\":\"WebPage\",\"@id\":\"https:\/\/blogs.donboscovolunteers.de\/wundertuetebenin\/2022\/07\/24\/nach-berlin-nein-nein-benin\/\",\"url\":\"https:\/\/blogs.donboscovolunteers.de\/wundertuetebenin\/2022\/07\/24\/nach-berlin-nein-nein-benin\/\",\"name\":\"Nach Berlin? - Nein, nein Benin! - Wundert\u00fcte Benin\",\"isPartOf\":{\"@id\":\"https:\/\/blogs.donboscovolunteers.de\/wundertuetebenin\/#website\"},\"primaryImageOfPage\":{\"@id\":\"https:\/\/blogs.donboscovolunteers.de\/wundertuetebenin\/2022\/07\/24\/nach-berlin-nein-nein-benin\/#primaryimage\"},\"image\":{\"@id\":\"https:\/\/blogs.donboscovolunteers.de\/wundertuetebenin\/2022\/07\/24\/nach-berlin-nein-nein-benin\/#primaryimage\"},\"thumbnailUrl\":\"https:\/\/blogs.donboscovolunteers.de\/wundertuetebenin\/wp-content\/uploads\/sites\/21659\/2022\/07\/IMG_4747.jpg\",\"datePublished\":\"2022-07-24T19:33:04+00:00\",\"dateModified\":\"2022-10-12T19:39:38+00:00\",\"author\":{\"@id\":\"https:\/\/blogs.donboscovolunteers.de\/wundertuetebenin\/#\/schema\/person\/0d0656a0b6c9404ca0f3e4351806b29f\"},\"description\":\"\u201eNach Berlin?\u201c - \u201eNein, nein Benin!\u201c Wie oft ich einen derartigen Wortwechsel in den vergangenen Wochen gef\u00fchrt habe? Ich wei\u00df es selbst nicht mehr.\",\"breadcrumb\":{\"@id\":\"https:\/\/blogs.donboscovolunteers.de\/wundertuetebenin\/2022\/07\/24\/nach-berlin-nein-nein-benin\/#breadcrumb\"},\"inLanguage\":\"de\",\"potentialAction\":[{\"@type\":\"ReadAction\",\"target\":[\"https:\/\/blogs.donboscovolunteers.de\/wundertuetebenin\/2022\/07\/24\/nach-berlin-nein-nein-benin\/\"]}]},{\"@type\":\"ImageObject\",\"inLanguage\":\"de\",\"@id\":\"https:\/\/blogs.donboscovolunteers.de\/wundertuetebenin\/2022\/07\/24\/nach-berlin-nein-nein-benin\/#primaryimage\",\"url\":\"https:\/\/blogs.donboscovolunteers.de\/wundertuetebenin\/wp-content\/uploads\/sites\/21659\/2022\/07\/IMG_4747.jpg\",\"contentUrl\":\"https:\/\/blogs.donboscovolunteers.de\/wundertuetebenin\/wp-content\/uploads\/sites\/21659\/2022\/07\/IMG_4747.jpg\",\"width\":1125,\"height\":827},{\"@type\":\"BreadcrumbList\",\"@id\":\"https:\/\/blogs.donboscovolunteers.de\/wundertuetebenin\/2022\/07\/24\/nach-berlin-nein-nein-benin\/#breadcrumb\",\"itemListElement\":[{\"@type\":\"ListItem\",\"position\":1,\"name\":\"Startseite\",\"item\":\"https:\/\/blogs.donboscovolunteers.de\/wundertuetebenin\/\"},{\"@type\":\"ListItem\",\"position\":2,\"name\":\"Nach Berlin? &#8211; Nein, nein Benin!\"}]},{\"@type\":\"WebSite\",\"@id\":\"https:\/\/blogs.donboscovolunteers.de\/wundertuetebenin\/#website\",\"url\":\"https:\/\/blogs.donboscovolunteers.de\/wundertuetebenin\/\",\"name\":\"Wundert\u00fcte Benin\",\"description\":\"Milena in Westafrika\",\"potentialAction\":[{\"@type\":\"SearchAction\",\"target\":{\"@type\":\"EntryPoint\",\"urlTemplate\":\"https:\/\/blogs.donboscovolunteers.de\/wundertuetebenin\/?s={search_term_string}\"},\"query-input\":{\"@type\":\"PropertyValueSpecification\",\"valueRequired\":true,\"valueName\":\"search_term_string\"}}],\"inLanguage\":\"de\"},{\"@type\":\"Person\",\"@id\":\"https:\/\/blogs.donboscovolunteers.de\/wundertuetebenin\/#\/schema\/person\/0d0656a0b6c9404ca0f3e4351806b29f\",\"name\":\"Milena Ott\",\"image\":{\"@type\":\"ImageObject\",\"inLanguage\":\"de\",\"@id\":\"https:\/\/blogs.donboscovolunteers.de\/wundertuetebenin\/#\/schema\/person\/image\/\",\"url\":\"https:\/\/secure.gravatar.com\/avatar\/e33bbb6682525062600dfe4ce222d246cf535a2fabd4431a12561c8d9ff57d87?s=96&d=mm&r=g\",\"contentUrl\":\"https:\/\/secure.gravatar.com\/avatar\/e33bbb6682525062600dfe4ce222d246cf535a2fabd4431a12561c8d9ff57d87?s=96&d=mm&r=g\",\"caption\":\"Milena Ott\"},\"url\":\"https:\/\/blogs.donboscovolunteers.de\/wundertuetebenin\/author\/milena\/\"}]}<\/script>\n<!-- \/ Yoast SEO plugin. -->","yoast_head_json":{"title":"Nach Berlin? - Nein, nein Benin! - Wundert\u00fcte Benin","description":"\u201eNach Berlin?\u201c - \u201eNein, nein Benin!\u201c Wie oft ich einen derartigen Wortwechsel in den vergangenen Wochen gef\u00fchrt habe? Ich wei\u00df es selbst nicht mehr.","robots":{"index":"index","follow":"follow","max-snippet":"max-snippet:-1","max-image-preview":"max-image-preview:large","max-video-preview":"max-video-preview:-1"},"canonical":"https:\/\/blogs.donboscovolunteers.de\/wundertuetebenin\/2022\/07\/24\/nach-berlin-nein-nein-benin\/","og_locale":"de_DE","og_type":"article","og_title":"Nach Berlin? - Nein, nein Benin! - Wundert\u00fcte Benin","og_description":"\u201eNach Berlin?\u201c - \u201eNein, nein Benin!\u201c Wie oft ich einen derartigen Wortwechsel in den vergangenen Wochen gef\u00fchrt habe? Ich wei\u00df es selbst nicht mehr.","og_url":"https:\/\/blogs.donboscovolunteers.de\/wundertuetebenin\/2022\/07\/24\/nach-berlin-nein-nein-benin\/","og_site_name":"Wundert\u00fcte Benin","article_published_time":"2022-07-24T19:33:04+00:00","article_modified_time":"2022-10-12T19:39:38+00:00","og_image":[{"width":1125,"height":827,"url":"https:\/\/blogs.donboscovolunteers.de\/wundertuetebenin\/wp-content\/uploads\/sites\/21659\/2022\/07\/IMG_4747.jpg","type":"image\/jpeg"}],"author":"Milena Ott","twitter_card":"summary_large_image","twitter_misc":{"Verfasst von":"Milena Ott","Gesch\u00e4tzte Lesezeit":"3\u00a0Minuten"},"schema":{"@context":"https:\/\/schema.org","@graph":[{"@type":"WebPage","@id":"https:\/\/blogs.donboscovolunteers.de\/wundertuetebenin\/2022\/07\/24\/nach-berlin-nein-nein-benin\/","url":"https:\/\/blogs.donboscovolunteers.de\/wundertuetebenin\/2022\/07\/24\/nach-berlin-nein-nein-benin\/","name":"Nach Berlin? - Nein, nein Benin! - Wundert\u00fcte Benin","isPartOf":{"@id":"https:\/\/blogs.donboscovolunteers.de\/wundertuetebenin\/#website"},"primaryImageOfPage":{"@id":"https:\/\/blogs.donboscovolunteers.de\/wundertuetebenin\/2022\/07\/24\/nach-berlin-nein-nein-benin\/#primaryimage"},"image":{"@id":"https:\/\/blogs.donboscovolunteers.de\/wundertuetebenin\/2022\/07\/24\/nach-berlin-nein-nein-benin\/#primaryimage"},"thumbnailUrl":"https:\/\/blogs.donboscovolunteers.de\/wundertuetebenin\/wp-content\/uploads\/sites\/21659\/2022\/07\/IMG_4747.jpg","datePublished":"2022-07-24T19:33:04+00:00","dateModified":"2022-10-12T19:39:38+00:00","author":{"@id":"https:\/\/blogs.donboscovolunteers.de\/wundertuetebenin\/#\/schema\/person\/0d0656a0b6c9404ca0f3e4351806b29f"},"description":"\u201eNach Berlin?\u201c - \u201eNein, nein Benin!\u201c Wie oft ich einen derartigen Wortwechsel in den vergangenen Wochen gef\u00fchrt habe? Ich wei\u00df es selbst nicht mehr.","breadcrumb":{"@id":"https:\/\/blogs.donboscovolunteers.de\/wundertuetebenin\/2022\/07\/24\/nach-berlin-nein-nein-benin\/#breadcrumb"},"inLanguage":"de","potentialAction":[{"@type":"ReadAction","target":["https:\/\/blogs.donboscovolunteers.de\/wundertuetebenin\/2022\/07\/24\/nach-berlin-nein-nein-benin\/"]}]},{"@type":"ImageObject","inLanguage":"de","@id":"https:\/\/blogs.donboscovolunteers.de\/wundertuetebenin\/2022\/07\/24\/nach-berlin-nein-nein-benin\/#primaryimage","url":"https:\/\/blogs.donboscovolunteers.de\/wundertuetebenin\/wp-content\/uploads\/sites\/21659\/2022\/07\/IMG_4747.jpg","contentUrl":"https:\/\/blogs.donboscovolunteers.de\/wundertuetebenin\/wp-content\/uploads\/sites\/21659\/2022\/07\/IMG_4747.jpg","width":1125,"height":827},{"@type":"BreadcrumbList","@id":"https:\/\/blogs.donboscovolunteers.de\/wundertuetebenin\/2022\/07\/24\/nach-berlin-nein-nein-benin\/#breadcrumb","itemListElement":[{"@type":"ListItem","position":1,"name":"Startseite","item":"https:\/\/blogs.donboscovolunteers.de\/wundertuetebenin\/"},{"@type":"ListItem","position":2,"name":"Nach Berlin? &#8211; Nein, nein Benin!"}]},{"@type":"WebSite","@id":"https:\/\/blogs.donboscovolunteers.de\/wundertuetebenin\/#website","url":"https:\/\/blogs.donboscovolunteers.de\/wundertuetebenin\/","name":"Wundert\u00fcte Benin","description":"Milena in Westafrika","potentialAction":[{"@type":"SearchAction","target":{"@type":"EntryPoint","urlTemplate":"https:\/\/blogs.donboscovolunteers.de\/wundertuetebenin\/?s={search_term_string}"},"query-input":{"@type":"PropertyValueSpecification","valueRequired":true,"valueName":"search_term_string"}}],"inLanguage":"de"},{"@type":"Person","@id":"https:\/\/blogs.donboscovolunteers.de\/wundertuetebenin\/#\/schema\/person\/0d0656a0b6c9404ca0f3e4351806b29f","name":"Milena Ott","image":{"@type":"ImageObject","inLanguage":"de","@id":"https:\/\/blogs.donboscovolunteers.de\/wundertuetebenin\/#\/schema\/person\/image\/","url":"https:\/\/secure.gravatar.com\/avatar\/e33bbb6682525062600dfe4ce222d246cf535a2fabd4431a12561c8d9ff57d87?s=96&d=mm&r=g","contentUrl":"https:\/\/secure.gravatar.com\/avatar\/e33bbb6682525062600dfe4ce222d246cf535a2fabd4431a12561c8d9ff57d87?s=96&d=mm&r=g","caption":"Milena Ott"},"url":"https:\/\/blogs.donboscovolunteers.de\/wundertuetebenin\/author\/milena\/"}]}},"_links":{"self":[{"href":"https:\/\/blogs.donboscovolunteers.de\/wundertuetebenin\/wp-json\/wp\/v2\/posts\/18","targetHints":{"allow":["GET"]}}],"collection":[{"href":"https:\/\/blogs.donboscovolunteers.de\/wundertuetebenin\/wp-json\/wp\/v2\/posts"}],"about":[{"href":"https:\/\/blogs.donboscovolunteers.de\/wundertuetebenin\/wp-json\/wp\/v2\/types\/post"}],"author":[{"embeddable":true,"href":"https:\/\/blogs.donboscovolunteers.de\/wundertuetebenin\/wp-json\/wp\/v2\/users\/21749"}],"replies":[{"embeddable":true,"href":"https:\/\/blogs.donboscovolunteers.de\/wundertuetebenin\/wp-json\/wp\/v2\/comments?post=18"}],"version-history":[{"count":26,"href":"https:\/\/blogs.donboscovolunteers.de\/wundertuetebenin\/wp-json\/wp\/v2\/posts\/18\/revisions"}],"predecessor-version":[{"id":260,"href":"https:\/\/blogs.donboscovolunteers.de\/wundertuetebenin\/wp-json\/wp\/v2\/posts\/18\/revisions\/260"}],"wp:featuredmedia":[{"embeddable":true,"href":"https:\/\/blogs.donboscovolunteers.de\/wundertuetebenin\/wp-json\/wp\/v2\/media\/174"}],"wp:attachment":[{"href":"https:\/\/blogs.donboscovolunteers.de\/wundertuetebenin\/wp-json\/wp\/v2\/media?parent=18"}],"wp:term":[{"taxonomy":"category","embeddable":true,"href":"https:\/\/blogs.donboscovolunteers.de\/wundertuetebenin\/wp-json\/wp\/v2\/categories?post=18"},{"taxonomy":"post_tag","embeddable":true,"href":"https:\/\/blogs.donboscovolunteers.de\/wundertuetebenin\/wp-json\/wp\/v2\/tags?post=18"}],"curies":[{"name":"wp","href":"https:\/\/api.w.org\/{rel}","templated":true}]}}