{"id":124,"date":"2022-09-18T15:50:22","date_gmt":"2022-09-18T13:50:22","guid":{"rendered":"https:\/\/blogs.donboscovolunteers.de\/wundertuetebenin\/?p=124"},"modified":"2022-10-09T13:09:35","modified_gmt":"2022-10-09T11:09:35","slug":"coucou-cotonou","status":"publish","type":"post","link":"https:\/\/blogs.donboscovolunteers.de\/wundertuetebenin\/2022\/09\/18\/coucou-cotonou\/","title":{"rendered":"COUCOU COTONOU!"},"content":{"rendered":"<blockquote class=\"wp-block-quote is-layout-flow wp-block-quote-is-layout-flow\"><p>Schon die kleine Milena hat immer &#8222;da lang&#8220; gesagt und die gro\u00dfe Milena sagt das jetzt auch wieder!<\/p><cite>Opa Richard <\/cite><\/blockquote>\n\n\n\n<p>Mit diesen Worten hat mich mein Opa am Tag vor meiner Abreise verabschiedet. Wenn man mich als Kleinkind fragte, wohin ich gehen wolle, sagte ich immer &#8222;da lang&#8220;. Damals war &#8222;da lang&#8220;: &#8222;Zum Spielplatz.&#8220; Am 07. September hie\u00df &#8222;da lang&#8220; f\u00fcr mich: &#8222;Auf ins Abenteuer <a href=\"https:\/\/strassenkinder.de\/laender\/afrika\/benin\/\">Benin<\/a>!&#8220; <\/p>\n\n\n\n<p>Beim Abschied von meiner Familie sind einige Tr\u00e4nen gekullert, aber sp\u00e4testens im Afrika-Gate im Br\u00fcsseler Flughafen wurde aus dem mulmigen Abschiedsgef\u00fchl ein vorfreudiges Kribbeln, denn schon dort haben wir uns ein bisschen wie in einer anderen Welt gef\u00fchlt. &#8222;Schwuppdiwupp&#8220; waren die 10 Stunden Reisezeit vorbei und mein Leben hat sich komplett auf den Kopf gestellt! Nichts ist mehr so, wie es war und das ist unfassbar aufregend! <\/p>\n\n\n\n<figure class=\"wp-block-gallery has-nested-images columns-default is-cropped wp-block-gallery-1 is-layout-flex wp-block-gallery-is-layout-flex\">\n<figure class=\"wp-block-image size-large\"><img loading=\"lazy\" decoding=\"async\" width=\"1125\" height=\"810\" data-id=\"163\" src=\"https:\/\/blogs.donboscovolunteers.de\/wundertuetebenin\/wp-content\/uploads\/sites\/21659\/2022\/09\/IMG_4744.jpg\" alt=\"\" class=\"wp-image-163\" srcset=\"https:\/\/blogs.donboscovolunteers.de\/wundertuetebenin\/wp-content\/uploads\/sites\/21659\/2022\/09\/IMG_4744.jpg 1125w, https:\/\/blogs.donboscovolunteers.de\/wundertuetebenin\/wp-content\/uploads\/sites\/21659\/2022\/09\/IMG_4744-300x216.jpg 300w, https:\/\/blogs.donboscovolunteers.de\/wundertuetebenin\/wp-content\/uploads\/sites\/21659\/2022\/09\/IMG_4744-1024x737.jpg 1024w, https:\/\/blogs.donboscovolunteers.de\/wundertuetebenin\/wp-content\/uploads\/sites\/21659\/2022\/09\/IMG_4744-768x553.jpg 768w\" sizes=\"auto, (max-width: 1125px) 100vw, 1125px\" \/><figcaption>Ankunft in Cotonou! M\u00fcde aber \u00fcbergl\u00fccklich!<\/figcaption><\/figure>\n\n\n\n<figure class=\"wp-block-image size-large\"><img loading=\"lazy\" decoding=\"async\" width=\"1280\" height=\"855\" data-id=\"172\" src=\"https:\/\/blogs.donboscovolunteers.de\/wundertuetebenin\/wp-content\/uploads\/sites\/21659\/2022\/09\/DSC02155-2.jpg\" alt=\"\" class=\"wp-image-172\" srcset=\"https:\/\/blogs.donboscovolunteers.de\/wundertuetebenin\/wp-content\/uploads\/sites\/21659\/2022\/09\/DSC02155-2.jpg 1280w, https:\/\/blogs.donboscovolunteers.de\/wundertuetebenin\/wp-content\/uploads\/sites\/21659\/2022\/09\/DSC02155-2-300x200.jpg 300w, https:\/\/blogs.donboscovolunteers.de\/wundertuetebenin\/wp-content\/uploads\/sites\/21659\/2022\/09\/DSC02155-2-1024x684.jpg 1024w, https:\/\/blogs.donboscovolunteers.de\/wundertuetebenin\/wp-content\/uploads\/sites\/21659\/2022\/09\/DSC02155-2-768x513.jpg 768w, https:\/\/blogs.donboscovolunteers.de\/wundertuetebenin\/wp-content\/uploads\/sites\/21659\/2022\/09\/DSC02155-2-1200x802.jpg 1200w\" sizes=\"auto, (max-width: 1280px) 100vw, 1280px\" \/><figcaption>Der Kleber hat es durch den Zoll geschafft und wurde gleich am ersten Abend  aus allen Ritzen gekramt&#8230; <\/figcaption><\/figure>\n<\/figure>\n\n\n\n<h3 class=\"wp-block-heading\">\u201eBonjour Tata Milena!\u201c <\/h3>\n\n\n\n<p>So werde ich jeden Tag freudig von allen Seiten begr\u00fc\u00dft! Tata hei\u00dft auf der Stammessprache Fongb\u00e9 (eine der vielen Sprachen, die man im Benin spricht)  &#8222;gro\u00dfe Schwester&#8220;. Jetzt bin ich also nicht mehr nur gro\u00dfe Schwester von meinen zwei Lieblingen Zuhause, sondern auch Tata von vielen, vielen Kindern, mit denen ich jetzt ein Jahr lang Zeit verbringen darf! Irgendwann wird hier alles Alltag sein, aber jetzt bestaune ich noch die Verk\u00e4uferinnen auf der Stra\u00dfe, die ihre Ware auf dem Kopf balancieren, renne aufgeregt mit Mia an der Hand  \u00fcber die Stra\u00dfen und hoffe, nicht von den hupenden Zems (Mototaxis, die hier das g\u00e4ngigste Verkehrsmittel sind) erwischt zu werden, freue mich wie ein kleines Kind, wenn ich meine Ananas zum Preis f\u00fcr Einheimische ergattere, lerne die ersten W\u00f6rter auf Fongb\u00e9 und verbringe die ersten sonnigen Stunden mit den Babys, Kindern und Jugendlichen in den verschiedenen Projekten, die ich unterst\u00fctzen darf (dazu bald mehr!).<\/p>\n\n\n\n<figure class=\"wp-block-gallery has-nested-images columns-default is-cropped wp-block-gallery-2 is-layout-flex wp-block-gallery-is-layout-flex\">\n<figure class=\"wp-block-image size-large\"><img loading=\"lazy\" decoding=\"async\" width=\"1152\" height=\"864\" data-id=\"170\" src=\"https:\/\/blogs.donboscovolunteers.de\/wundertuetebenin\/wp-content\/uploads\/sites\/21659\/2022\/09\/4ffd3d71-f9b0-494e-be09-bbdc702bc9f0.jpg\" alt=\"\" class=\"wp-image-170\" srcset=\"https:\/\/blogs.donboscovolunteers.de\/wundertuetebenin\/wp-content\/uploads\/sites\/21659\/2022\/09\/4ffd3d71-f9b0-494e-be09-bbdc702bc9f0.jpg 1152w, https:\/\/blogs.donboscovolunteers.de\/wundertuetebenin\/wp-content\/uploads\/sites\/21659\/2022\/09\/4ffd3d71-f9b0-494e-be09-bbdc702bc9f0-300x225.jpg 300w, https:\/\/blogs.donboscovolunteers.de\/wundertuetebenin\/wp-content\/uploads\/sites\/21659\/2022\/09\/4ffd3d71-f9b0-494e-be09-bbdc702bc9f0-1024x768.jpg 1024w, https:\/\/blogs.donboscovolunteers.de\/wundertuetebenin\/wp-content\/uploads\/sites\/21659\/2022\/09\/4ffd3d71-f9b0-494e-be09-bbdc702bc9f0-768x576.jpg 768w\" sizes=\"auto, (max-width: 1152px) 100vw, 1152px\" \/><figcaption>Gaaaanz viele Klatschspiele! <\/figcaption><\/figure>\n\n\n\n<figure class=\"wp-block-image size-large\"><img loading=\"lazy\" decoding=\"async\" width=\"1024\" height=\"768\" data-id=\"158\" src=\"https:\/\/blogs.donboscovolunteers.de\/wundertuetebenin\/wp-content\/uploads\/sites\/21659\/2022\/09\/FullSizeRender-1024x768.jpg\" alt=\"\" class=\"wp-image-158\" srcset=\"https:\/\/blogs.donboscovolunteers.de\/wundertuetebenin\/wp-content\/uploads\/sites\/21659\/2022\/09\/FullSizeRender-1024x768.jpg 1024w, https:\/\/blogs.donboscovolunteers.de\/wundertuetebenin\/wp-content\/uploads\/sites\/21659\/2022\/09\/FullSizeRender-300x225.jpg 300w, https:\/\/blogs.donboscovolunteers.de\/wundertuetebenin\/wp-content\/uploads\/sites\/21659\/2022\/09\/FullSizeRender-768x576.jpg 768w, https:\/\/blogs.donboscovolunteers.de\/wundertuetebenin\/wp-content\/uploads\/sites\/21659\/2022\/09\/FullSizeRender-1200x900.jpg 1200w, https:\/\/blogs.donboscovolunteers.de\/wundertuetebenin\/wp-content\/uploads\/sites\/21659\/2022\/09\/FullSizeRender.jpg 1280w\" sizes=\"auto, (max-width: 1024px) 100vw, 1024px\" \/><figcaption>Mit dem kunterbunten Farbenmeer in der Messe kann ich noch nicht mithalten&#8230;<\/figcaption><\/figure>\n<\/figure>\n\n\n\n<h3 class=\"wp-block-heading\">ALLER ANFANG IST SCHWER!<\/h3>\n\n\n\n<p>Ich m\u00f6chte ehrlich sein: Die ersten 15 Tage in meinem neuen Zuhause waren ein gro\u00dfes Auf und Ab! Am Anfang war alles so neu und aufregend. Das ist es immer noch! Aber so langsam f\u00e4ngt bei Kopf an zu realisieren, dass ich jetzt wirklich ein ganzes Jahr lang nicht Zuhause bin. Jeden Abend liege ich ersch\u00f6pft von all den neuen Eindr\u00fccken im Bett und komme gar nicht so richtig hinterher, die Lebensrealit\u00e4t, auf die ich hier treffe, zu verarbeiten. Auch die Verst\u00e4ndigung klappt nicht so leicht, wie ich mir das vorgestellt habe \u2026 denn dass der afrikanische Akzent Franz\u00f6sisch wie eine andere Sprache klingen l\u00e4sst &#8211; damit habe ich wirklich nicht gerechnet! Mais \u00e7a va aller!&nbsp;<\/p>\n\n\n\n<p>Wie Mia vor ein paar Tagen so sch\u00f6n gesagt hat: &#8222;Jetzt z\u00e4hlen wir noch die Tage, die wir schon hier sind &#8211; bald sind es Monate!&#8220; Und wenn es dann Monate sind, dann bin ich sicher auch so richtig angekommen!<\/p>\n\n\n\n<p>Liebe Gr\u00fc\u00dfe aus dem zur Zeit eher regnerischen Benin (hier ist gerade \u201ela petite saison de pluie\u201c &#8211; \u201edie kleine Regenzeit&#8220;)!<\/p>\n\n\n\n<figure class=\"wp-block-image size-large is-resized\"><img loading=\"lazy\" decoding=\"async\" src=\"https:\/\/blogs.donboscovolunteers.de\/wundertuetebenin\/wp-content\/uploads\/sites\/21659\/2022\/09\/IMG_8770-768x1024.jpeg\" alt=\"\" class=\"wp-image-229\" width=\"260\" height=\"347\" srcset=\"https:\/\/blogs.donboscovolunteers.de\/wundertuetebenin\/wp-content\/uploads\/sites\/21659\/2022\/09\/IMG_8770-768x1024.jpeg 768w, https:\/\/blogs.donboscovolunteers.de\/wundertuetebenin\/wp-content\/uploads\/sites\/21659\/2022\/09\/IMG_8770-225x300.jpeg 225w, https:\/\/blogs.donboscovolunteers.de\/wundertuetebenin\/wp-content\/uploads\/sites\/21659\/2022\/09\/IMG_8770.jpeg 960w\" sizes=\"auto, (max-width: 260px) 100vw, 260px\" \/><\/figure>\n\n\n\n<p>Milena <\/p>\n\n\n\n<p>PS: Typisch ich &#8211; mit allem etwas sp\u00e4t dran &#8211; ist jetzt f\u00fcr alle, die mich nicht so gut kennen mein <a href=\"https:\/\/blogs.donboscovolunteers.de\/wundertuetebenin\/ich-ueber-mich\/\" target=\"_blank\" rel=\"noreferrer noopener\">\u201eIch \u00fcber Mich\u201c<\/a> online, in dem ich ein bisschen mehr \u00fcber mich erz\u00e4hle.<\/p>","protected":false},"excerpt":{"rendered":"<p>Schon die kleine Milena hat immer &#8222;da lang&#8220; gesagt und die gro\u00dfe Milena sagt das jetzt auch wieder! Opa Richard Mit diesen Worten hat mich mein Opa am Tag vor meiner Abreise verabschiedet. Wenn man mich als Kleinkind fragte, wohin ich gehen wolle, sagte ich immer &#8222;da lang&#8220;. Damals war &#8222;da lang&#8220;: &#8222;Zum Spielplatz.&#8220; Am [&hellip;]<\/p>\n","protected":false},"author":21749,"featured_media":154,"comment_status":"open","ping_status":"open","sticky":false,"template":"","format":"standard","meta":{"footnotes":""},"categories":[1],"tags":[8,4,7,6],"class_list":["post-124","post","type-post","status-publish","format-standard","has-post-thumbnail","hentry","category-allgemein","tag-ankunft","tag-benin","tag-freiwilligendienst","tag-milena"],"yoast_head":"<!-- This site is optimized with the Yoast SEO plugin v25.3.1 - https:\/\/yoast.com\/wordpress\/plugins\/seo\/ -->\n<title>COUCOU COTONOU! - Wundert\u00fcte Benin<\/title>\n<meta name=\"robots\" content=\"index, follow, max-snippet:-1, max-image-preview:large, max-video-preview:-1\" \/>\n<link rel=\"canonical\" href=\"https:\/\/blogs.donboscovolunteers.de\/wundertuetebenin\/2022\/09\/18\/coucou-cotonou\/\" \/>\n<meta property=\"og:locale\" content=\"de_DE\" \/>\n<meta property=\"og:type\" content=\"article\" \/>\n<meta property=\"og:title\" content=\"COUCOU COTONOU! - Wundert\u00fcte Benin\" \/>\n<meta property=\"og:description\" content=\"Schon die kleine Milena hat immer &#8222;da lang&#8220; gesagt und die gro\u00dfe Milena sagt das jetzt auch wieder! Opa Richard Mit diesen Worten hat mich mein Opa am Tag vor meiner Abreise verabschiedet. Wenn man mich als Kleinkind fragte, wohin ich gehen wolle, sagte ich immer &#8222;da lang&#8220;. Damals war &#8222;da lang&#8220;: &#8222;Zum Spielplatz.&#8220; Am [&hellip;]\" \/>\n<meta property=\"og:url\" content=\"https:\/\/blogs.donboscovolunteers.de\/wundertuetebenin\/2022\/09\/18\/coucou-cotonou\/\" \/>\n<meta property=\"og:site_name\" content=\"Wundert\u00fcte Benin\" \/>\n<meta property=\"article:published_time\" content=\"2022-09-18T13:50:22+00:00\" \/>\n<meta property=\"article:modified_time\" content=\"2022-10-09T11:09:35+00:00\" \/>\n<meta property=\"og:image\" content=\"https:\/\/blogs.donboscovolunteers.de\/wundertuetebenin\/wp-content\/uploads\/sites\/21659\/2022\/09\/DSC02133.jpg\" \/>\n\t<meta property=\"og:image:width\" content=\"1280\" \/>\n\t<meta property=\"og:image:height\" content=\"855\" \/>\n\t<meta property=\"og:image:type\" content=\"image\/jpeg\" \/>\n<meta name=\"author\" content=\"Milena Ott\" \/>\n<meta name=\"twitter:card\" content=\"summary_large_image\" \/>\n<meta name=\"twitter:label1\" content=\"Verfasst von\" \/>\n\t<meta name=\"twitter:data1\" content=\"Milena Ott\" \/>\n\t<meta name=\"twitter:label2\" content=\"Gesch\u00e4tzte Lesezeit\" \/>\n\t<meta name=\"twitter:data2\" content=\"4\u00a0Minuten\" \/>\n<script type=\"application\/ld+json\" class=\"yoast-schema-graph\">{\"@context\":\"https:\/\/schema.org\",\"@graph\":[{\"@type\":\"WebPage\",\"@id\":\"https:\/\/blogs.donboscovolunteers.de\/wundertuetebenin\/2022\/09\/18\/coucou-cotonou\/\",\"url\":\"https:\/\/blogs.donboscovolunteers.de\/wundertuetebenin\/2022\/09\/18\/coucou-cotonou\/\",\"name\":\"COUCOU COTONOU! - Wundert\u00fcte Benin\",\"isPartOf\":{\"@id\":\"https:\/\/blogs.donboscovolunteers.de\/wundertuetebenin\/#website\"},\"primaryImageOfPage\":{\"@id\":\"https:\/\/blogs.donboscovolunteers.de\/wundertuetebenin\/2022\/09\/18\/coucou-cotonou\/#primaryimage\"},\"image\":{\"@id\":\"https:\/\/blogs.donboscovolunteers.de\/wundertuetebenin\/2022\/09\/18\/coucou-cotonou\/#primaryimage\"},\"thumbnailUrl\":\"https:\/\/blogs.donboscovolunteers.de\/wundertuetebenin\/wp-content\/uploads\/sites\/21659\/2022\/09\/DSC02133.jpg\",\"datePublished\":\"2022-09-18T13:50:22+00:00\",\"dateModified\":\"2022-10-09T11:09:35+00:00\",\"author\":{\"@id\":\"https:\/\/blogs.donboscovolunteers.de\/wundertuetebenin\/#\/schema\/person\/0d0656a0b6c9404ca0f3e4351806b29f\"},\"breadcrumb\":{\"@id\":\"https:\/\/blogs.donboscovolunteers.de\/wundertuetebenin\/2022\/09\/18\/coucou-cotonou\/#breadcrumb\"},\"inLanguage\":\"de\",\"potentialAction\":[{\"@type\":\"ReadAction\",\"target\":[\"https:\/\/blogs.donboscovolunteers.de\/wundertuetebenin\/2022\/09\/18\/coucou-cotonou\/\"]}]},{\"@type\":\"ImageObject\",\"inLanguage\":\"de\",\"@id\":\"https:\/\/blogs.donboscovolunteers.de\/wundertuetebenin\/2022\/09\/18\/coucou-cotonou\/#primaryimage\",\"url\":\"https:\/\/blogs.donboscovolunteers.de\/wundertuetebenin\/wp-content\/uploads\/sites\/21659\/2022\/09\/DSC02133.jpg\",\"contentUrl\":\"https:\/\/blogs.donboscovolunteers.de\/wundertuetebenin\/wp-content\/uploads\/sites\/21659\/2022\/09\/DSC02133.jpg\",\"width\":1280,\"height\":855},{\"@type\":\"BreadcrumbList\",\"@id\":\"https:\/\/blogs.donboscovolunteers.de\/wundertuetebenin\/2022\/09\/18\/coucou-cotonou\/#breadcrumb\",\"itemListElement\":[{\"@type\":\"ListItem\",\"position\":1,\"name\":\"Startseite\",\"item\":\"https:\/\/blogs.donboscovolunteers.de\/wundertuetebenin\/\"},{\"@type\":\"ListItem\",\"position\":2,\"name\":\"COUCOU COTONOU!\"}]},{\"@type\":\"WebSite\",\"@id\":\"https:\/\/blogs.donboscovolunteers.de\/wundertuetebenin\/#website\",\"url\":\"https:\/\/blogs.donboscovolunteers.de\/wundertuetebenin\/\",\"name\":\"Wundert\u00fcte Benin\",\"description\":\"Milena in Westafrika\",\"potentialAction\":[{\"@type\":\"SearchAction\",\"target\":{\"@type\":\"EntryPoint\",\"urlTemplate\":\"https:\/\/blogs.donboscovolunteers.de\/wundertuetebenin\/?s={search_term_string}\"},\"query-input\":{\"@type\":\"PropertyValueSpecification\",\"valueRequired\":true,\"valueName\":\"search_term_string\"}}],\"inLanguage\":\"de\"},{\"@type\":\"Person\",\"@id\":\"https:\/\/blogs.donboscovolunteers.de\/wundertuetebenin\/#\/schema\/person\/0d0656a0b6c9404ca0f3e4351806b29f\",\"name\":\"Milena Ott\",\"image\":{\"@type\":\"ImageObject\",\"inLanguage\":\"de\",\"@id\":\"https:\/\/blogs.donboscovolunteers.de\/wundertuetebenin\/#\/schema\/person\/image\/\",\"url\":\"https:\/\/secure.gravatar.com\/avatar\/e33bbb6682525062600dfe4ce222d246cf535a2fabd4431a12561c8d9ff57d87?s=96&d=mm&r=g\",\"contentUrl\":\"https:\/\/secure.gravatar.com\/avatar\/e33bbb6682525062600dfe4ce222d246cf535a2fabd4431a12561c8d9ff57d87?s=96&d=mm&r=g\",\"caption\":\"Milena Ott\"},\"url\":\"https:\/\/blogs.donboscovolunteers.de\/wundertuetebenin\/author\/milena\/\"}]}<\/script>\n<!-- \/ Yoast SEO plugin. -->","yoast_head_json":{"title":"COUCOU COTONOU! - Wundert\u00fcte Benin","robots":{"index":"index","follow":"follow","max-snippet":"max-snippet:-1","max-image-preview":"max-image-preview:large","max-video-preview":"max-video-preview:-1"},"canonical":"https:\/\/blogs.donboscovolunteers.de\/wundertuetebenin\/2022\/09\/18\/coucou-cotonou\/","og_locale":"de_DE","og_type":"article","og_title":"COUCOU COTONOU! - Wundert\u00fcte Benin","og_description":"Schon die kleine Milena hat immer &#8222;da lang&#8220; gesagt und die gro\u00dfe Milena sagt das jetzt auch wieder! Opa Richard Mit diesen Worten hat mich mein Opa am Tag vor meiner Abreise verabschiedet. Wenn man mich als Kleinkind fragte, wohin ich gehen wolle, sagte ich immer &#8222;da lang&#8220;. Damals war &#8222;da lang&#8220;: &#8222;Zum Spielplatz.&#8220; Am [&hellip;]","og_url":"https:\/\/blogs.donboscovolunteers.de\/wundertuetebenin\/2022\/09\/18\/coucou-cotonou\/","og_site_name":"Wundert\u00fcte Benin","article_published_time":"2022-09-18T13:50:22+00:00","article_modified_time":"2022-10-09T11:09:35+00:00","og_image":[{"width":1280,"height":855,"url":"https:\/\/blogs.donboscovolunteers.de\/wundertuetebenin\/wp-content\/uploads\/sites\/21659\/2022\/09\/DSC02133.jpg","type":"image\/jpeg"}],"author":"Milena Ott","twitter_card":"summary_large_image","twitter_misc":{"Verfasst von":"Milena Ott","Gesch\u00e4tzte Lesezeit":"4\u00a0Minuten"},"schema":{"@context":"https:\/\/schema.org","@graph":[{"@type":"WebPage","@id":"https:\/\/blogs.donboscovolunteers.de\/wundertuetebenin\/2022\/09\/18\/coucou-cotonou\/","url":"https:\/\/blogs.donboscovolunteers.de\/wundertuetebenin\/2022\/09\/18\/coucou-cotonou\/","name":"COUCOU COTONOU! - Wundert\u00fcte Benin","isPartOf":{"@id":"https:\/\/blogs.donboscovolunteers.de\/wundertuetebenin\/#website"},"primaryImageOfPage":{"@id":"https:\/\/blogs.donboscovolunteers.de\/wundertuetebenin\/2022\/09\/18\/coucou-cotonou\/#primaryimage"},"image":{"@id":"https:\/\/blogs.donboscovolunteers.de\/wundertuetebenin\/2022\/09\/18\/coucou-cotonou\/#primaryimage"},"thumbnailUrl":"https:\/\/blogs.donboscovolunteers.de\/wundertuetebenin\/wp-content\/uploads\/sites\/21659\/2022\/09\/DSC02133.jpg","datePublished":"2022-09-18T13:50:22+00:00","dateModified":"2022-10-09T11:09:35+00:00","author":{"@id":"https:\/\/blogs.donboscovolunteers.de\/wundertuetebenin\/#\/schema\/person\/0d0656a0b6c9404ca0f3e4351806b29f"},"breadcrumb":{"@id":"https:\/\/blogs.donboscovolunteers.de\/wundertuetebenin\/2022\/09\/18\/coucou-cotonou\/#breadcrumb"},"inLanguage":"de","potentialAction":[{"@type":"ReadAction","target":["https:\/\/blogs.donboscovolunteers.de\/wundertuetebenin\/2022\/09\/18\/coucou-cotonou\/"]}]},{"@type":"ImageObject","inLanguage":"de","@id":"https:\/\/blogs.donboscovolunteers.de\/wundertuetebenin\/2022\/09\/18\/coucou-cotonou\/#primaryimage","url":"https:\/\/blogs.donboscovolunteers.de\/wundertuetebenin\/wp-content\/uploads\/sites\/21659\/2022\/09\/DSC02133.jpg","contentUrl":"https:\/\/blogs.donboscovolunteers.de\/wundertuetebenin\/wp-content\/uploads\/sites\/21659\/2022\/09\/DSC02133.jpg","width":1280,"height":855},{"@type":"BreadcrumbList","@id":"https:\/\/blogs.donboscovolunteers.de\/wundertuetebenin\/2022\/09\/18\/coucou-cotonou\/#breadcrumb","itemListElement":[{"@type":"ListItem","position":1,"name":"Startseite","item":"https:\/\/blogs.donboscovolunteers.de\/wundertuetebenin\/"},{"@type":"ListItem","position":2,"name":"COUCOU COTONOU!"}]},{"@type":"WebSite","@id":"https:\/\/blogs.donboscovolunteers.de\/wundertuetebenin\/#website","url":"https:\/\/blogs.donboscovolunteers.de\/wundertuetebenin\/","name":"Wundert\u00fcte Benin","description":"Milena in Westafrika","potentialAction":[{"@type":"SearchAction","target":{"@type":"EntryPoint","urlTemplate":"https:\/\/blogs.donboscovolunteers.de\/wundertuetebenin\/?s={search_term_string}"},"query-input":{"@type":"PropertyValueSpecification","valueRequired":true,"valueName":"search_term_string"}}],"inLanguage":"de"},{"@type":"Person","@id":"https:\/\/blogs.donboscovolunteers.de\/wundertuetebenin\/#\/schema\/person\/0d0656a0b6c9404ca0f3e4351806b29f","name":"Milena Ott","image":{"@type":"ImageObject","inLanguage":"de","@id":"https:\/\/blogs.donboscovolunteers.de\/wundertuetebenin\/#\/schema\/person\/image\/","url":"https:\/\/secure.gravatar.com\/avatar\/e33bbb6682525062600dfe4ce222d246cf535a2fabd4431a12561c8d9ff57d87?s=96&d=mm&r=g","contentUrl":"https:\/\/secure.gravatar.com\/avatar\/e33bbb6682525062600dfe4ce222d246cf535a2fabd4431a12561c8d9ff57d87?s=96&d=mm&r=g","caption":"Milena Ott"},"url":"https:\/\/blogs.donboscovolunteers.de\/wundertuetebenin\/author\/milena\/"}]}},"_links":{"self":[{"href":"https:\/\/blogs.donboscovolunteers.de\/wundertuetebenin\/wp-json\/wp\/v2\/posts\/124","targetHints":{"allow":["GET"]}}],"collection":[{"href":"https:\/\/blogs.donboscovolunteers.de\/wundertuetebenin\/wp-json\/wp\/v2\/posts"}],"about":[{"href":"https:\/\/blogs.donboscovolunteers.de\/wundertuetebenin\/wp-json\/wp\/v2\/types\/post"}],"author":[{"embeddable":true,"href":"https:\/\/blogs.donboscovolunteers.de\/wundertuetebenin\/wp-json\/wp\/v2\/users\/21749"}],"replies":[{"embeddable":true,"href":"https:\/\/blogs.donboscovolunteers.de\/wundertuetebenin\/wp-json\/wp\/v2\/comments?post=124"}],"version-history":[{"count":25,"href":"https:\/\/blogs.donboscovolunteers.de\/wundertuetebenin\/wp-json\/wp\/v2\/posts\/124\/revisions"}],"predecessor-version":[{"id":230,"href":"https:\/\/blogs.donboscovolunteers.de\/wundertuetebenin\/wp-json\/wp\/v2\/posts\/124\/revisions\/230"}],"wp:featuredmedia":[{"embeddable":true,"href":"https:\/\/blogs.donboscovolunteers.de\/wundertuetebenin\/wp-json\/wp\/v2\/media\/154"}],"wp:attachment":[{"href":"https:\/\/blogs.donboscovolunteers.de\/wundertuetebenin\/wp-json\/wp\/v2\/media?parent=124"}],"wp:term":[{"taxonomy":"category","embeddable":true,"href":"https:\/\/blogs.donboscovolunteers.de\/wundertuetebenin\/wp-json\/wp\/v2\/categories?post=124"},{"taxonomy":"post_tag","embeddable":true,"href":"https:\/\/blogs.donboscovolunteers.de\/wundertuetebenin\/wp-json\/wp\/v2\/tags?post=124"}],"curies":[{"name":"wp","href":"https:\/\/api.w.org\/{rel}","templated":true}]}}