{"id":61,"date":"2026-01-04T13:22:36","date_gmt":"2026-01-04T12:22:36","guid":{"rendered":"https:\/\/blogs.donboscovolunteers.de\/volunteeringwithrahel\/?p=61"},"modified":"2026-01-04T13:22:38","modified_gmt":"2026-01-04T12:22:38","slug":"blinkende-albtraeume","status":"publish","type":"post","link":"https:\/\/blogs.donboscovolunteers.de\/volunteeringwithrahel\/2026\/01\/04\/blinkende-albtraeume\/","title":{"rendered":"Blinkende Albtr\u00e4ume"},"content":{"rendered":"<p>Helloooooo,das erste Weihnachten fern von zu Hause ist zwar gew\u00f6hnungsbed\u00fcrftig, aber ich muss sagen: Wei\u00dfe Weihnachten sind schon sehr sch\u00f6n.<\/p>\n\n\n\n<p>Es f\u00fchlt sich an, als w\u00e4re in den letzten Wochen gleichzeitig unglaublich viel und doch irgendwie nichts passiert. Diesen Monat haben wir eigentlich ziemlich viel Zeit damit verbracht, Weihnachtskekse zu backen, Geschenke zu besorgen und das Caring Center f\u00fcr Weihnachten zu dekorieren. F\u00fcr Letzteres haben wir zwar nur zwei Tage gebraucht, aber der gesundheitliche und emotionale Schaden, den die Dekoration hier mit sich bringt, ist mit Sicherheit bleibend.<\/p>\n\n\n\n<p>Ich bin ja ganz pers\u00f6nlich der Meinung, dass ein einziger Raum nicht in zehn verschiedenen Farben blinken muss. Was soll das bitte????<\/p>\n\n\n\n<p>Aber anscheinend sind Felitzitas und ich die Einzigen, die diese Dekorationen als ein Verbrechen an der Menschheit sehen.<\/p>\n\n\n\n<p>Als ein Junge, der gerade erst dazugekommen ist, die Dekorationen zum ersten Mal gesehen hat, stand er nur mit riesigen Augen da, schaute nach oben und fl\u00fcsterte: \u201eWow.\u201c<\/p>\n\n\n\n<p>In diesem Moment habe ich dann auch kurz meine durch Blinklichter verursachten Kopfschmerzen vergessen.<\/p>\n\n\n\n<p>Das Geschenke-Besorgen stellt sich \u00fcbrigens als deutlich schwieriger heraus, als ich anfangs gedacht hatte \u2013 einfach weil ich hier nicht wie zu Hause zehn Bilder malen kann, die ich dann unkompliziert verteile.<\/p>\n\n\n\n<p>Was an Weihnachten aber nat\u00fcrlich nie fehlen darf, sind Pl\u00e4tzchen. Die haben wir selbstverst\u00e4ndlich mit den Jungs gebacken. Beim ersten Mal nur mit den etwas \u00c4lteren. Als Allererstes haben wir ihnen beigebracht, dass Keksteig essen erlaubt ist.<\/p>\n\n\n\n<p>Ob das so schlau war, ist im Nachhinein eher fraglich. Sp\u00e4testens als einer der Jungs angefangen hat, den Teig einfach zu l\u00f6ffeln, kamen mir erste Zweifel.<\/p>\n\n\n\n<p>Ich h\u00e4tte das zwar unterbinden k\u00f6nnen, habe mich aber stattdessen mit ihm verb\u00fcndet. Gemeinsam haben wir den Keksteig geklaut und so viele Kekse wie m\u00f6glich gegessen, bevor es jemand gemerkt hat.<\/p>\n\n\n\n<p>Mit den j\u00fcngeren Kindern zu backen war allerdings sehr stressig \u2013 Wiederholungsbedarf besteht eher nicht. Am Ende war mehr Mehl auf den Kindern als im Teig, und es wurden mehr Tr\u00e4nen vergossen, als es Kekse gab.<\/p>\n\n\n\n<p>Eigentlich war es trotzdem ganz lustig, aber als sie angefangen haben, sich in der K\u00fcche zu kloppen, waren meine Nerven dann doch ziemlich strapaziert.<\/p>\n\n\n\n<p>Meine restlichen Pl\u00e4ne f\u00fcr den restlichen Winter bestehen haupts\u00e4chlich daraus, so wenig wie m\u00f6glich das Haus zu verlassen. Das liegt vor allem daran, dass ich bei entspannten \u221224 \u00b0C vielleicht einfach am Boden festfriere.<\/p>\n\n\n\n<p>Aber ehrlich gesagt finde ich die Mongolei sogar bei solchen Temperaturen echt sch\u00f6n.<\/p>\n\n\n\n<p>Da ich einige Probleme mit hochladen der Bilder hatte findet ihr den Rest auf meinem Instagram account: Volunteering_with_rahel <\/p>\n\n\n\n<figure class=\"wp-block-image size-full\"><img loading=\"lazy\" decoding=\"async\" width=\"766\" height=\"1022\" src=\"https:\/\/blogs.donboscovolunteers.de\/volunteeringwithrahel\/wp-content\/uploads\/sites\/21752\/2026\/01\/Bild-27.12.25-um-12.14.jpg\" alt=\"\" class=\"wp-image-63\" srcset=\"https:\/\/blogs.donboscovolunteers.de\/volunteeringwithrahel\/wp-content\/uploads\/sites\/21752\/2026\/01\/Bild-27.12.25-um-12.14.jpg 766w, https:\/\/blogs.donboscovolunteers.de\/volunteeringwithrahel\/wp-content\/uploads\/sites\/21752\/2026\/01\/Bild-27.12.25-um-12.14-225x300.jpg 225w\" sizes=\"auto, (max-width: 766px) 100vw, 766px\" \/><\/figure>","protected":false},"excerpt":{"rendered":"<p>Helloooooo,das erste Weihnachten fern von zu Hause ist zwar gew\u00f6hnungsbed\u00fcrftig, aber ich muss sagen: Wei\u00dfe Weihnachten sind schon sehr sch\u00f6n. Es f\u00fchlt sich an, als w\u00e4re in den letzten Wochen gleichzeitig unglaublich viel und doch irgendwie nichts passiert. Diesen Monat haben wir eigentlich ziemlich viel Zeit damit verbracht, Weihnachtskekse zu backen, Geschenke zu besorgen und [&hellip;]<\/p>\n","protected":false},"author":21872,"featured_media":0,"comment_status":"open","ping_status":"open","sticky":false,"template":"","format":"standard","meta":{"footnotes":""},"categories":[1],"tags":[],"class_list":["post-61","post","type-post","status-publish","format-standard","hentry","category-allgemein"],"yoast_head":"<!-- This site is optimized with the Yoast SEO plugin v25.3.1 - https:\/\/yoast.com\/wordpress\/plugins\/seo\/ -->\n<title>Blinkende Albtr\u00e4ume - Volunteering with Rahel<\/title>\n<meta name=\"robots\" content=\"index, follow, max-snippet:-1, max-image-preview:large, max-video-preview:-1\" \/>\n<link rel=\"canonical\" href=\"https:\/\/blogs.donboscovolunteers.de\/volunteeringwithrahel\/2026\/01\/04\/blinkende-albtraeume\/\" \/>\n<meta property=\"og:locale\" content=\"de_DE\" \/>\n<meta property=\"og:type\" content=\"article\" \/>\n<meta property=\"og:title\" content=\"Blinkende Albtr\u00e4ume - Volunteering with Rahel\" \/>\n<meta property=\"og:description\" content=\"Helloooooo,das erste Weihnachten fern von zu Hause ist zwar gew\u00f6hnungsbed\u00fcrftig, aber ich muss sagen: Wei\u00dfe Weihnachten sind schon sehr sch\u00f6n. Es f\u00fchlt sich an, als w\u00e4re in den letzten Wochen gleichzeitig unglaublich viel und doch irgendwie nichts passiert. Diesen Monat haben wir eigentlich ziemlich viel Zeit damit verbracht, Weihnachtskekse zu backen, Geschenke zu besorgen und [&hellip;]\" \/>\n<meta property=\"og:url\" content=\"https:\/\/blogs.donboscovolunteers.de\/volunteeringwithrahel\/2026\/01\/04\/blinkende-albtraeume\/\" \/>\n<meta property=\"og:site_name\" content=\"Volunteering with Rahel\" \/>\n<meta property=\"article:published_time\" content=\"2026-01-04T12:22:36+00:00\" \/>\n<meta property=\"article:modified_time\" content=\"2026-01-04T12:22:38+00:00\" \/>\n<meta property=\"og:image\" content=\"https:\/\/blogs.donboscovolunteers.de\/volunteeringwithrahel\/wp-content\/uploads\/sites\/21752\/2026\/01\/Bild-27.12.25-um-12.14.jpg\" \/>\n\t<meta property=\"og:image:width\" content=\"766\" \/>\n\t<meta property=\"og:image:height\" content=\"1022\" \/>\n\t<meta property=\"og:image:type\" content=\"image\/jpeg\" \/>\n<meta name=\"author\" content=\"rahelquack\" \/>\n<meta name=\"twitter:card\" content=\"summary_large_image\" \/>\n<meta name=\"twitter:label1\" content=\"Verfasst von\" \/>\n\t<meta name=\"twitter:data1\" content=\"rahelquack\" \/>\n\t<meta name=\"twitter:label2\" content=\"Gesch\u00e4tzte Lesezeit\" \/>\n\t<meta name=\"twitter:data2\" content=\"2\u00a0Minuten\" \/>\n<script type=\"application\/ld+json\" class=\"yoast-schema-graph\">{\"@context\":\"https:\/\/schema.org\",\"@graph\":[{\"@type\":\"WebPage\",\"@id\":\"https:\/\/blogs.donboscovolunteers.de\/volunteeringwithrahel\/2026\/01\/04\/blinkende-albtraeume\/\",\"url\":\"https:\/\/blogs.donboscovolunteers.de\/volunteeringwithrahel\/2026\/01\/04\/blinkende-albtraeume\/\",\"name\":\"Blinkende Albtr\u00e4ume - Volunteering with Rahel\",\"isPartOf\":{\"@id\":\"https:\/\/blogs.donboscovolunteers.de\/volunteeringwithrahel\/#website\"},\"primaryImageOfPage\":{\"@id\":\"https:\/\/blogs.donboscovolunteers.de\/volunteeringwithrahel\/2026\/01\/04\/blinkende-albtraeume\/#primaryimage\"},\"image\":{\"@id\":\"https:\/\/blogs.donboscovolunteers.de\/volunteeringwithrahel\/2026\/01\/04\/blinkende-albtraeume\/#primaryimage\"},\"thumbnailUrl\":\"https:\/\/blogs.donboscovolunteers.de\/volunteeringwithrahel\/wp-content\/uploads\/sites\/21752\/2026\/01\/Bild-27.12.25-um-12.14.jpg\",\"datePublished\":\"2026-01-04T12:22:36+00:00\",\"dateModified\":\"2026-01-04T12:22:38+00:00\",\"author\":{\"@id\":\"https:\/\/blogs.donboscovolunteers.de\/volunteeringwithrahel\/#\/schema\/person\/d9d730dc140b766bfee0c70001944307\"},\"breadcrumb\":{\"@id\":\"https:\/\/blogs.donboscovolunteers.de\/volunteeringwithrahel\/2026\/01\/04\/blinkende-albtraeume\/#breadcrumb\"},\"inLanguage\":\"de\",\"potentialAction\":[{\"@type\":\"ReadAction\",\"target\":[\"https:\/\/blogs.donboscovolunteers.de\/volunteeringwithrahel\/2026\/01\/04\/blinkende-albtraeume\/\"]}]},{\"@type\":\"ImageObject\",\"inLanguage\":\"de\",\"@id\":\"https:\/\/blogs.donboscovolunteers.de\/volunteeringwithrahel\/2026\/01\/04\/blinkende-albtraeume\/#primaryimage\",\"url\":\"https:\/\/blogs.donboscovolunteers.de\/volunteeringwithrahel\/wp-content\/uploads\/sites\/21752\/2026\/01\/Bild-27.12.25-um-12.14.jpg\",\"contentUrl\":\"https:\/\/blogs.donboscovolunteers.de\/volunteeringwithrahel\/wp-content\/uploads\/sites\/21752\/2026\/01\/Bild-27.12.25-um-12.14.jpg\",\"width\":766,\"height\":1022},{\"@type\":\"BreadcrumbList\",\"@id\":\"https:\/\/blogs.donboscovolunteers.de\/volunteeringwithrahel\/2026\/01\/04\/blinkende-albtraeume\/#breadcrumb\",\"itemListElement\":[{\"@type\":\"ListItem\",\"position\":1,\"name\":\"Startseite\",\"item\":\"https:\/\/blogs.donboscovolunteers.de\/volunteeringwithrahel\/\"},{\"@type\":\"ListItem\",\"position\":2,\"name\":\"Blinkende Albtr\u00e4ume\"}]},{\"@type\":\"WebSite\",\"@id\":\"https:\/\/blogs.donboscovolunteers.de\/volunteeringwithrahel\/#website\",\"url\":\"https:\/\/blogs.donboscovolunteers.de\/volunteeringwithrahel\/\",\"name\":\"Volunteering with Rahel\",\"description\":\"\",\"potentialAction\":[{\"@type\":\"SearchAction\",\"target\":{\"@type\":\"EntryPoint\",\"urlTemplate\":\"https:\/\/blogs.donboscovolunteers.de\/volunteeringwithrahel\/?s={search_term_string}\"},\"query-input\":{\"@type\":\"PropertyValueSpecification\",\"valueRequired\":true,\"valueName\":\"search_term_string\"}}],\"inLanguage\":\"de\"},{\"@type\":\"Person\",\"@id\":\"https:\/\/blogs.donboscovolunteers.de\/volunteeringwithrahel\/#\/schema\/person\/d9d730dc140b766bfee0c70001944307\",\"name\":\"rahelquack\",\"image\":{\"@type\":\"ImageObject\",\"inLanguage\":\"de\",\"@id\":\"https:\/\/blogs.donboscovolunteers.de\/volunteeringwithrahel\/#\/schema\/person\/image\/\",\"url\":\"https:\/\/secure.gravatar.com\/avatar\/7711a9dd2eda4e8453848a014a97cd9d4d78c953b1240ce7fc402bc96f9df461?s=96&d=mm&r=g\",\"contentUrl\":\"https:\/\/secure.gravatar.com\/avatar\/7711a9dd2eda4e8453848a014a97cd9d4d78c953b1240ce7fc402bc96f9df461?s=96&d=mm&r=g\",\"caption\":\"rahelquack\"},\"url\":\"https:\/\/blogs.donboscovolunteers.de\/volunteeringwithrahel\/author\/rahelquack\/\"}]}<\/script>\n<!-- \/ Yoast SEO plugin. -->","yoast_head_json":{"title":"Blinkende Albtr\u00e4ume - Volunteering with Rahel","robots":{"index":"index","follow":"follow","max-snippet":"max-snippet:-1","max-image-preview":"max-image-preview:large","max-video-preview":"max-video-preview:-1"},"canonical":"https:\/\/blogs.donboscovolunteers.de\/volunteeringwithrahel\/2026\/01\/04\/blinkende-albtraeume\/","og_locale":"de_DE","og_type":"article","og_title":"Blinkende Albtr\u00e4ume - Volunteering with Rahel","og_description":"Helloooooo,das erste Weihnachten fern von zu Hause ist zwar gew\u00f6hnungsbed\u00fcrftig, aber ich muss sagen: Wei\u00dfe Weihnachten sind schon sehr sch\u00f6n. Es f\u00fchlt sich an, als w\u00e4re in den letzten Wochen gleichzeitig unglaublich viel und doch irgendwie nichts passiert. Diesen Monat haben wir eigentlich ziemlich viel Zeit damit verbracht, Weihnachtskekse zu backen, Geschenke zu besorgen und [&hellip;]","og_url":"https:\/\/blogs.donboscovolunteers.de\/volunteeringwithrahel\/2026\/01\/04\/blinkende-albtraeume\/","og_site_name":"Volunteering with Rahel","article_published_time":"2026-01-04T12:22:36+00:00","article_modified_time":"2026-01-04T12:22:38+00:00","og_image":[{"width":766,"height":1022,"url":"https:\/\/blogs.donboscovolunteers.de\/volunteeringwithrahel\/wp-content\/uploads\/sites\/21752\/2026\/01\/Bild-27.12.25-um-12.14.jpg","type":"image\/jpeg"}],"author":"rahelquack","twitter_card":"summary_large_image","twitter_misc":{"Verfasst von":"rahelquack","Gesch\u00e4tzte Lesezeit":"2\u00a0Minuten"},"schema":{"@context":"https:\/\/schema.org","@graph":[{"@type":"WebPage","@id":"https:\/\/blogs.donboscovolunteers.de\/volunteeringwithrahel\/2026\/01\/04\/blinkende-albtraeume\/","url":"https:\/\/blogs.donboscovolunteers.de\/volunteeringwithrahel\/2026\/01\/04\/blinkende-albtraeume\/","name":"Blinkende Albtr\u00e4ume - Volunteering with Rahel","isPartOf":{"@id":"https:\/\/blogs.donboscovolunteers.de\/volunteeringwithrahel\/#website"},"primaryImageOfPage":{"@id":"https:\/\/blogs.donboscovolunteers.de\/volunteeringwithrahel\/2026\/01\/04\/blinkende-albtraeume\/#primaryimage"},"image":{"@id":"https:\/\/blogs.donboscovolunteers.de\/volunteeringwithrahel\/2026\/01\/04\/blinkende-albtraeume\/#primaryimage"},"thumbnailUrl":"https:\/\/blogs.donboscovolunteers.de\/volunteeringwithrahel\/wp-content\/uploads\/sites\/21752\/2026\/01\/Bild-27.12.25-um-12.14.jpg","datePublished":"2026-01-04T12:22:36+00:00","dateModified":"2026-01-04T12:22:38+00:00","author":{"@id":"https:\/\/blogs.donboscovolunteers.de\/volunteeringwithrahel\/#\/schema\/person\/d9d730dc140b766bfee0c70001944307"},"breadcrumb":{"@id":"https:\/\/blogs.donboscovolunteers.de\/volunteeringwithrahel\/2026\/01\/04\/blinkende-albtraeume\/#breadcrumb"},"inLanguage":"de","potentialAction":[{"@type":"ReadAction","target":["https:\/\/blogs.donboscovolunteers.de\/volunteeringwithrahel\/2026\/01\/04\/blinkende-albtraeume\/"]}]},{"@type":"ImageObject","inLanguage":"de","@id":"https:\/\/blogs.donboscovolunteers.de\/volunteeringwithrahel\/2026\/01\/04\/blinkende-albtraeume\/#primaryimage","url":"https:\/\/blogs.donboscovolunteers.de\/volunteeringwithrahel\/wp-content\/uploads\/sites\/21752\/2026\/01\/Bild-27.12.25-um-12.14.jpg","contentUrl":"https:\/\/blogs.donboscovolunteers.de\/volunteeringwithrahel\/wp-content\/uploads\/sites\/21752\/2026\/01\/Bild-27.12.25-um-12.14.jpg","width":766,"height":1022},{"@type":"BreadcrumbList","@id":"https:\/\/blogs.donboscovolunteers.de\/volunteeringwithrahel\/2026\/01\/04\/blinkende-albtraeume\/#breadcrumb","itemListElement":[{"@type":"ListItem","position":1,"name":"Startseite","item":"https:\/\/blogs.donboscovolunteers.de\/volunteeringwithrahel\/"},{"@type":"ListItem","position":2,"name":"Blinkende Albtr\u00e4ume"}]},{"@type":"WebSite","@id":"https:\/\/blogs.donboscovolunteers.de\/volunteeringwithrahel\/#website","url":"https:\/\/blogs.donboscovolunteers.de\/volunteeringwithrahel\/","name":"Volunteering with Rahel","description":"","potentialAction":[{"@type":"SearchAction","target":{"@type":"EntryPoint","urlTemplate":"https:\/\/blogs.donboscovolunteers.de\/volunteeringwithrahel\/?s={search_term_string}"},"query-input":{"@type":"PropertyValueSpecification","valueRequired":true,"valueName":"search_term_string"}}],"inLanguage":"de"},{"@type":"Person","@id":"https:\/\/blogs.donboscovolunteers.de\/volunteeringwithrahel\/#\/schema\/person\/d9d730dc140b766bfee0c70001944307","name":"rahelquack","image":{"@type":"ImageObject","inLanguage":"de","@id":"https:\/\/blogs.donboscovolunteers.de\/volunteeringwithrahel\/#\/schema\/person\/image\/","url":"https:\/\/secure.gravatar.com\/avatar\/7711a9dd2eda4e8453848a014a97cd9d4d78c953b1240ce7fc402bc96f9df461?s=96&d=mm&r=g","contentUrl":"https:\/\/secure.gravatar.com\/avatar\/7711a9dd2eda4e8453848a014a97cd9d4d78c953b1240ce7fc402bc96f9df461?s=96&d=mm&r=g","caption":"rahelquack"},"url":"https:\/\/blogs.donboscovolunteers.de\/volunteeringwithrahel\/author\/rahelquack\/"}]}},"_links":{"self":[{"href":"https:\/\/blogs.donboscovolunteers.de\/volunteeringwithrahel\/wp-json\/wp\/v2\/posts\/61","targetHints":{"allow":["GET"]}}],"collection":[{"href":"https:\/\/blogs.donboscovolunteers.de\/volunteeringwithrahel\/wp-json\/wp\/v2\/posts"}],"about":[{"href":"https:\/\/blogs.donboscovolunteers.de\/volunteeringwithrahel\/wp-json\/wp\/v2\/types\/post"}],"author":[{"embeddable":true,"href":"https:\/\/blogs.donboscovolunteers.de\/volunteeringwithrahel\/wp-json\/wp\/v2\/users\/21872"}],"replies":[{"embeddable":true,"href":"https:\/\/blogs.donboscovolunteers.de\/volunteeringwithrahel\/wp-json\/wp\/v2\/comments?post=61"}],"version-history":[{"count":1,"href":"https:\/\/blogs.donboscovolunteers.de\/volunteeringwithrahel\/wp-json\/wp\/v2\/posts\/61\/revisions"}],"predecessor-version":[{"id":64,"href":"https:\/\/blogs.donboscovolunteers.de\/volunteeringwithrahel\/wp-json\/wp\/v2\/posts\/61\/revisions\/64"}],"wp:attachment":[{"href":"https:\/\/blogs.donboscovolunteers.de\/volunteeringwithrahel\/wp-json\/wp\/v2\/media?parent=61"}],"wp:term":[{"taxonomy":"category","embeddable":true,"href":"https:\/\/blogs.donboscovolunteers.de\/volunteeringwithrahel\/wp-json\/wp\/v2\/categories?post=61"},{"taxonomy":"post_tag","embeddable":true,"href":"https:\/\/blogs.donboscovolunteers.de\/volunteeringwithrahel\/wp-json\/wp\/v2\/tags?post=61"}],"curies":[{"name":"wp","href":"https:\/\/api.w.org\/{rel}","templated":true}]}}