{"id":31,"date":"2025-10-13T07:09:09","date_gmt":"2025-10-13T05:09:09","guid":{"rendered":"https:\/\/blogs.donboscovolunteers.de\/volunteeringwithrahel\/?p=31"},"modified":"2025-10-13T07:09:09","modified_gmt":"2025-10-13T05:09:09","slug":"die-ersten-zwei-wochen","status":"publish","type":"post","link":"https:\/\/blogs.donboscovolunteers.de\/volunteeringwithrahel\/2025\/10\/13\/die-ersten-zwei-wochen\/","title":{"rendered":"Die ersten zwei Wochen\u00a0"},"content":{"rendered":"<p>Helloooooooo, alsooooo die ersten zwei Wochen sind ja jetzt rum (also eigentlich sind\u2019s fast drei).&nbsp;<\/p>\n\n\n\n<p>Naja, da euch alle ja bestimmt nichts mehr interessiert als mein Leben in der Mongolei, dachte ich, ich k\u00f6nnte ja versuchen, regelm\u00e4\u00dfiger einen Blogeintrag zu schreiben. Ob das funktioniert, seht ihr dann, aber vielleicht gibt es ab sofort Montagsupdates.<\/p>\n\n\n\n<p>Okay, wir kommen zum Punkt, heute beantworte ich zwei Fragen: &nbsp;<\/p>\n\n\n\n<ol class=\"wp-block-list\">\n<li>Was mache ich eigentlich den ganzen Tag in der Mongolei?<\/li>\n\n\n\n<li>Wie l\u00e4uft das Mongolischlernen?\u00a0<\/li>\n<\/ol>\n\n\n\n<p>Mein Tag in der Mongolei f\u00e4ngt eigentlich immer damit an, dass ich mich um kurz vor sieben aus dem Bett bewege und zum Fr\u00fchst\u00fcck mit den Br\u00fcdern gehe. Bis jetzt haben wir jeden Tag (au\u00dfer sonntags, da ist die Messe erst um neun und deswegen fr\u00fchst\u00fccken alle unterschiedlich) gemeinsam gefr\u00fchst\u00fcckt und uns gemeinsam \u00fcberlegt, was wir machen k\u00f6nnen. Nach dem Fr\u00fchst\u00fcck gehen die Br\u00fcder arbeiten, w\u00e4hrend Lizi und ich uns auf die Mongolischstunde vorbereiten oder halt einfach in unserem Zimmer sitzen und warten, bis es anf\u00e4ngt.<\/p>\n\n\n\n<p>Wir haben noch keinen klaren Plan, wann wir Englischunterricht geben und wann wir im Caring Center bei den Jungs sind, also schauen wir bisher immer noch noch spontan, was wir den restlichen Tag machen.&nbsp;<\/p>\n\n\n\n<p>Zum Beispiel sind Lizi und ich letzten Donnerstag mit vier Sch\u00fclern zu einer Obdachloseneinrichtung gefahren. In dieser Einrichtung k\u00f6nnen die Menschen duschen, ihre Kleidung waschen, sie bekommen frische Anziehsachen und eine warme Mahlzeit. Schlafen k\u00f6nnen sie in dieser Einrichtung allerdings nicht.&nbsp; Lizi und ich haben zuerst geholfen, die Kleiderspenden zu sortieren, danach sind wir in die K\u00fcche gegangen und haben geholfen, das Essen zu verteilen.&nbsp;<\/p>\n\n\n\n<p>Nachmittags sind wir dann zur\u00fcckgefahren und waren p\u00fcnktlich zum Abendgebet wieder da. Danach haben wir wie immer gemeinsam zu Abend gegessen und sind dann zum Nachtgebet gegangen.&nbsp;<\/p>\n\n\n\n<p>Nach dem Nachtgebet gehen wir fast jeden Tag zu den Jungs ins Caring Center, um mit den \u00c4lteren Englisch zu \u00fcben oder mit den J\u00fcngeren Spiele zu spielen. Was wir machen, kommt immer darauf an, wie schnell die Jungs mit ihren Hausaufgaben fertig sind. Also der Englischunterricht klappt noch nicht so ganz, aber der Wille ist auf jeden Fall da.<\/p>\n\n\n\n<p>Samstags verbringen wir den ganzen Nachmittag mit den Jungs. Diese Nachmittage sind meist sehr unterschiedlich gestaltet, da Volos von der Uni in der N\u00e4he kommen und sich irgendwelche Aktivit\u00e4ten \u00fcberlegen.<\/p>\n\n\n\n<p>Um neun werden wir dann in der Regel immer rausgeschmissen und gehen in unser Zimmer, wo ich eigentlich nichts mehr mache, au\u00dfer manchmal so zu tun, als w\u00fcrde ich lernen oder einen Blogeintrag schreiben.<\/p>\n\n\n\n<p>Aber jetzt zur n\u00e4chsten Frage: wie l\u00e4uft das Mongolischlernen?&nbsp;<\/p>\n\n\n\n<p>Wir haben dreimal in der Woche &#8211; Montag-, Mittwoch- und Freitagmorgen &#8211; von 10 bis 11:30 Uhr Onlineunterricht. Ich w\u00fcrde behaupten, es ist noch nicht sooooo schlimm, also immer noch schlimm, aber k\u00f6nnte schlimmer sein.&nbsp;<\/p>\n\n\n\n<p>Nach und w\u00e4hrend den Mongolischstunden bin ich zwar regelm\u00e4\u00dfig am verzweifeln, aber wenn man sich M\u00fche gibt, ist es machbar, denke ich.&nbsp;<\/p>\n\n\n\n<p>Wir sind eh gezwungen, das Gelernte direkt zu wiederholen, weil die Kinder kein Englisch k\u00f6nnen oder zumindest kein Englisch mit uns sprechen wollen.&nbsp;<\/p>\n\n\n\n<p>Zum Schluss m\u00f6chte ich mich noch einmal bei meinen Spendern bedanken, da das alles ohne euch nicht m\u00f6glich gewesen w\u00e4re. Mein Spendenziel ist jetzt fast erreicht und das verdanke ich euch. Vielen Dank, dass ihr mir diese Reise erm\u00f6glicht und mich dabei begleitet.\u00a0<\/p>\n\n\n\n<p>Bis zum n\u00e4chsten Mal!<\/p>\n\n\n\n<figure class=\"wp-block-image size-large\"><img loading=\"lazy\" decoding=\"async\" width=\"462\" height=\"1024\" src=\"https:\/\/blogs.donboscovolunteers.de\/volunteeringwithrahel\/wp-content\/uploads\/sites\/21752\/2025\/10\/482d9525-d28f-4f2f-8a57-a6645f199f88-462x1024.jpg\" alt=\"\" class=\"wp-image-32\" srcset=\"https:\/\/blogs.donboscovolunteers.de\/volunteeringwithrahel\/wp-content\/uploads\/sites\/21752\/2025\/10\/482d9525-d28f-4f2f-8a57-a6645f199f88-462x1024.jpg 462w, https:\/\/blogs.donboscovolunteers.de\/volunteeringwithrahel\/wp-content\/uploads\/sites\/21752\/2025\/10\/482d9525-d28f-4f2f-8a57-a6645f199f88-135x300.jpg 135w, https:\/\/blogs.donboscovolunteers.de\/volunteeringwithrahel\/wp-content\/uploads\/sites\/21752\/2025\/10\/482d9525-d28f-4f2f-8a57-a6645f199f88.jpg 578w\" sizes=\"auto, (max-width: 462px) 100vw, 462px\" \/><\/figure>\n\n\n\n<figure class=\"wp-block-image size-full\"><img loading=\"lazy\" decoding=\"async\" width=\"702\" height=\"824\" src=\"https:\/\/blogs.donboscovolunteers.de\/volunteeringwithrahel\/wp-content\/uploads\/sites\/21752\/2025\/10\/IMG_4119.jpg\" alt=\"\" class=\"wp-image-33\" srcset=\"https:\/\/blogs.donboscovolunteers.de\/volunteeringwithrahel\/wp-content\/uploads\/sites\/21752\/2025\/10\/IMG_4119.jpg 702w, https:\/\/blogs.donboscovolunteers.de\/volunteeringwithrahel\/wp-content\/uploads\/sites\/21752\/2025\/10\/IMG_4119-256x300.jpg 256w\" sizes=\"auto, (max-width: 702px) 100vw, 702px\" \/><\/figure>","protected":false},"excerpt":{"rendered":"<p>Helloooooooo, alsooooo die ersten zwei Wochen sind ja jetzt rum (also eigentlich sind\u2019s fast drei).&nbsp; Naja, da euch alle ja bestimmt nichts mehr interessiert als mein Leben in der Mongolei, dachte ich, ich k\u00f6nnte ja versuchen, regelm\u00e4\u00dfiger einen Blogeintrag zu schreiben. Ob das funktioniert, seht ihr dann, aber vielleicht gibt es ab sofort Montagsupdates. Okay, [&hellip;]<\/p>\n","protected":false},"author":21872,"featured_media":0,"comment_status":"open","ping_status":"open","sticky":false,"template":"","format":"standard","meta":{"footnotes":""},"categories":[1],"tags":[],"class_list":["post-31","post","type-post","status-publish","format-standard","hentry","category-allgemein"],"yoast_head":"<!-- This site is optimized with the Yoast SEO plugin v25.3.1 - https:\/\/yoast.com\/wordpress\/plugins\/seo\/ -->\n<title>Die ersten zwei Wochen\u00a0 - Volunteering with Rahel<\/title>\n<meta name=\"robots\" content=\"index, follow, max-snippet:-1, max-image-preview:large, max-video-preview:-1\" \/>\n<link rel=\"canonical\" href=\"https:\/\/blogs.donboscovolunteers.de\/volunteeringwithrahel\/2025\/10\/13\/die-ersten-zwei-wochen\/\" \/>\n<meta property=\"og:locale\" content=\"de_DE\" \/>\n<meta property=\"og:type\" content=\"article\" \/>\n<meta property=\"og:title\" content=\"Die ersten zwei Wochen\u00a0 - Volunteering with Rahel\" \/>\n<meta property=\"og:description\" content=\"Helloooooooo, alsooooo die ersten zwei Wochen sind ja jetzt rum (also eigentlich sind\u2019s fast drei).&nbsp; Naja, da euch alle ja bestimmt nichts mehr interessiert als mein Leben in der Mongolei, dachte ich, ich k\u00f6nnte ja versuchen, regelm\u00e4\u00dfiger einen Blogeintrag zu schreiben. Ob das funktioniert, seht ihr dann, aber vielleicht gibt es ab sofort Montagsupdates. Okay, [&hellip;]\" \/>\n<meta property=\"og:url\" content=\"https:\/\/blogs.donboscovolunteers.de\/volunteeringwithrahel\/2025\/10\/13\/die-ersten-zwei-wochen\/\" \/>\n<meta property=\"og:site_name\" content=\"Volunteering with Rahel\" \/>\n<meta property=\"article:published_time\" content=\"2025-10-13T05:09:09+00:00\" \/>\n<meta property=\"og:image\" content=\"https:\/\/blogs.donboscovolunteers.de\/volunteeringwithrahel\/wp-content\/uploads\/sites\/21752\/2025\/10\/482d9525-d28f-4f2f-8a57-a6645f199f88.jpg\" \/>\n\t<meta property=\"og:image:width\" content=\"578\" \/>\n\t<meta property=\"og:image:height\" content=\"1280\" \/>\n\t<meta property=\"og:image:type\" content=\"image\/jpeg\" \/>\n<meta name=\"author\" content=\"rahelquack\" \/>\n<meta name=\"twitter:card\" content=\"summary_large_image\" \/>\n<meta name=\"twitter:label1\" content=\"Verfasst von\" \/>\n\t<meta name=\"twitter:data1\" content=\"rahelquack\" \/>\n\t<meta name=\"twitter:label2\" content=\"Gesch\u00e4tzte Lesezeit\" \/>\n\t<meta name=\"twitter:data2\" content=\"3\u00a0Minuten\" \/>\n<script type=\"application\/ld+json\" class=\"yoast-schema-graph\">{\"@context\":\"https:\/\/schema.org\",\"@graph\":[{\"@type\":\"WebPage\",\"@id\":\"https:\/\/blogs.donboscovolunteers.de\/volunteeringwithrahel\/2025\/10\/13\/die-ersten-zwei-wochen\/\",\"url\":\"https:\/\/blogs.donboscovolunteers.de\/volunteeringwithrahel\/2025\/10\/13\/die-ersten-zwei-wochen\/\",\"name\":\"Die ersten zwei Wochen\u00a0 - Volunteering with Rahel\",\"isPartOf\":{\"@id\":\"https:\/\/blogs.donboscovolunteers.de\/volunteeringwithrahel\/#website\"},\"primaryImageOfPage\":{\"@id\":\"https:\/\/blogs.donboscovolunteers.de\/volunteeringwithrahel\/2025\/10\/13\/die-ersten-zwei-wochen\/#primaryimage\"},\"image\":{\"@id\":\"https:\/\/blogs.donboscovolunteers.de\/volunteeringwithrahel\/2025\/10\/13\/die-ersten-zwei-wochen\/#primaryimage\"},\"thumbnailUrl\":\"https:\/\/blogs.donboscovolunteers.de\/volunteeringwithrahel\/wp-content\/uploads\/sites\/21752\/2025\/10\/482d9525-d28f-4f2f-8a57-a6645f199f88-462x1024.jpg\",\"datePublished\":\"2025-10-13T05:09:09+00:00\",\"author\":{\"@id\":\"https:\/\/blogs.donboscovolunteers.de\/volunteeringwithrahel\/#\/schema\/person\/d9d730dc140b766bfee0c70001944307\"},\"breadcrumb\":{\"@id\":\"https:\/\/blogs.donboscovolunteers.de\/volunteeringwithrahel\/2025\/10\/13\/die-ersten-zwei-wochen\/#breadcrumb\"},\"inLanguage\":\"de\",\"potentialAction\":[{\"@type\":\"ReadAction\",\"target\":[\"https:\/\/blogs.donboscovolunteers.de\/volunteeringwithrahel\/2025\/10\/13\/die-ersten-zwei-wochen\/\"]}]},{\"@type\":\"ImageObject\",\"inLanguage\":\"de\",\"@id\":\"https:\/\/blogs.donboscovolunteers.de\/volunteeringwithrahel\/2025\/10\/13\/die-ersten-zwei-wochen\/#primaryimage\",\"url\":\"https:\/\/blogs.donboscovolunteers.de\/volunteeringwithrahel\/wp-content\/uploads\/sites\/21752\/2025\/10\/482d9525-d28f-4f2f-8a57-a6645f199f88.jpg\",\"contentUrl\":\"https:\/\/blogs.donboscovolunteers.de\/volunteeringwithrahel\/wp-content\/uploads\/sites\/21752\/2025\/10\/482d9525-d28f-4f2f-8a57-a6645f199f88.jpg\",\"width\":578,\"height\":1280},{\"@type\":\"BreadcrumbList\",\"@id\":\"https:\/\/blogs.donboscovolunteers.de\/volunteeringwithrahel\/2025\/10\/13\/die-ersten-zwei-wochen\/#breadcrumb\",\"itemListElement\":[{\"@type\":\"ListItem\",\"position\":1,\"name\":\"Startseite\",\"item\":\"https:\/\/blogs.donboscovolunteers.de\/volunteeringwithrahel\/\"},{\"@type\":\"ListItem\",\"position\":2,\"name\":\"Die ersten zwei Wochen\u00a0\"}]},{\"@type\":\"WebSite\",\"@id\":\"https:\/\/blogs.donboscovolunteers.de\/volunteeringwithrahel\/#website\",\"url\":\"https:\/\/blogs.donboscovolunteers.de\/volunteeringwithrahel\/\",\"name\":\"Volunteering with Rahel\",\"description\":\"\",\"potentialAction\":[{\"@type\":\"SearchAction\",\"target\":{\"@type\":\"EntryPoint\",\"urlTemplate\":\"https:\/\/blogs.donboscovolunteers.de\/volunteeringwithrahel\/?s={search_term_string}\"},\"query-input\":{\"@type\":\"PropertyValueSpecification\",\"valueRequired\":true,\"valueName\":\"search_term_string\"}}],\"inLanguage\":\"de\"},{\"@type\":\"Person\",\"@id\":\"https:\/\/blogs.donboscovolunteers.de\/volunteeringwithrahel\/#\/schema\/person\/d9d730dc140b766bfee0c70001944307\",\"name\":\"rahelquack\",\"image\":{\"@type\":\"ImageObject\",\"inLanguage\":\"de\",\"@id\":\"https:\/\/blogs.donboscovolunteers.de\/volunteeringwithrahel\/#\/schema\/person\/image\/\",\"url\":\"https:\/\/secure.gravatar.com\/avatar\/7711a9dd2eda4e8453848a014a97cd9d4d78c953b1240ce7fc402bc96f9df461?s=96&d=mm&r=g\",\"contentUrl\":\"https:\/\/secure.gravatar.com\/avatar\/7711a9dd2eda4e8453848a014a97cd9d4d78c953b1240ce7fc402bc96f9df461?s=96&d=mm&r=g\",\"caption\":\"rahelquack\"},\"url\":\"https:\/\/blogs.donboscovolunteers.de\/volunteeringwithrahel\/author\/rahelquack\/\"}]}<\/script>\n<!-- \/ Yoast SEO plugin. -->","yoast_head_json":{"title":"Die ersten zwei Wochen\u00a0 - Volunteering with Rahel","robots":{"index":"index","follow":"follow","max-snippet":"max-snippet:-1","max-image-preview":"max-image-preview:large","max-video-preview":"max-video-preview:-1"},"canonical":"https:\/\/blogs.donboscovolunteers.de\/volunteeringwithrahel\/2025\/10\/13\/die-ersten-zwei-wochen\/","og_locale":"de_DE","og_type":"article","og_title":"Die ersten zwei Wochen\u00a0 - Volunteering with Rahel","og_description":"Helloooooooo, alsooooo die ersten zwei Wochen sind ja jetzt rum (also eigentlich sind\u2019s fast drei).&nbsp; Naja, da euch alle ja bestimmt nichts mehr interessiert als mein Leben in der Mongolei, dachte ich, ich k\u00f6nnte ja versuchen, regelm\u00e4\u00dfiger einen Blogeintrag zu schreiben. Ob das funktioniert, seht ihr dann, aber vielleicht gibt es ab sofort Montagsupdates. Okay, [&hellip;]","og_url":"https:\/\/blogs.donboscovolunteers.de\/volunteeringwithrahel\/2025\/10\/13\/die-ersten-zwei-wochen\/","og_site_name":"Volunteering with Rahel","article_published_time":"2025-10-13T05:09:09+00:00","og_image":[{"width":578,"height":1280,"url":"https:\/\/blogs.donboscovolunteers.de\/volunteeringwithrahel\/wp-content\/uploads\/sites\/21752\/2025\/10\/482d9525-d28f-4f2f-8a57-a6645f199f88.jpg","type":"image\/jpeg"}],"author":"rahelquack","twitter_card":"summary_large_image","twitter_misc":{"Verfasst von":"rahelquack","Gesch\u00e4tzte Lesezeit":"3\u00a0Minuten"},"schema":{"@context":"https:\/\/schema.org","@graph":[{"@type":"WebPage","@id":"https:\/\/blogs.donboscovolunteers.de\/volunteeringwithrahel\/2025\/10\/13\/die-ersten-zwei-wochen\/","url":"https:\/\/blogs.donboscovolunteers.de\/volunteeringwithrahel\/2025\/10\/13\/die-ersten-zwei-wochen\/","name":"Die ersten zwei Wochen\u00a0 - Volunteering with Rahel","isPartOf":{"@id":"https:\/\/blogs.donboscovolunteers.de\/volunteeringwithrahel\/#website"},"primaryImageOfPage":{"@id":"https:\/\/blogs.donboscovolunteers.de\/volunteeringwithrahel\/2025\/10\/13\/die-ersten-zwei-wochen\/#primaryimage"},"image":{"@id":"https:\/\/blogs.donboscovolunteers.de\/volunteeringwithrahel\/2025\/10\/13\/die-ersten-zwei-wochen\/#primaryimage"},"thumbnailUrl":"https:\/\/blogs.donboscovolunteers.de\/volunteeringwithrahel\/wp-content\/uploads\/sites\/21752\/2025\/10\/482d9525-d28f-4f2f-8a57-a6645f199f88-462x1024.jpg","datePublished":"2025-10-13T05:09:09+00:00","author":{"@id":"https:\/\/blogs.donboscovolunteers.de\/volunteeringwithrahel\/#\/schema\/person\/d9d730dc140b766bfee0c70001944307"},"breadcrumb":{"@id":"https:\/\/blogs.donboscovolunteers.de\/volunteeringwithrahel\/2025\/10\/13\/die-ersten-zwei-wochen\/#breadcrumb"},"inLanguage":"de","potentialAction":[{"@type":"ReadAction","target":["https:\/\/blogs.donboscovolunteers.de\/volunteeringwithrahel\/2025\/10\/13\/die-ersten-zwei-wochen\/"]}]},{"@type":"ImageObject","inLanguage":"de","@id":"https:\/\/blogs.donboscovolunteers.de\/volunteeringwithrahel\/2025\/10\/13\/die-ersten-zwei-wochen\/#primaryimage","url":"https:\/\/blogs.donboscovolunteers.de\/volunteeringwithrahel\/wp-content\/uploads\/sites\/21752\/2025\/10\/482d9525-d28f-4f2f-8a57-a6645f199f88.jpg","contentUrl":"https:\/\/blogs.donboscovolunteers.de\/volunteeringwithrahel\/wp-content\/uploads\/sites\/21752\/2025\/10\/482d9525-d28f-4f2f-8a57-a6645f199f88.jpg","width":578,"height":1280},{"@type":"BreadcrumbList","@id":"https:\/\/blogs.donboscovolunteers.de\/volunteeringwithrahel\/2025\/10\/13\/die-ersten-zwei-wochen\/#breadcrumb","itemListElement":[{"@type":"ListItem","position":1,"name":"Startseite","item":"https:\/\/blogs.donboscovolunteers.de\/volunteeringwithrahel\/"},{"@type":"ListItem","position":2,"name":"Die ersten zwei Wochen\u00a0"}]},{"@type":"WebSite","@id":"https:\/\/blogs.donboscovolunteers.de\/volunteeringwithrahel\/#website","url":"https:\/\/blogs.donboscovolunteers.de\/volunteeringwithrahel\/","name":"Volunteering with Rahel","description":"","potentialAction":[{"@type":"SearchAction","target":{"@type":"EntryPoint","urlTemplate":"https:\/\/blogs.donboscovolunteers.de\/volunteeringwithrahel\/?s={search_term_string}"},"query-input":{"@type":"PropertyValueSpecification","valueRequired":true,"valueName":"search_term_string"}}],"inLanguage":"de"},{"@type":"Person","@id":"https:\/\/blogs.donboscovolunteers.de\/volunteeringwithrahel\/#\/schema\/person\/d9d730dc140b766bfee0c70001944307","name":"rahelquack","image":{"@type":"ImageObject","inLanguage":"de","@id":"https:\/\/blogs.donboscovolunteers.de\/volunteeringwithrahel\/#\/schema\/person\/image\/","url":"https:\/\/secure.gravatar.com\/avatar\/7711a9dd2eda4e8453848a014a97cd9d4d78c953b1240ce7fc402bc96f9df461?s=96&d=mm&r=g","contentUrl":"https:\/\/secure.gravatar.com\/avatar\/7711a9dd2eda4e8453848a014a97cd9d4d78c953b1240ce7fc402bc96f9df461?s=96&d=mm&r=g","caption":"rahelquack"},"url":"https:\/\/blogs.donboscovolunteers.de\/volunteeringwithrahel\/author\/rahelquack\/"}]}},"_links":{"self":[{"href":"https:\/\/blogs.donboscovolunteers.de\/volunteeringwithrahel\/wp-json\/wp\/v2\/posts\/31","targetHints":{"allow":["GET"]}}],"collection":[{"href":"https:\/\/blogs.donboscovolunteers.de\/volunteeringwithrahel\/wp-json\/wp\/v2\/posts"}],"about":[{"href":"https:\/\/blogs.donboscovolunteers.de\/volunteeringwithrahel\/wp-json\/wp\/v2\/types\/post"}],"author":[{"embeddable":true,"href":"https:\/\/blogs.donboscovolunteers.de\/volunteeringwithrahel\/wp-json\/wp\/v2\/users\/21872"}],"replies":[{"embeddable":true,"href":"https:\/\/blogs.donboscovolunteers.de\/volunteeringwithrahel\/wp-json\/wp\/v2\/comments?post=31"}],"version-history":[{"count":1,"href":"https:\/\/blogs.donboscovolunteers.de\/volunteeringwithrahel\/wp-json\/wp\/v2\/posts\/31\/revisions"}],"predecessor-version":[{"id":34,"href":"https:\/\/blogs.donboscovolunteers.de\/volunteeringwithrahel\/wp-json\/wp\/v2\/posts\/31\/revisions\/34"}],"wp:attachment":[{"href":"https:\/\/blogs.donboscovolunteers.de\/volunteeringwithrahel\/wp-json\/wp\/v2\/media?parent=31"}],"wp:term":[{"taxonomy":"category","embeddable":true,"href":"https:\/\/blogs.donboscovolunteers.de\/volunteeringwithrahel\/wp-json\/wp\/v2\/categories?post=31"},{"taxonomy":"post_tag","embeddable":true,"href":"https:\/\/blogs.donboscovolunteers.de\/volunteeringwithrahel\/wp-json\/wp\/v2\/tags?post=31"}],"curies":[{"name":"wp","href":"https:\/\/api.w.org\/{rel}","templated":true}]}}