{"id":178,"date":"2014-09-08T16:35:34","date_gmt":"2014-09-08T16:35:34","guid":{"rendered":"https:\/\/blogs.donboscovolunteers.de\/tobiasinabidjan\/?p=178"},"modified":"2014-09-08T16:44:58","modified_gmt":"2014-09-08T16:44:58","slug":"rueckkehr-veraenderungen-im-projekt-und-ebola","status":"publish","type":"post","link":"https:\/\/blogs.donboscovolunteers.de\/tobiasinabidjan\/2014\/09\/08\/rueckkehr-veraenderungen-im-projekt-und-ebola\/","title":{"rendered":"R\u00fcckkehr, Ver\u00e4nderungen im Projekt und Ebola"},"content":{"rendered":"<p>Nach meiner Abreise am 25. August 2013 bin ich nun am 13. August 2014 wieder zur\u00fcck in Abidjan. Mein Nachfolger Tilmann Augstein (<a href=\"http:\/\/www.strassenkinder.de\/tilmanninabidjan\">www.strassenkinder.de\/tilmanninabidjan<\/a>), der ein wunderbares und wirklich sehr erfahrungsreiches Jahr hier verbracht hat, hat am 21. August die Heimreise nach Deutschland angetreten und ist wohlbehalten dort angekommen.<\/p>\n<p>Was das Projekt angeht, sind einige Ver\u00e4nderungen zu sp\u00fcren: Die Gemeindemitglieder spenden dem Foyer nun vermehrt Reis, \u00d6l und andere Nahrungsmittel, sodass bei den Eink\u00e4ufen gespart werden kann. Es hat sich eine Gemeinschaft gebildet, die sich \u201eFreunde des Foyers\u201c nennt. Eine sehr gute Sache!<a href=\"https:\/\/blogs.donboscovolunteers.de\/tobiasinabidjan\/wp-content\/uploads\/sites\/19606\/2014\/09\/IMG_42601.jpg\"><img loading=\"lazy\" decoding=\"async\" class=\"aligncenter size-full wp-image-183\" alt=\"IMG_4260(1)\" src=\"https:\/\/blogs.donboscovolunteers.de\/tobiasinabidjan\/wp-content\/uploads\/sites\/19606\/2014\/09\/IMG_42601.jpg\" width=\"427\" height=\"640\" srcset=\"https:\/\/blogs.donboscovolunteers.de\/tobiasinabidjan\/wp-content\/uploads\/sites\/19606\/2014\/09\/IMG_42601.jpg 427w, https:\/\/blogs.donboscovolunteers.de\/tobiasinabidjan\/wp-content\/uploads\/sites\/19606\/2014\/09\/IMG_42601-200x300.jpg 200w\" sizes=\"auto, (max-width: 427px) 100vw, 427px\" \/><\/a><\/p>\n<p>Die Mauer neben der Eingangst\u00fcr des Foyer Maman Marguerite wurde mit einer Malerei versehen, damit jeder sehen kann um welche Art Foyer es sich handelt. Au\u00dferdem wurden einige Gr\u00f6\u00dfen der <a href=\"https:\/\/www.donboscomission.de\/don-bosco\/\">Don Bosco<\/a> Familie ebenfalls aufgemalt und nat\u00fcrlich Don Bosco selbst auch.<\/p>\n<p>Fast alle Kinder, die w\u00e4hrend meines Jahres im Langzeitaufenthalt Foyer Magone waren, konnten erfolgreich in ihre jeweiligen Familien zur\u00fcckintegriert werden. Einzige Ausnahmen bilden hier mein ehemaliger Sch\u00fcler Elie, der im Schuljahr 2012\/2013 mit 12 Jahren die zweite Klasse besuchte und sehr gute Noten einfuhr. Leider schafft er selbst es nicht, die Wichtigkeit von Bildung f\u00fcr sein eigenes Leben zu sehen und ist wieder auf die Stra\u00dfe abgehauen. Der zweite Fall, bei dem die Reintegration nicht funktioniert hat, ist Samuel, \u00fcber den ich im Dezember 2012 bereits einen Blogartikel verfasst habe. Damals, kurz vor Weihnachten, bat er seinen Vater um Verzeihung und erkl\u00e4rte ihm, dass er sich nichts lieber w\u00fcnsche als beim ihm zu wohnen. Im Juni 2013 wurde also die Reintegration vollzogen, doch im November desselben Jahres befand sich Samuel nach zwei Tagen auf der Stra\u00dfe wieder im Foyer. Das einzig Gute an der ganzen Sache ist, dass er zur\u00fcck ins Foyer gekommen ist und nicht einfach auf der Stra\u00dfe weiterleben wollte. Sehr bedauernswert, dass die Zusammenf\u00fchrung seiner Eltern und ihm nicht zum Erfolg gef\u00fchrt hat.<\/p>\n<p>Allgemein best\u00e4tigten mir die Erzieher meinen Eindruck, dass die Stra\u00dfenkinder hier in Abidjan immer j\u00fcnger werden. Einer der Erzieher, der bereits seit 20 Jahren im Foyer arbeitet, erkl\u00e4rte mir, dass zu Beginn seiner Arbeit die meisten auf der Stra\u00dfe lebenden Kinder vollj\u00e4hrig waren. Mittlerweile sind jedoch sehr viele Kinder erst um die 10 Jahre alt. So auch die beiden hier:<a href=\"https:\/\/blogs.donboscovolunteers.de\/tobiasinabidjan\/wp-content\/uploads\/sites\/19606\/2014\/09\/IMG_42771.jpg\"><img loading=\"lazy\" decoding=\"async\" class=\"aligncenter size-full wp-image-184\" alt=\"IMG_4277(1)\" src=\"https:\/\/blogs.donboscovolunteers.de\/tobiasinabidjan\/wp-content\/uploads\/sites\/19606\/2014\/09\/IMG_42771.jpg\" width=\"640\" height=\"427\" srcset=\"https:\/\/blogs.donboscovolunteers.de\/tobiasinabidjan\/wp-content\/uploads\/sites\/19606\/2014\/09\/IMG_42771.jpg 640w, https:\/\/blogs.donboscovolunteers.de\/tobiasinabidjan\/wp-content\/uploads\/sites\/19606\/2014\/09\/IMG_42771-300x200.jpg 300w\" sizes=\"auto, (max-width: 640px) 100vw, 640px\" \/><\/a><\/p>\n<p>Ebola: Bis vor zwei Wochen sprach hier noch kaum jemand von der Epidemie. Doch seit kurzer Zeit kommt das allt\u00e4gliche Gespr\u00e4ch immer \u00f6fter auf die Krankheit. Vor zweiner Weile hat der Bischof der Di\u00f6zese Grand-Bassam, zu der auch die Gemeinde der Salesianer hier in Abidjan geh\u00f6rt, eine Empfehlung ausgegeben, auf den Friedengru\u00df w\u00e4hrend der Messe in der Kirche zu verzichten. Dies ist eine der ersten Ma\u00dfnahmen, die die Menschen hier nun wirklich direkt betrifft. Bei meiner Ankunft am Flughafen in Abidjan war die einzige \u201eVorsichtsma\u00dfnahme\u201c bez\u00fcglich Ebola auf einem Zettel an einer S\u00e4ule angebracht, auf dem zu lesen war, dass man verst\u00e4rkt auf die \u00fcblichen Hygieneregeln achten solle und sich vor allem h\u00e4ufig die H\u00e4nde waschen solle. Au\u00dferdem war zu lesen, dass, sobald man einem Ebola-Verdachtsfall begegnet, dies sofort den Beh\u00f6rden melden solle, damit dieser sofort in ein Krankenhaus geschafft werden k\u00f6nne.<\/p>\n<p>Die Kinder im Foyer spielen mittlerweile nicht mehr \u201eFangen\u201c sondern \u201eWer hat Ebola?\u201c. Und sobald irgendwer eine kleine Wunde zum Beispiel an der Hand hat, wird gewitzelt es sei Ebola.<\/p>\n<p>Mikroben: Seit einiger Zeit macht eine Gang bestehend aus Kindern und Jugendlichen Abidjans Stra\u00dfen unsicher. Ihr Ziel ist es Leute zu bestehlen. Ihr Vorgehen dabei ist h\u00f6chst systematisch: Sie stechen ihren Opfern mit Messern in den Bauch oder in die Seite und klauen dann das Geld und andere Wertgegenst\u00e4nde des Opfers. Dabei nutzen sie aus, dass man sie zun\u00e4chst nicht als gef\u00e4hrlich einsch\u00e4tzt, weil sie ja Kinder sind. Einige der Opfer starben bereits an den Messerstichen, die sie von den \u201eMikroben\u201c zugef\u00fcgt bekamen.<\/p>\n<p>Hier in der Gegend geht das Ger\u00fccht um, dass die Beh\u00f6rden der Bev\u00f6lkerung die Erlaubnis erteilt haben, sich bei einem Angriff dieser Gang mit allen Mitteln zur Wehr zu setzen. Man solle sie am besten umbringen. Vorgestern war in den Nachrichten zu h\u00f6ren, dass ein Teil der Mikroben im Norden Abidjans gefasst wurde. Was man ihnen gemacht wird ist allerdings nicht bekannt.<\/p>\n<p>&nbsp;<\/p>\n","protected":false},"excerpt":{"rendered":"<p>Nach meiner Abreise am 25. August 2013 bin ich nun am 13. August 2014 wieder zur\u00fcck in Abidjan. Mein Nachfolger Tilmann Augstein (www.<a href=\"https:\/\/strassenkinder.de\/strassenkinder\/\">strassenkinder<\/a>.de\/tilmanninabidjan), der ein wunderbares und wirklich sehr erfahrungsreiches Jahr hier verbracht hat, hat am 21. August die Heimreise nach Deutschland angetreten und ist wohlbehalten dort angekommen. Was das Projekt angeht, sind einige Ver\u00e4nderungen [&hellip;]<\/p>\n","protected":false},"author":19649,"featured_media":0,"comment_status":"open","ping_status":"open","sticky":false,"template":"","format":"standard","meta":{"footnotes":""},"categories":[31],"tags":[505,560,6475,2293,22916,23],"class_list":["post-178","post","type-post","status-publish","format-standard","hentry","category-allgemein","tag-abidjan","tag-cote-divoire","tag-elfenbeinkuste","tag-foyer-magone","tag-salesianer-don-boscos","tag-strassenkinder"],"yoast_head":"<!-- This site is optimized with the Yoast SEO plugin v25.3.1 - https:\/\/yoast.com\/wordpress\/plugins\/seo\/ -->\n<title>R\u00fcckkehr, Ver\u00e4nderungen im Projekt und Ebola - Tobi in Abidjan<\/title>\n<meta name=\"robots\" content=\"index, follow, max-snippet:-1, max-image-preview:large, max-video-preview:-1\" \/>\n<link rel=\"canonical\" href=\"https:\/\/blogs.donboscovolunteers.de\/tobiasinabidjan\/2014\/09\/08\/rueckkehr-veraenderungen-im-projekt-und-ebola\/\" \/>\n<meta property=\"og:locale\" content=\"de_DE\" \/>\n<meta property=\"og:type\" content=\"article\" \/>\n<meta property=\"og:title\" content=\"R\u00fcckkehr, Ver\u00e4nderungen im Projekt und Ebola - Tobi in Abidjan\" \/>\n<meta property=\"og:description\" content=\"Nach meiner Abreise am 25. August 2013 bin ich nun am 13. August 2014 wieder zur\u00fcck in Abidjan. Mein Nachfolger Tilmann Augstein (www.strassenkinder.de\/tilmanninabidjan), der ein wunderbares und wirklich sehr erfahrungsreiches Jahr hier verbracht hat, hat am 21. August die Heimreise nach Deutschland angetreten und ist wohlbehalten dort angekommen. Was das Projekt angeht, sind einige Ver\u00e4nderungen [&hellip;]\" \/>\n<meta property=\"og:url\" content=\"https:\/\/blogs.donboscovolunteers.de\/tobiasinabidjan\/2014\/09\/08\/rueckkehr-veraenderungen-im-projekt-und-ebola\/\" \/>\n<meta property=\"og:site_name\" content=\"Tobi in Abidjan\" \/>\n<meta property=\"article:published_time\" content=\"2014-09-08T16:35:34+00:00\" \/>\n<meta property=\"article:modified_time\" content=\"2014-09-08T16:44:58+00:00\" \/>\n<meta property=\"og:image\" content=\"https:\/\/blogs.donboscovolunteers.de\/tobiasinabidjan\/wp-content\/uploads\/sites\/19606\/2014\/09\/IMG_42601.jpg\" \/>\n<meta name=\"author\" content=\"Tobias Droessler\" \/>\n<meta name=\"twitter:card\" content=\"summary_large_image\" \/>\n<meta name=\"twitter:label1\" content=\"Verfasst von\" \/>\n\t<meta name=\"twitter:data1\" content=\"Tobias Droessler\" \/>\n\t<meta name=\"twitter:label2\" content=\"Gesch\u00e4tzte Lesezeit\" \/>\n\t<meta name=\"twitter:data2\" content=\"4\u00a0Minuten\" \/>\n<script type=\"application\/ld+json\" class=\"yoast-schema-graph\">{\"@context\":\"https:\/\/schema.org\",\"@graph\":[{\"@type\":\"WebPage\",\"@id\":\"https:\/\/blogs.donboscovolunteers.de\/tobiasinabidjan\/2014\/09\/08\/rueckkehr-veraenderungen-im-projekt-und-ebola\/\",\"url\":\"https:\/\/blogs.donboscovolunteers.de\/tobiasinabidjan\/2014\/09\/08\/rueckkehr-veraenderungen-im-projekt-und-ebola\/\",\"name\":\"R\u00fcckkehr, Ver\u00e4nderungen im Projekt und Ebola - Tobi in Abidjan\",\"isPartOf\":{\"@id\":\"https:\/\/blogs.donboscovolunteers.de\/tobiasinabidjan\/#website\"},\"primaryImageOfPage\":{\"@id\":\"https:\/\/blogs.donboscovolunteers.de\/tobiasinabidjan\/2014\/09\/08\/rueckkehr-veraenderungen-im-projekt-und-ebola\/#primaryimage\"},\"image\":{\"@id\":\"https:\/\/blogs.donboscovolunteers.de\/tobiasinabidjan\/2014\/09\/08\/rueckkehr-veraenderungen-im-projekt-und-ebola\/#primaryimage\"},\"thumbnailUrl\":\"https:\/\/blogs.donboscovolunteers.de\/tobiasinabidjan\/wp-content\/uploads\/sites\/19606\/2014\/09\/IMG_42601.jpg\",\"datePublished\":\"2014-09-08T16:35:34+00:00\",\"dateModified\":\"2014-09-08T16:44:58+00:00\",\"author\":{\"@id\":\"https:\/\/blogs.donboscovolunteers.de\/tobiasinabidjan\/#\/schema\/person\/4c75713926b135670e741959bea59390\"},\"breadcrumb\":{\"@id\":\"https:\/\/blogs.donboscovolunteers.de\/tobiasinabidjan\/2014\/09\/08\/rueckkehr-veraenderungen-im-projekt-und-ebola\/#breadcrumb\"},\"inLanguage\":\"de\",\"potentialAction\":[{\"@type\":\"ReadAction\",\"target\":[\"https:\/\/blogs.donboscovolunteers.de\/tobiasinabidjan\/2014\/09\/08\/rueckkehr-veraenderungen-im-projekt-und-ebola\/\"]}]},{\"@type\":\"ImageObject\",\"inLanguage\":\"de\",\"@id\":\"https:\/\/blogs.donboscovolunteers.de\/tobiasinabidjan\/2014\/09\/08\/rueckkehr-veraenderungen-im-projekt-und-ebola\/#primaryimage\",\"url\":\"https:\/\/blogs.donboscovolunteers.de\/tobiasinabidjan\/wp-content\/uploads\/sites\/19606\/2014\/09\/IMG_42601.jpg\",\"contentUrl\":\"https:\/\/blogs.donboscovolunteers.de\/tobiasinabidjan\/wp-content\/uploads\/sites\/19606\/2014\/09\/IMG_42601.jpg\",\"width\":427,\"height\":640},{\"@type\":\"BreadcrumbList\",\"@id\":\"https:\/\/blogs.donboscovolunteers.de\/tobiasinabidjan\/2014\/09\/08\/rueckkehr-veraenderungen-im-projekt-und-ebola\/#breadcrumb\",\"itemListElement\":[{\"@type\":\"ListItem\",\"position\":1,\"name\":\"Startseite\",\"item\":\"https:\/\/blogs.donboscovolunteers.de\/tobiasinabidjan\/\"},{\"@type\":\"ListItem\",\"position\":2,\"name\":\"R\u00fcckkehr, Ver\u00e4nderungen im Projekt und Ebola\"}]},{\"@type\":\"WebSite\",\"@id\":\"https:\/\/blogs.donboscovolunteers.de\/tobiasinabidjan\/#website\",\"url\":\"https:\/\/blogs.donboscovolunteers.de\/tobiasinabidjan\/\",\"name\":\"Tobi in Abidjan\",\"description\":\"Ein weiterer strassenkinder.de Blog\",\"potentialAction\":[{\"@type\":\"SearchAction\",\"target\":{\"@type\":\"EntryPoint\",\"urlTemplate\":\"https:\/\/blogs.donboscovolunteers.de\/tobiasinabidjan\/?s={search_term_string}\"},\"query-input\":{\"@type\":\"PropertyValueSpecification\",\"valueRequired\":true,\"valueName\":\"search_term_string\"}}],\"inLanguage\":\"de\"},{\"@type\":\"Person\",\"@id\":\"https:\/\/blogs.donboscovolunteers.de\/tobiasinabidjan\/#\/schema\/person\/4c75713926b135670e741959bea59390\",\"name\":\"Tobias Droessler\",\"image\":{\"@type\":\"ImageObject\",\"inLanguage\":\"de\",\"@id\":\"https:\/\/blogs.donboscovolunteers.de\/tobiasinabidjan\/#\/schema\/person\/image\/\",\"url\":\"https:\/\/secure.gravatar.com\/avatar\/bf458c853af41183c06262bfe9cd02d2551afdcb8bab2c97299941ff5223698a?s=96&d=mm&r=g\",\"contentUrl\":\"https:\/\/secure.gravatar.com\/avatar\/bf458c853af41183c06262bfe9cd02d2551afdcb8bab2c97299941ff5223698a?s=96&d=mm&r=g\",\"caption\":\"Tobias Droessler\"},\"sameAs\":[\"https:\/\/blogs.donboscovolunteers.de\/members\/tobiasdroessler\/\"],\"url\":\"https:\/\/blogs.donboscovolunteers.de\/tobiasinabidjan\/author\/tobiasdroessler\/\"}]}<\/script>\n<!-- \/ Yoast SEO plugin. -->","yoast_head_json":{"title":"R\u00fcckkehr, Ver\u00e4nderungen im Projekt und Ebola - Tobi in Abidjan","robots":{"index":"index","follow":"follow","max-snippet":"max-snippet:-1","max-image-preview":"max-image-preview:large","max-video-preview":"max-video-preview:-1"},"canonical":"https:\/\/blogs.donboscovolunteers.de\/tobiasinabidjan\/2014\/09\/08\/rueckkehr-veraenderungen-im-projekt-und-ebola\/","og_locale":"de_DE","og_type":"article","og_title":"R\u00fcckkehr, Ver\u00e4nderungen im Projekt und Ebola - Tobi in Abidjan","og_description":"Nach meiner Abreise am 25. August 2013 bin ich nun am 13. August 2014 wieder zur\u00fcck in Abidjan. Mein Nachfolger Tilmann Augstein (www.strassenkinder.de\/tilmanninabidjan), der ein wunderbares und wirklich sehr erfahrungsreiches Jahr hier verbracht hat, hat am 21. August die Heimreise nach Deutschland angetreten und ist wohlbehalten dort angekommen. Was das Projekt angeht, sind einige Ver\u00e4nderungen [&hellip;]","og_url":"https:\/\/blogs.donboscovolunteers.de\/tobiasinabidjan\/2014\/09\/08\/rueckkehr-veraenderungen-im-projekt-und-ebola\/","og_site_name":"Tobi in Abidjan","article_published_time":"2014-09-08T16:35:34+00:00","article_modified_time":"2014-09-08T16:44:58+00:00","og_image":[{"url":"https:\/\/blogs.donboscovolunteers.de\/tobiasinabidjan\/wp-content\/uploads\/sites\/19606\/2014\/09\/IMG_42601.jpg","type":"","width":"","height":""}],"author":"Tobias Droessler","twitter_card":"summary_large_image","twitter_misc":{"Verfasst von":"Tobias Droessler","Gesch\u00e4tzte Lesezeit":"4\u00a0Minuten"},"schema":{"@context":"https:\/\/schema.org","@graph":[{"@type":"WebPage","@id":"https:\/\/blogs.donboscovolunteers.de\/tobiasinabidjan\/2014\/09\/08\/rueckkehr-veraenderungen-im-projekt-und-ebola\/","url":"https:\/\/blogs.donboscovolunteers.de\/tobiasinabidjan\/2014\/09\/08\/rueckkehr-veraenderungen-im-projekt-und-ebola\/","name":"R\u00fcckkehr, Ver\u00e4nderungen im Projekt und Ebola - Tobi in Abidjan","isPartOf":{"@id":"https:\/\/blogs.donboscovolunteers.de\/tobiasinabidjan\/#website"},"primaryImageOfPage":{"@id":"https:\/\/blogs.donboscovolunteers.de\/tobiasinabidjan\/2014\/09\/08\/rueckkehr-veraenderungen-im-projekt-und-ebola\/#primaryimage"},"image":{"@id":"https:\/\/blogs.donboscovolunteers.de\/tobiasinabidjan\/2014\/09\/08\/rueckkehr-veraenderungen-im-projekt-und-ebola\/#primaryimage"},"thumbnailUrl":"https:\/\/blogs.donboscovolunteers.de\/tobiasinabidjan\/wp-content\/uploads\/sites\/19606\/2014\/09\/IMG_42601.jpg","datePublished":"2014-09-08T16:35:34+00:00","dateModified":"2014-09-08T16:44:58+00:00","author":{"@id":"https:\/\/blogs.donboscovolunteers.de\/tobiasinabidjan\/#\/schema\/person\/4c75713926b135670e741959bea59390"},"breadcrumb":{"@id":"https:\/\/blogs.donboscovolunteers.de\/tobiasinabidjan\/2014\/09\/08\/rueckkehr-veraenderungen-im-projekt-und-ebola\/#breadcrumb"},"inLanguage":"de","potentialAction":[{"@type":"ReadAction","target":["https:\/\/blogs.donboscovolunteers.de\/tobiasinabidjan\/2014\/09\/08\/rueckkehr-veraenderungen-im-projekt-und-ebola\/"]}]},{"@type":"ImageObject","inLanguage":"de","@id":"https:\/\/blogs.donboscovolunteers.de\/tobiasinabidjan\/2014\/09\/08\/rueckkehr-veraenderungen-im-projekt-und-ebola\/#primaryimage","url":"https:\/\/blogs.donboscovolunteers.de\/tobiasinabidjan\/wp-content\/uploads\/sites\/19606\/2014\/09\/IMG_42601.jpg","contentUrl":"https:\/\/blogs.donboscovolunteers.de\/tobiasinabidjan\/wp-content\/uploads\/sites\/19606\/2014\/09\/IMG_42601.jpg","width":427,"height":640},{"@type":"BreadcrumbList","@id":"https:\/\/blogs.donboscovolunteers.de\/tobiasinabidjan\/2014\/09\/08\/rueckkehr-veraenderungen-im-projekt-und-ebola\/#breadcrumb","itemListElement":[{"@type":"ListItem","position":1,"name":"Startseite","item":"https:\/\/blogs.donboscovolunteers.de\/tobiasinabidjan\/"},{"@type":"ListItem","position":2,"name":"R\u00fcckkehr, Ver\u00e4nderungen im Projekt und Ebola"}]},{"@type":"WebSite","@id":"https:\/\/blogs.donboscovolunteers.de\/tobiasinabidjan\/#website","url":"https:\/\/blogs.donboscovolunteers.de\/tobiasinabidjan\/","name":"Tobi in Abidjan","description":"Ein weiterer strassenkinder.de Blog","potentialAction":[{"@type":"SearchAction","target":{"@type":"EntryPoint","urlTemplate":"https:\/\/blogs.donboscovolunteers.de\/tobiasinabidjan\/?s={search_term_string}"},"query-input":{"@type":"PropertyValueSpecification","valueRequired":true,"valueName":"search_term_string"}}],"inLanguage":"de"},{"@type":"Person","@id":"https:\/\/blogs.donboscovolunteers.de\/tobiasinabidjan\/#\/schema\/person\/4c75713926b135670e741959bea59390","name":"Tobias Droessler","image":{"@type":"ImageObject","inLanguage":"de","@id":"https:\/\/blogs.donboscovolunteers.de\/tobiasinabidjan\/#\/schema\/person\/image\/","url":"https:\/\/secure.gravatar.com\/avatar\/bf458c853af41183c06262bfe9cd02d2551afdcb8bab2c97299941ff5223698a?s=96&d=mm&r=g","contentUrl":"https:\/\/secure.gravatar.com\/avatar\/bf458c853af41183c06262bfe9cd02d2551afdcb8bab2c97299941ff5223698a?s=96&d=mm&r=g","caption":"Tobias Droessler"},"sameAs":["https:\/\/blogs.donboscovolunteers.de\/members\/tobiasdroessler\/"],"url":"https:\/\/blogs.donboscovolunteers.de\/tobiasinabidjan\/author\/tobiasdroessler\/"}]}},"_links":{"self":[{"href":"https:\/\/blogs.donboscovolunteers.de\/tobiasinabidjan\/wp-json\/wp\/v2\/posts\/178","targetHints":{"allow":["GET"]}}],"collection":[{"href":"https:\/\/blogs.donboscovolunteers.de\/tobiasinabidjan\/wp-json\/wp\/v2\/posts"}],"about":[{"href":"https:\/\/blogs.donboscovolunteers.de\/tobiasinabidjan\/wp-json\/wp\/v2\/types\/post"}],"author":[{"embeddable":true,"href":"https:\/\/blogs.donboscovolunteers.de\/tobiasinabidjan\/wp-json\/wp\/v2\/users\/19649"}],"replies":[{"embeddable":true,"href":"https:\/\/blogs.donboscovolunteers.de\/tobiasinabidjan\/wp-json\/wp\/v2\/comments?post=178"}],"version-history":[{"count":4,"href":"https:\/\/blogs.donboscovolunteers.de\/tobiasinabidjan\/wp-json\/wp\/v2\/posts\/178\/revisions"}],"predecessor-version":[{"id":185,"href":"https:\/\/blogs.donboscovolunteers.de\/tobiasinabidjan\/wp-json\/wp\/v2\/posts\/178\/revisions\/185"}],"wp:attachment":[{"href":"https:\/\/blogs.donboscovolunteers.de\/tobiasinabidjan\/wp-json\/wp\/v2\/media?parent=178"}],"wp:term":[{"taxonomy":"category","embeddable":true,"href":"https:\/\/blogs.donboscovolunteers.de\/tobiasinabidjan\/wp-json\/wp\/v2\/categories?post=178"},{"taxonomy":"post_tag","embeddable":true,"href":"https:\/\/blogs.donboscovolunteers.de\/tobiasinabidjan\/wp-json\/wp\/v2\/tags?post=178"}],"curies":[{"name":"wp","href":"https:\/\/api.w.org\/{rel}","templated":true}]}}