{"id":173,"date":"2013-12-31T14:29:06","date_gmt":"2013-12-31T14:29:06","guid":{"rendered":"https:\/\/blogs.donboscovolunteers.de\/tobiasinabidjan\/?p=173"},"modified":"2014-01-09T21:54:40","modified_gmt":"2014-01-09T21:54:40","slug":"spenden-eingesetzt","status":"publish","type":"post","link":"https:\/\/blogs.donboscovolunteers.de\/tobiasinabidjan\/2013\/12\/31\/spenden-eingesetzt\/","title":{"rendered":"Spenden eingesetzt!"},"content":{"rendered":"<p>Ende November konnten die im Vorfeld meines Freiwilligendienstes und im Rahmen des Benefizkonzertes am 05. Mai 2013 gesammelten Spendengelder an das Foyer <a href=\"https:\/\/www.donboscomission.de\/don-bosco\/\">Don Bosco<\/a> Abidjan \u00fcberwiesen werden. Die Spenden beliefen sich auf insgesamt 1490 \u20ac.<\/p>\n<p>Hierf\u00fcr gilt zun\u00e4chst ein gro\u00dfer Dank der Domgemeinde Fritzlar, die im August 2012 bei einer Kollekte fast 1000 \u20ac f\u00fcr die Kinder in der Einrichtung in Abidjan versammeln konnte.<\/p>\n<p>Au\u00dferdem m\u00f6chte ich allen Zuh\u00f6rern und Besuchern des Benefizkonzerts im Mai 2013 danken, besonders hierbei hervorgehoben sei mein Cousin Julian Sauer, durch den jenes Konzert \u00fcberhaupt erst stattfinden konnte.<\/p>\n<p>Weiterhin ein gro\u00dfes Dankesch\u00f6n an alle stillen Spender, die das Projekt unterst\u00fctzt haben und auch noch weiterhin unterst\u00fctzen.<\/p>\n<p>DENN: Die Spenden wurden sinnvoll eingesetzt. Da es aus meiner Sicht nicht sehr vern\u00fcnftig ist, solche Spenden in laufende Kosten zu stecken, hat die Suche nach einem geeigneten Verwendungszweck auch so lange gedauert. Doch gut Ding will Weile haben wie es so sch\u00f6n hei\u00dft. Daher habe ich im August 2013, also dem Monat meiner Abreise, noch intensive Gespr\u00e4che mit den Verantwortlichen vor Ort gef\u00fchrt, um eine ordentliche Verwendung zu finden. Wir einigten uns dann darauf, das Geld f\u00fcr die Schulgeb\u00fchren und das Schulmaterial der Kinder einzusetzen. Die Kosten f\u00fcr die Schulgeb\u00fchren variieren jedes Jahr, da sie pro Jahrgangsstufe unterschiedlich hoch sind und ja jedes Jahr unterschiedlich viele Kinder in die unterschiedlichsten Klassen kommen. Demzufolge sind die Ausgaben hierf\u00fcr \u00e4u\u00dferst schwierig vorherzusehen und dementsprechend schlecht planbar, sodass meistens noch externe Hilfe in Form von Spendengeldern ben\u00f6tigt wird. F\u00fcr das Schuljahr 2013\/2014 d\u00fcrfen nun oben genannte Spender stolz von sich behaupten, den Kindern im Foyer Don Bosco den Schulbesuch m\u00f6glich gemacht zu haben und ihnen auch das daf\u00fcr ben\u00f6tigte Material wie Hefte, Stifte und so weiter zur Verf\u00fcgung gestellt zu haben.<\/p>\n<p>Daf\u00fcr m\u00f6chte auch ich mich herzlich bei Ihnen und euch bedanken! Es war mir ein Herzensanliegen mit dem von Ihnen mir anvertrauten Spendengeld keinen Unfug zu treiben und eine wirklich sinnvolle Verwendung daf\u00fcr zu finden. Auch f\u00fcr das von Ihnen geschenkte Vertrauen daf\u00fcr bedanke ich mich herzlich.<a href=\"https:\/\/blogs.donboscovolunteers.de\/tobiasinabidjan\/wp-content\/uploads\/sites\/19606\/2013\/12\/IMG_0800.jpg\"><img loading=\"lazy\" decoding=\"async\" class=\"aligncenter size-full wp-image-174\" src=\"https:\/\/blogs.donboscovolunteers.de\/tobiasinabidjan\/wp-content\/uploads\/sites\/19606\/2013\/12\/IMG_0800.jpg\" alt=\"\" width=\"427\" height=\"640\" srcset=\"https:\/\/blogs.donboscovolunteers.de\/tobiasinabidjan\/wp-content\/uploads\/sites\/19606\/2013\/12\/IMG_0800.jpg 427w, https:\/\/blogs.donboscovolunteers.de\/tobiasinabidjan\/wp-content\/uploads\/sites\/19606\/2013\/12\/IMG_0800-200x300.jpg 200w\" sizes=\"auto, (max-width: 427px) 100vw, 427px\" \/><\/a><\/p>\n<p style=\"text-align: center\">Dank Ihrer Hilfe k\u00f6nnen die Jungs auch dieses Jahr wieder flei\u00dfig sein und sich ihren Weg in eine gesicherte Zukunft ebnen<\/p>\n","protected":false},"excerpt":{"rendered":"<p>Ende November konnten die im Vorfeld meines Freiwilligendienstes und im Rahmen des Benefizkonzertes am 05. Mai 2013 gesammelten Spendengelder an das Foyer <a href=\"https:\/\/www.donboscomission.de\/don-bosco\/\">Don Bosco<\/a> Abidjan \u00fcberwiesen werden. Die Spenden beliefen sich auf insgesamt 1490 \u20ac. Hierf\u00fcr gilt zun\u00e4chst ein gro\u00dfer Dank der Domgemeinde Fritzlar, die im August 2012 bei einer Kollekte fast 1000 \u20ac f\u00fcr [&hellip;]<\/p>\n","protected":false},"author":19649,"featured_media":0,"comment_status":"open","ping_status":"open","sticky":false,"template":"","format":"standard","meta":{"footnotes":""},"categories":[31],"tags":[505,22936,560,6475,2293,22916,628],"class_list":["post-173","post","type-post","status-publish","format-standard","hentry","category-allgemein","tag-abidjan","tag-benefizkonzert","tag-cote-divoire","tag-elfenbeinkuste","tag-foyer-magone","tag-salesianer-don-boscos","tag-spenden"],"yoast_head":"<!-- This site is optimized with the Yoast SEO plugin v25.3.1 - https:\/\/yoast.com\/wordpress\/plugins\/seo\/ -->\n<title>Spenden eingesetzt! - Tobi in Abidjan<\/title>\n<meta name=\"robots\" content=\"index, follow, max-snippet:-1, max-image-preview:large, max-video-preview:-1\" \/>\n<link rel=\"canonical\" href=\"https:\/\/blogs.donboscovolunteers.de\/tobiasinabidjan\/2013\/12\/31\/spenden-eingesetzt\/\" \/>\n<meta property=\"og:locale\" content=\"de_DE\" \/>\n<meta property=\"og:type\" content=\"article\" \/>\n<meta property=\"og:title\" content=\"Spenden eingesetzt! - Tobi in Abidjan\" \/>\n<meta property=\"og:description\" content=\"Ende November konnten die im Vorfeld meines Freiwilligendienstes und im Rahmen des Benefizkonzertes am 05. Mai 2013 gesammelten Spendengelder an das Foyer Don Bosco Abidjan \u00fcberwiesen werden. Die Spenden beliefen sich auf insgesamt 1490 \u20ac. Hierf\u00fcr gilt zun\u00e4chst ein gro\u00dfer Dank der Domgemeinde Fritzlar, die im August 2012 bei einer Kollekte fast 1000 \u20ac f\u00fcr [&hellip;]\" \/>\n<meta property=\"og:url\" content=\"https:\/\/blogs.donboscovolunteers.de\/tobiasinabidjan\/2013\/12\/31\/spenden-eingesetzt\/\" \/>\n<meta property=\"og:site_name\" content=\"Tobi in Abidjan\" \/>\n<meta property=\"article:published_time\" content=\"2013-12-31T14:29:06+00:00\" \/>\n<meta property=\"article:modified_time\" content=\"2014-01-09T21:54:40+00:00\" \/>\n<meta property=\"og:image\" content=\"https:\/\/blogs.donboscovolunteers.de\/tobiasinabidjan\/wp-content\/uploads\/sites\/19606\/2013\/12\/IMG_0800.jpg\" \/>\n<meta name=\"author\" content=\"Tobias Droessler\" \/>\n<meta name=\"twitter:card\" content=\"summary_large_image\" \/>\n<meta name=\"twitter:label1\" content=\"Verfasst von\" \/>\n\t<meta name=\"twitter:data1\" content=\"Tobias Droessler\" \/>\n\t<meta name=\"twitter:label2\" content=\"Gesch\u00e4tzte Lesezeit\" \/>\n\t<meta name=\"twitter:data2\" content=\"2\u00a0Minuten\" \/>\n<script type=\"application\/ld+json\" class=\"yoast-schema-graph\">{\"@context\":\"https:\/\/schema.org\",\"@graph\":[{\"@type\":\"WebPage\",\"@id\":\"https:\/\/blogs.donboscovolunteers.de\/tobiasinabidjan\/2013\/12\/31\/spenden-eingesetzt\/\",\"url\":\"https:\/\/blogs.donboscovolunteers.de\/tobiasinabidjan\/2013\/12\/31\/spenden-eingesetzt\/\",\"name\":\"Spenden eingesetzt! - Tobi in Abidjan\",\"isPartOf\":{\"@id\":\"https:\/\/blogs.donboscovolunteers.de\/tobiasinabidjan\/#website\"},\"primaryImageOfPage\":{\"@id\":\"https:\/\/blogs.donboscovolunteers.de\/tobiasinabidjan\/2013\/12\/31\/spenden-eingesetzt\/#primaryimage\"},\"image\":{\"@id\":\"https:\/\/blogs.donboscovolunteers.de\/tobiasinabidjan\/2013\/12\/31\/spenden-eingesetzt\/#primaryimage\"},\"thumbnailUrl\":\"https:\/\/blogs.donboscovolunteers.de\/tobiasinabidjan\/wp-content\/uploads\/sites\/19606\/2013\/12\/IMG_0800.jpg\",\"datePublished\":\"2013-12-31T14:29:06+00:00\",\"dateModified\":\"2014-01-09T21:54:40+00:00\",\"author\":{\"@id\":\"https:\/\/blogs.donboscovolunteers.de\/tobiasinabidjan\/#\/schema\/person\/4c75713926b135670e741959bea59390\"},\"breadcrumb\":{\"@id\":\"https:\/\/blogs.donboscovolunteers.de\/tobiasinabidjan\/2013\/12\/31\/spenden-eingesetzt\/#breadcrumb\"},\"inLanguage\":\"de\",\"potentialAction\":[{\"@type\":\"ReadAction\",\"target\":[\"https:\/\/blogs.donboscovolunteers.de\/tobiasinabidjan\/2013\/12\/31\/spenden-eingesetzt\/\"]}]},{\"@type\":\"ImageObject\",\"inLanguage\":\"de\",\"@id\":\"https:\/\/blogs.donboscovolunteers.de\/tobiasinabidjan\/2013\/12\/31\/spenden-eingesetzt\/#primaryimage\",\"url\":\"https:\/\/blogs.donboscovolunteers.de\/tobiasinabidjan\/wp-content\/uploads\/sites\/19606\/2013\/12\/IMG_0800.jpg\",\"contentUrl\":\"https:\/\/blogs.donboscovolunteers.de\/tobiasinabidjan\/wp-content\/uploads\/sites\/19606\/2013\/12\/IMG_0800.jpg\",\"width\":\"427\",\"height\":\"640\"},{\"@type\":\"BreadcrumbList\",\"@id\":\"https:\/\/blogs.donboscovolunteers.de\/tobiasinabidjan\/2013\/12\/31\/spenden-eingesetzt\/#breadcrumb\",\"itemListElement\":[{\"@type\":\"ListItem\",\"position\":1,\"name\":\"Startseite\",\"item\":\"https:\/\/blogs.donboscovolunteers.de\/tobiasinabidjan\/\"},{\"@type\":\"ListItem\",\"position\":2,\"name\":\"Spenden eingesetzt!\"}]},{\"@type\":\"WebSite\",\"@id\":\"https:\/\/blogs.donboscovolunteers.de\/tobiasinabidjan\/#website\",\"url\":\"https:\/\/blogs.donboscovolunteers.de\/tobiasinabidjan\/\",\"name\":\"Tobi in Abidjan\",\"description\":\"Ein weiterer strassenkinder.de Blog\",\"potentialAction\":[{\"@type\":\"SearchAction\",\"target\":{\"@type\":\"EntryPoint\",\"urlTemplate\":\"https:\/\/blogs.donboscovolunteers.de\/tobiasinabidjan\/?s={search_term_string}\"},\"query-input\":{\"@type\":\"PropertyValueSpecification\",\"valueRequired\":true,\"valueName\":\"search_term_string\"}}],\"inLanguage\":\"de\"},{\"@type\":\"Person\",\"@id\":\"https:\/\/blogs.donboscovolunteers.de\/tobiasinabidjan\/#\/schema\/person\/4c75713926b135670e741959bea59390\",\"name\":\"Tobias Droessler\",\"image\":{\"@type\":\"ImageObject\",\"inLanguage\":\"de\",\"@id\":\"https:\/\/blogs.donboscovolunteers.de\/tobiasinabidjan\/#\/schema\/person\/image\/\",\"url\":\"https:\/\/secure.gravatar.com\/avatar\/bf458c853af41183c06262bfe9cd02d2551afdcb8bab2c97299941ff5223698a?s=96&d=mm&r=g\",\"contentUrl\":\"https:\/\/secure.gravatar.com\/avatar\/bf458c853af41183c06262bfe9cd02d2551afdcb8bab2c97299941ff5223698a?s=96&d=mm&r=g\",\"caption\":\"Tobias Droessler\"},\"sameAs\":[\"https:\/\/blogs.donboscovolunteers.de\/members\/tobiasdroessler\/\"],\"url\":\"https:\/\/blogs.donboscovolunteers.de\/tobiasinabidjan\/author\/tobiasdroessler\/\"}]}<\/script>\n<!-- \/ Yoast SEO plugin. -->","yoast_head_json":{"title":"Spenden eingesetzt! - Tobi in Abidjan","robots":{"index":"index","follow":"follow","max-snippet":"max-snippet:-1","max-image-preview":"max-image-preview:large","max-video-preview":"max-video-preview:-1"},"canonical":"https:\/\/blogs.donboscovolunteers.de\/tobiasinabidjan\/2013\/12\/31\/spenden-eingesetzt\/","og_locale":"de_DE","og_type":"article","og_title":"Spenden eingesetzt! - Tobi in Abidjan","og_description":"Ende November konnten die im Vorfeld meines Freiwilligendienstes und im Rahmen des Benefizkonzertes am 05. Mai 2013 gesammelten Spendengelder an das Foyer Don Bosco Abidjan \u00fcberwiesen werden. Die Spenden beliefen sich auf insgesamt 1490 \u20ac. Hierf\u00fcr gilt zun\u00e4chst ein gro\u00dfer Dank der Domgemeinde Fritzlar, die im August 2012 bei einer Kollekte fast 1000 \u20ac f\u00fcr [&hellip;]","og_url":"https:\/\/blogs.donboscovolunteers.de\/tobiasinabidjan\/2013\/12\/31\/spenden-eingesetzt\/","og_site_name":"Tobi in Abidjan","article_published_time":"2013-12-31T14:29:06+00:00","article_modified_time":"2014-01-09T21:54:40+00:00","og_image":[{"url":"https:\/\/blogs.donboscovolunteers.de\/tobiasinabidjan\/wp-content\/uploads\/sites\/19606\/2013\/12\/IMG_0800.jpg","type":"","width":"","height":""}],"author":"Tobias Droessler","twitter_card":"summary_large_image","twitter_misc":{"Verfasst von":"Tobias Droessler","Gesch\u00e4tzte Lesezeit":"2\u00a0Minuten"},"schema":{"@context":"https:\/\/schema.org","@graph":[{"@type":"WebPage","@id":"https:\/\/blogs.donboscovolunteers.de\/tobiasinabidjan\/2013\/12\/31\/spenden-eingesetzt\/","url":"https:\/\/blogs.donboscovolunteers.de\/tobiasinabidjan\/2013\/12\/31\/spenden-eingesetzt\/","name":"Spenden eingesetzt! - Tobi in Abidjan","isPartOf":{"@id":"https:\/\/blogs.donboscovolunteers.de\/tobiasinabidjan\/#website"},"primaryImageOfPage":{"@id":"https:\/\/blogs.donboscovolunteers.de\/tobiasinabidjan\/2013\/12\/31\/spenden-eingesetzt\/#primaryimage"},"image":{"@id":"https:\/\/blogs.donboscovolunteers.de\/tobiasinabidjan\/2013\/12\/31\/spenden-eingesetzt\/#primaryimage"},"thumbnailUrl":"https:\/\/blogs.donboscovolunteers.de\/tobiasinabidjan\/wp-content\/uploads\/sites\/19606\/2013\/12\/IMG_0800.jpg","datePublished":"2013-12-31T14:29:06+00:00","dateModified":"2014-01-09T21:54:40+00:00","author":{"@id":"https:\/\/blogs.donboscovolunteers.de\/tobiasinabidjan\/#\/schema\/person\/4c75713926b135670e741959bea59390"},"breadcrumb":{"@id":"https:\/\/blogs.donboscovolunteers.de\/tobiasinabidjan\/2013\/12\/31\/spenden-eingesetzt\/#breadcrumb"},"inLanguage":"de","potentialAction":[{"@type":"ReadAction","target":["https:\/\/blogs.donboscovolunteers.de\/tobiasinabidjan\/2013\/12\/31\/spenden-eingesetzt\/"]}]},{"@type":"ImageObject","inLanguage":"de","@id":"https:\/\/blogs.donboscovolunteers.de\/tobiasinabidjan\/2013\/12\/31\/spenden-eingesetzt\/#primaryimage","url":"https:\/\/blogs.donboscovolunteers.de\/tobiasinabidjan\/wp-content\/uploads\/sites\/19606\/2013\/12\/IMG_0800.jpg","contentUrl":"https:\/\/blogs.donboscovolunteers.de\/tobiasinabidjan\/wp-content\/uploads\/sites\/19606\/2013\/12\/IMG_0800.jpg","width":"427","height":"640"},{"@type":"BreadcrumbList","@id":"https:\/\/blogs.donboscovolunteers.de\/tobiasinabidjan\/2013\/12\/31\/spenden-eingesetzt\/#breadcrumb","itemListElement":[{"@type":"ListItem","position":1,"name":"Startseite","item":"https:\/\/blogs.donboscovolunteers.de\/tobiasinabidjan\/"},{"@type":"ListItem","position":2,"name":"Spenden eingesetzt!"}]},{"@type":"WebSite","@id":"https:\/\/blogs.donboscovolunteers.de\/tobiasinabidjan\/#website","url":"https:\/\/blogs.donboscovolunteers.de\/tobiasinabidjan\/","name":"Tobi in Abidjan","description":"Ein weiterer strassenkinder.de Blog","potentialAction":[{"@type":"SearchAction","target":{"@type":"EntryPoint","urlTemplate":"https:\/\/blogs.donboscovolunteers.de\/tobiasinabidjan\/?s={search_term_string}"},"query-input":{"@type":"PropertyValueSpecification","valueRequired":true,"valueName":"search_term_string"}}],"inLanguage":"de"},{"@type":"Person","@id":"https:\/\/blogs.donboscovolunteers.de\/tobiasinabidjan\/#\/schema\/person\/4c75713926b135670e741959bea59390","name":"Tobias Droessler","image":{"@type":"ImageObject","inLanguage":"de","@id":"https:\/\/blogs.donboscovolunteers.de\/tobiasinabidjan\/#\/schema\/person\/image\/","url":"https:\/\/secure.gravatar.com\/avatar\/bf458c853af41183c06262bfe9cd02d2551afdcb8bab2c97299941ff5223698a?s=96&d=mm&r=g","contentUrl":"https:\/\/secure.gravatar.com\/avatar\/bf458c853af41183c06262bfe9cd02d2551afdcb8bab2c97299941ff5223698a?s=96&d=mm&r=g","caption":"Tobias Droessler"},"sameAs":["https:\/\/blogs.donboscovolunteers.de\/members\/tobiasdroessler\/"],"url":"https:\/\/blogs.donboscovolunteers.de\/tobiasinabidjan\/author\/tobiasdroessler\/"}]}},"_links":{"self":[{"href":"https:\/\/blogs.donboscovolunteers.de\/tobiasinabidjan\/wp-json\/wp\/v2\/posts\/173","targetHints":{"allow":["GET"]}}],"collection":[{"href":"https:\/\/blogs.donboscovolunteers.de\/tobiasinabidjan\/wp-json\/wp\/v2\/posts"}],"about":[{"href":"https:\/\/blogs.donboscovolunteers.de\/tobiasinabidjan\/wp-json\/wp\/v2\/types\/post"}],"author":[{"embeddable":true,"href":"https:\/\/blogs.donboscovolunteers.de\/tobiasinabidjan\/wp-json\/wp\/v2\/users\/19649"}],"replies":[{"embeddable":true,"href":"https:\/\/blogs.donboscovolunteers.de\/tobiasinabidjan\/wp-json\/wp\/v2\/comments?post=173"}],"version-history":[{"count":2,"href":"https:\/\/blogs.donboscovolunteers.de\/tobiasinabidjan\/wp-json\/wp\/v2\/posts\/173\/revisions"}],"predecessor-version":[{"id":177,"href":"https:\/\/blogs.donboscovolunteers.de\/tobiasinabidjan\/wp-json\/wp\/v2\/posts\/173\/revisions\/177"}],"wp:attachment":[{"href":"https:\/\/blogs.donboscovolunteers.de\/tobiasinabidjan\/wp-json\/wp\/v2\/media?parent=173"}],"wp:term":[{"taxonomy":"category","embeddable":true,"href":"https:\/\/blogs.donboscovolunteers.de\/tobiasinabidjan\/wp-json\/wp\/v2\/categories?post=173"},{"taxonomy":"post_tag","embeddable":true,"href":"https:\/\/blogs.donboscovolunteers.de\/tobiasinabidjan\/wp-json\/wp\/v2\/tags?post=173"}],"curies":[{"name":"wp","href":"https:\/\/api.w.org\/{rel}","templated":true}]}}