{"id":170,"date":"2013-08-28T14:24:04","date_gmt":"2013-08-28T14:24:04","guid":{"rendered":"https:\/\/blogs.donboscovolunteers.de\/tobiasinabidjan\/?p=170"},"modified":"2013-08-28T14:24:04","modified_gmt":"2013-08-28T14:24:04","slug":"the-end","status":"publish","type":"post","link":"https:\/\/blogs.donboscovolunteers.de\/tobiasinabidjan\/2013\/08\/28\/the-end\/","title":{"rendered":"The End"},"content":{"rendered":"<p>Und dann ist es einfach zu Ende. Dieses Jahr in einem anderen Land, ja sogar in Afrika. Dieses Jahr mit den Kindern, die ich tagt\u00e4glich vor meiner Zimmert\u00fcr h\u00f6ren konnte. All das ist dann doch irgendwie zu schnell vorbeigegangen.<\/p>\n<p>Am 25. August machte ich mich auf den Weg zum Flughafen, da um 22:25 Uhr der Flieger gen Istanbul starten sollte, wo ich mich jetzt gerade befinde, wartend auf den Anschlussflug nach Frankfurt. Es w\u00e4re ja auch zu sch\u00f6n gewesen, wenn das alles stressfrei abgelaufen w\u00e4r. Auf dem Weg zum Flughafen in Abidjan muss man den gro\u00dfen Boulevard nehmen, der quasi eine Autobahn einmal durch die Stadt ist und alle Stadtteile miteinander verbindet. Nachdem wir auf jenen Boulevard aufgefahren waren, mussten wir feststellen: STAU. Wieso das denn jetzt? Anscheinend eine politische Autorit\u00e4t, die passieren muss. Dann wird n\u00e4mlich einfach mal alles gesperrt und kein Auto bewegt sich. Nun denn, normalerweise l\u00f6st sich so ein Stau aber schnell auf. Nach \u00fcber einer Stunde warten, ist der Glaube an ein schnelles Aufl\u00f6sen des Staus aber mehr als geschwunden und es wird dringend nach einer L\u00f6sung gesucht. Also: umdrehen und das ganze umfahren. Das bedeutet quasi von Deutschland nach Polen \u00fcber Schweden und Finnland zu fahren. Nat\u00fcrlich im Verh\u00e4ltnis gesehen. Also gesagt, getan. Mit einem Affenzahn rasen wir also durch die halbe Stadt, um um 21:45 Uhr am Flughafen anzukommen. Dort angekommen, wird mir sogar mitgeteilt, dass man sich dort des Staus bewusst ist und alle Fl\u00fcge ein bisschen warten. Gl\u00fcck gehabt.<\/p>\n<p>Jetzt bin ich wohlbehalten Zuhause angekommen und es ist wohl Zeit f\u00fcr ein Dankesch\u00f6n.<\/p>\n<p>Dankesch\u00f6n an <a href=\"https:\/\/www.donboscomission.de\/don-bosco\/\">Don Bosco<\/a> Volunteers, die mir so ein unbeschreibliches J\u00e4hrchen erm\u00f6glicht haben.<\/p>\n<p>Danke an alle Salesianer auf der Welt, ihr macht meistens eine tolle Arbeit.<\/p>\n<p>Danke an alle salesianischen Mitarbeiter, f\u00fcr euer Ehrenamtliches Engagement.<\/p>\n<p>Danke an meine Eltern, meinen Bruder, alle Verwandten, Freunde, Bekannte und Wohlt\u00e4ter, alle die sich \u00fcber das Projekt in Abidjan informiert und vielleicht sogar etwas gespendet haben. Wenn die Hilfe vielleicht auch nicht sofort ankommt, dann nur weil noch kein vern\u00fcnftiger Verwendungszweck daf\u00fcr gefunden wurde. Ich selbst habe schlie\u00dflich den Anspruch, meine Spendengelder so sinnvoll wie m\u00f6glich einzusetzen.<\/p>\n<p>Danke an die deutsche Botschaft Abidjan f\u00fcr die finanzielle Unterst\u00fctzung bei der Renovierung der Toiletten des Foyers Don Bosco.<\/p>\n<p>Danke an alle Kinder, mit denen ich arbeiten und vor allem mit denen ich leben durfte. Nicht nur die Arbeit, sondern vor allem das tagt\u00e4gliche Zusammenleben mit ihnen macht den Charme des Projekts in Abidjan aus. Ich hoffe ihr werdet nach eurer Reintegration gl\u00fccklich in eurer Familie.<\/p>\n","protected":false},"excerpt":{"rendered":"<p>Und dann ist es einfach zu Ende. Dieses Jahr in einem anderen Land, ja sogar in Afrika. Dieses Jahr mit den Kindern, die ich tagt\u00e4glich vor meiner Zimmert\u00fcr h\u00f6ren konnte. All das ist dann doch irgendwie zu schnell vorbeigegangen. Am 25. August machte ich mich auf den Weg zum Flughafen, da um 22:25 Uhr der [&hellip;]<\/p>\n","protected":false},"author":19649,"featured_media":0,"comment_status":"open","ping_status":"open","sticky":false,"template":"","format":"standard","meta":{"footnotes":""},"categories":[31],"tags":[505,560,6475,2293,10007,22916,628],"class_list":["post-170","post","type-post","status-publish","format-standard","hentry","category-allgemein","tag-abidjan","tag-cote-divoire","tag-elfenbeinkuste","tag-foyer-magone","tag-ruckkehr","tag-salesianer-don-boscos","tag-spenden"],"yoast_head":"<!-- This site is optimized with the Yoast SEO plugin v25.3.1 - https:\/\/yoast.com\/wordpress\/plugins\/seo\/ -->\n<title>The End - Tobi in Abidjan<\/title>\n<meta name=\"robots\" content=\"index, follow, max-snippet:-1, max-image-preview:large, max-video-preview:-1\" \/>\n<link rel=\"canonical\" href=\"https:\/\/blogs.donboscovolunteers.de\/tobiasinabidjan\/2013\/08\/28\/the-end\/\" \/>\n<meta property=\"og:locale\" content=\"de_DE\" \/>\n<meta property=\"og:type\" content=\"article\" \/>\n<meta property=\"og:title\" content=\"The End - Tobi in Abidjan\" \/>\n<meta property=\"og:description\" content=\"Und dann ist es einfach zu Ende. Dieses Jahr in einem anderen Land, ja sogar in Afrika. Dieses Jahr mit den Kindern, die ich tagt\u00e4glich vor meiner Zimmert\u00fcr h\u00f6ren konnte. All das ist dann doch irgendwie zu schnell vorbeigegangen. Am 25. August machte ich mich auf den Weg zum Flughafen, da um 22:25 Uhr der [&hellip;]\" \/>\n<meta property=\"og:url\" content=\"https:\/\/blogs.donboscovolunteers.de\/tobiasinabidjan\/2013\/08\/28\/the-end\/\" \/>\n<meta property=\"og:site_name\" content=\"Tobi in Abidjan\" \/>\n<meta property=\"article:published_time\" content=\"2013-08-28T14:24:04+00:00\" \/>\n<meta name=\"author\" content=\"Tobias Droessler\" \/>\n<meta name=\"twitter:card\" content=\"summary_large_image\" \/>\n<meta name=\"twitter:label1\" content=\"Verfasst von\" \/>\n\t<meta name=\"twitter:data1\" content=\"Tobias Droessler\" \/>\n\t<meta name=\"twitter:label2\" content=\"Gesch\u00e4tzte Lesezeit\" \/>\n\t<meta name=\"twitter:data2\" content=\"2\u00a0Minuten\" \/>\n<script type=\"application\/ld+json\" class=\"yoast-schema-graph\">{\"@context\":\"https:\/\/schema.org\",\"@graph\":[{\"@type\":\"WebPage\",\"@id\":\"https:\/\/blogs.donboscovolunteers.de\/tobiasinabidjan\/2013\/08\/28\/the-end\/\",\"url\":\"https:\/\/blogs.donboscovolunteers.de\/tobiasinabidjan\/2013\/08\/28\/the-end\/\",\"name\":\"The End - Tobi in Abidjan\",\"isPartOf\":{\"@id\":\"https:\/\/blogs.donboscovolunteers.de\/tobiasinabidjan\/#website\"},\"datePublished\":\"2013-08-28T14:24:04+00:00\",\"author\":{\"@id\":\"https:\/\/blogs.donboscovolunteers.de\/tobiasinabidjan\/#\/schema\/person\/4c75713926b135670e741959bea59390\"},\"breadcrumb\":{\"@id\":\"https:\/\/blogs.donboscovolunteers.de\/tobiasinabidjan\/2013\/08\/28\/the-end\/#breadcrumb\"},\"inLanguage\":\"de\",\"potentialAction\":[{\"@type\":\"ReadAction\",\"target\":[\"https:\/\/blogs.donboscovolunteers.de\/tobiasinabidjan\/2013\/08\/28\/the-end\/\"]}]},{\"@type\":\"BreadcrumbList\",\"@id\":\"https:\/\/blogs.donboscovolunteers.de\/tobiasinabidjan\/2013\/08\/28\/the-end\/#breadcrumb\",\"itemListElement\":[{\"@type\":\"ListItem\",\"position\":1,\"name\":\"Startseite\",\"item\":\"https:\/\/blogs.donboscovolunteers.de\/tobiasinabidjan\/\"},{\"@type\":\"ListItem\",\"position\":2,\"name\":\"The End\"}]},{\"@type\":\"WebSite\",\"@id\":\"https:\/\/blogs.donboscovolunteers.de\/tobiasinabidjan\/#website\",\"url\":\"https:\/\/blogs.donboscovolunteers.de\/tobiasinabidjan\/\",\"name\":\"Tobi in Abidjan\",\"description\":\"Ein weiterer strassenkinder.de Blog\",\"potentialAction\":[{\"@type\":\"SearchAction\",\"target\":{\"@type\":\"EntryPoint\",\"urlTemplate\":\"https:\/\/blogs.donboscovolunteers.de\/tobiasinabidjan\/?s={search_term_string}\"},\"query-input\":{\"@type\":\"PropertyValueSpecification\",\"valueRequired\":true,\"valueName\":\"search_term_string\"}}],\"inLanguage\":\"de\"},{\"@type\":\"Person\",\"@id\":\"https:\/\/blogs.donboscovolunteers.de\/tobiasinabidjan\/#\/schema\/person\/4c75713926b135670e741959bea59390\",\"name\":\"Tobias Droessler\",\"image\":{\"@type\":\"ImageObject\",\"inLanguage\":\"de\",\"@id\":\"https:\/\/blogs.donboscovolunteers.de\/tobiasinabidjan\/#\/schema\/person\/image\/\",\"url\":\"https:\/\/secure.gravatar.com\/avatar\/bf458c853af41183c06262bfe9cd02d2551afdcb8bab2c97299941ff5223698a?s=96&d=mm&r=g\",\"contentUrl\":\"https:\/\/secure.gravatar.com\/avatar\/bf458c853af41183c06262bfe9cd02d2551afdcb8bab2c97299941ff5223698a?s=96&d=mm&r=g\",\"caption\":\"Tobias Droessler\"},\"sameAs\":[\"https:\/\/blogs.donboscovolunteers.de\/members\/tobiasdroessler\/\"],\"url\":\"https:\/\/blogs.donboscovolunteers.de\/tobiasinabidjan\/author\/tobiasdroessler\/\"}]}<\/script>\n<!-- \/ Yoast SEO plugin. -->","yoast_head_json":{"title":"The End - Tobi in Abidjan","robots":{"index":"index","follow":"follow","max-snippet":"max-snippet:-1","max-image-preview":"max-image-preview:large","max-video-preview":"max-video-preview:-1"},"canonical":"https:\/\/blogs.donboscovolunteers.de\/tobiasinabidjan\/2013\/08\/28\/the-end\/","og_locale":"de_DE","og_type":"article","og_title":"The End - Tobi in Abidjan","og_description":"Und dann ist es einfach zu Ende. Dieses Jahr in einem anderen Land, ja sogar in Afrika. Dieses Jahr mit den Kindern, die ich tagt\u00e4glich vor meiner Zimmert\u00fcr h\u00f6ren konnte. All das ist dann doch irgendwie zu schnell vorbeigegangen. Am 25. August machte ich mich auf den Weg zum Flughafen, da um 22:25 Uhr der [&hellip;]","og_url":"https:\/\/blogs.donboscovolunteers.de\/tobiasinabidjan\/2013\/08\/28\/the-end\/","og_site_name":"Tobi in Abidjan","article_published_time":"2013-08-28T14:24:04+00:00","author":"Tobias Droessler","twitter_card":"summary_large_image","twitter_misc":{"Verfasst von":"Tobias Droessler","Gesch\u00e4tzte Lesezeit":"2\u00a0Minuten"},"schema":{"@context":"https:\/\/schema.org","@graph":[{"@type":"WebPage","@id":"https:\/\/blogs.donboscovolunteers.de\/tobiasinabidjan\/2013\/08\/28\/the-end\/","url":"https:\/\/blogs.donboscovolunteers.de\/tobiasinabidjan\/2013\/08\/28\/the-end\/","name":"The End - Tobi in Abidjan","isPartOf":{"@id":"https:\/\/blogs.donboscovolunteers.de\/tobiasinabidjan\/#website"},"datePublished":"2013-08-28T14:24:04+00:00","author":{"@id":"https:\/\/blogs.donboscovolunteers.de\/tobiasinabidjan\/#\/schema\/person\/4c75713926b135670e741959bea59390"},"breadcrumb":{"@id":"https:\/\/blogs.donboscovolunteers.de\/tobiasinabidjan\/2013\/08\/28\/the-end\/#breadcrumb"},"inLanguage":"de","potentialAction":[{"@type":"ReadAction","target":["https:\/\/blogs.donboscovolunteers.de\/tobiasinabidjan\/2013\/08\/28\/the-end\/"]}]},{"@type":"BreadcrumbList","@id":"https:\/\/blogs.donboscovolunteers.de\/tobiasinabidjan\/2013\/08\/28\/the-end\/#breadcrumb","itemListElement":[{"@type":"ListItem","position":1,"name":"Startseite","item":"https:\/\/blogs.donboscovolunteers.de\/tobiasinabidjan\/"},{"@type":"ListItem","position":2,"name":"The End"}]},{"@type":"WebSite","@id":"https:\/\/blogs.donboscovolunteers.de\/tobiasinabidjan\/#website","url":"https:\/\/blogs.donboscovolunteers.de\/tobiasinabidjan\/","name":"Tobi in Abidjan","description":"Ein weiterer strassenkinder.de Blog","potentialAction":[{"@type":"SearchAction","target":{"@type":"EntryPoint","urlTemplate":"https:\/\/blogs.donboscovolunteers.de\/tobiasinabidjan\/?s={search_term_string}"},"query-input":{"@type":"PropertyValueSpecification","valueRequired":true,"valueName":"search_term_string"}}],"inLanguage":"de"},{"@type":"Person","@id":"https:\/\/blogs.donboscovolunteers.de\/tobiasinabidjan\/#\/schema\/person\/4c75713926b135670e741959bea59390","name":"Tobias Droessler","image":{"@type":"ImageObject","inLanguage":"de","@id":"https:\/\/blogs.donboscovolunteers.de\/tobiasinabidjan\/#\/schema\/person\/image\/","url":"https:\/\/secure.gravatar.com\/avatar\/bf458c853af41183c06262bfe9cd02d2551afdcb8bab2c97299941ff5223698a?s=96&d=mm&r=g","contentUrl":"https:\/\/secure.gravatar.com\/avatar\/bf458c853af41183c06262bfe9cd02d2551afdcb8bab2c97299941ff5223698a?s=96&d=mm&r=g","caption":"Tobias Droessler"},"sameAs":["https:\/\/blogs.donboscovolunteers.de\/members\/tobiasdroessler\/"],"url":"https:\/\/blogs.donboscovolunteers.de\/tobiasinabidjan\/author\/tobiasdroessler\/"}]}},"_links":{"self":[{"href":"https:\/\/blogs.donboscovolunteers.de\/tobiasinabidjan\/wp-json\/wp\/v2\/posts\/170","targetHints":{"allow":["GET"]}}],"collection":[{"href":"https:\/\/blogs.donboscovolunteers.de\/tobiasinabidjan\/wp-json\/wp\/v2\/posts"}],"about":[{"href":"https:\/\/blogs.donboscovolunteers.de\/tobiasinabidjan\/wp-json\/wp\/v2\/types\/post"}],"author":[{"embeddable":true,"href":"https:\/\/blogs.donboscovolunteers.de\/tobiasinabidjan\/wp-json\/wp\/v2\/users\/19649"}],"replies":[{"embeddable":true,"href":"https:\/\/blogs.donboscovolunteers.de\/tobiasinabidjan\/wp-json\/wp\/v2\/comments?post=170"}],"version-history":[{"count":1,"href":"https:\/\/blogs.donboscovolunteers.de\/tobiasinabidjan\/wp-json\/wp\/v2\/posts\/170\/revisions"}],"predecessor-version":[{"id":172,"href":"https:\/\/blogs.donboscovolunteers.de\/tobiasinabidjan\/wp-json\/wp\/v2\/posts\/170\/revisions\/172"}],"wp:attachment":[{"href":"https:\/\/blogs.donboscovolunteers.de\/tobiasinabidjan\/wp-json\/wp\/v2\/media?parent=170"}],"wp:term":[{"taxonomy":"category","embeddable":true,"href":"https:\/\/blogs.donboscovolunteers.de\/tobiasinabidjan\/wp-json\/wp\/v2\/categories?post=170"},{"taxonomy":"post_tag","embeddable":true,"href":"https:\/\/blogs.donboscovolunteers.de\/tobiasinabidjan\/wp-json\/wp\/v2\/tags?post=170"}],"curies":[{"name":"wp","href":"https:\/\/api.w.org\/{rel}","templated":true}]}}