{"id":164,"date":"2013-08-05T21:44:34","date_gmt":"2013-08-05T21:44:34","guid":{"rendered":"https:\/\/blogs.donboscovolunteers.de\/tobiasinabidjan\/?p=164"},"modified":"2013-08-05T21:53:24","modified_gmt":"2013-08-05T21:53:24","slug":"kein-lieblingskind","status":"publish","type":"post","link":"https:\/\/blogs.donboscovolunteers.de\/tobiasinabidjan\/2013\/08\/05\/kein-lieblingskind\/","title":{"rendered":"(K)ein Lieblingskind"},"content":{"rendered":"<p>Genau, jemand, der mit Kindern arbeitet, hat kein Lieblingskind. Zumindest darf er es gegen\u00fcber den anderen Kindern nicht zeigen, da diese sonst darunter leiden. Doch, und das ist eines der Dinge, die ich hier gelernt habe, kann man noch lange nicht alles in seinem Leben selbst bestimmen. Manche Dinge verlaufen eben so und so.<\/p>\n<p>Da ist also Emmanuel, ein Junge, der kein einziges Wort Franz\u00f6sisch redet. Er ist ungef\u00e4hr 12 oder 13 Jahre alt, rausfinden kann man das nicht, weil er ja kein Franz\u00f6sisch redet. Er spricht nur einzelne W\u00f6rter Dioula, einer Ethnie, die hier sehr verbreitet ist. Worte, die er beispielsweise sagt sind (\u00fcbersetzt): Essen, Wasser, schlafen und \u00e4hnliches. Au\u00dferdem gibt er gerne Laute von sich wie sasasasa und nananana.<\/p>\n<p>Emmanuel hat Epilepsie. Vor ca. 5 Jahren ist er von zwei \u00e4lteren Damen ins Foyer gebracht worden, die sagten, sie w\u00fcrden den Jungen immer auf der Stra\u00dfe sehen, immer schmutzig und immer auf der Suche nach etwas Essbarem. Er kommt mit einem sehr vernarbten K\u00f6rper im Foyer an, was darauf hindeutet, dass er wohl von irgendwem gefesselt wurde, sobald er einen epileptischen Anfall hatte. Allem Anschein nach liegt neben der Epilepsie auch noch eine geistige Behinderung vor, da Emmanuel neue Dinge nur sehr langsam erlernen kann. Es scheint, als sei er auf dem Entwicklungsstand eines kleinen kindes stehengeblieben, da er zum Beispiel sich selbst die Z\u00e4hne putzen kann, selbst essen kann, sich selbst waschen kann und im Allgemeinen so die grundlegenden Dinge selbst machen kann. Allerdings ist es immer besser, wenn jemand danebensteht und darauf aufpasst, dass er auch wirklich das macht, was er soll (gerade beim Waschen, denn Emmanuel w\u00e4scht furchtbar gerne seinen Bauch mit langsam kreisenden Bewegungen\u2026). Er freut sich immer,wenn ich komme und manchmal fragt er \u00abBisous?\u00bb, was Kuss bedeutet. Wenn man dann nicht schnell das Weite sucht, hat man blitzschnell einen Kuss irgendwo im Gesicht.<\/p>\n<p>Mit seiner Krankheit geht immer es auf und ab. Manchmal habe ich den Eindruck, dass das ganze sogar mit dem Mond zusammenh\u00e4ngt, da ich festgestellt habe, dass er bei Vollmond h\u00e4ufiger epileptische Anf\u00e4lle erleidet, bei denen er sich leider hin und wieder verletzt. Und das alles trotz Medikamenten.<\/p>\n<p>Emmanuel kann nat\u00fcrlich nicht auf eine normale Schule gehen so wie alle anderen. Ca. 150 Kilometer von Abidjan entfernt gibt es eine Schule f\u00fcr geistig und\/oder k\u00f6rperlich behinderte Kinder, die von Schwestern (leider wei\u00df ich nicht welcher Orden) geleitet wird. Diese Schule ist landesweit bekannt, da selbst Kinder aus Korhogo (einer etwas gr\u00f6\u00dferen Stadt im Norden der C\u00f4te d\u2019Ivoire) dort zur Schule gehen. Die Schwestern f\u00fchren dort nicht nur die Schule, sondern auch ein Foyer, wo die Kinder, die von weit her kommen, schlafen k\u00f6nnen. Dort verbringt Emmanuel die Zeit von Oktober bis Mai (Schuljahr) und kommt nur f\u00fcr die Weihnachts-, Oster- und Sommerferien nach Hause, also ins Foyer.<\/p>\n<p>Emmanuels Familie ist nicht auffindbar. Die Erzieher haben wohl einige Hinweise auf seine Familie, aber selbst wenn man sie findet, werden sie leugnen, dass Emmanuel ihr Kind ist, da er \u00abja nur Geld kostet\u00bb. Das sind die Worte, die einer der Erzieher von der Polizei zu h\u00f6ren bekam. Wieso man den denn \u00fcberhaupt aufgenommen h\u00e4tte, der ist doch behindert und macht nur Probleme, hie\u00df es. Man h\u00e4tte Emmanuel also auf der Stra\u00dfe sich selbst \u00fcberlassen sollen??? Ganz toll.<\/p>\n<p>Ich bin heilfroh, dass man nicht auf den Rat der Polizei geh\u00f6rt hat und Emmanuel trotzdem aufgenommen hat, selbst wenn die Arztkosten nicht unerheblich sind. Aber auch er hat ein recht auf ein menschenw\u00fcrdiges Leben. Und das spielt sich sicherlich NICHT auf der Stra\u00dfen ab!<\/p>\n<p>Oft frage ich mich, ob Emmanuel Franz\u00f6sisch versteht. Und ob er \u00fcberhaupt seine Situation versteht. Wenn er nicht in einer Phase von vielen Anf\u00e4llen steckt, ist er meist ziemlich gut gelaunt und h\u00fcpft gerne herum. Er ist sehr gl\u00fccklich, wenn er merkt, dass man sich gerne mit ihm besch\u00e4ftigt und zum Beispiel mit ihm seine im Foyer ber\u00fchmten Tanzbewegungen macht.<\/p>\n<p>Emmanuel ist eine Ausnahme im Foyer. Kein anderes Kind hat eine solche Krankheit wie er. Das f\u00fchrt dazu, dass er immer eine Au\u00dfenseiterrolle einnehmen muss. Aber genau die Tatsache, dass es nahezu unm\u00f6glich ist, ihn vollkommen zu integrieren, f\u00fchrt dazu, dass er zu einem meinem \u00abLieblingskind\u00bb geworden ist. Er ist derjenige, mit dem ich mich am meisten besch\u00e4ftigt habe w\u00e4hrend meines Jahres hier, weil ich gesehen habe, dass er es am n\u00f6tigsten hat. Wie oft habe ich ihn abends ins Bett gebracht, bevor die anderen schlafen gingen. Wie oft habe ich ihn durchgekitzelt. Und wie oft hatte ich, ehe ich mich versah, einen Bisous auf der Wange.<a href=\"https:\/\/blogs.donboscovolunteers.de\/tobiasinabidjan\/wp-content\/uploads\/sites\/19606\/2013\/08\/IMG_2231.jpg\"><img loading=\"lazy\" decoding=\"async\" class=\"aligncenter size-full wp-image-165\" src=\"https:\/\/blogs.donboscovolunteers.de\/tobiasinabidjan\/wp-content\/uploads\/sites\/19606\/2013\/08\/IMG_2231.jpg\" alt=\"\" width=\"533\" height=\"800\" srcset=\"https:\/\/blogs.donboscovolunteers.de\/tobiasinabidjan\/wp-content\/uploads\/sites\/19606\/2013\/08\/IMG_2231.jpg 533w, https:\/\/blogs.donboscovolunteers.de\/tobiasinabidjan\/wp-content\/uploads\/sites\/19606\/2013\/08\/IMG_2231-199x300.jpg 199w\" sizes=\"auto, (max-width: 533px) 100vw, 533px\" \/><\/a><\/p>\n<p>Ich bin sicher, dass mir der Abschied von ihm am schwersten fallen wird. Er wird zwar nicht verstehen, dass ich dann nicht mehr jeden Tag kommen kann. Er wird nicht verstehen, dass ich gehen muss. Aber wahrscheinlich ist das auch besser so.<\/p>\n","protected":false},"excerpt":{"rendered":"<p>Genau, jemand, der mit Kindern arbeitet, hat kein Lieblingskind. Zumindest darf er es gegen\u00fcber den anderen Kindern nicht zeigen, da diese sonst darunter leiden. Doch, und das ist eines der Dinge, die ich hier gelernt habe, kann man noch lange nicht alles in seinem Leben selbst bestimmen. Manche Dinge verlaufen eben so und so. Da [&hellip;]<\/p>\n","protected":false},"author":19649,"featured_media":0,"comment_status":"open","ping_status":"open","sticky":false,"template":"","format":"standard","meta":{"footnotes":""},"categories":[31],"tags":[505,560,6475,22943,2293,22942,22916],"class_list":["post-164","post","type-post","status-publish","format-standard","hentry","category-allgemein","tag-abidjan","tag-cote-divoire","tag-elfenbeinkuste","tag-epilepsie","tag-foyer-magone","tag-lieblingskind","tag-salesianer-don-boscos"],"yoast_head":"<!-- This site is optimized with the Yoast SEO plugin v25.3.1 - https:\/\/yoast.com\/wordpress\/plugins\/seo\/ -->\n<title>(K)ein Lieblingskind - Tobi in Abidjan<\/title>\n<meta name=\"robots\" content=\"index, follow, max-snippet:-1, max-image-preview:large, max-video-preview:-1\" \/>\n<link rel=\"canonical\" href=\"https:\/\/blogs.donboscovolunteers.de\/tobiasinabidjan\/2013\/08\/05\/kein-lieblingskind\/\" \/>\n<meta property=\"og:locale\" content=\"de_DE\" \/>\n<meta property=\"og:type\" content=\"article\" \/>\n<meta property=\"og:title\" content=\"(K)ein Lieblingskind - Tobi in Abidjan\" \/>\n<meta property=\"og:description\" content=\"Genau, jemand, der mit Kindern arbeitet, hat kein Lieblingskind. Zumindest darf er es gegen\u00fcber den anderen Kindern nicht zeigen, da diese sonst darunter leiden. Doch, und das ist eines der Dinge, die ich hier gelernt habe, kann man noch lange nicht alles in seinem Leben selbst bestimmen. Manche Dinge verlaufen eben so und so. Da [&hellip;]\" \/>\n<meta property=\"og:url\" content=\"https:\/\/blogs.donboscovolunteers.de\/tobiasinabidjan\/2013\/08\/05\/kein-lieblingskind\/\" \/>\n<meta property=\"og:site_name\" content=\"Tobi in Abidjan\" \/>\n<meta property=\"article:published_time\" content=\"2013-08-05T21:44:34+00:00\" \/>\n<meta property=\"article:modified_time\" content=\"2013-08-05T21:53:24+00:00\" \/>\n<meta property=\"og:image\" content=\"https:\/\/blogs.donboscovolunteers.de\/tobiasinabidjan\/wp-content\/uploads\/sites\/19606\/2013\/08\/IMG_2231.jpg\" \/>\n<meta name=\"author\" content=\"Tobias Droessler\" \/>\n<meta name=\"twitter:card\" content=\"summary_large_image\" \/>\n<meta name=\"twitter:label1\" content=\"Verfasst von\" \/>\n\t<meta name=\"twitter:data1\" content=\"Tobias Droessler\" \/>\n\t<meta name=\"twitter:label2\" content=\"Gesch\u00e4tzte Lesezeit\" \/>\n\t<meta name=\"twitter:data2\" content=\"4\u00a0Minuten\" \/>\n<script type=\"application\/ld+json\" class=\"yoast-schema-graph\">{\"@context\":\"https:\/\/schema.org\",\"@graph\":[{\"@type\":\"WebPage\",\"@id\":\"https:\/\/blogs.donboscovolunteers.de\/tobiasinabidjan\/2013\/08\/05\/kein-lieblingskind\/\",\"url\":\"https:\/\/blogs.donboscovolunteers.de\/tobiasinabidjan\/2013\/08\/05\/kein-lieblingskind\/\",\"name\":\"(K)ein Lieblingskind - Tobi in Abidjan\",\"isPartOf\":{\"@id\":\"https:\/\/blogs.donboscovolunteers.de\/tobiasinabidjan\/#website\"},\"primaryImageOfPage\":{\"@id\":\"https:\/\/blogs.donboscovolunteers.de\/tobiasinabidjan\/2013\/08\/05\/kein-lieblingskind\/#primaryimage\"},\"image\":{\"@id\":\"https:\/\/blogs.donboscovolunteers.de\/tobiasinabidjan\/2013\/08\/05\/kein-lieblingskind\/#primaryimage\"},\"thumbnailUrl\":\"https:\/\/blogs.donboscovolunteers.de\/tobiasinabidjan\/wp-content\/uploads\/sites\/19606\/2013\/08\/IMG_2231.jpg\",\"datePublished\":\"2013-08-05T21:44:34+00:00\",\"dateModified\":\"2013-08-05T21:53:24+00:00\",\"author\":{\"@id\":\"https:\/\/blogs.donboscovolunteers.de\/tobiasinabidjan\/#\/schema\/person\/4c75713926b135670e741959bea59390\"},\"breadcrumb\":{\"@id\":\"https:\/\/blogs.donboscovolunteers.de\/tobiasinabidjan\/2013\/08\/05\/kein-lieblingskind\/#breadcrumb\"},\"inLanguage\":\"de\",\"potentialAction\":[{\"@type\":\"ReadAction\",\"target\":[\"https:\/\/blogs.donboscovolunteers.de\/tobiasinabidjan\/2013\/08\/05\/kein-lieblingskind\/\"]}]},{\"@type\":\"ImageObject\",\"inLanguage\":\"de\",\"@id\":\"https:\/\/blogs.donboscovolunteers.de\/tobiasinabidjan\/2013\/08\/05\/kein-lieblingskind\/#primaryimage\",\"url\":\"https:\/\/blogs.donboscovolunteers.de\/tobiasinabidjan\/wp-content\/uploads\/sites\/19606\/2013\/08\/IMG_2231.jpg\",\"contentUrl\":\"https:\/\/blogs.donboscovolunteers.de\/tobiasinabidjan\/wp-content\/uploads\/sites\/19606\/2013\/08\/IMG_2231.jpg\",\"width\":\"533\",\"height\":\"800\"},{\"@type\":\"BreadcrumbList\",\"@id\":\"https:\/\/blogs.donboscovolunteers.de\/tobiasinabidjan\/2013\/08\/05\/kein-lieblingskind\/#breadcrumb\",\"itemListElement\":[{\"@type\":\"ListItem\",\"position\":1,\"name\":\"Startseite\",\"item\":\"https:\/\/blogs.donboscovolunteers.de\/tobiasinabidjan\/\"},{\"@type\":\"ListItem\",\"position\":2,\"name\":\"(K)ein Lieblingskind\"}]},{\"@type\":\"WebSite\",\"@id\":\"https:\/\/blogs.donboscovolunteers.de\/tobiasinabidjan\/#website\",\"url\":\"https:\/\/blogs.donboscovolunteers.de\/tobiasinabidjan\/\",\"name\":\"Tobi in Abidjan\",\"description\":\"Ein weiterer strassenkinder.de Blog\",\"potentialAction\":[{\"@type\":\"SearchAction\",\"target\":{\"@type\":\"EntryPoint\",\"urlTemplate\":\"https:\/\/blogs.donboscovolunteers.de\/tobiasinabidjan\/?s={search_term_string}\"},\"query-input\":{\"@type\":\"PropertyValueSpecification\",\"valueRequired\":true,\"valueName\":\"search_term_string\"}}],\"inLanguage\":\"de\"},{\"@type\":\"Person\",\"@id\":\"https:\/\/blogs.donboscovolunteers.de\/tobiasinabidjan\/#\/schema\/person\/4c75713926b135670e741959bea59390\",\"name\":\"Tobias Droessler\",\"image\":{\"@type\":\"ImageObject\",\"inLanguage\":\"de\",\"@id\":\"https:\/\/blogs.donboscovolunteers.de\/tobiasinabidjan\/#\/schema\/person\/image\/\",\"url\":\"https:\/\/secure.gravatar.com\/avatar\/bf458c853af41183c06262bfe9cd02d2551afdcb8bab2c97299941ff5223698a?s=96&d=mm&r=g\",\"contentUrl\":\"https:\/\/secure.gravatar.com\/avatar\/bf458c853af41183c06262bfe9cd02d2551afdcb8bab2c97299941ff5223698a?s=96&d=mm&r=g\",\"caption\":\"Tobias Droessler\"},\"sameAs\":[\"https:\/\/blogs.donboscovolunteers.de\/members\/tobiasdroessler\/\"],\"url\":\"https:\/\/blogs.donboscovolunteers.de\/tobiasinabidjan\/author\/tobiasdroessler\/\"}]}<\/script>\n<!-- \/ Yoast SEO plugin. -->","yoast_head_json":{"title":"(K)ein Lieblingskind - Tobi in Abidjan","robots":{"index":"index","follow":"follow","max-snippet":"max-snippet:-1","max-image-preview":"max-image-preview:large","max-video-preview":"max-video-preview:-1"},"canonical":"https:\/\/blogs.donboscovolunteers.de\/tobiasinabidjan\/2013\/08\/05\/kein-lieblingskind\/","og_locale":"de_DE","og_type":"article","og_title":"(K)ein Lieblingskind - Tobi in Abidjan","og_description":"Genau, jemand, der mit Kindern arbeitet, hat kein Lieblingskind. Zumindest darf er es gegen\u00fcber den anderen Kindern nicht zeigen, da diese sonst darunter leiden. Doch, und das ist eines der Dinge, die ich hier gelernt habe, kann man noch lange nicht alles in seinem Leben selbst bestimmen. Manche Dinge verlaufen eben so und so. Da [&hellip;]","og_url":"https:\/\/blogs.donboscovolunteers.de\/tobiasinabidjan\/2013\/08\/05\/kein-lieblingskind\/","og_site_name":"Tobi in Abidjan","article_published_time":"2013-08-05T21:44:34+00:00","article_modified_time":"2013-08-05T21:53:24+00:00","og_image":[{"url":"https:\/\/blogs.donboscovolunteers.de\/tobiasinabidjan\/wp-content\/uploads\/sites\/19606\/2013\/08\/IMG_2231.jpg","type":"","width":"","height":""}],"author":"Tobias Droessler","twitter_card":"summary_large_image","twitter_misc":{"Verfasst von":"Tobias Droessler","Gesch\u00e4tzte Lesezeit":"4\u00a0Minuten"},"schema":{"@context":"https:\/\/schema.org","@graph":[{"@type":"WebPage","@id":"https:\/\/blogs.donboscovolunteers.de\/tobiasinabidjan\/2013\/08\/05\/kein-lieblingskind\/","url":"https:\/\/blogs.donboscovolunteers.de\/tobiasinabidjan\/2013\/08\/05\/kein-lieblingskind\/","name":"(K)ein Lieblingskind - Tobi in Abidjan","isPartOf":{"@id":"https:\/\/blogs.donboscovolunteers.de\/tobiasinabidjan\/#website"},"primaryImageOfPage":{"@id":"https:\/\/blogs.donboscovolunteers.de\/tobiasinabidjan\/2013\/08\/05\/kein-lieblingskind\/#primaryimage"},"image":{"@id":"https:\/\/blogs.donboscovolunteers.de\/tobiasinabidjan\/2013\/08\/05\/kein-lieblingskind\/#primaryimage"},"thumbnailUrl":"https:\/\/blogs.donboscovolunteers.de\/tobiasinabidjan\/wp-content\/uploads\/sites\/19606\/2013\/08\/IMG_2231.jpg","datePublished":"2013-08-05T21:44:34+00:00","dateModified":"2013-08-05T21:53:24+00:00","author":{"@id":"https:\/\/blogs.donboscovolunteers.de\/tobiasinabidjan\/#\/schema\/person\/4c75713926b135670e741959bea59390"},"breadcrumb":{"@id":"https:\/\/blogs.donboscovolunteers.de\/tobiasinabidjan\/2013\/08\/05\/kein-lieblingskind\/#breadcrumb"},"inLanguage":"de","potentialAction":[{"@type":"ReadAction","target":["https:\/\/blogs.donboscovolunteers.de\/tobiasinabidjan\/2013\/08\/05\/kein-lieblingskind\/"]}]},{"@type":"ImageObject","inLanguage":"de","@id":"https:\/\/blogs.donboscovolunteers.de\/tobiasinabidjan\/2013\/08\/05\/kein-lieblingskind\/#primaryimage","url":"https:\/\/blogs.donboscovolunteers.de\/tobiasinabidjan\/wp-content\/uploads\/sites\/19606\/2013\/08\/IMG_2231.jpg","contentUrl":"https:\/\/blogs.donboscovolunteers.de\/tobiasinabidjan\/wp-content\/uploads\/sites\/19606\/2013\/08\/IMG_2231.jpg","width":"533","height":"800"},{"@type":"BreadcrumbList","@id":"https:\/\/blogs.donboscovolunteers.de\/tobiasinabidjan\/2013\/08\/05\/kein-lieblingskind\/#breadcrumb","itemListElement":[{"@type":"ListItem","position":1,"name":"Startseite","item":"https:\/\/blogs.donboscovolunteers.de\/tobiasinabidjan\/"},{"@type":"ListItem","position":2,"name":"(K)ein Lieblingskind"}]},{"@type":"WebSite","@id":"https:\/\/blogs.donboscovolunteers.de\/tobiasinabidjan\/#website","url":"https:\/\/blogs.donboscovolunteers.de\/tobiasinabidjan\/","name":"Tobi in Abidjan","description":"Ein weiterer strassenkinder.de Blog","potentialAction":[{"@type":"SearchAction","target":{"@type":"EntryPoint","urlTemplate":"https:\/\/blogs.donboscovolunteers.de\/tobiasinabidjan\/?s={search_term_string}"},"query-input":{"@type":"PropertyValueSpecification","valueRequired":true,"valueName":"search_term_string"}}],"inLanguage":"de"},{"@type":"Person","@id":"https:\/\/blogs.donboscovolunteers.de\/tobiasinabidjan\/#\/schema\/person\/4c75713926b135670e741959bea59390","name":"Tobias Droessler","image":{"@type":"ImageObject","inLanguage":"de","@id":"https:\/\/blogs.donboscovolunteers.de\/tobiasinabidjan\/#\/schema\/person\/image\/","url":"https:\/\/secure.gravatar.com\/avatar\/bf458c853af41183c06262bfe9cd02d2551afdcb8bab2c97299941ff5223698a?s=96&d=mm&r=g","contentUrl":"https:\/\/secure.gravatar.com\/avatar\/bf458c853af41183c06262bfe9cd02d2551afdcb8bab2c97299941ff5223698a?s=96&d=mm&r=g","caption":"Tobias Droessler"},"sameAs":["https:\/\/blogs.donboscovolunteers.de\/members\/tobiasdroessler\/"],"url":"https:\/\/blogs.donboscovolunteers.de\/tobiasinabidjan\/author\/tobiasdroessler\/"}]}},"_links":{"self":[{"href":"https:\/\/blogs.donboscovolunteers.de\/tobiasinabidjan\/wp-json\/wp\/v2\/posts\/164","targetHints":{"allow":["GET"]}}],"collection":[{"href":"https:\/\/blogs.donboscovolunteers.de\/tobiasinabidjan\/wp-json\/wp\/v2\/posts"}],"about":[{"href":"https:\/\/blogs.donboscovolunteers.de\/tobiasinabidjan\/wp-json\/wp\/v2\/types\/post"}],"author":[{"embeddable":true,"href":"https:\/\/blogs.donboscovolunteers.de\/tobiasinabidjan\/wp-json\/wp\/v2\/users\/19649"}],"replies":[{"embeddable":true,"href":"https:\/\/blogs.donboscovolunteers.de\/tobiasinabidjan\/wp-json\/wp\/v2\/comments?post=164"}],"version-history":[{"count":2,"href":"https:\/\/blogs.donboscovolunteers.de\/tobiasinabidjan\/wp-json\/wp\/v2\/posts\/164\/revisions"}],"predecessor-version":[{"id":167,"href":"https:\/\/blogs.donboscovolunteers.de\/tobiasinabidjan\/wp-json\/wp\/v2\/posts\/164\/revisions\/167"}],"wp:attachment":[{"href":"https:\/\/blogs.donboscovolunteers.de\/tobiasinabidjan\/wp-json\/wp\/v2\/media?parent=164"}],"wp:term":[{"taxonomy":"category","embeddable":true,"href":"https:\/\/blogs.donboscovolunteers.de\/tobiasinabidjan\/wp-json\/wp\/v2\/categories?post=164"},{"taxonomy":"post_tag","embeddable":true,"href":"https:\/\/blogs.donboscovolunteers.de\/tobiasinabidjan\/wp-json\/wp\/v2\/tags?post=164"}],"curies":[{"name":"wp","href":"https:\/\/api.w.org\/{rel}","templated":true}]}}