{"id":40,"date":"2020-10-22T11:40:21","date_gmt":"2020-10-22T09:40:21","guid":{"rendered":"https:\/\/blogs.donboscovolunteers.de\/thienvolunteert\/?p=40"},"modified":"2020-11-09T14:40:45","modified_gmt":"2020-11-09T13:40:45","slug":"take-me-back-to-benediktbeuern","status":"publish","type":"post","link":"https:\/\/blogs.donboscovolunteers.de\/thienvolunteert\/2020\/10\/22\/take-me-back-to-benediktbeuern\/","title":{"rendered":"Take me back to Benediktbeuern"},"content":{"rendered":"<p>Hey guys:)<\/p>\n\n\n\n<p>Tja, in meinem ersten Blogeintrag kann ich nicht dar\u00fcber berichten, wie  ich in Sambia aus dem Flieger gestiegen bin, die afrikanische Sonne mir  ins Gesicht lachte und ich meinen ersten Schritt als Auslandsvolont\u00e4rin  in das M\u00e4dchenheim dort machen konnte. Ne ne ne, das lief dann bissl  anders. Seit dem Fr\u00fchjahr 2020 wartete ich als frischgebackene  Abiturientin darauf Informationen zu meinem <a href=\"https:\/\/www.donboscovolunteers.de\/\">Freiwilligendienst<\/a> zu  erhalten, weil ich mir das Ausreisen aufgrund der Pandemie f\u00fcrs Erste  abschminken konnte.<\/p>\n\n\n\n<p>Und dann kam im Sommer die gro\u00dfe Ank\u00fcndigung: Wir machen die <a href=\"https:\/\/www.donboscomission.de\/don-bosco\/\">Don  Bosco<\/a>-Akademie! Seminare, Praktika, alles, was das Herz begehrt&#8230;oder  so.<br> Klingt vielleicht bissl trocken, aber am 14.09. bin ich dann knappe 5  einhalb Stunden von Mainz-Kastel in Hessen bis nach Benediktbeuern in  Bayern gefahren und mein lieber Herr Gesangsverein war ich nicht darauf  vorbereitet, was da auf mich zukam.<\/p>\n\n\n\n<p>Drei Wochen Benediktbeuern mit 24 einhalb Mitvolont\u00e4r*innen, drei Wochen  voller interessanter Einheiten vormittags von verschiedenen  Referent*innen \u00fcber Themen von der Don Bosco P\u00e4dagogik \u00fcber die 17  Nachhaltigkeitsziele der Vereinten Nationen (SDGs) bis zur guten  Vermittlung von Inhalten (Didaktik), und etwaigen Workshops nachmittags,  die auf Eigeninitiative und Freiwilligkeit basierten. Auch hier reichte  das Spektrum vom mehrstimmigen Chor \u00fcber Volleyball bis zu meinem  eigenen Vietnamesischkurs. Welche Talente hast du, wie m\u00f6chtest du dich  in der Gemeinschaft einbringen, jede*r hatte die M\u00f6glichkeit in dieser  Akademiezeit aufzubl\u00fchen.<br> Mein entwicklungspolitischer Freiwilligendienst hatte einen guten Start  und wurde seinem Namen jetzt schon durch die Vielfalt der Akademie  gerecht.<\/p>\n\n\n\n<p>W\u00e4hrenddessen lernte ich dort auch wieder was \u00fcber mich selbst, wer ist  denn auch schon 3 Wochen lang mit 25 Gleichj\u00e4hrigen mit demselben  Schicksal des ungewissen Auslandsjahres unterwegs. Auch wenn ich nicht  ausgereist bin, war das ein neues Umfeld, indem es galt, neue Menschen  kennenzulernen und sich auszuprobieren. Dar\u00fcber hinaus f\u00fchrten wir sehr  gute Gespr\u00e4che &#8211; diese Deep Talks hatten es schon in sich &#8211; wo man immer  etwas f\u00fcrs Leben lernen kann.<\/p>\n\n\n\n<p>Und bei Don Bosco gibt es auch am Ende des Abends immer ein &#8222;Good  Night&#8220;, damit die Jugendlichen mit positiven Gedanken einschlafen, dabei  hat vor allem ein Denkansto\u00df bei mir Wellen geschlagen, den ich auch  mit in den Freiwilligendienst nehmen m\u00f6chte:<\/p>\n\n\n\n<blockquote class=\"wp-block-quote is-style-default is-layout-flow wp-block-quote-is-layout-flow\"><p> Dankbarkeit sollte nicht beim  sch\u00f6nen Gef\u00fchl enden und bei dem Mitleid  f\u00fcr andere, Dankbarkeit ist  zwar sch\u00f6n und gut und f\u00fcr viele schon ein  gro\u00dfer Schritt, doch dann  sollte man sie als Antrieb f\u00fcr soziales  Engagement nutzen, f\u00fcr die,  denen es nicht so gut geht wie dir.<\/p><\/blockquote>\n\n\n\n<p><\/p>\n\n\n\n<p><\/p>\n\n\n\n<p><\/p>\n\n\n\n<p>Fortsetzung folgt.<\/p>","protected":false},"excerpt":{"rendered":"<p>Hey guys:) Tja, in meinem ersten Blogeintrag kann ich nicht dar\u00fcber berichten, wie ich in Sambia aus dem Flieger gestiegen bin, die afrikanische Sonne mir ins Gesicht lachte und ich meinen ersten Schritt als Auslandsvolont\u00e4rin in das M\u00e4dchenheim dort machen konnte. Ne ne ne, das lief dann bissl anders. Seit dem Fr\u00fchjahr 2020 wartete ich [&hellip;]<\/p>\n","protected":false},"author":21681,"featured_media":0,"comment_status":"open","ping_status":"open","sticky":true,"template":"","format":"standard","meta":{"footnotes":""},"categories":[1,4,5],"tags":[8,7,6,3,9],"class_list":["post-40","post","type-post","status-publish","format-standard","hentry","category-allgemein","category-benediktbeuern","category-don-bosco-akademie","tag-benediktbeuern","tag-don-bosco","tag-don-bosco-akademie","tag-freiwilligendienst","tag-thien-volunteert"],"yoast_head":"<!-- This site is optimized with the Yoast SEO plugin v25.3.1 - https:\/\/yoast.com\/wordpress\/plugins\/seo\/ -->\n<title>Take me back to Benediktbeuern - Thien volunteert<\/title>\n<meta name=\"robots\" content=\"index, follow, max-snippet:-1, max-image-preview:large, max-video-preview:-1\" \/>\n<link rel=\"canonical\" href=\"https:\/\/blogs.donboscovolunteers.de\/thienvolunteert\/2020\/10\/22\/take-me-back-to-benediktbeuern\/\" \/>\n<meta property=\"og:locale\" content=\"de_DE\" \/>\n<meta property=\"og:type\" content=\"article\" \/>\n<meta property=\"og:title\" content=\"Take me back to Benediktbeuern - Thien volunteert\" \/>\n<meta property=\"og:description\" content=\"Hey guys:) Tja, in meinem ersten Blogeintrag kann ich nicht dar\u00fcber berichten, wie ich in Sambia aus dem Flieger gestiegen bin, die afrikanische Sonne mir ins Gesicht lachte und ich meinen ersten Schritt als Auslandsvolont\u00e4rin in das M\u00e4dchenheim dort machen konnte. Ne ne ne, das lief dann bissl anders. Seit dem Fr\u00fchjahr 2020 wartete ich [&hellip;]\" \/>\n<meta property=\"og:url\" content=\"https:\/\/blogs.donboscovolunteers.de\/thienvolunteert\/2020\/10\/22\/take-me-back-to-benediktbeuern\/\" \/>\n<meta property=\"og:site_name\" content=\"Thien volunteert\" \/>\n<meta property=\"article:published_time\" content=\"2020-10-22T09:40:21+00:00\" \/>\n<meta property=\"article:modified_time\" content=\"2020-11-09T13:40:45+00:00\" \/>\n<meta name=\"author\" content=\"Thien An Nguyen\" \/>\n<meta name=\"twitter:card\" content=\"summary_large_image\" \/>\n<meta name=\"twitter:label1\" content=\"Verfasst von\" \/>\n\t<meta name=\"twitter:data1\" content=\"Thien An Nguyen\" \/>\n\t<meta name=\"twitter:label2\" content=\"Gesch\u00e4tzte Lesezeit\" \/>\n\t<meta name=\"twitter:data2\" content=\"2\u00a0Minuten\" \/>\n<script type=\"application\/ld+json\" class=\"yoast-schema-graph\">{\"@context\":\"https:\/\/schema.org\",\"@graph\":[{\"@type\":\"WebPage\",\"@id\":\"https:\/\/blogs.donboscovolunteers.de\/thienvolunteert\/2020\/10\/22\/take-me-back-to-benediktbeuern\/\",\"url\":\"https:\/\/blogs.donboscovolunteers.de\/thienvolunteert\/2020\/10\/22\/take-me-back-to-benediktbeuern\/\",\"name\":\"Take me back to Benediktbeuern - Thien volunteert\",\"isPartOf\":{\"@id\":\"https:\/\/blogs.donboscovolunteers.de\/thienvolunteert\/#website\"},\"datePublished\":\"2020-10-22T09:40:21+00:00\",\"dateModified\":\"2020-11-09T13:40:45+00:00\",\"author\":{\"@id\":\"https:\/\/blogs.donboscovolunteers.de\/thienvolunteert\/#\/schema\/person\/1247dc568e35d9474588494a0d8a87f1\"},\"breadcrumb\":{\"@id\":\"https:\/\/blogs.donboscovolunteers.de\/thienvolunteert\/2020\/10\/22\/take-me-back-to-benediktbeuern\/#breadcrumb\"},\"inLanguage\":\"de\",\"potentialAction\":[{\"@type\":\"ReadAction\",\"target\":[\"https:\/\/blogs.donboscovolunteers.de\/thienvolunteert\/2020\/10\/22\/take-me-back-to-benediktbeuern\/\"]}]},{\"@type\":\"BreadcrumbList\",\"@id\":\"https:\/\/blogs.donboscovolunteers.de\/thienvolunteert\/2020\/10\/22\/take-me-back-to-benediktbeuern\/#breadcrumb\",\"itemListElement\":[{\"@type\":\"ListItem\",\"position\":1,\"name\":\"Startseite\",\"item\":\"https:\/\/blogs.donboscovolunteers.de\/thienvolunteert\/\"},{\"@type\":\"ListItem\",\"position\":2,\"name\":\"Take me back to Benediktbeuern\"}]},{\"@type\":\"WebSite\",\"@id\":\"https:\/\/blogs.donboscovolunteers.de\/thienvolunteert\/#website\",\"url\":\"https:\/\/blogs.donboscovolunteers.de\/thienvolunteert\/\",\"name\":\"Thien volunteert\",\"description\":\"Ein Auslandsfreiwilligendienst auf Umwegen\",\"potentialAction\":[{\"@type\":\"SearchAction\",\"target\":{\"@type\":\"EntryPoint\",\"urlTemplate\":\"https:\/\/blogs.donboscovolunteers.de\/thienvolunteert\/?s={search_term_string}\"},\"query-input\":{\"@type\":\"PropertyValueSpecification\",\"valueRequired\":true,\"valueName\":\"search_term_string\"}}],\"inLanguage\":\"de\"},{\"@type\":\"Person\",\"@id\":\"https:\/\/blogs.donboscovolunteers.de\/thienvolunteert\/#\/schema\/person\/1247dc568e35d9474588494a0d8a87f1\",\"name\":\"Thien An Nguyen\",\"image\":{\"@type\":\"ImageObject\",\"inLanguage\":\"de\",\"@id\":\"https:\/\/blogs.donboscovolunteers.de\/thienvolunteert\/#\/schema\/person\/image\/\",\"url\":\"https:\/\/secure.gravatar.com\/avatar\/1d23993f6af64131f5c5113b8b7e0839985baab688368ff0496678aaf90a27ef?s=96&d=mm&r=g\",\"contentUrl\":\"https:\/\/secure.gravatar.com\/avatar\/1d23993f6af64131f5c5113b8b7e0839985baab688368ff0496678aaf90a27ef?s=96&d=mm&r=g\",\"caption\":\"Thien An Nguyen\"},\"url\":\"https:\/\/blogs.donboscovolunteers.de\/thienvolunteert\/author\/thienan\/\"}]}<\/script>\n<!-- \/ Yoast SEO plugin. -->","yoast_head_json":{"title":"Take me back to Benediktbeuern - Thien volunteert","robots":{"index":"index","follow":"follow","max-snippet":"max-snippet:-1","max-image-preview":"max-image-preview:large","max-video-preview":"max-video-preview:-1"},"canonical":"https:\/\/blogs.donboscovolunteers.de\/thienvolunteert\/2020\/10\/22\/take-me-back-to-benediktbeuern\/","og_locale":"de_DE","og_type":"article","og_title":"Take me back to Benediktbeuern - Thien volunteert","og_description":"Hey guys:) Tja, in meinem ersten Blogeintrag kann ich nicht dar\u00fcber berichten, wie ich in Sambia aus dem Flieger gestiegen bin, die afrikanische Sonne mir ins Gesicht lachte und ich meinen ersten Schritt als Auslandsvolont\u00e4rin in das M\u00e4dchenheim dort machen konnte. Ne ne ne, das lief dann bissl anders. Seit dem Fr\u00fchjahr 2020 wartete ich [&hellip;]","og_url":"https:\/\/blogs.donboscovolunteers.de\/thienvolunteert\/2020\/10\/22\/take-me-back-to-benediktbeuern\/","og_site_name":"Thien volunteert","article_published_time":"2020-10-22T09:40:21+00:00","article_modified_time":"2020-11-09T13:40:45+00:00","author":"Thien An Nguyen","twitter_card":"summary_large_image","twitter_misc":{"Verfasst von":"Thien An Nguyen","Gesch\u00e4tzte Lesezeit":"2\u00a0Minuten"},"schema":{"@context":"https:\/\/schema.org","@graph":[{"@type":"WebPage","@id":"https:\/\/blogs.donboscovolunteers.de\/thienvolunteert\/2020\/10\/22\/take-me-back-to-benediktbeuern\/","url":"https:\/\/blogs.donboscovolunteers.de\/thienvolunteert\/2020\/10\/22\/take-me-back-to-benediktbeuern\/","name":"Take me back to Benediktbeuern - Thien volunteert","isPartOf":{"@id":"https:\/\/blogs.donboscovolunteers.de\/thienvolunteert\/#website"},"datePublished":"2020-10-22T09:40:21+00:00","dateModified":"2020-11-09T13:40:45+00:00","author":{"@id":"https:\/\/blogs.donboscovolunteers.de\/thienvolunteert\/#\/schema\/person\/1247dc568e35d9474588494a0d8a87f1"},"breadcrumb":{"@id":"https:\/\/blogs.donboscovolunteers.de\/thienvolunteert\/2020\/10\/22\/take-me-back-to-benediktbeuern\/#breadcrumb"},"inLanguage":"de","potentialAction":[{"@type":"ReadAction","target":["https:\/\/blogs.donboscovolunteers.de\/thienvolunteert\/2020\/10\/22\/take-me-back-to-benediktbeuern\/"]}]},{"@type":"BreadcrumbList","@id":"https:\/\/blogs.donboscovolunteers.de\/thienvolunteert\/2020\/10\/22\/take-me-back-to-benediktbeuern\/#breadcrumb","itemListElement":[{"@type":"ListItem","position":1,"name":"Startseite","item":"https:\/\/blogs.donboscovolunteers.de\/thienvolunteert\/"},{"@type":"ListItem","position":2,"name":"Take me back to Benediktbeuern"}]},{"@type":"WebSite","@id":"https:\/\/blogs.donboscovolunteers.de\/thienvolunteert\/#website","url":"https:\/\/blogs.donboscovolunteers.de\/thienvolunteert\/","name":"Thien volunteert","description":"Ein Auslandsfreiwilligendienst auf Umwegen","potentialAction":[{"@type":"SearchAction","target":{"@type":"EntryPoint","urlTemplate":"https:\/\/blogs.donboscovolunteers.de\/thienvolunteert\/?s={search_term_string}"},"query-input":{"@type":"PropertyValueSpecification","valueRequired":true,"valueName":"search_term_string"}}],"inLanguage":"de"},{"@type":"Person","@id":"https:\/\/blogs.donboscovolunteers.de\/thienvolunteert\/#\/schema\/person\/1247dc568e35d9474588494a0d8a87f1","name":"Thien An Nguyen","image":{"@type":"ImageObject","inLanguage":"de","@id":"https:\/\/blogs.donboscovolunteers.de\/thienvolunteert\/#\/schema\/person\/image\/","url":"https:\/\/secure.gravatar.com\/avatar\/1d23993f6af64131f5c5113b8b7e0839985baab688368ff0496678aaf90a27ef?s=96&d=mm&r=g","contentUrl":"https:\/\/secure.gravatar.com\/avatar\/1d23993f6af64131f5c5113b8b7e0839985baab688368ff0496678aaf90a27ef?s=96&d=mm&r=g","caption":"Thien An Nguyen"},"url":"https:\/\/blogs.donboscovolunteers.de\/thienvolunteert\/author\/thienan\/"}]}},"_links":{"self":[{"href":"https:\/\/blogs.donboscovolunteers.de\/thienvolunteert\/wp-json\/wp\/v2\/posts\/40","targetHints":{"allow":["GET"]}}],"collection":[{"href":"https:\/\/blogs.donboscovolunteers.de\/thienvolunteert\/wp-json\/wp\/v2\/posts"}],"about":[{"href":"https:\/\/blogs.donboscovolunteers.de\/thienvolunteert\/wp-json\/wp\/v2\/types\/post"}],"author":[{"embeddable":true,"href":"https:\/\/blogs.donboscovolunteers.de\/thienvolunteert\/wp-json\/wp\/v2\/users\/21681"}],"replies":[{"embeddable":true,"href":"https:\/\/blogs.donboscovolunteers.de\/thienvolunteert\/wp-json\/wp\/v2\/comments?post=40"}],"version-history":[{"count":2,"href":"https:\/\/blogs.donboscovolunteers.de\/thienvolunteert\/wp-json\/wp\/v2\/posts\/40\/revisions"}],"predecessor-version":[{"id":59,"href":"https:\/\/blogs.donboscovolunteers.de\/thienvolunteert\/wp-json\/wp\/v2\/posts\/40\/revisions\/59"}],"wp:attachment":[{"href":"https:\/\/blogs.donboscovolunteers.de\/thienvolunteert\/wp-json\/wp\/v2\/media?parent=40"}],"wp:term":[{"taxonomy":"category","embeddable":true,"href":"https:\/\/blogs.donboscovolunteers.de\/thienvolunteert\/wp-json\/wp\/v2\/categories?post=40"},{"taxonomy":"post_tag","embeddable":true,"href":"https:\/\/blogs.donboscovolunteers.de\/thienvolunteert\/wp-json\/wp\/v2\/tags?post=40"}],"curies":[{"name":"wp","href":"https:\/\/api.w.org\/{rel}","templated":true}]}}