{"id":342,"date":"2020-08-13T00:00:41","date_gmt":"2020-08-12T22:00:41","guid":{"rendered":"https:\/\/blogs.donboscovolunteers.de\/tauschealpengegenanden\/?p=342"},"modified":"2020-08-13T22:21:06","modified_gmt":"2020-08-13T20:21:06","slug":"der-16-august","status":"publish","type":"post","link":"https:\/\/blogs.donboscovolunteers.de\/tauschealpengegenanden\/2020\/08\/13\/der-16-august\/","title":{"rendered":"Der 16. August"},"content":{"rendered":"<p>In ein paar Tagen w\u00e4re es soweit gewesen. Der 16. August, der Tag des R\u00fcckflugs, w\u00e4re vor der T\u00fcr gestanden. Das tut er zwar immer noch, nur eben ohne die eben erw\u00e4hnte R\u00fcckkehr nach Deutschland. Seit meiner Ankunft ist einiges passiert und ich glaube, dass ich erst jetzt anfange <em>so richtig<\/em> anzukommen. <\/p>\n\n\n\n<figure class=\"wp-block-image size-large\"><img loading=\"lazy\" decoding=\"async\" width=\"1024\" height=\"576\" src=\"https:\/\/blogs.donboscovolunteers.de\/tauschealpengegenanden\/wp-content\/uploads\/sites\/21606\/2020\/08\/20200404_181246-1024x576.jpg\" alt=\"\" class=\"wp-image-343\" srcset=\"https:\/\/blogs.donboscovolunteers.de\/tauschealpengegenanden\/wp-content\/uploads\/sites\/21606\/2020\/08\/20200404_181246-1024x576.jpg 1024w, https:\/\/blogs.donboscovolunteers.de\/tauschealpengegenanden\/wp-content\/uploads\/sites\/21606\/2020\/08\/20200404_181246-300x169.jpg 300w, https:\/\/blogs.donboscovolunteers.de\/tauschealpengegenanden\/wp-content\/uploads\/sites\/21606\/2020\/08\/20200404_181246-768x432.jpg 768w, https:\/\/blogs.donboscovolunteers.de\/tauschealpengegenanden\/wp-content\/uploads\/sites\/21606\/2020\/08\/20200404_181246-900x506.jpg 900w, https:\/\/blogs.donboscovolunteers.de\/tauschealpengegenanden\/wp-content\/uploads\/sites\/21606\/2020\/08\/20200404_181246.jpg 1280w\" sizes=\"auto, (max-width: 1024px) 100vw, 1024px\" \/><figcaption> Eigentlich h\u00e4tte dieses Foto f\u00fcnf Monate sp\u00e4ter entstehen sollen. Am 4. April ging es mit dem R\u00fcckholflug der Bundesregierung nach Hause. <\/figcaption><\/figure>\n\n\n\n<h4 class=\"wp-block-heading\">Vereinte\nVolont\u00e4re<\/h4>\n\n\n\n<p>Beim Versuch des &#8222;Ankommens&#8220; hat mir auch besonders die letzte Zeit geholfen: Immer wieder konnten wir Corona-Volont\u00e4re n\u00e4mlich nach Benediktbeuern ins Aktionszentrum kommen, um bei den Umbauarbeiten im Haus und bei der Renaturierung und Neugestaltung des Gartens mitzuhelfen. Endlich hatte der (pers\u00f6nliche) Stillstand ein Ende, der nach unserer R\u00fcckkehr nach Deutschland eingesetzt hatte. <\/p>\n\n\n\n<p>Und es gab gen\u00fcgend Aufgaben f\u00fcr uns: Fliesen herunterbrechen, Schutt entsorgen, Zements\u00e4cke von einem Eck zum anderen tragen, im Garten L\u00f6cher graben, B\u00fcsche und B\u00e4ume schneiden, den Unterbau f\u00fcr ein Pflasterlabyrinth anzulegen, und noch einiges mehr. So sind wir Freiwilligen und andere Jugendliche, die in den Ferien beim Angebot \u201eBock auf AZ\u201c teilnehmen, jeden Tag ersch\u00f6pft, aber zufrieden mit uns und der Welt ins Bett gefallen. Zwar noch mit einigen Resten Schmutz unter den Fingern\u00e4geln, jedoch bereit f\u00fcr den n\u00e4chsten Tag.<\/p>\n\n\n\n<figure class=\"wp-block-image size-large\"><img loading=\"lazy\" decoding=\"async\" width=\"768\" height=\"1024\" src=\"https:\/\/blogs.donboscovolunteers.de\/tauschealpengegenanden\/wp-content\/uploads\/sites\/21606\/2020\/08\/IMG-20200806-WA0009-768x1024.jpg\" alt=\"\" class=\"wp-image-345\" srcset=\"https:\/\/blogs.donboscovolunteers.de\/tauschealpengegenanden\/wp-content\/uploads\/sites\/21606\/2020\/08\/IMG-20200806-WA0009-768x1024.jpg 768w, https:\/\/blogs.donboscovolunteers.de\/tauschealpengegenanden\/wp-content\/uploads\/sites\/21606\/2020\/08\/IMG-20200806-WA0009-225x300.jpg 225w, https:\/\/blogs.donboscovolunteers.de\/tauschealpengegenanden\/wp-content\/uploads\/sites\/21606\/2020\/08\/IMG-20200806-WA0009-900x1200.jpg 900w, https:\/\/blogs.donboscovolunteers.de\/tauschealpengegenanden\/wp-content\/uploads\/sites\/21606\/2020\/08\/IMG-20200806-WA0009.jpg 960w\" sizes=\"auto, (max-width: 768px) 100vw, 768px\" \/><figcaption>Die Volont\u00e4re auf der Baustelle, hier gleich mehrere &#8222;Kulturkreise&#8220; vereint: Wir waren in <a href=\"https:\/\/multimedia.strassenkinder.de\/bolivien\">Bolivien<\/a>, Argentinien, Kosovo und <a href=\"https:\/\/strassenkinder.de\/laender\/asien\/inden\/\">Indien<\/a>.<\/figcaption><\/figure>\n\n\n\n<figure class=\"wp-block-image size-large\"><img loading=\"lazy\" decoding=\"async\" width=\"421\" height=\"683\" src=\"https:\/\/blogs.donboscovolunteers.de\/tauschealpengegenanden\/wp-content\/uploads\/sites\/21606\/2020\/08\/1.jpg\" alt=\"\" class=\"wp-image-346\" srcset=\"https:\/\/blogs.donboscovolunteers.de\/tauschealpengegenanden\/wp-content\/uploads\/sites\/21606\/2020\/08\/1.jpg 421w, https:\/\/blogs.donboscovolunteers.de\/tauschealpengegenanden\/wp-content\/uploads\/sites\/21606\/2020\/08\/1-185x300.jpg 185w\" sizes=\"auto, (max-width: 421px) 100vw, 421px\" \/><figcaption>Harte Arbeit? Da sind wir dabei!<\/figcaption><\/figure>\n\n\n\n<figure class=\"wp-block-image size-large is-resized\"><img loading=\"lazy\" decoding=\"async\" src=\"https:\/\/blogs.donboscovolunteers.de\/tauschealpengegenanden\/wp-content\/uploads\/sites\/21606\/2020\/08\/2.jpg\" alt=\"\" class=\"wp-image-347\" width=\"384\" height=\"489\" srcset=\"https:\/\/blogs.donboscovolunteers.de\/tauschealpengegenanden\/wp-content\/uploads\/sites\/21606\/2020\/08\/2.jpg 417w, https:\/\/blogs.donboscovolunteers.de\/tauschealpengegenanden\/wp-content\/uploads\/sites\/21606\/2020\/08\/2-236x300.jpg 236w\" sizes=\"auto, (max-width: 384px) 100vw, 384px\" \/><figcaption>Ein bisschen Spa\u00df darf nach getaner Arbeit aber nat\u00fcrlich auch sein&#8230;<\/figcaption><\/figure>\n\n\n\n<p>Diese \u201eArbeitswochen\u201c und auch das Abschlussseminar haben mich ein wenig von meiner kleinen emotionalen Talfahrt weggebracht. Im Kreis meiner Volont\u00e4rskollegen konnte ich mich richtig verstanden f\u00fchlen. Denn schlussendlich hat jeder von uns \u201eCorolos\u201c (Corona + Volos) das gleiche erlebt: Eine \u00fcberst\u00fcrzte Ausreise, offene und unerledigte Projekte, Kinder und Jugendliche, die wir in den Einrichtungen ohne einen richtigen Abschied zur\u00fccklassen mussten, genauso wie Freunde und Wegbegleiter,\u2026 <\/p>\n\n\n\n<p>Uns allen geht es gleich. Und obwohl wir \u00fcber den ganzen Globus verstreut gearbeitet und gelebt haben, f\u00fchlen wir uns so verbunden. Verr\u00fcckt, das mit <a href=\"https:\/\/www.donboscomission.de\/don-bosco\/\">Don Bosco<\/a>.<\/p>\n\n\n\n<figure class=\"wp-block-image size-large is-resized\"><img loading=\"lazy\" decoding=\"async\" src=\"https:\/\/blogs.donboscovolunteers.de\/tauschealpengegenanden\/wp-content\/uploads\/sites\/21606\/2020\/08\/Screenshot_20200813-162341_WhatsApp.jpg\" alt=\"\" class=\"wp-image-348\" width=\"455\" height=\"454\" srcset=\"https:\/\/blogs.donboscovolunteers.de\/tauschealpengegenanden\/wp-content\/uploads\/sites\/21606\/2020\/08\/Screenshot_20200813-162341_WhatsApp.jpg 717w, https:\/\/blogs.donboscovolunteers.de\/tauschealpengegenanden\/wp-content\/uploads\/sites\/21606\/2020\/08\/Screenshot_20200813-162341_WhatsApp-300x300.jpg 300w, https:\/\/blogs.donboscovolunteers.de\/tauschealpengegenanden\/wp-content\/uploads\/sites\/21606\/2020\/08\/Screenshot_20200813-162341_WhatsApp-150x150.jpg 150w, https:\/\/blogs.donboscovolunteers.de\/tauschealpengegenanden\/wp-content\/uploads\/sites\/21606\/2020\/08\/Screenshot_20200813-162341_WhatsApp-88x88.jpg 88w\" sizes=\"auto, (max-width: 455px) 100vw, 455px\" \/><figcaption>Die Cronona-Volont\u00e4re &#8211; Symbolbild<\/figcaption><\/figure>\n\n\n\n<h4 class=\"wp-block-heading\">11.000 km?\nNur einen Klick entfernt<\/h4>\n\n\n\n<p>Au\u00dferdem hat mich der Draht nach Argentinien aufgefangen. Besonders in den ersten Tagen erreichten mich besorgte Nachrichten, wie das Wetter (\u201eIst es sehr kalt? 19 Grad? Habt ihr nicht Sommer??\u201c), das Essen (\u201eWaaas ihr esst so sp\u00e4t zu Abend? Du verhungerst doch!\u201c) oder das strikte \u201edeutsche\u201c Leben (\u201eMartha, kommst du jetzt immer zu sp\u00e4t?\u201c) denn so sei. Denn unsere <em>argentinos <\/em>hatten \u2013 wie die meisten Menschen zwischen M\u00e4rz und Juni \u2013 viel Zeit. Auch in Argentinien galt eine Quarant\u00e4ne, die um einiges strikter als bei uns in Deutschland gehandhabt wurde, und auch um einiges l\u00e4nger andauerte. <\/p>\n\n\n\n<h4 class=\"wp-block-heading\">Laptop-Misas<\/h4>\n\n\n\n<p>Besonders sch\u00f6n fand ich die w\u00f6chentliche Sonntagsmesse, die immer um 20 Uhr Ortszeit (bei uns um 01:00 Uhr nachts, ach wie argentinisch\u2026) auf dem Facebook-Kanal des Oratorios ausgestrahlt wird. Ein bisschen ist dort alles wie immer: Unsere Salesianer Jes\u00fas, Alejandro und Silvio gestalten die Messe, der Ablauf hat sich auch nur in wenigen Details ver\u00e4ndert. Das \u201eministerio de m\u00fasica\u201c singt die gleichen Lieder und der Spirit, der mich schon immer mitgenommen hat, geht auch durch diese Internet-Messe nicht verloren. Anders als bei uns, sind richtige Versammlungen noch lange nicht m\u00f6glich, so auch keine Messen. Nur sehr kleine Gruppen sind innerhalb des Projektes zugelassen (z. B. Jugendgruppen bis zu zehn Personen sind o.k.), von der Normalit\u00e4t ist in Argentinien fast jeder weit entfernt. <\/p>\n\n\n\n<h4 class=\"wp-block-heading\">Don Bosco goes\ndigital<\/h4>\n\n\n\n<p>So hatte ich also einen kleinen Teil aus Argentinien unmittelbar bei mir daheim. Sogar ein paar Aktivit\u00e4ten mit den Kindern aus den Samstagsgruppen sind weitergelaufen: Der \u201epatio virtual\u201c (virtualer Spielhof) bot Platz f\u00fcr unz\u00e4hlige Partien Stadt-Land-Fluss (in Argentinien: Tutti frutti). Wie immer versuchen die Kids sich ein bisschen durchzuschummeln z.B. mit der Argumentation, dass St\u00e4dtenamen ja auch zur Kategorie &#8222;L\u00e4nder&#8220; geh\u00f6ren, weil sie ja IM Land liegen. Aber es wird auch viel gemeinsam gebastelt und sich in diversen Musik- bzw. Filmquizzen gebattelt. <\/p>\n\n\n\n<p>Weil eben jeder vor seinem eigenen Laptop oder Handy sa\u00df und es allen &#8211; den Kids, den Animadores sowie Simon und mir &#8211; einfach genau gleich ging, war in diesen n\u00e4chtlichen Stunden (meist ging es bis halb zwei) Argentinien gar nicht so weit weg.<\/p>\n\n\n\n<p>Trotzdem war und ist diese Unmittelbarkeit eben nur auf ein kurzes Zeitfenster begrenzt, denn wie wir alle wissen: Das Leben geht weiter. Und das ist auch gut so. Nur fiel es mir in den Wochen meiner R\u00fcckkehr unendlich schwer, diese Tatsache zu akzeptieren und hinzunehmen. Genauso wie der Fakt, dass ich mein Leben, so wie ich es f\u00fcr ein bisschen mehr als ein halbes Jahr in Santiago gef\u00fchrt habe, ein St\u00fcck weit aufgeben muss. Das alles zu reflektieren, zu verarbeiten und schlie\u00dflich tats\u00e4chlich anzunehmen, hat mir einiges abverlangt. <\/p>\n\n\n\n<h4 class=\"wp-block-heading\">Es geht weiter\u2026 tats\u00e4chlich!<\/h4>\n\n\n\n<p>Am meisten hat mir dabei eine Erkenntnis geholfen: Es muss mit deiner R\u00fcckkehr nicht alles aufh\u00f6ren. Ich kann noch immer Mate trinken und Empanadas essen (auch wenn sie nat\u00fcrlich <em>nie <\/em>an die aus Santiago rankommen werden), ich kann noch immer Kontakt mit den Menschen halten, die mir so ans Herz gewachsen sind. Ich kann noch immer Reggaeton und Cumbia-Musik anh\u00f6ren und vor mir die staubigen Stra\u00dfen Santiagos sehen. Nat\u00fcrlich alles in einem gesunden Ma\u00df, das ist klar. Ein St\u00fcck Argentinien begleitet mich eben nun.<\/p>\n\n\n\n<figure class=\"wp-block-image size-large\"><img loading=\"lazy\" decoding=\"async\" width=\"1024\" height=\"574\" src=\"https:\/\/blogs.donboscovolunteers.de\/tauschealpengegenanden\/wp-content\/uploads\/sites\/21606\/2020\/08\/mate-berg-1024x574.jpg\" alt=\"\" class=\"wp-image-349\" srcset=\"https:\/\/blogs.donboscovolunteers.de\/tauschealpengegenanden\/wp-content\/uploads\/sites\/21606\/2020\/08\/mate-berg-1024x574.jpg 1024w, https:\/\/blogs.donboscovolunteers.de\/tauschealpengegenanden\/wp-content\/uploads\/sites\/21606\/2020\/08\/mate-berg-300x168.jpg 300w, https:\/\/blogs.donboscovolunteers.de\/tauschealpengegenanden\/wp-content\/uploads\/sites\/21606\/2020\/08\/mate-berg-768x431.jpg 768w, https:\/\/blogs.donboscovolunteers.de\/tauschealpengegenanden\/wp-content\/uploads\/sites\/21606\/2020\/08\/mate-berg-900x505.jpg 900w, https:\/\/blogs.donboscovolunteers.de\/tauschealpengegenanden\/wp-content\/uploads\/sites\/21606\/2020\/08\/mate-berg.jpg 1280w\" sizes=\"auto, (max-width: 1024px) 100vw, 1024px\" \/><figcaption>Ein bisschen Argentinien ist jetzt halt immer dabei, sogar beim Bergsteigen.<\/figcaption><\/figure>\n\n\n\n<h4 class=\"wp-block-heading\">Genauso wie die Sehnsucht<\/h4>\n\n\n\n<p>Oft hei\u00dft es \u201eMan sehnt sich immer nach dem, was man im Moment nicht hat\u201c. Jeder kennt dieses doch so menschliche Gef\u00fchl zu gut. Auch als ich noch in Argentinien war, habe ich bestimmte Dinge aus Deutschland vermisst: Brot, gr\u00fcne W\u00e4lder, Rad fahren, die bayerischen Berge, Familie und Freunde. Mir war klar, dass ich sp\u00e4ter &#8211; zur\u00fcck aus Argentinien &#8211; bestimmt auch <em>etwas <\/em>vermissen w\u00fcrde. Trotzdem habe ich das ganze \u201eSehnsuchtskarussell\u201c ziemlich untersch\u00e4tzt. Denn kaum taucht ein Gegenstand, eine Situation oder eine Stimmung auf, die mich an die Zeit in Santiago erinnert, f\u00e4llt mir sofort einiges dazu ein und schwups: Schon dreht sich mal wieder alles darum. Um Argentinien. <\/p>\n\n\n\n<h4 class=\"wp-block-heading\">Mit allen Sinnen <\/h4>\n\n\n\n<p>Meistens fl\u00fcchte ich mich dann in die Natur. Ich fahre mit meinem Rad an der Isar entlang, lausche einem Cumbia-Hit, der so gut wie immer w\u00e4hrend der Autofahrten in Argentinien im Radio kam, und merke, wie sehr mir das Land fehlt. Ein komisches Gef\u00fchl ist das, vor allem wenn ich daran denke, wie trostlos mir Argentinien in den ersten Tagen vorkam. <\/p>\n\n\n\n<p>Jetzt fehlen mir die Weiten, der ausgedehnte Himmel, die von der stechenden Hitze aufgeladene Luft, der Staub auf den Stra\u00dfen und im ber\u00fchmten \u201eviento\u201c (Wind), die ausladenden Kronen der B\u00e4ume im Oratorio. Ein bisschen fehlen mir auch die argentinischen Gefrierschr\u00e4nke, getarnt als \u201eKlimaanlagen\u201c, die mit ihren 16 Grad f\u00fcr einen geh\u00f6rigen Temperatursturz sorgen. <\/p>\n\n\n\n<p>Aber auch das H\u00f6rerlebnis: Immer erschallt von irgendwoher ein Hauch Musik, irgendjemand schreit immer etwas auf die Stra\u00dfe, irgendwie hat man immer ein paar spanische Gespr\u00e4chsfetzen um sich, irgendwann f\u00e4hrt immer ein Auto mit gruselig riechenden Auspuff und lautem (fast kaputten?) Motor vorbei. Das alles blitzt vor meinem inneren Auge in Sekundenschnelle auf und ich schmecke schon fast den bitteren Mate (seien wir doch ehrlich, in Argentinien schmeckt der Mate einfach anders), habe den erdigen Geruch vom Gras am Morgen in der Nase, wenn unser Hausmeister Coco den Rasen bew\u00e4ssert.<\/p>\n\n\n\n<h4 class=\"wp-block-heading\">Was f\u00fcr eine Ironie&#8230;<\/h4>\n\n\n\n<p>W\u00e4hrend mir all das durch den Kopf geht, muss ich \u00fcber mich selbst schmunzeln. Vielleicht habe ich ja ein wenig vom argentinischen Drang zu \u00dcbertreiben sowie die \u00fcberproportionale Emotionalitat \u00fcbernommen. Und ausgerechnet dar\u00fcber habe ich mich immer so aufgeregt.<\/p>\n\n\n\n<h4 class=\"wp-block-heading\"><em>All das<\/em> <\/h4>\n\n\n\n<p>&#8230;ist verkn\u00fcpft mit den Menschen, die Simon und mir in diesem Jahr begegnet sind. Denn nie h\u00e4tte ich dieses Bild von Argentinien erhalten, w\u00e4ren nicht die unz\u00e4hligen Mate-Runden, \u00fcberschw\u00e4nglichen Begr\u00fc\u00dfungen, Gespr\u00e4che, Scherze und Erlebnisse gewesen. Durch die gute Verbindung \u00fcber Whatsapp, Instagram und Facebook, sind uns die Argentinier gl\u00fccklicherweise nicht ganz so fern. Und auch (mehr oder weniger regelm\u00e4\u00dfige) Videoanrufe lassen die Entfernung schrumpfen. Trotzdem vermisse ich sie nat\u00fcrlich allesamt.<\/p>\n\n\n\n<h4 class=\"wp-block-heading\">Der 16. August &#8211; Nicht nur R\u00fcckreise<\/h4>\n\n\n\n<p>Das Vermissen mindert der kommende Sonntag nat\u00fcrlich nicht ab. Denn jetzt w\u00e4re eigentlich die Zeit der Abschiedsparties und Reisevorbereitungen gewesen. Zuf\u00e4llig ist unser geplanter R\u00fcckreisetag au\u00dferdem auch der Don-Bosco-Tag (<strong>16.08.1815 = Geburtstag von Don Bosco<\/strong>), der wie jedes Jahr gewaltig gefeiert wird.<\/p>\n\n\n\n<figure class=\"wp-block-embed-instagram wp-block-embed is-type-rich is-provider-instagram\"><div class=\"wp-block-embed__wrapper\">\nhttps:\/\/www.instagram.com\/p\/CDkPa6YpWuk\/?utm_source=ig_web_copy_link\n<\/div><figcaption>Im &#8222;Monat Don Boscos&#8220; wird das j\u00e4hrlich neu gew\u00e4lte Motto &#8222;Gute Christen und ehrliche B\u00fcrger&#8220; nochmal heraufbeschworen. Dieses Jahr feiern Salesianer weltweit den 205. Geburtstags des Johannes Bosco. Die Nordprovinz in Argentinien ist sehr erfolgreich auf Instagram vertreten. Einfach mal vorbeischauen \ud83d\ude09<\/figcaption><\/figure>\n\n\n\n<h4 class=\"wp-block-heading\">Feliz cumple, pap\u00e1!<\/h4>\n\n\n\n<p>F\u00fcr uns war klar, dass wir nicht bei diesem Highlight dabei sein werden. Abgesehen von der Tatsache, dass wir uns am Abflugtag schon lange nicht mehr in Santiago del Estero befinden h\u00e4tten k\u00f6nnen, w\u00e4re es auch so zeitlich ziemlich knapp geworden. Seit dem wir den Termin fix hatten, wurden schon immer Beschwerden an uns herangetragen, dass wir <em>ausgerechnet <\/em>an diesem Tag, an dem es im Oratorio von Kindern und Jugendlichen, Spiel und Spa\u00df, nur so wimmeln wird, abreisen w\u00fcrden. <\/p>\n\n\n\n<figure class=\"wp-block-image size-large\"><img loading=\"lazy\" decoding=\"async\" width=\"603\" height=\"424\" src=\"https:\/\/blogs.donboscovolunteers.de\/tauschealpengegenanden\/wp-content\/uploads\/sites\/21606\/2020\/08\/d\u00eda-del-nino.jpg\" alt=\"\" class=\"wp-image-353\" srcset=\"https:\/\/blogs.donboscovolunteers.de\/tauschealpengegenanden\/wp-content\/uploads\/sites\/21606\/2020\/08\/d\u00eda-del-nino.jpg 603w, https:\/\/blogs.donboscovolunteers.de\/tauschealpengegenanden\/wp-content\/uploads\/sites\/21606\/2020\/08\/d\u00eda-del-nino-300x211.jpg 300w\" sizes=\"auto, (max-width: 603px) 100vw, 603px\" \/><figcaption>Vor einem Jahr am &#8222;d\u00eda del ni~no&#8220; (Kindertag), der passenderweise am Don-Bosco-Tag gefeiert wird. In Zeiten von Corona ein Horror f\u00fcr jeden Virologen.<\/figcaption><\/figure>\n\n\n\n<h4 class=\"wp-block-heading\">Gl\u00fcck im Ungl\u00fcck?<\/h4>\n\n\n\n<p>Da jetzt aber in Zeiten von Corona derartige Massenaufl\u00e4ufe nicht m\u00f6glich sind und es also unz\u00e4hligen Angboten f\u00fcr virtuelle Treffen und Aktionen anl\u00e4sslich des Festtages gibt, haben wir doch die M\u00f6glichkeit zumindest f\u00fcr ein paar Studen gemeinsam mit den Argentiniern zu feiern und wieder zur\u00fcckzukehren. Zur\u00fcck nach Argentinien. Zur\u00fcck ins Oratorio.<\/p>\n\n\n\n<p>Ob dies der letzte Blog war: Ich wei\u00df es nicht. Wer wei\u00df, zu welchen Arbeitswochen wir in Zukunft noch eingeladen werden und was sonst noch so in der Don-Bosco-Community geboten ist\u2026<\/p>\n\n\n\n<p>Bis dahin,\nalles Gute!<\/p>\n\n\n\n<p>Eure Martha<\/p>\n\n\n\n<p>P.S: F\u00fcr die Umbauarbeiten in Benediktbeuern suchen wir noch immer nach finanzieller Unterst\u00fctzung. Was genau umgestaltet und erneuert wird, und auch wie ihr helfen k\u00f6nnt, k\u00f6nnt ihr hier nachlesen:<\/p>\n\n\n\n<p><a href=\"https:\/\/www.aktionszentrum.de\/Aktuelles\/Aktuelle-Nachrichten\/Umweltwoche-im-Aktionszentrum\">https:\/\/www.aktionszentrum.de\/Aktuelles\/Aktuelle-Nachrichten\/Umweltwoche-im-Aktionszentrum<\/a><\/p>\n\n\n\n<p><\/p>","protected":false},"excerpt":{"rendered":"<p>In ein paar Tagen w\u00e4re es soweit gewesen. Der 16. August, der Tag des R\u00fcckflugs, w\u00e4re vor der T\u00fcr gestanden. Das tut er zwar immer noch, nur eben ohne die eben erw\u00e4hnte R\u00fcckkehr nach Deutschland. Seit meiner Ankunft ist einiges passiert und ich glaube, dass ich erst jetzt anfange so richtig anzukommen. Vereinte Volont\u00e4re Beim [&hellip;]<\/p>\n","protected":false},"author":21667,"featured_media":0,"comment_status":"open","ping_status":"open","sticky":false,"template":"","format":"standard","meta":{"footnotes":""},"categories":[8],"tags":[],"class_list":["post-342","post","type-post","status-publish","format-standard","hentry","category-abschied"],"yoast_head":"<!-- This site is optimized with the Yoast SEO plugin v25.3.1 - https:\/\/yoast.com\/wordpress\/plugins\/seo\/ -->\n<title>Der 16. August - Tausche Alpen gegen Anden<\/title>\n<meta name=\"robots\" content=\"index, follow, max-snippet:-1, max-image-preview:large, max-video-preview:-1\" \/>\n<link rel=\"canonical\" href=\"https:\/\/blogs.donboscovolunteers.de\/tauschealpengegenanden\/2020\/08\/13\/der-16-august\/\" \/>\n<meta property=\"og:locale\" content=\"de_DE\" \/>\n<meta property=\"og:type\" content=\"article\" \/>\n<meta property=\"og:title\" content=\"Der 16. August - Tausche Alpen gegen Anden\" \/>\n<meta property=\"og:description\" content=\"In ein paar Tagen w\u00e4re es soweit gewesen. Der 16. August, der Tag des R\u00fcckflugs, w\u00e4re vor der T\u00fcr gestanden. Das tut er zwar immer noch, nur eben ohne die eben erw\u00e4hnte R\u00fcckkehr nach Deutschland. Seit meiner Ankunft ist einiges passiert und ich glaube, dass ich erst jetzt anfange so richtig anzukommen. Vereinte Volont\u00e4re Beim [&hellip;]\" \/>\n<meta property=\"og:url\" content=\"https:\/\/blogs.donboscovolunteers.de\/tauschealpengegenanden\/2020\/08\/13\/der-16-august\/\" \/>\n<meta property=\"og:site_name\" content=\"Tausche Alpen gegen Anden\" \/>\n<meta property=\"article:published_time\" content=\"2020-08-12T22:00:41+00:00\" \/>\n<meta property=\"article:modified_time\" content=\"2020-08-13T20:21:06+00:00\" \/>\n<meta property=\"og:image\" content=\"https:\/\/blogs.donboscovolunteers.de\/tauschealpengegenanden\/wp-content\/uploads\/sites\/21606\/2020\/08\/20200404_181246-1024x576.jpg\" \/>\n<meta name=\"author\" content=\"Martha Ehrtmann\" \/>\n<meta name=\"twitter:card\" content=\"summary_large_image\" \/>\n<meta name=\"twitter:label1\" content=\"Verfasst von\" \/>\n\t<meta name=\"twitter:data1\" content=\"Martha Ehrtmann\" \/>\n\t<meta name=\"twitter:label2\" content=\"Gesch\u00e4tzte Lesezeit\" \/>\n\t<meta name=\"twitter:data2\" content=\"9\u00a0Minuten\" \/>\n<script type=\"application\/ld+json\" class=\"yoast-schema-graph\">{\"@context\":\"https:\/\/schema.org\",\"@graph\":[{\"@type\":\"WebPage\",\"@id\":\"https:\/\/blogs.donboscovolunteers.de\/tauschealpengegenanden\/2020\/08\/13\/der-16-august\/\",\"url\":\"https:\/\/blogs.donboscovolunteers.de\/tauschealpengegenanden\/2020\/08\/13\/der-16-august\/\",\"name\":\"Der 16. August - Tausche Alpen gegen Anden\",\"isPartOf\":{\"@id\":\"https:\/\/blogs.donboscovolunteers.de\/tauschealpengegenanden\/#website\"},\"primaryImageOfPage\":{\"@id\":\"https:\/\/blogs.donboscovolunteers.de\/tauschealpengegenanden\/2020\/08\/13\/der-16-august\/#primaryimage\"},\"image\":{\"@id\":\"https:\/\/blogs.donboscovolunteers.de\/tauschealpengegenanden\/2020\/08\/13\/der-16-august\/#primaryimage\"},\"thumbnailUrl\":\"https:\/\/blogs.donboscovolunteers.de\/tauschealpengegenanden\/wp-content\/uploads\/sites\/21606\/2020\/08\/20200404_181246-1024x576.jpg\",\"datePublished\":\"2020-08-12T22:00:41+00:00\",\"dateModified\":\"2020-08-13T20:21:06+00:00\",\"author\":{\"@id\":\"https:\/\/blogs.donboscovolunteers.de\/tauschealpengegenanden\/#\/schema\/person\/2084c12d0a5d84b54836ec3445ba65c7\"},\"breadcrumb\":{\"@id\":\"https:\/\/blogs.donboscovolunteers.de\/tauschealpengegenanden\/2020\/08\/13\/der-16-august\/#breadcrumb\"},\"inLanguage\":\"de\",\"potentialAction\":[{\"@type\":\"ReadAction\",\"target\":[\"https:\/\/blogs.donboscovolunteers.de\/tauschealpengegenanden\/2020\/08\/13\/der-16-august\/\"]}]},{\"@type\":\"ImageObject\",\"inLanguage\":\"de\",\"@id\":\"https:\/\/blogs.donboscovolunteers.de\/tauschealpengegenanden\/2020\/08\/13\/der-16-august\/#primaryimage\",\"url\":\"https:\/\/blogs.donboscovolunteers.de\/tauschealpengegenanden\/wp-content\/uploads\/sites\/21606\/2020\/08\/20200404_181246.jpg\",\"contentUrl\":\"https:\/\/blogs.donboscovolunteers.de\/tauschealpengegenanden\/wp-content\/uploads\/sites\/21606\/2020\/08\/20200404_181246.jpg\",\"width\":1280,\"height\":720},{\"@type\":\"BreadcrumbList\",\"@id\":\"https:\/\/blogs.donboscovolunteers.de\/tauschealpengegenanden\/2020\/08\/13\/der-16-august\/#breadcrumb\",\"itemListElement\":[{\"@type\":\"ListItem\",\"position\":1,\"name\":\"Startseite\",\"item\":\"https:\/\/blogs.donboscovolunteers.de\/tauschealpengegenanden\/\"},{\"@type\":\"ListItem\",\"position\":2,\"name\":\"Der 16. August\"}]},{\"@type\":\"WebSite\",\"@id\":\"https:\/\/blogs.donboscovolunteers.de\/tauschealpengegenanden\/#website\",\"url\":\"https:\/\/blogs.donboscovolunteers.de\/tauschealpengegenanden\/\",\"name\":\"Tausche Alpen gegen Anden\",\"description\":\"Martha in Argentinien\",\"potentialAction\":[{\"@type\":\"SearchAction\",\"target\":{\"@type\":\"EntryPoint\",\"urlTemplate\":\"https:\/\/blogs.donboscovolunteers.de\/tauschealpengegenanden\/?s={search_term_string}\"},\"query-input\":{\"@type\":\"PropertyValueSpecification\",\"valueRequired\":true,\"valueName\":\"search_term_string\"}}],\"inLanguage\":\"de\"},{\"@type\":\"Person\",\"@id\":\"https:\/\/blogs.donboscovolunteers.de\/tauschealpengegenanden\/#\/schema\/person\/2084c12d0a5d84b54836ec3445ba65c7\",\"name\":\"Martha Ehrtmann\",\"image\":{\"@type\":\"ImageObject\",\"inLanguage\":\"de\",\"@id\":\"https:\/\/blogs.donboscovolunteers.de\/tauschealpengegenanden\/#\/schema\/person\/image\/\",\"url\":\"https:\/\/secure.gravatar.com\/avatar\/5b2eb6c9d323651c1aab410f84299f8667299b0b9bf982457e03f9d8af8e6182?s=96&d=mm&r=g\",\"contentUrl\":\"https:\/\/secure.gravatar.com\/avatar\/5b2eb6c9d323651c1aab410f84299f8667299b0b9bf982457e03f9d8af8e6182?s=96&d=mm&r=g\",\"caption\":\"Martha Ehrtmann\"},\"description\":\"\u00a1Hola liebe Leser! Ich bin Martha Ehrtmann, 19 Jahre alt und komme aus dem wundersch\u00f6nen Oberbayern. Meine Heimat werde ich jedoch f\u00fcr die kommenden 12 Monate verlassen, denn ab September 2019 absolviere ich meinen Freiwilligendienst in Santiago del Estero (Argentinien). Ich bin schon sehr gespannt und freu mich, meine Eindr\u00fccke und Begegnungen hier mir euch teilen zu k\u00f6nnen!!\",\"url\":\"https:\/\/blogs.donboscovolunteers.de\/tauschealpengegenanden\/author\/martha\/\"}]}<\/script>\n<!-- \/ Yoast SEO plugin. -->","yoast_head_json":{"title":"Der 16. August - Tausche Alpen gegen Anden","robots":{"index":"index","follow":"follow","max-snippet":"max-snippet:-1","max-image-preview":"max-image-preview:large","max-video-preview":"max-video-preview:-1"},"canonical":"https:\/\/blogs.donboscovolunteers.de\/tauschealpengegenanden\/2020\/08\/13\/der-16-august\/","og_locale":"de_DE","og_type":"article","og_title":"Der 16. August - Tausche Alpen gegen Anden","og_description":"In ein paar Tagen w\u00e4re es soweit gewesen. Der 16. August, der Tag des R\u00fcckflugs, w\u00e4re vor der T\u00fcr gestanden. Das tut er zwar immer noch, nur eben ohne die eben erw\u00e4hnte R\u00fcckkehr nach Deutschland. Seit meiner Ankunft ist einiges passiert und ich glaube, dass ich erst jetzt anfange so richtig anzukommen. Vereinte Volont\u00e4re Beim [&hellip;]","og_url":"https:\/\/blogs.donboscovolunteers.de\/tauschealpengegenanden\/2020\/08\/13\/der-16-august\/","og_site_name":"Tausche Alpen gegen Anden","article_published_time":"2020-08-12T22:00:41+00:00","article_modified_time":"2020-08-13T20:21:06+00:00","og_image":[{"url":"https:\/\/blogs.donboscovolunteers.de\/tauschealpengegenanden\/wp-content\/uploads\/sites\/21606\/2020\/08\/20200404_181246-1024x576.jpg","type":"","width":"","height":""}],"author":"Martha Ehrtmann","twitter_card":"summary_large_image","twitter_misc":{"Verfasst von":"Martha Ehrtmann","Gesch\u00e4tzte Lesezeit":"9\u00a0Minuten"},"schema":{"@context":"https:\/\/schema.org","@graph":[{"@type":"WebPage","@id":"https:\/\/blogs.donboscovolunteers.de\/tauschealpengegenanden\/2020\/08\/13\/der-16-august\/","url":"https:\/\/blogs.donboscovolunteers.de\/tauschealpengegenanden\/2020\/08\/13\/der-16-august\/","name":"Der 16. August - Tausche Alpen gegen Anden","isPartOf":{"@id":"https:\/\/blogs.donboscovolunteers.de\/tauschealpengegenanden\/#website"},"primaryImageOfPage":{"@id":"https:\/\/blogs.donboscovolunteers.de\/tauschealpengegenanden\/2020\/08\/13\/der-16-august\/#primaryimage"},"image":{"@id":"https:\/\/blogs.donboscovolunteers.de\/tauschealpengegenanden\/2020\/08\/13\/der-16-august\/#primaryimage"},"thumbnailUrl":"https:\/\/blogs.donboscovolunteers.de\/tauschealpengegenanden\/wp-content\/uploads\/sites\/21606\/2020\/08\/20200404_181246-1024x576.jpg","datePublished":"2020-08-12T22:00:41+00:00","dateModified":"2020-08-13T20:21:06+00:00","author":{"@id":"https:\/\/blogs.donboscovolunteers.de\/tauschealpengegenanden\/#\/schema\/person\/2084c12d0a5d84b54836ec3445ba65c7"},"breadcrumb":{"@id":"https:\/\/blogs.donboscovolunteers.de\/tauschealpengegenanden\/2020\/08\/13\/der-16-august\/#breadcrumb"},"inLanguage":"de","potentialAction":[{"@type":"ReadAction","target":["https:\/\/blogs.donboscovolunteers.de\/tauschealpengegenanden\/2020\/08\/13\/der-16-august\/"]}]},{"@type":"ImageObject","inLanguage":"de","@id":"https:\/\/blogs.donboscovolunteers.de\/tauschealpengegenanden\/2020\/08\/13\/der-16-august\/#primaryimage","url":"https:\/\/blogs.donboscovolunteers.de\/tauschealpengegenanden\/wp-content\/uploads\/sites\/21606\/2020\/08\/20200404_181246.jpg","contentUrl":"https:\/\/blogs.donboscovolunteers.de\/tauschealpengegenanden\/wp-content\/uploads\/sites\/21606\/2020\/08\/20200404_181246.jpg","width":1280,"height":720},{"@type":"BreadcrumbList","@id":"https:\/\/blogs.donboscovolunteers.de\/tauschealpengegenanden\/2020\/08\/13\/der-16-august\/#breadcrumb","itemListElement":[{"@type":"ListItem","position":1,"name":"Startseite","item":"https:\/\/blogs.donboscovolunteers.de\/tauschealpengegenanden\/"},{"@type":"ListItem","position":2,"name":"Der 16. August"}]},{"@type":"WebSite","@id":"https:\/\/blogs.donboscovolunteers.de\/tauschealpengegenanden\/#website","url":"https:\/\/blogs.donboscovolunteers.de\/tauschealpengegenanden\/","name":"Tausche Alpen gegen Anden","description":"Martha in Argentinien","potentialAction":[{"@type":"SearchAction","target":{"@type":"EntryPoint","urlTemplate":"https:\/\/blogs.donboscovolunteers.de\/tauschealpengegenanden\/?s={search_term_string}"},"query-input":{"@type":"PropertyValueSpecification","valueRequired":true,"valueName":"search_term_string"}}],"inLanguage":"de"},{"@type":"Person","@id":"https:\/\/blogs.donboscovolunteers.de\/tauschealpengegenanden\/#\/schema\/person\/2084c12d0a5d84b54836ec3445ba65c7","name":"Martha Ehrtmann","image":{"@type":"ImageObject","inLanguage":"de","@id":"https:\/\/blogs.donboscovolunteers.de\/tauschealpengegenanden\/#\/schema\/person\/image\/","url":"https:\/\/secure.gravatar.com\/avatar\/5b2eb6c9d323651c1aab410f84299f8667299b0b9bf982457e03f9d8af8e6182?s=96&d=mm&r=g","contentUrl":"https:\/\/secure.gravatar.com\/avatar\/5b2eb6c9d323651c1aab410f84299f8667299b0b9bf982457e03f9d8af8e6182?s=96&d=mm&r=g","caption":"Martha Ehrtmann"},"description":"\u00a1Hola liebe Leser! Ich bin Martha Ehrtmann, 19 Jahre alt und komme aus dem wundersch\u00f6nen Oberbayern. Meine Heimat werde ich jedoch f\u00fcr die kommenden 12 Monate verlassen, denn ab September 2019 absolviere ich meinen Freiwilligendienst in Santiago del Estero (Argentinien). Ich bin schon sehr gespannt und freu mich, meine Eindr\u00fccke und Begegnungen hier mir euch teilen zu k\u00f6nnen!!","url":"https:\/\/blogs.donboscovolunteers.de\/tauschealpengegenanden\/author\/martha\/"}]}},"_links":{"self":[{"href":"https:\/\/blogs.donboscovolunteers.de\/tauschealpengegenanden\/wp-json\/wp\/v2\/posts\/342","targetHints":{"allow":["GET"]}}],"collection":[{"href":"https:\/\/blogs.donboscovolunteers.de\/tauschealpengegenanden\/wp-json\/wp\/v2\/posts"}],"about":[{"href":"https:\/\/blogs.donboscovolunteers.de\/tauschealpengegenanden\/wp-json\/wp\/v2\/types\/post"}],"author":[{"embeddable":true,"href":"https:\/\/blogs.donboscovolunteers.de\/tauschealpengegenanden\/wp-json\/wp\/v2\/users\/21667"}],"replies":[{"embeddable":true,"href":"https:\/\/blogs.donboscovolunteers.de\/tauschealpengegenanden\/wp-json\/wp\/v2\/comments?post=342"}],"version-history":[{"count":3,"href":"https:\/\/blogs.donboscovolunteers.de\/tauschealpengegenanden\/wp-json\/wp\/v2\/posts\/342\/revisions"}],"predecessor-version":[{"id":354,"href":"https:\/\/blogs.donboscovolunteers.de\/tauschealpengegenanden\/wp-json\/wp\/v2\/posts\/342\/revisions\/354"}],"wp:attachment":[{"href":"https:\/\/blogs.donboscovolunteers.de\/tauschealpengegenanden\/wp-json\/wp\/v2\/media?parent=342"}],"wp:term":[{"taxonomy":"category","embeddable":true,"href":"https:\/\/blogs.donboscovolunteers.de\/tauschealpengegenanden\/wp-json\/wp\/v2\/categories?post=342"},{"taxonomy":"post_tag","embeddable":true,"href":"https:\/\/blogs.donboscovolunteers.de\/tauschealpengegenanden\/wp-json\/wp\/v2\/tags?post=342"}],"curies":[{"name":"wp","href":"https:\/\/api.w.org\/{rel}","templated":true}]}}