{"id":76,"date":"2023-10-26T18:26:59","date_gmt":"2023-10-26T16:26:59","guid":{"rendered":"https:\/\/blogs.donboscovolunteers.de\/sebbelinargentinien\/?p=76"},"modified":"2023-11-25T04:07:25","modified_gmt":"2023-11-25T03:07:25","slug":"villa-regina-wie-wiescha-regina","status":"publish","type":"post","link":"https:\/\/blogs.donboscovolunteers.de\/sebbelinargentinien\/2023\/10\/26\/villa-regina-wie-wiescha-regina\/","title":{"rendered":"Villa Regina wie [wiescha regina]"},"content":{"rendered":"<p>Nach 16 Stunden Fahrt steige ich aus dem Reisebus. Es ist ein komisches Gef\u00fchl, das man in 13 Stunden \u00fcber den Atlantik und mehrere L\u00e4nder geflogen ist, aber 16 Stunden braucht um in einem Land von A nach B zu kommen.<\/p>\n\n\n\n<div class=\"wp-block-columns is-layout-flex wp-container-core-columns-is-layout-9d6595d7 wp-block-columns-is-layout-flex\">\n<div class=\"wp-block-column is-layout-flow wp-block-column-is-layout-flow\">\n<figure class=\"wp-block-gallery has-nested-images columns-default is-cropped wp-block-gallery-1 is-layout-flex wp-block-gallery-is-layout-flex\">\n<figure class=\"wp-block-image size-large\"><img loading=\"lazy\" decoding=\"async\" width=\"1024\" height=\"768\" data-id=\"92\" src=\"https:\/\/blogs.donboscovolunteers.de\/sebbelinargentinien\/wp-content\/uploads\/sites\/21675\/2023\/10\/73ECF1BC-6F6A-4A33-AC7E-4F203CA0601B-1024x768.jpeg\" alt=\"\" class=\"wp-image-92\" srcset=\"https:\/\/blogs.donboscovolunteers.de\/sebbelinargentinien\/wp-content\/uploads\/sites\/21675\/2023\/10\/73ECF1BC-6F6A-4A33-AC7E-4F203CA0601B-1024x768.jpeg 1024w, https:\/\/blogs.donboscovolunteers.de\/sebbelinargentinien\/wp-content\/uploads\/sites\/21675\/2023\/10\/73ECF1BC-6F6A-4A33-AC7E-4F203CA0601B-300x225.jpeg 300w, https:\/\/blogs.donboscovolunteers.de\/sebbelinargentinien\/wp-content\/uploads\/sites\/21675\/2023\/10\/73ECF1BC-6F6A-4A33-AC7E-4F203CA0601B-768x576.jpeg 768w, https:\/\/blogs.donboscovolunteers.de\/sebbelinargentinien\/wp-content\/uploads\/sites\/21675\/2023\/10\/73ECF1BC-6F6A-4A33-AC7E-4F203CA0601B-900x675.jpeg 900w, https:\/\/blogs.donboscovolunteers.de\/sebbelinargentinien\/wp-content\/uploads\/sites\/21675\/2023\/10\/73ECF1BC-6F6A-4A33-AC7E-4F203CA0601B.jpeg 1280w\" sizes=\"auto, (max-width: 1024px) 100vw, 1024px\" \/><\/figure>\n<\/figure>\n<\/div>\n\n\n\n<div class=\"wp-block-column is-layout-flow wp-block-column-is-layout-flow\">\n<figure class=\"wp-block-gallery has-nested-images columns-default is-cropped wp-block-gallery-2 is-layout-flex wp-block-gallery-is-layout-flex\">\n<figure class=\"wp-block-image size-large\"><img loading=\"lazy\" decoding=\"async\" width=\"1024\" height=\"768\" data-id=\"93\" src=\"https:\/\/blogs.donboscovolunteers.de\/sebbelinargentinien\/wp-content\/uploads\/sites\/21675\/2023\/10\/60BA4B26-42CD-439D-A273-65AD7F6AE77B-1024x768.png\" alt=\"\" class=\"wp-image-93\" srcset=\"https:\/\/blogs.donboscovolunteers.de\/sebbelinargentinien\/wp-content\/uploads\/sites\/21675\/2023\/10\/60BA4B26-42CD-439D-A273-65AD7F6AE77B-1024x768.png 1024w, https:\/\/blogs.donboscovolunteers.de\/sebbelinargentinien\/wp-content\/uploads\/sites\/21675\/2023\/10\/60BA4B26-42CD-439D-A273-65AD7F6AE77B-300x225.png 300w, https:\/\/blogs.donboscovolunteers.de\/sebbelinargentinien\/wp-content\/uploads\/sites\/21675\/2023\/10\/60BA4B26-42CD-439D-A273-65AD7F6AE77B-768x576.png 768w, https:\/\/blogs.donboscovolunteers.de\/sebbelinargentinien\/wp-content\/uploads\/sites\/21675\/2023\/10\/60BA4B26-42CD-439D-A273-65AD7F6AE77B-900x675.png 900w, https:\/\/blogs.donboscovolunteers.de\/sebbelinargentinien\/wp-content\/uploads\/sites\/21675\/2023\/10\/60BA4B26-42CD-439D-A273-65AD7F6AE77B.png 1280w\" sizes=\"auto, (max-width: 1024px) 100vw, 1024px\" \/><\/figure>\n<\/figure>\n<\/div>\n<\/div>\n\n\n\n<p><strong>Von Buenos Aires nach Villa Regina<\/strong><\/p>\n\n\n\n<p>Die Fahrt war zwar interessant, weil hier alles ein neues Erlebnis ist, aber auch nicht \u00fcberaus beeindruckend. Da wir gegen 22 Uhr des 26.09. losgefahren sind habe ich die H\u00e4lfte der Fahrt ohnehin geschlafen. Den restlichen Teil habe ich damit verbracht ein wenig die Umgebung zu beobachten. Den Gro\u00dfteil der Fahrt gab es da aber gar nicht so viel zu sehen. Oft sind wir auf einer unendlich scheinenden Stra\u00dfe entlanggefahren. Der ebenerdige Horizont flackerte, die Vegetation war von trockenem Gras sowie B\u00fcschen definiert und ab und zu kommt man an einem zur\u00fcckgelassenen Grundst\u00fcck vorbei. <br><br>Was die \u00f6ffentliche Verkehrslage in Argentinien angeht scheint gr\u00f6\u00dftenteils der Bus in Frage zu kommen. Das bemerke ich bereits in Buenos Aires. Der Busbahnhof in der Hauptstadt erinnert viel mehr an einen kleinen Flughafen, in welchem sicherlich knapp hundert Bushaltestellen ihren Platz haben. Auch jede Stadt an der wir vorbeifahren hat einen kleinen Bus Terminal. Z\u00fcge und Bahngleise sieht man dagegen fast keine, was aber nicht hei\u00dft, dass es diese nie gab. Recht oft sehe ich verwachsene und noch nicht demontierte Gleisabschnitte. Ein Salesianer in Buenos Aires hat mir zudem gesagt, dass Z\u00fcge nur vereinzelt f\u00fcr G\u00fcter, aber nicht f\u00fcr Personentransport verwendet werden.<\/p>\n\n\n\n<p><strong>Die ersten Tage in Villa Regina<\/strong><\/p>\n\n\n\n<p>Gegen 15 Uhr am 27.09. kommen wir am Busbahnhof in Villa Regina an. Zun\u00e4chst begeben wir uns, keine hundert Meter entfernt, zu dem Haus in welchem die, in Villa Regina t\u00e4tigen, Padres wohnen. Hier empf\u00e4ngt uns Padre Daniel und wir k\u00f6nnen etwas zu Mittag essen. Insgesamt sind vier Padres &#8211; Padre Daniel, Padre Dydu, Padre \u00c1ngel und Padre Sabino &#8211; dauerhaft in Villa Regina t\u00e4tig. Unterst\u00fctzt werden sie von unz\u00e4hligen DonBosco Mitarbeitern und Mitarbeiterinnen in der ganzen Stadt.<\/p>\n\n\n\n<p>Anschlie\u00dfend begleitet uns Padre Daniel zu unserer Unterkunft f\u00fcr das zuk\u00fcnftige Jahr. Wir haben eine kleine Wohnung im ersten Obergeschoss einer Grundschule mit einem Bad, einer K\u00fcche und einem Schlafzimmer. Im Laufe der ersten Wochen werden wir bemerken, dass die K\u00fcche nicht jeden Tag existenziell f\u00fcr uns ist, da wir Mittag und Abendessen mit den Kindern und Jugendlichen verbringen. <\/p>\n\n\n\n<p>Padre Daniel hilft uns in den ersten Tagen unterwandertem dabei die Wohnung ein wenig einzurichten, viel muss aber nicht mehr gemacht werden. Au\u00dferdem zeigt uns Padre Daniel die Stadt und besonders die vielen Einrichtungen und Schulen welche zu DonBosco geh\u00f6ren. In einem Vorbereitungsseminar in Deutschland wird Villa Regina als eine Art &#8218;DonBosco-Dorf&#8216; bezeichnet und ein wenig kann ich es nachvollziehen. Insgesamt gibt es in Villa Regina ungef\u00e4hr 2900 Kinder und Jugendliche, welche in einem Kindergarten, einer Primar- oder Sekundarschule von DonBosco sind. Diese Einrichtungen sind in ganz Villa Regina verteilt.<\/p>\n\n\n\n<p>Den Rest der Woche hei\u00dft es ankommen. Wir spielen bereits ein wenig mit den Kinder und Jugendlichen. Schauen uns ein wenig in der Stadt um, lernen unsere Einkaufsm\u00f6glichkeiten kenne, aber mehr auch nicht.<\/p>\n\n\n\n<figure class=\"wp-block-gallery has-nested-images columns-default is-cropped wp-block-gallery-3 is-layout-flex wp-block-gallery-is-layout-flex\">\n<figure class=\"wp-block-image size-large\"><img loading=\"lazy\" decoding=\"async\" width=\"1024\" height=\"935\" data-id=\"91\" src=\"https:\/\/blogs.donboscovolunteers.de\/sebbelinargentinien\/wp-content\/uploads\/sites\/21675\/2023\/10\/BC04FE6B-4CA8-4DFD-98E7-51BCEC0AFBA2-1024x935.jpeg\" alt=\"\" class=\"wp-image-91\" srcset=\"https:\/\/blogs.donboscovolunteers.de\/sebbelinargentinien\/wp-content\/uploads\/sites\/21675\/2023\/10\/BC04FE6B-4CA8-4DFD-98E7-51BCEC0AFBA2-1024x935.jpeg 1024w, https:\/\/blogs.donboscovolunteers.de\/sebbelinargentinien\/wp-content\/uploads\/sites\/21675\/2023\/10\/BC04FE6B-4CA8-4DFD-98E7-51BCEC0AFBA2-300x274.jpeg 300w, https:\/\/blogs.donboscovolunteers.de\/sebbelinargentinien\/wp-content\/uploads\/sites\/21675\/2023\/10\/BC04FE6B-4CA8-4DFD-98E7-51BCEC0AFBA2-768x702.jpeg 768w, https:\/\/blogs.donboscovolunteers.de\/sebbelinargentinien\/wp-content\/uploads\/sites\/21675\/2023\/10\/BC04FE6B-4CA8-4DFD-98E7-51BCEC0AFBA2-900x822.jpeg 900w, https:\/\/blogs.donboscovolunteers.de\/sebbelinargentinien\/wp-content\/uploads\/sites\/21675\/2023\/10\/BC04FE6B-4CA8-4DFD-98E7-51BCEC0AFBA2.jpeg 1272w\" sizes=\"auto, (max-width: 1024px) 100vw, 1024px\" \/><figcaption class=\"wp-element-caption\">Die mir bekannten Orte (rot umkreist) in denen sich, oft mehrere, DonBosco Einrichtungen befinden.<\/figcaption><\/figure>\n<\/figure>\n\n\n\n<p><strong>Ein Wochentag<\/strong> <strong>mit mir<\/strong><\/p>\n\n\n\n<p>Am 02.10. lerne ich das erste Mal kenne, wie meine Tage hier ablaufen werden. Diese Woche werde ich alleine bei den Kindern und Erzieherinnen sein, da Bruno wegen Grippe ausf\u00e4llt. Gegen 9 Uhr mache ich mich auf zum &#8218;Hogar Ni\u00f1o Jes\u00fas&#8216;. Dabei handelt es sich um ein Haus in welchem Jungen vom 6-12 Jahren wohnen. Einige der Jungen sind hier die ganze Woche, andere verbringen das Wochenende bei der Familie und wieder andere verbringen nur von morgens bis Nachmittags im &#8218;Hogar&#8216;. Laut \u00dcbersetzer bedeutet &#8218;Hogar Ni\u00f1o Jes\u00fas&#8216; so viel wie \u201eJesuskind-Heim\u201c.<\/p>\n\n\n\n<p>Der Gro\u00dfteil der Kinder ist morgens bereits in der Schule. Nur die J\u00fcngsten (insgesamt sieben Jungs) sind da und trinken morgens, wenn ich ankomme, Tee und essen ein wenig Brot. Neben dem Essen l\u00e4uft oft der Fernseher. In der ersten Woche merke ich, dass das zwar einerseits recht gut ist, damit es unter den Jungs keinen Streit gibt, andererseits ist es oft eine so gro\u00dfe Ablenkung, sodass nichts gegessen wird &#8211; naja, man kann sich nur eins aussuchen und Streitigkeiten haben die Kindern untereinander genug.<\/p>\n\n\n\n<p>Nach dem kleinen Fr\u00fchst\u00fcck erledigen die Kinder in einem separaten Raum Schulaufgaben. Ich versuche mich jeden Tag zu einem anderen Jungen zu setzten und so gut wie m\u00f6glich zu helfen. Die Aufgaben gehen von Buchstaben lernen zu schriftlichem Rechnen, Bilder beschreiben und malen. Auch f\u00fcr mich ist es ein wenig hilfreich um Buchstaben, Zahlen und neue W\u00f6rter zu lernen oder einzupr\u00e4gen. Nachdem die Aufgaben erledigt wurden, k\u00f6nnen die Kinder spielen gehen. Gemeinsam spielen wir Fu\u00dfball und Fangen, die Jungen klettern auf B\u00e4umen herum oder wollen an den Armen durch die Luft geschleudert werden. Gegen 12 Uhr gibt es schlie\u00dflich Mittag. Die j\u00fcngeren Kinder gehen nach dem Mittag in die Schule, w\u00e4hrend die \u00e4lteren Jungs gegen 12 Uhr von der Schule kommen.<\/p>\n\n\n\n<p>Von 13-16 Uhr habe ich Freizeit und gehe oft in unsere Wohnung. Um diese Zeit ist auch &#8217;siesta&#8216; und die meisten Gesch\u00e4fte in der Stadt haben geschlossen &#8211; allgemein ist nicht viel los und der Gro\u00dfteil der Menschen scheint sich auszuruhen. Ich lerne teilweisen ein wenig Spanisch, h\u00f6re Musik, schaue oder lese etwas. Die Zeit eignet sich au\u00dferdem sehr gut dazu, um mit Familie oder Freunden in Deutschland zu schreiben oder zu telefonieren da sie f\u00fcnf Stunden voraus sind. <\/p>\n\n\n\n<p>Gegen 16 Uhr erwacht die Stadt wieder ein wenig aus der &#8217;siesta&#8216;. F\u00fcr mich geht es jetzt zu den &#8218;talleres&#8216; (Doppel-L wird im argentinischen Spanisch wie &#8218;SCH&#8216; ausgesprochen &#8211; in allen anderen spanischsprachigen L\u00e4ndern, soweit ich wei\u00df, wie ein &#8218;J&#8216; &#8211; f\u00fcr mich also [tascheres]). Dabei handelt es sich um Werkst\u00e4tten. Kinder von 10-14 Jahren sind f\u00fcr knapp zwei Stunden t\u00e4glich in einer B\u00e4ckerei, Tischlerei, kochen, machen Sport oder haben Kunstunterricht. Ich mache in der B\u00e4ckerei mit, in welcher je nach Tag bis zu 11 Kinder und der B\u00e4cker sind. <br>Die B\u00e4ckerei ist sehr gut ausgestattet, mit einem sehr gro\u00dfen Ofen, einer gro\u00dfen Knetmaschine und weiteren Backmaschinen, dessen Aufgabe ich nicht kenne. Wir nutzen aber nur den Ofen und die Waage, geknetet wird mit der Hand. Es macht mir bereits am ersten Tag sehr viel Spa\u00df und motiviert mich dazu auch au\u00dferhalb der B\u00e4ckerei ein wenig zu backen. In der B\u00e4ckerei lerne ich Rezepte f\u00fcr Milchbr\u00f6tchen, normale Br\u00f6tchen, Ciabatta und einiges weitere kennen. Zudem erfahre ich immer mehr dar\u00fcber, wie man mit den verschiedensten Teigen umgeht. <br>18 Uhr ist das Ende der &#8218;talleres&#8216;. Die B\u00e4ckerei verkauft jetzt teilweise Gebackenes an Eltern, die ihre Kinder vom Nachmittagsunterricht abholen (Sch\u00fcler und Sch\u00fclerinnen haben entweder von ca. 8-13 Uhr oder 14-18 Uhr Unterricht). <\/p>\n\n\n\n<p>Jetzt begebe ich mich in die &#8218;casita&#8216; in welcher Jungs zwischen 13-18 Jahren wohnen. Auch hier wohnen einige Jugendliche die ganze Woche und andere nur unter den Wochentagen um n\u00e4her an der Sekundarschule (hier: &#8218;escuela secundaria&#8216; oder &#8218;escuela secundaria t\u00e9cnica&#8216;) zu sein. Im Umfeld der etwas \u00e4lteren Jungs kommt es ehr einmal zu Gespr\u00e4chen. Da die Jungs meistens Freizeit haben nehmen sie sich \u00f6fters die Zeit f\u00fcr noch etwas unsichere und stockende Gespr\u00e4che auf Spanisch. Gemeinsam spielen wir viel Tischtennis, Fu\u00dfball, Basketball oder schauen Fu\u00dfballspiele. Mir wird gesagt, dass nur die Fans der Heimmannschaft Vorort bei einem Fu\u00dfballspiel zuschauen d\u00fcrfen, da es sonst schnell zu gef\u00e4hrlichen Situationen unter den unterschiedlichen Fans kommen k\u00f6nnte. <br>Gegen 21 Uhr gibt es schlie\u00dflich Abendessen. Ich finde das Essen allgemein sehr lecker. Eine K\u00fcche im &#8218;Hogar Ni\u00f1o Jes\u00fas&#8216; versorgt alle Kinder und Jugendlichen. Es gibt abwechselnd Reis, Nudeln, Linsensuppe, eine Art Maisbrei (\u201eBrei\u201c l\u00e4sst vieles sehr unappetitlich her\u00fcberkommen, aber es ist wirklich sehr lecker), Kartoffeln, unterschiedliche So\u00dfen und H\u00fchnchen. Nach dem Essen unterhalten wir uns teilweise noch ein wenig bevor ich in unsere Wohnung gehe. <\/p>\n\n\n\n<p><strong>Das Wochenende (bei den Padres &#8211; mit reichlich Essen)<\/strong><\/p>\n\n\n\n<p>Unsere Wochenenden gestalten sich bisher sehr entspannt. Ich schlafe oft ein wenig l\u00e4nger und verbringe meine Vormittage unterschiedlich. Um 13 Uhr sind wir sowohl Samstags als auch Sonntags bei den Padres zum Mittag eingeladen. K\u00f6chin Yanina (welche f\u00fcr die Padres Montag-Samstag kocht) und Padre Daniel (welcher Sonntags kocht) sind herausragend im kochen. Padre Sabino stellt uns immer wieder neues Essen vor die Nase, und das Kosten lohnt sich : ) Sonntags gehe ich zudem ab und zu um 11 Uhr in die Kirche. Die Messe wird von Padre Dydu gehalten. Den restlichen Tagesablauf am Wochenende plane ich nicht wirklich. Ich laufe durch die Stadt, esse Eis, welches nicht nur in Buenos Aires lecker ist, kaufe Kleinigkeiten ein und entspanne. <\/p>\n\n\n\n<p>Meine Samstage werden sich aber in der n\u00e4chsten Zeit wom\u00f6glich \u00e4ndern, da uns Padre \u00c1ngel angeboten hat mit ihm die Samstage in der &#8218;Chacra&#8216; zu verbringen. Viel wei\u00df ich noch nicht dar\u00fcber, aber es scheint sich um eine Art Hof zu handeln, auf welchem Personen mit vergangenen und aktuellen Suchtproblemen Zeit verbringen &#8211; Gartenarbeit machen und sich handwerklich bet\u00e4tigen. Mehr dazu dann in einem zuk\u00fcnftigen Blog.<\/p>\n\n\n\n<p><strong>Eine Woche in der Wohnung verbringen <\/strong><\/p>\n\n\n\n<p>Vom 09.10. bis 16.10. bin ich mit Grippe in unserer Wohnung. Daf\u00fcr geht es Bruno besser uns er kann in seine ersten Wochentage starten. Es soll nicht untypisch sein, dass die Volunt\u00e4re nach der Ankunft erst einmal krank werden, also mache ich mir nicht viel daraus. Ich schaue in der Zeit viele Filme auf Spanisch (und nat\u00fcrlich mit spanischen Untertiteln). Ich verstehe auf jeden Fall mehr als ich dachte, es bleibt durch Filme und Serien nur nicht so gut im Kopf &#8211; aber besser als nix. <\/p>\n\n\n\n<p>Die folgende zwei Wochen (17.10.-27.10.) ist alles wie gewohnt. Wir verbringen sehr viel Zeit mit den Kindern. Die Energie von ihnen ist kaum auszusch\u00f6pfen, bis sie am Tisch zum Abendessen sitzen und fast auf der Tischplatte einschlafen. <\/p>\n\n\n\n<figure class=\"wp-block-gallery has-nested-images columns-default is-cropped wp-block-gallery-4 is-layout-flex wp-block-gallery-is-layout-flex\">\n<figure class=\"wp-block-image size-large\"><img loading=\"lazy\" decoding=\"async\" width=\"1024\" height=\"768\" data-id=\"105\" src=\"https:\/\/blogs.donboscovolunteers.de\/sebbelinargentinien\/wp-content\/uploads\/sites\/21675\/2023\/10\/01BF5FF7-394D-48E1-AB20-1560BE0F0663-1024x768.jpeg\" alt=\"\" class=\"wp-image-105\" srcset=\"https:\/\/blogs.donboscovolunteers.de\/sebbelinargentinien\/wp-content\/uploads\/sites\/21675\/2023\/10\/01BF5FF7-394D-48E1-AB20-1560BE0F0663-1024x768.jpeg 1024w, https:\/\/blogs.donboscovolunteers.de\/sebbelinargentinien\/wp-content\/uploads\/sites\/21675\/2023\/10\/01BF5FF7-394D-48E1-AB20-1560BE0F0663-300x225.jpeg 300w, https:\/\/blogs.donboscovolunteers.de\/sebbelinargentinien\/wp-content\/uploads\/sites\/21675\/2023\/10\/01BF5FF7-394D-48E1-AB20-1560BE0F0663-768x576.jpeg 768w, https:\/\/blogs.donboscovolunteers.de\/sebbelinargentinien\/wp-content\/uploads\/sites\/21675\/2023\/10\/01BF5FF7-394D-48E1-AB20-1560BE0F0663-900x675.jpeg 900w, https:\/\/blogs.donboscovolunteers.de\/sebbelinargentinien\/wp-content\/uploads\/sites\/21675\/2023\/10\/01BF5FF7-394D-48E1-AB20-1560BE0F0663.jpeg 1280w\" sizes=\"auto, (max-width: 1024px) 100vw, 1024px\" \/><figcaption class=\"wp-element-caption\">Blick \u00fcber einen Teil Villa Reginas | Villa Regina liegt mit dem R\u00edo Negro in einem Tal. Die Fotos sind von einer Felskette aus gemacht, die sich um das Tal zieht.<\/figcaption><\/figure>\n<\/figure>\n\n\n\n<div class=\"wp-block-columns is-layout-flex wp-container-core-columns-is-layout-9d6595d7 wp-block-columns-is-layout-flex\">\n<div class=\"wp-block-column is-layout-flow wp-block-column-is-layout-flow\">\n<figure class=\"wp-block-gallery has-nested-images columns-default is-cropped wp-block-gallery-5 is-layout-flex wp-block-gallery-is-layout-flex\">\n<figure class=\"wp-block-image size-large\"><img loading=\"lazy\" decoding=\"async\" width=\"768\" height=\"1024\" data-id=\"115\" src=\"https:\/\/blogs.donboscovolunteers.de\/sebbelinargentinien\/wp-content\/uploads\/sites\/21675\/2023\/10\/9532D687-BD64-4DA7-B2C2-24A88F6050DB-768x1024.jpeg\" alt=\"\" class=\"wp-image-115\" srcset=\"https:\/\/blogs.donboscovolunteers.de\/sebbelinargentinien\/wp-content\/uploads\/sites\/21675\/2023\/10\/9532D687-BD64-4DA7-B2C2-24A88F6050DB-768x1024.jpeg 768w, https:\/\/blogs.donboscovolunteers.de\/sebbelinargentinien\/wp-content\/uploads\/sites\/21675\/2023\/10\/9532D687-BD64-4DA7-B2C2-24A88F6050DB-225x300.jpeg 225w, https:\/\/blogs.donboscovolunteers.de\/sebbelinargentinien\/wp-content\/uploads\/sites\/21675\/2023\/10\/9532D687-BD64-4DA7-B2C2-24A88F6050DB-900x1200.jpeg 900w, https:\/\/blogs.donboscovolunteers.de\/sebbelinargentinien\/wp-content\/uploads\/sites\/21675\/2023\/10\/9532D687-BD64-4DA7-B2C2-24A88F6050DB.jpeg 960w\" sizes=\"auto, (max-width: 768px) 100vw, 768px\" \/><\/figure>\n<\/figure>\n<\/div>\n\n\n\n<div class=\"wp-block-column is-layout-flow wp-block-column-is-layout-flow\">\n<figure class=\"wp-block-gallery has-nested-images columns-default is-cropped wp-block-gallery-6 is-layout-flex wp-block-gallery-is-layout-flex\">\n<figure class=\"wp-block-image size-large\"><img loading=\"lazy\" decoding=\"async\" width=\"1024\" height=\"768\" data-id=\"116\" src=\"https:\/\/blogs.donboscovolunteers.de\/sebbelinargentinien\/wp-content\/uploads\/sites\/21675\/2023\/10\/915D3996-E993-42D5-832D-1F4F8645C142-1024x768.jpeg\" alt=\"\" class=\"wp-image-116\" srcset=\"https:\/\/blogs.donboscovolunteers.de\/sebbelinargentinien\/wp-content\/uploads\/sites\/21675\/2023\/10\/915D3996-E993-42D5-832D-1F4F8645C142-1024x768.jpeg 1024w, https:\/\/blogs.donboscovolunteers.de\/sebbelinargentinien\/wp-content\/uploads\/sites\/21675\/2023\/10\/915D3996-E993-42D5-832D-1F4F8645C142-300x225.jpeg 300w, https:\/\/blogs.donboscovolunteers.de\/sebbelinargentinien\/wp-content\/uploads\/sites\/21675\/2023\/10\/915D3996-E993-42D5-832D-1F4F8645C142-768x576.jpeg 768w, https:\/\/blogs.donboscovolunteers.de\/sebbelinargentinien\/wp-content\/uploads\/sites\/21675\/2023\/10\/915D3996-E993-42D5-832D-1F4F8645C142-900x675.jpeg 900w, https:\/\/blogs.donboscovolunteers.de\/sebbelinargentinien\/wp-content\/uploads\/sites\/21675\/2023\/10\/915D3996-E993-42D5-832D-1F4F8645C142.jpeg 1280w\" sizes=\"auto, (max-width: 1024px) 100vw, 1024px\" \/><\/figure>\n<\/figure>\n<\/div>\n<\/div>\n\n\n\n<div class=\"wp-block-columns is-layout-flex wp-container-core-columns-is-layout-9d6595d7 wp-block-columns-is-layout-flex\">\n<div class=\"wp-block-column is-layout-flow wp-block-column-is-layout-flow\">\n<figure class=\"wp-block-gallery has-nested-images columns-default is-cropped wp-block-gallery-7 is-layout-flex wp-block-gallery-is-layout-flex\">\n<figure class=\"wp-block-image size-large\"><img loading=\"lazy\" decoding=\"async\" width=\"1024\" height=\"768\" data-id=\"114\" src=\"https:\/\/blogs.donboscovolunteers.de\/sebbelinargentinien\/wp-content\/uploads\/sites\/21675\/2023\/10\/3039E14D-4640-46D3-9615-274C6743076F-1024x768.jpeg\" alt=\"\" class=\"wp-image-114\" srcset=\"https:\/\/blogs.donboscovolunteers.de\/sebbelinargentinien\/wp-content\/uploads\/sites\/21675\/2023\/10\/3039E14D-4640-46D3-9615-274C6743076F-1024x768.jpeg 1024w, https:\/\/blogs.donboscovolunteers.de\/sebbelinargentinien\/wp-content\/uploads\/sites\/21675\/2023\/10\/3039E14D-4640-46D3-9615-274C6743076F-300x225.jpeg 300w, https:\/\/blogs.donboscovolunteers.de\/sebbelinargentinien\/wp-content\/uploads\/sites\/21675\/2023\/10\/3039E14D-4640-46D3-9615-274C6743076F-768x576.jpeg 768w, https:\/\/blogs.donboscovolunteers.de\/sebbelinargentinien\/wp-content\/uploads\/sites\/21675\/2023\/10\/3039E14D-4640-46D3-9615-274C6743076F-900x675.jpeg 900w, https:\/\/blogs.donboscovolunteers.de\/sebbelinargentinien\/wp-content\/uploads\/sites\/21675\/2023\/10\/3039E14D-4640-46D3-9615-274C6743076F.jpeg 1280w\" sizes=\"auto, (max-width: 1024px) 100vw, 1024px\" \/><\/figure>\n<\/figure>\n<\/div>\n\n\n\n<div class=\"wp-block-column is-layout-flow wp-block-column-is-layout-flow\">\n<figure class=\"wp-block-gallery has-nested-images columns-default is-cropped wp-block-gallery-8 is-layout-flex wp-block-gallery-is-layout-flex\">\n<figure class=\"wp-block-image size-large\"><img loading=\"lazy\" decoding=\"async\" width=\"768\" height=\"1024\" data-id=\"107\" src=\"https:\/\/blogs.donboscovolunteers.de\/sebbelinargentinien\/wp-content\/uploads\/sites\/21675\/2023\/10\/BD4C8C8A-0D06-4A76-A538-50F4367F3B9C-768x1024.jpeg\" alt=\"\" class=\"wp-image-107\" srcset=\"https:\/\/blogs.donboscovolunteers.de\/sebbelinargentinien\/wp-content\/uploads\/sites\/21675\/2023\/10\/BD4C8C8A-0D06-4A76-A538-50F4367F3B9C-768x1024.jpeg 768w, https:\/\/blogs.donboscovolunteers.de\/sebbelinargentinien\/wp-content\/uploads\/sites\/21675\/2023\/10\/BD4C8C8A-0D06-4A76-A538-50F4367F3B9C-225x300.jpeg 225w, https:\/\/blogs.donboscovolunteers.de\/sebbelinargentinien\/wp-content\/uploads\/sites\/21675\/2023\/10\/BD4C8C8A-0D06-4A76-A538-50F4367F3B9C-900x1200.jpeg 900w, https:\/\/blogs.donboscovolunteers.de\/sebbelinargentinien\/wp-content\/uploads\/sites\/21675\/2023\/10\/BD4C8C8A-0D06-4A76-A538-50F4367F3B9C.jpeg 960w\" sizes=\"auto, (max-width: 768px) 100vw, 768px\" \/><\/figure>\n<\/figure>\n<\/div>\n<\/div>\n\n\n\n<div class=\"wp-block-columns is-layout-flex wp-container-core-columns-is-layout-9d6595d7 wp-block-columns-is-layout-flex\">\n<div class=\"wp-block-column is-layout-flow wp-block-column-is-layout-flow\">\n<figure class=\"wp-block-gallery has-nested-images columns-default is-cropped wp-block-gallery-9 is-layout-flex wp-block-gallery-is-layout-flex\">\n<figure class=\"wp-block-image size-large\"><img loading=\"lazy\" decoding=\"async\" width=\"768\" height=\"1024\" data-id=\"113\" src=\"https:\/\/blogs.donboscovolunteers.de\/sebbelinargentinien\/wp-content\/uploads\/sites\/21675\/2023\/10\/05293EDD-C280-4099-8A89-5F09FF5CD6E5-768x1024.jpeg\" alt=\"\" class=\"wp-image-113\" srcset=\"https:\/\/blogs.donboscovolunteers.de\/sebbelinargentinien\/wp-content\/uploads\/sites\/21675\/2023\/10\/05293EDD-C280-4099-8A89-5F09FF5CD6E5-768x1024.jpeg 768w, https:\/\/blogs.donboscovolunteers.de\/sebbelinargentinien\/wp-content\/uploads\/sites\/21675\/2023\/10\/05293EDD-C280-4099-8A89-5F09FF5CD6E5-225x300.jpeg 225w, https:\/\/blogs.donboscovolunteers.de\/sebbelinargentinien\/wp-content\/uploads\/sites\/21675\/2023\/10\/05293EDD-C280-4099-8A89-5F09FF5CD6E5-900x1200.jpeg 900w, https:\/\/blogs.donboscovolunteers.de\/sebbelinargentinien\/wp-content\/uploads\/sites\/21675\/2023\/10\/05293EDD-C280-4099-8A89-5F09FF5CD6E5.jpeg 960w\" sizes=\"auto, (max-width: 768px) 100vw, 768px\" \/><figcaption class=\"wp-element-caption\">Das Wort Comahue ist Mapuche-Ursprung und bedeutet &#8222;Ort des \u00dcberflusses&#8220; oder &#8222;wo das Wasser weh tut&#8220;, was sich auf das Tal bezieht.<\/figcaption><\/figure>\n<\/figure>\n<\/div>\n<\/div>\n\n\n\n<figure class=\"wp-block-gallery has-nested-images columns-default is-cropped wp-block-gallery-10 is-layout-flex wp-block-gallery-is-layout-flex\">\n<figure class=\"wp-block-image size-large\"><img loading=\"lazy\" decoding=\"async\" width=\"1024\" height=\"768\" data-id=\"112\" src=\"https:\/\/blogs.donboscovolunteers.de\/sebbelinargentinien\/wp-content\/uploads\/sites\/21675\/2023\/10\/DCAC906D-8CFD-442F-A2A1-D47BC1E01229-1024x768.jpeg\" alt=\"\" class=\"wp-image-112\" srcset=\"https:\/\/blogs.donboscovolunteers.de\/sebbelinargentinien\/wp-content\/uploads\/sites\/21675\/2023\/10\/DCAC906D-8CFD-442F-A2A1-D47BC1E01229-1024x768.jpeg 1024w, https:\/\/blogs.donboscovolunteers.de\/sebbelinargentinien\/wp-content\/uploads\/sites\/21675\/2023\/10\/DCAC906D-8CFD-442F-A2A1-D47BC1E01229-300x225.jpeg 300w, https:\/\/blogs.donboscovolunteers.de\/sebbelinargentinien\/wp-content\/uploads\/sites\/21675\/2023\/10\/DCAC906D-8CFD-442F-A2A1-D47BC1E01229-768x576.jpeg 768w, https:\/\/blogs.donboscovolunteers.de\/sebbelinargentinien\/wp-content\/uploads\/sites\/21675\/2023\/10\/DCAC906D-8CFD-442F-A2A1-D47BC1E01229-900x675.jpeg 900w, https:\/\/blogs.donboscovolunteers.de\/sebbelinargentinien\/wp-content\/uploads\/sites\/21675\/2023\/10\/DCAC906D-8CFD-442F-A2A1-D47BC1E01229.jpeg 1280w\" sizes=\"auto, (max-width: 1024px) 100vw, 1024px\" \/><\/figure>\n<\/figure>\n\n\n\n<p><strong>\u00a1Nos vemos! &#8211; Wir sehen uns! <\/strong><br>Das war es auch schon mit diesem Blogeintrag. Ich hoffe es hat euch gefallen und ich freue mich schon euch Neues beim n\u00e4chsten mal zu erz\u00e4hlen.<\/p>\n\n\n\n<p>Wenn ihr Fragen habt k\u00f6nnt ihr sie gerne in den Kommentaren stellen, meines Wissens nach kann ich dann auf diese antworten ; )<\/p>\n\n\n\n<p>Liebe Gr\u00fc\u00dfe, Sebastian ^^<\/p>\n\n\n\n<figure class=\"wp-block-image size-large is-resized\"><img loading=\"lazy\" decoding=\"async\" width=\"1024\" height=\"768\" src=\"https:\/\/blogs.donboscovolunteers.de\/sebbelinargentinien\/wp-content\/uploads\/sites\/21675\/2023\/10\/C21EA0D1-2907-43C6-9EC6-A5C3AF187DC0-1024x768.jpeg\" alt=\"\" class=\"wp-image-106\" style=\"aspect-ratio:1.3333333333333333;width:237px;height:auto\" srcset=\"https:\/\/blogs.donboscovolunteers.de\/sebbelinargentinien\/wp-content\/uploads\/sites\/21675\/2023\/10\/C21EA0D1-2907-43C6-9EC6-A5C3AF187DC0-1024x768.jpeg 1024w, https:\/\/blogs.donboscovolunteers.de\/sebbelinargentinien\/wp-content\/uploads\/sites\/21675\/2023\/10\/C21EA0D1-2907-43C6-9EC6-A5C3AF187DC0-300x225.jpeg 300w, https:\/\/blogs.donboscovolunteers.de\/sebbelinargentinien\/wp-content\/uploads\/sites\/21675\/2023\/10\/C21EA0D1-2907-43C6-9EC6-A5C3AF187DC0-768x576.jpeg 768w, https:\/\/blogs.donboscovolunteers.de\/sebbelinargentinien\/wp-content\/uploads\/sites\/21675\/2023\/10\/C21EA0D1-2907-43C6-9EC6-A5C3AF187DC0-900x675.jpeg 900w, https:\/\/blogs.donboscovolunteers.de\/sebbelinargentinien\/wp-content\/uploads\/sites\/21675\/2023\/10\/C21EA0D1-2907-43C6-9EC6-A5C3AF187DC0.jpeg 1280w\" sizes=\"auto, (max-width: 1024px) 100vw, 1024px\" \/><\/figure>","protected":false},"excerpt":{"rendered":"<p>Nach 16 Stunden Fahrt steige ich aus dem Reisebus. Es ist ein komisches Gef\u00fchl, das man in 13 Stunden \u00fcber den Atlantik und mehrere L\u00e4nder geflogen ist, aber 16 Stunden braucht um in einem Land von A nach B zu kommen. Von Buenos Aires nach Villa Regina Die Fahrt war zwar interessant, weil hier alles [&hellip;]<\/p>\n","protected":false},"author":21773,"featured_media":0,"comment_status":"open","ping_status":"open","sticky":false,"template":"","format":"standard","meta":{"footnotes":""},"categories":[1],"tags":[],"class_list":["post-76","post","type-post","status-publish","format-standard","hentry","category-allgemein"],"yoast_head":"<!-- This site is optimized with the Yoast SEO plugin v25.3.1 - https:\/\/yoast.com\/wordpress\/plugins\/seo\/ -->\n<title>Villa Regina wie [wiescha regina] - Als Volo in Argentinien<\/title>\n<meta name=\"robots\" content=\"index, follow, max-snippet:-1, max-image-preview:large, max-video-preview:-1\" \/>\n<link rel=\"canonical\" href=\"https:\/\/blogs.donboscovolunteers.de\/sebbelinargentinien\/2023\/10\/26\/villa-regina-wie-wiescha-regina\/\" \/>\n<meta property=\"og:locale\" content=\"de_DE\" \/>\n<meta property=\"og:type\" content=\"article\" \/>\n<meta property=\"og:title\" content=\"Villa Regina wie [wiescha regina] - Als Volo in Argentinien\" \/>\n<meta property=\"og:description\" content=\"Nach 16 Stunden Fahrt steige ich aus dem Reisebus. Es ist ein komisches Gef\u00fchl, das man in 13 Stunden \u00fcber den Atlantik und mehrere L\u00e4nder geflogen ist, aber 16 Stunden braucht um in einem Land von A nach B zu kommen. Von Buenos Aires nach Villa Regina Die Fahrt war zwar interessant, weil hier alles [&hellip;]\" \/>\n<meta property=\"og:url\" content=\"https:\/\/blogs.donboscovolunteers.de\/sebbelinargentinien\/2023\/10\/26\/villa-regina-wie-wiescha-regina\/\" \/>\n<meta property=\"og:site_name\" content=\"Als Volo in Argentinien\" \/>\n<meta property=\"article:published_time\" content=\"2023-10-26T16:26:59+00:00\" \/>\n<meta property=\"article:modified_time\" content=\"2023-11-25T03:07:25+00:00\" \/>\n<meta property=\"og:image\" content=\"https:\/\/blogs.donboscovolunteers.de\/sebbelinargentinien\/wp-content\/uploads\/sites\/21675\/2023\/10\/73ECF1BC-6F6A-4A33-AC7E-4F203CA0601B-1024x768.jpeg\" \/>\n<meta name=\"author\" content=\"Sebastian Schwarzbach\" \/>\n<meta name=\"twitter:card\" content=\"summary_large_image\" \/>\n<meta name=\"twitter:label1\" content=\"Verfasst von\" \/>\n\t<meta name=\"twitter:data1\" content=\"Sebastian Schwarzbach\" \/>\n\t<meta name=\"twitter:label2\" content=\"Gesch\u00e4tzte Lesezeit\" \/>\n\t<meta name=\"twitter:data2\" content=\"12\u00a0Minuten\" \/>\n<script type=\"application\/ld+json\" class=\"yoast-schema-graph\">{\"@context\":\"https:\/\/schema.org\",\"@graph\":[{\"@type\":\"WebPage\",\"@id\":\"https:\/\/blogs.donboscovolunteers.de\/sebbelinargentinien\/2023\/10\/26\/villa-regina-wie-wiescha-regina\/\",\"url\":\"https:\/\/blogs.donboscovolunteers.de\/sebbelinargentinien\/2023\/10\/26\/villa-regina-wie-wiescha-regina\/\",\"name\":\"Villa Regina wie [wiescha regina] - Als Volo in Argentinien\",\"isPartOf\":{\"@id\":\"https:\/\/blogs.donboscovolunteers.de\/sebbelinargentinien\/#website\"},\"primaryImageOfPage\":{\"@id\":\"https:\/\/blogs.donboscovolunteers.de\/sebbelinargentinien\/2023\/10\/26\/villa-regina-wie-wiescha-regina\/#primaryimage\"},\"image\":{\"@id\":\"https:\/\/blogs.donboscovolunteers.de\/sebbelinargentinien\/2023\/10\/26\/villa-regina-wie-wiescha-regina\/#primaryimage\"},\"thumbnailUrl\":\"https:\/\/blogs.donboscovolunteers.de\/sebbelinargentinien\/wp-content\/uploads\/sites\/21675\/2023\/10\/73ECF1BC-6F6A-4A33-AC7E-4F203CA0601B-1024x768.jpeg\",\"datePublished\":\"2023-10-26T16:26:59+00:00\",\"dateModified\":\"2023-11-25T03:07:25+00:00\",\"author\":{\"@id\":\"https:\/\/blogs.donboscovolunteers.de\/sebbelinargentinien\/#\/schema\/person\/51a9898436dd98841775de990f8a9308\"},\"breadcrumb\":{\"@id\":\"https:\/\/blogs.donboscovolunteers.de\/sebbelinargentinien\/2023\/10\/26\/villa-regina-wie-wiescha-regina\/#breadcrumb\"},\"inLanguage\":\"de\",\"potentialAction\":[{\"@type\":\"ReadAction\",\"target\":[\"https:\/\/blogs.donboscovolunteers.de\/sebbelinargentinien\/2023\/10\/26\/villa-regina-wie-wiescha-regina\/\"]}]},{\"@type\":\"ImageObject\",\"inLanguage\":\"de\",\"@id\":\"https:\/\/blogs.donboscovolunteers.de\/sebbelinargentinien\/2023\/10\/26\/villa-regina-wie-wiescha-regina\/#primaryimage\",\"url\":\"https:\/\/blogs.donboscovolunteers.de\/sebbelinargentinien\/wp-content\/uploads\/sites\/21675\/2023\/10\/73ECF1BC-6F6A-4A33-AC7E-4F203CA0601B.jpeg\",\"contentUrl\":\"https:\/\/blogs.donboscovolunteers.de\/sebbelinargentinien\/wp-content\/uploads\/sites\/21675\/2023\/10\/73ECF1BC-6F6A-4A33-AC7E-4F203CA0601B.jpeg\",\"width\":1280,\"height\":960},{\"@type\":\"BreadcrumbList\",\"@id\":\"https:\/\/blogs.donboscovolunteers.de\/sebbelinargentinien\/2023\/10\/26\/villa-regina-wie-wiescha-regina\/#breadcrumb\",\"itemListElement\":[{\"@type\":\"ListItem\",\"position\":1,\"name\":\"Startseite\",\"item\":\"https:\/\/blogs.donboscovolunteers.de\/sebbelinargentinien\/\"},{\"@type\":\"ListItem\",\"position\":2,\"name\":\"Villa Regina wie [wiescha regina]\"}]},{\"@type\":\"WebSite\",\"@id\":\"https:\/\/blogs.donboscovolunteers.de\/sebbelinargentinien\/#website\",\"url\":\"https:\/\/blogs.donboscovolunteers.de\/sebbelinargentinien\/\",\"name\":\"Als Volo in Argentinien\",\"description\":\"Buenos Aires | Villa Regina R\u00edo Negro\",\"potentialAction\":[{\"@type\":\"SearchAction\",\"target\":{\"@type\":\"EntryPoint\",\"urlTemplate\":\"https:\/\/blogs.donboscovolunteers.de\/sebbelinargentinien\/?s={search_term_string}\"},\"query-input\":{\"@type\":\"PropertyValueSpecification\",\"valueRequired\":true,\"valueName\":\"search_term_string\"}}],\"inLanguage\":\"de\"},{\"@type\":\"Person\",\"@id\":\"https:\/\/blogs.donboscovolunteers.de\/sebbelinargentinien\/#\/schema\/person\/51a9898436dd98841775de990f8a9308\",\"name\":\"Sebastian Schwarzbach\",\"image\":{\"@type\":\"ImageObject\",\"inLanguage\":\"de\",\"@id\":\"https:\/\/blogs.donboscovolunteers.de\/sebbelinargentinien\/#\/schema\/person\/image\/\",\"url\":\"https:\/\/secure.gravatar.com\/avatar\/5c6c584ac40c2287134212f064b54cb03aa9961d2bda34f8f70305e9426b273e?s=96&d=mm&r=g\",\"contentUrl\":\"https:\/\/secure.gravatar.com\/avatar\/5c6c584ac40c2287134212f064b54cb03aa9961d2bda34f8f70305e9426b273e?s=96&d=mm&r=g\",\"caption\":\"Sebastian Schwarzbach\"},\"description\":\"Hey, hier ist Sebastian. Ich bin ein Don Bosco Volunteer und befinde mich f\u00fcr meinen einj\u00e4hrigen Auslandsfreiwilligendienst in Argentinien. Angefangen in Buenos Aires nehme ich euch in meinem Blog mit nach Villa Regina am R\u00edo Negro : )\",\"url\":\"https:\/\/blogs.donboscovolunteers.de\/sebbelinargentinien\/author\/sebbel\/\"}]}<\/script>\n<!-- \/ Yoast SEO plugin. -->","yoast_head_json":{"title":"Villa Regina wie [wiescha regina] - Als Volo in Argentinien","robots":{"index":"index","follow":"follow","max-snippet":"max-snippet:-1","max-image-preview":"max-image-preview:large","max-video-preview":"max-video-preview:-1"},"canonical":"https:\/\/blogs.donboscovolunteers.de\/sebbelinargentinien\/2023\/10\/26\/villa-regina-wie-wiescha-regina\/","og_locale":"de_DE","og_type":"article","og_title":"Villa Regina wie [wiescha regina] - Als Volo in Argentinien","og_description":"Nach 16 Stunden Fahrt steige ich aus dem Reisebus. Es ist ein komisches Gef\u00fchl, das man in 13 Stunden \u00fcber den Atlantik und mehrere L\u00e4nder geflogen ist, aber 16 Stunden braucht um in einem Land von A nach B zu kommen. Von Buenos Aires nach Villa Regina Die Fahrt war zwar interessant, weil hier alles [&hellip;]","og_url":"https:\/\/blogs.donboscovolunteers.de\/sebbelinargentinien\/2023\/10\/26\/villa-regina-wie-wiescha-regina\/","og_site_name":"Als Volo in Argentinien","article_published_time":"2023-10-26T16:26:59+00:00","article_modified_time":"2023-11-25T03:07:25+00:00","og_image":[{"url":"https:\/\/blogs.donboscovolunteers.de\/sebbelinargentinien\/wp-content\/uploads\/sites\/21675\/2023\/10\/73ECF1BC-6F6A-4A33-AC7E-4F203CA0601B-1024x768.jpeg","type":"","width":"","height":""}],"author":"Sebastian Schwarzbach","twitter_card":"summary_large_image","twitter_misc":{"Verfasst von":"Sebastian Schwarzbach","Gesch\u00e4tzte Lesezeit":"12\u00a0Minuten"},"schema":{"@context":"https:\/\/schema.org","@graph":[{"@type":"WebPage","@id":"https:\/\/blogs.donboscovolunteers.de\/sebbelinargentinien\/2023\/10\/26\/villa-regina-wie-wiescha-regina\/","url":"https:\/\/blogs.donboscovolunteers.de\/sebbelinargentinien\/2023\/10\/26\/villa-regina-wie-wiescha-regina\/","name":"Villa Regina wie [wiescha regina] - Als Volo in Argentinien","isPartOf":{"@id":"https:\/\/blogs.donboscovolunteers.de\/sebbelinargentinien\/#website"},"primaryImageOfPage":{"@id":"https:\/\/blogs.donboscovolunteers.de\/sebbelinargentinien\/2023\/10\/26\/villa-regina-wie-wiescha-regina\/#primaryimage"},"image":{"@id":"https:\/\/blogs.donboscovolunteers.de\/sebbelinargentinien\/2023\/10\/26\/villa-regina-wie-wiescha-regina\/#primaryimage"},"thumbnailUrl":"https:\/\/blogs.donboscovolunteers.de\/sebbelinargentinien\/wp-content\/uploads\/sites\/21675\/2023\/10\/73ECF1BC-6F6A-4A33-AC7E-4F203CA0601B-1024x768.jpeg","datePublished":"2023-10-26T16:26:59+00:00","dateModified":"2023-11-25T03:07:25+00:00","author":{"@id":"https:\/\/blogs.donboscovolunteers.de\/sebbelinargentinien\/#\/schema\/person\/51a9898436dd98841775de990f8a9308"},"breadcrumb":{"@id":"https:\/\/blogs.donboscovolunteers.de\/sebbelinargentinien\/2023\/10\/26\/villa-regina-wie-wiescha-regina\/#breadcrumb"},"inLanguage":"de","potentialAction":[{"@type":"ReadAction","target":["https:\/\/blogs.donboscovolunteers.de\/sebbelinargentinien\/2023\/10\/26\/villa-regina-wie-wiescha-regina\/"]}]},{"@type":"ImageObject","inLanguage":"de","@id":"https:\/\/blogs.donboscovolunteers.de\/sebbelinargentinien\/2023\/10\/26\/villa-regina-wie-wiescha-regina\/#primaryimage","url":"https:\/\/blogs.donboscovolunteers.de\/sebbelinargentinien\/wp-content\/uploads\/sites\/21675\/2023\/10\/73ECF1BC-6F6A-4A33-AC7E-4F203CA0601B.jpeg","contentUrl":"https:\/\/blogs.donboscovolunteers.de\/sebbelinargentinien\/wp-content\/uploads\/sites\/21675\/2023\/10\/73ECF1BC-6F6A-4A33-AC7E-4F203CA0601B.jpeg","width":1280,"height":960},{"@type":"BreadcrumbList","@id":"https:\/\/blogs.donboscovolunteers.de\/sebbelinargentinien\/2023\/10\/26\/villa-regina-wie-wiescha-regina\/#breadcrumb","itemListElement":[{"@type":"ListItem","position":1,"name":"Startseite","item":"https:\/\/blogs.donboscovolunteers.de\/sebbelinargentinien\/"},{"@type":"ListItem","position":2,"name":"Villa Regina wie [wiescha regina]"}]},{"@type":"WebSite","@id":"https:\/\/blogs.donboscovolunteers.de\/sebbelinargentinien\/#website","url":"https:\/\/blogs.donboscovolunteers.de\/sebbelinargentinien\/","name":"Als Volo in Argentinien","description":"Buenos Aires | Villa Regina R\u00edo Negro","potentialAction":[{"@type":"SearchAction","target":{"@type":"EntryPoint","urlTemplate":"https:\/\/blogs.donboscovolunteers.de\/sebbelinargentinien\/?s={search_term_string}"},"query-input":{"@type":"PropertyValueSpecification","valueRequired":true,"valueName":"search_term_string"}}],"inLanguage":"de"},{"@type":"Person","@id":"https:\/\/blogs.donboscovolunteers.de\/sebbelinargentinien\/#\/schema\/person\/51a9898436dd98841775de990f8a9308","name":"Sebastian Schwarzbach","image":{"@type":"ImageObject","inLanguage":"de","@id":"https:\/\/blogs.donboscovolunteers.de\/sebbelinargentinien\/#\/schema\/person\/image\/","url":"https:\/\/secure.gravatar.com\/avatar\/5c6c584ac40c2287134212f064b54cb03aa9961d2bda34f8f70305e9426b273e?s=96&d=mm&r=g","contentUrl":"https:\/\/secure.gravatar.com\/avatar\/5c6c584ac40c2287134212f064b54cb03aa9961d2bda34f8f70305e9426b273e?s=96&d=mm&r=g","caption":"Sebastian Schwarzbach"},"description":"Hey, hier ist Sebastian. Ich bin ein Don Bosco Volunteer und befinde mich f\u00fcr meinen einj\u00e4hrigen Auslandsfreiwilligendienst in Argentinien. Angefangen in Buenos Aires nehme ich euch in meinem Blog mit nach Villa Regina am R\u00edo Negro : )","url":"https:\/\/blogs.donboscovolunteers.de\/sebbelinargentinien\/author\/sebbel\/"}]}},"_links":{"self":[{"href":"https:\/\/blogs.donboscovolunteers.de\/sebbelinargentinien\/wp-json\/wp\/v2\/posts\/76","targetHints":{"allow":["GET"]}}],"collection":[{"href":"https:\/\/blogs.donboscovolunteers.de\/sebbelinargentinien\/wp-json\/wp\/v2\/posts"}],"about":[{"href":"https:\/\/blogs.donboscovolunteers.de\/sebbelinargentinien\/wp-json\/wp\/v2\/types\/post"}],"author":[{"embeddable":true,"href":"https:\/\/blogs.donboscovolunteers.de\/sebbelinargentinien\/wp-json\/wp\/v2\/users\/21773"}],"replies":[{"embeddable":true,"href":"https:\/\/blogs.donboscovolunteers.de\/sebbelinargentinien\/wp-json\/wp\/v2\/comments?post=76"}],"version-history":[{"count":22,"href":"https:\/\/blogs.donboscovolunteers.de\/sebbelinargentinien\/wp-json\/wp\/v2\/posts\/76\/revisions"}],"predecessor-version":[{"id":135,"href":"https:\/\/blogs.donboscovolunteers.de\/sebbelinargentinien\/wp-json\/wp\/v2\/posts\/76\/revisions\/135"}],"wp:attachment":[{"href":"https:\/\/blogs.donboscovolunteers.de\/sebbelinargentinien\/wp-json\/wp\/v2\/media?parent=76"}],"wp:term":[{"taxonomy":"category","embeddable":true,"href":"https:\/\/blogs.donboscovolunteers.de\/sebbelinargentinien\/wp-json\/wp\/v2\/categories?post=76"},{"taxonomy":"post_tag","embeddable":true,"href":"https:\/\/blogs.donboscovolunteers.de\/sebbelinargentinien\/wp-json\/wp\/v2\/tags?post=76"}],"curies":[{"name":"wp","href":"https:\/\/api.w.org\/{rel}","templated":true}]}}