{"id":18,"date":"2023-10-03T20:42:14","date_gmt":"2023-10-03T18:42:14","guid":{"rendered":"https:\/\/blogs.donboscovolunteers.de\/sebbelinargentinien\/?p=18"},"modified":"2023-10-04T18:32:47","modified_gmt":"2023-10-04T16:32:47","slug":"der-anfang-meines-volontariats-in-argentinien","status":"publish","type":"post","link":"https:\/\/blogs.donboscovolunteers.de\/sebbelinargentinien\/2023\/10\/03\/der-anfang-meines-volontariats-in-argentinien\/","title":{"rendered":"Der Anfang meines Volontariats in Argentinien"},"content":{"rendered":"<p>Hey hier ist Sebastian. Willkommen zu meinem ersten Blogeintrag. <br><\/p>\n\n\n\n<p>Nach rund 14 Stunden Flug von Frankfurt nach Buenos Aires komme ich am Freitag dem 15.09. Um 6:10 Uhr am Flughafen Ezeiza in der Provinz Buenos Aires an. Hier empf\u00e4ngt mich Bruder Jos\u00e9 Pepe Lichardi und wir machen uns mit dem Auto rund eine Stunde in Richtung einer <a href=\"https:\/\/www.donboscomission.de\/don-bosco\/\">Don Bosco<\/a> Schule im Zentrum Buenos Aires auf. Die Strecke welche man eigentlich in wenigen Minuten f\u00e4hrt dauert zu den Morgenstunden oft deutlich l\u00e4nger, aber das macht nichts. Mehr Zeit um sich umzuschauen und anzufangen ein wenig gebrochenes Spanisch zu sprechen. <br><br>Wir parken schlie\u00dflich im Hof einer Don Bosco Schule mit sieben Etagen, von welchen die ersten drei zu der Schule und die restlichen zu einer Unterkunft der Salesianer geh\u00f6ren. Als wir das Haus betreten pulsiert die Schule bereits und Kinder und Jugendliche laufen und spielen auf den G\u00e4ngen und einer riesigen \u00fcberdachten Halle.<\/p>\n\n\n\n<div class=\"wp-block-columns is-layout-flex wp-container-core-columns-is-layout-9d6595d7 wp-block-columns-is-layout-flex\">\n<div class=\"wp-block-column is-layout-flow wp-block-column-is-layout-flow\">\n<figure class=\"wp-block-gallery has-nested-images columns-default is-cropped wp-block-gallery-1 is-layout-flex wp-block-gallery-is-layout-flex\">\n<figure class=\"wp-block-image size-large\"><img loading=\"lazy\" decoding=\"async\" width=\"768\" height=\"1024\" data-id=\"25\" src=\"https:\/\/blogs.donboscovolunteers.de\/sebbelinargentinien\/wp-content\/uploads\/sites\/21675\/2023\/09\/4D5CAAE7-0CEF-4065-9520-1F248FDF4F08-768x1024.jpeg\" alt=\"\" class=\"wp-image-25\" srcset=\"https:\/\/blogs.donboscovolunteers.de\/sebbelinargentinien\/wp-content\/uploads\/sites\/21675\/2023\/09\/4D5CAAE7-0CEF-4065-9520-1F248FDF4F08-768x1024.jpeg 768w, https:\/\/blogs.donboscovolunteers.de\/sebbelinargentinien\/wp-content\/uploads\/sites\/21675\/2023\/09\/4D5CAAE7-0CEF-4065-9520-1F248FDF4F08-225x300.jpeg 225w, https:\/\/blogs.donboscovolunteers.de\/sebbelinargentinien\/wp-content\/uploads\/sites\/21675\/2023\/09\/4D5CAAE7-0CEF-4065-9520-1F248FDF4F08-900x1200.jpeg 900w, https:\/\/blogs.donboscovolunteers.de\/sebbelinargentinien\/wp-content\/uploads\/sites\/21675\/2023\/09\/4D5CAAE7-0CEF-4065-9520-1F248FDF4F08.jpeg 960w\" sizes=\"auto, (max-width: 768px) 100vw, 768px\" \/><figcaption class=\"wp-element-caption\">Die Schule von Au\u00dfen.<\/figcaption><\/figure>\n<\/figure>\n<\/div>\n\n\n\n<div class=\"wp-block-column is-layout-flow wp-block-column-is-layout-flow\">\n<figure class=\"wp-block-gallery has-nested-images columns-default is-cropped wp-block-gallery-2 is-layout-flex wp-block-gallery-is-layout-flex\">\n<figure class=\"wp-block-image size-large\"><img loading=\"lazy\" decoding=\"async\" width=\"768\" height=\"1024\" data-id=\"26\" src=\"https:\/\/blogs.donboscovolunteers.de\/sebbelinargentinien\/wp-content\/uploads\/sites\/21675\/2023\/09\/2673730A-FC6E-4CF5-BB62-942A00D24109-768x1024.jpeg\" alt=\"\" class=\"wp-image-26\" srcset=\"https:\/\/blogs.donboscovolunteers.de\/sebbelinargentinien\/wp-content\/uploads\/sites\/21675\/2023\/09\/2673730A-FC6E-4CF5-BB62-942A00D24109-768x1024.jpeg 768w, https:\/\/blogs.donboscovolunteers.de\/sebbelinargentinien\/wp-content\/uploads\/sites\/21675\/2023\/09\/2673730A-FC6E-4CF5-BB62-942A00D24109-225x300.jpeg 225w, https:\/\/blogs.donboscovolunteers.de\/sebbelinargentinien\/wp-content\/uploads\/sites\/21675\/2023\/09\/2673730A-FC6E-4CF5-BB62-942A00D24109-900x1200.jpeg 900w, https:\/\/blogs.donboscovolunteers.de\/sebbelinargentinien\/wp-content\/uploads\/sites\/21675\/2023\/09\/2673730A-FC6E-4CF5-BB62-942A00D24109.jpeg 960w\" sizes=\"auto, (max-width: 768px) 100vw, 768px\" \/><figcaption class=\"wp-element-caption\">Halle der Schule f\u00fcr Spiele und Veranstaltungen.<\/figcaption><\/figure>\n<\/figure>\n<\/div>\n<\/div>\n\n\n\n<p>In der Unterkunft habe ich bis zur Weiterreise nach Villa Regina (R\u00edo Negro) ein eigenes Zimmer mit Bad. Die Wohnetagen der Salesianer beinhalten mehrere Einzelzimmer, ein Esszimmer, ein Wohnzimmer, eine kleine Bibliothek, eine K\u00fcche, eine kleine Kapelle, mehrere Balkone und einen Zugang auf das Dach vom welchem man wunderbar \u00fcber einen Teil der Stadt schauen kann. <\/p>\n\n\n\n<div class=\"wp-block-columns is-layout-flex wp-container-core-columns-is-layout-9d6595d7 wp-block-columns-is-layout-flex\">\n<div class=\"wp-block-column is-layout-flow wp-block-column-is-layout-flow\">\n<figure class=\"wp-block-gallery has-nested-images columns-default is-cropped wp-block-gallery-3 is-layout-flex wp-block-gallery-is-layout-flex\">\n<figure class=\"wp-block-image size-large\"><img loading=\"lazy\" decoding=\"async\" width=\"768\" height=\"1024\" data-id=\"15\" src=\"https:\/\/blogs.donboscovolunteers.de\/sebbelinargentinien\/wp-content\/uploads\/sites\/21675\/2023\/09\/DE930856-7C0D-4665-9AC4-A6844FF49CBF-768x1024.jpeg\" alt=\"\" class=\"wp-image-15\" srcset=\"https:\/\/blogs.donboscovolunteers.de\/sebbelinargentinien\/wp-content\/uploads\/sites\/21675\/2023\/09\/DE930856-7C0D-4665-9AC4-A6844FF49CBF-768x1024.jpeg 768w, https:\/\/blogs.donboscovolunteers.de\/sebbelinargentinien\/wp-content\/uploads\/sites\/21675\/2023\/09\/DE930856-7C0D-4665-9AC4-A6844FF49CBF-225x300.jpeg 225w, https:\/\/blogs.donboscovolunteers.de\/sebbelinargentinien\/wp-content\/uploads\/sites\/21675\/2023\/09\/DE930856-7C0D-4665-9AC4-A6844FF49CBF-900x1200.jpeg 900w, https:\/\/blogs.donboscovolunteers.de\/sebbelinargentinien\/wp-content\/uploads\/sites\/21675\/2023\/09\/DE930856-7C0D-4665-9AC4-A6844FF49CBF.jpeg 960w\" sizes=\"auto, (max-width: 768px) 100vw, 768px\" \/><figcaption class=\"wp-element-caption\">Blick \u00fcber Buenos Aires von einem der Balkone.<\/figcaption><\/figure>\n<\/figure>\n<\/div>\n\n\n\n<div class=\"wp-block-column is-layout-flow wp-block-column-is-layout-flow\">\n<figure class=\"wp-block-gallery has-nested-images columns-default is-cropped wp-block-gallery-4 is-layout-flex wp-block-gallery-is-layout-flex\">\n<figure class=\"wp-block-image size-large\"><img loading=\"lazy\" decoding=\"async\" width=\"768\" height=\"1024\" data-id=\"30\" src=\"https:\/\/blogs.donboscovolunteers.de\/sebbelinargentinien\/wp-content\/uploads\/sites\/21675\/2023\/10\/F5953FB7-8FF8-4464-96A1-0DDB61FF2C0D-768x1024.jpeg\" alt=\"\" class=\"wp-image-30\" srcset=\"https:\/\/blogs.donboscovolunteers.de\/sebbelinargentinien\/wp-content\/uploads\/sites\/21675\/2023\/10\/F5953FB7-8FF8-4464-96A1-0DDB61FF2C0D-768x1024.jpeg 768w, https:\/\/blogs.donboscovolunteers.de\/sebbelinargentinien\/wp-content\/uploads\/sites\/21675\/2023\/10\/F5953FB7-8FF8-4464-96A1-0DDB61FF2C0D-225x300.jpeg 225w, https:\/\/blogs.donboscovolunteers.de\/sebbelinargentinien\/wp-content\/uploads\/sites\/21675\/2023\/10\/F5953FB7-8FF8-4464-96A1-0DDB61FF2C0D-900x1200.jpeg 900w, https:\/\/blogs.donboscovolunteers.de\/sebbelinargentinien\/wp-content\/uploads\/sites\/21675\/2023\/10\/F5953FB7-8FF8-4464-96A1-0DDB61FF2C0D.jpeg 960w\" sizes=\"auto, (max-width: 768px) 100vw, 768px\" \/><figcaption class=\"wp-element-caption\">Blick von einem weiteren Balkon.<\/figcaption><\/figure>\n<\/figure>\n<\/div>\n<\/div>\n\n\n\n<div class=\"wp-block-columns is-layout-flex wp-container-core-columns-is-layout-9d6595d7 wp-block-columns-is-layout-flex\">\n<div class=\"wp-block-column is-layout-flow wp-block-column-is-layout-flow\">\n<figure class=\"wp-block-gallery has-nested-images columns-default is-cropped wp-block-gallery-5 is-layout-flex wp-block-gallery-is-layout-flex\">\n<figure class=\"wp-block-image size-large\"><img loading=\"lazy\" decoding=\"async\" width=\"768\" height=\"1024\" data-id=\"31\" src=\"https:\/\/blogs.donboscovolunteers.de\/sebbelinargentinien\/wp-content\/uploads\/sites\/21675\/2023\/10\/4C5A17C6-62A2-40A3-B48C-F1C31A493886-768x1024.jpeg\" alt=\"\" class=\"wp-image-31\" srcset=\"https:\/\/blogs.donboscovolunteers.de\/sebbelinargentinien\/wp-content\/uploads\/sites\/21675\/2023\/10\/4C5A17C6-62A2-40A3-B48C-F1C31A493886-768x1024.jpeg 768w, https:\/\/blogs.donboscovolunteers.de\/sebbelinargentinien\/wp-content\/uploads\/sites\/21675\/2023\/10\/4C5A17C6-62A2-40A3-B48C-F1C31A493886-225x300.jpeg 225w, https:\/\/blogs.donboscovolunteers.de\/sebbelinargentinien\/wp-content\/uploads\/sites\/21675\/2023\/10\/4C5A17C6-62A2-40A3-B48C-F1C31A493886-900x1200.jpeg 900w, https:\/\/blogs.donboscovolunteers.de\/sebbelinargentinien\/wp-content\/uploads\/sites\/21675\/2023\/10\/4C5A17C6-62A2-40A3-B48C-F1C31A493886.jpeg 960w\" sizes=\"auto, (max-width: 768px) 100vw, 768px\" \/><figcaption class=\"wp-element-caption\">Vom Dach bekommt man den besten Blick \u00fcber die Stadt.<\/figcaption><\/figure>\n<\/figure>\n<\/div>\n\n\n\n<div class=\"wp-block-column is-layout-flow wp-block-column-is-layout-flow\">\n<figure class=\"wp-block-gallery has-nested-images columns-default is-cropped wp-block-gallery-6 is-layout-flex wp-block-gallery-is-layout-flex\">\n<figure class=\"wp-block-image size-large\"><img loading=\"lazy\" decoding=\"async\" width=\"944\" height=\"1024\" data-id=\"32\" src=\"https:\/\/blogs.donboscovolunteers.de\/sebbelinargentinien\/wp-content\/uploads\/sites\/21675\/2023\/10\/E9D64EF7-76D4-48CE-8393-6E3C075FE6C6-944x1024.jpeg\" alt=\"\" class=\"wp-image-32\" srcset=\"https:\/\/blogs.donboscovolunteers.de\/sebbelinargentinien\/wp-content\/uploads\/sites\/21675\/2023\/10\/E9D64EF7-76D4-48CE-8393-6E3C075FE6C6-944x1024.jpeg 944w, https:\/\/blogs.donboscovolunteers.de\/sebbelinargentinien\/wp-content\/uploads\/sites\/21675\/2023\/10\/E9D64EF7-76D4-48CE-8393-6E3C075FE6C6-277x300.jpeg 277w, https:\/\/blogs.donboscovolunteers.de\/sebbelinargentinien\/wp-content\/uploads\/sites\/21675\/2023\/10\/E9D64EF7-76D4-48CE-8393-6E3C075FE6C6-768x833.jpeg 768w, https:\/\/blogs.donboscovolunteers.de\/sebbelinargentinien\/wp-content\/uploads\/sites\/21675\/2023\/10\/E9D64EF7-76D4-48CE-8393-6E3C075FE6C6-900x976.jpeg 900w, https:\/\/blogs.donboscovolunteers.de\/sebbelinargentinien\/wp-content\/uploads\/sites\/21675\/2023\/10\/E9D64EF7-76D4-48CE-8393-6E3C075FE6C6.jpeg 1180w\" sizes=\"auto, (max-width: 944px) 100vw, 944px\" \/><\/figure>\n\n\n\n<figure class=\"wp-block-image size-large\"><img loading=\"lazy\" decoding=\"async\" width=\"768\" height=\"1024\" data-id=\"35\" src=\"https:\/\/blogs.donboscovolunteers.de\/sebbelinargentinien\/wp-content\/uploads\/sites\/21675\/2023\/10\/45DD6781-0818-46A1-B1EF-625E750E37E8-768x1024.jpeg\" alt=\"\" class=\"wp-image-35\" srcset=\"https:\/\/blogs.donboscovolunteers.de\/sebbelinargentinien\/wp-content\/uploads\/sites\/21675\/2023\/10\/45DD6781-0818-46A1-B1EF-625E750E37E8-768x1024.jpeg 768w, https:\/\/blogs.donboscovolunteers.de\/sebbelinargentinien\/wp-content\/uploads\/sites\/21675\/2023\/10\/45DD6781-0818-46A1-B1EF-625E750E37E8-225x300.jpeg 225w, https:\/\/blogs.donboscovolunteers.de\/sebbelinargentinien\/wp-content\/uploads\/sites\/21675\/2023\/10\/45DD6781-0818-46A1-B1EF-625E750E37E8-900x1200.jpeg 900w, https:\/\/blogs.donboscovolunteers.de\/sebbelinargentinien\/wp-content\/uploads\/sites\/21675\/2023\/10\/45DD6781-0818-46A1-B1EF-625E750E37E8.jpeg 960w\" sizes=\"auto, (max-width: 768px) 100vw, 768px\" \/><\/figure>\n\n\n\n<figure class=\"wp-block-image size-large\"><img loading=\"lazy\" decoding=\"async\" width=\"768\" height=\"1024\" data-id=\"38\" src=\"https:\/\/blogs.donboscovolunteers.de\/sebbelinargentinien\/wp-content\/uploads\/sites\/21675\/2023\/10\/76BE3E31-B365-4B27-91D8-5121112A5C73-768x1024.jpeg\" alt=\"\" class=\"wp-image-38\" srcset=\"https:\/\/blogs.donboscovolunteers.de\/sebbelinargentinien\/wp-content\/uploads\/sites\/21675\/2023\/10\/76BE3E31-B365-4B27-91D8-5121112A5C73-768x1024.jpeg 768w, https:\/\/blogs.donboscovolunteers.de\/sebbelinargentinien\/wp-content\/uploads\/sites\/21675\/2023\/10\/76BE3E31-B365-4B27-91D8-5121112A5C73-225x300.jpeg 225w, https:\/\/blogs.donboscovolunteers.de\/sebbelinargentinien\/wp-content\/uploads\/sites\/21675\/2023\/10\/76BE3E31-B365-4B27-91D8-5121112A5C73-900x1200.jpeg 900w, https:\/\/blogs.donboscovolunteers.de\/sebbelinargentinien\/wp-content\/uploads\/sites\/21675\/2023\/10\/76BE3E31-B365-4B27-91D8-5121112A5C73.jpeg 960w\" sizes=\"auto, (max-width: 768px) 100vw, 768px\" \/><\/figure>\n\n\n\n<figure class=\"wp-block-image size-large\"><img loading=\"lazy\" decoding=\"async\" width=\"768\" height=\"1024\" data-id=\"33\" src=\"https:\/\/blogs.donboscovolunteers.de\/sebbelinargentinien\/wp-content\/uploads\/sites\/21675\/2023\/10\/3ECE4A07-F4E0-40CF-B832-08841D9FDA2C-768x1024.jpeg\" alt=\"\" class=\"wp-image-33\" srcset=\"https:\/\/blogs.donboscovolunteers.de\/sebbelinargentinien\/wp-content\/uploads\/sites\/21675\/2023\/10\/3ECE4A07-F4E0-40CF-B832-08841D9FDA2C-768x1024.jpeg 768w, https:\/\/blogs.donboscovolunteers.de\/sebbelinargentinien\/wp-content\/uploads\/sites\/21675\/2023\/10\/3ECE4A07-F4E0-40CF-B832-08841D9FDA2C-225x300.jpeg 225w, https:\/\/blogs.donboscovolunteers.de\/sebbelinargentinien\/wp-content\/uploads\/sites\/21675\/2023\/10\/3ECE4A07-F4E0-40CF-B832-08841D9FDA2C-900x1200.jpeg 900w, https:\/\/blogs.donboscovolunteers.de\/sebbelinargentinien\/wp-content\/uploads\/sites\/21675\/2023\/10\/3ECE4A07-F4E0-40CF-B832-08841D9FDA2C.jpeg 960w\" sizes=\"auto, (max-width: 768px) 100vw, 768px\" \/><\/figure>\n\n\n\n<figure class=\"wp-block-image size-large\"><img loading=\"lazy\" decoding=\"async\" width=\"768\" height=\"1024\" data-id=\"34\" src=\"https:\/\/blogs.donboscovolunteers.de\/sebbelinargentinien\/wp-content\/uploads\/sites\/21675\/2023\/10\/28F17CEA-9215-436F-B0C7-B0C9947066AC-768x1024.jpeg\" alt=\"\" class=\"wp-image-34\" srcset=\"https:\/\/blogs.donboscovolunteers.de\/sebbelinargentinien\/wp-content\/uploads\/sites\/21675\/2023\/10\/28F17CEA-9215-436F-B0C7-B0C9947066AC-768x1024.jpeg 768w, https:\/\/blogs.donboscovolunteers.de\/sebbelinargentinien\/wp-content\/uploads\/sites\/21675\/2023\/10\/28F17CEA-9215-436F-B0C7-B0C9947066AC-225x300.jpeg 225w, https:\/\/blogs.donboscovolunteers.de\/sebbelinargentinien\/wp-content\/uploads\/sites\/21675\/2023\/10\/28F17CEA-9215-436F-B0C7-B0C9947066AC-900x1200.jpeg 900w, https:\/\/blogs.donboscovolunteers.de\/sebbelinargentinien\/wp-content\/uploads\/sites\/21675\/2023\/10\/28F17CEA-9215-436F-B0C7-B0C9947066AC.jpeg 960w\" sizes=\"auto, (max-width: 768px) 100vw, 768px\" \/><\/figure>\n\n\n\n<figure class=\"wp-block-image size-large\"><img loading=\"lazy\" decoding=\"async\" width=\"768\" height=\"1024\" data-id=\"37\" src=\"https:\/\/blogs.donboscovolunteers.de\/sebbelinargentinien\/wp-content\/uploads\/sites\/21675\/2023\/10\/7FF253A9-3A16-4A0B-A0FE-5CA7FBC267C4-768x1024.jpeg\" alt=\"\" class=\"wp-image-37\" srcset=\"https:\/\/blogs.donboscovolunteers.de\/sebbelinargentinien\/wp-content\/uploads\/sites\/21675\/2023\/10\/7FF253A9-3A16-4A0B-A0FE-5CA7FBC267C4-768x1024.jpeg 768w, https:\/\/blogs.donboscovolunteers.de\/sebbelinargentinien\/wp-content\/uploads\/sites\/21675\/2023\/10\/7FF253A9-3A16-4A0B-A0FE-5CA7FBC267C4-225x300.jpeg 225w, https:\/\/blogs.donboscovolunteers.de\/sebbelinargentinien\/wp-content\/uploads\/sites\/21675\/2023\/10\/7FF253A9-3A16-4A0B-A0FE-5CA7FBC267C4-900x1200.jpeg 900w, https:\/\/blogs.donboscovolunteers.de\/sebbelinargentinien\/wp-content\/uploads\/sites\/21675\/2023\/10\/7FF253A9-3A16-4A0B-A0FE-5CA7FBC267C4.jpeg 960w\" sizes=\"auto, (max-width: 768px) 100vw, 768px\" \/><\/figure>\n\n\n\n<figure class=\"wp-block-image size-large\"><img loading=\"lazy\" decoding=\"async\" width=\"768\" height=\"1024\" data-id=\"36\" src=\"https:\/\/blogs.donboscovolunteers.de\/sebbelinargentinien\/wp-content\/uploads\/sites\/21675\/2023\/10\/29AC0ABA-99E2-4A9C-8E51-1F845550FD7C-768x1024.jpeg\" alt=\"\" class=\"wp-image-36\" srcset=\"https:\/\/blogs.donboscovolunteers.de\/sebbelinargentinien\/wp-content\/uploads\/sites\/21675\/2023\/10\/29AC0ABA-99E2-4A9C-8E51-1F845550FD7C-768x1024.jpeg 768w, https:\/\/blogs.donboscovolunteers.de\/sebbelinargentinien\/wp-content\/uploads\/sites\/21675\/2023\/10\/29AC0ABA-99E2-4A9C-8E51-1F845550FD7C-225x300.jpeg 225w, https:\/\/blogs.donboscovolunteers.de\/sebbelinargentinien\/wp-content\/uploads\/sites\/21675\/2023\/10\/29AC0ABA-99E2-4A9C-8E51-1F845550FD7C-900x1200.jpeg 900w, https:\/\/blogs.donboscovolunteers.de\/sebbelinargentinien\/wp-content\/uploads\/sites\/21675\/2023\/10\/29AC0ABA-99E2-4A9C-8E51-1F845550FD7C.jpeg 960w\" sizes=\"auto, (max-width: 768px) 100vw, 768px\" \/><figcaption class=\"wp-element-caption\">Auch in der Nacht zeigt sich ein sch\u00f6ner Blick \u00fcber Buenos Aires. Von Pepe habe ich erfahren: \u201eBuenos Aires no duerme.\u201c ~ Buenos Aires schl\u00e4ft nicht.<\/figcaption><\/figure>\n<\/figure>\n<\/div>\n<\/div>\n\n\n\n<p>Meine Tage in Buenos Aires verbringe ich damit, die Stadt zu erkunden. Ich setze mir keine festen Ziele die ich besuchen und abhaken m\u00f6chte, sondern laufe, mal mehr mal weniger planlos, durch die Stadt oder beobachte das Treiben der Stadt von einer Bank aus. Das ein oder andere Mal begleiten mich auch Salesianer und ich lerne ein paar Orte kennen, die ich alleine vielleicht nicht gefunden h\u00e4tte. <br>Auch wenn ich kleinere St\u00e4dte favorisiere bin ich von Buenos Aires fasziniert. Besonders die Architektur in welcher teils \u00e4ltere und verzierte Bauwerke an moderneren \u201ekahlen\u201c H\u00e4usern stehen, hat seinen Charme. <br>Pepe und Padre Sergio laden mich an einem Abend zum Eisessen in einer Eismanufaktur ein. In einigen Eisdielen Buenos Aires kann man sich nicht nur ein-drei Kugeln in einem Becher aussuchen, sonder bis zu einem Kilo Eis. Die Verlockung dazu ist gro\u00df, denn das Eis schmeckt sehr lecker. Auch die S\u00fc\u00dfigkeit Alfajores lerne ich durch Pepe und Padre Sergio kennen &#8211; sehr zu empfehlen.<\/p>\n\n\n\n<div class=\"wp-block-columns is-layout-flex wp-container-core-columns-is-layout-9d6595d7 wp-block-columns-is-layout-flex\">\n<div class=\"wp-block-column is-layout-flow wp-block-column-is-layout-flow\">\n<figure class=\"wp-block-gallery has-nested-images columns-default is-cropped wp-block-gallery-7 is-layout-flex wp-block-gallery-is-layout-flex\">\n<figure class=\"wp-block-image size-large\"><img loading=\"lazy\" decoding=\"async\" width=\"768\" height=\"1024\" data-id=\"42\" src=\"https:\/\/blogs.donboscovolunteers.de\/sebbelinargentinien\/wp-content\/uploads\/sites\/21675\/2023\/10\/7F2F270F-E46B-416F-B98C-14B1B66C57E5-768x1024.jpeg\" alt=\"\" class=\"wp-image-42\" srcset=\"https:\/\/blogs.donboscovolunteers.de\/sebbelinargentinien\/wp-content\/uploads\/sites\/21675\/2023\/10\/7F2F270F-E46B-416F-B98C-14B1B66C57E5-768x1024.jpeg 768w, https:\/\/blogs.donboscovolunteers.de\/sebbelinargentinien\/wp-content\/uploads\/sites\/21675\/2023\/10\/7F2F270F-E46B-416F-B98C-14B1B66C57E5-225x300.jpeg 225w, https:\/\/blogs.donboscovolunteers.de\/sebbelinargentinien\/wp-content\/uploads\/sites\/21675\/2023\/10\/7F2F270F-E46B-416F-B98C-14B1B66C57E5-900x1200.jpeg 900w, https:\/\/blogs.donboscovolunteers.de\/sebbelinargentinien\/wp-content\/uploads\/sites\/21675\/2023\/10\/7F2F270F-E46B-416F-B98C-14B1B66C57E5.jpeg 960w\" sizes=\"auto, (max-width: 768px) 100vw, 768px\" \/><figcaption class=\"wp-element-caption\">In der Eismanufaktur.<\/figcaption><\/figure>\n<\/figure>\n<\/div>\n\n\n\n<div class=\"wp-block-column is-layout-flow wp-block-column-is-layout-flow\">\n<figure class=\"wp-block-gallery has-nested-images columns-default is-cropped wp-block-gallery-8 is-layout-flex wp-block-gallery-is-layout-flex\">\n<figure class=\"wp-block-image size-large\"><img loading=\"lazy\" decoding=\"async\" width=\"494\" height=\"741\" data-id=\"44\" src=\"https:\/\/blogs.donboscovolunteers.de\/sebbelinargentinien\/wp-content\/uploads\/sites\/21675\/2023\/10\/1074FE91-02C8-4E64-966E-0D2BE1D051CF.jpeg\" alt=\"\" class=\"wp-image-44\" srcset=\"https:\/\/blogs.donboscovolunteers.de\/sebbelinargentinien\/wp-content\/uploads\/sites\/21675\/2023\/10\/1074FE91-02C8-4E64-966E-0D2BE1D051CF.jpeg 494w, https:\/\/blogs.donboscovolunteers.de\/sebbelinargentinien\/wp-content\/uploads\/sites\/21675\/2023\/10\/1074FE91-02C8-4E64-966E-0D2BE1D051CF-200x300.jpeg 200w\" sizes=\"auto, (max-width: 494px) 100vw, 494px\" \/><figcaption class=\"wp-element-caption\">S\u00fc\u00dfigkeit Alfajores.<\/figcaption><\/figure>\n<\/figure>\n<\/div>\n<\/div>\n\n\n\n<p>Am 22.09. kommt auch mein Mitvolont\u00e4r Bruno in Buenos Aires an. Auch gemeinsam lernen wir noch einige Teile der Stadt kennen. Meine gesammelten Eindr\u00fccke der Stadt zeige ich euch hier : )<\/p>\n\n\n\n<div class=\"wp-block-columns is-layout-flex wp-container-core-columns-is-layout-9d6595d7 wp-block-columns-is-layout-flex\">\n<div class=\"wp-block-column is-layout-flow wp-block-column-is-layout-flow\">\n<figure class=\"wp-block-gallery has-nested-images columns-default is-cropped wp-block-gallery-9 is-layout-flex wp-block-gallery-is-layout-flex\">\n<figure class=\"wp-block-image size-large\"><img loading=\"lazy\" decoding=\"async\" width=\"768\" height=\"1024\" data-id=\"50\" src=\"https:\/\/blogs.donboscovolunteers.de\/sebbelinargentinien\/wp-content\/uploads\/sites\/21675\/2023\/10\/2D14443F-6DB1-4A8B-8AFF-614ED03ACE8E-768x1024.jpeg\" alt=\"\" class=\"wp-image-50\" srcset=\"https:\/\/blogs.donboscovolunteers.de\/sebbelinargentinien\/wp-content\/uploads\/sites\/21675\/2023\/10\/2D14443F-6DB1-4A8B-8AFF-614ED03ACE8E-768x1024.jpeg 768w, https:\/\/blogs.donboscovolunteers.de\/sebbelinargentinien\/wp-content\/uploads\/sites\/21675\/2023\/10\/2D14443F-6DB1-4A8B-8AFF-614ED03ACE8E-225x300.jpeg 225w, https:\/\/blogs.donboscovolunteers.de\/sebbelinargentinien\/wp-content\/uploads\/sites\/21675\/2023\/10\/2D14443F-6DB1-4A8B-8AFF-614ED03ACE8E-900x1200.jpeg 900w, https:\/\/blogs.donboscovolunteers.de\/sebbelinargentinien\/wp-content\/uploads\/sites\/21675\/2023\/10\/2D14443F-6DB1-4A8B-8AFF-614ED03ACE8E.jpeg 960w\" sizes=\"auto, (max-width: 768px) 100vw, 768px\" \/><figcaption class=\"wp-element-caption\">Hafen \u02cbPuerto Madero\u00b4<\/figcaption><\/figure>\n\n\n\n<figure class=\"wp-block-image size-large\"><img loading=\"lazy\" decoding=\"async\" width=\"768\" height=\"1024\" data-id=\"45\" src=\"https:\/\/blogs.donboscovolunteers.de\/sebbelinargentinien\/wp-content\/uploads\/sites\/21675\/2023\/10\/00C55A02-0B42-4561-A27D-CDDC863E4DAE-768x1024.jpeg\" alt=\"\" class=\"wp-image-45\" srcset=\"https:\/\/blogs.donboscovolunteers.de\/sebbelinargentinien\/wp-content\/uploads\/sites\/21675\/2023\/10\/00C55A02-0B42-4561-A27D-CDDC863E4DAE-768x1024.jpeg 768w, https:\/\/blogs.donboscovolunteers.de\/sebbelinargentinien\/wp-content\/uploads\/sites\/21675\/2023\/10\/00C55A02-0B42-4561-A27D-CDDC863E4DAE-225x300.jpeg 225w, https:\/\/blogs.donboscovolunteers.de\/sebbelinargentinien\/wp-content\/uploads\/sites\/21675\/2023\/10\/00C55A02-0B42-4561-A27D-CDDC863E4DAE-900x1200.jpeg 900w, https:\/\/blogs.donboscovolunteers.de\/sebbelinargentinien\/wp-content\/uploads\/sites\/21675\/2023\/10\/00C55A02-0B42-4561-A27D-CDDC863E4DAE.jpeg 960w\" sizes=\"auto, (max-width: 768px) 100vw, 768px\" \/><figcaption class=\"wp-element-caption\">Stadtbummel<\/figcaption><\/figure>\n\n\n\n<figure class=\"wp-block-image size-large\"><img loading=\"lazy\" decoding=\"async\" width=\"768\" height=\"1024\" data-id=\"46\" src=\"https:\/\/blogs.donboscovolunteers.de\/sebbelinargentinien\/wp-content\/uploads\/sites\/21675\/2023\/10\/AF7D13C3-0005-452C-811A-32A8EF35A18E-768x1024.jpeg\" alt=\"\" class=\"wp-image-46\" srcset=\"https:\/\/blogs.donboscovolunteers.de\/sebbelinargentinien\/wp-content\/uploads\/sites\/21675\/2023\/10\/AF7D13C3-0005-452C-811A-32A8EF35A18E-768x1024.jpeg 768w, https:\/\/blogs.donboscovolunteers.de\/sebbelinargentinien\/wp-content\/uploads\/sites\/21675\/2023\/10\/AF7D13C3-0005-452C-811A-32A8EF35A18E-225x300.jpeg 225w, https:\/\/blogs.donboscovolunteers.de\/sebbelinargentinien\/wp-content\/uploads\/sites\/21675\/2023\/10\/AF7D13C3-0005-452C-811A-32A8EF35A18E-900x1200.jpeg 900w, https:\/\/blogs.donboscovolunteers.de\/sebbelinargentinien\/wp-content\/uploads\/sites\/21675\/2023\/10\/AF7D13C3-0005-452C-811A-32A8EF35A18E.jpeg 960w\" sizes=\"auto, (max-width: 768px) 100vw, 768px\" \/><\/figure>\n\n\n\n<figure class=\"wp-block-image size-large\"><img loading=\"lazy\" decoding=\"async\" width=\"768\" height=\"1024\" data-id=\"47\" src=\"https:\/\/blogs.donboscovolunteers.de\/sebbelinargentinien\/wp-content\/uploads\/sites\/21675\/2023\/10\/D805F833-0DBC-4F32-8A4E-A67B501C2581-768x1024.jpeg\" alt=\"\" class=\"wp-image-47\" srcset=\"https:\/\/blogs.donboscovolunteers.de\/sebbelinargentinien\/wp-content\/uploads\/sites\/21675\/2023\/10\/D805F833-0DBC-4F32-8A4E-A67B501C2581-768x1024.jpeg 768w, https:\/\/blogs.donboscovolunteers.de\/sebbelinargentinien\/wp-content\/uploads\/sites\/21675\/2023\/10\/D805F833-0DBC-4F32-8A4E-A67B501C2581-225x300.jpeg 225w, https:\/\/blogs.donboscovolunteers.de\/sebbelinargentinien\/wp-content\/uploads\/sites\/21675\/2023\/10\/D805F833-0DBC-4F32-8A4E-A67B501C2581-900x1200.jpeg 900w, https:\/\/blogs.donboscovolunteers.de\/sebbelinargentinien\/wp-content\/uploads\/sites\/21675\/2023\/10\/D805F833-0DBC-4F32-8A4E-A67B501C2581.jpeg 960w\" sizes=\"auto, (max-width: 768px) 100vw, 768px\" \/><\/figure>\n\n\n\n<figure class=\"wp-block-image size-large\"><img loading=\"lazy\" decoding=\"async\" width=\"768\" height=\"1024\" data-id=\"49\" src=\"https:\/\/blogs.donboscovolunteers.de\/sebbelinargentinien\/wp-content\/uploads\/sites\/21675\/2023\/10\/2D17B1FA-487B-4E56-9704-1D38D4FF99FD-768x1024.jpeg\" alt=\"\" class=\"wp-image-49\" srcset=\"https:\/\/blogs.donboscovolunteers.de\/sebbelinargentinien\/wp-content\/uploads\/sites\/21675\/2023\/10\/2D17B1FA-487B-4E56-9704-1D38D4FF99FD-768x1024.jpeg 768w, https:\/\/blogs.donboscovolunteers.de\/sebbelinargentinien\/wp-content\/uploads\/sites\/21675\/2023\/10\/2D17B1FA-487B-4E56-9704-1D38D4FF99FD-225x300.jpeg 225w, https:\/\/blogs.donboscovolunteers.de\/sebbelinargentinien\/wp-content\/uploads\/sites\/21675\/2023\/10\/2D17B1FA-487B-4E56-9704-1D38D4FF99FD-900x1200.jpeg 900w, https:\/\/blogs.donboscovolunteers.de\/sebbelinargentinien\/wp-content\/uploads\/sites\/21675\/2023\/10\/2D17B1FA-487B-4E56-9704-1D38D4FF99FD.jpeg 960w\" sizes=\"auto, (max-width: 768px) 100vw, 768px\" \/><\/figure>\n\n\n\n<figure class=\"wp-block-image size-large\"><img loading=\"lazy\" decoding=\"async\" width=\"768\" height=\"1024\" data-id=\"48\" src=\"https:\/\/blogs.donboscovolunteers.de\/sebbelinargentinien\/wp-content\/uploads\/sites\/21675\/2023\/10\/6223819E-7559-4ECF-AB54-055DA2FFA47A-768x1024.jpeg\" alt=\"\" class=\"wp-image-48\" srcset=\"https:\/\/blogs.donboscovolunteers.de\/sebbelinargentinien\/wp-content\/uploads\/sites\/21675\/2023\/10\/6223819E-7559-4ECF-AB54-055DA2FFA47A-768x1024.jpeg 768w, https:\/\/blogs.donboscovolunteers.de\/sebbelinargentinien\/wp-content\/uploads\/sites\/21675\/2023\/10\/6223819E-7559-4ECF-AB54-055DA2FFA47A-225x300.jpeg 225w, https:\/\/blogs.donboscovolunteers.de\/sebbelinargentinien\/wp-content\/uploads\/sites\/21675\/2023\/10\/6223819E-7559-4ECF-AB54-055DA2FFA47A-900x1200.jpeg 900w, https:\/\/blogs.donboscovolunteers.de\/sebbelinargentinien\/wp-content\/uploads\/sites\/21675\/2023\/10\/6223819E-7559-4ECF-AB54-055DA2FFA47A.jpeg 960w\" sizes=\"auto, (max-width: 768px) 100vw, 768px\" \/><\/figure>\n\n\n\n<figure class=\"wp-block-image size-large\"><img loading=\"lazy\" decoding=\"async\" width=\"768\" height=\"1024\" data-id=\"51\" src=\"https:\/\/blogs.donboscovolunteers.de\/sebbelinargentinien\/wp-content\/uploads\/sites\/21675\/2023\/10\/F2B36D82-033B-49AA-B55D-A94FC00B3740-768x1024.jpeg\" alt=\"\" class=\"wp-image-51\" srcset=\"https:\/\/blogs.donboscovolunteers.de\/sebbelinargentinien\/wp-content\/uploads\/sites\/21675\/2023\/10\/F2B36D82-033B-49AA-B55D-A94FC00B3740-768x1024.jpeg 768w, https:\/\/blogs.donboscovolunteers.de\/sebbelinargentinien\/wp-content\/uploads\/sites\/21675\/2023\/10\/F2B36D82-033B-49AA-B55D-A94FC00B3740-225x300.jpeg 225w, https:\/\/blogs.donboscovolunteers.de\/sebbelinargentinien\/wp-content\/uploads\/sites\/21675\/2023\/10\/F2B36D82-033B-49AA-B55D-A94FC00B3740-900x1200.jpeg 900w, https:\/\/blogs.donboscovolunteers.de\/sebbelinargentinien\/wp-content\/uploads\/sites\/21675\/2023\/10\/F2B36D82-033B-49AA-B55D-A94FC00B3740.jpeg 960w\" sizes=\"auto, (max-width: 768px) 100vw, 768px\" \/><\/figure>\n\n\n\n<figure class=\"wp-block-image size-large\"><img loading=\"lazy\" decoding=\"async\" width=\"768\" height=\"1024\" data-id=\"52\" src=\"https:\/\/blogs.donboscovolunteers.de\/sebbelinargentinien\/wp-content\/uploads\/sites\/21675\/2023\/10\/922A4422-3DFC-42E2-A578-57C021571A7F-768x1024.jpeg\" alt=\"\" class=\"wp-image-52\" srcset=\"https:\/\/blogs.donboscovolunteers.de\/sebbelinargentinien\/wp-content\/uploads\/sites\/21675\/2023\/10\/922A4422-3DFC-42E2-A578-57C021571A7F-768x1024.jpeg 768w, https:\/\/blogs.donboscovolunteers.de\/sebbelinargentinien\/wp-content\/uploads\/sites\/21675\/2023\/10\/922A4422-3DFC-42E2-A578-57C021571A7F-225x300.jpeg 225w, https:\/\/blogs.donboscovolunteers.de\/sebbelinargentinien\/wp-content\/uploads\/sites\/21675\/2023\/10\/922A4422-3DFC-42E2-A578-57C021571A7F-900x1200.jpeg 900w, https:\/\/blogs.donboscovolunteers.de\/sebbelinargentinien\/wp-content\/uploads\/sites\/21675\/2023\/10\/922A4422-3DFC-42E2-A578-57C021571A7F.jpeg 960w\" sizes=\"auto, (max-width: 768px) 100vw, 768px\" \/><figcaption class=\"wp-element-caption\">Stadtteil Palermo<\/figcaption><\/figure>\n\n\n\n<figure class=\"wp-block-image size-large\"><img loading=\"lazy\" decoding=\"async\" width=\"768\" height=\"1024\" data-id=\"54\" src=\"https:\/\/blogs.donboscovolunteers.de\/sebbelinargentinien\/wp-content\/uploads\/sites\/21675\/2023\/10\/C4C3C220-7FD7-42F1-9852-22F344BDB9DA-768x1024.jpeg\" alt=\"\" class=\"wp-image-54\" srcset=\"https:\/\/blogs.donboscovolunteers.de\/sebbelinargentinien\/wp-content\/uploads\/sites\/21675\/2023\/10\/C4C3C220-7FD7-42F1-9852-22F344BDB9DA-768x1024.jpeg 768w, https:\/\/blogs.donboscovolunteers.de\/sebbelinargentinien\/wp-content\/uploads\/sites\/21675\/2023\/10\/C4C3C220-7FD7-42F1-9852-22F344BDB9DA-225x300.jpeg 225w, https:\/\/blogs.donboscovolunteers.de\/sebbelinargentinien\/wp-content\/uploads\/sites\/21675\/2023\/10\/C4C3C220-7FD7-42F1-9852-22F344BDB9DA-900x1200.jpeg 900w, https:\/\/blogs.donboscovolunteers.de\/sebbelinargentinien\/wp-content\/uploads\/sites\/21675\/2023\/10\/C4C3C220-7FD7-42F1-9852-22F344BDB9DA.jpeg 960w\" sizes=\"auto, (max-width: 768px) 100vw, 768px\" \/><figcaption class=\"wp-element-caption\">Marktstand <\/figcaption><\/figure>\n\n\n\n<figure class=\"wp-block-image size-large\"><img loading=\"lazy\" decoding=\"async\" width=\"768\" height=\"1024\" data-id=\"53\" src=\"https:\/\/blogs.donboscovolunteers.de\/sebbelinargentinien\/wp-content\/uploads\/sites\/21675\/2023\/10\/AE3F671F-53E4-41CC-9597-B1CBA29D460D-768x1024.jpeg\" alt=\"\" class=\"wp-image-53\" srcset=\"https:\/\/blogs.donboscovolunteers.de\/sebbelinargentinien\/wp-content\/uploads\/sites\/21675\/2023\/10\/AE3F671F-53E4-41CC-9597-B1CBA29D460D-768x1024.jpeg 768w, https:\/\/blogs.donboscovolunteers.de\/sebbelinargentinien\/wp-content\/uploads\/sites\/21675\/2023\/10\/AE3F671F-53E4-41CC-9597-B1CBA29D460D-225x300.jpeg 225w, https:\/\/blogs.donboscovolunteers.de\/sebbelinargentinien\/wp-content\/uploads\/sites\/21675\/2023\/10\/AE3F671F-53E4-41CC-9597-B1CBA29D460D-900x1200.jpeg 900w, https:\/\/blogs.donboscovolunteers.de\/sebbelinargentinien\/wp-content\/uploads\/sites\/21675\/2023\/10\/AE3F671F-53E4-41CC-9597-B1CBA29D460D.jpeg 960w\" sizes=\"auto, (max-width: 768px) 100vw, 768px\" \/><figcaption class=\"wp-element-caption\">Platz vor dem Kongress bei Nacht<\/figcaption><\/figure>\n\n\n\n<figure class=\"wp-block-image size-large\"><img loading=\"lazy\" decoding=\"async\" width=\"768\" height=\"1024\" data-id=\"56\" src=\"https:\/\/blogs.donboscovolunteers.de\/sebbelinargentinien\/wp-content\/uploads\/sites\/21675\/2023\/10\/FEF3ADB8-9281-4B99-BF63-AA70E76D49DE-768x1024.jpeg\" alt=\"\" class=\"wp-image-56\" srcset=\"https:\/\/blogs.donboscovolunteers.de\/sebbelinargentinien\/wp-content\/uploads\/sites\/21675\/2023\/10\/FEF3ADB8-9281-4B99-BF63-AA70E76D49DE-768x1024.jpeg 768w, https:\/\/blogs.donboscovolunteers.de\/sebbelinargentinien\/wp-content\/uploads\/sites\/21675\/2023\/10\/FEF3ADB8-9281-4B99-BF63-AA70E76D49DE-225x300.jpeg 225w, https:\/\/blogs.donboscovolunteers.de\/sebbelinargentinien\/wp-content\/uploads\/sites\/21675\/2023\/10\/FEF3ADB8-9281-4B99-BF63-AA70E76D49DE-900x1200.jpeg 900w, https:\/\/blogs.donboscovolunteers.de\/sebbelinargentinien\/wp-content\/uploads\/sites\/21675\/2023\/10\/FEF3ADB8-9281-4B99-BF63-AA70E76D49DE.jpeg 960w\" sizes=\"auto, (max-width: 768px) 100vw, 768px\" \/><figcaption class=\"wp-element-caption\">Argentinischer Nationalkongress<\/figcaption><\/figure>\n\n\n\n<figure class=\"wp-block-image size-large\"><img loading=\"lazy\" decoding=\"async\" width=\"768\" height=\"1024\" data-id=\"57\" src=\"https:\/\/blogs.donboscovolunteers.de\/sebbelinargentinien\/wp-content\/uploads\/sites\/21675\/2023\/10\/F1FCD205-9783-4765-A6B8-5C176CFFD78F-768x1024.jpeg\" alt=\"\" class=\"wp-image-57\" srcset=\"https:\/\/blogs.donboscovolunteers.de\/sebbelinargentinien\/wp-content\/uploads\/sites\/21675\/2023\/10\/F1FCD205-9783-4765-A6B8-5C176CFFD78F-768x1024.jpeg 768w, https:\/\/blogs.donboscovolunteers.de\/sebbelinargentinien\/wp-content\/uploads\/sites\/21675\/2023\/10\/F1FCD205-9783-4765-A6B8-5C176CFFD78F-225x300.jpeg 225w, https:\/\/blogs.donboscovolunteers.de\/sebbelinargentinien\/wp-content\/uploads\/sites\/21675\/2023\/10\/F1FCD205-9783-4765-A6B8-5C176CFFD78F-900x1200.jpeg 900w, https:\/\/blogs.donboscovolunteers.de\/sebbelinargentinien\/wp-content\/uploads\/sites\/21675\/2023\/10\/F1FCD205-9783-4765-A6B8-5C176CFFD78F.jpeg 960w\" sizes=\"auto, (max-width: 768px) 100vw, 768px\" \/><figcaption class=\"wp-element-caption\">Obelisk im Zentrum der Stadt<\/figcaption><\/figure>\n<\/figure>\n<\/div>\n\n\n\n<div class=\"wp-block-column is-layout-flow wp-block-column-is-layout-flow\">\n<figure class=\"wp-block-gallery has-nested-images columns-default is-cropped wp-block-gallery-10 is-layout-flex wp-block-gallery-is-layout-flex\">\n<figure class=\"wp-block-image size-large\"><img loading=\"lazy\" decoding=\"async\" width=\"768\" height=\"1024\" data-id=\"58\" src=\"https:\/\/blogs.donboscovolunteers.de\/sebbelinargentinien\/wp-content\/uploads\/sites\/21675\/2023\/10\/4607A9D8-7D1A-4562-96A1-619430326EB0-768x1024.jpeg\" alt=\"\" class=\"wp-image-58\" srcset=\"https:\/\/blogs.donboscovolunteers.de\/sebbelinargentinien\/wp-content\/uploads\/sites\/21675\/2023\/10\/4607A9D8-7D1A-4562-96A1-619430326EB0-768x1024.jpeg 768w, https:\/\/blogs.donboscovolunteers.de\/sebbelinargentinien\/wp-content\/uploads\/sites\/21675\/2023\/10\/4607A9D8-7D1A-4562-96A1-619430326EB0-225x300.jpeg 225w, https:\/\/blogs.donboscovolunteers.de\/sebbelinargentinien\/wp-content\/uploads\/sites\/21675\/2023\/10\/4607A9D8-7D1A-4562-96A1-619430326EB0-900x1200.jpeg 900w, https:\/\/blogs.donboscovolunteers.de\/sebbelinargentinien\/wp-content\/uploads\/sites\/21675\/2023\/10\/4607A9D8-7D1A-4562-96A1-619430326EB0.jpeg 960w\" sizes=\"auto, (max-width: 768px) 100vw, 768px\" \/><figcaption class=\"wp-element-caption\">Im Stadtteil La Boca <\/figcaption><\/figure>\n\n\n\n<figure class=\"wp-block-image size-large\"><img loading=\"lazy\" decoding=\"async\" width=\"1024\" height=\"768\" data-id=\"62\" src=\"https:\/\/blogs.donboscovolunteers.de\/sebbelinargentinien\/wp-content\/uploads\/sites\/21675\/2023\/10\/B9D99079-BB06-4582-A473-8F1C902964DD-1024x768.jpeg\" alt=\"\" class=\"wp-image-62\" srcset=\"https:\/\/blogs.donboscovolunteers.de\/sebbelinargentinien\/wp-content\/uploads\/sites\/21675\/2023\/10\/B9D99079-BB06-4582-A473-8F1C902964DD-1024x768.jpeg 1024w, https:\/\/blogs.donboscovolunteers.de\/sebbelinargentinien\/wp-content\/uploads\/sites\/21675\/2023\/10\/B9D99079-BB06-4582-A473-8F1C902964DD-300x225.jpeg 300w, https:\/\/blogs.donboscovolunteers.de\/sebbelinargentinien\/wp-content\/uploads\/sites\/21675\/2023\/10\/B9D99079-BB06-4582-A473-8F1C902964DD-768x576.jpeg 768w, https:\/\/blogs.donboscovolunteers.de\/sebbelinargentinien\/wp-content\/uploads\/sites\/21675\/2023\/10\/B9D99079-BB06-4582-A473-8F1C902964DD-900x675.jpeg 900w, https:\/\/blogs.donboscovolunteers.de\/sebbelinargentinien\/wp-content\/uploads\/sites\/21675\/2023\/10\/B9D99079-BB06-4582-A473-8F1C902964DD.jpeg 1280w\" sizes=\"auto, (max-width: 1024px) 100vw, 1024px\" \/><\/figure>\n\n\n\n<figure class=\"wp-block-image size-large\"><img loading=\"lazy\" decoding=\"async\" width=\"768\" height=\"1024\" data-id=\"63\" src=\"https:\/\/blogs.donboscovolunteers.de\/sebbelinargentinien\/wp-content\/uploads\/sites\/21675\/2023\/10\/72FC60C9-2927-40D8-977A-CD0A76543731-768x1024.jpeg\" alt=\"\" class=\"wp-image-63\" srcset=\"https:\/\/blogs.donboscovolunteers.de\/sebbelinargentinien\/wp-content\/uploads\/sites\/21675\/2023\/10\/72FC60C9-2927-40D8-977A-CD0A76543731-768x1024.jpeg 768w, https:\/\/blogs.donboscovolunteers.de\/sebbelinargentinien\/wp-content\/uploads\/sites\/21675\/2023\/10\/72FC60C9-2927-40D8-977A-CD0A76543731-225x300.jpeg 225w, https:\/\/blogs.donboscovolunteers.de\/sebbelinargentinien\/wp-content\/uploads\/sites\/21675\/2023\/10\/72FC60C9-2927-40D8-977A-CD0A76543731-900x1200.jpeg 900w, https:\/\/blogs.donboscovolunteers.de\/sebbelinargentinien\/wp-content\/uploads\/sites\/21675\/2023\/10\/72FC60C9-2927-40D8-977A-CD0A76543731.jpeg 960w\" sizes=\"auto, (max-width: 768px) 100vw, 768px\" \/><\/figure>\n\n\n\n<figure class=\"wp-block-image size-large\"><img loading=\"lazy\" decoding=\"async\" width=\"1024\" height=\"768\" data-id=\"64\" src=\"https:\/\/blogs.donboscovolunteers.de\/sebbelinargentinien\/wp-content\/uploads\/sites\/21675\/2023\/10\/CA0EB4B9-5F42-4C31-AF44-B08950EA3458-1024x768.jpeg\" alt=\"\" class=\"wp-image-64\" srcset=\"https:\/\/blogs.donboscovolunteers.de\/sebbelinargentinien\/wp-content\/uploads\/sites\/21675\/2023\/10\/CA0EB4B9-5F42-4C31-AF44-B08950EA3458-1024x768.jpeg 1024w, https:\/\/blogs.donboscovolunteers.de\/sebbelinargentinien\/wp-content\/uploads\/sites\/21675\/2023\/10\/CA0EB4B9-5F42-4C31-AF44-B08950EA3458-300x225.jpeg 300w, https:\/\/blogs.donboscovolunteers.de\/sebbelinargentinien\/wp-content\/uploads\/sites\/21675\/2023\/10\/CA0EB4B9-5F42-4C31-AF44-B08950EA3458-768x576.jpeg 768w, https:\/\/blogs.donboscovolunteers.de\/sebbelinargentinien\/wp-content\/uploads\/sites\/21675\/2023\/10\/CA0EB4B9-5F42-4C31-AF44-B08950EA3458-900x675.jpeg 900w, https:\/\/blogs.donboscovolunteers.de\/sebbelinargentinien\/wp-content\/uploads\/sites\/21675\/2023\/10\/CA0EB4B9-5F42-4C31-AF44-B08950EA3458.jpeg 1280w\" sizes=\"auto, (max-width: 1024px) 100vw, 1024px\" \/><\/figure>\n\n\n\n<figure class=\"wp-block-image size-large\"><img loading=\"lazy\" decoding=\"async\" width=\"768\" height=\"1024\" data-id=\"65\" src=\"https:\/\/blogs.donboscovolunteers.de\/sebbelinargentinien\/wp-content\/uploads\/sites\/21675\/2023\/10\/5855EF14-19B5-4BBD-AFEE-D2AFA5B72FC5-768x1024.jpeg\" alt=\"\" class=\"wp-image-65\" srcset=\"https:\/\/blogs.donboscovolunteers.de\/sebbelinargentinien\/wp-content\/uploads\/sites\/21675\/2023\/10\/5855EF14-19B5-4BBD-AFEE-D2AFA5B72FC5-768x1024.jpeg 768w, https:\/\/blogs.donboscovolunteers.de\/sebbelinargentinien\/wp-content\/uploads\/sites\/21675\/2023\/10\/5855EF14-19B5-4BBD-AFEE-D2AFA5B72FC5-225x300.jpeg 225w, https:\/\/blogs.donboscovolunteers.de\/sebbelinargentinien\/wp-content\/uploads\/sites\/21675\/2023\/10\/5855EF14-19B5-4BBD-AFEE-D2AFA5B72FC5-900x1200.jpeg 900w, https:\/\/blogs.donboscovolunteers.de\/sebbelinargentinien\/wp-content\/uploads\/sites\/21675\/2023\/10\/5855EF14-19B5-4BBD-AFEE-D2AFA5B72FC5.jpeg 960w\" sizes=\"auto, (max-width: 768px) 100vw, 768px\" \/><\/figure>\n\n\n\n<figure class=\"wp-block-image size-large\"><img loading=\"lazy\" decoding=\"async\" width=\"768\" height=\"1024\" data-id=\"66\" src=\"https:\/\/blogs.donboscovolunteers.de\/sebbelinargentinien\/wp-content\/uploads\/sites\/21675\/2023\/10\/C0971F05-0081-43E0-90A1-8913570C4734-768x1024.jpeg\" alt=\"\" class=\"wp-image-66\" srcset=\"https:\/\/blogs.donboscovolunteers.de\/sebbelinargentinien\/wp-content\/uploads\/sites\/21675\/2023\/10\/C0971F05-0081-43E0-90A1-8913570C4734-768x1024.jpeg 768w, https:\/\/blogs.donboscovolunteers.de\/sebbelinargentinien\/wp-content\/uploads\/sites\/21675\/2023\/10\/C0971F05-0081-43E0-90A1-8913570C4734-225x300.jpeg 225w, https:\/\/blogs.donboscovolunteers.de\/sebbelinargentinien\/wp-content\/uploads\/sites\/21675\/2023\/10\/C0971F05-0081-43E0-90A1-8913570C4734-900x1200.jpeg 900w, https:\/\/blogs.donboscovolunteers.de\/sebbelinargentinien\/wp-content\/uploads\/sites\/21675\/2023\/10\/C0971F05-0081-43E0-90A1-8913570C4734.jpeg 960w\" sizes=\"auto, (max-width: 768px) 100vw, 768px\" \/><\/figure>\n<\/figure>\n<\/div>\n<\/div>\n\n\n\n<p>Nach dem zweiw\u00f6chigen Aufenthalt in Buenos Aires erfuhren wir den Termin an welchem wir nach Villa Regina fahren. In Villa Regina, am R\u00edo Negro, befindet sich unser Projekt des Volontariat, in welchem wir f\u00fcr ein Jahr arbeiten werden. Am 26.09. ging es mit dem Omnibus los &#8211; f\u00fcr 16 Stunden. \u00dcber die Ankunft und dem Start ins Projekt erfahrt ihr in meinem n\u00e4chstem Blogeintrag.<\/p>\n\n\n\n<p>Liebe Gr\u00fc\u00dfe, Sebastian ^^<br><\/p>\n\n\n\n<p><\/p>","protected":false},"excerpt":{"rendered":"<p>Hey hier ist Sebastian. Willkommen zu meinem ersten Blogeintrag. Nach rund 14 Stunden Flug von Frankfurt nach Buenos Aires komme ich am Freitag dem 15.09. Um 6:10 Uhr am Flughafen Ezeiza in der Provinz Buenos Aires an. Hier empf\u00e4ngt mich Bruder Jos\u00e9 Pepe Lichardi und wir machen uns mit dem Auto rund eine Stunde in [&hellip;]<\/p>\n","protected":false},"author":21773,"featured_media":0,"comment_status":"open","ping_status":"open","sticky":false,"template":"","format":"standard","meta":{"footnotes":""},"categories":[1],"tags":[],"class_list":["post-18","post","type-post","status-publish","format-standard","hentry","category-allgemein"],"yoast_head":"<!-- This site is optimized with the Yoast SEO plugin v25.3.1 - https:\/\/yoast.com\/wordpress\/plugins\/seo\/ -->\n<title>Der Anfang meines Volontariats in Argentinien - Als Volo in Argentinien<\/title>\n<meta name=\"robots\" content=\"index, follow, max-snippet:-1, max-image-preview:large, max-video-preview:-1\" \/>\n<link rel=\"canonical\" href=\"https:\/\/blogs.donboscovolunteers.de\/sebbelinargentinien\/2023\/10\/03\/der-anfang-meines-volontariats-in-argentinien\/\" \/>\n<meta property=\"og:locale\" content=\"de_DE\" \/>\n<meta property=\"og:type\" content=\"article\" \/>\n<meta property=\"og:title\" content=\"Der Anfang meines Volontariats in Argentinien - Als Volo in Argentinien\" \/>\n<meta property=\"og:description\" content=\"Hey hier ist Sebastian. Willkommen zu meinem ersten Blogeintrag. Nach rund 14 Stunden Flug von Frankfurt nach Buenos Aires komme ich am Freitag dem 15.09. Um 6:10 Uhr am Flughafen Ezeiza in der Provinz Buenos Aires an. Hier empf\u00e4ngt mich Bruder Jos\u00e9 Pepe Lichardi und wir machen uns mit dem Auto rund eine Stunde in [&hellip;]\" \/>\n<meta property=\"og:url\" content=\"https:\/\/blogs.donboscovolunteers.de\/sebbelinargentinien\/2023\/10\/03\/der-anfang-meines-volontariats-in-argentinien\/\" \/>\n<meta property=\"og:site_name\" content=\"Als Volo in Argentinien\" \/>\n<meta property=\"article:published_time\" content=\"2023-10-03T18:42:14+00:00\" \/>\n<meta property=\"article:modified_time\" content=\"2023-10-04T16:32:47+00:00\" \/>\n<meta property=\"og:image\" content=\"https:\/\/blogs.donboscovolunteers.de\/sebbelinargentinien\/wp-content\/uploads\/sites\/21675\/2023\/09\/4D5CAAE7-0CEF-4065-9520-1F248FDF4F08-768x1024.jpeg\" \/>\n<meta name=\"author\" content=\"Sebastian Schwarzbach\" \/>\n<meta name=\"twitter:card\" content=\"summary_large_image\" \/>\n<meta name=\"twitter:label1\" content=\"Verfasst von\" \/>\n\t<meta name=\"twitter:data1\" content=\"Sebastian Schwarzbach\" \/>\n\t<meta name=\"twitter:label2\" content=\"Gesch\u00e4tzte Lesezeit\" \/>\n\t<meta name=\"twitter:data2\" content=\"3\u00a0Minuten\" \/>\n<script type=\"application\/ld+json\" class=\"yoast-schema-graph\">{\"@context\":\"https:\/\/schema.org\",\"@graph\":[{\"@type\":\"WebPage\",\"@id\":\"https:\/\/blogs.donboscovolunteers.de\/sebbelinargentinien\/2023\/10\/03\/der-anfang-meines-volontariats-in-argentinien\/\",\"url\":\"https:\/\/blogs.donboscovolunteers.de\/sebbelinargentinien\/2023\/10\/03\/der-anfang-meines-volontariats-in-argentinien\/\",\"name\":\"Der Anfang meines Volontariats in Argentinien - Als Volo in Argentinien\",\"isPartOf\":{\"@id\":\"https:\/\/blogs.donboscovolunteers.de\/sebbelinargentinien\/#website\"},\"primaryImageOfPage\":{\"@id\":\"https:\/\/blogs.donboscovolunteers.de\/sebbelinargentinien\/2023\/10\/03\/der-anfang-meines-volontariats-in-argentinien\/#primaryimage\"},\"image\":{\"@id\":\"https:\/\/blogs.donboscovolunteers.de\/sebbelinargentinien\/2023\/10\/03\/der-anfang-meines-volontariats-in-argentinien\/#primaryimage\"},\"thumbnailUrl\":\"https:\/\/blogs.donboscovolunteers.de\/sebbelinargentinien\/wp-content\/uploads\/sites\/21675\/2023\/09\/4D5CAAE7-0CEF-4065-9520-1F248FDF4F08-768x1024.jpeg\",\"datePublished\":\"2023-10-03T18:42:14+00:00\",\"dateModified\":\"2023-10-04T16:32:47+00:00\",\"author\":{\"@id\":\"https:\/\/blogs.donboscovolunteers.de\/sebbelinargentinien\/#\/schema\/person\/51a9898436dd98841775de990f8a9308\"},\"breadcrumb\":{\"@id\":\"https:\/\/blogs.donboscovolunteers.de\/sebbelinargentinien\/2023\/10\/03\/der-anfang-meines-volontariats-in-argentinien\/#breadcrumb\"},\"inLanguage\":\"de\",\"potentialAction\":[{\"@type\":\"ReadAction\",\"target\":[\"https:\/\/blogs.donboscovolunteers.de\/sebbelinargentinien\/2023\/10\/03\/der-anfang-meines-volontariats-in-argentinien\/\"]}]},{\"@type\":\"ImageObject\",\"inLanguage\":\"de\",\"@id\":\"https:\/\/blogs.donboscovolunteers.de\/sebbelinargentinien\/2023\/10\/03\/der-anfang-meines-volontariats-in-argentinien\/#primaryimage\",\"url\":\"https:\/\/blogs.donboscovolunteers.de\/sebbelinargentinien\/wp-content\/uploads\/sites\/21675\/2023\/09\/4D5CAAE7-0CEF-4065-9520-1F248FDF4F08.jpeg\",\"contentUrl\":\"https:\/\/blogs.donboscovolunteers.de\/sebbelinargentinien\/wp-content\/uploads\/sites\/21675\/2023\/09\/4D5CAAE7-0CEF-4065-9520-1F248FDF4F08.jpeg\",\"width\":960,\"height\":1280,\"caption\":\"Die Schule von Au\u00dfen.\"},{\"@type\":\"BreadcrumbList\",\"@id\":\"https:\/\/blogs.donboscovolunteers.de\/sebbelinargentinien\/2023\/10\/03\/der-anfang-meines-volontariats-in-argentinien\/#breadcrumb\",\"itemListElement\":[{\"@type\":\"ListItem\",\"position\":1,\"name\":\"Startseite\",\"item\":\"https:\/\/blogs.donboscovolunteers.de\/sebbelinargentinien\/\"},{\"@type\":\"ListItem\",\"position\":2,\"name\":\"Der Anfang meines Volontariats in Argentinien\"}]},{\"@type\":\"WebSite\",\"@id\":\"https:\/\/blogs.donboscovolunteers.de\/sebbelinargentinien\/#website\",\"url\":\"https:\/\/blogs.donboscovolunteers.de\/sebbelinargentinien\/\",\"name\":\"Als Volo in Argentinien\",\"description\":\"Buenos Aires | Villa Regina R\u00edo Negro\",\"potentialAction\":[{\"@type\":\"SearchAction\",\"target\":{\"@type\":\"EntryPoint\",\"urlTemplate\":\"https:\/\/blogs.donboscovolunteers.de\/sebbelinargentinien\/?s={search_term_string}\"},\"query-input\":{\"@type\":\"PropertyValueSpecification\",\"valueRequired\":true,\"valueName\":\"search_term_string\"}}],\"inLanguage\":\"de\"},{\"@type\":\"Person\",\"@id\":\"https:\/\/blogs.donboscovolunteers.de\/sebbelinargentinien\/#\/schema\/person\/51a9898436dd98841775de990f8a9308\",\"name\":\"Sebastian Schwarzbach\",\"image\":{\"@type\":\"ImageObject\",\"inLanguage\":\"de\",\"@id\":\"https:\/\/blogs.donboscovolunteers.de\/sebbelinargentinien\/#\/schema\/person\/image\/\",\"url\":\"https:\/\/secure.gravatar.com\/avatar\/5c6c584ac40c2287134212f064b54cb03aa9961d2bda34f8f70305e9426b273e?s=96&d=mm&r=g\",\"contentUrl\":\"https:\/\/secure.gravatar.com\/avatar\/5c6c584ac40c2287134212f064b54cb03aa9961d2bda34f8f70305e9426b273e?s=96&d=mm&r=g\",\"caption\":\"Sebastian Schwarzbach\"},\"description\":\"Hey, hier ist Sebastian. Ich bin ein Don Bosco Volunteer und befinde mich f\u00fcr meinen einj\u00e4hrigen Auslandsfreiwilligendienst in Argentinien. Angefangen in Buenos Aires nehme ich euch in meinem Blog mit nach Villa Regina am R\u00edo Negro : )\",\"url\":\"https:\/\/blogs.donboscovolunteers.de\/sebbelinargentinien\/author\/sebbel\/\"}]}<\/script>\n<!-- \/ Yoast SEO plugin. -->","yoast_head_json":{"title":"Der Anfang meines Volontariats in Argentinien - Als Volo in Argentinien","robots":{"index":"index","follow":"follow","max-snippet":"max-snippet:-1","max-image-preview":"max-image-preview:large","max-video-preview":"max-video-preview:-1"},"canonical":"https:\/\/blogs.donboscovolunteers.de\/sebbelinargentinien\/2023\/10\/03\/der-anfang-meines-volontariats-in-argentinien\/","og_locale":"de_DE","og_type":"article","og_title":"Der Anfang meines Volontariats in Argentinien - Als Volo in Argentinien","og_description":"Hey hier ist Sebastian. Willkommen zu meinem ersten Blogeintrag. Nach rund 14 Stunden Flug von Frankfurt nach Buenos Aires komme ich am Freitag dem 15.09. Um 6:10 Uhr am Flughafen Ezeiza in der Provinz Buenos Aires an. Hier empf\u00e4ngt mich Bruder Jos\u00e9 Pepe Lichardi und wir machen uns mit dem Auto rund eine Stunde in [&hellip;]","og_url":"https:\/\/blogs.donboscovolunteers.de\/sebbelinargentinien\/2023\/10\/03\/der-anfang-meines-volontariats-in-argentinien\/","og_site_name":"Als Volo in Argentinien","article_published_time":"2023-10-03T18:42:14+00:00","article_modified_time":"2023-10-04T16:32:47+00:00","og_image":[{"url":"https:\/\/blogs.donboscovolunteers.de\/sebbelinargentinien\/wp-content\/uploads\/sites\/21675\/2023\/09\/4D5CAAE7-0CEF-4065-9520-1F248FDF4F08-768x1024.jpeg","type":"","width":"","height":""}],"author":"Sebastian Schwarzbach","twitter_card":"summary_large_image","twitter_misc":{"Verfasst von":"Sebastian Schwarzbach","Gesch\u00e4tzte Lesezeit":"3\u00a0Minuten"},"schema":{"@context":"https:\/\/schema.org","@graph":[{"@type":"WebPage","@id":"https:\/\/blogs.donboscovolunteers.de\/sebbelinargentinien\/2023\/10\/03\/der-anfang-meines-volontariats-in-argentinien\/","url":"https:\/\/blogs.donboscovolunteers.de\/sebbelinargentinien\/2023\/10\/03\/der-anfang-meines-volontariats-in-argentinien\/","name":"Der Anfang meines Volontariats in Argentinien - Als Volo in Argentinien","isPartOf":{"@id":"https:\/\/blogs.donboscovolunteers.de\/sebbelinargentinien\/#website"},"primaryImageOfPage":{"@id":"https:\/\/blogs.donboscovolunteers.de\/sebbelinargentinien\/2023\/10\/03\/der-anfang-meines-volontariats-in-argentinien\/#primaryimage"},"image":{"@id":"https:\/\/blogs.donboscovolunteers.de\/sebbelinargentinien\/2023\/10\/03\/der-anfang-meines-volontariats-in-argentinien\/#primaryimage"},"thumbnailUrl":"https:\/\/blogs.donboscovolunteers.de\/sebbelinargentinien\/wp-content\/uploads\/sites\/21675\/2023\/09\/4D5CAAE7-0CEF-4065-9520-1F248FDF4F08-768x1024.jpeg","datePublished":"2023-10-03T18:42:14+00:00","dateModified":"2023-10-04T16:32:47+00:00","author":{"@id":"https:\/\/blogs.donboscovolunteers.de\/sebbelinargentinien\/#\/schema\/person\/51a9898436dd98841775de990f8a9308"},"breadcrumb":{"@id":"https:\/\/blogs.donboscovolunteers.de\/sebbelinargentinien\/2023\/10\/03\/der-anfang-meines-volontariats-in-argentinien\/#breadcrumb"},"inLanguage":"de","potentialAction":[{"@type":"ReadAction","target":["https:\/\/blogs.donboscovolunteers.de\/sebbelinargentinien\/2023\/10\/03\/der-anfang-meines-volontariats-in-argentinien\/"]}]},{"@type":"ImageObject","inLanguage":"de","@id":"https:\/\/blogs.donboscovolunteers.de\/sebbelinargentinien\/2023\/10\/03\/der-anfang-meines-volontariats-in-argentinien\/#primaryimage","url":"https:\/\/blogs.donboscovolunteers.de\/sebbelinargentinien\/wp-content\/uploads\/sites\/21675\/2023\/09\/4D5CAAE7-0CEF-4065-9520-1F248FDF4F08.jpeg","contentUrl":"https:\/\/blogs.donboscovolunteers.de\/sebbelinargentinien\/wp-content\/uploads\/sites\/21675\/2023\/09\/4D5CAAE7-0CEF-4065-9520-1F248FDF4F08.jpeg","width":960,"height":1280,"caption":"Die Schule von Au\u00dfen."},{"@type":"BreadcrumbList","@id":"https:\/\/blogs.donboscovolunteers.de\/sebbelinargentinien\/2023\/10\/03\/der-anfang-meines-volontariats-in-argentinien\/#breadcrumb","itemListElement":[{"@type":"ListItem","position":1,"name":"Startseite","item":"https:\/\/blogs.donboscovolunteers.de\/sebbelinargentinien\/"},{"@type":"ListItem","position":2,"name":"Der Anfang meines Volontariats in Argentinien"}]},{"@type":"WebSite","@id":"https:\/\/blogs.donboscovolunteers.de\/sebbelinargentinien\/#website","url":"https:\/\/blogs.donboscovolunteers.de\/sebbelinargentinien\/","name":"Als Volo in Argentinien","description":"Buenos Aires | Villa Regina R\u00edo Negro","potentialAction":[{"@type":"SearchAction","target":{"@type":"EntryPoint","urlTemplate":"https:\/\/blogs.donboscovolunteers.de\/sebbelinargentinien\/?s={search_term_string}"},"query-input":{"@type":"PropertyValueSpecification","valueRequired":true,"valueName":"search_term_string"}}],"inLanguage":"de"},{"@type":"Person","@id":"https:\/\/blogs.donboscovolunteers.de\/sebbelinargentinien\/#\/schema\/person\/51a9898436dd98841775de990f8a9308","name":"Sebastian Schwarzbach","image":{"@type":"ImageObject","inLanguage":"de","@id":"https:\/\/blogs.donboscovolunteers.de\/sebbelinargentinien\/#\/schema\/person\/image\/","url":"https:\/\/secure.gravatar.com\/avatar\/5c6c584ac40c2287134212f064b54cb03aa9961d2bda34f8f70305e9426b273e?s=96&d=mm&r=g","contentUrl":"https:\/\/secure.gravatar.com\/avatar\/5c6c584ac40c2287134212f064b54cb03aa9961d2bda34f8f70305e9426b273e?s=96&d=mm&r=g","caption":"Sebastian Schwarzbach"},"description":"Hey, hier ist Sebastian. Ich bin ein Don Bosco Volunteer und befinde mich f\u00fcr meinen einj\u00e4hrigen Auslandsfreiwilligendienst in Argentinien. Angefangen in Buenos Aires nehme ich euch in meinem Blog mit nach Villa Regina am R\u00edo Negro : )","url":"https:\/\/blogs.donboscovolunteers.de\/sebbelinargentinien\/author\/sebbel\/"}]}},"_links":{"self":[{"href":"https:\/\/blogs.donboscovolunteers.de\/sebbelinargentinien\/wp-json\/wp\/v2\/posts\/18","targetHints":{"allow":["GET"]}}],"collection":[{"href":"https:\/\/blogs.donboscovolunteers.de\/sebbelinargentinien\/wp-json\/wp\/v2\/posts"}],"about":[{"href":"https:\/\/blogs.donboscovolunteers.de\/sebbelinargentinien\/wp-json\/wp\/v2\/types\/post"}],"author":[{"embeddable":true,"href":"https:\/\/blogs.donboscovolunteers.de\/sebbelinargentinien\/wp-json\/wp\/v2\/users\/21773"}],"replies":[{"embeddable":true,"href":"https:\/\/blogs.donboscovolunteers.de\/sebbelinargentinien\/wp-json\/wp\/v2\/comments?post=18"}],"version-history":[{"count":12,"href":"https:\/\/blogs.donboscovolunteers.de\/sebbelinargentinien\/wp-json\/wp\/v2\/posts\/18\/revisions"}],"predecessor-version":[{"id":72,"href":"https:\/\/blogs.donboscovolunteers.de\/sebbelinargentinien\/wp-json\/wp\/v2\/posts\/18\/revisions\/72"}],"wp:attachment":[{"href":"https:\/\/blogs.donboscovolunteers.de\/sebbelinargentinien\/wp-json\/wp\/v2\/media?parent=18"}],"wp:term":[{"taxonomy":"category","embeddable":true,"href":"https:\/\/blogs.donboscovolunteers.de\/sebbelinargentinien\/wp-json\/wp\/v2\/categories?post=18"},{"taxonomy":"post_tag","embeddable":true,"href":"https:\/\/blogs.donboscovolunteers.de\/sebbelinargentinien\/wp-json\/wp\/v2\/tags?post=18"}],"curies":[{"name":"wp","href":"https:\/\/api.w.org\/{rel}","templated":true}]}}