{"id":53,"date":"2022-09-24T20:13:46","date_gmt":"2022-09-24T18:13:46","guid":{"rendered":"https:\/\/blogs.donboscovolunteers.de\/paulakirchner\/?p=53"},"modified":"2022-09-25T22:20:39","modified_gmt":"2022-09-25T20:20:39","slug":"spaetstart","status":"publish","type":"post","link":"https:\/\/blogs.donboscovolunteers.de\/paulakirchner\/2022\/09\/24\/spaetstart\/","title":{"rendered":"(SP\u00c4T)START"},"content":{"rendered":"<p>Das beschreibt den Beginn von meinem Freiwiligendienst recht gut. Eigentlich sollte ich n\u00e4mlich zusammen mit meinem Mitvolunt\u00e4r Emmanuel am 12. September nach Mumbai ausreisen. Allerdings hatte Emmaneul nicht so Gl\u00fcck mit der Ausstellung des Visums wie ich, die nach einer Woche schon den Reisepass samt Visumsticker im Briefkasten hatte. Es hie\u00df dann auf einmal es kann noch mehrere Wochen dauern, ein paar Tage darauf aber dann, es dauert doch nur eine Woche. Aber ob mit einer Woche eine Arbeitswoche oder 7 Tage gemeint waren wurde nicht erkl\u00e4rt, was unseren umgebuchten Flug am 21. September erneut in Gefahr gebracht h\u00e4tte. Letztendlich ist dann das Visum zwei Tage vor dem 21. September fertig gewesen, was riesige Freude bei uns ausgel\u00f6st hat. Das h\u00f6rt sich jetzt zwar nicht so dramatisch an, aber nachdem man sich schon ein halbes Jahr auf den <a href=\"https:\/\/www.donboscovolunteers.de\/\">Freiwilligendienst<\/a> gefreut hat und dann gesagt bekommt, dass die Bewilligung noch mehrere Wochen dauern kann und man nichts konkretes sagen kann, war dann doch ziemlich entt\u00e4uschend.<\/p>\n\n\n\n<p>Nach diesem Hin und Her bei der Ausstellung des Visums und einem wilden Emotionenmix ging es am Mittwoch dann endlich f\u00fcr uns los. Unser Boarding wurde f\u00fcr 12.30 Uhr angesetzt und das Flugzeug sollte dann um 13.20 Uhr abheben. Als wir dann schon in der Schlange f\u00fcr das Boarding standen kam eine Durchsage nach der n\u00e4chsten, die unseren Flug um je 10 Minuten verschob. Als wir dann um ca. 13.15 Uhr im Flieger sa\u00dfen, sagte der Pilot durch dass unser Flug noch nicht losgehen kann. Dabei z\u00f6gerte es sich 15 min f\u00fcr 15 min \u2026 heraus bis wir dann um 14.50 Uhr starten konnten. Etwas um die 8 Stunden waren wir dann in der Luft, was sich f\u00fcr mich wie eine Ewigkeit anf\u00fchlte, weil ich noch nie so lange geflogen bin, viele um mich herum einschliefen (worauf ich sehr neidisch war) und \u00fcber 8 Stunden auf einem Economy Class Sitz nicht das Angenehmste ist.&nbsp;<\/p>\n\n\n\n<p>Ich war so froh als wir dann endlich um ca. kurz nach 3 Uhr nachts (indische Zeit) ankamen und ich meine Beine etwas bewegen konnte. Ohne Versp\u00e4tung w\u00e4ren wir um 1 Uhr da gewesen\/ was 21.30 Uhr nach deutscher Zeit ist. Im Flughafen in Mumbai ging es dann f\u00fcr uns weiter zum Einwanderungsschalter, um einen Stempel in unseren Pass zu bekommen und im Anschluss zum Gep\u00e4ckband.<\/p>\n\n\n\n<p>Kurz vor 4 konnten wir dann das Flughafengeb\u00e4ude verlassen um dort Father Lester, den Direktor des Shelters <a href=\"https:\/\/www.donboscomission.de\/don-bosco\/\">Don Bosco<\/a>, in dem wir arbeiten werden, zu treffen. Er brachte noch Fr. Roy und Fr. Rudolf mit, die ebenfalls im Shelter arbeiten. Zu F\u00fcnft und mit 6 Taschen sind wir dann Richtung Shelter gefahren. Ich musste kurz schlucken, als ich mich in die Mitte sa\u00df und gesagt bekam \u201e No Seatbelt\u201c, aber ich wurde dann beruhigt mit \u201e We won\u2019t go over 40\u201c. Die Fahrt vom Flughafen zum Shelter dauerte ca. 20 Minuten. Wir hatten die Fensterscheiben unten, da es um die 24 Grad waren. Der frische Fahrtwind und die Stadt im dunklen haben diese Fahrt einzigartig gemacht. Durch die Stra\u00dfenlaternen und teils dem Licht der H\u00e4user konnte man auch bei Nacht ziemlich viel erkennen. Mir ist besonders aufgefallen, wie gr\u00fcn es ist. \u00dcberall am Stra\u00dfenrand stehen riesige Palmen oder andere hohe B\u00e4ume und auch Kletterpflanzen und B\u00fcsche. Der Stra\u00dfenverkehr war im Vergleich zum Tag sehr ruhig, auch wenn gef\u00fchlt sich alle begegnenden Fahrzeuge willk\u00fcrlich anhupen.&nbsp;<\/p>\n\n\n\n<figure class=\"wp-block-image size-large\"><img loading=\"lazy\" decoding=\"async\" width=\"461\" height=\"1024\" src=\"https:\/\/blogs.donboscovolunteers.de\/paulakirchner\/wp-content\/uploads\/sites\/21654\/2022\/09\/20220923_173618-461x1024.jpg\" alt=\"\" class=\"wp-image-55\" srcset=\"https:\/\/blogs.donboscovolunteers.de\/paulakirchner\/wp-content\/uploads\/sites\/21654\/2022\/09\/20220923_173618-461x1024.jpg 461w, https:\/\/blogs.donboscovolunteers.de\/paulakirchner\/wp-content\/uploads\/sites\/21654\/2022\/09\/20220923_173618-135x300.jpg 135w, https:\/\/blogs.donboscovolunteers.de\/paulakirchner\/wp-content\/uploads\/sites\/21654\/2022\/09\/20220923_173618.jpg 576w\" sizes=\"auto, (max-width: 461px) 100vw, 461px\" \/><figcaption>Also dieses Schild scheinen alle gekonnte zu ignorieren.<\/figcaption><\/figure>\n\n\n\n<p>Im Shelter angekommen haben wir noch etwas zu Trinken bekommen und sind dann weiter zu unserer Unterkunft im \u201eShrine Office\u201c, der zu einer Gro\u00dfen Einrichtung von Don Bosco Matunga geh\u00f6rt. Auf dem Gel\u00e4nde befinden sich ebenfalls das Provincial House gegen\u00fcber von unserer Unterkunft, eine internationale Schule, eine weitere Schule, der Shrine (eine Gartenanlage mit einem Schrein, bei dem ich noch nicht wei\u00df wen er ehren soll) und eine gro\u00dfe Sportanlagen mit 3 Fu\u00dfballfeldern und einem Basketballplatz. Als ich dann in meinem Zimmer war, nachdem alles wichtige f\u00fcr die Nacht bzw. den Morgen gekl\u00e4rt wurde, habe ich mich noch kurz frisch gemacht und bin dann gegen 5.20 Uhr schlafen gegangen.&nbsp;<\/p>\n\n\n\n<p><strong>Erste Eindr\u00fccke<\/strong><\/p>\n\n\n\n<p>Um 6.30 Uhr wache ich von Ger\u00e4uschen von drau\u00dfen auf. Nach kurzem Orientieren stelle ich fest, dass auf dem Fu\u00dfballplatz, gegen\u00fcber von meinem Zimmer gelegen, Kinder laut fr\u00f6hlich Fu\u00dfball spielen. Ich bem\u00fche mich sehr wieder einzuschlafen, nachdem ich entt\u00e4uschend feststelle, dass ich ja noch gar nicht lange geschlafen habe. Um 10.20 Uhr klingelt dann mein Wecker und ich mache mich fertig um zum Shelter zu laufen. Nach einem 7 min\u00fctigen Gang mit sehr vielen neuen Eindr\u00fccken werden wir dann im Shelter Don Bosco von Fr. Rudolf und den neugierigen Blicken einiger Kinder begr\u00fc\u00dft. Meinem Magengrummeln entsprechend habe ich mich dann sehr \u00fcber das Fr\u00fchst\u00fcck bzw. Lunch gefreut. Es gab Nudeln mit einer mittelscharfen Tomaten-Gem\u00fcseso\u00dfe (die laut den Fathers gar nicht scharf ist) und Ricecake mit einer Art Dip. Danach wird uns von Fr. Lester erkl\u00e4rt wie der regul\u00e4re Tagesablauf im Shelter ist und zu meiner Freude, dass wir die erste Woche Eingew\u00f6hnung ganz entspannt angehen k\u00f6nnen. Anschlie\u00dfend geht es dann zur\u00fcck zur Unterkunft auf unsere Zimmer, wo ich angefange mein Gep\u00e4ck auszupacken und mein Zimmer schon ein bisschen einzurichten. Gegen 18 Uhr gehen wir dann zum Shelter zur\u00fcck, wo sich jetzt viel mehr Kinder als am Vormittag versammelt haben, welche direkt auf uns zu kommen und einige Fragen stellen. Um 18.15 Uhr findet dann ein Assembly mit allen statt, bei dem gebetet wurde und Emmanuel und ich offiziell als Volunteers vorgestellt werden. Dabei bekommen wir nach Shelter Don Bosco Tradition wei\u00dfe H\u00fcte von zwei Kindern aufgesetzt, was alle sichtlich am\u00fcsiert. Die Jungs (es ist ein reines Jungen Projekt) f\u00fchren uns dann anschlie\u00dfend inmitten auf irgendwelcher Nebenstra\u00dfen zum Fu\u00dfballplatz beim Shrine, wo dann Fu\u00dfball gespielt werden soll. Ich bem\u00fche mich sehr mich nicht ganz so ungeschickt anzustellen, aber das ist gar nicht so leicht. Denn wenn man von allen Teammitgliedern \u201eDidi shoot\u201c (Didi ist Hindi und hei\u00dft in etwa \u201egro\u00dfe Schwester\u201c (das sagen die Kinder zu den Frauen, die etwas \u00e4lter als sie sind) zuh\u00f6ren bekommt, aber auf Grundlage des Ersten Tages kaum Namen und die zugeh\u00f6rigen Jungs kennt, ist es schwer zu wissen wem man jetzt zupassen soll. Dazu kommt noch, dass ich nicht sehr begabt im Fu\u00dfball Spielen bin und ich seit Jahren nicht mehr gegen einen Ball getreten habe. Ich bin also sichtlich verwirrt und etwas hilflos. Abgesehen von meinem kl\u00e4glichen Spielversuch, genie\u00dfe ich die 1 \u00bd Stunden auf dem Fu\u00dfballplatz aber sehr aufgrund der tollen Atmosph\u00e4re. Auf diesem riesen Fu\u00dfballplatz zu stehen w\u00e4hrend es schon dunkel wird, umgeben von gro\u00dfen Palmen und noch gr\u00f6\u00dferen Hochh\u00e4usern, wo nur die Flutlichter und Hochh\u00e4user in der warmen, diesigen Abendluft Licht schenken, hat sich unglaublich angef\u00fchlt. Ich hoffe ich kann diese Atomsph\u00e4re mal in einem Foto festhalten um es euch hier zu zeigen.<\/p>\n\n\n\n<figure class=\"wp-block-image size-large\"><img loading=\"lazy\" decoding=\"async\" width=\"1024\" height=\"461\" src=\"https:\/\/blogs.donboscovolunteers.de\/paulakirchner\/wp-content\/uploads\/sites\/21654\/2022\/09\/IMG_0255-1024x461.jpg\" alt=\"\" class=\"wp-image-56\" srcset=\"https:\/\/blogs.donboscovolunteers.de\/paulakirchner\/wp-content\/uploads\/sites\/21654\/2022\/09\/IMG_0255-1024x461.jpg 1024w, https:\/\/blogs.donboscovolunteers.de\/paulakirchner\/wp-content\/uploads\/sites\/21654\/2022\/09\/IMG_0255-300x135.jpg 300w, https:\/\/blogs.donboscovolunteers.de\/paulakirchner\/wp-content\/uploads\/sites\/21654\/2022\/09\/IMG_0255-768x346.jpg 768w, https:\/\/blogs.donboscovolunteers.de\/paulakirchner\/wp-content\/uploads\/sites\/21654\/2022\/09\/IMG_0255-900x405.jpg 900w, https:\/\/blogs.donboscovolunteers.de\/paulakirchner\/wp-content\/uploads\/sites\/21654\/2022\/09\/IMG_0255.jpg 1280w\" sizes=\"auto, (max-width: 1024px) 100vw, 1024px\" \/><figcaption>Dieses Bild (23.09.2022) kommt bis jetzt am ehesten an die Atmosph\u00e4re vom ersten Tag heran.<\/figcaption><\/figure>\n\n\n\n<p>Anschlie\u00dfend geht es wieder zur\u00fcck in den Shelter, wo es dann Abendessen gibt, das nach so viel Bewegung auch n\u00f6tig war. Wieder im Unterkunftsgeb\u00e4ude sitze ich nun geduscht und gl\u00fccklich auf meinem Bett und verfasse diese Zeilen. Ich kann kaum glauben, dass ich in diesem Moment nicht einmal 24 Stunden hier bin und schon so viel erlebt und so viele Eindr\u00fccke gesammelt habe, die \u00fcber diese Erz\u00e4hlungen hinaus gehen.<\/p>\n\n\n\n<p>Ich w\u00fcrde an dieser Stelle noch gerne Anmerken, dass alles wor\u00fcber ich berichte meine eigenen Erfahrungen sind in dem Kontext, dass ich als Freiwillige und zum ersten Mal in Mumbai bin. Diese Erz\u00e4hlungen sollten also nicht verallgemeinert werden und besonders nicht auf ganz <a href=\"https:\/\/strassenkinder.de\/laender\/asien\/inden\/\">Indien<\/a> bezogen werden. Indien ist ein sehr diverses Land, was sich in Kultur, Religion, Geographie, Klima und vielem mehr \u00e4u\u00dfert. Bitte dies beim lesen im Hinterkopf behalten!<\/p>\n\n\n\n<figure class=\"wp-block-image size-large\"><img loading=\"lazy\" decoding=\"async\" width=\"461\" height=\"1024\" src=\"https:\/\/blogs.donboscovolunteers.de\/paulakirchner\/wp-content\/uploads\/sites\/21654\/2022\/09\/20220922_130359-461x1024.jpg\" alt=\"\" class=\"wp-image-57\" srcset=\"https:\/\/blogs.donboscovolunteers.de\/paulakirchner\/wp-content\/uploads\/sites\/21654\/2022\/09\/20220922_130359-461x1024.jpg 461w, https:\/\/blogs.donboscovolunteers.de\/paulakirchner\/wp-content\/uploads\/sites\/21654\/2022\/09\/20220922_130359-135x300.jpg 135w, https:\/\/blogs.donboscovolunteers.de\/paulakirchner\/wp-content\/uploads\/sites\/21654\/2022\/09\/20220922_130359.jpg 576w\" sizes=\"auto, (max-width: 461px) 100vw, 461px\" \/><figcaption>Hier noch ein Foto vom Innenhof des Shelters.<\/figcaption><\/figure>\n\n\n\n<p class=\"has-medium-font-size\">Liebe Gr\u00fc\u00dfe und ute Nacht aus Mumbai&nbsp;\ud83d\ude42<\/p>","protected":false},"excerpt":{"rendered":"<p>Das beschreibt den Beginn von meinem Freiwiligendienst recht gut. Eigentlich sollte ich n\u00e4mlich zusammen mit meinem Mitvolunt\u00e4r Emmanuel am 12. September nach Mumbai ausreisen. Allerdings hatte Emmaneul nicht so Gl\u00fcck mit der Ausstellung des Visums wie ich, die nach einer Woche schon den Reisepass samt Visumsticker im Briefkasten hatte. Es hie\u00df dann auf einmal es [&hellip;]<\/p>\n","protected":false},"author":21739,"featured_media":0,"comment_status":"open","ping_status":"open","sticky":false,"template":"","format":"standard","meta":{"footnotes":""},"categories":[1],"tags":[4,5],"class_list":["post-53","post","type-post","status-publish","format-standard","hentry","category-allgemein","tag-shelter-don-bosco","tag-shelter-don-bosco-mumbai"],"yoast_head":"<!-- This site is optimized with the Yoast SEO plugin v25.3.1 - https:\/\/yoast.com\/wordpress\/plugins\/seo\/ -->\n<title>(SP\u00c4T)START - Aus der Kleinstadt nach Mumbai<\/title>\n<meta name=\"robots\" content=\"index, follow, max-snippet:-1, max-image-preview:large, max-video-preview:-1\" \/>\n<link rel=\"canonical\" href=\"https:\/\/blogs.donboscovolunteers.de\/paulakirchner\/2022\/09\/24\/spaetstart\/\" \/>\n<meta property=\"og:locale\" content=\"de_DE\" \/>\n<meta property=\"og:type\" content=\"article\" \/>\n<meta property=\"og:title\" content=\"(SP\u00c4T)START - Aus der Kleinstadt nach Mumbai\" \/>\n<meta property=\"og:description\" content=\"Das beschreibt den Beginn von meinem Freiwiligendienst recht gut. Eigentlich sollte ich n\u00e4mlich zusammen mit meinem Mitvolunt\u00e4r Emmanuel am 12. September nach Mumbai ausreisen. Allerdings hatte Emmaneul nicht so Gl\u00fcck mit der Ausstellung des Visums wie ich, die nach einer Woche schon den Reisepass samt Visumsticker im Briefkasten hatte. Es hie\u00df dann auf einmal es [&hellip;]\" \/>\n<meta property=\"og:url\" content=\"https:\/\/blogs.donboscovolunteers.de\/paulakirchner\/2022\/09\/24\/spaetstart\/\" \/>\n<meta property=\"og:site_name\" content=\"Aus der Kleinstadt nach Mumbai\" \/>\n<meta property=\"article:published_time\" content=\"2022-09-24T18:13:46+00:00\" \/>\n<meta property=\"article:modified_time\" content=\"2022-09-25T20:20:39+00:00\" \/>\n<meta property=\"og:image\" content=\"https:\/\/blogs.donboscovolunteers.de\/paulakirchner\/wp-content\/uploads\/sites\/21654\/2022\/09\/20220923_173618-461x1024.jpg\" \/>\n<meta name=\"author\" content=\"Paula Kirchner\" \/>\n<meta name=\"twitter:card\" content=\"summary_large_image\" \/>\n<meta name=\"twitter:label1\" content=\"Verfasst von\" \/>\n\t<meta name=\"twitter:data1\" content=\"Paula Kirchner\" \/>\n\t<meta name=\"twitter:label2\" content=\"Gesch\u00e4tzte Lesezeit\" \/>\n\t<meta name=\"twitter:data2\" content=\"8\u00a0Minuten\" \/>\n<script type=\"application\/ld+json\" class=\"yoast-schema-graph\">{\"@context\":\"https:\/\/schema.org\",\"@graph\":[{\"@type\":\"WebPage\",\"@id\":\"https:\/\/blogs.donboscovolunteers.de\/paulakirchner\/2022\/09\/24\/spaetstart\/\",\"url\":\"https:\/\/blogs.donboscovolunteers.de\/paulakirchner\/2022\/09\/24\/spaetstart\/\",\"name\":\"(SP\u00c4T)START - Aus der Kleinstadt nach Mumbai\",\"isPartOf\":{\"@id\":\"https:\/\/blogs.donboscovolunteers.de\/paulakirchner\/#website\"},\"primaryImageOfPage\":{\"@id\":\"https:\/\/blogs.donboscovolunteers.de\/paulakirchner\/2022\/09\/24\/spaetstart\/#primaryimage\"},\"image\":{\"@id\":\"https:\/\/blogs.donboscovolunteers.de\/paulakirchner\/2022\/09\/24\/spaetstart\/#primaryimage\"},\"thumbnailUrl\":\"https:\/\/blogs.donboscovolunteers.de\/paulakirchner\/wp-content\/uploads\/sites\/21654\/2022\/09\/20220923_173618-461x1024.jpg\",\"datePublished\":\"2022-09-24T18:13:46+00:00\",\"dateModified\":\"2022-09-25T20:20:39+00:00\",\"author\":{\"@id\":\"https:\/\/blogs.donboscovolunteers.de\/paulakirchner\/#\/schema\/person\/29fabe49822393a837689a4c2ce6cef2\"},\"breadcrumb\":{\"@id\":\"https:\/\/blogs.donboscovolunteers.de\/paulakirchner\/2022\/09\/24\/spaetstart\/#breadcrumb\"},\"inLanguage\":\"de\",\"potentialAction\":[{\"@type\":\"ReadAction\",\"target\":[\"https:\/\/blogs.donboscovolunteers.de\/paulakirchner\/2022\/09\/24\/spaetstart\/\"]}]},{\"@type\":\"ImageObject\",\"inLanguage\":\"de\",\"@id\":\"https:\/\/blogs.donboscovolunteers.de\/paulakirchner\/2022\/09\/24\/spaetstart\/#primaryimage\",\"url\":\"https:\/\/blogs.donboscovolunteers.de\/paulakirchner\/wp-content\/uploads\/sites\/21654\/2022\/09\/20220923_173618.jpg\",\"contentUrl\":\"https:\/\/blogs.donboscovolunteers.de\/paulakirchner\/wp-content\/uploads\/sites\/21654\/2022\/09\/20220923_173618.jpg\",\"width\":576,\"height\":1280},{\"@type\":\"BreadcrumbList\",\"@id\":\"https:\/\/blogs.donboscovolunteers.de\/paulakirchner\/2022\/09\/24\/spaetstart\/#breadcrumb\",\"itemListElement\":[{\"@type\":\"ListItem\",\"position\":1,\"name\":\"Startseite\",\"item\":\"https:\/\/blogs.donboscovolunteers.de\/paulakirchner\/\"},{\"@type\":\"ListItem\",\"position\":2,\"name\":\"(SP\u00c4T)START\"}]},{\"@type\":\"WebSite\",\"@id\":\"https:\/\/blogs.donboscovolunteers.de\/paulakirchner\/#website\",\"url\":\"https:\/\/blogs.donboscovolunteers.de\/paulakirchner\/\",\"name\":\"Aus der Kleinstadt nach Mumbai\",\"description\":\"Meine pers\u00f6nlichen Erfahrungen aus Mumbai\",\"potentialAction\":[{\"@type\":\"SearchAction\",\"target\":{\"@type\":\"EntryPoint\",\"urlTemplate\":\"https:\/\/blogs.donboscovolunteers.de\/paulakirchner\/?s={search_term_string}\"},\"query-input\":{\"@type\":\"PropertyValueSpecification\",\"valueRequired\":true,\"valueName\":\"search_term_string\"}}],\"inLanguage\":\"de\"},{\"@type\":\"Person\",\"@id\":\"https:\/\/blogs.donboscovolunteers.de\/paulakirchner\/#\/schema\/person\/29fabe49822393a837689a4c2ce6cef2\",\"name\":\"Paula Kirchner\",\"image\":{\"@type\":\"ImageObject\",\"inLanguage\":\"de\",\"@id\":\"https:\/\/blogs.donboscovolunteers.de\/paulakirchner\/#\/schema\/person\/image\/\",\"url\":\"https:\/\/secure.gravatar.com\/avatar\/325cae69e846149f61f6c628f89413efd35630ab858934de9003730467266fa4?s=96&d=mm&r=g\",\"contentUrl\":\"https:\/\/secure.gravatar.com\/avatar\/325cae69e846149f61f6c628f89413efd35630ab858934de9003730467266fa4?s=96&d=mm&r=g\",\"caption\":\"Paula Kirchner\"},\"url\":\"https:\/\/blogs.donboscovolunteers.de\/paulakirchner\/author\/paulakirchner\/\"}]}<\/script>\n<!-- \/ Yoast SEO plugin. -->","yoast_head_json":{"title":"(SP\u00c4T)START - Aus der Kleinstadt nach Mumbai","robots":{"index":"index","follow":"follow","max-snippet":"max-snippet:-1","max-image-preview":"max-image-preview:large","max-video-preview":"max-video-preview:-1"},"canonical":"https:\/\/blogs.donboscovolunteers.de\/paulakirchner\/2022\/09\/24\/spaetstart\/","og_locale":"de_DE","og_type":"article","og_title":"(SP\u00c4T)START - Aus der Kleinstadt nach Mumbai","og_description":"Das beschreibt den Beginn von meinem Freiwiligendienst recht gut. Eigentlich sollte ich n\u00e4mlich zusammen mit meinem Mitvolunt\u00e4r Emmanuel am 12. September nach Mumbai ausreisen. Allerdings hatte Emmaneul nicht so Gl\u00fcck mit der Ausstellung des Visums wie ich, die nach einer Woche schon den Reisepass samt Visumsticker im Briefkasten hatte. Es hie\u00df dann auf einmal es [&hellip;]","og_url":"https:\/\/blogs.donboscovolunteers.de\/paulakirchner\/2022\/09\/24\/spaetstart\/","og_site_name":"Aus der Kleinstadt nach Mumbai","article_published_time":"2022-09-24T18:13:46+00:00","article_modified_time":"2022-09-25T20:20:39+00:00","og_image":[{"url":"https:\/\/blogs.donboscovolunteers.de\/paulakirchner\/wp-content\/uploads\/sites\/21654\/2022\/09\/20220923_173618-461x1024.jpg","type":"","width":"","height":""}],"author":"Paula Kirchner","twitter_card":"summary_large_image","twitter_misc":{"Verfasst von":"Paula Kirchner","Gesch\u00e4tzte Lesezeit":"8\u00a0Minuten"},"schema":{"@context":"https:\/\/schema.org","@graph":[{"@type":"WebPage","@id":"https:\/\/blogs.donboscovolunteers.de\/paulakirchner\/2022\/09\/24\/spaetstart\/","url":"https:\/\/blogs.donboscovolunteers.de\/paulakirchner\/2022\/09\/24\/spaetstart\/","name":"(SP\u00c4T)START - Aus der Kleinstadt nach Mumbai","isPartOf":{"@id":"https:\/\/blogs.donboscovolunteers.de\/paulakirchner\/#website"},"primaryImageOfPage":{"@id":"https:\/\/blogs.donboscovolunteers.de\/paulakirchner\/2022\/09\/24\/spaetstart\/#primaryimage"},"image":{"@id":"https:\/\/blogs.donboscovolunteers.de\/paulakirchner\/2022\/09\/24\/spaetstart\/#primaryimage"},"thumbnailUrl":"https:\/\/blogs.donboscovolunteers.de\/paulakirchner\/wp-content\/uploads\/sites\/21654\/2022\/09\/20220923_173618-461x1024.jpg","datePublished":"2022-09-24T18:13:46+00:00","dateModified":"2022-09-25T20:20:39+00:00","author":{"@id":"https:\/\/blogs.donboscovolunteers.de\/paulakirchner\/#\/schema\/person\/29fabe49822393a837689a4c2ce6cef2"},"breadcrumb":{"@id":"https:\/\/blogs.donboscovolunteers.de\/paulakirchner\/2022\/09\/24\/spaetstart\/#breadcrumb"},"inLanguage":"de","potentialAction":[{"@type":"ReadAction","target":["https:\/\/blogs.donboscovolunteers.de\/paulakirchner\/2022\/09\/24\/spaetstart\/"]}]},{"@type":"ImageObject","inLanguage":"de","@id":"https:\/\/blogs.donboscovolunteers.de\/paulakirchner\/2022\/09\/24\/spaetstart\/#primaryimage","url":"https:\/\/blogs.donboscovolunteers.de\/paulakirchner\/wp-content\/uploads\/sites\/21654\/2022\/09\/20220923_173618.jpg","contentUrl":"https:\/\/blogs.donboscovolunteers.de\/paulakirchner\/wp-content\/uploads\/sites\/21654\/2022\/09\/20220923_173618.jpg","width":576,"height":1280},{"@type":"BreadcrumbList","@id":"https:\/\/blogs.donboscovolunteers.de\/paulakirchner\/2022\/09\/24\/spaetstart\/#breadcrumb","itemListElement":[{"@type":"ListItem","position":1,"name":"Startseite","item":"https:\/\/blogs.donboscovolunteers.de\/paulakirchner\/"},{"@type":"ListItem","position":2,"name":"(SP\u00c4T)START"}]},{"@type":"WebSite","@id":"https:\/\/blogs.donboscovolunteers.de\/paulakirchner\/#website","url":"https:\/\/blogs.donboscovolunteers.de\/paulakirchner\/","name":"Aus der Kleinstadt nach Mumbai","description":"Meine pers\u00f6nlichen Erfahrungen aus Mumbai","potentialAction":[{"@type":"SearchAction","target":{"@type":"EntryPoint","urlTemplate":"https:\/\/blogs.donboscovolunteers.de\/paulakirchner\/?s={search_term_string}"},"query-input":{"@type":"PropertyValueSpecification","valueRequired":true,"valueName":"search_term_string"}}],"inLanguage":"de"},{"@type":"Person","@id":"https:\/\/blogs.donboscovolunteers.de\/paulakirchner\/#\/schema\/person\/29fabe49822393a837689a4c2ce6cef2","name":"Paula Kirchner","image":{"@type":"ImageObject","inLanguage":"de","@id":"https:\/\/blogs.donboscovolunteers.de\/paulakirchner\/#\/schema\/person\/image\/","url":"https:\/\/secure.gravatar.com\/avatar\/325cae69e846149f61f6c628f89413efd35630ab858934de9003730467266fa4?s=96&d=mm&r=g","contentUrl":"https:\/\/secure.gravatar.com\/avatar\/325cae69e846149f61f6c628f89413efd35630ab858934de9003730467266fa4?s=96&d=mm&r=g","caption":"Paula Kirchner"},"url":"https:\/\/blogs.donboscovolunteers.de\/paulakirchner\/author\/paulakirchner\/"}]}},"_links":{"self":[{"href":"https:\/\/blogs.donboscovolunteers.de\/paulakirchner\/wp-json\/wp\/v2\/posts\/53","targetHints":{"allow":["GET"]}}],"collection":[{"href":"https:\/\/blogs.donboscovolunteers.de\/paulakirchner\/wp-json\/wp\/v2\/posts"}],"about":[{"href":"https:\/\/blogs.donboscovolunteers.de\/paulakirchner\/wp-json\/wp\/v2\/types\/post"}],"author":[{"embeddable":true,"href":"https:\/\/blogs.donboscovolunteers.de\/paulakirchner\/wp-json\/wp\/v2\/users\/21739"}],"replies":[{"embeddable":true,"href":"https:\/\/blogs.donboscovolunteers.de\/paulakirchner\/wp-json\/wp\/v2\/comments?post=53"}],"version-history":[{"count":3,"href":"https:\/\/blogs.donboscovolunteers.de\/paulakirchner\/wp-json\/wp\/v2\/posts\/53\/revisions"}],"predecessor-version":[{"id":60,"href":"https:\/\/blogs.donboscovolunteers.de\/paulakirchner\/wp-json\/wp\/v2\/posts\/53\/revisions\/60"}],"wp:attachment":[{"href":"https:\/\/blogs.donboscovolunteers.de\/paulakirchner\/wp-json\/wp\/v2\/media?parent=53"}],"wp:term":[{"taxonomy":"category","embeddable":true,"href":"https:\/\/blogs.donboscovolunteers.de\/paulakirchner\/wp-json\/wp\/v2\/categories?post=53"},{"taxonomy":"post_tag","embeddable":true,"href":"https:\/\/blogs.donboscovolunteers.de\/paulakirchner\/wp-json\/wp\/v2\/tags?post=53"}],"curies":[{"name":"wp","href":"https:\/\/api.w.org\/{rel}","templated":true}]}}