{"id":162,"date":"2022-12-07T23:13:36","date_gmt":"2022-12-07T22:13:36","guid":{"rendered":"https:\/\/blogs.donboscovolunteers.de\/ninosnews\/?p=162"},"modified":"2022-12-07T23:13:37","modified_gmt":"2022-12-07T22:13:37","slug":"advent-advent","status":"publish","type":"post","link":"https:\/\/blogs.donboscovolunteers.de\/ninosnews\/2022\/12\/07\/advent-advent\/","title":{"rendered":"Advent Advent"},"content":{"rendered":"<p>Am 18. November waren Antonio und ich mit den kleinen aus dem Quendra Ditore auf einer Buchmesse. Es war recht witzig zu erraten, wie die B\u00fccher auf Deutsch hei\u00dfen w\u00fcrden. Zwei Tage sp\u00e4ter waren wir dann in der Hafenstadt Durres, um den Jugendtag der Di\u00f6zese zu zelebrieren. Der Tag fing ganz sonnig an und endete in einer unglaublichen Sintflut, bei der die Autos zu Booten wurden.<\/p>\n\n\n\n<figure class=\"wp-block-image size-large is-resized\"><img loading=\"lazy\" decoding=\"async\" src=\"https:\/\/blogs.donboscovolunteers.de\/ninosnews\/wp-content\/uploads\/sites\/21660\/2022\/12\/IMG_0517-768x1024.jpg\" alt=\"\" class=\"wp-image-163\" width=\"290\" height=\"387\" srcset=\"https:\/\/blogs.donboscovolunteers.de\/ninosnews\/wp-content\/uploads\/sites\/21660\/2022\/12\/IMG_0517-768x1024.jpg 768w, https:\/\/blogs.donboscovolunteers.de\/ninosnews\/wp-content\/uploads\/sites\/21660\/2022\/12\/IMG_0517-225x300.jpg 225w, https:\/\/blogs.donboscovolunteers.de\/ninosnews\/wp-content\/uploads\/sites\/21660\/2022\/12\/IMG_0517-900x1200.jpg 900w, https:\/\/blogs.donboscovolunteers.de\/ninosnews\/wp-content\/uploads\/sites\/21660\/2022\/12\/IMG_0517.jpg 960w\" sizes=\"auto, (max-width: 290px) 100vw, 290px\" \/><figcaption class=\"wp-element-caption\">Don Gino im Regen<\/figcaption><\/figure>\n\n\n\n<p>Antonio ist am Tag darauf prompt krank geworden und \u201eMama Nino\u201c musste sich um ihn k\u00fcmmern. Am 25. November wurde der Unabh\u00e4ngigkeitstag in der Schule vorgefeiert, weil am eigentlichen Feiertag die Schule geschlossen ist. Am n\u00e4chsten Tag, Antonio war immer noch krank, war ich zusammen mit Don Don und den Animatoren in Belsh an einem See und danach in Elbasan in der Innenstadt. Es war \u00e4u\u00dferst am\u00fcsant, und die Animatoren und ich kommen mittlerweile super miteinander aus. Am 28. und 29. hatten wir frei und waren zudem noch mit Mario allein im Haus. Wir haben Filme geguckt, Popcorn gemampft, Sandwiches gegrillt und ein Konzert von Dua Lipa besucht. Der 30. war wieder schwer, weil man zur\u00fcck in den alten Trott musste, aber ich glaube, das wird schon wieder.<\/p>\n\n\n\n<div class=\"wp-block-columns are-vertically-aligned-center is-layout-flex wp-container-core-columns-is-layout-9d6595d7 wp-block-columns-is-layout-flex\">\n<div class=\"wp-block-column is-vertically-aligned-center is-layout-flow wp-block-column-is-layout-flow\" style=\"flex-basis:100%\">\n<figure class=\"wp-block-image size-large is-resized\"><img loading=\"lazy\" decoding=\"async\" src=\"https:\/\/blogs.donboscovolunteers.de\/ninosnews\/wp-content\/uploads\/sites\/21660\/2022\/12\/IMG_0553-768x1024.jpg\" alt=\"\" class=\"wp-image-164\" width=\"216\" height=\"288\" srcset=\"https:\/\/blogs.donboscovolunteers.de\/ninosnews\/wp-content\/uploads\/sites\/21660\/2022\/12\/IMG_0553-768x1024.jpg 768w, https:\/\/blogs.donboscovolunteers.de\/ninosnews\/wp-content\/uploads\/sites\/21660\/2022\/12\/IMG_0553-225x300.jpg 225w, https:\/\/blogs.donboscovolunteers.de\/ninosnews\/wp-content\/uploads\/sites\/21660\/2022\/12\/IMG_0553-900x1200.jpg 900w, https:\/\/blogs.donboscovolunteers.de\/ninosnews\/wp-content\/uploads\/sites\/21660\/2022\/12\/IMG_0553.jpg 960w\" sizes=\"auto, (max-width: 216px) 100vw, 216px\" \/><figcaption class=\"wp-element-caption\">Belsh-See<\/figcaption><\/figure>\n<\/div>\n<\/div>\n\n\n\n<p>Am ersten Dezember wurde gewichtelt. Ich sag nicht, wen ich als Wichtelpartner bekommen hab, aber es wird spannend. Am 3. Dezember habe ich das Zimmer mit Luis, einem Mitbewohner, getauscht. Er wohnt jetzt mit Antonio in einem Zimmer und ich mit Brandy. Nach dem Tauschen sind wir dann in die Altstadt und haben hei\u00dfe Schokolade gegessen. Ja, gegessen, denn die Schokolade ist hier so dickfl\u00fcssig, dass man sie mit einem L\u00f6ffel essen muss. Am 4. Dezember war zum Gottesdienst und zum Mittagessen ein Gesandter des Vatikans zu Besuch. War ganz nett.<\/p>\n\n\n\n<figure class=\"wp-block-image size-large is-resized\"><img loading=\"lazy\" decoding=\"async\" src=\"https:\/\/blogs.donboscovolunteers.de\/ninosnews\/wp-content\/uploads\/sites\/21660\/2022\/12\/IMG_0616-768x1024.jpg\" alt=\"\" class=\"wp-image-165\" width=\"229\" height=\"305\" srcset=\"https:\/\/blogs.donboscovolunteers.de\/ninosnews\/wp-content\/uploads\/sites\/21660\/2022\/12\/IMG_0616-768x1024.jpg 768w, https:\/\/blogs.donboscovolunteers.de\/ninosnews\/wp-content\/uploads\/sites\/21660\/2022\/12\/IMG_0616-225x300.jpg 225w, https:\/\/blogs.donboscovolunteers.de\/ninosnews\/wp-content\/uploads\/sites\/21660\/2022\/12\/IMG_0616-900x1200.jpg 900w, https:\/\/blogs.donboscovolunteers.de\/ninosnews\/wp-content\/uploads\/sites\/21660\/2022\/12\/IMG_0616.jpg 960w\" sizes=\"auto, (max-width: 229px) 100vw, 229px\" \/><figcaption class=\"wp-element-caption\">Vatikanischer Diplomat<\/figcaption><\/figure>\n\n\n\n<p>Ach ja: Ich muss meinen Vierteljahrs-Bericht noch fertigstellen. Das krieg ich schon hin, aber ich muss auch einen Trip f\u00fcr drei vom 27. Dezember bis zum 6. Januar auf die Beine stellen und das bereitet mir schon gewisse Bauchschmerzen. Aber wie hei\u00dft es so sch\u00f6n: Der Mann w\u00e4chst mit seinen Aufgaben.<\/p>\n\n\n\n<p>Also dann,<\/p>\n\n\n\n<p>Mirupafshim und hoffentlich bis in zwei Wochen.<\/p>\n\n\n\n<figure class=\"wp-block-image size-large\"><img loading=\"lazy\" decoding=\"async\" width=\"1024\" height=\"768\" src=\"https:\/\/blogs.donboscovolunteers.de\/ninosnews\/wp-content\/uploads\/sites\/21660\/2022\/12\/IMG_0660-1024x768.jpg\" alt=\"\" class=\"wp-image-166\" srcset=\"https:\/\/blogs.donboscovolunteers.de\/ninosnews\/wp-content\/uploads\/sites\/21660\/2022\/12\/IMG_0660-1024x768.jpg 1024w, https:\/\/blogs.donboscovolunteers.de\/ninosnews\/wp-content\/uploads\/sites\/21660\/2022\/12\/IMG_0660-300x225.jpg 300w, https:\/\/blogs.donboscovolunteers.de\/ninosnews\/wp-content\/uploads\/sites\/21660\/2022\/12\/IMG_0660-768x576.jpg 768w, https:\/\/blogs.donboscovolunteers.de\/ninosnews\/wp-content\/uploads\/sites\/21660\/2022\/12\/IMG_0660-900x675.jpg 900w, https:\/\/blogs.donboscovolunteers.de\/ninosnews\/wp-content\/uploads\/sites\/21660\/2022\/12\/IMG_0660.jpg 1280w\" sizes=\"auto, (max-width: 1024px) 100vw, 1024px\" \/><\/figure>","protected":false},"excerpt":{"rendered":"<p>Am 18. November waren Antonio und ich mit den kleinen aus dem Quendra Ditore auf einer Buchmesse. Es war recht witzig zu erraten, wie die B\u00fccher auf Deutsch hei\u00dfen w\u00fcrden. Zwei Tage sp\u00e4ter waren wir dann in der Hafenstadt Durres, um den Jugendtag der Di\u00f6zese zu zelebrieren. Der Tag fing ganz sonnig an und endete [&hellip;]<\/p>\n","protected":false},"author":21750,"featured_media":0,"comment_status":"open","ping_status":"open","sticky":false,"template":"","format":"standard","meta":{"footnotes":""},"categories":[1],"tags":[],"class_list":["post-162","post","type-post","status-publish","format-standard","hentry","category-allgemein"],"yoast_head":"<!-- This site is optimized with the Yoast SEO plugin v25.3.1 - https:\/\/yoast.com\/wordpress\/plugins\/seo\/ -->\n<title>Advent Advent - ninosnews<\/title>\n<meta name=\"robots\" content=\"index, follow, max-snippet:-1, max-image-preview:large, max-video-preview:-1\" \/>\n<link rel=\"canonical\" href=\"https:\/\/blogs.donboscovolunteers.de\/ninosnews\/2022\/12\/07\/advent-advent\/\" \/>\n<meta property=\"og:locale\" content=\"de_DE\" \/>\n<meta property=\"og:type\" content=\"article\" \/>\n<meta property=\"og:title\" content=\"Advent Advent - ninosnews\" \/>\n<meta property=\"og:description\" content=\"Am 18. November waren Antonio und ich mit den kleinen aus dem Quendra Ditore auf einer Buchmesse. Es war recht witzig zu erraten, wie die B\u00fccher auf Deutsch hei\u00dfen w\u00fcrden. Zwei Tage sp\u00e4ter waren wir dann in der Hafenstadt Durres, um den Jugendtag der Di\u00f6zese zu zelebrieren. Der Tag fing ganz sonnig an und endete [&hellip;]\" \/>\n<meta property=\"og:url\" content=\"https:\/\/blogs.donboscovolunteers.de\/ninosnews\/2022\/12\/07\/advent-advent\/\" \/>\n<meta property=\"og:site_name\" content=\"ninosnews\" \/>\n<meta property=\"article:published_time\" content=\"2022-12-07T22:13:36+00:00\" \/>\n<meta property=\"article:modified_time\" content=\"2022-12-07T22:13:37+00:00\" \/>\n<meta property=\"og:image\" content=\"https:\/\/blogs.donboscovolunteers.de\/ninosnews\/wp-content\/uploads\/sites\/21660\/2022\/12\/IMG_0517-768x1024.jpg\" \/>\n<meta name=\"author\" content=\"Severin Cajetan Gutmann\" \/>\n<meta name=\"twitter:card\" content=\"summary_large_image\" \/>\n<meta name=\"twitter:label1\" content=\"Verfasst von\" \/>\n\t<meta name=\"twitter:data1\" content=\"Severin Cajetan Gutmann\" \/>\n\t<meta name=\"twitter:label2\" content=\"Gesch\u00e4tzte Lesezeit\" \/>\n\t<meta name=\"twitter:data2\" content=\"3\u00a0Minuten\" \/>\n<script type=\"application\/ld+json\" class=\"yoast-schema-graph\">{\"@context\":\"https:\/\/schema.org\",\"@graph\":[{\"@type\":\"WebPage\",\"@id\":\"https:\/\/blogs.donboscovolunteers.de\/ninosnews\/2022\/12\/07\/advent-advent\/\",\"url\":\"https:\/\/blogs.donboscovolunteers.de\/ninosnews\/2022\/12\/07\/advent-advent\/\",\"name\":\"Advent Advent - ninosnews\",\"isPartOf\":{\"@id\":\"https:\/\/blogs.donboscovolunteers.de\/ninosnews\/#website\"},\"primaryImageOfPage\":{\"@id\":\"https:\/\/blogs.donboscovolunteers.de\/ninosnews\/2022\/12\/07\/advent-advent\/#primaryimage\"},\"image\":{\"@id\":\"https:\/\/blogs.donboscovolunteers.de\/ninosnews\/2022\/12\/07\/advent-advent\/#primaryimage\"},\"thumbnailUrl\":\"https:\/\/blogs.donboscovolunteers.de\/ninosnews\/wp-content\/uploads\/sites\/21660\/2022\/12\/IMG_0517-768x1024.jpg\",\"datePublished\":\"2022-12-07T22:13:36+00:00\",\"dateModified\":\"2022-12-07T22:13:37+00:00\",\"author\":{\"@id\":\"https:\/\/blogs.donboscovolunteers.de\/ninosnews\/#\/schema\/person\/e6c01f7075d2cc89ae5b1ce6a8bcce64\"},\"breadcrumb\":{\"@id\":\"https:\/\/blogs.donboscovolunteers.de\/ninosnews\/2022\/12\/07\/advent-advent\/#breadcrumb\"},\"inLanguage\":\"de\",\"potentialAction\":[{\"@type\":\"ReadAction\",\"target\":[\"https:\/\/blogs.donboscovolunteers.de\/ninosnews\/2022\/12\/07\/advent-advent\/\"]}]},{\"@type\":\"ImageObject\",\"inLanguage\":\"de\",\"@id\":\"https:\/\/blogs.donboscovolunteers.de\/ninosnews\/2022\/12\/07\/advent-advent\/#primaryimage\",\"url\":\"https:\/\/blogs.donboscovolunteers.de\/ninosnews\/wp-content\/uploads\/sites\/21660\/2022\/12\/IMG_0517.jpg\",\"contentUrl\":\"https:\/\/blogs.donboscovolunteers.de\/ninosnews\/wp-content\/uploads\/sites\/21660\/2022\/12\/IMG_0517.jpg\",\"width\":960,\"height\":1280},{\"@type\":\"BreadcrumbList\",\"@id\":\"https:\/\/blogs.donboscovolunteers.de\/ninosnews\/2022\/12\/07\/advent-advent\/#breadcrumb\",\"itemListElement\":[{\"@type\":\"ListItem\",\"position\":1,\"name\":\"Startseite\",\"item\":\"https:\/\/blogs.donboscovolunteers.de\/ninosnews\/\"},{\"@type\":\"ListItem\",\"position\":2,\"name\":\"Advent Advent\"}]},{\"@type\":\"WebSite\",\"@id\":\"https:\/\/blogs.donboscovolunteers.de\/ninosnews\/#website\",\"url\":\"https:\/\/blogs.donboscovolunteers.de\/ninosnews\/\",\"name\":\"ninosnews\",\"description\":\"Eine WEITERE Don Bosco Volunteers Blog Website\",\"potentialAction\":[{\"@type\":\"SearchAction\",\"target\":{\"@type\":\"EntryPoint\",\"urlTemplate\":\"https:\/\/blogs.donboscovolunteers.de\/ninosnews\/?s={search_term_string}\"},\"query-input\":{\"@type\":\"PropertyValueSpecification\",\"valueRequired\":true,\"valueName\":\"search_term_string\"}}],\"inLanguage\":\"de\"},{\"@type\":\"Person\",\"@id\":\"https:\/\/blogs.donboscovolunteers.de\/ninosnews\/#\/schema\/person\/e6c01f7075d2cc89ae5b1ce6a8bcce64\",\"name\":\"Severin Cajetan Gutmann\",\"image\":{\"@type\":\"ImageObject\",\"inLanguage\":\"de\",\"@id\":\"https:\/\/blogs.donboscovolunteers.de\/ninosnews\/#\/schema\/person\/image\/\",\"url\":\"https:\/\/secure.gravatar.com\/avatar\/e6ae98f5f5cd370ba0afd30852f027437eb569113b5aa3ffee21e5c723088da2?s=96&d=mm&r=g\",\"contentUrl\":\"https:\/\/secure.gravatar.com\/avatar\/e6ae98f5f5cd370ba0afd30852f027437eb569113b5aa3ffee21e5c723088da2?s=96&d=mm&r=g\",\"caption\":\"Severin Cajetan Gutmann\"},\"description\":\"\u00fcberzeugter Altruist ein wenig vorlaut voller Wissen und Wissensbegierde Dichter, Poet, Gitarrist und Pianoman Immer auf der mentalen Suche nach dem perfekten Moment\",\"url\":\"https:\/\/blogs.donboscovolunteers.de\/ninosnews\/author\/ninosnews\/\"}]}<\/script>\n<!-- \/ Yoast SEO plugin. -->","yoast_head_json":{"title":"Advent Advent - ninosnews","robots":{"index":"index","follow":"follow","max-snippet":"max-snippet:-1","max-image-preview":"max-image-preview:large","max-video-preview":"max-video-preview:-1"},"canonical":"https:\/\/blogs.donboscovolunteers.de\/ninosnews\/2022\/12\/07\/advent-advent\/","og_locale":"de_DE","og_type":"article","og_title":"Advent Advent - ninosnews","og_description":"Am 18. November waren Antonio und ich mit den kleinen aus dem Quendra Ditore auf einer Buchmesse. Es war recht witzig zu erraten, wie die B\u00fccher auf Deutsch hei\u00dfen w\u00fcrden. Zwei Tage sp\u00e4ter waren wir dann in der Hafenstadt Durres, um den Jugendtag der Di\u00f6zese zu zelebrieren. Der Tag fing ganz sonnig an und endete [&hellip;]","og_url":"https:\/\/blogs.donboscovolunteers.de\/ninosnews\/2022\/12\/07\/advent-advent\/","og_site_name":"ninosnews","article_published_time":"2022-12-07T22:13:36+00:00","article_modified_time":"2022-12-07T22:13:37+00:00","og_image":[{"url":"https:\/\/blogs.donboscovolunteers.de\/ninosnews\/wp-content\/uploads\/sites\/21660\/2022\/12\/IMG_0517-768x1024.jpg","type":"","width":"","height":""}],"author":"Severin Cajetan Gutmann","twitter_card":"summary_large_image","twitter_misc":{"Verfasst von":"Severin Cajetan Gutmann","Gesch\u00e4tzte Lesezeit":"3\u00a0Minuten"},"schema":{"@context":"https:\/\/schema.org","@graph":[{"@type":"WebPage","@id":"https:\/\/blogs.donboscovolunteers.de\/ninosnews\/2022\/12\/07\/advent-advent\/","url":"https:\/\/blogs.donboscovolunteers.de\/ninosnews\/2022\/12\/07\/advent-advent\/","name":"Advent Advent - ninosnews","isPartOf":{"@id":"https:\/\/blogs.donboscovolunteers.de\/ninosnews\/#website"},"primaryImageOfPage":{"@id":"https:\/\/blogs.donboscovolunteers.de\/ninosnews\/2022\/12\/07\/advent-advent\/#primaryimage"},"image":{"@id":"https:\/\/blogs.donboscovolunteers.de\/ninosnews\/2022\/12\/07\/advent-advent\/#primaryimage"},"thumbnailUrl":"https:\/\/blogs.donboscovolunteers.de\/ninosnews\/wp-content\/uploads\/sites\/21660\/2022\/12\/IMG_0517-768x1024.jpg","datePublished":"2022-12-07T22:13:36+00:00","dateModified":"2022-12-07T22:13:37+00:00","author":{"@id":"https:\/\/blogs.donboscovolunteers.de\/ninosnews\/#\/schema\/person\/e6c01f7075d2cc89ae5b1ce6a8bcce64"},"breadcrumb":{"@id":"https:\/\/blogs.donboscovolunteers.de\/ninosnews\/2022\/12\/07\/advent-advent\/#breadcrumb"},"inLanguage":"de","potentialAction":[{"@type":"ReadAction","target":["https:\/\/blogs.donboscovolunteers.de\/ninosnews\/2022\/12\/07\/advent-advent\/"]}]},{"@type":"ImageObject","inLanguage":"de","@id":"https:\/\/blogs.donboscovolunteers.de\/ninosnews\/2022\/12\/07\/advent-advent\/#primaryimage","url":"https:\/\/blogs.donboscovolunteers.de\/ninosnews\/wp-content\/uploads\/sites\/21660\/2022\/12\/IMG_0517.jpg","contentUrl":"https:\/\/blogs.donboscovolunteers.de\/ninosnews\/wp-content\/uploads\/sites\/21660\/2022\/12\/IMG_0517.jpg","width":960,"height":1280},{"@type":"BreadcrumbList","@id":"https:\/\/blogs.donboscovolunteers.de\/ninosnews\/2022\/12\/07\/advent-advent\/#breadcrumb","itemListElement":[{"@type":"ListItem","position":1,"name":"Startseite","item":"https:\/\/blogs.donboscovolunteers.de\/ninosnews\/"},{"@type":"ListItem","position":2,"name":"Advent Advent"}]},{"@type":"WebSite","@id":"https:\/\/blogs.donboscovolunteers.de\/ninosnews\/#website","url":"https:\/\/blogs.donboscovolunteers.de\/ninosnews\/","name":"ninosnews","description":"Eine WEITERE Don Bosco Volunteers Blog Website","potentialAction":[{"@type":"SearchAction","target":{"@type":"EntryPoint","urlTemplate":"https:\/\/blogs.donboscovolunteers.de\/ninosnews\/?s={search_term_string}"},"query-input":{"@type":"PropertyValueSpecification","valueRequired":true,"valueName":"search_term_string"}}],"inLanguage":"de"},{"@type":"Person","@id":"https:\/\/blogs.donboscovolunteers.de\/ninosnews\/#\/schema\/person\/e6c01f7075d2cc89ae5b1ce6a8bcce64","name":"Severin Cajetan Gutmann","image":{"@type":"ImageObject","inLanguage":"de","@id":"https:\/\/blogs.donboscovolunteers.de\/ninosnews\/#\/schema\/person\/image\/","url":"https:\/\/secure.gravatar.com\/avatar\/e6ae98f5f5cd370ba0afd30852f027437eb569113b5aa3ffee21e5c723088da2?s=96&d=mm&r=g","contentUrl":"https:\/\/secure.gravatar.com\/avatar\/e6ae98f5f5cd370ba0afd30852f027437eb569113b5aa3ffee21e5c723088da2?s=96&d=mm&r=g","caption":"Severin Cajetan Gutmann"},"description":"\u00fcberzeugter Altruist ein wenig vorlaut voller Wissen und Wissensbegierde Dichter, Poet, Gitarrist und Pianoman Immer auf der mentalen Suche nach dem perfekten Moment","url":"https:\/\/blogs.donboscovolunteers.de\/ninosnews\/author\/ninosnews\/"}]}},"_links":{"self":[{"href":"https:\/\/blogs.donboscovolunteers.de\/ninosnews\/wp-json\/wp\/v2\/posts\/162","targetHints":{"allow":["GET"]}}],"collection":[{"href":"https:\/\/blogs.donboscovolunteers.de\/ninosnews\/wp-json\/wp\/v2\/posts"}],"about":[{"href":"https:\/\/blogs.donboscovolunteers.de\/ninosnews\/wp-json\/wp\/v2\/types\/post"}],"author":[{"embeddable":true,"href":"https:\/\/blogs.donboscovolunteers.de\/ninosnews\/wp-json\/wp\/v2\/users\/21750"}],"replies":[{"embeddable":true,"href":"https:\/\/blogs.donboscovolunteers.de\/ninosnews\/wp-json\/wp\/v2\/comments?post=162"}],"version-history":[{"count":1,"href":"https:\/\/blogs.donboscovolunteers.de\/ninosnews\/wp-json\/wp\/v2\/posts\/162\/revisions"}],"predecessor-version":[{"id":167,"href":"https:\/\/blogs.donboscovolunteers.de\/ninosnews\/wp-json\/wp\/v2\/posts\/162\/revisions\/167"}],"wp:attachment":[{"href":"https:\/\/blogs.donboscovolunteers.de\/ninosnews\/wp-json\/wp\/v2\/media?parent=162"}],"wp:term":[{"taxonomy":"category","embeddable":true,"href":"https:\/\/blogs.donboscovolunteers.de\/ninosnews\/wp-json\/wp\/v2\/categories?post=162"},{"taxonomy":"post_tag","embeddable":true,"href":"https:\/\/blogs.donboscovolunteers.de\/ninosnews\/wp-json\/wp\/v2\/tags?post=162"}],"curies":[{"name":"wp","href":"https:\/\/api.w.org\/{rel}","templated":true}]}}