{"id":92,"date":"2026-09-02T15:06:54","date_gmt":"2026-09-02T13:06:54","guid":{"rendered":"https:\/\/blogs.donboscovolunteers.de\/miriamspragabenteuer\/?p=92"},"modified":"2026-09-02T15:06:56","modified_gmt":"2026-09-02T13:06:56","slug":"ausreisen-und-anreisen-das-abenteuer-beginnt","status":"publish","type":"post","link":"https:\/\/blogs.donboscovolunteers.de\/miriamspragabenteuer\/2026\/09\/02\/ausreisen-und-anreisen-das-abenteuer-beginnt\/","title":{"rendered":"Ausreisen und anreisen &#8211; das Abenteuer beginnt!"},"content":{"rendered":"<p class=\"wp-block-paragraph\">Da bereitet man sich so lange auf den Beginn des Freiwilligendienstes vor und fiebert auf den gro\u00dfen Tag hin und dann &#8211; zack! &#8211; ehe man sich&#8217;s versieht ist die Anreise auch schon vorbei und man findet sich in einem leeren Zimmer wieder, das es nun gilt, ein Zuhause werden zu lassen.<br>Doch eins nach dem anderen.<\/p>\n\n\n\n<p class=\"wp-block-paragraph\">Am Donnerstag, den 27. August &#8217;26, war es f\u00fcr Karl und mich also so weit: Gegen 7 Uhr standen wir \u00fcberp\u00fcnktlich am heimischen Bahnhof und hofften, dass die Deutsche Bahn heute keine \u00dcberraschungen f\u00fcr uns geplant hatte. Und ob man es glaubt oder nicht &#8211; tats\u00e4chlich blieben wir von Ausf\u00e4llen und radikalen Versp\u00e4tungen verschont. Ein Gl\u00fcck!<br>(Daf\u00fcr traf es an diesem Morgen die M\u00fcnchen-Pendler vom Nachbargleis, deren Zug spotan nicht mehr weiterfahren konnte&#8230; Hoffen wir, dass trotzdem alle rechtzeitig am geliebten Arbeitsplatz angekommen sind!)<\/p>\n\n\n\n<p class=\"wp-block-paragraph\">Nachdem mein sperriges Gep\u00e4ck sicher verstaut war, wurde noch ein letztes Mal auf den Bahnsteig gewinkt und schon setzte sich der Zug in Bewegung. W\u00e4hrend wir in immer gr\u00f6\u00dfer werdendem Tempo an den letzten Landshuter H\u00e4usern vorbeizogen, kam mir der Text eines nur allzu gut passenden ABBA-Songs in den Kopf:<\/p>\n\n\n\n<blockquote class=\"wp-block-quote is-layout-flow wp-block-quote-is-layout-flow\">\n<p class=\"wp-block-paragraph\">This park and these houses, old streets I have walked<br>Everything dear, will it be here<br>One day when I am returning?<br>[&#8230;]<br>I wonder, it&#8217;s frightening<br>Leaving now, is that the right thing?<br>I wonder, it scares me<br>But who the the hell am I if I don&#8217;t even try?<br>I&#8217;m not a coward, oh no, I&#8217;ll be strong<br>One chance in a lifetime<br>Yes, I will take it, it can&#8217;t go wrong.<\/p>\n<cite>I wonder (Departure) &#8211; ABBA<\/cite><\/blockquote>\n\n\n\n<p class=\"has-text-align-left wp-block-paragraph\">Ehrlicherweise muss ich dem tats\u00e4chlich nichts mehr hinzuf\u00fcgen, um meine momentanen Gedanken auszudr\u00fccken.<\/p>\n\n\n\n<p class=\"has-text-align-center wp-block-paragraph\">&#8230;<\/p>\n\n\n\n<p class=\"has-text-align-left wp-block-paragraph\"><br>Nur kurze Zeit, nachdem wir Landshut hinter uns gelassen hatten, meldete sich aus meiner Tasche ein gelber Krake zu Wort: Er w\u00fcrde jetzt bittesch\u00f6n gerne seinen ersten Einsatz als Maskottchen haben. Dem war nichts entgegenzusetzen, deshalb also ein erster Gru\u00df aus dem Zug:<\/p>\n\n\n\n<figure class=\"wp-block-image size-large is-resized\"><img loading=\"lazy\" decoding=\"async\" width=\"744\" height=\"1032\" src=\"https:\/\/blogs.donboscovolunteers.de\/miriamspragabenteuer\/wp-content\/uploads\/sites\/21784\/2026\/08\/IMG_20260827_075546-2-edited.jpg\" alt=\"\" class=\"wp-image-142\" style=\"aspect-ratio:0.72093692275081;width:744px;height:auto\" srcset=\"https:\/\/blogs.donboscovolunteers.de\/miriamspragabenteuer\/wp-content\/uploads\/sites\/21784\/2026\/08\/IMG_20260827_075546-2-edited.jpg 744w, https:\/\/blogs.donboscovolunteers.de\/miriamspragabenteuer\/wp-content\/uploads\/sites\/21784\/2026\/08\/IMG_20260827_075546-2-edited-216x300.jpg 216w, https:\/\/blogs.donboscovolunteers.de\/miriamspragabenteuer\/wp-content\/uploads\/sites\/21784\/2026\/08\/IMG_20260827_075546-2-edited-738x1024.jpg 738w\" sizes=\"auto, (max-width: 744px) 100vw, 744px\" \/><figcaption class=\"wp-element-caption\"><em>Karl auf gro\u00dfer Fahrt mit gro\u00dfem Gep\u00e4ck, das er aber leider nicht getragen hat&#8230;<\/em><\/figcaption><\/figure>\n\n\n\n<p class=\"wp-block-paragraph\">Die restlichen f\u00fcnf Stunden Zugfahrt zogen anschlie\u00dfend reibungslos an uns vorbei und kaum stand ich am Prager Hauptbahnhof auf dem Bahnsteig, \u00fcberraschte mich von hinten die Leiterin der Salesianerinnen in Praha-Karl\u00edn und wir machten uns auf den Weg zu meiner Unterkunft bei den Schwestern.<\/p>\n\n\n\n<p class=\"wp-block-paragraph\">Der Nachmittag dieses ersten Tages flog nur so an mir vorbei: Mittagsessen, Rundgang durch das ganze Haus (also Studentinnenwohnheim, Internat, Schule, Kindergarten und Wohnbereich der Schwestern), Treffen mit der Leiterin des Kindergartens, um noch ein paar Details zu kl\u00e4ren. Anschlie\u00dfend hatte ich etwas Zeit f\u00fcr mich, die ich zum Auspacken und Einkaufen nutzen konnte und um mir einen \u00dcberblick \u00fcber die K\u00fcche zu verschaffen, die ich ab sofort nutzen darf.<br>Vor dem Abendessen durfte ich zum ersten Mal beim Abendgebet dabei sein, was den Tag in Ruhe abrundete.<\/p>\n\n\n\n<p class=\"wp-block-paragraph\">Genauso ist auch das Morgengebet ein sch\u00f6ner gemeinsamer Start in den Tag, bevor sich alle auf ihre Aufgaben und Arbeitsstellen verteilen. F\u00fcr mich ging es am Vormittag des n\u00e4chsten Tages noch einmal in den Kindergarten, um das Team kennenzulernen und etwas bei den letzten Vorbereitungen zu helfen, damit am 1. September das neue Schuljahr losgehen kann.<\/p>\n\n\n\n<p class=\"wp-block-paragraph\">Nachmittags wurde ich von der Leiterin der SADBA (Salesi\u00e1nsk\u00e1 asociace Dona Boska), der tschechischen Partnerorganisation zu <a href=\"https:\/\/www.donboscomission.de\/don-bosco\/\">Don Bosco<\/a> Volunteers, abgeholt. Sie ist w\u00e4hrend meines Freiwilligendienstes f\u00fcr mich zust\u00e4ndig und hat mir die Prager Altstadt mit all den bekannten Sehenw\u00fcrdigkeiten gezeigt. Es war ein sehr sch\u00f6ner Nachmittag mit bestem, sp\u00e4tsommerlichem Wetter und guten Gespr\u00e4chen und hat mir geholfen, mir einen ersten \u00dcberblick \u00fcber die Stadt zu verschaffen sowie den ein oder anderen Fakt \u00fcber die Sehensw\u00fcrdigkeiten zu erfahren.<\/p>\n\n\n\n<p class=\"wp-block-paragraph\">Zuf\u00e4lligerweise hat auch Karl, der Krake, allen Grund sich hier wohl zu f\u00fchlen: da sein Namensvetter Karl IV. einer der bedeutendsten tschechischen K\u00f6nige und europ\u00e4ischen Herrscher im Allgemeinen war, hat er hier in Prag deutliche Spuren hinterlassen: Karlsbr\u00fccke, Karlsplatz, Karlsuniversit\u00e4t, Karlsbr\u00fcckenmuseum, &#8230; alles nach ihm benannt.<\/p>\n\n\n\n<div class=\"wp-block-group\"><div class=\"wp-block-group__inner-container is-layout-constrained wp-block-group-is-layout-constrained\">\n<figure class=\"wp-block-image size-large\"><img loading=\"lazy\" decoding=\"async\" width=\"935\" height=\"1024\" src=\"https:\/\/blogs.donboscovolunteers.de\/miriamspragabenteuer\/wp-content\/uploads\/sites\/21784\/2026\/08\/IMG_20260829_134829-1-935x1024.jpg\" alt=\"\" class=\"wp-image-149\" srcset=\"https:\/\/blogs.donboscovolunteers.de\/miriamspragabenteuer\/wp-content\/uploads\/sites\/21784\/2026\/08\/IMG_20260829_134829-1-935x1024.jpg 935w, https:\/\/blogs.donboscovolunteers.de\/miriamspragabenteuer\/wp-content\/uploads\/sites\/21784\/2026\/08\/IMG_20260829_134829-1-274x300.jpg 274w, https:\/\/blogs.donboscovolunteers.de\/miriamspragabenteuer\/wp-content\/uploads\/sites\/21784\/2026\/08\/IMG_20260829_134829-1-768x841.jpg 768w, https:\/\/blogs.donboscovolunteers.de\/miriamspragabenteuer\/wp-content\/uploads\/sites\/21784\/2026\/08\/IMG_20260829_134829-1-900x985.jpg 900w, https:\/\/blogs.donboscovolunteers.de\/miriamspragabenteuer\/wp-content\/uploads\/sites\/21784\/2026\/08\/IMG_20260829_134829-1.jpg 1169w\" sizes=\"auto, (max-width: 935px) 100vw, 935px\" \/><figcaption class=\"wp-element-caption\"><em>Karl mit Blick auf Karls Br\u00fccke und zur Prager Burg (Sitz des Pr\u00e4sidenten) im Hintergrund<\/em><\/figcaption><\/figure>\n\n\n\n<figure class=\"wp-block-image size-large\"><img loading=\"lazy\" decoding=\"async\" width=\"855\" height=\"1028\" src=\"https:\/\/blogs.donboscovolunteers.de\/miriamspragabenteuer\/wp-content\/uploads\/sites\/21784\/2026\/08\/IMG_20260829_140201-edited.jpg\" alt=\"\" class=\"wp-image-150\" srcset=\"https:\/\/blogs.donboscovolunteers.de\/miriamspragabenteuer\/wp-content\/uploads\/sites\/21784\/2026\/08\/IMG_20260829_140201-edited.jpg 855w, https:\/\/blogs.donboscovolunteers.de\/miriamspragabenteuer\/wp-content\/uploads\/sites\/21784\/2026\/08\/IMG_20260829_140201-edited-250x300.jpg 250w, https:\/\/blogs.donboscovolunteers.de\/miriamspragabenteuer\/wp-content\/uploads\/sites\/21784\/2026\/08\/IMG_20260829_140201-edited-852x1024.jpg 852w, https:\/\/blogs.donboscovolunteers.de\/miriamspragabenteuer\/wp-content\/uploads\/sites\/21784\/2026\/08\/IMG_20260829_140201-edited-768x923.jpg 768w\" sizes=\"auto, (max-width: 855px) 100vw, 855px\" \/><figcaption class=\"wp-element-caption\"><em>Karl auf dem Most Legi\u00ed mit Blick auf die Moldau<\/em><\/figcaption><\/figure>\n<\/div><\/div>\n\n\n\n<p class=\"wp-block-paragraph\"><br>So viel also zu meinen ersten Erlebnissen in der gro\u00dfen Stadt.<br>Da meine Arbeit erst mit dem Schuljahr am 1. September beginnt, bleibt mir noch ein wenig Zeit, um die Umgebung zu erkunden, die Schwestern etwas besser kennenzulernen, mein Zimmer ein bisschen mehr &#8222;Zuhause&#8220; werden zu lassen und mich auf die kommende Zeit vorzubereiten.<\/p>\n\n\n\n<p class=\"wp-block-paragraph\">Bis man hier Neues von Karl und mir liest, freue ich mich \u00fcber jede Leserin und jeden Leser und bedanke mich von ganzem Herzen f\u00fcr eure Unterst\u00fctzung, die ich bis hierher erfahren durfte.<br>Bis dann und auf Wiederlesen!<\/p>\n\n\n\n<hr class=\"wp-block-separator has-alpha-channel-opacity\" \/>\n\n\n\n<h1 class=\"wp-block-heading\">Odjezd a p\u0159\u00edjezd \u2013 dobrodru\u017estv\u00ed za\u010d\u00edn\u00e1!<\/h1>\n\n\n\n<p class=\"wp-block-paragraph\">Celou tu dobu jsem se p\u0159ipravovala na svou dobrovolnickou slu\u017ebu a t\u011b\u0161ila jsem se na ten velk\u00fd den odjezdu, a pak \u2013 hop \u2013 u\u017e je po v\u0161em a sed\u00edm v pr\u00e1zdn\u00e9m pokoji, ze kter\u00e9ho si te\u010f mus\u00edm ud\u011blat nov\u00fd domov.<br>Ale po po\u0159\u00e1dku.<\/p>\n\n\n\n<p class=\"wp-block-paragraph\">Ve \u010dtvrtek, 27. srpna 2026, jsme s Karlem v 7 hodin r\u00e1no st\u00e1li na dom\u00e1c\u00edm n\u00e1dra\u017e\u00ed a doufali jsme, \u017ee n\u00e1m n\u011bmeck\u00e9 dr\u00e1hy dnes nep\u0159iprav\u00ed \u017e\u00e1dn\u00e9 p\u0159ekvapen\u00ed. A a\u0165 u\u017e tomu v\u011b\u0159\u00edte nebo ne \u2013 opravdu v\u0161echno fungovalo a nem\u011bli jsme ani velk\u00e9 zpo\u017ed\u011bn\u00ed. Na\u0161t\u011bst\u00ed!<br>(M\u00edsto n\u00e1s to ten den ale postihlo cestuj\u00edc\u00ed do Mnichova z vedlej\u0161\u00ed koleje, proto\u017ee vlak u\u017e nemohl spont\u00e1nn\u011b pokra\u010dovat v j\u00edzd\u011b&#8230; Doufejme, \u017ee i p\u0159esto v\u0161ichni dorazili v\u010das na sv\u00e1 milovan\u00e1 pracovi\u0161t\u011b!)<\/p>\n\n\n\n<p class=\"wp-block-paragraph\">Pot\u00e9, co jsem si ulo\u017eila velk\u00e1 zavazadla, naposledy jsem zam\u00e1vala na n\u00e1stupi\u0161te a vlak se u\u017e dal do pohybu. Zat\u00edmco jsme st\u00e1le v\u011bt\u0161\u00ed rychlost\u00ed proj\u00ed\u017ed\u011bli kolem posledn\u00edch dom\u016f Landshutu, napadl m\u011b text p\u00edsn\u011b skupiny ABBA, kter\u00fd k t\u00e9to situaci sed\u011bl a\u017e p\u0159\u00edli\u0161 dob\u0159e:<\/p>\n\n\n\n<blockquote class=\"wp-block-quote is-layout-flow wp-block-quote-is-layout-flow\">\n<p class=\"wp-block-paragraph\">This park and these houses, old streets I have walked<br>Everything dear, will it be <br>One day when I am returning?<br>[&#8230;]<br>I wonder, it&#8217;s <br>Leaving now, is that the right thing?<br>I wonder, it scares <br>But who the hell am I if I don&#8217;t even try?<br>I&#8217;m not a coward, oh no, I&#8217;ll be <br>One chance in a <br>Yes, I will take it, it can&#8217;t go wrong.<\/p>\n<cite>I wonder (Departure) &#8211; ABBA<\/cite><\/blockquote>\n\n\n\n<p class=\"wp-block-paragraph\">Abych byla up\u0159\u00edmn\u00e1, v\u00edc k tomu u\u017e ani nemus\u00edm dod\u00e1vat, abych popsala sv\u00e9 sou\u010dasn\u00e9 my\u0161lenky.<\/p>\n\n\n\n<p class=\"has-text-align-center wp-block-paragraph\">&#8230;<\/p>\n\n\n\n<p class=\"wp-block-paragraph\">Hned pot\u00e9, co jsme nechaly Landshut za sebou, ozvala se z m\u00e9 ta\u0161ky mal\u00e1 \u017elut\u00e1 chobotnice: Prosim hned ted&#8216; by chtel m\u00edt svuj prvn\u00ed v\u00fdstup jako maskot. Proti tomu jsem nemohla nic nam\u00edtnout, proto pos\u00edl\u00e1m prvn\u00ed pozdrav z vlaku:<\/p>\n\n\n\n<figure class=\"wp-block-image size-large\"><img loading=\"lazy\" decoding=\"async\" width=\"738\" height=\"1024\" src=\"https:\/\/blogs.donboscovolunteers.de\/miriamspragabenteuer\/wp-content\/uploads\/sites\/21784\/2026\/08\/IMG_20260827_075546-2-edited-738x1024.jpg\" alt=\"\" class=\"wp-image-142\" srcset=\"https:\/\/blogs.donboscovolunteers.de\/miriamspragabenteuer\/wp-content\/uploads\/sites\/21784\/2026\/08\/IMG_20260827_075546-2-edited-738x1024.jpg 738w, https:\/\/blogs.donboscovolunteers.de\/miriamspragabenteuer\/wp-content\/uploads\/sites\/21784\/2026\/08\/IMG_20260827_075546-2-edited-216x300.jpg 216w, https:\/\/blogs.donboscovolunteers.de\/miriamspragabenteuer\/wp-content\/uploads\/sites\/21784\/2026\/08\/IMG_20260827_075546-2-edited.jpg 744w\" sizes=\"auto, (max-width: 738px) 100vw, 738px\" \/><figcaption class=\"wp-element-caption\"><em>Karel na velk\u00e9 cest\u011b s velk\u00fdma zavazadla, kter\u00e9 bohu\u017eel nenesl s\u00e1m&#8230;<\/em><\/figcaption><\/figure>\n\n\n\n<p class=\"wp-block-paragraph\">Zb\u00fdvaj\u00edc\u00edch 5 hodin j\u00edzdy vlakem jsme p\u0159e\u017eili bez probl\u00e9m\u016f a ani minutu jsem nest\u00e1la na n\u00e1stupi\u0161ti hlavn\u00edho n\u00e1dra\u017e\u00ed v Praze, kdy\u017e m\u011b zezadu p\u0159ekvapila \u0159editelka salesi\u00e1nsk\u00e9 komunity Praha-Karl\u00edn. Spole\u010dn\u011b jsme se vydaly na cestu k m\u00e9mu ubytov\u00e1n\u00ed u sester.<\/p>\n\n\n\n<p class=\"wp-block-paragraph\">I odpoledne \u010das ut\u00edkal: ob\u011bd, prohl\u00eddka cel\u00e9ho domu (tj. domova pro vysoko\u0161kola\u010dky, intern\u00e1tu, st\u0159edn\u00ed \u0161koly, \u0161kolky a ob\u00fdvac\u00edho prostoru sester), setk\u00e1n\u00ed s \u0159editelkou mate\u0159sk\u00e9 \u0161koly, abychom se domluvily na posledn\u00edch detailech. Potom jsem m\u011bla trochu \u010dasu pro sebe, kter\u00fd jsem vyu\u017eila k vybalov\u00e1n\u00ed, nakupov\u00e1n\u00ed a k tomu, abych si ud\u011blala p\u0159ehled v kuchy\u0148ce, kterou budu moci pou\u017e\u00edvat.<br>P\u0159ed ve\u010de\u0159\u00ed jsem se poprv\u00e9 mohla p\u0159ipojit k ve\u010dern\u00ed modlitb\u011b, \u010d\u00edm\u017e se tento prvn\u00ed den v klidu uzav\u0159el.<\/p>\n\n\n\n<p class=\"wp-block-paragraph\">Stejn\u011b tak jsou i rann\u00ed chv\u00e1ly p\u0159\u00edjemn\u00fdm spole\u010dn\u00fdm za\u010d\u00e1tkem dne, ne\u017e se v\u0161ichni rozejdou ke sv\u00fdm \u00fakol\u016fm a povinnostem. Dopoledne jsem m\u011bla je\u0161t\u011b jednu sch\u016fzku ve \u0161kolce, abych se sezn\u00e1mila s cel\u00fdm t\u00fdmem a je\u0161t\u011b trochu pomohla s posledn\u00edmi p\u0159\u00edpravami na zah\u00e1jen\u00ed \u0161koln\u00edho roku 1. z\u00e1\u0159\u00ed.<\/p>\n\n\n\n<p class=\"wp-block-paragraph\">Odpoledne m\u011b vyzvedla \u0159editelka SADBy (= Salesi\u00e1nsk\u00e1 asociace Dona Boska), salesi\u00e1nsk\u00e9 organizace v \u010cesk\u00e9 republice, kter\u00e1 se zab\u00fdv\u00e1 dobrovolnick\u00fdmi slu\u017ebami. B\u011bhem m\u00e9 dobrovolnick\u00e9 slu\u017eby m\u00e1 na m\u011b dohled a toho dne mi uk\u00e1zala Star\u00e9 M\u011bsto v Praze se v\u0161emi jeho v\u00fdznamn\u00fdmi pam\u00e1tkami. Bylo to p\u0159\u00edjemn\u00e9 odpoledne s n\u00e1dhern\u00fdm pozdn\u011b letn\u00edm po\u010das\u00edm a zaj\u00edmav\u00fdmi rozhovory a pomohlo mi z\u00edskat prvn\u00ed p\u0159edstavu o m\u011bst\u011b. <\/p>\n\n\n\n<p class=\"wp-block-paragraph\">N\u00e1hodou m\u00e1 i chobotnice Karel dost d\u016fvod\u016f, aby se tu c\u00edtil dob\u0159e: proto\u017ee jeho jmenovec Karel IV. byl jedn\u00edm z nejv\u00fdznamn\u011bj\u0161\u00edch \u010desk\u00fdch kr\u00e1l\u016f a evropsk\u00fdch vl\u00e1dc\u016f v\u016fbec, zanechal zde v Praze v\u00fdrazn\u00e9 stopy: Karl\u016fv most, Karlovo n\u00e1m\u011bst\u00ed, Karlova univerzita, Muzeum Karlova mostu&#8230; v\u0161e pojmenovan\u00e9 po n\u011bm.<\/p>\n\n\n\n<figure class=\"wp-block-image size-large\"><img loading=\"lazy\" decoding=\"async\" width=\"935\" height=\"1024\" src=\"https:\/\/blogs.donboscovolunteers.de\/miriamspragabenteuer\/wp-content\/uploads\/sites\/21784\/2026\/08\/IMG_20260829_134829-1-935x1024.jpg\" alt=\"\" class=\"wp-image-149\" srcset=\"https:\/\/blogs.donboscovolunteers.de\/miriamspragabenteuer\/wp-content\/uploads\/sites\/21784\/2026\/08\/IMG_20260829_134829-1-935x1024.jpg 935w, https:\/\/blogs.donboscovolunteers.de\/miriamspragabenteuer\/wp-content\/uploads\/sites\/21784\/2026\/08\/IMG_20260829_134829-1-274x300.jpg 274w, https:\/\/blogs.donboscovolunteers.de\/miriamspragabenteuer\/wp-content\/uploads\/sites\/21784\/2026\/08\/IMG_20260829_134829-1-768x841.jpg 768w, https:\/\/blogs.donboscovolunteers.de\/miriamspragabenteuer\/wp-content\/uploads\/sites\/21784\/2026\/08\/IMG_20260829_134829-1-900x985.jpg 900w, https:\/\/blogs.donboscovolunteers.de\/miriamspragabenteuer\/wp-content\/uploads\/sites\/21784\/2026\/08\/IMG_20260829_134829-1.jpg 1169w\" sizes=\"auto, (max-width: 935px) 100vw, 935px\" \/><figcaption class=\"wp-element-caption\"><em>Karel s v\u00fdhledem na Karl\u016fv most a Pra\u017esk\u00fd hrad v pozad\u00ed<\/em><\/figcaption><\/figure>\n\n\n\n<figure class=\"wp-block-image size-large\"><img loading=\"lazy\" decoding=\"async\" width=\"852\" height=\"1024\" src=\"https:\/\/blogs.donboscovolunteers.de\/miriamspragabenteuer\/wp-content\/uploads\/sites\/21784\/2026\/08\/IMG_20260829_140201-edited-852x1024.jpg\" alt=\"Karl na Most\u011b legi\u00ed s v\u00fdhledem na Vltavu\" class=\"wp-image-150\" srcset=\"https:\/\/blogs.donboscovolunteers.de\/miriamspragabenteuer\/wp-content\/uploads\/sites\/21784\/2026\/08\/IMG_20260829_140201-edited-852x1024.jpg 852w, https:\/\/blogs.donboscovolunteers.de\/miriamspragabenteuer\/wp-content\/uploads\/sites\/21784\/2026\/08\/IMG_20260829_140201-edited-250x300.jpg 250w, https:\/\/blogs.donboscovolunteers.de\/miriamspragabenteuer\/wp-content\/uploads\/sites\/21784\/2026\/08\/IMG_20260829_140201-edited-768x923.jpg 768w, https:\/\/blogs.donboscovolunteers.de\/miriamspragabenteuer\/wp-content\/uploads\/sites\/21784\/2026\/08\/IMG_20260829_140201-edited.jpg 855w\" sizes=\"auto, (max-width: 852px) 100vw, 852px\" \/><figcaption class=\"wp-element-caption\"><em>Karel na Most\u011b legi\u00ed s v\u00fdhledem na Vltavu<\/em><\/figcaption><\/figure>\n\n\n\n<p class=\"wp-block-paragraph\">Tolik tedy k m\u00fdm prvn\u00edm z\u00e1\u017eitk\u016fm ve hlavn\u00edm m\u011bst\u011b. Proto\u017ee moje pr\u00e1ce za\u010d\u00edn\u00e1 a\u017e s nov\u00fdm \u0161koln\u00edm rokem 1. z\u00e1\u0159\u00ed, m\u00e1m je\u0161t\u011b trochu \u010dasu na to, abych prozkoumala okol\u00ed, l\u00e9pe poznala sestry, ud\u011blala si z pokoje trochu v\u00edce \u201edomov\u201c a p\u0159ipravila se na nadch\u00e1zej\u00edc\u00ed dobu.<\/p>\n\n\n\n<p class=\"wp-block-paragraph\">Ne\u017e se zde objev\u00ed dal\u0161\u00ed zpr\u00e1vy o Karlovi a o mn\u011b, t\u011b\u0161\u00edm se na ka\u017edou \u010dten\u00e1\u0159ku a ka\u017ed\u00e9ho \u010dten\u00e1\u0159e a z cel\u00e9ho srdce v\u00e1m d\u011bkuji za va\u0161i podporu, kterou jsem dosud mohl za\u017e\u00edt.<br>M\u011bjte se hezky!<\/p>\n\n\n\n<p class=\"wp-block-paragraph\"><\/p>","protected":false},"excerpt":{"rendered":"<p>Da bereitet man sich so lange auf den Beginn des Freiwilligendienstes vor und fiebert auf den gro\u00dfen Tag hin und dann &#8211; zack! &#8211; ehe man sich&#8217;s versieht ist die Anreise auch schon vorbei und man findet sich in einem leeren Zimmer wieder, das es nun gilt, ein Zuhause werden zu lassen.Doch eins nach dem [&hellip;]<\/p>\n","protected":false},"author":21894,"featured_media":0,"comment_status":"open","ping_status":"open","sticky":false,"template":"","format":"standard","meta":{"footnotes":""},"categories":[1],"tags":[],"class_list":["post-92","post","type-post","status-publish","format-standard","hentry","category-allgemein"],"yoast_head":"<!-- This site is optimized with the Yoast SEO plugin v28.0 - https:\/\/yoast.com\/product\/yoast-seo-wordpress\/ -->\n<title>Ausreisen und anreisen - das Abenteuer beginnt! - Auf nach Prag!<\/title>\n<meta name=\"robots\" content=\"index, follow, max-snippet:-1, max-image-preview:large, max-video-preview:-1\" \/>\n<link rel=\"canonical\" href=\"https:\/\/blogs.donboscovolunteers.de\/miriamspragabenteuer\/2026\/09\/02\/ausreisen-und-anreisen-das-abenteuer-beginnt\/\" \/>\n<meta property=\"og:locale\" content=\"de_DE\" \/>\n<meta property=\"og:type\" content=\"article\" \/>\n<meta property=\"og:title\" content=\"Ausreisen und anreisen - das Abenteuer beginnt! - Auf nach Prag!\" \/>\n<meta property=\"og:description\" content=\"Da bereitet man sich so lange auf den Beginn des Freiwilligendienstes vor und fiebert auf den gro\u00dfen Tag hin und dann &#8211; zack! &#8211; ehe man sich&#8217;s versieht ist die Anreise auch schon vorbei und man findet sich in einem leeren Zimmer wieder, das es nun gilt, ein Zuhause werden zu lassen.Doch eins nach dem [&hellip;]\" \/>\n<meta property=\"og:url\" content=\"https:\/\/blogs.donboscovolunteers.de\/miriamspragabenteuer\/2026\/09\/02\/ausreisen-und-anreisen-das-abenteuer-beginnt\/\" \/>\n<meta property=\"og:site_name\" content=\"Auf nach Prag!\" \/>\n<meta property=\"article:published_time\" content=\"2026-09-02T13:06:54+00:00\" \/>\n<meta property=\"article:modified_time\" content=\"2026-09-02T13:06:56+00:00\" \/>\n<meta property=\"og:image\" content=\"https:\/\/blogs.donboscovolunteers.de\/miriamspragabenteuer\/wp-content\/uploads\/sites\/21784\/2026\/08\/IMG_20260827_075546-2-edited.jpg\" \/>\n\t<meta property=\"og:image:width\" content=\"744\" \/>\n\t<meta property=\"og:image:height\" content=\"1032\" \/>\n\t<meta property=\"og:image:type\" content=\"image\/jpeg\" \/>\n<meta name=\"author\" content=\"Miriam Reichart\" \/>\n<meta name=\"twitter:card\" content=\"summary_large_image\" \/>\n<meta name=\"twitter:label1\" content=\"Verfasst von\" \/>\n\t<meta name=\"twitter:data1\" content=\"Miriam Reichart\" \/>\n\t<meta name=\"twitter:label2\" content=\"Gesch\u00e4tzte Lesezeit\" \/>\n\t<meta name=\"twitter:data2\" content=\"9\u00a0Minuten\" \/>\n<script type=\"application\/ld+json\" class=\"yoast-schema-graph\">{\"@context\":\"https:\\\/\\\/schema.org\",\"@graph\":[{\"@type\":\"Article\",\"@id\":\"https:\\\/\\\/blogs.donboscovolunteers.de\\\/miriamspragabenteuer\\\/2026\\\/09\\\/02\\\/ausreisen-und-anreisen-das-abenteuer-beginnt\\\/#article\",\"isPartOf\":{\"@id\":\"https:\\\/\\\/blogs.donboscovolunteers.de\\\/miriamspragabenteuer\\\/2026\\\/09\\\/02\\\/ausreisen-und-anreisen-das-abenteuer-beginnt\\\/\"},\"author\":{\"name\":\"Miriam Reichart\",\"@id\":\"https:\\\/\\\/blogs.donboscovolunteers.de\\\/miriamspragabenteuer\\\/#\\\/schema\\\/person\\\/2ddbe2ff8e46ce953082d512e1dc11fd\"},\"headline\":\"Ausreisen und anreisen &#8211; das Abenteuer beginnt!\",\"datePublished\":\"2026-09-02T13:06:54+00:00\",\"dateModified\":\"2026-09-02T13:06:56+00:00\",\"mainEntityOfPage\":{\"@id\":\"https:\\\/\\\/blogs.donboscovolunteers.de\\\/miriamspragabenteuer\\\/2026\\\/09\\\/02\\\/ausreisen-und-anreisen-das-abenteuer-beginnt\\\/\"},\"wordCount\":1695,\"commentCount\":7,\"image\":{\"@id\":\"https:\\\/\\\/blogs.donboscovolunteers.de\\\/miriamspragabenteuer\\\/2026\\\/09\\\/02\\\/ausreisen-und-anreisen-das-abenteuer-beginnt\\\/#primaryimage\"},\"thumbnailUrl\":\"https:\\\/\\\/blogs.donboscovolunteers.de\\\/miriamspragabenteuer\\\/wp-content\\\/uploads\\\/sites\\\/21784\\\/2026\\\/08\\\/IMG_20260827_075546-2-edited.jpg\",\"inLanguage\":\"de\",\"potentialAction\":[{\"@type\":\"CommentAction\",\"name\":\"Comment\",\"target\":[\"https:\\\/\\\/blogs.donboscovolunteers.de\\\/miriamspragabenteuer\\\/2026\\\/09\\\/02\\\/ausreisen-und-anreisen-das-abenteuer-beginnt\\\/#respond\"]}]},{\"@type\":\"WebPage\",\"@id\":\"https:\\\/\\\/blogs.donboscovolunteers.de\\\/miriamspragabenteuer\\\/2026\\\/09\\\/02\\\/ausreisen-und-anreisen-das-abenteuer-beginnt\\\/\",\"url\":\"https:\\\/\\\/blogs.donboscovolunteers.de\\\/miriamspragabenteuer\\\/2026\\\/09\\\/02\\\/ausreisen-und-anreisen-das-abenteuer-beginnt\\\/\",\"name\":\"Ausreisen und anreisen - das Abenteuer beginnt! - Auf nach Prag!\",\"isPartOf\":{\"@id\":\"https:\\\/\\\/blogs.donboscovolunteers.de\\\/miriamspragabenteuer\\\/#website\"},\"primaryImageOfPage\":{\"@id\":\"https:\\\/\\\/blogs.donboscovolunteers.de\\\/miriamspragabenteuer\\\/2026\\\/09\\\/02\\\/ausreisen-und-anreisen-das-abenteuer-beginnt\\\/#primaryimage\"},\"image\":{\"@id\":\"https:\\\/\\\/blogs.donboscovolunteers.de\\\/miriamspragabenteuer\\\/2026\\\/09\\\/02\\\/ausreisen-und-anreisen-das-abenteuer-beginnt\\\/#primaryimage\"},\"thumbnailUrl\":\"https:\\\/\\\/blogs.donboscovolunteers.de\\\/miriamspragabenteuer\\\/wp-content\\\/uploads\\\/sites\\\/21784\\\/2026\\\/08\\\/IMG_20260827_075546-2-edited.jpg\",\"datePublished\":\"2026-09-02T13:06:54+00:00\",\"dateModified\":\"2026-09-02T13:06:56+00:00\",\"author\":{\"@id\":\"https:\\\/\\\/blogs.donboscovolunteers.de\\\/miriamspragabenteuer\\\/#\\\/schema\\\/person\\\/2ddbe2ff8e46ce953082d512e1dc11fd\"},\"breadcrumb\":{\"@id\":\"https:\\\/\\\/blogs.donboscovolunteers.de\\\/miriamspragabenteuer\\\/2026\\\/09\\\/02\\\/ausreisen-und-anreisen-das-abenteuer-beginnt\\\/#breadcrumb\"},\"inLanguage\":\"de\",\"potentialAction\":[{\"@type\":\"ReadAction\",\"target\":[\"https:\\\/\\\/blogs.donboscovolunteers.de\\\/miriamspragabenteuer\\\/2026\\\/09\\\/02\\\/ausreisen-und-anreisen-das-abenteuer-beginnt\\\/\"]}]},{\"@type\":\"ImageObject\",\"inLanguage\":\"de\",\"@id\":\"https:\\\/\\\/blogs.donboscovolunteers.de\\\/miriamspragabenteuer\\\/2026\\\/09\\\/02\\\/ausreisen-und-anreisen-das-abenteuer-beginnt\\\/#primaryimage\",\"url\":\"https:\\\/\\\/blogs.donboscovolunteers.de\\\/miriamspragabenteuer\\\/wp-content\\\/uploads\\\/sites\\\/21784\\\/2026\\\/08\\\/IMG_20260827_075546-2-edited.jpg\",\"contentUrl\":\"https:\\\/\\\/blogs.donboscovolunteers.de\\\/miriamspragabenteuer\\\/wp-content\\\/uploads\\\/sites\\\/21784\\\/2026\\\/08\\\/IMG_20260827_075546-2-edited.jpg\",\"width\":744,\"height\":1032},{\"@type\":\"BreadcrumbList\",\"@id\":\"https:\\\/\\\/blogs.donboscovolunteers.de\\\/miriamspragabenteuer\\\/2026\\\/09\\\/02\\\/ausreisen-und-anreisen-das-abenteuer-beginnt\\\/#breadcrumb\",\"itemListElement\":[{\"@type\":\"ListItem\",\"position\":1,\"name\":\"Start\",\"item\":\"https:\\\/\\\/blogs.donboscovolunteers.de\\\/miriamspragabenteuer\\\/\"},{\"@type\":\"ListItem\",\"position\":2,\"name\":\"Ausreisen und anreisen &#8211; das Abenteuer beginnt!\"}]},{\"@type\":\"WebSite\",\"@id\":\"https:\\\/\\\/blogs.donboscovolunteers.de\\\/miriamspragabenteuer\\\/#website\",\"url\":\"https:\\\/\\\/blogs.donboscovolunteers.de\\\/miriamspragabenteuer\\\/\",\"name\":\"Auf nach Prag!\",\"description\":\"Abenteuer in Tschechiens Hauptstadt\",\"potentialAction\":[{\"@type\":\"SearchAction\",\"target\":{\"@type\":\"EntryPoint\",\"urlTemplate\":\"https:\\\/\\\/blogs.donboscovolunteers.de\\\/miriamspragabenteuer\\\/?s={search_term_string}\"},\"query-input\":{\"@type\":\"PropertyValueSpecification\",\"valueRequired\":true,\"valueName\":\"search_term_string\"}}],\"inLanguage\":\"de\"},{\"@type\":\"Person\",\"@id\":\"https:\\\/\\\/blogs.donboscovolunteers.de\\\/miriamspragabenteuer\\\/#\\\/schema\\\/person\\\/2ddbe2ff8e46ce953082d512e1dc11fd\",\"name\":\"Miriam Reichart\",\"image\":{\"@type\":\"ImageObject\",\"inLanguage\":\"de\",\"@id\":\"https:\\\/\\\/secure.gravatar.com\\\/avatar\\\/fc76455adc8fc31af5b5404e4d176ac57b9549538fd060eedc0f28de8b1ae74e?s=96&d=mm&r=g\",\"url\":\"https:\\\/\\\/secure.gravatar.com\\\/avatar\\\/fc76455adc8fc31af5b5404e4d176ac57b9549538fd060eedc0f28de8b1ae74e?s=96&d=mm&r=g\",\"contentUrl\":\"https:\\\/\\\/secure.gravatar.com\\\/avatar\\\/fc76455adc8fc31af5b5404e4d176ac57b9549538fd060eedc0f28de8b1ae74e?s=96&d=mm&r=g\",\"caption\":\"Miriam Reichart\"},\"url\":\"https:\\\/\\\/blogs.donboscovolunteers.de\\\/miriamspragabenteuer\\\/author\\\/miriam07\\\/\"}]}<\/script>\n<!-- \/ Yoast SEO plugin. -->","yoast_head_json":{"title":"Ausreisen und anreisen - das Abenteuer beginnt! - Auf nach Prag!","robots":{"index":"index","follow":"follow","max-snippet":"max-snippet:-1","max-image-preview":"max-image-preview:large","max-video-preview":"max-video-preview:-1"},"canonical":"https:\/\/blogs.donboscovolunteers.de\/miriamspragabenteuer\/2026\/09\/02\/ausreisen-und-anreisen-das-abenteuer-beginnt\/","og_locale":"de_DE","og_type":"article","og_title":"Ausreisen und anreisen - das Abenteuer beginnt! - Auf nach Prag!","og_description":"Da bereitet man sich so lange auf den Beginn des Freiwilligendienstes vor und fiebert auf den gro\u00dfen Tag hin und dann &#8211; zack! &#8211; ehe man sich&#8217;s versieht ist die Anreise auch schon vorbei und man findet sich in einem leeren Zimmer wieder, das es nun gilt, ein Zuhause werden zu lassen.Doch eins nach dem [&hellip;]","og_url":"https:\/\/blogs.donboscovolunteers.de\/miriamspragabenteuer\/2026\/09\/02\/ausreisen-und-anreisen-das-abenteuer-beginnt\/","og_site_name":"Auf nach Prag!","article_published_time":"2026-09-02T13:06:54+00:00","article_modified_time":"2026-09-02T13:06:56+00:00","og_image":[{"width":744,"height":1032,"url":"https:\/\/blogs.donboscovolunteers.de\/miriamspragabenteuer\/wp-content\/uploads\/sites\/21784\/2026\/08\/IMG_20260827_075546-2-edited.jpg","type":"image\/jpeg"}],"author":"Miriam Reichart","twitter_card":"summary_large_image","twitter_misc":{"Verfasst von":"Miriam Reichart","Gesch\u00e4tzte Lesezeit":"9\u00a0Minuten"},"schema":{"@context":"https:\/\/schema.org","@graph":[{"@type":"Article","@id":"https:\/\/blogs.donboscovolunteers.de\/miriamspragabenteuer\/2026\/09\/02\/ausreisen-und-anreisen-das-abenteuer-beginnt\/#article","isPartOf":{"@id":"https:\/\/blogs.donboscovolunteers.de\/miriamspragabenteuer\/2026\/09\/02\/ausreisen-und-anreisen-das-abenteuer-beginnt\/"},"author":{"name":"Miriam Reichart","@id":"https:\/\/blogs.donboscovolunteers.de\/miriamspragabenteuer\/#\/schema\/person\/2ddbe2ff8e46ce953082d512e1dc11fd"},"headline":"Ausreisen und anreisen &#8211; das Abenteuer beginnt!","datePublished":"2026-09-02T13:06:54+00:00","dateModified":"2026-09-02T13:06:56+00:00","mainEntityOfPage":{"@id":"https:\/\/blogs.donboscovolunteers.de\/miriamspragabenteuer\/2026\/09\/02\/ausreisen-und-anreisen-das-abenteuer-beginnt\/"},"wordCount":1695,"commentCount":7,"image":{"@id":"https:\/\/blogs.donboscovolunteers.de\/miriamspragabenteuer\/2026\/09\/02\/ausreisen-und-anreisen-das-abenteuer-beginnt\/#primaryimage"},"thumbnailUrl":"https:\/\/blogs.donboscovolunteers.de\/miriamspragabenteuer\/wp-content\/uploads\/sites\/21784\/2026\/08\/IMG_20260827_075546-2-edited.jpg","inLanguage":"de","potentialAction":[{"@type":"CommentAction","name":"Comment","target":["https:\/\/blogs.donboscovolunteers.de\/miriamspragabenteuer\/2026\/09\/02\/ausreisen-und-anreisen-das-abenteuer-beginnt\/#respond"]}]},{"@type":"WebPage","@id":"https:\/\/blogs.donboscovolunteers.de\/miriamspragabenteuer\/2026\/09\/02\/ausreisen-und-anreisen-das-abenteuer-beginnt\/","url":"https:\/\/blogs.donboscovolunteers.de\/miriamspragabenteuer\/2026\/09\/02\/ausreisen-und-anreisen-das-abenteuer-beginnt\/","name":"Ausreisen und anreisen - das Abenteuer beginnt! - Auf nach Prag!","isPartOf":{"@id":"https:\/\/blogs.donboscovolunteers.de\/miriamspragabenteuer\/#website"},"primaryImageOfPage":{"@id":"https:\/\/blogs.donboscovolunteers.de\/miriamspragabenteuer\/2026\/09\/02\/ausreisen-und-anreisen-das-abenteuer-beginnt\/#primaryimage"},"image":{"@id":"https:\/\/blogs.donboscovolunteers.de\/miriamspragabenteuer\/2026\/09\/02\/ausreisen-und-anreisen-das-abenteuer-beginnt\/#primaryimage"},"thumbnailUrl":"https:\/\/blogs.donboscovolunteers.de\/miriamspragabenteuer\/wp-content\/uploads\/sites\/21784\/2026\/08\/IMG_20260827_075546-2-edited.jpg","datePublished":"2026-09-02T13:06:54+00:00","dateModified":"2026-09-02T13:06:56+00:00","author":{"@id":"https:\/\/blogs.donboscovolunteers.de\/miriamspragabenteuer\/#\/schema\/person\/2ddbe2ff8e46ce953082d512e1dc11fd"},"breadcrumb":{"@id":"https:\/\/blogs.donboscovolunteers.de\/miriamspragabenteuer\/2026\/09\/02\/ausreisen-und-anreisen-das-abenteuer-beginnt\/#breadcrumb"},"inLanguage":"de","potentialAction":[{"@type":"ReadAction","target":["https:\/\/blogs.donboscovolunteers.de\/miriamspragabenteuer\/2026\/09\/02\/ausreisen-und-anreisen-das-abenteuer-beginnt\/"]}]},{"@type":"ImageObject","inLanguage":"de","@id":"https:\/\/blogs.donboscovolunteers.de\/miriamspragabenteuer\/2026\/09\/02\/ausreisen-und-anreisen-das-abenteuer-beginnt\/#primaryimage","url":"https:\/\/blogs.donboscovolunteers.de\/miriamspragabenteuer\/wp-content\/uploads\/sites\/21784\/2026\/08\/IMG_20260827_075546-2-edited.jpg","contentUrl":"https:\/\/blogs.donboscovolunteers.de\/miriamspragabenteuer\/wp-content\/uploads\/sites\/21784\/2026\/08\/IMG_20260827_075546-2-edited.jpg","width":744,"height":1032},{"@type":"BreadcrumbList","@id":"https:\/\/blogs.donboscovolunteers.de\/miriamspragabenteuer\/2026\/09\/02\/ausreisen-und-anreisen-das-abenteuer-beginnt\/#breadcrumb","itemListElement":[{"@type":"ListItem","position":1,"name":"Start","item":"https:\/\/blogs.donboscovolunteers.de\/miriamspragabenteuer\/"},{"@type":"ListItem","position":2,"name":"Ausreisen und anreisen &#8211; das Abenteuer beginnt!"}]},{"@type":"WebSite","@id":"https:\/\/blogs.donboscovolunteers.de\/miriamspragabenteuer\/#website","url":"https:\/\/blogs.donboscovolunteers.de\/miriamspragabenteuer\/","name":"Auf nach Prag!","description":"Abenteuer in Tschechiens Hauptstadt","potentialAction":[{"@type":"SearchAction","target":{"@type":"EntryPoint","urlTemplate":"https:\/\/blogs.donboscovolunteers.de\/miriamspragabenteuer\/?s={search_term_string}"},"query-input":{"@type":"PropertyValueSpecification","valueRequired":true,"valueName":"search_term_string"}}],"inLanguage":"de"},{"@type":"Person","@id":"https:\/\/blogs.donboscovolunteers.de\/miriamspragabenteuer\/#\/schema\/person\/2ddbe2ff8e46ce953082d512e1dc11fd","name":"Miriam Reichart","image":{"@type":"ImageObject","inLanguage":"de","@id":"https:\/\/secure.gravatar.com\/avatar\/fc76455adc8fc31af5b5404e4d176ac57b9549538fd060eedc0f28de8b1ae74e?s=96&d=mm&r=g","url":"https:\/\/secure.gravatar.com\/avatar\/fc76455adc8fc31af5b5404e4d176ac57b9549538fd060eedc0f28de8b1ae74e?s=96&d=mm&r=g","contentUrl":"https:\/\/secure.gravatar.com\/avatar\/fc76455adc8fc31af5b5404e4d176ac57b9549538fd060eedc0f28de8b1ae74e?s=96&d=mm&r=g","caption":"Miriam Reichart"},"url":"https:\/\/blogs.donboscovolunteers.de\/miriamspragabenteuer\/author\/miriam07\/"}]}},"_links":{"self":[{"href":"https:\/\/blogs.donboscovolunteers.de\/miriamspragabenteuer\/wp-json\/wp\/v2\/posts\/92","targetHints":{"allow":["GET"]}}],"collection":[{"href":"https:\/\/blogs.donboscovolunteers.de\/miriamspragabenteuer\/wp-json\/wp\/v2\/posts"}],"about":[{"href":"https:\/\/blogs.donboscovolunteers.de\/miriamspragabenteuer\/wp-json\/wp\/v2\/types\/post"}],"author":[{"embeddable":true,"href":"https:\/\/blogs.donboscovolunteers.de\/miriamspragabenteuer\/wp-json\/wp\/v2\/users\/21894"}],"replies":[{"embeddable":true,"href":"https:\/\/blogs.donboscovolunteers.de\/miriamspragabenteuer\/wp-json\/wp\/v2\/comments?post=92"}],"version-history":[{"count":45,"href":"https:\/\/blogs.donboscovolunteers.de\/miriamspragabenteuer\/wp-json\/wp\/v2\/posts\/92\/revisions"}],"predecessor-version":[{"id":186,"href":"https:\/\/blogs.donboscovolunteers.de\/miriamspragabenteuer\/wp-json\/wp\/v2\/posts\/92\/revisions\/186"}],"wp:attachment":[{"href":"https:\/\/blogs.donboscovolunteers.de\/miriamspragabenteuer\/wp-json\/wp\/v2\/media?parent=92"}],"wp:term":[{"taxonomy":"category","embeddable":true,"href":"https:\/\/blogs.donboscovolunteers.de\/miriamspragabenteuer\/wp-json\/wp\/v2\/categories?post=92"},{"taxonomy":"post_tag","embeddable":true,"href":"https:\/\/blogs.donboscovolunteers.de\/miriamspragabenteuer\/wp-json\/wp\/v2\/tags?post=92"}],"curies":[{"name":"wp","href":"https:\/\/api.w.org\/{rel}","templated":true}]}}