{"id":124,"date":"2019-12-10T16:00:08","date_gmt":"2019-12-10T15:00:08","guid":{"rendered":"https:\/\/blogs.donboscovolunteers.de\/messimatemerienda\/?p=124"},"modified":"2019-12-10T16:00:12","modified_gmt":"2019-12-10T15:00:12","slug":"mate","status":"publish","type":"post","link":"https:\/\/blogs.donboscovolunteers.de\/messimatemerienda\/2019\/12\/10\/mate\/","title":{"rendered":"Mate"},"content":{"rendered":"<p>Teil II der Titelserie &#8222;Messi &#8211; Mate &#8211; Merienda&#8220;<\/p>\n\n\n\n<p>&#8222;Amargo o con az\u00facar?&#8220; (&#8222;Bitter oder mit Zucker&#8220;). Dies war eine Frage, die ich schon in den ersten Tagen in Argentinien gelernt habe zu beantworten. Es geht hierbei darum, wie du deinen Mate(-Tee) denn gerne trinkst, mit oder ohne Zucker. Hier handelt es sich genauso um eine Glaubensfrage, wie bei der Frage &#8222;Boca oder River?&#8220; (wer lieber was zum Thema Fu\u00dfball lesen will: hier mein letzter Blogeintrag mit dem Titel &#8222;Messi&#8220; <a href=\"https:\/\/blogs.donboscovolunteers.de\/messimatemerienda\/2019\/12\/03\/messi\/\">https:\/\/blogs.donboscovolunteers.de\/messimatemerienda\/2019\/12\/03\/messi\/<\/a>). Einmal entschieden, bleibt man oft ein Leben lang bei der gleichen Antwort.<\/p>\n\n\n\n<h4 class=\"wp-block-heading\">Was ist ein Mate?<\/h4>\n\n\n\n<p>Heute soll es also um das geliebte Nationalgetr\u00e4nk der Argentinier gehen, den Mate(-Tee). [Ich nenn ihn ab jetzt nur noch Mate, weil hier kein Mensch dazu Tee sagt und wenn man &#8222;t\u00e9&#8220; sagt, dann meint man hier in 90% der F\u00e4lle die einzig getrunkene Teesorte Schwarztee]. <\/p>\n\n\n\n<p>Doch die deutsche Terminologie &#8222;Mate-Tee&#8220; hat nat\u00fcrlich auch seinen Sinn, denn so ist der Mate genauso ein Aufgussgetr\u00e4nk aus verschiedenen Kr\u00e4utern, den man dann ebenfalls hei\u00df genie\u00dft. Diese besonderen Kr\u00e4uter kommen vom Mate-Strauch (laut Wikipedia eine Stechpalmenart), werden hier als &#8222;Yerba&#8220; bezeichnet und in Argentinien gro\u00dfteils in der Provinz Misiones, also im \u00e4u\u00dfersten Nordosten des Landes an der Grenze zu Brasilien, wo es sch\u00f6n warm und feucht ist, angebaut.<\/p>\n\n\n\n<h4 class=\"wp-block-heading\">Wie mache ich einen Mate?<\/h4>\n\n\n\n<p>Neben dem Yerba ben\u00f6tigt man ein Mategef\u00e4\u00df (&#8222;Kalafasse&#8220; oder meist einfach nur &#8222;Mate&#8220; genannt), einen Bombilla (eine Art Strohhalm aus Metall) und hei\u00dfes Wasser.<\/p>\n\n\n\n<p>Es gibt eine Unmenge an verschiedenen Mategef\u00e4\u00dfen. Die Gr\u00f6\u00dfe kann hier ebenso variieren wie das Material und das Design. Eine \u00fcbliche Version ist ein Mate aus Holz, doch genauso gibt es Kalafassen aus getrockneten Fr\u00fcchten\/Schalen, Plastik oder Varianten mit Metall bzw. Blech. Das einzige, was man Kauf vielleicht beachten sollte, ist, dass man das Yerba nach dem Gebrauch auch wieder aus dem Gef\u00e4\u00df bekommt (siehe n\u00e4chstes Bild). <\/p>\n\n\n\n<figure class=\"wp-block-image size-large\"><img loading=\"lazy\" decoding=\"async\" width=\"576\" height=\"1024\" src=\"https:\/\/blogs.donboscovolunteers.de\/messimatemerienda\/wp-content\/uploads\/sites\/21587\/2019\/12\/IMG_20191210_1134451-576x1024.jpg\" alt=\"\" class=\"wp-image-132\" srcset=\"https:\/\/blogs.donboscovolunteers.de\/messimatemerienda\/wp-content\/uploads\/sites\/21587\/2019\/12\/IMG_20191210_1134451-576x1024.jpg 576w, https:\/\/blogs.donboscovolunteers.de\/messimatemerienda\/wp-content\/uploads\/sites\/21587\/2019\/12\/IMG_20191210_1134451-169x300.jpg 169w, https:\/\/blogs.donboscovolunteers.de\/messimatemerienda\/wp-content\/uploads\/sites\/21587\/2019\/12\/IMG_20191210_1134451.jpg 720w\" sizes=\"auto, (max-width: 576px) 100vw, 576px\" \/><figcaption>Ob sich Marthas Kalafasse besser als Trinkgef\u00e4\u00df oder als Blumenvase verwenden l\u00e4sst, ist eine Frage, die mich in letzter Zeit viel besch\u00e4ftigt hat&#8230;<\/figcaption><\/figure>\n\n\n\n<figure class=\"wp-block-image size-large\"><img loading=\"lazy\" decoding=\"async\" width=\"1024\" height=\"576\" src=\"https:\/\/blogs.donboscovolunteers.de\/messimatemerienda\/wp-content\/uploads\/sites\/21587\/2019\/12\/IMG_20191126_180406-1024x576.jpg\" alt=\"\" class=\"wp-image-126\" srcset=\"https:\/\/blogs.donboscovolunteers.de\/messimatemerienda\/wp-content\/uploads\/sites\/21587\/2019\/12\/IMG_20191126_180406-1024x576.jpg 1024w, https:\/\/blogs.donboscovolunteers.de\/messimatemerienda\/wp-content\/uploads\/sites\/21587\/2019\/12\/IMG_20191126_180406-300x169.jpg 300w, https:\/\/blogs.donboscovolunteers.de\/messimatemerienda\/wp-content\/uploads\/sites\/21587\/2019\/12\/IMG_20191126_180406-768x432.jpg 768w, https:\/\/blogs.donboscovolunteers.de\/messimatemerienda\/wp-content\/uploads\/sites\/21587\/2019\/12\/IMG_20191126_180406-1200x675.jpg 1200w, https:\/\/blogs.donboscovolunteers.de\/messimatemerienda\/wp-content\/uploads\/sites\/21587\/2019\/12\/IMG_20191126_180406.jpg 1280w\" sizes=\"auto, (max-width: 1024px) 100vw, 1024px\" \/><figcaption> mein geliebtes Don-Bosco-Mate-Gef\u00e4\u00df mit drei sehr leckeren Yerbas<\/figcaption><\/figure>\n\n\n\n<p>In den Mate gibt man also das Yerba hinein. Dann empfiehlt es sich die Kr\u00e4utermischung etwas zu sch\u00fctteln und mit 45\u00b0 Steigung im Gef\u00e4\u00df zu platzieren. Das ist wichtig, um das Yerba St\u00fcck f\u00fcr St\u00fcck aufgie\u00dfen zu k\u00f6nnen, beginnend ganz unten, bis man am Schluss bei den letzten Aufg\u00fcssen ganz oben angekommen ist. Bevor man die Kalafasse allerdings mit Wasser bef\u00fcllt, sollte man noch den Bombilla am unteren Ende des kleinen Abhanges in das Yerba stecken. Dann wird das am besten um die 80\u00b0C hei\u00dfe Wasser hinzugef\u00fcgt [um so eine genaue Wassertemperatur zu erreichen, kann man hier bei vielen Wasserkochern eine genaue Temperatur einstellen]. Wir im Oratorio machen das Wasser allerdings ganz einfach auf dem Gasherd (mehr \u00fcber Gasherde gibts bei Martha: <a href=\"https:\/\/blogs.donboscovolunteers.de\/tauschealpengegenanden\/2019\/12\/09\/von-gasherd-bis-nachtaktiv\/\">https:\/\/blogs.donboscovolunteers.de\/tauschealpengegenanden\/2019\/12\/09\/von-gasherd-bis-nachtaktiv\/<\/a>) warm. Das Wasser wird immer nur bis zur Oberfl\u00e4che in das Yerba gegeben und keinesfalls das ganze Yerba mit Wasser geflutet. Dann wird reih um der Mate jeweils leer getrunken und wieder bis zur Oberfl\u00e4che bef\u00fcllt, das ganze wiederholt sich bis die Thermo leer ist.<\/p>\n\n\n\n<p>Hier meine erste Mate-Zubereitung&#8230; ein wunderbares Lehrvideo f\u00fcr alle Mate-Anf\u00e4nger \ud83d\ude1b : <a href=\"https:\/\/drive.google.com\/open?id=1N8e3CRMxcBqKMHQjmqfFv87Nbr7Hp3to\">https:\/\/drive.google.com\/open?id=1N8e3CRMxcBqKMHQjmqfFv87Nbr7Hp3to<\/a> (&#8211;&gt; f\u00fcr alle, die sich nicht zurecht finden: einfach herunterladen und mit beispielsweise Windows Media Player \u00f6ffnen)<\/p>\n\n\n\n<p><\/p>\n\n\n\n<h4 class=\"wp-block-heading\">Mate als Gemeinschaftselement<\/h4>\n\n\n\n<p>Wie schon am Ende des letzten Absatzes erw\u00e4hnt, trinkt man Mate eigentlich fast nie allein. Zwar besitzt wahrscheinlich jeder Argentinier sein eigenes Mategef\u00e4\u00df und seine eigene Thermosflasche, jedoch ben\u00f6tigt man in einer Runde von 3, 4, 5, &#8230; Leuten eigentlich nur ein Set. Getrunken wird dementsprechend aus dem gleichen Gef\u00e4\u00df und dem gleichen Bombilla (&#8230; f\u00fcr den hygienebewussten deutschen Normalb\u00fcrger erstmal eine Umstellung&#8230;). Selbst wenn einen eine kleine Erk\u00e4ltung erwischt, wie es mir im Fr\u00fchling einige Male passiert ist, wird darauf bestanden, dass man trotzdem mit trinkt. Gott sei Dank hat sich, so wie ich das mitbekommen habe, keiner angesteckt&#8230; anscheinend ist man durch das Bombilla-Teilen auch ganz gut abgeh\u00e4rtet. Ansonsten ist Mate-Trinken einfach immer eine gute Sache um ein bisschen zu ratschen und es lockt auch meistens zus\u00e4tzlich Leute an, die sich dazu setzen.<\/p>\n\n\n\n<h4 class=\"wp-block-heading\">Wann trinkt man Mate?<\/h4>\n\n\n\n<p>Eigentlich immer. Das klingt jetzt \u00fcbertrieben&#8230; ist es vielleicht auch ein bisschen, aber tats\u00e4chlich nur ein ganz kleines bisschen&#8230; denn Mate ist tats\u00e4chlich die Fl\u00fcssigkeit die Martha und ich am meisten zu uns nehmen, weit vor normalem Wasser oder Gaseosa (Limo). Es beginnt am Morgen beim Fr\u00fchst\u00fcck mit einem Mate cocido (die Beutelvariante), dann folgt die Lernzeit der Jungs, da trinken wir beide eigentlich immer &#8217;ne komplette Thermosflasche allein (finde den Fehler \ud83d\ude09 ) leer. Nach dem Mittagessen h\u00f6ren wir oft nen Podcast, schreiben Blog oder lesen etwas, dazu passt ein Mate auch immer gut und um 6 oder halb 7 zur Merienda-Zeit ist es f\u00fcr uns zur Gewohnheit geworden mit Coco, dem Hausmeister, und ein paar Jungs Mate zu trinken und danach besteht bei der offiziellen Merienda auch noch mal die M\u00f6glichkeit sich einen Mate cocido zu g\u00f6nnen. Insofern kann man sagen kommen wir t\u00e4glich warscheinlich meist auf einen Matekonsum von fast 2 Litern&#8230; also @Mama: zu wenig Fl\u00fcssigkeit nehm ich hier sicher nicht zu mir \ud83d\ude42<\/p>\n\n\n\n<figure class=\"wp-block-image size-large\"><img loading=\"lazy\" decoding=\"async\" width=\"576\" height=\"1024\" src=\"https:\/\/blogs.donboscovolunteers.de\/messimatemerienda\/wp-content\/uploads\/sites\/21587\/2019\/12\/IMG_20191126_092524-576x1024.jpg\" alt=\"\" class=\"wp-image-127\" srcset=\"https:\/\/blogs.donboscovolunteers.de\/messimatemerienda\/wp-content\/uploads\/sites\/21587\/2019\/12\/IMG_20191126_092524-576x1024.jpg 576w, https:\/\/blogs.donboscovolunteers.de\/messimatemerienda\/wp-content\/uploads\/sites\/21587\/2019\/12\/IMG_20191126_092524-169x300.jpg 169w, https:\/\/blogs.donboscovolunteers.de\/messimatemerienda\/wp-content\/uploads\/sites\/21587\/2019\/12\/IMG_20191126_092524.jpg 720w\" sizes=\"auto, (max-width: 576px) 100vw, 576px\" \/><figcaption>So l\u00e4sst sich die Lernzeit aushalten&#8230;<\/figcaption><\/figure>\n\n\n\n<h4 class=\"wp-block-heading\">Wirkung von Mate<\/h4>\n\n\n\n<p>Genau wie Kaffee hat Mate eine aufputschende Wirkung. Die Studenten unter euch, die sich f\u00fcr ihre Hausarbeiten in der Bibliothek mit Club-Mate (deutsches Erfrischungsgetr\u00e4nk,<em> die Red.<\/em>) eindecken, wissen das wahrscheinlich. Beim einen schl\u00e4gt diese Wirkung mehr an, beim anderen weniger. Mir hilft der Mate am morgen immer sehr gut auf die Beine zu kommen, allerdings brauch ich da immer relativ viel davon oder alternativ das hervorragende Yerba mit Guaran\u00e1-Geschmack (energetisierende Superfruit, <em>die Red.<\/em>). Was man vielleicht nicht unbedingt machen sollte, ist sich kurz vor dem ins Bett gehen einen Mate reinstellen&#8230; hab ich zumindest geh\u00f6rt&#8230; Martha hatte halt dann ein paar Stunden weniger Schlaf ^^<\/p>\n\n\n\n<figure class=\"wp-block-gallery columns-1 is-cropped wp-block-gallery-1 is-layout-flex wp-block-gallery-is-layout-flex\"><ul class=\"blocks-gallery-grid\"><li class=\"blocks-gallery-item\"><figure><img loading=\"lazy\" decoding=\"async\" width=\"1024\" height=\"576\" src=\"https:\/\/blogs.donboscovolunteers.de\/messimatemerienda\/wp-content\/uploads\/sites\/21587\/2019\/12\/IMG_20191203_203324-1024x576.jpg\" alt=\"\" data-id=\"125\" data-link=\"https:\/\/blogs.donboscovolunteers.de\/messimatemerienda\/?attachment_id=125\" class=\"wp-image-125\" srcset=\"https:\/\/blogs.donboscovolunteers.de\/messimatemerienda\/wp-content\/uploads\/sites\/21587\/2019\/12\/IMG_20191203_203324-1024x576.jpg 1024w, https:\/\/blogs.donboscovolunteers.de\/messimatemerienda\/wp-content\/uploads\/sites\/21587\/2019\/12\/IMG_20191203_203324-300x169.jpg 300w, https:\/\/blogs.donboscovolunteers.de\/messimatemerienda\/wp-content\/uploads\/sites\/21587\/2019\/12\/IMG_20191203_203324-768x432.jpg 768w, https:\/\/blogs.donboscovolunteers.de\/messimatemerienda\/wp-content\/uploads\/sites\/21587\/2019\/12\/IMG_20191203_203324-1200x675.jpg 1200w, https:\/\/blogs.donboscovolunteers.de\/messimatemerienda\/wp-content\/uploads\/sites\/21587\/2019\/12\/IMG_20191203_203324.jpg 1280w\" sizes=\"auto, (max-width: 1024px) 100vw, 1024px\" \/><figcaption class=\"blocks-gallery-item__caption\"> Ein Mate-Yerba Regal in einem eher kleinen Supermarkt&#8230; wir werden uns da mal durchprobieren &lt;3 <\/figcaption><\/figure><\/li><\/ul><\/figure>\n\n\n\n<figure class=\"wp-block-image size-large\"><img loading=\"lazy\" decoding=\"async\" width=\"1024\" height=\"576\" src=\"https:\/\/blogs.donboscovolunteers.de\/messimatemerienda\/wp-content\/uploads\/sites\/21587\/2019\/12\/IMG-20191015-WA0019-1-1024x576.jpg\" alt=\"\" class=\"wp-image-129\" srcset=\"https:\/\/blogs.donboscovolunteers.de\/messimatemerienda\/wp-content\/uploads\/sites\/21587\/2019\/12\/IMG-20191015-WA0019-1-1024x576.jpg 1024w, https:\/\/blogs.donboscovolunteers.de\/messimatemerienda\/wp-content\/uploads\/sites\/21587\/2019\/12\/IMG-20191015-WA0019-1-300x169.jpg 300w, https:\/\/blogs.donboscovolunteers.de\/messimatemerienda\/wp-content\/uploads\/sites\/21587\/2019\/12\/IMG-20191015-WA0019-1-768x432.jpg 768w, https:\/\/blogs.donboscovolunteers.de\/messimatemerienda\/wp-content\/uploads\/sites\/21587\/2019\/12\/IMG-20191015-WA0019-1-1200x675.jpg 1200w, https:\/\/blogs.donboscovolunteers.de\/messimatemerienda\/wp-content\/uploads\/sites\/21587\/2019\/12\/IMG-20191015-WA0019-1.jpg 1280w\" sizes=\"auto, (max-width: 1024px) 100vw, 1024px\" \/><figcaption>Don-Bosco-Yerba (hergestellt in einer Landwirtschaftsschule der Salesianer in Misiones) macht die Salis froh und die Volos ebenso \ud83d\ude00<\/figcaption><\/figure>\n\n\n\n<h4 class=\"wp-block-heading\">Trinken auch Kinder Mate?<\/h4>\n\n\n\n<p>Jein. Ab einem gewissen Alter, so um die 10 &#8211; 12, manche fr\u00fcher manche sp\u00e4ter (und manche auch nie) fangen einige chicxs an mit dem Matekonsum. Die Kids trinken wenn dann mit Zucker&#8230; amargo schmeckt den meisten erst sp\u00e4ter. Viele bleiben dem Zucker aber auch treu&#8230; auf dem Land zum Beispiel trinkt man nur s\u00fc\u00dfen Mate&#8230; dementsprechend g\u00f6nnen sich viele unserer Jungs (die ja vom Land kommen) auch 2 fette Essl\u00f6ffel (!!!!!) Zucker in ihrem Mate cocido.<\/p>\n\n\n\n<h4 class=\"wp-block-heading\">Terer\u00e9<\/h4>\n\n\n\n<p>Was die Kinder jedoch lieber trinken, ist Terer\u00e9. Terer\u00e9 ist die kalte Eisw\u00fcrfel-Version von Mate. Besonders an den vielen hei\u00dfen Sommertagen, wenn auf dem Sportplatz Hochbetrieb herrscht, ist das Getr\u00e4nk eine willkommene Erfrischung f\u00fcr Gro\u00df und Klein. Der Terer\u00e9, der hier am beliebtesten ist, wird mit Saft zubereitet. Ebenso gibt es es allerdings den, von mir pr\u00e4ferierten, Terer\u00e9 paraguayo (also die parguayanische Version), den man einfach mit kaltem Wasser aufgie\u00dft. <\/p>\n\n\n\n<h4 class=\"wp-block-heading\">Amargo o con az\u00facar?<\/h4>\n\n\n\n<p>Zur\u00fcck zur Frage vom Anfang, was trinken die Alemanes denn jetzt? Martha und ich haben uns relativ schnell f\u00fcr amargo entschieden. Jedoch habe ich auf dem Land auch den Mate mit Zucker sehr zu sch\u00e4tzen gelernt&#8230; zusammen mit einer frischen Tortilla macht das durchaus was her \ud83d\ude1b<\/p>\n\n\n\n<figure class=\"wp-block-image size-large\"><img loading=\"lazy\" decoding=\"async\" width=\"576\" height=\"1024\" src=\"https:\/\/blogs.donboscovolunteers.de\/messimatemerienda\/wp-content\/uploads\/sites\/21587\/2019\/12\/IMG_20191006_172750-576x1024.jpg\" alt=\"\" class=\"wp-image-130\" srcset=\"https:\/\/blogs.donboscovolunteers.de\/messimatemerienda\/wp-content\/uploads\/sites\/21587\/2019\/12\/IMG_20191006_172750-576x1024.jpg 576w, https:\/\/blogs.donboscovolunteers.de\/messimatemerienda\/wp-content\/uploads\/sites\/21587\/2019\/12\/IMG_20191006_172750-169x300.jpg 169w, https:\/\/blogs.donboscovolunteers.de\/messimatemerienda\/wp-content\/uploads\/sites\/21587\/2019\/12\/IMG_20191006_172750.jpg 720w\" sizes=\"auto, (max-width: 576px) 100vw, 576px\" \/><figcaption>Tortilla<\/figcaption><\/figure>\n\n\n\n<p>Aber mit Essen geht es dann das n\u00e4chste Mal weiter, wenn wir uns dem Thema &#8222;Merienda&#8220; widmen.<\/p>\n\n\n\n<p>Um beim Abschiedsgru\u00df weiter etwas zu variieren, sag ich heute einfach mal &#8222;Tsch\u00f6\u00f6\u00f6\u00f6 mit \u00f6\u00f6\u00f6\u00f6\u00f6&#8220; und bis zum n\u00e4chsten Mal<\/p>\n\n\n\n<p>euer Simon <\/p>","protected":false},"excerpt":{"rendered":"<p>Teil II der Titelserie &#8222;Messi &#8211; Mate &#8211; Merienda&#8220; &#8222;Amargo o con az\u00facar?&#8220; (&#8222;Bitter oder mit Zucker&#8220;). Dies war eine Frage, die ich schon in den ersten Tagen in Argentinien gelernt habe zu beantworten. Es geht hierbei darum, wie du deinen Mate(-Tee) denn gerne trinkst, mit oder ohne Zucker. Hier handelt es sich genauso um [&hellip;]<\/p>\n","protected":false},"author":21648,"featured_media":0,"comment_status":"open","ping_status":"open","sticky":false,"template":"","format":"standard","meta":{"footnotes":""},"categories":[1],"tags":[],"class_list":["post-124","post","type-post","status-publish","format-standard","hentry","category-allgemein"],"yoast_head":"<!-- This site is optimized with the Yoast SEO plugin v25.3.1 - https:\/\/yoast.com\/wordpress\/plugins\/seo\/ -->\n<title>Mate - Messi, Mate y Merienda<\/title>\n<meta name=\"robots\" content=\"index, follow, max-snippet:-1, max-image-preview:large, max-video-preview:-1\" \/>\n<link rel=\"canonical\" href=\"https:\/\/blogs.donboscovolunteers.de\/messimatemerienda\/2019\/12\/10\/mate\/\" \/>\n<meta property=\"og:locale\" content=\"de_DE\" \/>\n<meta property=\"og:type\" content=\"article\" \/>\n<meta property=\"og:title\" content=\"Mate - Messi, Mate y Merienda\" \/>\n<meta property=\"og:description\" content=\"Teil II der Titelserie &#8222;Messi &#8211; Mate &#8211; Merienda&#8220; &#8222;Amargo o con az\u00facar?&#8220; (&#8222;Bitter oder mit Zucker&#8220;). Dies war eine Frage, die ich schon in den ersten Tagen in Argentinien gelernt habe zu beantworten. Es geht hierbei darum, wie du deinen Mate(-Tee) denn gerne trinkst, mit oder ohne Zucker. Hier handelt es sich genauso um [&hellip;]\" \/>\n<meta property=\"og:url\" content=\"https:\/\/blogs.donboscovolunteers.de\/messimatemerienda\/2019\/12\/10\/mate\/\" \/>\n<meta property=\"og:site_name\" content=\"Messi, Mate y Merienda\" \/>\n<meta property=\"article:published_time\" content=\"2019-12-10T15:00:08+00:00\" \/>\n<meta property=\"article:modified_time\" content=\"2019-12-10T15:00:12+00:00\" \/>\n<meta property=\"og:image\" content=\"https:\/\/blogs.donboscovolunteers.de\/messimatemerienda\/wp-content\/uploads\/sites\/21587\/2019\/12\/IMG_20191210_1134451-576x1024.jpg\" \/>\n<meta name=\"author\" content=\"Simon Weniger\" \/>\n<meta name=\"twitter:card\" content=\"summary_large_image\" \/>\n<meta name=\"twitter:label1\" content=\"Verfasst von\" \/>\n\t<meta name=\"twitter:data1\" content=\"Simon Weniger\" \/>\n\t<meta name=\"twitter:label2\" content=\"Gesch\u00e4tzte Lesezeit\" \/>\n\t<meta name=\"twitter:data2\" content=\"7\u00a0Minuten\" \/>\n<script type=\"application\/ld+json\" class=\"yoast-schema-graph\">{\"@context\":\"https:\/\/schema.org\",\"@graph\":[{\"@type\":\"WebPage\",\"@id\":\"https:\/\/blogs.donboscovolunteers.de\/messimatemerienda\/2019\/12\/10\/mate\/\",\"url\":\"https:\/\/blogs.donboscovolunteers.de\/messimatemerienda\/2019\/12\/10\/mate\/\",\"name\":\"Mate - Messi, Mate y Merienda\",\"isPartOf\":{\"@id\":\"https:\/\/blogs.donboscovolunteers.de\/messimatemerienda\/#website\"},\"primaryImageOfPage\":{\"@id\":\"https:\/\/blogs.donboscovolunteers.de\/messimatemerienda\/2019\/12\/10\/mate\/#primaryimage\"},\"image\":{\"@id\":\"https:\/\/blogs.donboscovolunteers.de\/messimatemerienda\/2019\/12\/10\/mate\/#primaryimage\"},\"thumbnailUrl\":\"https:\/\/blogs.donboscovolunteers.de\/messimatemerienda\/wp-content\/uploads\/sites\/21587\/2019\/12\/IMG_20191210_1134451-576x1024.jpg\",\"datePublished\":\"2019-12-10T15:00:08+00:00\",\"dateModified\":\"2019-12-10T15:00:12+00:00\",\"author\":{\"@id\":\"https:\/\/blogs.donboscovolunteers.de\/messimatemerienda\/#\/schema\/person\/9b23764bb220f0bac51d7ebe2e2482dd\"},\"breadcrumb\":{\"@id\":\"https:\/\/blogs.donboscovolunteers.de\/messimatemerienda\/2019\/12\/10\/mate\/#breadcrumb\"},\"inLanguage\":\"de\",\"potentialAction\":[{\"@type\":\"ReadAction\",\"target\":[\"https:\/\/blogs.donboscovolunteers.de\/messimatemerienda\/2019\/12\/10\/mate\/\"]}]},{\"@type\":\"ImageObject\",\"inLanguage\":\"de\",\"@id\":\"https:\/\/blogs.donboscovolunteers.de\/messimatemerienda\/2019\/12\/10\/mate\/#primaryimage\",\"url\":\"https:\/\/blogs.donboscovolunteers.de\/messimatemerienda\/wp-content\/uploads\/sites\/21587\/2019\/12\/IMG_20191210_1134451.jpg\",\"contentUrl\":\"https:\/\/blogs.donboscovolunteers.de\/messimatemerienda\/wp-content\/uploads\/sites\/21587\/2019\/12\/IMG_20191210_1134451.jpg\",\"width\":720,\"height\":1280},{\"@type\":\"BreadcrumbList\",\"@id\":\"https:\/\/blogs.donboscovolunteers.de\/messimatemerienda\/2019\/12\/10\/mate\/#breadcrumb\",\"itemListElement\":[{\"@type\":\"ListItem\",\"position\":1,\"name\":\"Startseite\",\"item\":\"https:\/\/blogs.donboscovolunteers.de\/messimatemerienda\/\"},{\"@type\":\"ListItem\",\"position\":2,\"name\":\"Mate\"}]},{\"@type\":\"WebSite\",\"@id\":\"https:\/\/blogs.donboscovolunteers.de\/messimatemerienda\/#website\",\"url\":\"https:\/\/blogs.donboscovolunteers.de\/messimatemerienda\/\",\"name\":\"Messi, Mate y Merienda\",\"description\":\"Simon en Santiago\",\"potentialAction\":[{\"@type\":\"SearchAction\",\"target\":{\"@type\":\"EntryPoint\",\"urlTemplate\":\"https:\/\/blogs.donboscovolunteers.de\/messimatemerienda\/?s={search_term_string}\"},\"query-input\":{\"@type\":\"PropertyValueSpecification\",\"valueRequired\":true,\"valueName\":\"search_term_string\"}}],\"inLanguage\":\"de\"},{\"@type\":\"Person\",\"@id\":\"https:\/\/blogs.donboscovolunteers.de\/messimatemerienda\/#\/schema\/person\/9b23764bb220f0bac51d7ebe2e2482dd\",\"name\":\"Simon Weniger\",\"image\":{\"@type\":\"ImageObject\",\"inLanguage\":\"de\",\"@id\":\"https:\/\/blogs.donboscovolunteers.de\/messimatemerienda\/#\/schema\/person\/image\/\",\"url\":\"https:\/\/secure.gravatar.com\/avatar\/c5f071b671f58b7e6f194020841cf6636a53dd1027dea50b099067611c1d3fa1?s=96&d=mm&r=g\",\"contentUrl\":\"https:\/\/secure.gravatar.com\/avatar\/c5f071b671f58b7e6f194020841cf6636a53dd1027dea50b099067611c1d3fa1?s=96&d=mm&r=g\",\"caption\":\"Simon Weniger\"},\"description\":\"&gt; 23 &gt; Student &gt; Theologie &gt; Regensburg &gt; FCN &lt;3\",\"url\":\"https:\/\/blogs.donboscovolunteers.de\/messimatemerienda\/author\/simoninsantiago\/\"}]}<\/script>\n<!-- \/ Yoast SEO plugin. -->","yoast_head_json":{"title":"Mate - Messi, Mate y Merienda","robots":{"index":"index","follow":"follow","max-snippet":"max-snippet:-1","max-image-preview":"max-image-preview:large","max-video-preview":"max-video-preview:-1"},"canonical":"https:\/\/blogs.donboscovolunteers.de\/messimatemerienda\/2019\/12\/10\/mate\/","og_locale":"de_DE","og_type":"article","og_title":"Mate - Messi, Mate y Merienda","og_description":"Teil II der Titelserie &#8222;Messi &#8211; Mate &#8211; Merienda&#8220; &#8222;Amargo o con az\u00facar?&#8220; (&#8222;Bitter oder mit Zucker&#8220;). Dies war eine Frage, die ich schon in den ersten Tagen in Argentinien gelernt habe zu beantworten. Es geht hierbei darum, wie du deinen Mate(-Tee) denn gerne trinkst, mit oder ohne Zucker. Hier handelt es sich genauso um [&hellip;]","og_url":"https:\/\/blogs.donboscovolunteers.de\/messimatemerienda\/2019\/12\/10\/mate\/","og_site_name":"Messi, Mate y Merienda","article_published_time":"2019-12-10T15:00:08+00:00","article_modified_time":"2019-12-10T15:00:12+00:00","og_image":[{"url":"https:\/\/blogs.donboscovolunteers.de\/messimatemerienda\/wp-content\/uploads\/sites\/21587\/2019\/12\/IMG_20191210_1134451-576x1024.jpg","type":"","width":"","height":""}],"author":"Simon Weniger","twitter_card":"summary_large_image","twitter_misc":{"Verfasst von":"Simon Weniger","Gesch\u00e4tzte Lesezeit":"7\u00a0Minuten"},"schema":{"@context":"https:\/\/schema.org","@graph":[{"@type":"WebPage","@id":"https:\/\/blogs.donboscovolunteers.de\/messimatemerienda\/2019\/12\/10\/mate\/","url":"https:\/\/blogs.donboscovolunteers.de\/messimatemerienda\/2019\/12\/10\/mate\/","name":"Mate - Messi, Mate y Merienda","isPartOf":{"@id":"https:\/\/blogs.donboscovolunteers.de\/messimatemerienda\/#website"},"primaryImageOfPage":{"@id":"https:\/\/blogs.donboscovolunteers.de\/messimatemerienda\/2019\/12\/10\/mate\/#primaryimage"},"image":{"@id":"https:\/\/blogs.donboscovolunteers.de\/messimatemerienda\/2019\/12\/10\/mate\/#primaryimage"},"thumbnailUrl":"https:\/\/blogs.donboscovolunteers.de\/messimatemerienda\/wp-content\/uploads\/sites\/21587\/2019\/12\/IMG_20191210_1134451-576x1024.jpg","datePublished":"2019-12-10T15:00:08+00:00","dateModified":"2019-12-10T15:00:12+00:00","author":{"@id":"https:\/\/blogs.donboscovolunteers.de\/messimatemerienda\/#\/schema\/person\/9b23764bb220f0bac51d7ebe2e2482dd"},"breadcrumb":{"@id":"https:\/\/blogs.donboscovolunteers.de\/messimatemerienda\/2019\/12\/10\/mate\/#breadcrumb"},"inLanguage":"de","potentialAction":[{"@type":"ReadAction","target":["https:\/\/blogs.donboscovolunteers.de\/messimatemerienda\/2019\/12\/10\/mate\/"]}]},{"@type":"ImageObject","inLanguage":"de","@id":"https:\/\/blogs.donboscovolunteers.de\/messimatemerienda\/2019\/12\/10\/mate\/#primaryimage","url":"https:\/\/blogs.donboscovolunteers.de\/messimatemerienda\/wp-content\/uploads\/sites\/21587\/2019\/12\/IMG_20191210_1134451.jpg","contentUrl":"https:\/\/blogs.donboscovolunteers.de\/messimatemerienda\/wp-content\/uploads\/sites\/21587\/2019\/12\/IMG_20191210_1134451.jpg","width":720,"height":1280},{"@type":"BreadcrumbList","@id":"https:\/\/blogs.donboscovolunteers.de\/messimatemerienda\/2019\/12\/10\/mate\/#breadcrumb","itemListElement":[{"@type":"ListItem","position":1,"name":"Startseite","item":"https:\/\/blogs.donboscovolunteers.de\/messimatemerienda\/"},{"@type":"ListItem","position":2,"name":"Mate"}]},{"@type":"WebSite","@id":"https:\/\/blogs.donboscovolunteers.de\/messimatemerienda\/#website","url":"https:\/\/blogs.donboscovolunteers.de\/messimatemerienda\/","name":"Messi, Mate y Merienda","description":"Simon en Santiago","potentialAction":[{"@type":"SearchAction","target":{"@type":"EntryPoint","urlTemplate":"https:\/\/blogs.donboscovolunteers.de\/messimatemerienda\/?s={search_term_string}"},"query-input":{"@type":"PropertyValueSpecification","valueRequired":true,"valueName":"search_term_string"}}],"inLanguage":"de"},{"@type":"Person","@id":"https:\/\/blogs.donboscovolunteers.de\/messimatemerienda\/#\/schema\/person\/9b23764bb220f0bac51d7ebe2e2482dd","name":"Simon Weniger","image":{"@type":"ImageObject","inLanguage":"de","@id":"https:\/\/blogs.donboscovolunteers.de\/messimatemerienda\/#\/schema\/person\/image\/","url":"https:\/\/secure.gravatar.com\/avatar\/c5f071b671f58b7e6f194020841cf6636a53dd1027dea50b099067611c1d3fa1?s=96&d=mm&r=g","contentUrl":"https:\/\/secure.gravatar.com\/avatar\/c5f071b671f58b7e6f194020841cf6636a53dd1027dea50b099067611c1d3fa1?s=96&d=mm&r=g","caption":"Simon Weniger"},"description":"&gt; 23 &gt; Student &gt; Theologie &gt; Regensburg &gt; FCN &lt;3","url":"https:\/\/blogs.donboscovolunteers.de\/messimatemerienda\/author\/simoninsantiago\/"}]}},"_links":{"self":[{"href":"https:\/\/blogs.donboscovolunteers.de\/messimatemerienda\/wp-json\/wp\/v2\/posts\/124","targetHints":{"allow":["GET"]}}],"collection":[{"href":"https:\/\/blogs.donboscovolunteers.de\/messimatemerienda\/wp-json\/wp\/v2\/posts"}],"about":[{"href":"https:\/\/blogs.donboscovolunteers.de\/messimatemerienda\/wp-json\/wp\/v2\/types\/post"}],"author":[{"embeddable":true,"href":"https:\/\/blogs.donboscovolunteers.de\/messimatemerienda\/wp-json\/wp\/v2\/users\/21648"}],"replies":[{"embeddable":true,"href":"https:\/\/blogs.donboscovolunteers.de\/messimatemerienda\/wp-json\/wp\/v2\/comments?post=124"}],"version-history":[{"count":2,"href":"https:\/\/blogs.donboscovolunteers.de\/messimatemerienda\/wp-json\/wp\/v2\/posts\/124\/revisions"}],"predecessor-version":[{"id":133,"href":"https:\/\/blogs.donboscovolunteers.de\/messimatemerienda\/wp-json\/wp\/v2\/posts\/124\/revisions\/133"}],"wp:attachment":[{"href":"https:\/\/blogs.donboscovolunteers.de\/messimatemerienda\/wp-json\/wp\/v2\/media?parent=124"}],"wp:term":[{"taxonomy":"category","embeddable":true,"href":"https:\/\/blogs.donboscovolunteers.de\/messimatemerienda\/wp-json\/wp\/v2\/categories?post=124"},{"taxonomy":"post_tag","embeddable":true,"href":"https:\/\/blogs.donboscovolunteers.de\/messimatemerienda\/wp-json\/wp\/v2\/tags?post=124"}],"curies":[{"name":"wp","href":"https:\/\/api.w.org\/{rel}","templated":true}]}}