{"id":1,"date":"2019-07-08T10:28:42","date_gmt":"2019-07-08T08:28:42","guid":{"rendered":"https:\/\/blogs.donboscovolunteers.de\/messimatemerienda\/?p=1"},"modified":"2019-07-31T15:12:35","modified_gmt":"2019-07-31T13:12:35","slug":"abnachargentinien","status":"publish","type":"post","link":"https:\/\/blogs.donboscovolunteers.de\/messimatemerienda\/2019\/07\/08\/abnachargentinien\/","title":{"rendered":"Ab nach Argentinien!"},"content":{"rendered":"<figure class=\"wp-block-image\"><img loading=\"lazy\" decoding=\"async\" width=\"1024\" height=\"683\" src=\"https:\/\/blogs.donboscovolunteers.de\/messimatemerienda\/wp-content\/uploads\/sites\/21587\/2019\/07\/Gruppenbild-Br\u00fccke-1-1024x683.jpg\" alt=\"\" class=\"wp-image-41\" srcset=\"https:\/\/blogs.donboscovolunteers.de\/messimatemerienda\/wp-content\/uploads\/sites\/21587\/2019\/07\/Gruppenbild-Br\u00fccke-1-1024x683.jpg 1024w, https:\/\/blogs.donboscovolunteers.de\/messimatemerienda\/wp-content\/uploads\/sites\/21587\/2019\/07\/Gruppenbild-Br\u00fccke-1-300x200.jpg 300w, https:\/\/blogs.donboscovolunteers.de\/messimatemerienda\/wp-content\/uploads\/sites\/21587\/2019\/07\/Gruppenbild-Br\u00fccke-1-768x512.jpg 768w, https:\/\/blogs.donboscovolunteers.de\/messimatemerienda\/wp-content\/uploads\/sites\/21587\/2019\/07\/Gruppenbild-Br\u00fccke-1-1200x801.jpg 1200w, https:\/\/blogs.donboscovolunteers.de\/messimatemerienda\/wp-content\/uploads\/sites\/21587\/2019\/07\/Gruppenbild-Br\u00fccke-1.jpg 1280w\" sizes=\"auto, (max-width: 1024px) 100vw, 1024px\" \/><figcaption><a href=\"https:\/\/www.donboscomission.de\/don-bosco\/\">Don Bosco<\/a> Volunteers (Bayern\/Baden-W\u00fcrttemberg) 2019\/20<\/figcaption><\/figure>\n\n\n<p>Hola zusammen, sch\u00f6n dass ihr hierher auf meine Seite gefunden habt.<\/p>\n<p>Was erwartet euch nun hier?<\/p>\n<p>Alsoooo\u2026 ich bin Simon, 23 Jahre alt, komme aus der sch\u00f6nen Oberpfalz und bin normalerweise flei\u00dfiger Theologie-Student. Nachdem ich gerade mein 6.Semester erfolgreich hinter mich gebracht habe, habe ich mich entschieden, ab September ein Jahr Teil des Oratorio Don Bosco in Santiago del Estero zu werden. Gemeinsam mit meiner lieben Mitvolont\u00e4rin Martha werde ich ganz viele neue Erfahrungen in einem Jugendzentrum in Nordwest-Argentinien sammeln d\u00fcrfen. 30 Sch\u00fcler, aus der Gegend rund um Santiago, leben hier, um einen Abschluss an einer weiterf\u00fchrenden Schule (die es auf dem Land nicht gibt bzw. die wenn dann um die 3 Stunden Fahrt entfernt liegt) machen zu k\u00f6nnen. Unsere Aufgabe wird es dabei sein, die Jungs bei ihren Hausaufgaben und beim Lernen zu unterst\u00fctzen, mit ihnen ihre Freizeit zu gestalten und beispielsweise Ausfl\u00fcge zu planen.<\/p>\n<p>Meine Erlebnisse, die ich dann in dieser f\u00fcr mich neuen Welt machen werde, m\u00f6chte ich hier auf meinem Blog in Form von Beitr\u00e4gen und Bilder mit euch teilen. Schlussendlich m\u00f6chte ich euch noch darauf hinweisen, dass ihr mein Projekt in Argentinien auch durch Spenden unterst\u00fctzen k\u00f6nnt. (\u2026 und wer nicht so viel Geld hat, kann mir ja statt mir dieses Jahr mal ein Bier auszugeben, das Geld einfach spenden \ud83d\ude1b )<\/p>\n<p>Daf\u00fcr k\u00f6nnen auch Spendenquittungen ausgestellt werden &#8211;&gt; Einfach bei der \u00dcberweisung Adresse mit angeben.<\/p>\n<p>Kontodaten f\u00fcr Spenden w\u00e4re: (im Verwendungszweck dann bitte mein Spendenk\u00fcrzel und Name: &#8222;S19VR048 Simon Weniger&#8220; angeben)<\/p>\n<p><span lang=\"es-419\"><span style=\"color: #000000;font-family: Calibri;font-size: medium\">DON BOSCO MISSION<\/span><\/span><\/p>\n<p><span lang=\"es-419\"><span style=\"color: #000000;font-family: Calibri;font-size: medium\">LIGA BANK M\u00dcNCHEN<\/span><\/span><\/p>\n<p><span lang=\"es-419\"><span style=\"color: #000000;font-family: Calibri;font-size: medium\">IBAN: DE66 7509 0300 0102 1418 76<\/span><\/span><\/p>\n<p><span lang=\"es-419\"><span style=\"color: #000000;font-family: Calibri;font-size: medium\">BIC: GENODEF1M05<\/span><\/span><\/p>\n<p>Ich freu mich, wenn ihr weiterhin flei\u00dfig hier vorbei schaut&#8230; und ich melde mich sicherlich kurz nach meinem Flug am 4.September mit ersten Eindr\u00fccken aus Argentinien<\/p>\n<p>Hasta luego und bis dann<\/p>\n<p>Euer Simon<\/p>\n<p>&nbsp;<\/p>","protected":false},"excerpt":{"rendered":"<p>Hola zusammen, sch\u00f6n dass ihr hierher auf meine Seite gefunden habt. Was erwartet euch nun hier? Alsoooo\u2026 ich bin Simon, 23 Jahre alt, komme aus der sch\u00f6nen Oberpfalz und bin normalerweise flei\u00dfiger Theologie-Student. Nachdem ich gerade mein 6.Semester erfolgreich hinter mich gebracht habe, habe ich mich entschieden, ab September ein Jahr Teil des Oratorio Don [&hellip;]<\/p>\n","protected":false},"author":21648,"featured_media":0,"comment_status":"open","ping_status":"open","sticky":false,"template":"","format":"standard","meta":{"footnotes":""},"categories":[1],"tags":[],"class_list":["post-1","post","type-post","status-publish","format-standard","hentry","category-allgemein"],"yoast_head":"<!-- This site is optimized with the Yoast SEO plugin v25.3.1 - https:\/\/yoast.com\/wordpress\/plugins\/seo\/ -->\n<title>Ab nach Argentinien! - Messi, Mate y Merienda<\/title>\n<meta name=\"robots\" content=\"index, follow, max-snippet:-1, max-image-preview:large, max-video-preview:-1\" \/>\n<link rel=\"canonical\" href=\"https:\/\/blogs.donboscovolunteers.de\/messimatemerienda\/2019\/07\/08\/abnachargentinien\/\" \/>\n<meta property=\"og:locale\" content=\"de_DE\" \/>\n<meta property=\"og:type\" content=\"article\" \/>\n<meta property=\"og:title\" content=\"Ab nach Argentinien! - Messi, Mate y Merienda\" \/>\n<meta property=\"og:description\" content=\"Hola zusammen, sch\u00f6n dass ihr hierher auf meine Seite gefunden habt. Was erwartet euch nun hier? Alsoooo\u2026 ich bin Simon, 23 Jahre alt, komme aus der sch\u00f6nen Oberpfalz und bin normalerweise flei\u00dfiger Theologie-Student. Nachdem ich gerade mein 6.Semester erfolgreich hinter mich gebracht habe, habe ich mich entschieden, ab September ein Jahr Teil des Oratorio Don [&hellip;]\" \/>\n<meta property=\"og:url\" content=\"https:\/\/blogs.donboscovolunteers.de\/messimatemerienda\/2019\/07\/08\/abnachargentinien\/\" \/>\n<meta property=\"og:site_name\" content=\"Messi, Mate y Merienda\" \/>\n<meta property=\"article:published_time\" content=\"2019-07-08T08:28:42+00:00\" \/>\n<meta property=\"article:modified_time\" content=\"2019-07-31T13:12:35+00:00\" \/>\n<meta property=\"og:image\" content=\"https:\/\/blogs.donboscovolunteers.de\/messimatemerienda\/wp-content\/uploads\/sites\/21587\/2019\/07\/Gruppenbild-Br\u00fccke-1-1024x683.jpg\" \/>\n<meta name=\"author\" content=\"Simon Weniger\" \/>\n<meta name=\"twitter:card\" content=\"summary_large_image\" \/>\n<meta name=\"twitter:label1\" content=\"Verfasst von\" \/>\n\t<meta name=\"twitter:data1\" content=\"Simon Weniger\" \/>\n\t<meta name=\"twitter:label2\" content=\"Gesch\u00e4tzte Lesezeit\" \/>\n\t<meta name=\"twitter:data2\" content=\"2\u00a0Minuten\" \/>\n<script type=\"application\/ld+json\" class=\"yoast-schema-graph\">{\"@context\":\"https:\/\/schema.org\",\"@graph\":[{\"@type\":\"WebPage\",\"@id\":\"https:\/\/blogs.donboscovolunteers.de\/messimatemerienda\/2019\/07\/08\/abnachargentinien\/\",\"url\":\"https:\/\/blogs.donboscovolunteers.de\/messimatemerienda\/2019\/07\/08\/abnachargentinien\/\",\"name\":\"Ab nach Argentinien! - Messi, Mate y Merienda\",\"isPartOf\":{\"@id\":\"https:\/\/blogs.donboscovolunteers.de\/messimatemerienda\/#website\"},\"datePublished\":\"2019-07-08T08:28:42+00:00\",\"dateModified\":\"2019-07-31T13:12:35+00:00\",\"author\":{\"@id\":\"https:\/\/blogs.donboscovolunteers.de\/messimatemerienda\/#\/schema\/person\/9b23764bb220f0bac51d7ebe2e2482dd\"},\"breadcrumb\":{\"@id\":\"https:\/\/blogs.donboscovolunteers.de\/messimatemerienda\/2019\/07\/08\/abnachargentinien\/#breadcrumb\"},\"inLanguage\":\"de\",\"potentialAction\":[{\"@type\":\"ReadAction\",\"target\":[\"https:\/\/blogs.donboscovolunteers.de\/messimatemerienda\/2019\/07\/08\/abnachargentinien\/\"]}]},{\"@type\":\"BreadcrumbList\",\"@id\":\"https:\/\/blogs.donboscovolunteers.de\/messimatemerienda\/2019\/07\/08\/abnachargentinien\/#breadcrumb\",\"itemListElement\":[{\"@type\":\"ListItem\",\"position\":1,\"name\":\"Startseite\",\"item\":\"https:\/\/blogs.donboscovolunteers.de\/messimatemerienda\/\"},{\"@type\":\"ListItem\",\"position\":2,\"name\":\"Ab nach Argentinien!\"}]},{\"@type\":\"WebSite\",\"@id\":\"https:\/\/blogs.donboscovolunteers.de\/messimatemerienda\/#website\",\"url\":\"https:\/\/blogs.donboscovolunteers.de\/messimatemerienda\/\",\"name\":\"Messi, Mate y Merienda\",\"description\":\"Simon en Santiago\",\"potentialAction\":[{\"@type\":\"SearchAction\",\"target\":{\"@type\":\"EntryPoint\",\"urlTemplate\":\"https:\/\/blogs.donboscovolunteers.de\/messimatemerienda\/?s={search_term_string}\"},\"query-input\":{\"@type\":\"PropertyValueSpecification\",\"valueRequired\":true,\"valueName\":\"search_term_string\"}}],\"inLanguage\":\"de\"},{\"@type\":\"Person\",\"@id\":\"https:\/\/blogs.donboscovolunteers.de\/messimatemerienda\/#\/schema\/person\/9b23764bb220f0bac51d7ebe2e2482dd\",\"name\":\"Simon Weniger\",\"image\":{\"@type\":\"ImageObject\",\"inLanguage\":\"de\",\"@id\":\"https:\/\/blogs.donboscovolunteers.de\/messimatemerienda\/#\/schema\/person\/image\/\",\"url\":\"https:\/\/secure.gravatar.com\/avatar\/c5f071b671f58b7e6f194020841cf6636a53dd1027dea50b099067611c1d3fa1?s=96&d=mm&r=g\",\"contentUrl\":\"https:\/\/secure.gravatar.com\/avatar\/c5f071b671f58b7e6f194020841cf6636a53dd1027dea50b099067611c1d3fa1?s=96&d=mm&r=g\",\"caption\":\"Simon Weniger\"},\"description\":\"&gt; 23 &gt; Student &gt; Theologie &gt; Regensburg &gt; FCN &lt;3\",\"url\":\"https:\/\/blogs.donboscovolunteers.de\/messimatemerienda\/author\/simoninsantiago\/\"}]}<\/script>\n<!-- \/ Yoast SEO plugin. -->","yoast_head_json":{"title":"Ab nach Argentinien! - Messi, Mate y Merienda","robots":{"index":"index","follow":"follow","max-snippet":"max-snippet:-1","max-image-preview":"max-image-preview:large","max-video-preview":"max-video-preview:-1"},"canonical":"https:\/\/blogs.donboscovolunteers.de\/messimatemerienda\/2019\/07\/08\/abnachargentinien\/","og_locale":"de_DE","og_type":"article","og_title":"Ab nach Argentinien! - Messi, Mate y Merienda","og_description":"Hola zusammen, sch\u00f6n dass ihr hierher auf meine Seite gefunden habt. Was erwartet euch nun hier? Alsoooo\u2026 ich bin Simon, 23 Jahre alt, komme aus der sch\u00f6nen Oberpfalz und bin normalerweise flei\u00dfiger Theologie-Student. Nachdem ich gerade mein 6.Semester erfolgreich hinter mich gebracht habe, habe ich mich entschieden, ab September ein Jahr Teil des Oratorio Don [&hellip;]","og_url":"https:\/\/blogs.donboscovolunteers.de\/messimatemerienda\/2019\/07\/08\/abnachargentinien\/","og_site_name":"Messi, Mate y Merienda","article_published_time":"2019-07-08T08:28:42+00:00","article_modified_time":"2019-07-31T13:12:35+00:00","og_image":[{"url":"https:\/\/blogs.donboscovolunteers.de\/messimatemerienda\/wp-content\/uploads\/sites\/21587\/2019\/07\/Gruppenbild-Br\u00fccke-1-1024x683.jpg","type":"","width":"","height":""}],"author":"Simon Weniger","twitter_card":"summary_large_image","twitter_misc":{"Verfasst von":"Simon Weniger","Gesch\u00e4tzte Lesezeit":"2\u00a0Minuten"},"schema":{"@context":"https:\/\/schema.org","@graph":[{"@type":"WebPage","@id":"https:\/\/blogs.donboscovolunteers.de\/messimatemerienda\/2019\/07\/08\/abnachargentinien\/","url":"https:\/\/blogs.donboscovolunteers.de\/messimatemerienda\/2019\/07\/08\/abnachargentinien\/","name":"Ab nach Argentinien! - Messi, Mate y Merienda","isPartOf":{"@id":"https:\/\/blogs.donboscovolunteers.de\/messimatemerienda\/#website"},"datePublished":"2019-07-08T08:28:42+00:00","dateModified":"2019-07-31T13:12:35+00:00","author":{"@id":"https:\/\/blogs.donboscovolunteers.de\/messimatemerienda\/#\/schema\/person\/9b23764bb220f0bac51d7ebe2e2482dd"},"breadcrumb":{"@id":"https:\/\/blogs.donboscovolunteers.de\/messimatemerienda\/2019\/07\/08\/abnachargentinien\/#breadcrumb"},"inLanguage":"de","potentialAction":[{"@type":"ReadAction","target":["https:\/\/blogs.donboscovolunteers.de\/messimatemerienda\/2019\/07\/08\/abnachargentinien\/"]}]},{"@type":"BreadcrumbList","@id":"https:\/\/blogs.donboscovolunteers.de\/messimatemerienda\/2019\/07\/08\/abnachargentinien\/#breadcrumb","itemListElement":[{"@type":"ListItem","position":1,"name":"Startseite","item":"https:\/\/blogs.donboscovolunteers.de\/messimatemerienda\/"},{"@type":"ListItem","position":2,"name":"Ab nach Argentinien!"}]},{"@type":"WebSite","@id":"https:\/\/blogs.donboscovolunteers.de\/messimatemerienda\/#website","url":"https:\/\/blogs.donboscovolunteers.de\/messimatemerienda\/","name":"Messi, Mate y Merienda","description":"Simon en Santiago","potentialAction":[{"@type":"SearchAction","target":{"@type":"EntryPoint","urlTemplate":"https:\/\/blogs.donboscovolunteers.de\/messimatemerienda\/?s={search_term_string}"},"query-input":{"@type":"PropertyValueSpecification","valueRequired":true,"valueName":"search_term_string"}}],"inLanguage":"de"},{"@type":"Person","@id":"https:\/\/blogs.donboscovolunteers.de\/messimatemerienda\/#\/schema\/person\/9b23764bb220f0bac51d7ebe2e2482dd","name":"Simon Weniger","image":{"@type":"ImageObject","inLanguage":"de","@id":"https:\/\/blogs.donboscovolunteers.de\/messimatemerienda\/#\/schema\/person\/image\/","url":"https:\/\/secure.gravatar.com\/avatar\/c5f071b671f58b7e6f194020841cf6636a53dd1027dea50b099067611c1d3fa1?s=96&d=mm&r=g","contentUrl":"https:\/\/secure.gravatar.com\/avatar\/c5f071b671f58b7e6f194020841cf6636a53dd1027dea50b099067611c1d3fa1?s=96&d=mm&r=g","caption":"Simon Weniger"},"description":"&gt; 23 &gt; Student &gt; Theologie &gt; Regensburg &gt; FCN &lt;3","url":"https:\/\/blogs.donboscovolunteers.de\/messimatemerienda\/author\/simoninsantiago\/"}]}},"_links":{"self":[{"href":"https:\/\/blogs.donboscovolunteers.de\/messimatemerienda\/wp-json\/wp\/v2\/posts\/1","targetHints":{"allow":["GET"]}}],"collection":[{"href":"https:\/\/blogs.donboscovolunteers.de\/messimatemerienda\/wp-json\/wp\/v2\/posts"}],"about":[{"href":"https:\/\/blogs.donboscovolunteers.de\/messimatemerienda\/wp-json\/wp\/v2\/types\/post"}],"author":[{"embeddable":true,"href":"https:\/\/blogs.donboscovolunteers.de\/messimatemerienda\/wp-json\/wp\/v2\/users\/21648"}],"replies":[{"embeddable":true,"href":"https:\/\/blogs.donboscovolunteers.de\/messimatemerienda\/wp-json\/wp\/v2\/comments?post=1"}],"version-history":[{"count":2,"href":"https:\/\/blogs.donboscovolunteers.de\/messimatemerienda\/wp-json\/wp\/v2\/posts\/1\/revisions"}],"predecessor-version":[{"id":42,"href":"https:\/\/blogs.donboscovolunteers.de\/messimatemerienda\/wp-json\/wp\/v2\/posts\/1\/revisions\/42"}],"wp:attachment":[{"href":"https:\/\/blogs.donboscovolunteers.de\/messimatemerienda\/wp-json\/wp\/v2\/media?parent=1"}],"wp:term":[{"taxonomy":"category","embeddable":true,"href":"https:\/\/blogs.donboscovolunteers.de\/messimatemerienda\/wp-json\/wp\/v2\/categories?post=1"},{"taxonomy":"post_tag","embeddable":true,"href":"https:\/\/blogs.donboscovolunteers.de\/messimatemerienda\/wp-json\/wp\/v2\/tags?post=1"}],"curies":[{"name":"wp","href":"https:\/\/api.w.org\/{rel}","templated":true}]}}