{"id":462,"date":"2024-06-09T14:50:08","date_gmt":"2024-06-09T18:50:08","guid":{"rendered":"https:\/\/blogs.donboscovolunteers.de\/maximilianinbolivien\/?p=462"},"modified":"2024-06-09T14:50:09","modified_gmt":"2024-06-09T18:50:09","slug":"packliste-fuer-bolivien","status":"publish","type":"post","link":"https:\/\/blogs.donboscovolunteers.de\/maximilianinbolivien\/2024\/06\/09\/packliste-fuer-bolivien\/","title":{"rendered":"Packliste f\u00fcr Bolivien"},"content":{"rendered":"<p>Ich wurde bei meinem Vorbereitungsseminar zwar sehr gut auf meinen Auslandsaufenthalt vorbereitet, allerdings fehlten doch einige Dinge spezifiziert auf <a href=\"https:\/\/multimedia.strassenkinder.de\/bolivien\">Bolivien<\/a>. Daher werden hier bald einige Beitr\u00e4ge zur optimalen Vorbereitung spezifisch auf den Auslandsaufenthalt in Bolivien kommen. Beginnend mit dem wichtigsten zuerst: der Packliste.<\/p>\n\n\n\n<p class=\"has-text-align-left\"><strong>Kleidung:<\/strong> <\/p>\n\n\n\n<p class=\"has-text-align-left\">im Generellen sollte man dabei nicht mit der Anzahl \u00fcbertreiben, im Notfall kann man sich hier Kleidung in Massen nachkaufen<\/p>\n\n\n\n<ul class=\"wp-block-list\">\n<li>Unterw\u00e4sche f\u00fcr 1 &#8211; 2 Wochen (es sind Waschmaschinen vorhanden, daher nach pers\u00f6nlichem Befinden) <\/li>\n\n\n\n<li>T-Shirts und Langarmshirts (die Waschmaschinen sind nicht die besten, daher w\u00fcrde ich auch nicht die besten T-Shirts bzw. die beste Kleidung im Generellen mitnehmen)<\/li>\n\n\n\n<li>Bluse\/Hemd\/Kleid\/&#8230; (f\u00fcr besondere Anl\u00e4sse z.B. Weihnachten)<\/li>\n\n\n\n<li>kurze und lange Hosen<\/li>\n\n\n\n<li>Schlappen und Badekleidung (f\u00fcr Frauen kein Bikini)<\/li>\n\n\n\n<li>Sportkleidung<\/li>\n\n\n\n<li>Regenjacke<\/li>\n\n\n\n<li>Pullover (f\u00fcr die kalten Tage oder f\u00fcr den Urlaub in den h\u00f6heren Teilen Boliviens)<\/li>\n\n\n\n<li>Schal <\/li>\n\n\n\n<li>Wanderschuhe bzw. festes Schuhwerk<\/li>\n\n\n\n<li>Sportschuhe bzw. Fu\u00dfballschuhe ohne Stollen (einfache Sportschuhe sind aber vollkommen ausreichend)<\/li>\n\n\n\n<li>f\u00fcr Frauen: BH (sehr wichtig f\u00fcr die Arbeit)<\/li>\n<\/ul>\n\n\n\n<p>Vor allem am Anfang des Jahres wird es sehr hei\u00df und man schwitzt sehr schnell. Daher empfehle ich  sehr luftige, d\u00fcnne Kleidung mitzunehmen an Stelle von dicker. <\/p>\n\n\n\n<p><strong>Technik:<\/strong> <\/p>\n\n\n\n<p>bei diesem Bereich kommt es sehr auf die pers\u00f6nliche Pr\u00e4ferenz drauf an. Ich kann nur sagen, dass die Ger\u00e4te im Haus vollkommen sicher sind und keinem von uns je etwas gestohlen wurde. <\/p>\n\n\n\n<ul class=\"wp-block-list\">\n<li>Handy (SIM &#8211; Karten gibt es sehr billig vor Ort)<\/li>\n\n\n\n<li>Laptop\/ Tablet mit Tastatur (zum Schreiben von Blogs:) oder zum Schreiben von Bewerbungen o.\u00c4.)<\/li>\n\n\n\n<li>Ladekabel<\/li>\n\n\n\n<li>Kopfh\u00f6rer<\/li>\n\n\n\n<li>USB &#8211; Stick mit allen wichtigen Daten<\/li>\n\n\n\n<li>Powerbank<\/li>\n\n\n\n<li>DVD &#8211; Player (es sind sehr viele DVDs vorhanden (auf Spanisch nat\u00fcrlich))<\/li>\n<\/ul>\n\n\n\n<p><strong>Reiseapotheke:<\/strong><\/p>\n\n\n\n<p>es sind sehr gute Apotheken in der N\u00e4he, daher muss man auch hier nicht \u00fcbertreiben. <\/p>\n\n\n\n<ul class=\"wp-block-list\">\n<li>Kohletabletten<\/li>\n\n\n\n<li>Ibuprofen<\/li>\n\n\n\n<li>L\u00e4usekamm + L\u00e4usemittel <\/li>\n\n\n\n<li>Betaisadona<\/li>\n\n\n\n<li>Panthenol<\/li>\n\n\n\n<li>Sonnencreme<\/li>\n\n\n\n<li>Pflaster und Mullbinden<\/li>\n\n\n\n<li>Desinfektionsmittel<\/li>\n\n\n\n<li>Zeckenzange + Zeckenschutzmittel<\/li>\n\n\n\n<li>M\u00fcckenschutz (da man sich im Sommer dauerhaft unter M\u00fccken befindet, kann man das mitnehmen, muss man aber nicht)<\/li>\n\n\n\n<li>Halsschmerztabletten<\/li>\n\n\n\n<li>normale Hygieneprodukte<\/li>\n<\/ul>\n\n\n\n<p><strong>Dokumente &amp; Co.:<\/strong><\/p>\n\n\n\n<ul class=\"wp-block-list\">\n<li>Reisepass<\/li>\n\n\n\n<li>Bankkarte (DKB &amp; Revolt sind zu empfehlen)<\/li>\n\n\n\n<li>Impfpass<\/li>\n\n\n\n<li>Kopien von Reisepass &amp; Impfpass <\/li>\n<\/ul>\n\n\n\n<p><strong>Sonstiges:<\/strong><\/p>\n\n\n\n<ul class=\"wp-block-list\">\n<li>Sonnenbrille und Kopfbedeckung<\/li>\n\n\n\n<li>mindestens ein Handtuch<\/li>\n\n\n\n<li>Schlafsack (f\u00fcr den Urlaub)<\/li>\n\n\n\n<li>N\u00e4hzeug (die Waschmaschinen)<\/li>\n\n\n\n<li>Ersatzbrille (aus pers\u00f6nlichem Erfahrung sehr wichtig)<\/li>\n\n\n\n<li>Gastgeschenk (z.B. neuer Fu\u00dfball)<\/li>\n<\/ul>\n\n\n\n<p>Falls Fragen zur Packliste oder sonstigen Dingen bestehen, schreiben Sie doch gerne einen Kommentar. <\/p>\n\n\n\n<p>Hasta la pr\u00f3xima vez, <\/p>\n\n\n\n<p>Maximilian <\/p>","protected":false},"excerpt":{"rendered":"<p>Ich wurde bei meinem Vorbereitungsseminar zwar sehr gut auf meinen Auslandsaufenthalt vorbereitet, allerdings fehlten doch einige Dinge spezifiziert auf <a href=\"https:\/\/multimedia.strassenkinder.de\/bolivien\">Bolivien<\/a>. Daher werden hier bald einige Beitr\u00e4ge zur optimalen Vorbereitung spezifisch auf den Auslandsaufenthalt in Bolivien kommen. Beginnend mit dem wichtigsten zuerst: der Packliste. Kleidung: im Generellen sollte man dabei nicht mit der Anzahl \u00fcbertreiben, im [&hellip;]<\/p>\n","protected":false},"author":21778,"featured_media":0,"comment_status":"open","ping_status":"open","sticky":false,"template":"","format":"standard","meta":{"footnotes":""},"categories":[1,12,14],"tags":[11,4,6,7,2,8,9,3,5],"class_list":["post-462","post","type-post","status-publish","format-standard","hentry","category-allgemein","category-specials","category-wichtige-dinge","tag-auslandsfreiwilligendienst","tag-auslandsjahr","tag-auslandsjahr-bolivien","tag-auslandsjahr-bolivien-santa-cruz","tag-bolivien","tag-don-bosco","tag-don-bosco-volunteers","tag-maximilian","tag-santa-cruz"],"yoast_head":"<!-- This site is optimized with the Yoast SEO plugin v25.3.1 - https:\/\/yoast.com\/wordpress\/plugins\/seo\/ -->\n<title>Packliste f\u00fcr Bolivien - Maximilian in Bolivien<\/title>\n<meta name=\"robots\" content=\"index, follow, max-snippet:-1, max-image-preview:large, max-video-preview:-1\" \/>\n<link rel=\"canonical\" href=\"https:\/\/blogs.donboscovolunteers.de\/maximilianinbolivien\/2024\/06\/09\/packliste-fuer-bolivien\/\" \/>\n<meta property=\"og:locale\" content=\"de_DE\" \/>\n<meta property=\"og:type\" content=\"article\" \/>\n<meta property=\"og:title\" content=\"Packliste f\u00fcr Bolivien - Maximilian in Bolivien\" \/>\n<meta property=\"og:description\" content=\"Ich wurde bei meinem Vorbereitungsseminar zwar sehr gut auf meinen Auslandsaufenthalt vorbereitet, allerdings fehlten doch einige Dinge spezifiziert auf Bolivien. Daher werden hier bald einige Beitr\u00e4ge zur optimalen Vorbereitung spezifisch auf den Auslandsaufenthalt in Bolivien kommen. Beginnend mit dem wichtigsten zuerst: der Packliste. Kleidung: im Generellen sollte man dabei nicht mit der Anzahl \u00fcbertreiben, im [&hellip;]\" \/>\n<meta property=\"og:url\" content=\"https:\/\/blogs.donboscovolunteers.de\/maximilianinbolivien\/2024\/06\/09\/packliste-fuer-bolivien\/\" \/>\n<meta property=\"og:site_name\" content=\"Maximilian in Bolivien\" \/>\n<meta property=\"article:published_time\" content=\"2024-06-09T18:50:08+00:00\" \/>\n<meta property=\"article:modified_time\" content=\"2024-06-09T18:50:09+00:00\" \/>\n<meta name=\"author\" content=\"Maximilian Sitte\" \/>\n<meta name=\"twitter:card\" content=\"summary_large_image\" \/>\n<meta name=\"twitter:label1\" content=\"Verfasst von\" \/>\n\t<meta name=\"twitter:data1\" content=\"Maximilian Sitte\" \/>\n\t<meta name=\"twitter:label2\" content=\"Gesch\u00e4tzte Lesezeit\" \/>\n\t<meta name=\"twitter:data2\" content=\"3\u00a0Minuten\" \/>\n<script type=\"application\/ld+json\" class=\"yoast-schema-graph\">{\"@context\":\"https:\/\/schema.org\",\"@graph\":[{\"@type\":\"WebPage\",\"@id\":\"https:\/\/blogs.donboscovolunteers.de\/maximilianinbolivien\/2024\/06\/09\/packliste-fuer-bolivien\/\",\"url\":\"https:\/\/blogs.donboscovolunteers.de\/maximilianinbolivien\/2024\/06\/09\/packliste-fuer-bolivien\/\",\"name\":\"Packliste f\u00fcr Bolivien - Maximilian in Bolivien\",\"isPartOf\":{\"@id\":\"https:\/\/blogs.donboscovolunteers.de\/maximilianinbolivien\/#website\"},\"datePublished\":\"2024-06-09T18:50:08+00:00\",\"dateModified\":\"2024-06-09T18:50:09+00:00\",\"author\":{\"@id\":\"https:\/\/blogs.donboscovolunteers.de\/maximilianinbolivien\/#\/schema\/person\/5f1a73601ad1dcd7c43bc202cc06d7e3\"},\"breadcrumb\":{\"@id\":\"https:\/\/blogs.donboscovolunteers.de\/maximilianinbolivien\/2024\/06\/09\/packliste-fuer-bolivien\/#breadcrumb\"},\"inLanguage\":\"de\",\"potentialAction\":[{\"@type\":\"ReadAction\",\"target\":[\"https:\/\/blogs.donboscovolunteers.de\/maximilianinbolivien\/2024\/06\/09\/packliste-fuer-bolivien\/\"]}]},{\"@type\":\"BreadcrumbList\",\"@id\":\"https:\/\/blogs.donboscovolunteers.de\/maximilianinbolivien\/2024\/06\/09\/packliste-fuer-bolivien\/#breadcrumb\",\"itemListElement\":[{\"@type\":\"ListItem\",\"position\":1,\"name\":\"Startseite\",\"item\":\"https:\/\/blogs.donboscovolunteers.de\/maximilianinbolivien\/\"},{\"@type\":\"ListItem\",\"position\":2,\"name\":\"Packliste f\u00fcr Bolivien\"}]},{\"@type\":\"WebSite\",\"@id\":\"https:\/\/blogs.donboscovolunteers.de\/maximilianinbolivien\/#website\",\"url\":\"https:\/\/blogs.donboscovolunteers.de\/maximilianinbolivien\/\",\"name\":\"Maximilian in Bolivien\",\"description\":\"Ein t\u00e4glicher Blog \u00fcber Bolivien\",\"potentialAction\":[{\"@type\":\"SearchAction\",\"target\":{\"@type\":\"EntryPoint\",\"urlTemplate\":\"https:\/\/blogs.donboscovolunteers.de\/maximilianinbolivien\/?s={search_term_string}\"},\"query-input\":{\"@type\":\"PropertyValueSpecification\",\"valueRequired\":true,\"valueName\":\"search_term_string\"}}],\"inLanguage\":\"de\"},{\"@type\":\"Person\",\"@id\":\"https:\/\/blogs.donboscovolunteers.de\/maximilianinbolivien\/#\/schema\/person\/5f1a73601ad1dcd7c43bc202cc06d7e3\",\"name\":\"Maximilian Sitte\",\"image\":{\"@type\":\"ImageObject\",\"inLanguage\":\"de\",\"@id\":\"https:\/\/blogs.donboscovolunteers.de\/maximilianinbolivien\/#\/schema\/person\/image\/\",\"url\":\"https:\/\/secure.gravatar.com\/avatar\/62a2f02fd2a5559d66e0b32765c2820116a4afe1cd587dae7ca370701bf780d2?s=96&d=retro&r=x\",\"contentUrl\":\"https:\/\/secure.gravatar.com\/avatar\/62a2f02fd2a5559d66e0b32765c2820116a4afe1cd587dae7ca370701bf780d2?s=96&d=retro&r=x\",\"caption\":\"Maximilian Sitte\"},\"url\":\"https:\/\/blogs.donboscovolunteers.de\/maximilianinbolivien\/author\/maximiliano\/\"}]}<\/script>\n<!-- \/ Yoast SEO plugin. -->","yoast_head_json":{"title":"Packliste f\u00fcr Bolivien - Maximilian in Bolivien","robots":{"index":"index","follow":"follow","max-snippet":"max-snippet:-1","max-image-preview":"max-image-preview:large","max-video-preview":"max-video-preview:-1"},"canonical":"https:\/\/blogs.donboscovolunteers.de\/maximilianinbolivien\/2024\/06\/09\/packliste-fuer-bolivien\/","og_locale":"de_DE","og_type":"article","og_title":"Packliste f\u00fcr Bolivien - Maximilian in Bolivien","og_description":"Ich wurde bei meinem Vorbereitungsseminar zwar sehr gut auf meinen Auslandsaufenthalt vorbereitet, allerdings fehlten doch einige Dinge spezifiziert auf Bolivien. Daher werden hier bald einige Beitr\u00e4ge zur optimalen Vorbereitung spezifisch auf den Auslandsaufenthalt in Bolivien kommen. Beginnend mit dem wichtigsten zuerst: der Packliste. Kleidung: im Generellen sollte man dabei nicht mit der Anzahl \u00fcbertreiben, im [&hellip;]","og_url":"https:\/\/blogs.donboscovolunteers.de\/maximilianinbolivien\/2024\/06\/09\/packliste-fuer-bolivien\/","og_site_name":"Maximilian in Bolivien","article_published_time":"2024-06-09T18:50:08+00:00","article_modified_time":"2024-06-09T18:50:09+00:00","author":"Maximilian Sitte","twitter_card":"summary_large_image","twitter_misc":{"Verfasst von":"Maximilian Sitte","Gesch\u00e4tzte Lesezeit":"3\u00a0Minuten"},"schema":{"@context":"https:\/\/schema.org","@graph":[{"@type":"WebPage","@id":"https:\/\/blogs.donboscovolunteers.de\/maximilianinbolivien\/2024\/06\/09\/packliste-fuer-bolivien\/","url":"https:\/\/blogs.donboscovolunteers.de\/maximilianinbolivien\/2024\/06\/09\/packliste-fuer-bolivien\/","name":"Packliste f\u00fcr Bolivien - Maximilian in Bolivien","isPartOf":{"@id":"https:\/\/blogs.donboscovolunteers.de\/maximilianinbolivien\/#website"},"datePublished":"2024-06-09T18:50:08+00:00","dateModified":"2024-06-09T18:50:09+00:00","author":{"@id":"https:\/\/blogs.donboscovolunteers.de\/maximilianinbolivien\/#\/schema\/person\/5f1a73601ad1dcd7c43bc202cc06d7e3"},"breadcrumb":{"@id":"https:\/\/blogs.donboscovolunteers.de\/maximilianinbolivien\/2024\/06\/09\/packliste-fuer-bolivien\/#breadcrumb"},"inLanguage":"de","potentialAction":[{"@type":"ReadAction","target":["https:\/\/blogs.donboscovolunteers.de\/maximilianinbolivien\/2024\/06\/09\/packliste-fuer-bolivien\/"]}]},{"@type":"BreadcrumbList","@id":"https:\/\/blogs.donboscovolunteers.de\/maximilianinbolivien\/2024\/06\/09\/packliste-fuer-bolivien\/#breadcrumb","itemListElement":[{"@type":"ListItem","position":1,"name":"Startseite","item":"https:\/\/blogs.donboscovolunteers.de\/maximilianinbolivien\/"},{"@type":"ListItem","position":2,"name":"Packliste f\u00fcr Bolivien"}]},{"@type":"WebSite","@id":"https:\/\/blogs.donboscovolunteers.de\/maximilianinbolivien\/#website","url":"https:\/\/blogs.donboscovolunteers.de\/maximilianinbolivien\/","name":"Maximilian in Bolivien","description":"Ein t\u00e4glicher Blog \u00fcber Bolivien","potentialAction":[{"@type":"SearchAction","target":{"@type":"EntryPoint","urlTemplate":"https:\/\/blogs.donboscovolunteers.de\/maximilianinbolivien\/?s={search_term_string}"},"query-input":{"@type":"PropertyValueSpecification","valueRequired":true,"valueName":"search_term_string"}}],"inLanguage":"de"},{"@type":"Person","@id":"https:\/\/blogs.donboscovolunteers.de\/maximilianinbolivien\/#\/schema\/person\/5f1a73601ad1dcd7c43bc202cc06d7e3","name":"Maximilian Sitte","image":{"@type":"ImageObject","inLanguage":"de","@id":"https:\/\/blogs.donboscovolunteers.de\/maximilianinbolivien\/#\/schema\/person\/image\/","url":"https:\/\/secure.gravatar.com\/avatar\/62a2f02fd2a5559d66e0b32765c2820116a4afe1cd587dae7ca370701bf780d2?s=96&d=retro&r=x","contentUrl":"https:\/\/secure.gravatar.com\/avatar\/62a2f02fd2a5559d66e0b32765c2820116a4afe1cd587dae7ca370701bf780d2?s=96&d=retro&r=x","caption":"Maximilian Sitte"},"url":"https:\/\/blogs.donboscovolunteers.de\/maximilianinbolivien\/author\/maximiliano\/"}]}},"_links":{"self":[{"href":"https:\/\/blogs.donboscovolunteers.de\/maximilianinbolivien\/wp-json\/wp\/v2\/posts\/462","targetHints":{"allow":["GET"]}}],"collection":[{"href":"https:\/\/blogs.donboscovolunteers.de\/maximilianinbolivien\/wp-json\/wp\/v2\/posts"}],"about":[{"href":"https:\/\/blogs.donboscovolunteers.de\/maximilianinbolivien\/wp-json\/wp\/v2\/types\/post"}],"author":[{"embeddable":true,"href":"https:\/\/blogs.donboscovolunteers.de\/maximilianinbolivien\/wp-json\/wp\/v2\/users\/21778"}],"replies":[{"embeddable":true,"href":"https:\/\/blogs.donboscovolunteers.de\/maximilianinbolivien\/wp-json\/wp\/v2\/comments?post=462"}],"version-history":[{"count":10,"href":"https:\/\/blogs.donboscovolunteers.de\/maximilianinbolivien\/wp-json\/wp\/v2\/posts\/462\/revisions"}],"predecessor-version":[{"id":545,"href":"https:\/\/blogs.donboscovolunteers.de\/maximilianinbolivien\/wp-json\/wp\/v2\/posts\/462\/revisions\/545"}],"wp:attachment":[{"href":"https:\/\/blogs.donboscovolunteers.de\/maximilianinbolivien\/wp-json\/wp\/v2\/media?parent=462"}],"wp:term":[{"taxonomy":"category","embeddable":true,"href":"https:\/\/blogs.donboscovolunteers.de\/maximilianinbolivien\/wp-json\/wp\/v2\/categories?post=462"},{"taxonomy":"post_tag","embeddable":true,"href":"https:\/\/blogs.donboscovolunteers.de\/maximilianinbolivien\/wp-json\/wp\/v2\/tags?post=462"}],"curies":[{"name":"wp","href":"https:\/\/api.w.org\/{rel}","templated":true}]}}