{"id":163,"date":"2023-10-12T11:11:39","date_gmt":"2023-10-12T15:11:39","guid":{"rendered":"https:\/\/blogs.donboscovolunteers.de\/maximilianinbolivien\/?p=163"},"modified":"2023-10-12T17:53:01","modified_gmt":"2023-10-12T21:53:01","slug":"tag-25-die-ergebnisse","status":"publish","type":"post","link":"https:\/\/blogs.donboscovolunteers.de\/maximilianinbolivien\/2023\/10\/12\/tag-25-die-ergebnisse\/","title":{"rendered":"Tag 25 &#8211; Die Ergebnisse"},"content":{"rendered":"<p>01.10.2023<\/p>\n\n\n\n<p>Ein Viertel der ersten hundert Tage ist vorbei und dennoch kommt es mir vor, als w\u00e4re es erst gestern gewesen, dass ich hier ankam. Und doch kommt es mir gleichzeitig wie eine Ewigkeit vor. <\/p>\n\n\n\n<p>Als ich heute zur Klinik ging, um meine Ergebnisse abzuholen \u00fcberkam mich eine gewisse Angst, dass es sich bei meiner Erk\u00e4ltung um eine Coronainfektion handeln k\u00f6nnte. Die Angst bestand nicht aus der Angst vor den physischen Folgen f\u00fcr meinen K\u00f6rper, sondern mehr in der Angst vor einer m\u00f6glichen Quarant\u00e4ne. Als ich den Bericht dann in den H\u00e4nden hielt, war ich dementsprechend erleichtert, als ich feststellte, dass ich kein Corona hatte. Trotz dessen war ich immer noch krank. Dementsprechend erkundigte ich mich bei Paolo, unserem &#8222;Aufpasser&#8220;, wie ich mich am besten verhalten sollte, da ich nicht wusste, ob man sich in <a href=\"https:\/\/multimedia.strassenkinder.de\/bolivien\">Bolivien<\/a> anders verhalten muss im Bezug auf eine Erk\u00e4ltung als in Deutschland. Er riet er mir den Tag zuhause zu bleiben, was ich auch dann tat.<\/p>\n\n\n\n<p>Den Tag nutzte ich alles andere als sinnvoll. Ich verbrachte viel zu viel Zeit am Computer und schaffte dadurch gar nichts. Durch die Krankheit bin ich au\u00dferdem auch noch zu allem \u00dcberfluss auch sehr geschw\u00e4cht und schaffe dadurch noch weniger. Sport f\u00e4llt vollkommen aus und ich bin dauerhaft m\u00fcde. Ich hoffe nur, dass ich bald wieder gesund sein werde.<\/p>\n\n\n\n<p>Hasta ma\u00f1ana <\/p>\n\n\n\n<p>Maximilian<\/p>","protected":false},"excerpt":{"rendered":"<p>01.10.2023 Ein Viertel der ersten hundert Tage ist vorbei und dennoch kommt es mir vor, als w\u00e4re es erst gestern gewesen, dass ich hier ankam. Und doch kommt es mir gleichzeitig wie eine Ewigkeit vor. Als ich heute zur Klinik ging, um meine Ergebnisse abzuholen \u00fcberkam mich eine gewisse Angst, dass es sich bei meiner [&hellip;]<\/p>\n","protected":false},"author":21778,"featured_media":0,"comment_status":"open","ping_status":"open","sticky":false,"template":"","format":"standard","meta":{"footnotes":""},"categories":[1],"tags":[11,4,6,7,2,8,9,3,5],"class_list":["post-163","post","type-post","status-publish","format-standard","hentry","category-allgemein","tag-auslandsfreiwilligendienst","tag-auslandsjahr","tag-auslandsjahr-bolivien","tag-auslandsjahr-bolivien-santa-cruz","tag-bolivien","tag-don-bosco","tag-don-bosco-volunteers","tag-maximilian","tag-santa-cruz"],"yoast_head":"<!-- This site is optimized with the Yoast SEO plugin v25.3.1 - https:\/\/yoast.com\/wordpress\/plugins\/seo\/ -->\n<title>Tag 25 - Die Ergebnisse - Maximilian in Bolivien<\/title>\n<meta name=\"description\" content=\"01.10.2023 Ein Viertel der ersten hundert Tage ist vorbei und dennoch kommt es mir vor, als w\u00e4re es erst gestern gewesen, dass ich hier ankam. Und doch kommt es mir gleichzeitig wie eine Ewigkeit vor.\" \/>\n<meta name=\"robots\" content=\"index, follow, max-snippet:-1, max-image-preview:large, max-video-preview:-1\" \/>\n<link rel=\"canonical\" href=\"https:\/\/blogs.donboscovolunteers.de\/maximilianinbolivien\/2023\/10\/12\/tag-25-die-ergebnisse\/\" \/>\n<meta property=\"og:locale\" content=\"de_DE\" \/>\n<meta property=\"og:type\" content=\"article\" \/>\n<meta property=\"og:title\" content=\"Tag 25 - Die Ergebnisse - Maximilian in Bolivien\" \/>\n<meta property=\"og:description\" content=\"01.10.2023 Ein Viertel der ersten hundert Tage ist vorbei und dennoch kommt es mir vor, als w\u00e4re es erst gestern gewesen, dass ich hier ankam. Und doch kommt es mir gleichzeitig wie eine Ewigkeit vor.\" \/>\n<meta property=\"og:url\" content=\"https:\/\/blogs.donboscovolunteers.de\/maximilianinbolivien\/2023\/10\/12\/tag-25-die-ergebnisse\/\" \/>\n<meta property=\"og:site_name\" content=\"Maximilian in Bolivien\" \/>\n<meta property=\"article:published_time\" content=\"2023-10-12T15:11:39+00:00\" \/>\n<meta property=\"article:modified_time\" content=\"2023-10-12T21:53:01+00:00\" \/>\n<meta name=\"author\" content=\"Maximilian Sitte\" \/>\n<meta name=\"twitter:card\" content=\"summary_large_image\" \/>\n<meta name=\"twitter:label1\" content=\"Verfasst von\" \/>\n\t<meta name=\"twitter:data1\" content=\"Maximilian Sitte\" \/>\n\t<meta name=\"twitter:label2\" content=\"Gesch\u00e4tzte Lesezeit\" \/>\n\t<meta name=\"twitter:data2\" content=\"1\u00a0Minute\" \/>\n<script type=\"application\/ld+json\" class=\"yoast-schema-graph\">{\"@context\":\"https:\/\/schema.org\",\"@graph\":[{\"@type\":\"WebPage\",\"@id\":\"https:\/\/blogs.donboscovolunteers.de\/maximilianinbolivien\/2023\/10\/12\/tag-25-die-ergebnisse\/\",\"url\":\"https:\/\/blogs.donboscovolunteers.de\/maximilianinbolivien\/2023\/10\/12\/tag-25-die-ergebnisse\/\",\"name\":\"Tag 25 - Die Ergebnisse - Maximilian in Bolivien\",\"isPartOf\":{\"@id\":\"https:\/\/blogs.donboscovolunteers.de\/maximilianinbolivien\/#website\"},\"datePublished\":\"2023-10-12T15:11:39+00:00\",\"dateModified\":\"2023-10-12T21:53:01+00:00\",\"author\":{\"@id\":\"https:\/\/blogs.donboscovolunteers.de\/maximilianinbolivien\/#\/schema\/person\/5f1a73601ad1dcd7c43bc202cc06d7e3\"},\"description\":\"01.10.2023 Ein Viertel der ersten hundert Tage ist vorbei und dennoch kommt es mir vor, als w\u00e4re es erst gestern gewesen, dass ich hier ankam. Und doch kommt es mir gleichzeitig wie eine Ewigkeit vor.\",\"breadcrumb\":{\"@id\":\"https:\/\/blogs.donboscovolunteers.de\/maximilianinbolivien\/2023\/10\/12\/tag-25-die-ergebnisse\/#breadcrumb\"},\"inLanguage\":\"de\",\"potentialAction\":[{\"@type\":\"ReadAction\",\"target\":[\"https:\/\/blogs.donboscovolunteers.de\/maximilianinbolivien\/2023\/10\/12\/tag-25-die-ergebnisse\/\"]}]},{\"@type\":\"BreadcrumbList\",\"@id\":\"https:\/\/blogs.donboscovolunteers.de\/maximilianinbolivien\/2023\/10\/12\/tag-25-die-ergebnisse\/#breadcrumb\",\"itemListElement\":[{\"@type\":\"ListItem\",\"position\":1,\"name\":\"Startseite\",\"item\":\"https:\/\/blogs.donboscovolunteers.de\/maximilianinbolivien\/\"},{\"@type\":\"ListItem\",\"position\":2,\"name\":\"Tag 25 &#8211; Die Ergebnisse\"}]},{\"@type\":\"WebSite\",\"@id\":\"https:\/\/blogs.donboscovolunteers.de\/maximilianinbolivien\/#website\",\"url\":\"https:\/\/blogs.donboscovolunteers.de\/maximilianinbolivien\/\",\"name\":\"Maximilian in Bolivien\",\"description\":\"Ein t\u00e4glicher Blog \u00fcber Bolivien\",\"potentialAction\":[{\"@type\":\"SearchAction\",\"target\":{\"@type\":\"EntryPoint\",\"urlTemplate\":\"https:\/\/blogs.donboscovolunteers.de\/maximilianinbolivien\/?s={search_term_string}\"},\"query-input\":{\"@type\":\"PropertyValueSpecification\",\"valueRequired\":true,\"valueName\":\"search_term_string\"}}],\"inLanguage\":\"de\"},{\"@type\":\"Person\",\"@id\":\"https:\/\/blogs.donboscovolunteers.de\/maximilianinbolivien\/#\/schema\/person\/5f1a73601ad1dcd7c43bc202cc06d7e3\",\"name\":\"Maximilian Sitte\",\"image\":{\"@type\":\"ImageObject\",\"inLanguage\":\"de\",\"@id\":\"https:\/\/blogs.donboscovolunteers.de\/maximilianinbolivien\/#\/schema\/person\/image\/\",\"url\":\"https:\/\/secure.gravatar.com\/avatar\/62a2f02fd2a5559d66e0b32765c2820116a4afe1cd587dae7ca370701bf780d2?s=96&d=retro&r=x\",\"contentUrl\":\"https:\/\/secure.gravatar.com\/avatar\/62a2f02fd2a5559d66e0b32765c2820116a4afe1cd587dae7ca370701bf780d2?s=96&d=retro&r=x\",\"caption\":\"Maximilian Sitte\"},\"url\":\"https:\/\/blogs.donboscovolunteers.de\/maximilianinbolivien\/author\/maximiliano\/\"}]}<\/script>\n<!-- \/ Yoast SEO plugin. -->","yoast_head_json":{"title":"Tag 25 - Die Ergebnisse - Maximilian in Bolivien","description":"01.10.2023 Ein Viertel der ersten hundert Tage ist vorbei und dennoch kommt es mir vor, als w\u00e4re es erst gestern gewesen, dass ich hier ankam. Und doch kommt es mir gleichzeitig wie eine Ewigkeit vor.","robots":{"index":"index","follow":"follow","max-snippet":"max-snippet:-1","max-image-preview":"max-image-preview:large","max-video-preview":"max-video-preview:-1"},"canonical":"https:\/\/blogs.donboscovolunteers.de\/maximilianinbolivien\/2023\/10\/12\/tag-25-die-ergebnisse\/","og_locale":"de_DE","og_type":"article","og_title":"Tag 25 - Die Ergebnisse - Maximilian in Bolivien","og_description":"01.10.2023 Ein Viertel der ersten hundert Tage ist vorbei und dennoch kommt es mir vor, als w\u00e4re es erst gestern gewesen, dass ich hier ankam. Und doch kommt es mir gleichzeitig wie eine Ewigkeit vor.","og_url":"https:\/\/blogs.donboscovolunteers.de\/maximilianinbolivien\/2023\/10\/12\/tag-25-die-ergebnisse\/","og_site_name":"Maximilian in Bolivien","article_published_time":"2023-10-12T15:11:39+00:00","article_modified_time":"2023-10-12T21:53:01+00:00","author":"Maximilian Sitte","twitter_card":"summary_large_image","twitter_misc":{"Verfasst von":"Maximilian Sitte","Gesch\u00e4tzte Lesezeit":"1\u00a0Minute"},"schema":{"@context":"https:\/\/schema.org","@graph":[{"@type":"WebPage","@id":"https:\/\/blogs.donboscovolunteers.de\/maximilianinbolivien\/2023\/10\/12\/tag-25-die-ergebnisse\/","url":"https:\/\/blogs.donboscovolunteers.de\/maximilianinbolivien\/2023\/10\/12\/tag-25-die-ergebnisse\/","name":"Tag 25 - Die Ergebnisse - Maximilian in Bolivien","isPartOf":{"@id":"https:\/\/blogs.donboscovolunteers.de\/maximilianinbolivien\/#website"},"datePublished":"2023-10-12T15:11:39+00:00","dateModified":"2023-10-12T21:53:01+00:00","author":{"@id":"https:\/\/blogs.donboscovolunteers.de\/maximilianinbolivien\/#\/schema\/person\/5f1a73601ad1dcd7c43bc202cc06d7e3"},"description":"01.10.2023 Ein Viertel der ersten hundert Tage ist vorbei und dennoch kommt es mir vor, als w\u00e4re es erst gestern gewesen, dass ich hier ankam. Und doch kommt es mir gleichzeitig wie eine Ewigkeit vor.","breadcrumb":{"@id":"https:\/\/blogs.donboscovolunteers.de\/maximilianinbolivien\/2023\/10\/12\/tag-25-die-ergebnisse\/#breadcrumb"},"inLanguage":"de","potentialAction":[{"@type":"ReadAction","target":["https:\/\/blogs.donboscovolunteers.de\/maximilianinbolivien\/2023\/10\/12\/tag-25-die-ergebnisse\/"]}]},{"@type":"BreadcrumbList","@id":"https:\/\/blogs.donboscovolunteers.de\/maximilianinbolivien\/2023\/10\/12\/tag-25-die-ergebnisse\/#breadcrumb","itemListElement":[{"@type":"ListItem","position":1,"name":"Startseite","item":"https:\/\/blogs.donboscovolunteers.de\/maximilianinbolivien\/"},{"@type":"ListItem","position":2,"name":"Tag 25 &#8211; Die Ergebnisse"}]},{"@type":"WebSite","@id":"https:\/\/blogs.donboscovolunteers.de\/maximilianinbolivien\/#website","url":"https:\/\/blogs.donboscovolunteers.de\/maximilianinbolivien\/","name":"Maximilian in Bolivien","description":"Ein t\u00e4glicher Blog \u00fcber Bolivien","potentialAction":[{"@type":"SearchAction","target":{"@type":"EntryPoint","urlTemplate":"https:\/\/blogs.donboscovolunteers.de\/maximilianinbolivien\/?s={search_term_string}"},"query-input":{"@type":"PropertyValueSpecification","valueRequired":true,"valueName":"search_term_string"}}],"inLanguage":"de"},{"@type":"Person","@id":"https:\/\/blogs.donboscovolunteers.de\/maximilianinbolivien\/#\/schema\/person\/5f1a73601ad1dcd7c43bc202cc06d7e3","name":"Maximilian Sitte","image":{"@type":"ImageObject","inLanguage":"de","@id":"https:\/\/blogs.donboscovolunteers.de\/maximilianinbolivien\/#\/schema\/person\/image\/","url":"https:\/\/secure.gravatar.com\/avatar\/62a2f02fd2a5559d66e0b32765c2820116a4afe1cd587dae7ca370701bf780d2?s=96&d=retro&r=x","contentUrl":"https:\/\/secure.gravatar.com\/avatar\/62a2f02fd2a5559d66e0b32765c2820116a4afe1cd587dae7ca370701bf780d2?s=96&d=retro&r=x","caption":"Maximilian Sitte"},"url":"https:\/\/blogs.donboscovolunteers.de\/maximilianinbolivien\/author\/maximiliano\/"}]}},"_links":{"self":[{"href":"https:\/\/blogs.donboscovolunteers.de\/maximilianinbolivien\/wp-json\/wp\/v2\/posts\/163","targetHints":{"allow":["GET"]}}],"collection":[{"href":"https:\/\/blogs.donboscovolunteers.de\/maximilianinbolivien\/wp-json\/wp\/v2\/posts"}],"about":[{"href":"https:\/\/blogs.donboscovolunteers.de\/maximilianinbolivien\/wp-json\/wp\/v2\/types\/post"}],"author":[{"embeddable":true,"href":"https:\/\/blogs.donboscovolunteers.de\/maximilianinbolivien\/wp-json\/wp\/v2\/users\/21778"}],"replies":[{"embeddable":true,"href":"https:\/\/blogs.donboscovolunteers.de\/maximilianinbolivien\/wp-json\/wp\/v2\/comments?post=163"}],"version-history":[{"count":4,"href":"https:\/\/blogs.donboscovolunteers.de\/maximilianinbolivien\/wp-json\/wp\/v2\/posts\/163\/revisions"}],"predecessor-version":[{"id":230,"href":"https:\/\/blogs.donboscovolunteers.de\/maximilianinbolivien\/wp-json\/wp\/v2\/posts\/163\/revisions\/230"}],"wp:attachment":[{"href":"https:\/\/blogs.donboscovolunteers.de\/maximilianinbolivien\/wp-json\/wp\/v2\/media?parent=163"}],"wp:term":[{"taxonomy":"category","embeddable":true,"href":"https:\/\/blogs.donboscovolunteers.de\/maximilianinbolivien\/wp-json\/wp\/v2\/categories?post=163"},{"taxonomy":"post_tag","embeddable":true,"href":"https:\/\/blogs.donboscovolunteers.de\/maximilianinbolivien\/wp-json\/wp\/v2\/tags?post=163"}],"curies":[{"name":"wp","href":"https:\/\/api.w.org\/{rel}","templated":true}]}}