{"id":55,"date":"2020-11-05T15:29:38","date_gmt":"2020-11-05T14:29:38","guid":{"rendered":"https:\/\/blogs.donboscovolunteers.de\/mahatmaausreisemahatmakeine\/?p=55"},"modified":"2020-11-22T19:15:23","modified_gmt":"2020-11-22T18:15:23","slug":"highlights-aus-drei-wochen-akademie","status":"publish","type":"post","link":"https:\/\/blogs.donboscovolunteers.de\/mahatmaausreisemahatmakeine\/2020\/11\/05\/highlights-aus-drei-wochen-akademie\/","title":{"rendered":"Highlights aus drei Wochen Akademie"},"content":{"rendered":"<h4 class=\"wp-block-heading\">Verk\u00fcndung der urspr\u00fcnglichen Einsatzorte am 17.09.<\/h4>\n\n\n\n<p>Im Austausch mit den Volos aus der Benediktbeurer Gruppe\nstellten wir \u201eBonner\u201c fest, dass die \u201eBenediktbeurer\u201c ihre Einsatzprojekte\nschon zu Anfang des Jahres mitgeteilt bekommen hatten. W\u00e4hrenddessen geduldeten\nwir Anderen uns seit Monaten. Eigentlich\u2026 h\u00e4tten wir Volos aus der Bonner\nGruppe unsere Einsatzorte in der ersten Aprilh\u00e4lfte erfahren sollen, jedoch\nwurden die dahingehenden Planungen unterbrochen, als sich herausstellte, dass die\nFreiwilligen im Ausland nach Deutschland zur\u00fcck geholt werden mussten. Nach\nMonaten erwartungsvoller Geduld nahm Wolfgang sich uns acht verbliebene Volos\naus der Bonner Gruppe an jenem Abend zur Seite. Nachdem er sich nach unseren\nBefindlichkeiten erkundigt hatte, zog er endlich einen omin\u00f6sen Zettel hervor.\nDieser beinhaltete eine \u00dcbersicht zu den Freiwilligen und den urspr\u00fcnglich\ngeplanten Einsatzorten. Wie hungrige W\u00f6lfe st\u00fcrzten wir uns auf den Zettel, um\nendlich unsere \u2013 eigentlichen \u2013 Einsatzorte zu erfahren. F\u00fcr mich stand ein Ort\nin <a href=\"https:\/\/strassenkinder.de\/laender\/asien\/inden\/\">Indien<\/a> auf dem Zettel. Allerdings brauchte ich eine Woche, bis ich die\nhandschriftliche Notiz als \u201eVijayawada\u201c entziffern konnte. <\/p>\n\n\n\n<p>\u00dcberraschender Weise entpuppte sich die Betreiberin einer Fanpage,\nwelche ich am darauffolgenden Tag auf Instagram anschrieb, als Inderin. Kann\ndas noch ein Zufall sein?! Obwohl Indien zuerst nicht mein Wunschland gewesen\nwar, will ich jetzt jedenfalls mit jedem Tag der verstreicht mehr nach Indien.\nHoffentlich wird das noch was!<\/p>\n\n\n\n<h4 class=\"wp-block-heading\">Entsendungsfeier am 18.09.<\/h4>\n\n\n\n<p>Am Freitag der ersten Akademiewoche feierten wir mit einem\nkleinen Gottesdienst, den einige Volos und ich musikalisch gestalteten, den Auftakt\nunseres Freiwilligendienstes. Wir Freiwilligen standen in unseren blauen \u201e<a href=\"https:\/\/www.donboscomission.de\/don-bosco\/\">Don\nBosco<\/a> Volunteers\u201c-Poloshirts in der Kapelle und bekamen von Wolfgang, Francesco\nund Niklas eine Kette umgeh\u00e4ngt, die auf der einen Seite Don Bosco und auf der\nanderen Seite Maria zeigt. Im Anschluss machten wir im Klosterinnenhof\nGruppenfotos und wurden mit einem kleinen Sektempfang \u00fcberrascht. Das war ein\nsehr netter Nachmittag, wenn auch eher von symbolischer Bedeutung, denn leider\nkonnten wir ja nicht wirklich in unsere Projekte im Ausland entsendet werden.<\/p>\n\n\n\n<h4 class=\"wp-block-heading\">Wanderung auf den Rabenkopf am 19.09.<\/h4>\n\n\n\n<p>Am n\u00e4chsten Tag starteten wir in unser erstes Wochenende in\nBenediktbeuern. Wir hatten die Angebote Kanufahren zu gehen oder eine Wanderung\nauf den Rabenkopf zu machen. Annika und ich entschieden uns f\u00fcr die Wanderung\nund stiefelten gut gefr\u00fchst\u00fcckt mit Arnes, einem der Salesianer, los. Unsere\nWanderung f\u00fchrte uns vorbei an einem Bach, einem kleinen Fluss, an Weiden und\ndem ein oder anderem Kuhfladen und zu guter Letzt auch zu einem Weider\u00f6sti.\nW\u00e4hrend das Kloster immer kleiner wurde und wir immer h\u00f6her stiegen, lie\u00dfen\nAusdauer und Motivation langsam nach. So kam der Brunnen mit frischem Quellwasser\nam Fu\u00dfe des letzten und steilsten Streckenabschnitts mehr als gelegen. Nach\neiner kurzen Verschnauf- und Trinkpause bissen wir die Z\u00e4hne zusammen und\nbezwangen die letzten H\u00f6henmeter bis zum\u2026 Zwischengipfel. Doch wir entschieden,\ndass der Zwischengipfel ausreichen m\u00fcsse. Immerhin hatte er auch ein\nGipfelkreuz und bot eine herrliche Aussicht.&nbsp;\nDiese genossen wir ein Weile und teilten Chips und Gummib\u00e4rchen. Gut\ngest\u00e4rkt traten wir dann den R\u00fcckweg an und erreichten schlie\u00dflich schmerzenden\nFu\u00dfes das Kloster. Den Abend verbrachen wir dann so unt\u00e4tig wie m\u00f6glich, um blasige\nF\u00fc\u00dfe und Muskelkater nicht \u00fcberzustrapazieren.<\/p>\n\n\n\n<div class=\"wp-block-image\"><figure class=\"aligncenter size-large is-resized\"><img loading=\"lazy\" decoding=\"async\" src=\"https:\/\/blogs.donboscovolunteers.de\/mahatmaausreisemahatmakeine\/wp-content\/uploads\/sites\/21627\/2020\/11\/IMG-20200919-WA00071-e1606068047137-769x1024.jpg\" alt=\"Stolze Bergsteiger am Gipfelkreuz\" class=\"wp-image-80\" width=\"493\" height=\"656\" srcset=\"https:\/\/blogs.donboscovolunteers.de\/mahatmaausreisemahatmakeine\/wp-content\/uploads\/sites\/21627\/2020\/11\/IMG-20200919-WA00071-e1606068047137-769x1024.jpg 769w, https:\/\/blogs.donboscovolunteers.de\/mahatmaausreisemahatmakeine\/wp-content\/uploads\/sites\/21627\/2020\/11\/IMG-20200919-WA00071-e1606068047137-225x300.jpg 225w, https:\/\/blogs.donboscovolunteers.de\/mahatmaausreisemahatmakeine\/wp-content\/uploads\/sites\/21627\/2020\/11\/IMG-20200919-WA00071-e1606068047137-768x1023.jpg 768w, https:\/\/blogs.donboscovolunteers.de\/mahatmaausreisemahatmakeine\/wp-content\/uploads\/sites\/21627\/2020\/11\/IMG-20200919-WA00071-e1606068047137-900x1199.jpg 900w, https:\/\/blogs.donboscovolunteers.de\/mahatmaausreisemahatmakeine\/wp-content\/uploads\/sites\/21627\/2020\/11\/IMG-20200919-WA00071-e1606068047137.jpg 961w\" sizes=\"auto, (max-width: 493px) 100vw, 493px\" \/><\/figure><\/div>\n\n\n\n<h4 class=\"wp-block-heading\">Erstkommunion meiner Schwester am 20.09.<\/h4>\n\n\n\n<p>Am Sonntag fand die Erstkommunion meiner Schwester Zuhause in Leipzig statt. Das war definitiv ein Highlight f\u00fcr mich, auch wenn ich diesen Tag nur aus der Ferne mit ihr teilen konnte. Den Gottesdienst konnte ich gl\u00fccklicherweise im Livestream verfolgen und so meine Schwester an diesem wichtigen Tag sehen. Mit dem wei\u00dfen Kleid, der h\u00fcbschen Frisur und den knallroten Chucks war sie auf jeden Fall ein richtiger Hingucker. Nur konnte ich an ihrem Gesicht leider nicht ablesen, ob die Hostie auch so schmeckte, wie sie es sich ausgemalt hatte. <\/p>\n\n\n\n<h4 class=\"wp-block-heading\">Lagerfeuer am letzten Abend, dem 02.10.<\/h4>\n\n\n\n<p>Am Freitag der dritten Akademiewoche machten wir ein Lagerfeuer, um den letzten gemeinsamen Abend vor der Abreise ins Praktikum zu feiern. W\u00e4hrend wir es im Gesicht sch\u00f6n warm hatten und uns gef\u00fchlt der R\u00fccken abfror, verk\u00f6stigten wir uns mit allerlei Marshmallows und Grillbananen. Sp\u00e4ter ging es dank eines kr\u00e4ftigen Windes recht turbulent zu. Vielleicht h\u00e4tten wir im Voraus mal dem Wetterbericht Beachtung schenken k\u00f6nnen, doch letztendlich waren wir stets bem\u00fcht, dem Funkenflug auszuweichen und herumfliegende Verpackungen einzufangen. Als das Lagerfeuer gel\u00f6scht war, machten wir es uns noch auf der Stra\u00dfe auf der anderen Seite des Klostergel\u00e4ndes gem\u00fctlich, wo es dank des F\u00f6hns angenehm mild war. <\/p>\n\n\n\n<p>Im Laufe des n\u00e4chsten und \u00fcbern\u00e4chsten Tages reisten die\nallermeisten dann ab. So brachen auch Lina, Annika und ich am Sonntagmittag nach\nW\u00fcrzburg auf, um dort ein dreiw\u00f6chiges Praktikum zu verbringen. Eigentlich\u2026<\/p>","protected":false},"excerpt":{"rendered":"<p>Verk\u00fcndung der urspr\u00fcnglichen Einsatzorte am 17.09. Im Austausch mit den Volos aus der Benediktbeurer Gruppe stellten wir \u201eBonner\u201c fest, dass die \u201eBenediktbeurer\u201c ihre Einsatzprojekte schon zu Anfang des Jahres mitgeteilt bekommen hatten. W\u00e4hrenddessen geduldeten wir Anderen uns seit Monaten. Eigentlich\u2026 h\u00e4tten wir Volos aus der Bonner Gruppe unsere Einsatzorte in der ersten Aprilh\u00e4lfte erfahren sollen, [&hellip;]<\/p>\n","protected":false},"author":21691,"featured_media":0,"comment_status":"open","ping_status":"open","sticky":false,"template":"","format":"standard","meta":{"footnotes":""},"categories":[17],"tags":[4,2,19,18,22,21,20],"class_list":["post-55","post","type-post","status-publish","format-standard","hentry","category-akademie","tag-akademie","tag-don-bosco","tag-einsatzort","tag-entsendungsfeier","tag-erstkommunion","tag-lagerfeuer","tag-wanderung"],"yoast_head":"<!-- This site is optimized with the Yoast SEO plugin v25.3.1 - https:\/\/yoast.com\/wordpress\/plugins\/seo\/ -->\n<title>Highlights aus drei Wochen Akademie - Mahatma Ausreise, Mahatma keine!<\/title>\n<meta name=\"description\" content=\"Endlich zog Wolfgang die omin\u00f6se \u00dcbersicht der Einsatzorte hervor. Nach einw\u00f6chigem R\u00e4tseln konnte ich meinen Einsatzort als \u201eVijayawada\u201c entziffern.\" \/>\n<meta name=\"robots\" content=\"index, follow, max-snippet:-1, max-image-preview:large, max-video-preview:-1\" \/>\n<link rel=\"canonical\" href=\"https:\/\/blogs.donboscovolunteers.de\/mahatmaausreisemahatmakeine\/2020\/11\/05\/highlights-aus-drei-wochen-akademie\/\" \/>\n<meta property=\"og:locale\" content=\"de_DE\" \/>\n<meta property=\"og:type\" content=\"article\" \/>\n<meta property=\"og:title\" content=\"Highlights aus drei Wochen Akademie - Mahatma Ausreise, Mahatma keine!\" \/>\n<meta property=\"og:description\" content=\"Endlich zog Wolfgang die omin\u00f6se \u00dcbersicht der Einsatzorte hervor. Nach einw\u00f6chigem R\u00e4tseln konnte ich meinen Einsatzort als \u201eVijayawada\u201c entziffern.\" \/>\n<meta property=\"og:url\" content=\"https:\/\/blogs.donboscovolunteers.de\/mahatmaausreisemahatmakeine\/2020\/11\/05\/highlights-aus-drei-wochen-akademie\/\" \/>\n<meta property=\"og:site_name\" content=\"Mahatma Ausreise, Mahatma keine!\" \/>\n<meta property=\"article:published_time\" content=\"2020-11-05T14:29:38+00:00\" \/>\n<meta property=\"article:modified_time\" content=\"2020-11-22T18:15:23+00:00\" \/>\n<meta property=\"og:image\" content=\"https:\/\/blogs.donboscovolunteers.de\/mahatmaausreisemahatmakeine\/wp-content\/uploads\/sites\/21627\/2020\/11\/IMG-20200919-WA00071-e1606068047137-769x1024.jpg\" \/>\n<meta name=\"author\" content=\"Elisabeth Gl\u00e4ser\" \/>\n<meta name=\"twitter:card\" content=\"summary_large_image\" \/>\n<meta name=\"twitter:label1\" content=\"Verfasst von\" \/>\n\t<meta name=\"twitter:data1\" content=\"Elisabeth Gl\u00e4ser\" \/>\n\t<meta name=\"twitter:label2\" content=\"Gesch\u00e4tzte Lesezeit\" \/>\n\t<meta name=\"twitter:data2\" content=\"4\u00a0Minuten\" \/>\n<script type=\"application\/ld+json\" class=\"yoast-schema-graph\">{\"@context\":\"https:\/\/schema.org\",\"@graph\":[{\"@type\":\"WebPage\",\"@id\":\"https:\/\/blogs.donboscovolunteers.de\/mahatmaausreisemahatmakeine\/2020\/11\/05\/highlights-aus-drei-wochen-akademie\/\",\"url\":\"https:\/\/blogs.donboscovolunteers.de\/mahatmaausreisemahatmakeine\/2020\/11\/05\/highlights-aus-drei-wochen-akademie\/\",\"name\":\"Highlights aus drei Wochen Akademie - Mahatma Ausreise, Mahatma keine!\",\"isPartOf\":{\"@id\":\"https:\/\/blogs.donboscovolunteers.de\/mahatmaausreisemahatmakeine\/#website\"},\"primaryImageOfPage\":{\"@id\":\"https:\/\/blogs.donboscovolunteers.de\/mahatmaausreisemahatmakeine\/2020\/11\/05\/highlights-aus-drei-wochen-akademie\/#primaryimage\"},\"image\":{\"@id\":\"https:\/\/blogs.donboscovolunteers.de\/mahatmaausreisemahatmakeine\/2020\/11\/05\/highlights-aus-drei-wochen-akademie\/#primaryimage\"},\"thumbnailUrl\":\"https:\/\/blogs.donboscovolunteers.de\/mahatmaausreisemahatmakeine\/wp-content\/uploads\/sites\/21627\/2020\/11\/IMG-20200919-WA00071-e1606068047137-769x1024.jpg\",\"datePublished\":\"2020-11-05T14:29:38+00:00\",\"dateModified\":\"2020-11-22T18:15:23+00:00\",\"author\":{\"@id\":\"https:\/\/blogs.donboscovolunteers.de\/mahatmaausreisemahatmakeine\/#\/schema\/person\/384cf8d5b8317eb0d6f1e8dabb017a49\"},\"description\":\"Endlich zog Wolfgang die omin\u00f6se \u00dcbersicht der Einsatzorte hervor. Nach einw\u00f6chigem R\u00e4tseln konnte ich meinen Einsatzort als \u201eVijayawada\u201c entziffern.\",\"breadcrumb\":{\"@id\":\"https:\/\/blogs.donboscovolunteers.de\/mahatmaausreisemahatmakeine\/2020\/11\/05\/highlights-aus-drei-wochen-akademie\/#breadcrumb\"},\"inLanguage\":\"de\",\"potentialAction\":[{\"@type\":\"ReadAction\",\"target\":[\"https:\/\/blogs.donboscovolunteers.de\/mahatmaausreisemahatmakeine\/2020\/11\/05\/highlights-aus-drei-wochen-akademie\/\"]}]},{\"@type\":\"ImageObject\",\"inLanguage\":\"de\",\"@id\":\"https:\/\/blogs.donboscovolunteers.de\/mahatmaausreisemahatmakeine\/2020\/11\/05\/highlights-aus-drei-wochen-akademie\/#primaryimage\",\"url\":\"https:\/\/blogs.donboscovolunteers.de\/mahatmaausreisemahatmakeine\/wp-content\/uploads\/sites\/21627\/2020\/11\/IMG-20200919-WA00071-e1606068047137.jpg\",\"contentUrl\":\"https:\/\/blogs.donboscovolunteers.de\/mahatmaausreisemahatmakeine\/wp-content\/uploads\/sites\/21627\/2020\/11\/IMG-20200919-WA00071-e1606068047137.jpg\",\"width\":961,\"height\":1280,\"caption\":\"Stolze Bergsteiger am Gipfelkreuz\"},{\"@type\":\"BreadcrumbList\",\"@id\":\"https:\/\/blogs.donboscovolunteers.de\/mahatmaausreisemahatmakeine\/2020\/11\/05\/highlights-aus-drei-wochen-akademie\/#breadcrumb\",\"itemListElement\":[{\"@type\":\"ListItem\",\"position\":1,\"name\":\"Startseite\",\"item\":\"https:\/\/blogs.donboscovolunteers.de\/mahatmaausreisemahatmakeine\/\"},{\"@type\":\"ListItem\",\"position\":2,\"name\":\"Highlights aus drei Wochen Akademie\"}]},{\"@type\":\"WebSite\",\"@id\":\"https:\/\/blogs.donboscovolunteers.de\/mahatmaausreisemahatmakeine\/#website\",\"url\":\"https:\/\/blogs.donboscovolunteers.de\/mahatmaausreisemahatmakeine\/\",\"name\":\"Mahatma Ausreise, Mahatma keine!\",\"description\":\"Mein Jahr als Freiwillige in bisher nicht Indien\",\"potentialAction\":[{\"@type\":\"SearchAction\",\"target\":{\"@type\":\"EntryPoint\",\"urlTemplate\":\"https:\/\/blogs.donboscovolunteers.de\/mahatmaausreisemahatmakeine\/?s={search_term_string}\"},\"query-input\":{\"@type\":\"PropertyValueSpecification\",\"valueRequired\":true,\"valueName\":\"search_term_string\"}}],\"inLanguage\":\"de\"},{\"@type\":\"Person\",\"@id\":\"https:\/\/blogs.donboscovolunteers.de\/mahatmaausreisemahatmakeine\/#\/schema\/person\/384cf8d5b8317eb0d6f1e8dabb017a49\",\"name\":\"Elisabeth Gl\u00e4ser\",\"image\":{\"@type\":\"ImageObject\",\"inLanguage\":\"de\",\"@id\":\"https:\/\/blogs.donboscovolunteers.de\/mahatmaausreisemahatmakeine\/#\/schema\/person\/image\/\",\"url\":\"https:\/\/secure.gravatar.com\/avatar\/14022a65250b437acb4935aab0d5e3fb87fd15e5e3734d100df130480676d9d2?s=96&d=mm&r=g\",\"contentUrl\":\"https:\/\/secure.gravatar.com\/avatar\/14022a65250b437acb4935aab0d5e3fb87fd15e5e3734d100df130480676d9d2?s=96&d=mm&r=g\",\"caption\":\"Elisabeth Gl\u00e4ser\"},\"url\":\"https:\/\/blogs.donboscovolunteers.de\/mahatmaausreisemahatmakeine\/author\/elisabethglsr\/\"}]}<\/script>\n<!-- \/ Yoast SEO plugin. -->","yoast_head_json":{"title":"Highlights aus drei Wochen Akademie - Mahatma Ausreise, Mahatma keine!","description":"Endlich zog Wolfgang die omin\u00f6se \u00dcbersicht der Einsatzorte hervor. Nach einw\u00f6chigem R\u00e4tseln konnte ich meinen Einsatzort als \u201eVijayawada\u201c entziffern.","robots":{"index":"index","follow":"follow","max-snippet":"max-snippet:-1","max-image-preview":"max-image-preview:large","max-video-preview":"max-video-preview:-1"},"canonical":"https:\/\/blogs.donboscovolunteers.de\/mahatmaausreisemahatmakeine\/2020\/11\/05\/highlights-aus-drei-wochen-akademie\/","og_locale":"de_DE","og_type":"article","og_title":"Highlights aus drei Wochen Akademie - Mahatma Ausreise, Mahatma keine!","og_description":"Endlich zog Wolfgang die omin\u00f6se \u00dcbersicht der Einsatzorte hervor. Nach einw\u00f6chigem R\u00e4tseln konnte ich meinen Einsatzort als \u201eVijayawada\u201c entziffern.","og_url":"https:\/\/blogs.donboscovolunteers.de\/mahatmaausreisemahatmakeine\/2020\/11\/05\/highlights-aus-drei-wochen-akademie\/","og_site_name":"Mahatma Ausreise, Mahatma keine!","article_published_time":"2020-11-05T14:29:38+00:00","article_modified_time":"2020-11-22T18:15:23+00:00","og_image":[{"url":"https:\/\/blogs.donboscovolunteers.de\/mahatmaausreisemahatmakeine\/wp-content\/uploads\/sites\/21627\/2020\/11\/IMG-20200919-WA00071-e1606068047137-769x1024.jpg","type":"","width":"","height":""}],"author":"Elisabeth Gl\u00e4ser","twitter_card":"summary_large_image","twitter_misc":{"Verfasst von":"Elisabeth Gl\u00e4ser","Gesch\u00e4tzte Lesezeit":"4\u00a0Minuten"},"schema":{"@context":"https:\/\/schema.org","@graph":[{"@type":"WebPage","@id":"https:\/\/blogs.donboscovolunteers.de\/mahatmaausreisemahatmakeine\/2020\/11\/05\/highlights-aus-drei-wochen-akademie\/","url":"https:\/\/blogs.donboscovolunteers.de\/mahatmaausreisemahatmakeine\/2020\/11\/05\/highlights-aus-drei-wochen-akademie\/","name":"Highlights aus drei Wochen Akademie - Mahatma Ausreise, Mahatma keine!","isPartOf":{"@id":"https:\/\/blogs.donboscovolunteers.de\/mahatmaausreisemahatmakeine\/#website"},"primaryImageOfPage":{"@id":"https:\/\/blogs.donboscovolunteers.de\/mahatmaausreisemahatmakeine\/2020\/11\/05\/highlights-aus-drei-wochen-akademie\/#primaryimage"},"image":{"@id":"https:\/\/blogs.donboscovolunteers.de\/mahatmaausreisemahatmakeine\/2020\/11\/05\/highlights-aus-drei-wochen-akademie\/#primaryimage"},"thumbnailUrl":"https:\/\/blogs.donboscovolunteers.de\/mahatmaausreisemahatmakeine\/wp-content\/uploads\/sites\/21627\/2020\/11\/IMG-20200919-WA00071-e1606068047137-769x1024.jpg","datePublished":"2020-11-05T14:29:38+00:00","dateModified":"2020-11-22T18:15:23+00:00","author":{"@id":"https:\/\/blogs.donboscovolunteers.de\/mahatmaausreisemahatmakeine\/#\/schema\/person\/384cf8d5b8317eb0d6f1e8dabb017a49"},"description":"Endlich zog Wolfgang die omin\u00f6se \u00dcbersicht der Einsatzorte hervor. Nach einw\u00f6chigem R\u00e4tseln konnte ich meinen Einsatzort als \u201eVijayawada\u201c entziffern.","breadcrumb":{"@id":"https:\/\/blogs.donboscovolunteers.de\/mahatmaausreisemahatmakeine\/2020\/11\/05\/highlights-aus-drei-wochen-akademie\/#breadcrumb"},"inLanguage":"de","potentialAction":[{"@type":"ReadAction","target":["https:\/\/blogs.donboscovolunteers.de\/mahatmaausreisemahatmakeine\/2020\/11\/05\/highlights-aus-drei-wochen-akademie\/"]}]},{"@type":"ImageObject","inLanguage":"de","@id":"https:\/\/blogs.donboscovolunteers.de\/mahatmaausreisemahatmakeine\/2020\/11\/05\/highlights-aus-drei-wochen-akademie\/#primaryimage","url":"https:\/\/blogs.donboscovolunteers.de\/mahatmaausreisemahatmakeine\/wp-content\/uploads\/sites\/21627\/2020\/11\/IMG-20200919-WA00071-e1606068047137.jpg","contentUrl":"https:\/\/blogs.donboscovolunteers.de\/mahatmaausreisemahatmakeine\/wp-content\/uploads\/sites\/21627\/2020\/11\/IMG-20200919-WA00071-e1606068047137.jpg","width":961,"height":1280,"caption":"Stolze Bergsteiger am Gipfelkreuz"},{"@type":"BreadcrumbList","@id":"https:\/\/blogs.donboscovolunteers.de\/mahatmaausreisemahatmakeine\/2020\/11\/05\/highlights-aus-drei-wochen-akademie\/#breadcrumb","itemListElement":[{"@type":"ListItem","position":1,"name":"Startseite","item":"https:\/\/blogs.donboscovolunteers.de\/mahatmaausreisemahatmakeine\/"},{"@type":"ListItem","position":2,"name":"Highlights aus drei Wochen Akademie"}]},{"@type":"WebSite","@id":"https:\/\/blogs.donboscovolunteers.de\/mahatmaausreisemahatmakeine\/#website","url":"https:\/\/blogs.donboscovolunteers.de\/mahatmaausreisemahatmakeine\/","name":"Mahatma Ausreise, Mahatma keine!","description":"Mein Jahr als Freiwillige in bisher nicht Indien","potentialAction":[{"@type":"SearchAction","target":{"@type":"EntryPoint","urlTemplate":"https:\/\/blogs.donboscovolunteers.de\/mahatmaausreisemahatmakeine\/?s={search_term_string}"},"query-input":{"@type":"PropertyValueSpecification","valueRequired":true,"valueName":"search_term_string"}}],"inLanguage":"de"},{"@type":"Person","@id":"https:\/\/blogs.donboscovolunteers.de\/mahatmaausreisemahatmakeine\/#\/schema\/person\/384cf8d5b8317eb0d6f1e8dabb017a49","name":"Elisabeth Gl\u00e4ser","image":{"@type":"ImageObject","inLanguage":"de","@id":"https:\/\/blogs.donboscovolunteers.de\/mahatmaausreisemahatmakeine\/#\/schema\/person\/image\/","url":"https:\/\/secure.gravatar.com\/avatar\/14022a65250b437acb4935aab0d5e3fb87fd15e5e3734d100df130480676d9d2?s=96&d=mm&r=g","contentUrl":"https:\/\/secure.gravatar.com\/avatar\/14022a65250b437acb4935aab0d5e3fb87fd15e5e3734d100df130480676d9d2?s=96&d=mm&r=g","caption":"Elisabeth Gl\u00e4ser"},"url":"https:\/\/blogs.donboscovolunteers.de\/mahatmaausreisemahatmakeine\/author\/elisabethglsr\/"}]}},"_links":{"self":[{"href":"https:\/\/blogs.donboscovolunteers.de\/mahatmaausreisemahatmakeine\/wp-json\/wp\/v2\/posts\/55","targetHints":{"allow":["GET"]}}],"collection":[{"href":"https:\/\/blogs.donboscovolunteers.de\/mahatmaausreisemahatmakeine\/wp-json\/wp\/v2\/posts"}],"about":[{"href":"https:\/\/blogs.donboscovolunteers.de\/mahatmaausreisemahatmakeine\/wp-json\/wp\/v2\/types\/post"}],"author":[{"embeddable":true,"href":"https:\/\/blogs.donboscovolunteers.de\/mahatmaausreisemahatmakeine\/wp-json\/wp\/v2\/users\/21691"}],"replies":[{"embeddable":true,"href":"https:\/\/blogs.donboscovolunteers.de\/mahatmaausreisemahatmakeine\/wp-json\/wp\/v2\/comments?post=55"}],"version-history":[{"count":4,"href":"https:\/\/blogs.donboscovolunteers.de\/mahatmaausreisemahatmakeine\/wp-json\/wp\/v2\/posts\/55\/revisions"}],"predecessor-version":[{"id":82,"href":"https:\/\/blogs.donboscovolunteers.de\/mahatmaausreisemahatmakeine\/wp-json\/wp\/v2\/posts\/55\/revisions\/82"}],"wp:attachment":[{"href":"https:\/\/blogs.donboscovolunteers.de\/mahatmaausreisemahatmakeine\/wp-json\/wp\/v2\/media?parent=55"}],"wp:term":[{"taxonomy":"category","embeddable":true,"href":"https:\/\/blogs.donboscovolunteers.de\/mahatmaausreisemahatmakeine\/wp-json\/wp\/v2\/categories?post=55"},{"taxonomy":"post_tag","embeddable":true,"href":"https:\/\/blogs.donboscovolunteers.de\/mahatmaausreisemahatmakeine\/wp-json\/wp\/v2\/tags?post=55"}],"curies":[{"name":"wp","href":"https:\/\/api.w.org\/{rel}","templated":true}]}}