{"id":42,"date":"2020-10-28T14:03:12","date_gmt":"2020-10-28T13:03:12","guid":{"rendered":"https:\/\/blogs.donboscovolunteers.de\/mahatmaausreisemahatmakeine\/?p=42"},"modified":"2020-11-02T17:46:34","modified_gmt":"2020-11-02T16:46:34","slug":"die-don-bosco-volunteers-akademie-schedule","status":"publish","type":"post","link":"https:\/\/blogs.donboscovolunteers.de\/mahatmaausreisemahatmakeine\/2020\/10\/28\/die-don-bosco-volunteers-akademie-schedule\/","title":{"rendered":"Die Don Bosco Volunteers Akademie &#8211; Schedule"},"content":{"rendered":"<h5 class=\"wp-block-heading\">Fr\u00fchst\u00fcck (optional)<\/h5>\n\n\n\n<p>Anfangs gab es Fr\u00fchst\u00fcck ab 07:45, dieses wurde allerdings zur Freude aller, insbesondere der hauseigenen FSJler, ab der zweiten Woche auf 08:15 verschoben. Auch die rege Beteiligung am Fr\u00fchstuck stellte sich im Verlauf der Akademiewochen sukzessive ein. W\u00e4hrend einige das Fr\u00fchst\u00fcck gekonnt links liegen lie\u00dfen und teils auch noch den Seminarbeginn verschliefen, stellte sich bei mir \u00fcberraschender Weise eine neue Morgenroutine ein: Anders als ich es von meinen Schultagen gewohnt war, erschien ich stets p\u00fcnktlicher als der Gro\u00dfteil der Gruppe und mit Fr\u00fchst\u00fcck im Magen zu den Seminaren.<\/p>\n\n\n\n<h5 class=\"wp-block-heading\">09:00 Seminarbeginn<\/h5>\n\n\n\n<p>F\u00fcr die Seminare hatten wir \u00fcber die drei Wochen verschiedenste Referenten: Von unseren lieben Organisatoren Francesco und Niklas vor Ort und Wolfgang, der uns aus dem fernen Bonn den R\u00fccken freih\u00e4lt, \u00fcber P\u00e4dagogen des Hauses und extra angereiste Referenten, beispielsweise aus M\u00fcnchen, bis hin zu ehemaligen Volunteers, die ihre Erfahrungen aus dem Auslandseinsatz mit uns teilten. <\/p>\n\n\n\n<p>Thematisch drehten sich die Tage der ersten Akademiewoche um Didaktik, P\u00e4dagogik und die damit verbundenen rechtlichen Grundlagen. So besch\u00e4ftigten wir uns zum Beispiel mit Pr\u00e4vention, ein Thema, welches einigen Unbehagen bereitet, welches aber an seiner Wichtigkeit nicht zu untersch\u00e4tzen ist. Besonders detailliert besch\u00e4ftigten wir uns auch mit der P\u00e4dagogik von <a href=\"https:\/\/www.donboscomission.de\/don-bosco\/\">Don Bosco<\/a> und lernten, dass Don Boscos Pr\u00e4ventionssystem die p\u00e4dagogische Grundlage der Arbeit in salesianischen Einrichtungen bildet. Statt Regelverst\u00f6\u00dfen mit harten Strafen zu begegnen, wird darauf gesetzt, auf Grundlage der Vernunft der Jugendlichen Einsicht und Akzeptanz f\u00fcr die bestehenden Regeln zu schaffen. <\/p>\n\n\n\n<p>In Woche zwei widmeten wir uns den 17 Sustainable Development Goals der Vereinten Nationen und den Menschenrechten. Die SDGs sind gemeinsame Ziele der Vereinten Nationen f\u00fcr nachhaltige Entwicklung, welche 2016 in Kraft traten und bis 2030 weitgehend erf\u00fcllt sein sollen. Allerdings sind diese Ziele nicht rechtlich bindend,&nbsp; was sich nicht zwingend positiv auf ihre Umsetzung auswirkt. Anders als bei den Menschenrechten, zu denen zur \u00dcberraschung Vieler neben Rechten, die auf die Befriedigung ganz grundlegender Bed\u00fcrfnisse abzielen, auch das Urheberrecht geh\u00f6rt. <\/p>\n\n\n\n<p>Vom 28.09.-02.10. hatten wir dann die Weltwoche, in der uns ehemalige&nbsp; Freiwillige \u00fcber ihre Einsatzl\u00e4nder berichteten. Nur die Einheit \u00fcber <a href=\"https:\/\/strassenkinder.de\/laender\/asien\/inden\/\">Indien<\/a> wurde leider vernachl\u00e4ssigt. Dies war einer n\u00e4chtlichen Geburtstagsfeier und daraus resultierender M\u00fcdigkeit und Konzentrationsmangel bei uns Freiwilligen zu verschulden. Selbst schuld also. Dass ich, als wir gefragt wurden, wie wir selbst mit einer Gruppe mit unserer Arbeitsmoral umgehen w\u00fcrden, ausgerechnet in dem Moment, als alle still waren, etwas zu laut \u201eAufgeben!\u201c sagte, war tats\u00e4chlich reichlich ungeschickt. So verbrachten wir jenen Vormittag ersatzweise mit allerlei Quizzerei \u00fcber Indien und Deutschland.<\/p>\n\n\n\n<h5 class=\"wp-block-heading\">12:00 Mittagessen<\/h5>\n\n\n\n<p>Die K\u00fcche brauchte eine ganze Weile (fast drei Wochen), um die n\u00f6tige Menge an Essen f\u00fcr 25 Auslandsfreiwillige plus weitere um die zehn Inlandsvolos richtig zu kalkulieren. Bei der Knappheit an Hauptspeisen stapelten sich im Ausgleich dazu allerdings bald literweise Joghurt und Pudding im K\u00fchlschrank. Neben interessanten Speisemengen hielt das Mittagessen aber vor allem den gr\u00f6\u00dften Kulturschock f\u00fcr mich bereit: Kn\u00f6del. Zwischen dem, was man in Bayern Kn\u00f6del nennt, und dem, woran ich denke, wenn ich Kn\u00f6del h\u00f6re, liegen wirklich Welten. Was der Bayer Kn\u00f6del nennt, w\u00fcrde ich eher einen Klo\u00df nennen, w\u00e4hrend das, was ich f\u00fcr Kn\u00f6del halte, sich als b\u00f6hmische Kn\u00f6del entpuppte. Daran werde ich mich wohl nie gew\u00f6hnen. Und auch, dass man aus Eierkuchenresten eine Suppe kochen kann, schien mir h\u00f6chst befremdlich.<\/p>\n\n\n\n<h5 class=\"wp-block-heading\">Anschlie\u00dfend in der Regel Freizeit<\/h5>\n\n\n\n<p>F\u00fcr die Freizeitgestaltung hatten wir viele Angebote von Workout \u00fcber einen Vietnamesisch-Kurs bis hin zu einem Chor oder Improvisationstheater. Viele der Angebote entstammten der Initiative von uns Volos. Jeder bot an, was ihn begeisterte. In Ermangelung einer N\u00e4hmaschine hielt ich mich jedoch bisher zur\u00fcck. Die Workshops konnten sich reger Beteiligung erfreuen. Nur wenn es sportlich wurde hielten Annika und ich uns gekonnt zur\u00fcck &#8211; mit Ausnahme von einer Yoga-Stunde. Wir zogen es vor, es uns auf einer der mit Paletten und Kissen ausgekleideten Fensterb\u00e4nke bei der Rezeption gem\u00fctlich zu machen. Dort schauten wir gemeinsam eine Serie, was uns auf unserem Zimmer leider nicht verg\u00f6nnt war. Rechtzeitig Wlan auf den Zimmern einzurichten schafften die Techniker leider nicht.<\/p>\n\n\n\n<h5 class=\"wp-block-heading\">18:00 Abendessen<\/h5>\n\n\n\n<p>Ein Abendessen ist hier besonders hervorzuheben: Einmal kochte Niklas indisches Curry f\u00fcr uns. Das war eine sehr leckere, wenn auch aufgrund der Sch\u00e4rfe sehr schwei\u00dftreibende Erfahrung. Ich dachte eigentlich, ich h\u00e4tte meine Sch\u00e4rfetoleranz etwas trainiert, aber auch mir lief nach einigen Happen ziemlich die Nase. Und Milch zum L\u00f6schen hatten wir leider nicht. Wie w\u00fcrde ich das nur aushalten, wenn ich doch noch nach Indien k\u00e4me? Eines steht fest: Erst w\u00fcrde ich schwitzen und wenn ich dann wieder Zuhause w\u00e4re und indisch kochen w\u00fcrde, dann k\u00e4men die Anderen ins Schwitzen.<\/p>\n\n\n\n<h5 class=\"wp-block-heading\">Mehr Freizeit<\/h5>\n\n\n\n<p>Nach dem Abendessen gab es ebenfalls viele Angebote, so wie bereits nachmittags. Nur konnte ich an den abendlichen Workshops leider des \u00d6fteren nicht teilnehmen, weil ich in der K\u00fcche beim Abwasch helfen musste.<\/p>\n\n\n\n<h5 class=\"wp-block-heading\">Gegen 21:00 Gute Nacht<\/h5>\n\n\n\n<p>Die Gute Nacht ist Teil von Don Boscos P\u00e4dagogik. Die Idee dahinter ist es, den Jugendlichen am Abend einen guten Gedanken mit zu geben, damit sie zur Ruhe kommen und mit guten Gedanken zu Bett gehen k\u00f6nnen. Auch beim Good Night wurde auf Eigeninitiative gesetzt, sodass wir Freiwilligen die Gelegenheit hatten, eine Gute Nacht mit eigenen Denkanst\u00f6\u00dfen und Inputs verschiedenster Art auszugestalten. Zu den Good Nights machten wir es uns in der Kapelle der Jugendherberge gem\u00fctlich. Vielleicht zu gem\u00fctlich, denn nicht wenige schliefen ein.<\/p>\n\n\n\n<h5 class=\"wp-block-heading\">Gem\u00fctliches Beisammensein bei Speis und Trank vielerlei Art<\/h5>\n\n\n\n<p>Danach trudelten wir Volos und der ein oder andere Salesianer im Gemeinschaftsraum im Keller ein, einige kurz nach dem Good Night, andere eine Weile sp\u00e4ter, nachdem sie in der Kapelle wieder aufgewacht waren. Die Abende zogen sich nicht selten bis in die fr\u00fchen Morgenstunden. Es wurde gequatscht, gespielt, zu Gitarrenmusik gesungen, nach Herzenslust alles geschlemmt, was so im K\u00fchlschrank zu finden war, wobei auch kulinarisch h\u00f6chst fragw\u00fcrdige Kombinationen zu Stande kamen, und nat\u00fcrlich musste auch der Durst gel\u00f6scht werden. Zwei K\u00e4sten Bier pro Abend reichten nicht immer. Ich lernte das Spiel \u201eSecret Hitler\u201c und lehrte das Gitarrenspiel, solange, bis ich \u201eMeine Oma f\u00e4hrt im H\u00fchnerstall Motorrad\u201c nicht mehr h\u00f6ren konnte. Letztendlich habe ich vom Gitarrenspiel Schulterschmerzen und meine bisher st\u00e4rkste Hornhaut an den Fingerkuppen davongetragen. Bei Annika und mir hat sich zudem die Tradition etabliert, vor dem zu Bett gehen noch einige Runden im Klosterinnenhof zu drehen. Das funktioniert n\u00fcchtern allerdings besser.<\/p>\n\n\n\n<h5 class=\"wp-block-heading\">Schlafen irgendwann ab 01:00\/02:00\/03:00\/04:00\/05:00<\/h5>\n\n\n\n<p>Die Runde d\u00fcnnte sich mit der Zeit aus, bis wir uns am n\u00e4chsten Morgen in mehr oder weniger alter Frische wieder sahen. An dieser Stelle noch eine kleine Beobachtung zum Schluss: Eine Sonnenbrille ist nicht die unauff\u00e4lligste Methode um Augenringe zu verstecken ; )<\/p>","protected":false},"excerpt":{"rendered":"<p>Es wurde gequatscht, gespielt, zu Gitarrenmusik gesungen, nach Herzenslust alles geschlemmt, was so im K\u00fchlschrank zu finden war, wobei auch kulinarisch h\u00f6chst fragw\u00fcrdige Kombinationen zu Stande kamen, und nat\u00fcrlich musste auch der Durst gel\u00f6scht werden.<\/p>\n","protected":false},"author":21691,"featured_media":0,"comment_status":"open","ping_status":"open","sticky":false,"template":"","format":"standard","meta":{"footnotes":""},"categories":[17],"tags":[4,2,16,12,13,11,10,14,15],"class_list":["post-42","post","type-post","status-publish","format-standard","hentry","category-akademie","tag-akademie","tag-don-bosco","tag-good-night","tag-menschenrechte","tag-paedagogik","tag-sdgs","tag-seminare","tag-weltwoche","tag-workshops"],"yoast_head":"<!-- This site is optimized with the Yoast SEO plugin v25.3.1 - https:\/\/yoast.com\/wordpress\/plugins\/seo\/ -->\n<title>Die Don Bosco Volunteers Akademie - Schedule - Mahatma Ausreise, Mahatma keine!<\/title>\n<meta name=\"description\" content=\"Eine Jugendherberge, 25 Don Bosco Volunteers, drei Wochen voller entwicklungspolitischer Inhalte und drei (+1) Mahlzeiten am Tag. Was braucht es mehr?\" \/>\n<meta name=\"robots\" content=\"index, follow, max-snippet:-1, max-image-preview:large, max-video-preview:-1\" \/>\n<link rel=\"canonical\" href=\"https:\/\/blogs.donboscovolunteers.de\/mahatmaausreisemahatmakeine\/2020\/10\/28\/die-don-bosco-volunteers-akademie-schedule\/\" \/>\n<meta property=\"og:locale\" content=\"de_DE\" \/>\n<meta property=\"og:type\" content=\"article\" \/>\n<meta property=\"og:title\" content=\"Die Don Bosco Volunteers Akademie - Schedule - Mahatma Ausreise, Mahatma keine!\" \/>\n<meta property=\"og:description\" content=\"Eine Jugendherberge, 25 Don Bosco Volunteers, drei Wochen voller entwicklungspolitischer Inhalte und drei (+1) Mahlzeiten am Tag. Was braucht es mehr?\" \/>\n<meta property=\"og:url\" content=\"https:\/\/blogs.donboscovolunteers.de\/mahatmaausreisemahatmakeine\/2020\/10\/28\/die-don-bosco-volunteers-akademie-schedule\/\" \/>\n<meta property=\"og:site_name\" content=\"Mahatma Ausreise, Mahatma keine!\" \/>\n<meta property=\"article:published_time\" content=\"2020-10-28T13:03:12+00:00\" \/>\n<meta property=\"article:modified_time\" content=\"2020-11-02T16:46:34+00:00\" \/>\n<meta name=\"author\" content=\"Elisabeth Gl\u00e4ser\" \/>\n<meta name=\"twitter:card\" content=\"summary_large_image\" \/>\n<meta name=\"twitter:label1\" content=\"Verfasst von\" \/>\n\t<meta name=\"twitter:data1\" content=\"Elisabeth Gl\u00e4ser\" \/>\n\t<meta name=\"twitter:label2\" content=\"Gesch\u00e4tzte Lesezeit\" \/>\n\t<meta name=\"twitter:data2\" content=\"6\u00a0Minuten\" \/>\n<script type=\"application\/ld+json\" class=\"yoast-schema-graph\">{\"@context\":\"https:\/\/schema.org\",\"@graph\":[{\"@type\":\"WebPage\",\"@id\":\"https:\/\/blogs.donboscovolunteers.de\/mahatmaausreisemahatmakeine\/2020\/10\/28\/die-don-bosco-volunteers-akademie-schedule\/\",\"url\":\"https:\/\/blogs.donboscovolunteers.de\/mahatmaausreisemahatmakeine\/2020\/10\/28\/die-don-bosco-volunteers-akademie-schedule\/\",\"name\":\"Die Don Bosco Volunteers Akademie - Schedule - Mahatma Ausreise, Mahatma keine!\",\"isPartOf\":{\"@id\":\"https:\/\/blogs.donboscovolunteers.de\/mahatmaausreisemahatmakeine\/#website\"},\"datePublished\":\"2020-10-28T13:03:12+00:00\",\"dateModified\":\"2020-11-02T16:46:34+00:00\",\"author\":{\"@id\":\"https:\/\/blogs.donboscovolunteers.de\/mahatmaausreisemahatmakeine\/#\/schema\/person\/384cf8d5b8317eb0d6f1e8dabb017a49\"},\"description\":\"Eine Jugendherberge, 25 Don Bosco Volunteers, drei Wochen voller entwicklungspolitischer Inhalte und drei (+1) Mahlzeiten am Tag. Was braucht es mehr?\",\"breadcrumb\":{\"@id\":\"https:\/\/blogs.donboscovolunteers.de\/mahatmaausreisemahatmakeine\/2020\/10\/28\/die-don-bosco-volunteers-akademie-schedule\/#breadcrumb\"},\"inLanguage\":\"de\",\"potentialAction\":[{\"@type\":\"ReadAction\",\"target\":[\"https:\/\/blogs.donboscovolunteers.de\/mahatmaausreisemahatmakeine\/2020\/10\/28\/die-don-bosco-volunteers-akademie-schedule\/\"]}]},{\"@type\":\"BreadcrumbList\",\"@id\":\"https:\/\/blogs.donboscovolunteers.de\/mahatmaausreisemahatmakeine\/2020\/10\/28\/die-don-bosco-volunteers-akademie-schedule\/#breadcrumb\",\"itemListElement\":[{\"@type\":\"ListItem\",\"position\":1,\"name\":\"Startseite\",\"item\":\"https:\/\/blogs.donboscovolunteers.de\/mahatmaausreisemahatmakeine\/\"},{\"@type\":\"ListItem\",\"position\":2,\"name\":\"Die Don Bosco Volunteers Akademie &#8211; Schedule\"}]},{\"@type\":\"WebSite\",\"@id\":\"https:\/\/blogs.donboscovolunteers.de\/mahatmaausreisemahatmakeine\/#website\",\"url\":\"https:\/\/blogs.donboscovolunteers.de\/mahatmaausreisemahatmakeine\/\",\"name\":\"Mahatma Ausreise, Mahatma keine!\",\"description\":\"Mein Jahr als Freiwillige in bisher nicht Indien\",\"potentialAction\":[{\"@type\":\"SearchAction\",\"target\":{\"@type\":\"EntryPoint\",\"urlTemplate\":\"https:\/\/blogs.donboscovolunteers.de\/mahatmaausreisemahatmakeine\/?s={search_term_string}\"},\"query-input\":{\"@type\":\"PropertyValueSpecification\",\"valueRequired\":true,\"valueName\":\"search_term_string\"}}],\"inLanguage\":\"de\"},{\"@type\":\"Person\",\"@id\":\"https:\/\/blogs.donboscovolunteers.de\/mahatmaausreisemahatmakeine\/#\/schema\/person\/384cf8d5b8317eb0d6f1e8dabb017a49\",\"name\":\"Elisabeth Gl\u00e4ser\",\"image\":{\"@type\":\"ImageObject\",\"inLanguage\":\"de\",\"@id\":\"https:\/\/blogs.donboscovolunteers.de\/mahatmaausreisemahatmakeine\/#\/schema\/person\/image\/\",\"url\":\"https:\/\/secure.gravatar.com\/avatar\/14022a65250b437acb4935aab0d5e3fb87fd15e5e3734d100df130480676d9d2?s=96&d=mm&r=g\",\"contentUrl\":\"https:\/\/secure.gravatar.com\/avatar\/14022a65250b437acb4935aab0d5e3fb87fd15e5e3734d100df130480676d9d2?s=96&d=mm&r=g\",\"caption\":\"Elisabeth Gl\u00e4ser\"},\"url\":\"https:\/\/blogs.donboscovolunteers.de\/mahatmaausreisemahatmakeine\/author\/elisabethglsr\/\"}]}<\/script>\n<!-- \/ Yoast SEO plugin. -->","yoast_head_json":{"title":"Die Don Bosco Volunteers Akademie - Schedule - Mahatma Ausreise, Mahatma keine!","description":"Eine Jugendherberge, 25 Don Bosco Volunteers, drei Wochen voller entwicklungspolitischer Inhalte und drei (+1) Mahlzeiten am Tag. Was braucht es mehr?","robots":{"index":"index","follow":"follow","max-snippet":"max-snippet:-1","max-image-preview":"max-image-preview:large","max-video-preview":"max-video-preview:-1"},"canonical":"https:\/\/blogs.donboscovolunteers.de\/mahatmaausreisemahatmakeine\/2020\/10\/28\/die-don-bosco-volunteers-akademie-schedule\/","og_locale":"de_DE","og_type":"article","og_title":"Die Don Bosco Volunteers Akademie - Schedule - Mahatma Ausreise, Mahatma keine!","og_description":"Eine Jugendherberge, 25 Don Bosco Volunteers, drei Wochen voller entwicklungspolitischer Inhalte und drei (+1) Mahlzeiten am Tag. Was braucht es mehr?","og_url":"https:\/\/blogs.donboscovolunteers.de\/mahatmaausreisemahatmakeine\/2020\/10\/28\/die-don-bosco-volunteers-akademie-schedule\/","og_site_name":"Mahatma Ausreise, Mahatma keine!","article_published_time":"2020-10-28T13:03:12+00:00","article_modified_time":"2020-11-02T16:46:34+00:00","author":"Elisabeth Gl\u00e4ser","twitter_card":"summary_large_image","twitter_misc":{"Verfasst von":"Elisabeth Gl\u00e4ser","Gesch\u00e4tzte Lesezeit":"6\u00a0Minuten"},"schema":{"@context":"https:\/\/schema.org","@graph":[{"@type":"WebPage","@id":"https:\/\/blogs.donboscovolunteers.de\/mahatmaausreisemahatmakeine\/2020\/10\/28\/die-don-bosco-volunteers-akademie-schedule\/","url":"https:\/\/blogs.donboscovolunteers.de\/mahatmaausreisemahatmakeine\/2020\/10\/28\/die-don-bosco-volunteers-akademie-schedule\/","name":"Die Don Bosco Volunteers Akademie - Schedule - Mahatma Ausreise, Mahatma keine!","isPartOf":{"@id":"https:\/\/blogs.donboscovolunteers.de\/mahatmaausreisemahatmakeine\/#website"},"datePublished":"2020-10-28T13:03:12+00:00","dateModified":"2020-11-02T16:46:34+00:00","author":{"@id":"https:\/\/blogs.donboscovolunteers.de\/mahatmaausreisemahatmakeine\/#\/schema\/person\/384cf8d5b8317eb0d6f1e8dabb017a49"},"description":"Eine Jugendherberge, 25 Don Bosco Volunteers, drei Wochen voller entwicklungspolitischer Inhalte und drei (+1) Mahlzeiten am Tag. Was braucht es mehr?","breadcrumb":{"@id":"https:\/\/blogs.donboscovolunteers.de\/mahatmaausreisemahatmakeine\/2020\/10\/28\/die-don-bosco-volunteers-akademie-schedule\/#breadcrumb"},"inLanguage":"de","potentialAction":[{"@type":"ReadAction","target":["https:\/\/blogs.donboscovolunteers.de\/mahatmaausreisemahatmakeine\/2020\/10\/28\/die-don-bosco-volunteers-akademie-schedule\/"]}]},{"@type":"BreadcrumbList","@id":"https:\/\/blogs.donboscovolunteers.de\/mahatmaausreisemahatmakeine\/2020\/10\/28\/die-don-bosco-volunteers-akademie-schedule\/#breadcrumb","itemListElement":[{"@type":"ListItem","position":1,"name":"Startseite","item":"https:\/\/blogs.donboscovolunteers.de\/mahatmaausreisemahatmakeine\/"},{"@type":"ListItem","position":2,"name":"Die Don Bosco Volunteers Akademie &#8211; Schedule"}]},{"@type":"WebSite","@id":"https:\/\/blogs.donboscovolunteers.de\/mahatmaausreisemahatmakeine\/#website","url":"https:\/\/blogs.donboscovolunteers.de\/mahatmaausreisemahatmakeine\/","name":"Mahatma Ausreise, Mahatma keine!","description":"Mein Jahr als Freiwillige in bisher nicht Indien","potentialAction":[{"@type":"SearchAction","target":{"@type":"EntryPoint","urlTemplate":"https:\/\/blogs.donboscovolunteers.de\/mahatmaausreisemahatmakeine\/?s={search_term_string}"},"query-input":{"@type":"PropertyValueSpecification","valueRequired":true,"valueName":"search_term_string"}}],"inLanguage":"de"},{"@type":"Person","@id":"https:\/\/blogs.donboscovolunteers.de\/mahatmaausreisemahatmakeine\/#\/schema\/person\/384cf8d5b8317eb0d6f1e8dabb017a49","name":"Elisabeth Gl\u00e4ser","image":{"@type":"ImageObject","inLanguage":"de","@id":"https:\/\/blogs.donboscovolunteers.de\/mahatmaausreisemahatmakeine\/#\/schema\/person\/image\/","url":"https:\/\/secure.gravatar.com\/avatar\/14022a65250b437acb4935aab0d5e3fb87fd15e5e3734d100df130480676d9d2?s=96&d=mm&r=g","contentUrl":"https:\/\/secure.gravatar.com\/avatar\/14022a65250b437acb4935aab0d5e3fb87fd15e5e3734d100df130480676d9d2?s=96&d=mm&r=g","caption":"Elisabeth Gl\u00e4ser"},"url":"https:\/\/blogs.donboscovolunteers.de\/mahatmaausreisemahatmakeine\/author\/elisabethglsr\/"}]}},"_links":{"self":[{"href":"https:\/\/blogs.donboscovolunteers.de\/mahatmaausreisemahatmakeine\/wp-json\/wp\/v2\/posts\/42","targetHints":{"allow":["GET"]}}],"collection":[{"href":"https:\/\/blogs.donboscovolunteers.de\/mahatmaausreisemahatmakeine\/wp-json\/wp\/v2\/posts"}],"about":[{"href":"https:\/\/blogs.donboscovolunteers.de\/mahatmaausreisemahatmakeine\/wp-json\/wp\/v2\/types\/post"}],"author":[{"embeddable":true,"href":"https:\/\/blogs.donboscovolunteers.de\/mahatmaausreisemahatmakeine\/wp-json\/wp\/v2\/users\/21691"}],"replies":[{"embeddable":true,"href":"https:\/\/blogs.donboscovolunteers.de\/mahatmaausreisemahatmakeine\/wp-json\/wp\/v2\/comments?post=42"}],"version-history":[{"count":6,"href":"https:\/\/blogs.donboscovolunteers.de\/mahatmaausreisemahatmakeine\/wp-json\/wp\/v2\/posts\/42\/revisions"}],"predecessor-version":[{"id":54,"href":"https:\/\/blogs.donboscovolunteers.de\/mahatmaausreisemahatmakeine\/wp-json\/wp\/v2\/posts\/42\/revisions\/54"}],"wp:attachment":[{"href":"https:\/\/blogs.donboscovolunteers.de\/mahatmaausreisemahatmakeine\/wp-json\/wp\/v2\/media?parent=42"}],"wp:term":[{"taxonomy":"category","embeddable":true,"href":"https:\/\/blogs.donboscovolunteers.de\/mahatmaausreisemahatmakeine\/wp-json\/wp\/v2\/categories?post=42"},{"taxonomy":"post_tag","embeddable":true,"href":"https:\/\/blogs.donboscovolunteers.de\/mahatmaausreisemahatmakeine\/wp-json\/wp\/v2\/tags?post=42"}],"curies":[{"name":"wp","href":"https:\/\/api.w.org\/{rel}","templated":true}]}}