{"id":145,"date":"2021-10-25T01:49:45","date_gmt":"2021-10-24T23:49:45","guid":{"rendered":"https:\/\/blogs.donboscovolunteers.de\/mahatmaausreisemahatmakeine\/?p=145"},"modified":"2021-10-25T01:49:49","modified_gmt":"2021-10-24T23:49:49","slug":"from-new-year-to-freiburg-my-journey","status":"publish","type":"post","link":"https:\/\/blogs.donboscovolunteers.de\/mahatmaausreisemahatmakeine\/2021\/10\/25\/from-new-year-to-freiburg-my-journey\/","title":{"rendered":"From New Year to Freiburg &#8211; My journey"},"content":{"rendered":"<pre class=\"wp-block-preformatted\">Liebe Leserinnen und Leser, nach zehn Monaten der Funkstille melde ich mich nun endlich auf meinem Blog zur\u00fcck. Trotz der langen Pause schlie\u00dft dieser Beitrag aber nahezu nahtlos an das an, was ich im Advent letzten Jahres im Rahmen meines Adventskalenders mit Euch geteilt habe. Der Eine oder die Andere wird sich vielleicht erinnern, in einem T\u00fcrchen habe ich \u00fcber Neujahrsvors\u00e4tze geschrieben. Ich habe Euch gesagt, ich wolle den Dezember dazu nutzen, mir einen Neujahrsvorsatz f\u00fcr mein 2021 auszudenken. Damals habe ich mich f\u00fcr folgenden Vorsatz entschieden: \"Im Jahr 2021 m\u00f6chte ich meinen Traum finden.\" Die Erf\u00fcllung dieses Vorhabens war eine lange Reise, die mich das Jahr \u00fcber begleitet hat. Heute, gut zwei Monate vor Jahresende, kann ich Euch nun endlich mitteilen, dass ich die Suche nach meinem Traum erfolgreich abschlie\u00dfen konnte. Das Ergebnis, zu dem ich gekommen bin, stelle ich Euch in diesem Beitrag vor, der zur Abwechslung mal auf Englisch verfasst ist. Am Sonntag vor dem Semesterbeginn griff ich im Eifer des Gefechts zur Englischen Sprache, um meine Gedanken zu ordnen und meine Motivation zu Beginn des Studiums zu dokumentieren. Ich freue mich, Euch an meiner Reise - die mich schlussendlich nach Freiburg gef\u00fchrt hat - teilhaben zu lassen und w\u00fcnsche Euch ganz viel Spa\u00df beim Lesen!<\/pre>\n\n\n\n<p>Do you believe in dreams?<\/p>\n\n\n\n<p>You might wonder: \u201cThose dreams while you sleep?\u201d whereas I think of having a dream for your life like a goal you are aiming for.<\/p>\n\n\n\n<p>In Germany, it is common to set a certain personal goal for the new year. At the end of 2020 I was trying to figure out my goal for 2021. I had finished school in 2020 and graduating had somewhat been my goal for the past twelve years. After having achieved that goal I wanted to set myself a new one.<\/p>\n\n\n\n<p>I have never been one of those people who had concrete career plans since their childhood. When I worked as a volunteer I met a lot of children who did have dreams such as becoming a police officer or being a child care worker. I felt some kind of jealousy when I heard them talking about their dreams because I lacked any idea what to make out of the life that was given to me. Sometimes I even felt like living was a burden. After having passed my A-levels I was frequently asked about my future plans, be it career wise or otherwise. For a long time I could not answer these questions, assuming I would have to find out first what my dream is. Therefore I kept on searching for my dream. Not actively but rather eagerly waiting for my dream to find me. I was waiting for months, if not years!<\/p>\n\n\n\n<p>But still I did not seem to have the right idea until one day I had a conversation with my dear friend Olivia. Back then I understood that a dream does not centre on practicability above all.While exchanging thoughts with Olivia I noticed that since I only have this one life I should pursue whatever appears to be my dream and seek for my way to put it into action. Furthermore I realised one second thing: Maybe I had already discovered my dream. What if I had only been too chicken-hearted as to recognise that dream, waiting for a more realistic career plan instead? That day I decided a dream should be pursued, no matter how likely you might make it happen. Do you want to know what my dream is?<\/p>\n\n\n\n<p>How do you sift out that certain idea that becomes your passion? Doubtless, every person will answer this question in a different way. I can only tell you what I felt. I suppose you are well informed about the German reunification. Whenever I watched a documentary about the peaceful revolution, the fall of the Berlin wall and the reunification I got goosebumps all over my body. This proves how overwhelming the involvement with the most precious moments in Germany\u2019s recent history felt for me. Is this feeling strong enough to indicate my dream? Well, I am not convinced of that but what I know for sure is that nothing else has ever made me feel the same way. How can something that happened 31 years ago be my dream?<\/p>\n\n\n\n<p>While discovering K-Pop, the Korean language and culture I became greatly interested in the history of division which links Korea and Germany. It is a pain that both our countries and peoples share. RM of BTS also talked about this during their concert in Berlin. I want to share his words with you. He said:<\/p>\n\n\n\n<blockquote class=\"wp-block-quote is-layout-flow wp-block-quote-is-layout-flow\"><p>\u201cAs you may know I live in Korea. You guys live in Germany, right? You know, to me\u2026 Like I said we live in two different countries. It\u2019s like eleven\/twelve hours flight away. But\u2026 You know what? We share the same pain and it\u2019s called division. So we live in two divided countries which is, your country not now, but our Korea still is. In a place in Seoul there is a piece of the Berlin wall displayed near a river called Cheonggyecheon. And I\u2019ve been there [\u2026] to see it and I couldn\u2019t help but thinking about you guys. So, you know, we might look different, we might speak different, we might eat different, we might live different but\u2026 We share the same heart. We\u2019re not just some random people who just met by coincidence. I feel like we met here in Germany [\u2026] by destiny. Someday I wish that our piece of Berlin wall in Korea can be displayed in the city of Berlin. Someday.\u201d<\/p><\/blockquote>\n\n\n\n<p>Listening to his words encouraged me to give it a try, to pursue my dream. There are two more initiatives that have inspired me a lot:<\/p>\n\n\n\n<p>First of all, I learned about Daniel Lindemann who is a German living in Korea. He inspired me as he gave a lecture on reunification at a Korean university. He talked about the German reunification and correlated it with the Korean division. As he said he tries to give hope for a reunification of Korea and to encourage Koreans to learn from the German reunification, in a positive and also in a negative sense.<\/p>\n\n\n\n<p>Second of all, I was inspired by the German Friedrich-Ebert-Foundation. In 2019 they hosted a photo exhibition in Seoul about the peaceful revolution and the German Unity in order to mark the 30<sup>th<\/sup> anniversary of the Berlin wall\u2019s fall.<\/p>\n\n\n\n<p>I wish I can engage myself in the topic of division and reunification in a German-Korean context. Be it in Korea or in Germany. Whether I will succeed or not, I decided to pursue my dream: For now, by studying modern and recent history and political sciences. And I am looking forward to whatever is in store for me!<\/p>","protected":false},"excerpt":{"rendered":"<p>Heute, gut zwei Monate vor Jahresende, kann ich Euch nun endlich mitteilen, dass ich die Suche nach meinem Traum erfolgreich abschlie\u00dfen konnte.<\/p>\n","protected":false},"author":21691,"featured_media":0,"comment_status":"open","ping_status":"open","sticky":false,"template":"","format":"standard","meta":{"footnotes":""},"categories":[32],"tags":[33,39,40,35,42,41,36,34,37],"class_list":["post-145","post","type-post","status-publish","format-standard","hentry","category-volunteer","tag-dream","tag-geschichte","tag-journey","tag-korea","tag-neujahrsvorsatz","tag-reise","tag-teilung","tag-traum","tag-wiedervereinigung"],"yoast_head":"<!-- This site is optimized with the Yoast SEO plugin v25.3.1 - https:\/\/yoast.com\/wordpress\/plugins\/seo\/ -->\n<title>From New Year to Freiburg - My journey - Mahatma Ausreise, Mahatma keine!<\/title>\n<meta name=\"description\" content=\"Do you believe in dreams? Well, I have never been one of those people who had concrete career plans since their childhood.\" \/>\n<meta name=\"robots\" content=\"index, follow, max-snippet:-1, max-image-preview:large, max-video-preview:-1\" \/>\n<link rel=\"canonical\" href=\"https:\/\/blogs.donboscovolunteers.de\/mahatmaausreisemahatmakeine\/2021\/10\/25\/from-new-year-to-freiburg-my-journey\/\" \/>\n<meta property=\"og:locale\" content=\"de_DE\" \/>\n<meta property=\"og:type\" content=\"article\" \/>\n<meta property=\"og:title\" content=\"From New Year to Freiburg - My journey - Mahatma Ausreise, Mahatma keine!\" \/>\n<meta property=\"og:description\" content=\"Do you believe in dreams? Well, I have never been one of those people who had concrete career plans since their childhood.\" \/>\n<meta property=\"og:url\" content=\"https:\/\/blogs.donboscovolunteers.de\/mahatmaausreisemahatmakeine\/2021\/10\/25\/from-new-year-to-freiburg-my-journey\/\" \/>\n<meta property=\"og:site_name\" content=\"Mahatma Ausreise, Mahatma keine!\" \/>\n<meta property=\"article:published_time\" content=\"2021-10-24T23:49:45+00:00\" \/>\n<meta property=\"article:modified_time\" content=\"2021-10-24T23:49:49+00:00\" \/>\n<meta name=\"author\" content=\"Elisabeth Gl\u00e4ser\" \/>\n<meta name=\"twitter:card\" content=\"summary_large_image\" \/>\n<meta name=\"twitter:label1\" content=\"Verfasst von\" \/>\n\t<meta name=\"twitter:data1\" content=\"Elisabeth Gl\u00e4ser\" \/>\n\t<meta name=\"twitter:label2\" content=\"Gesch\u00e4tzte Lesezeit\" \/>\n\t<meta name=\"twitter:data2\" content=\"5\u00a0Minuten\" \/>\n<script type=\"application\/ld+json\" class=\"yoast-schema-graph\">{\"@context\":\"https:\/\/schema.org\",\"@graph\":[{\"@type\":\"WebPage\",\"@id\":\"https:\/\/blogs.donboscovolunteers.de\/mahatmaausreisemahatmakeine\/2021\/10\/25\/from-new-year-to-freiburg-my-journey\/\",\"url\":\"https:\/\/blogs.donboscovolunteers.de\/mahatmaausreisemahatmakeine\/2021\/10\/25\/from-new-year-to-freiburg-my-journey\/\",\"name\":\"From New Year to Freiburg - My journey - Mahatma Ausreise, Mahatma keine!\",\"isPartOf\":{\"@id\":\"https:\/\/blogs.donboscovolunteers.de\/mahatmaausreisemahatmakeine\/#website\"},\"datePublished\":\"2021-10-24T23:49:45+00:00\",\"dateModified\":\"2021-10-24T23:49:49+00:00\",\"author\":{\"@id\":\"https:\/\/blogs.donboscovolunteers.de\/mahatmaausreisemahatmakeine\/#\/schema\/person\/384cf8d5b8317eb0d6f1e8dabb017a49\"},\"description\":\"Do you believe in dreams? Well, I have never been one of those people who had concrete career plans since their childhood.\",\"breadcrumb\":{\"@id\":\"https:\/\/blogs.donboscovolunteers.de\/mahatmaausreisemahatmakeine\/2021\/10\/25\/from-new-year-to-freiburg-my-journey\/#breadcrumb\"},\"inLanguage\":\"de\",\"potentialAction\":[{\"@type\":\"ReadAction\",\"target\":[\"https:\/\/blogs.donboscovolunteers.de\/mahatmaausreisemahatmakeine\/2021\/10\/25\/from-new-year-to-freiburg-my-journey\/\"]}]},{\"@type\":\"BreadcrumbList\",\"@id\":\"https:\/\/blogs.donboscovolunteers.de\/mahatmaausreisemahatmakeine\/2021\/10\/25\/from-new-year-to-freiburg-my-journey\/#breadcrumb\",\"itemListElement\":[{\"@type\":\"ListItem\",\"position\":1,\"name\":\"Startseite\",\"item\":\"https:\/\/blogs.donboscovolunteers.de\/mahatmaausreisemahatmakeine\/\"},{\"@type\":\"ListItem\",\"position\":2,\"name\":\"From New Year to Freiburg &#8211; My journey\"}]},{\"@type\":\"WebSite\",\"@id\":\"https:\/\/blogs.donboscovolunteers.de\/mahatmaausreisemahatmakeine\/#website\",\"url\":\"https:\/\/blogs.donboscovolunteers.de\/mahatmaausreisemahatmakeine\/\",\"name\":\"Mahatma Ausreise, Mahatma keine!\",\"description\":\"Mein Jahr als Freiwillige in bisher nicht Indien\",\"potentialAction\":[{\"@type\":\"SearchAction\",\"target\":{\"@type\":\"EntryPoint\",\"urlTemplate\":\"https:\/\/blogs.donboscovolunteers.de\/mahatmaausreisemahatmakeine\/?s={search_term_string}\"},\"query-input\":{\"@type\":\"PropertyValueSpecification\",\"valueRequired\":true,\"valueName\":\"search_term_string\"}}],\"inLanguage\":\"de\"},{\"@type\":\"Person\",\"@id\":\"https:\/\/blogs.donboscovolunteers.de\/mahatmaausreisemahatmakeine\/#\/schema\/person\/384cf8d5b8317eb0d6f1e8dabb017a49\",\"name\":\"Elisabeth Gl\u00e4ser\",\"image\":{\"@type\":\"ImageObject\",\"inLanguage\":\"de\",\"@id\":\"https:\/\/blogs.donboscovolunteers.de\/mahatmaausreisemahatmakeine\/#\/schema\/person\/image\/\",\"url\":\"https:\/\/secure.gravatar.com\/avatar\/14022a65250b437acb4935aab0d5e3fb87fd15e5e3734d100df130480676d9d2?s=96&d=mm&r=g\",\"contentUrl\":\"https:\/\/secure.gravatar.com\/avatar\/14022a65250b437acb4935aab0d5e3fb87fd15e5e3734d100df130480676d9d2?s=96&d=mm&r=g\",\"caption\":\"Elisabeth Gl\u00e4ser\"},\"url\":\"https:\/\/blogs.donboscovolunteers.de\/mahatmaausreisemahatmakeine\/author\/elisabethglsr\/\"}]}<\/script>\n<!-- \/ Yoast SEO plugin. -->","yoast_head_json":{"title":"From New Year to Freiburg - My journey - Mahatma Ausreise, Mahatma keine!","description":"Do you believe in dreams? Well, I have never been one of those people who had concrete career plans since their childhood.","robots":{"index":"index","follow":"follow","max-snippet":"max-snippet:-1","max-image-preview":"max-image-preview:large","max-video-preview":"max-video-preview:-1"},"canonical":"https:\/\/blogs.donboscovolunteers.de\/mahatmaausreisemahatmakeine\/2021\/10\/25\/from-new-year-to-freiburg-my-journey\/","og_locale":"de_DE","og_type":"article","og_title":"From New Year to Freiburg - My journey - Mahatma Ausreise, Mahatma keine!","og_description":"Do you believe in dreams? Well, I have never been one of those people who had concrete career plans since their childhood.","og_url":"https:\/\/blogs.donboscovolunteers.de\/mahatmaausreisemahatmakeine\/2021\/10\/25\/from-new-year-to-freiburg-my-journey\/","og_site_name":"Mahatma Ausreise, Mahatma keine!","article_published_time":"2021-10-24T23:49:45+00:00","article_modified_time":"2021-10-24T23:49:49+00:00","author":"Elisabeth Gl\u00e4ser","twitter_card":"summary_large_image","twitter_misc":{"Verfasst von":"Elisabeth Gl\u00e4ser","Gesch\u00e4tzte Lesezeit":"5\u00a0Minuten"},"schema":{"@context":"https:\/\/schema.org","@graph":[{"@type":"WebPage","@id":"https:\/\/blogs.donboscovolunteers.de\/mahatmaausreisemahatmakeine\/2021\/10\/25\/from-new-year-to-freiburg-my-journey\/","url":"https:\/\/blogs.donboscovolunteers.de\/mahatmaausreisemahatmakeine\/2021\/10\/25\/from-new-year-to-freiburg-my-journey\/","name":"From New Year to Freiburg - My journey - Mahatma Ausreise, Mahatma keine!","isPartOf":{"@id":"https:\/\/blogs.donboscovolunteers.de\/mahatmaausreisemahatmakeine\/#website"},"datePublished":"2021-10-24T23:49:45+00:00","dateModified":"2021-10-24T23:49:49+00:00","author":{"@id":"https:\/\/blogs.donboscovolunteers.de\/mahatmaausreisemahatmakeine\/#\/schema\/person\/384cf8d5b8317eb0d6f1e8dabb017a49"},"description":"Do you believe in dreams? Well, I have never been one of those people who had concrete career plans since their childhood.","breadcrumb":{"@id":"https:\/\/blogs.donboscovolunteers.de\/mahatmaausreisemahatmakeine\/2021\/10\/25\/from-new-year-to-freiburg-my-journey\/#breadcrumb"},"inLanguage":"de","potentialAction":[{"@type":"ReadAction","target":["https:\/\/blogs.donboscovolunteers.de\/mahatmaausreisemahatmakeine\/2021\/10\/25\/from-new-year-to-freiburg-my-journey\/"]}]},{"@type":"BreadcrumbList","@id":"https:\/\/blogs.donboscovolunteers.de\/mahatmaausreisemahatmakeine\/2021\/10\/25\/from-new-year-to-freiburg-my-journey\/#breadcrumb","itemListElement":[{"@type":"ListItem","position":1,"name":"Startseite","item":"https:\/\/blogs.donboscovolunteers.de\/mahatmaausreisemahatmakeine\/"},{"@type":"ListItem","position":2,"name":"From New Year to Freiburg &#8211; My journey"}]},{"@type":"WebSite","@id":"https:\/\/blogs.donboscovolunteers.de\/mahatmaausreisemahatmakeine\/#website","url":"https:\/\/blogs.donboscovolunteers.de\/mahatmaausreisemahatmakeine\/","name":"Mahatma Ausreise, Mahatma keine!","description":"Mein Jahr als Freiwillige in bisher nicht Indien","potentialAction":[{"@type":"SearchAction","target":{"@type":"EntryPoint","urlTemplate":"https:\/\/blogs.donboscovolunteers.de\/mahatmaausreisemahatmakeine\/?s={search_term_string}"},"query-input":{"@type":"PropertyValueSpecification","valueRequired":true,"valueName":"search_term_string"}}],"inLanguage":"de"},{"@type":"Person","@id":"https:\/\/blogs.donboscovolunteers.de\/mahatmaausreisemahatmakeine\/#\/schema\/person\/384cf8d5b8317eb0d6f1e8dabb017a49","name":"Elisabeth Gl\u00e4ser","image":{"@type":"ImageObject","inLanguage":"de","@id":"https:\/\/blogs.donboscovolunteers.de\/mahatmaausreisemahatmakeine\/#\/schema\/person\/image\/","url":"https:\/\/secure.gravatar.com\/avatar\/14022a65250b437acb4935aab0d5e3fb87fd15e5e3734d100df130480676d9d2?s=96&d=mm&r=g","contentUrl":"https:\/\/secure.gravatar.com\/avatar\/14022a65250b437acb4935aab0d5e3fb87fd15e5e3734d100df130480676d9d2?s=96&d=mm&r=g","caption":"Elisabeth Gl\u00e4ser"},"url":"https:\/\/blogs.donboscovolunteers.de\/mahatmaausreisemahatmakeine\/author\/elisabethglsr\/"}]}},"_links":{"self":[{"href":"https:\/\/blogs.donboscovolunteers.de\/mahatmaausreisemahatmakeine\/wp-json\/wp\/v2\/posts\/145","targetHints":{"allow":["GET"]}}],"collection":[{"href":"https:\/\/blogs.donboscovolunteers.de\/mahatmaausreisemahatmakeine\/wp-json\/wp\/v2\/posts"}],"about":[{"href":"https:\/\/blogs.donboscovolunteers.de\/mahatmaausreisemahatmakeine\/wp-json\/wp\/v2\/types\/post"}],"author":[{"embeddable":true,"href":"https:\/\/blogs.donboscovolunteers.de\/mahatmaausreisemahatmakeine\/wp-json\/wp\/v2\/users\/21691"}],"replies":[{"embeddable":true,"href":"https:\/\/blogs.donboscovolunteers.de\/mahatmaausreisemahatmakeine\/wp-json\/wp\/v2\/comments?post=145"}],"version-history":[{"count":3,"href":"https:\/\/blogs.donboscovolunteers.de\/mahatmaausreisemahatmakeine\/wp-json\/wp\/v2\/posts\/145\/revisions"}],"predecessor-version":[{"id":148,"href":"https:\/\/blogs.donboscovolunteers.de\/mahatmaausreisemahatmakeine\/wp-json\/wp\/v2\/posts\/145\/revisions\/148"}],"wp:attachment":[{"href":"https:\/\/blogs.donboscovolunteers.de\/mahatmaausreisemahatmakeine\/wp-json\/wp\/v2\/media?parent=145"}],"wp:term":[{"taxonomy":"category","embeddable":true,"href":"https:\/\/blogs.donboscovolunteers.de\/mahatmaausreisemahatmakeine\/wp-json\/wp\/v2\/categories?post=145"},{"taxonomy":"post_tag","embeddable":true,"href":"https:\/\/blogs.donboscovolunteers.de\/mahatmaausreisemahatmakeine\/wp-json\/wp\/v2\/tags?post=145"}],"curies":[{"name":"wp","href":"https:\/\/api.w.org\/{rel}","templated":true}]}}