{"id":210,"date":"2023-12-09T22:17:00","date_gmt":"2023-12-09T21:17:00","guid":{"rendered":"https:\/\/blogs.donboscovolunteers.de\/lukasinmontenegro\/?p=210"},"modified":"2023-12-09T23:02:04","modified_gmt":"2023-12-09T22:02:04","slug":"inzwischen-selber-durch-den-strassenverkehr-der-ohne-regeln-scheint","status":"publish","type":"post","link":"https:\/\/blogs.donboscovolunteers.de\/lukasinmontenegro\/2023\/12\/09\/inzwischen-selber-durch-den-strassenverkehr-der-ohne-regeln-scheint\/","title":{"rendered":"Inzwischen selber durch den Stra\u00dfenverkehr, der ohne Regeln scheint"},"content":{"rendered":"<p>Jetzt bin ich schon \u00fcber einen Monat hier und da sich mein Alltag nat\u00fcrlich immer wiederholt, w\u00fcrde ich den Schreibstil der Blogs etwas \u00e4ndern und nicht mehr jeden einzelnen Tag beschreiben. Um Aber meinen Alltag nochmal auf den neusten Stand zu bringen, hier eine kurze Zusammenfassung:<\/p>\n\n\n\n<h3 class=\"wp-block-heading\">Mein Alltag<\/h3>\n\n\n\n<p>Montag bis Donnerstag ist je einmal Training, am Freitag zweimal. Da ich inzwischen auch Auto fahren darf, ist meine Aufgabe, die Kinder immer vor dem Training zu Hause abzuholen und danach wieder nach Hause zu bringen. W\u00e4hrend dem Training assistiere ich dem Trainer, so gut ich es kann, und wie es die Kommunikation hergibt. Samstags sind meistens zwei Spiele, wo es mir aber freigestellt ist, ob ich komme.<\/p>\n\n\n\n<p>Was inzwischen auch Teil des Alltags geworden ist, ist der Deutsch-Unterricht. Mehrmals die Woche (je nachdem wie wir von den Lehrern gebraucht werden) sind Sarah und ich beim Deutsch-Unterricht dabei und f\u00fchren zusammen mit den Lehrern den Unterricht. Der Schwerpunkt f\u00fcr uns ist, m\u00f6glichst viel mit den Sch\u00fclern zu reden und sie auch zum frei Sprechen zu ermutigen. Der Montenegrinisch-Unterricht hat inzwischen geendet.<\/p>\n\n\n\n<p>Das sind die Termine, die jede Woche gleich sind, dazu kommen noch Aufgaben, von denen wir meistens selber erst kurz vorher erfahren.<\/p>\n\n\n\n<h3 class=\"wp-block-heading\">Zwei Tagesausfl\u00fcge und was sonst so passiert ist<\/h3>\n\n\n\n<p>Um alles was sonst noch passiert ist irgendwie strukturiert wieder zu geben, geh ich am besten chronologisch vor.<\/p>\n\n\n\n<p>Am Sonntag den 26.11. hat uns eine der Deutschlehrerinnen der Don Bosko Schule mitgenommen zu einer Wanderung. Auch mit dabei war eine andere Deutschlehrerin, die auch zwei Deutsche mitgebracht hat, die beide an der Uni unterrichten. Ausgangspunkt der Wanderung Be\u010di\u0107i, wo wir mit dem Bus hingefahren sind. Von dort aus sind wir dann erstmal entlang der Schneegrenze gelaufen. Danach sind wir bis zum Strand abgestiegen. Ich k\u00f6nnte hier jetzt noch schreiben wie sch\u00f6n die Aussicht war, aber ich glaub die Bilder sprechen f\u00fcr sich.<\/p>\n\n\n\n<figure class=\"wp-block-gallery has-nested-images columns-default is-cropped wp-block-gallery-1 is-layout-flex wp-block-gallery-is-layout-flex\">\n<figure class=\"wp-block-image size-large\"><img loading=\"lazy\" decoding=\"async\" width=\"768\" height=\"1024\" data-id=\"195\" src=\"https:\/\/blogs.donboscovolunteers.de\/lukasinmontenegro\/wp-content\/uploads\/sites\/21672\/2023\/12\/IMG_4630-768x1024.jpeg\" alt=\"\" class=\"wp-image-195\" srcset=\"https:\/\/blogs.donboscovolunteers.de\/lukasinmontenegro\/wp-content\/uploads\/sites\/21672\/2023\/12\/IMG_4630-768x1024.jpeg 768w, https:\/\/blogs.donboscovolunteers.de\/lukasinmontenegro\/wp-content\/uploads\/sites\/21672\/2023\/12\/IMG_4630-225x300.jpeg 225w, https:\/\/blogs.donboscovolunteers.de\/lukasinmontenegro\/wp-content\/uploads\/sites\/21672\/2023\/12\/IMG_4630.jpeg 960w\" sizes=\"auto, (max-width: 768px) 100vw, 768px\" \/><figcaption class=\"wp-element-caption\">Ausblick aus dem Bus<\/figcaption><\/figure>\n\n\n\n<figure class=\"wp-block-image size-large\"><img loading=\"lazy\" decoding=\"async\" width=\"768\" height=\"1024\" data-id=\"211\" src=\"https:\/\/blogs.donboscovolunteers.de\/lukasinmontenegro\/wp-content\/uploads\/sites\/21672\/2023\/12\/IMG_4646-768x1024.jpg\" alt=\"\" class=\"wp-image-211\" srcset=\"https:\/\/blogs.donboscovolunteers.de\/lukasinmontenegro\/wp-content\/uploads\/sites\/21672\/2023\/12\/IMG_4646-768x1024.jpg 768w, https:\/\/blogs.donboscovolunteers.de\/lukasinmontenegro\/wp-content\/uploads\/sites\/21672\/2023\/12\/IMG_4646-225x300.jpg 225w, https:\/\/blogs.donboscovolunteers.de\/lukasinmontenegro\/wp-content\/uploads\/sites\/21672\/2023\/12\/IMG_4646.jpg 960w\" sizes=\"auto, (max-width: 768px) 100vw, 768px\" \/><\/figure>\n\n\n\n<figure class=\"wp-block-image size-large\"><img loading=\"lazy\" decoding=\"async\" width=\"1024\" height=\"768\" data-id=\"198\" src=\"https:\/\/blogs.donboscovolunteers.de\/lukasinmontenegro\/wp-content\/uploads\/sites\/21672\/2023\/12\/IMG_4658-1024x768.jpeg\" alt=\"\" class=\"wp-image-198\" srcset=\"https:\/\/blogs.donboscovolunteers.de\/lukasinmontenegro\/wp-content\/uploads\/sites\/21672\/2023\/12\/IMG_4658-1024x768.jpeg 1024w, https:\/\/blogs.donboscovolunteers.de\/lukasinmontenegro\/wp-content\/uploads\/sites\/21672\/2023\/12\/IMG_4658-300x225.jpeg 300w, https:\/\/blogs.donboscovolunteers.de\/lukasinmontenegro\/wp-content\/uploads\/sites\/21672\/2023\/12\/IMG_4658-768x576.jpeg 768w, https:\/\/blogs.donboscovolunteers.de\/lukasinmontenegro\/wp-content\/uploads\/sites\/21672\/2023\/12\/IMG_4658-1200x900.jpeg 1200w, https:\/\/blogs.donboscovolunteers.de\/lukasinmontenegro\/wp-content\/uploads\/sites\/21672\/2023\/12\/IMG_4658.jpeg 1280w\" sizes=\"auto, (max-width: 1024px) 100vw, 1024px\" \/><\/figure>\n\n\n\n<figure class=\"wp-block-image size-large\"><img loading=\"lazy\" decoding=\"async\" width=\"1024\" height=\"768\" data-id=\"194\" src=\"https:\/\/blogs.donboscovolunteers.de\/lukasinmontenegro\/wp-content\/uploads\/sites\/21672\/2023\/12\/8576AB64-E2D0-4307-86F9-6473EAD72737-1024x768.jpg\" alt=\"\" class=\"wp-image-194\" srcset=\"https:\/\/blogs.donboscovolunteers.de\/lukasinmontenegro\/wp-content\/uploads\/sites\/21672\/2023\/12\/8576AB64-E2D0-4307-86F9-6473EAD72737-1024x768.jpg 1024w, https:\/\/blogs.donboscovolunteers.de\/lukasinmontenegro\/wp-content\/uploads\/sites\/21672\/2023\/12\/8576AB64-E2D0-4307-86F9-6473EAD72737-300x225.jpg 300w, https:\/\/blogs.donboscovolunteers.de\/lukasinmontenegro\/wp-content\/uploads\/sites\/21672\/2023\/12\/8576AB64-E2D0-4307-86F9-6473EAD72737-768x576.jpg 768w, https:\/\/blogs.donboscovolunteers.de\/lukasinmontenegro\/wp-content\/uploads\/sites\/21672\/2023\/12\/8576AB64-E2D0-4307-86F9-6473EAD72737.jpg 1080w\" sizes=\"auto, (max-width: 1024px) 100vw, 1024px\" \/><figcaption class=\"wp-element-caption\">unsere deutsche Wandergruppe<\/figcaption><\/figure>\n<\/figure>\n\n\n\n<p>Ein etwas unsch\u00f6ner Tag war f\u00fcr mich der 30.11. Als ich mit dem etwas \u00e4lteren Bus unterwegs war, um die Kinder f\u00fcrs Training abzuholen, hat ein Kind die Schiebet\u00fcr nicht richtig geschlossen. Darum ist sie, weil sie schon vorbesch\u00e4digt war, beim Anfahren so schnell aufgegangen, dass sie komplett vom Auto gefallen ist. Gl\u00fccklicherweise ist niemandes etwas passiert und durch die Hilfe eines Vaters sind trotzdem alle beim Training angekommen. Der Schreck bei mir sa\u00df tief, aber mir haben die Mitarbeiter im Projekt dankenswerterweise gut zugeredet, sodass ich am n\u00e4chsten Tag schon dr\u00fcber lachen konnte. Der Bus ist inzwischen schon in der Reparatur.<\/p>\n\n\n\n<figure class=\"wp-block-gallery has-nested-images columns-default is-cropped wp-block-gallery-2 is-layout-flex wp-block-gallery-is-layout-flex\">\n<figure class=\"wp-block-image size-large\"><img loading=\"lazy\" decoding=\"async\" width=\"768\" height=\"1024\" data-id=\"199\" src=\"https:\/\/blogs.donboscovolunteers.de\/lukasinmontenegro\/wp-content\/uploads\/sites\/21672\/2023\/12\/IMG_4677-768x1024.jpeg\" alt=\"\" class=\"wp-image-199\" srcset=\"https:\/\/blogs.donboscovolunteers.de\/lukasinmontenegro\/wp-content\/uploads\/sites\/21672\/2023\/12\/IMG_4677-768x1024.jpeg 768w, https:\/\/blogs.donboscovolunteers.de\/lukasinmontenegro\/wp-content\/uploads\/sites\/21672\/2023\/12\/IMG_4677-225x300.jpeg 225w, https:\/\/blogs.donboscovolunteers.de\/lukasinmontenegro\/wp-content\/uploads\/sites\/21672\/2023\/12\/IMG_4677.jpeg 960w\" sizes=\"auto, (max-width: 768px) 100vw, 768px\" \/><\/figure>\n\n\n\n<figure class=\"wp-block-image size-large\"><img loading=\"lazy\" decoding=\"async\" width=\"768\" height=\"1024\" data-id=\"200\" src=\"https:\/\/blogs.donboscovolunteers.de\/lukasinmontenegro\/wp-content\/uploads\/sites\/21672\/2023\/12\/IMG_4678-768x1024.jpeg\" alt=\"\" class=\"wp-image-200\" srcset=\"https:\/\/blogs.donboscovolunteers.de\/lukasinmontenegro\/wp-content\/uploads\/sites\/21672\/2023\/12\/IMG_4678-768x1024.jpeg 768w, https:\/\/blogs.donboscovolunteers.de\/lukasinmontenegro\/wp-content\/uploads\/sites\/21672\/2023\/12\/IMG_4678-225x300.jpeg 225w, https:\/\/blogs.donboscovolunteers.de\/lukasinmontenegro\/wp-content\/uploads\/sites\/21672\/2023\/12\/IMG_4678.jpeg 960w\" sizes=\"auto, (max-width: 768px) 100vw, 768px\" \/><\/figure>\n<\/figure>\n\n\n\n<p>Am 3. Dezember sind Sarah und ich in die Stadt Bar gefahren. Dort haben schon zwei Bekannte von Sarah gewartet, die gerade eine Montenegro Reise machen. Zusammen haben wir die Altstadt \u201cStari Bar\u201d erkundet und traditionell gegessen.<\/p>\n\n\n\n<figure class=\"wp-block-gallery has-nested-images columns-default is-cropped wp-block-gallery-3 is-layout-flex wp-block-gallery-is-layout-flex\">\n<figure class=\"wp-block-image size-large\"><img loading=\"lazy\" decoding=\"async\" width=\"1024\" height=\"768\" data-id=\"201\" src=\"https:\/\/blogs.donboscovolunteers.de\/lukasinmontenegro\/wp-content\/uploads\/sites\/21672\/2023\/12\/IMG_4701-1024x768.jpeg\" alt=\"\" class=\"wp-image-201\" srcset=\"https:\/\/blogs.donboscovolunteers.de\/lukasinmontenegro\/wp-content\/uploads\/sites\/21672\/2023\/12\/IMG_4701-1024x768.jpeg 1024w, https:\/\/blogs.donboscovolunteers.de\/lukasinmontenegro\/wp-content\/uploads\/sites\/21672\/2023\/12\/IMG_4701-300x225.jpeg 300w, https:\/\/blogs.donboscovolunteers.de\/lukasinmontenegro\/wp-content\/uploads\/sites\/21672\/2023\/12\/IMG_4701-768x576.jpeg 768w, https:\/\/blogs.donboscovolunteers.de\/lukasinmontenegro\/wp-content\/uploads\/sites\/21672\/2023\/12\/IMG_4701-1200x900.jpeg 1200w, https:\/\/blogs.donboscovolunteers.de\/lukasinmontenegro\/wp-content\/uploads\/sites\/21672\/2023\/12\/IMG_4701.jpeg 1280w\" sizes=\"auto, (max-width: 1024px) 100vw, 1024px\" \/><\/figure>\n\n\n\n<figure class=\"wp-block-image size-large\"><img loading=\"lazy\" decoding=\"async\" width=\"1024\" height=\"768\" data-id=\"202\" src=\"https:\/\/blogs.donboscovolunteers.de\/lukasinmontenegro\/wp-content\/uploads\/sites\/21672\/2023\/12\/IMG_4703-1024x768.jpeg\" alt=\"\" class=\"wp-image-202\" srcset=\"https:\/\/blogs.donboscovolunteers.de\/lukasinmontenegro\/wp-content\/uploads\/sites\/21672\/2023\/12\/IMG_4703-1024x768.jpeg 1024w, https:\/\/blogs.donboscovolunteers.de\/lukasinmontenegro\/wp-content\/uploads\/sites\/21672\/2023\/12\/IMG_4703-300x225.jpeg 300w, https:\/\/blogs.donboscovolunteers.de\/lukasinmontenegro\/wp-content\/uploads\/sites\/21672\/2023\/12\/IMG_4703-768x576.jpeg 768w, https:\/\/blogs.donboscovolunteers.de\/lukasinmontenegro\/wp-content\/uploads\/sites\/21672\/2023\/12\/IMG_4703-1200x900.jpeg 1200w, https:\/\/blogs.donboscovolunteers.de\/lukasinmontenegro\/wp-content\/uploads\/sites\/21672\/2023\/12\/IMG_4703.jpeg 1280w\" sizes=\"auto, (max-width: 1024px) 100vw, 1024px\" \/><\/figure>\n\n\n\n<figure class=\"wp-block-image size-large\"><img loading=\"lazy\" decoding=\"async\" width=\"1024\" height=\"768\" data-id=\"203\" src=\"https:\/\/blogs.donboscovolunteers.de\/lukasinmontenegro\/wp-content\/uploads\/sites\/21672\/2023\/12\/IMG_4708-1024x768.jpeg\" alt=\"\" class=\"wp-image-203\" srcset=\"https:\/\/blogs.donboscovolunteers.de\/lukasinmontenegro\/wp-content\/uploads\/sites\/21672\/2023\/12\/IMG_4708-1024x768.jpeg 1024w, https:\/\/blogs.donboscovolunteers.de\/lukasinmontenegro\/wp-content\/uploads\/sites\/21672\/2023\/12\/IMG_4708-300x225.jpeg 300w, https:\/\/blogs.donboscovolunteers.de\/lukasinmontenegro\/wp-content\/uploads\/sites\/21672\/2023\/12\/IMG_4708-768x576.jpeg 768w, https:\/\/blogs.donboscovolunteers.de\/lukasinmontenegro\/wp-content\/uploads\/sites\/21672\/2023\/12\/IMG_4708-1200x900.jpeg 1200w, https:\/\/blogs.donboscovolunteers.de\/lukasinmontenegro\/wp-content\/uploads\/sites\/21672\/2023\/12\/IMG_4708.jpeg 1280w\" sizes=\"auto, (max-width: 1024px) 100vw, 1024px\" \/><\/figure>\n\n\n\n<figure class=\"wp-block-image size-large\"><img loading=\"lazy\" decoding=\"async\" width=\"1024\" height=\"768\" data-id=\"206\" src=\"https:\/\/blogs.donboscovolunteers.de\/lukasinmontenegro\/wp-content\/uploads\/sites\/21672\/2023\/12\/IMG_4711-1024x768.jpeg\" alt=\"\" class=\"wp-image-206\" srcset=\"https:\/\/blogs.donboscovolunteers.de\/lukasinmontenegro\/wp-content\/uploads\/sites\/21672\/2023\/12\/IMG_4711-1024x768.jpeg 1024w, https:\/\/blogs.donboscovolunteers.de\/lukasinmontenegro\/wp-content\/uploads\/sites\/21672\/2023\/12\/IMG_4711-300x225.jpeg 300w, https:\/\/blogs.donboscovolunteers.de\/lukasinmontenegro\/wp-content\/uploads\/sites\/21672\/2023\/12\/IMG_4711-768x576.jpeg 768w, https:\/\/blogs.donboscovolunteers.de\/lukasinmontenegro\/wp-content\/uploads\/sites\/21672\/2023\/12\/IMG_4711-1200x900.jpeg 1200w, https:\/\/blogs.donboscovolunteers.de\/lukasinmontenegro\/wp-content\/uploads\/sites\/21672\/2023\/12\/IMG_4711.jpeg 1280w\" sizes=\"auto, (max-width: 1024px) 100vw, 1024px\" \/><\/figure>\n\n\n\n<figure class=\"wp-block-image size-large\"><img loading=\"lazy\" decoding=\"async\" width=\"1024\" height=\"768\" data-id=\"205\" src=\"https:\/\/blogs.donboscovolunteers.de\/lukasinmontenegro\/wp-content\/uploads\/sites\/21672\/2023\/12\/IMG_4710-1024x768.jpeg\" alt=\"\" class=\"wp-image-205\" srcset=\"https:\/\/blogs.donboscovolunteers.de\/lukasinmontenegro\/wp-content\/uploads\/sites\/21672\/2023\/12\/IMG_4710-1024x768.jpeg 1024w, https:\/\/blogs.donboscovolunteers.de\/lukasinmontenegro\/wp-content\/uploads\/sites\/21672\/2023\/12\/IMG_4710-300x225.jpeg 300w, https:\/\/blogs.donboscovolunteers.de\/lukasinmontenegro\/wp-content\/uploads\/sites\/21672\/2023\/12\/IMG_4710-768x576.jpeg 768w, https:\/\/blogs.donboscovolunteers.de\/lukasinmontenegro\/wp-content\/uploads\/sites\/21672\/2023\/12\/IMG_4710-1200x900.jpeg 1200w, https:\/\/blogs.donboscovolunteers.de\/lukasinmontenegro\/wp-content\/uploads\/sites\/21672\/2023\/12\/IMG_4710.jpeg 1280w\" sizes=\"auto, (max-width: 1024px) 100vw, 1024px\" \/><\/figure>\n<\/figure>\n\n\n\n<p>Wer nat\u00fcrlich auch hier in Podgorica nicht fehlen durfte, ist der Hl. Nikolaus, hier Sveti Nikola genannt. Schon am Montag den 4. Dezember wurden knapp 200 Geschenkpakete gepackt, die dann am Mittwoch den 6. Dezember an die Kinder verteilt wurden. Zuerst war noch Messe, wo ich Gitarre spielen durfte und danach kam, eingeleitet durch ein kleinen Sketch, der Nikolaus. Es war echt sch\u00f6n so viele Kinder in der Kirche zu sehen, die danach gl\u00fccklich mit einem P\u00e4ckchen gef\u00fcllt mit S\u00fc\u00dfigkeiten nach Hause gegangen sind.<\/p>\n\n\n\n<figure class=\"wp-block-gallery has-nested-images columns-default is-cropped wp-block-gallery-4 is-layout-flex wp-block-gallery-is-layout-flex\">\n<figure class=\"wp-block-image size-large\"><img loading=\"lazy\" decoding=\"async\" width=\"1024\" height=\"768\" data-id=\"208\" src=\"https:\/\/blogs.donboscovolunteers.de\/lukasinmontenegro\/wp-content\/uploads\/sites\/21672\/2023\/12\/IMG_4720-1024x768.jpeg\" alt=\"\" class=\"wp-image-208\" srcset=\"https:\/\/blogs.donboscovolunteers.de\/lukasinmontenegro\/wp-content\/uploads\/sites\/21672\/2023\/12\/IMG_4720-1024x768.jpeg 1024w, https:\/\/blogs.donboscovolunteers.de\/lukasinmontenegro\/wp-content\/uploads\/sites\/21672\/2023\/12\/IMG_4720-300x225.jpeg 300w, https:\/\/blogs.donboscovolunteers.de\/lukasinmontenegro\/wp-content\/uploads\/sites\/21672\/2023\/12\/IMG_4720-768x576.jpeg 768w, https:\/\/blogs.donboscovolunteers.de\/lukasinmontenegro\/wp-content\/uploads\/sites\/21672\/2023\/12\/IMG_4720-1200x900.jpeg 1200w, https:\/\/blogs.donboscovolunteers.de\/lukasinmontenegro\/wp-content\/uploads\/sites\/21672\/2023\/12\/IMG_4720.jpeg 1280w\" sizes=\"auto, (max-width: 1024px) 100vw, 1024px\" \/><\/figure>\n\n\n\n<figure class=\"wp-block-image size-large\"><img loading=\"lazy\" decoding=\"async\" width=\"1024\" height=\"768\" data-id=\"207\" src=\"https:\/\/blogs.donboscovolunteers.de\/lukasinmontenegro\/wp-content\/uploads\/sites\/21672\/2023\/12\/IMG_4712-1024x768.jpeg\" alt=\"\" class=\"wp-image-207\" srcset=\"https:\/\/blogs.donboscovolunteers.de\/lukasinmontenegro\/wp-content\/uploads\/sites\/21672\/2023\/12\/IMG_4712-1024x768.jpeg 1024w, https:\/\/blogs.donboscovolunteers.de\/lukasinmontenegro\/wp-content\/uploads\/sites\/21672\/2023\/12\/IMG_4712-300x225.jpeg 300w, https:\/\/blogs.donboscovolunteers.de\/lukasinmontenegro\/wp-content\/uploads\/sites\/21672\/2023\/12\/IMG_4712-768x576.jpeg 768w, https:\/\/blogs.donboscovolunteers.de\/lukasinmontenegro\/wp-content\/uploads\/sites\/21672\/2023\/12\/IMG_4712-1200x900.jpeg 1200w, https:\/\/blogs.donboscovolunteers.de\/lukasinmontenegro\/wp-content\/uploads\/sites\/21672\/2023\/12\/IMG_4712.jpeg 1280w\" sizes=\"auto, (max-width: 1024px) 100vw, 1024px\" \/><figcaption class=\"wp-element-caption\">Ausblick \u00fcber die Stadt bei Nacht<\/figcaption><\/figure>\n<\/figure>\n\n\n\n<p>Soviel zu diesem Blogbeitrag. Ich w\u00fcnsche euch einen sch\u00f6nen Advent!<\/p>\n\n\n\n<div class=\"wp-block-columns is-layout-flex wp-container-core-columns-is-layout-9d6595d7 wp-block-columns-is-layout-flex\">\n<div class=\"wp-block-column is-layout-flow wp-block-column-is-layout-flow\">\n<p>\ud83d\udd17<em><a href=\"https:\/\/blogs.donboscovolunteers.de\/lukasinmontenegro\/\">Startseite<\/a> <\/em><\/p>\n<\/div>\n\n\n\n<div class=\"wp-block-column is-layout-flow wp-block-column-is-layout-flow\">\n<p>\ud83d\udd17<a href=\"https:\/\/blogs.donboscovolunteers.de\/lukasinmontenegro\/spenden\/\"><em>Spenden<\/em><\/a><\/p>\n<\/div>\n<\/div>","protected":false},"excerpt":{"rendered":"<p>Jetzt bin ich schon \u00fcber einen Monat hier und da sich mein Alltag nat\u00fcrlich immer wiederholt, w\u00fcrde ich den Schreibstil der Blogs etwas \u00e4ndern und nicht mehr jeden einzelnen Tag beschreiben. Um Aber meinen Alltag nochmal auf den neusten Stand zu bringen, hier eine kurze Zusammenfassung: Mein Alltag Montag bis Donnerstag ist je einmal Training, [&hellip;]<\/p>\n","protected":false},"author":21770,"featured_media":204,"comment_status":"open","ping_status":"open","sticky":false,"template":"","format":"standard","meta":{"footnotes":""},"categories":[1],"tags":[24,6,18,31,3,9,8,4,5,29,17,16,30,7],"class_list":["post-210","post","type-post","status-publish","format-standard","has-post-thumbnail","hentry","category-allgemein","tag-benediktbeuern","tag-fussball","tag-fussballverein","tag-hl-nikolaus","tag-lukas","tag-lukas-in-montenegro","tag-lukas-warsberg","tag-montenegro","tag-podgorica","tag-stari-bar","tag-trainer","tag-training","tag-wanderung","tag-warsberg"],"yoast_head":"<!-- This site is optimized with the Yoast SEO plugin v25.3.1 - https:\/\/yoast.com\/wordpress\/plugins\/seo\/ -->\n<title>Inzwischen selber durch den Stra\u00dfenverkehr, der ohne Regeln scheint - Lukas bei den Fu\u00dfballern in Podgorica<\/title>\n<meta name=\"description\" content=\"Ich m\u00f6chte euch einmal auf den neusten Stand in meinem Alltag bringen und \u00fcber Tagesausfl\u00fcge und andere besondere Situationen erz\u00e4hlen.\" \/>\n<meta name=\"robots\" content=\"index, follow, max-snippet:-1, max-image-preview:large, max-video-preview:-1\" \/>\n<link rel=\"canonical\" href=\"https:\/\/blogs.donboscovolunteers.de\/lukasinmontenegro\/2023\/12\/09\/inzwischen-selber-durch-den-strassenverkehr-der-ohne-regeln-scheint\/\" \/>\n<meta property=\"og:locale\" content=\"de_DE\" \/>\n<meta property=\"og:type\" content=\"article\" \/>\n<meta property=\"og:title\" content=\"Inzwischen selber durch den Stra\u00dfenverkehr, der ohne Regeln scheint - Lukas bei den Fu\u00dfballern in Podgorica\" \/>\n<meta property=\"og:description\" content=\"Ich m\u00f6chte euch einmal auf den neusten Stand in meinem Alltag bringen und \u00fcber Tagesausfl\u00fcge und andere besondere Situationen erz\u00e4hlen.\" \/>\n<meta property=\"og:url\" content=\"https:\/\/blogs.donboscovolunteers.de\/lukasinmontenegro\/2023\/12\/09\/inzwischen-selber-durch-den-strassenverkehr-der-ohne-regeln-scheint\/\" \/>\n<meta property=\"og:site_name\" content=\"Lukas bei den Fu\u00dfballern in Podgorica\" \/>\n<meta property=\"article:published_time\" content=\"2023-12-09T21:17:00+00:00\" \/>\n<meta property=\"article:modified_time\" content=\"2023-12-09T22:02:04+00:00\" \/>\n<meta property=\"og:image\" content=\"https:\/\/blogs.donboscovolunteers.de\/lukasinmontenegro\/wp-content\/uploads\/sites\/21672\/2023\/12\/IMG_4709.jpeg\" \/>\n\t<meta property=\"og:image:width\" content=\"1280\" \/>\n\t<meta property=\"og:image:height\" content=\"960\" \/>\n\t<meta property=\"og:image:type\" content=\"image\/jpeg\" \/>\n<meta name=\"author\" content=\"Lukas Warsberg\" \/>\n<meta name=\"twitter:card\" content=\"summary_large_image\" \/>\n<meta name=\"twitter:label1\" content=\"Verfasst von\" \/>\n\t<meta name=\"twitter:data1\" content=\"Lukas Warsberg\" \/>\n\t<meta name=\"twitter:label2\" content=\"Gesch\u00e4tzte Lesezeit\" \/>\n\t<meta name=\"twitter:data2\" content=\"6\u00a0Minuten\" \/>\n<script type=\"application\/ld+json\" class=\"yoast-schema-graph\">{\"@context\":\"https:\/\/schema.org\",\"@graph\":[{\"@type\":\"WebPage\",\"@id\":\"https:\/\/blogs.donboscovolunteers.de\/lukasinmontenegro\/2023\/12\/09\/inzwischen-selber-durch-den-strassenverkehr-der-ohne-regeln-scheint\/\",\"url\":\"https:\/\/blogs.donboscovolunteers.de\/lukasinmontenegro\/2023\/12\/09\/inzwischen-selber-durch-den-strassenverkehr-der-ohne-regeln-scheint\/\",\"name\":\"Inzwischen selber durch den Stra\u00dfenverkehr, der ohne Regeln scheint - Lukas bei den Fu\u00dfballern in Podgorica\",\"isPartOf\":{\"@id\":\"https:\/\/blogs.donboscovolunteers.de\/lukasinmontenegro\/#website\"},\"primaryImageOfPage\":{\"@id\":\"https:\/\/blogs.donboscovolunteers.de\/lukasinmontenegro\/2023\/12\/09\/inzwischen-selber-durch-den-strassenverkehr-der-ohne-regeln-scheint\/#primaryimage\"},\"image\":{\"@id\":\"https:\/\/blogs.donboscovolunteers.de\/lukasinmontenegro\/2023\/12\/09\/inzwischen-selber-durch-den-strassenverkehr-der-ohne-regeln-scheint\/#primaryimage\"},\"thumbnailUrl\":\"https:\/\/blogs.donboscovolunteers.de\/lukasinmontenegro\/wp-content\/uploads\/sites\/21672\/2023\/12\/IMG_4709.jpeg\",\"datePublished\":\"2023-12-09T21:17:00+00:00\",\"dateModified\":\"2023-12-09T22:02:04+00:00\",\"author\":{\"@id\":\"https:\/\/blogs.donboscovolunteers.de\/lukasinmontenegro\/#\/schema\/person\/baa7a1c3f61eb7edbb8d3a29e98e48c8\"},\"description\":\"Ich m\u00f6chte euch einmal auf den neusten Stand in meinem Alltag bringen und \u00fcber Tagesausfl\u00fcge und andere besondere Situationen erz\u00e4hlen.\",\"breadcrumb\":{\"@id\":\"https:\/\/blogs.donboscovolunteers.de\/lukasinmontenegro\/2023\/12\/09\/inzwischen-selber-durch-den-strassenverkehr-der-ohne-regeln-scheint\/#breadcrumb\"},\"inLanguage\":\"de\",\"potentialAction\":[{\"@type\":\"ReadAction\",\"target\":[\"https:\/\/blogs.donboscovolunteers.de\/lukasinmontenegro\/2023\/12\/09\/inzwischen-selber-durch-den-strassenverkehr-der-ohne-regeln-scheint\/\"]}]},{\"@type\":\"ImageObject\",\"inLanguage\":\"de\",\"@id\":\"https:\/\/blogs.donboscovolunteers.de\/lukasinmontenegro\/2023\/12\/09\/inzwischen-selber-durch-den-strassenverkehr-der-ohne-regeln-scheint\/#primaryimage\",\"url\":\"https:\/\/blogs.donboscovolunteers.de\/lukasinmontenegro\/wp-content\/uploads\/sites\/21672\/2023\/12\/IMG_4709.jpeg\",\"contentUrl\":\"https:\/\/blogs.donboscovolunteers.de\/lukasinmontenegro\/wp-content\/uploads\/sites\/21672\/2023\/12\/IMG_4709.jpeg\",\"width\":1280,\"height\":960},{\"@type\":\"BreadcrumbList\",\"@id\":\"https:\/\/blogs.donboscovolunteers.de\/lukasinmontenegro\/2023\/12\/09\/inzwischen-selber-durch-den-strassenverkehr-der-ohne-regeln-scheint\/#breadcrumb\",\"itemListElement\":[{\"@type\":\"ListItem\",\"position\":1,\"name\":\"Startseite\",\"item\":\"https:\/\/blogs.donboscovolunteers.de\/lukasinmontenegro\/\"},{\"@type\":\"ListItem\",\"position\":2,\"name\":\"Inzwischen selber durch den Stra\u00dfenverkehr, der ohne Regeln scheint\"}]},{\"@type\":\"WebSite\",\"@id\":\"https:\/\/blogs.donboscovolunteers.de\/lukasinmontenegro\/#website\",\"url\":\"https:\/\/blogs.donboscovolunteers.de\/lukasinmontenegro\/\",\"name\":\"Lukas bei den Fu\u00dfballern in Podgorica\",\"description\":\"Meine Erfahrungen im Freiwilligendienst\",\"potentialAction\":[{\"@type\":\"SearchAction\",\"target\":{\"@type\":\"EntryPoint\",\"urlTemplate\":\"https:\/\/blogs.donboscovolunteers.de\/lukasinmontenegro\/?s={search_term_string}\"},\"query-input\":{\"@type\":\"PropertyValueSpecification\",\"valueRequired\":true,\"valueName\":\"search_term_string\"}}],\"inLanguage\":\"de\"},{\"@type\":\"Person\",\"@id\":\"https:\/\/blogs.donboscovolunteers.de\/lukasinmontenegro\/#\/schema\/person\/baa7a1c3f61eb7edbb8d3a29e98e48c8\",\"name\":\"Lukas Warsberg\",\"image\":{\"@type\":\"ImageObject\",\"inLanguage\":\"de\",\"@id\":\"https:\/\/blogs.donboscovolunteers.de\/lukasinmontenegro\/#\/schema\/person\/image\/\",\"url\":\"https:\/\/secure.gravatar.com\/avatar\/1246c8c48b87d31d6b0a2d41f1895f81c74a465bb809062e6cfa2e0bc80e5d77?s=96&d=mm&r=g\",\"contentUrl\":\"https:\/\/secure.gravatar.com\/avatar\/1246c8c48b87d31d6b0a2d41f1895f81c74a465bb809062e6cfa2e0bc80e5d77?s=96&d=mm&r=g\",\"caption\":\"Lukas Warsberg\"},\"url\":\"https:\/\/blogs.donboscovolunteers.de\/lukasinmontenegro\/author\/lukaswrsbrg\/\"}]}<\/script>\n<!-- \/ Yoast SEO plugin. -->","yoast_head_json":{"title":"Inzwischen selber durch den Stra\u00dfenverkehr, der ohne Regeln scheint - Lukas bei den Fu\u00dfballern in Podgorica","description":"Ich m\u00f6chte euch einmal auf den neusten Stand in meinem Alltag bringen und \u00fcber Tagesausfl\u00fcge und andere besondere Situationen erz\u00e4hlen.","robots":{"index":"index","follow":"follow","max-snippet":"max-snippet:-1","max-image-preview":"max-image-preview:large","max-video-preview":"max-video-preview:-1"},"canonical":"https:\/\/blogs.donboscovolunteers.de\/lukasinmontenegro\/2023\/12\/09\/inzwischen-selber-durch-den-strassenverkehr-der-ohne-regeln-scheint\/","og_locale":"de_DE","og_type":"article","og_title":"Inzwischen selber durch den Stra\u00dfenverkehr, der ohne Regeln scheint - Lukas bei den Fu\u00dfballern in Podgorica","og_description":"Ich m\u00f6chte euch einmal auf den neusten Stand in meinem Alltag bringen und \u00fcber Tagesausfl\u00fcge und andere besondere Situationen erz\u00e4hlen.","og_url":"https:\/\/blogs.donboscovolunteers.de\/lukasinmontenegro\/2023\/12\/09\/inzwischen-selber-durch-den-strassenverkehr-der-ohne-regeln-scheint\/","og_site_name":"Lukas bei den Fu\u00dfballern in Podgorica","article_published_time":"2023-12-09T21:17:00+00:00","article_modified_time":"2023-12-09T22:02:04+00:00","og_image":[{"width":1280,"height":960,"url":"https:\/\/blogs.donboscovolunteers.de\/lukasinmontenegro\/wp-content\/uploads\/sites\/21672\/2023\/12\/IMG_4709.jpeg","type":"image\/jpeg"}],"author":"Lukas Warsberg","twitter_card":"summary_large_image","twitter_misc":{"Verfasst von":"Lukas Warsberg","Gesch\u00e4tzte Lesezeit":"6\u00a0Minuten"},"schema":{"@context":"https:\/\/schema.org","@graph":[{"@type":"WebPage","@id":"https:\/\/blogs.donboscovolunteers.de\/lukasinmontenegro\/2023\/12\/09\/inzwischen-selber-durch-den-strassenverkehr-der-ohne-regeln-scheint\/","url":"https:\/\/blogs.donboscovolunteers.de\/lukasinmontenegro\/2023\/12\/09\/inzwischen-selber-durch-den-strassenverkehr-der-ohne-regeln-scheint\/","name":"Inzwischen selber durch den Stra\u00dfenverkehr, der ohne Regeln scheint - Lukas bei den Fu\u00dfballern in Podgorica","isPartOf":{"@id":"https:\/\/blogs.donboscovolunteers.de\/lukasinmontenegro\/#website"},"primaryImageOfPage":{"@id":"https:\/\/blogs.donboscovolunteers.de\/lukasinmontenegro\/2023\/12\/09\/inzwischen-selber-durch-den-strassenverkehr-der-ohne-regeln-scheint\/#primaryimage"},"image":{"@id":"https:\/\/blogs.donboscovolunteers.de\/lukasinmontenegro\/2023\/12\/09\/inzwischen-selber-durch-den-strassenverkehr-der-ohne-regeln-scheint\/#primaryimage"},"thumbnailUrl":"https:\/\/blogs.donboscovolunteers.de\/lukasinmontenegro\/wp-content\/uploads\/sites\/21672\/2023\/12\/IMG_4709.jpeg","datePublished":"2023-12-09T21:17:00+00:00","dateModified":"2023-12-09T22:02:04+00:00","author":{"@id":"https:\/\/blogs.donboscovolunteers.de\/lukasinmontenegro\/#\/schema\/person\/baa7a1c3f61eb7edbb8d3a29e98e48c8"},"description":"Ich m\u00f6chte euch einmal auf den neusten Stand in meinem Alltag bringen und \u00fcber Tagesausfl\u00fcge und andere besondere Situationen erz\u00e4hlen.","breadcrumb":{"@id":"https:\/\/blogs.donboscovolunteers.de\/lukasinmontenegro\/2023\/12\/09\/inzwischen-selber-durch-den-strassenverkehr-der-ohne-regeln-scheint\/#breadcrumb"},"inLanguage":"de","potentialAction":[{"@type":"ReadAction","target":["https:\/\/blogs.donboscovolunteers.de\/lukasinmontenegro\/2023\/12\/09\/inzwischen-selber-durch-den-strassenverkehr-der-ohne-regeln-scheint\/"]}]},{"@type":"ImageObject","inLanguage":"de","@id":"https:\/\/blogs.donboscovolunteers.de\/lukasinmontenegro\/2023\/12\/09\/inzwischen-selber-durch-den-strassenverkehr-der-ohne-regeln-scheint\/#primaryimage","url":"https:\/\/blogs.donboscovolunteers.de\/lukasinmontenegro\/wp-content\/uploads\/sites\/21672\/2023\/12\/IMG_4709.jpeg","contentUrl":"https:\/\/blogs.donboscovolunteers.de\/lukasinmontenegro\/wp-content\/uploads\/sites\/21672\/2023\/12\/IMG_4709.jpeg","width":1280,"height":960},{"@type":"BreadcrumbList","@id":"https:\/\/blogs.donboscovolunteers.de\/lukasinmontenegro\/2023\/12\/09\/inzwischen-selber-durch-den-strassenverkehr-der-ohne-regeln-scheint\/#breadcrumb","itemListElement":[{"@type":"ListItem","position":1,"name":"Startseite","item":"https:\/\/blogs.donboscovolunteers.de\/lukasinmontenegro\/"},{"@type":"ListItem","position":2,"name":"Inzwischen selber durch den Stra\u00dfenverkehr, der ohne Regeln scheint"}]},{"@type":"WebSite","@id":"https:\/\/blogs.donboscovolunteers.de\/lukasinmontenegro\/#website","url":"https:\/\/blogs.donboscovolunteers.de\/lukasinmontenegro\/","name":"Lukas bei den Fu\u00dfballern in Podgorica","description":"Meine Erfahrungen im Freiwilligendienst","potentialAction":[{"@type":"SearchAction","target":{"@type":"EntryPoint","urlTemplate":"https:\/\/blogs.donboscovolunteers.de\/lukasinmontenegro\/?s={search_term_string}"},"query-input":{"@type":"PropertyValueSpecification","valueRequired":true,"valueName":"search_term_string"}}],"inLanguage":"de"},{"@type":"Person","@id":"https:\/\/blogs.donboscovolunteers.de\/lukasinmontenegro\/#\/schema\/person\/baa7a1c3f61eb7edbb8d3a29e98e48c8","name":"Lukas Warsberg","image":{"@type":"ImageObject","inLanguage":"de","@id":"https:\/\/blogs.donboscovolunteers.de\/lukasinmontenegro\/#\/schema\/person\/image\/","url":"https:\/\/secure.gravatar.com\/avatar\/1246c8c48b87d31d6b0a2d41f1895f81c74a465bb809062e6cfa2e0bc80e5d77?s=96&d=mm&r=g","contentUrl":"https:\/\/secure.gravatar.com\/avatar\/1246c8c48b87d31d6b0a2d41f1895f81c74a465bb809062e6cfa2e0bc80e5d77?s=96&d=mm&r=g","caption":"Lukas Warsberg"},"url":"https:\/\/blogs.donboscovolunteers.de\/lukasinmontenegro\/author\/lukaswrsbrg\/"}]}},"_links":{"self":[{"href":"https:\/\/blogs.donboscovolunteers.de\/lukasinmontenegro\/wp-json\/wp\/v2\/posts\/210","targetHints":{"allow":["GET"]}}],"collection":[{"href":"https:\/\/blogs.donboscovolunteers.de\/lukasinmontenegro\/wp-json\/wp\/v2\/posts"}],"about":[{"href":"https:\/\/blogs.donboscovolunteers.de\/lukasinmontenegro\/wp-json\/wp\/v2\/types\/post"}],"author":[{"embeddable":true,"href":"https:\/\/blogs.donboscovolunteers.de\/lukasinmontenegro\/wp-json\/wp\/v2\/users\/21770"}],"replies":[{"embeddable":true,"href":"https:\/\/blogs.donboscovolunteers.de\/lukasinmontenegro\/wp-json\/wp\/v2\/comments?post=210"}],"version-history":[{"count":4,"href":"https:\/\/blogs.donboscovolunteers.de\/lukasinmontenegro\/wp-json\/wp\/v2\/posts\/210\/revisions"}],"predecessor-version":[{"id":216,"href":"https:\/\/blogs.donboscovolunteers.de\/lukasinmontenegro\/wp-json\/wp\/v2\/posts\/210\/revisions\/216"}],"wp:featuredmedia":[{"embeddable":true,"href":"https:\/\/blogs.donboscovolunteers.de\/lukasinmontenegro\/wp-json\/wp\/v2\/media\/204"}],"wp:attachment":[{"href":"https:\/\/blogs.donboscovolunteers.de\/lukasinmontenegro\/wp-json\/wp\/v2\/media?parent=210"}],"wp:term":[{"taxonomy":"category","embeddable":true,"href":"https:\/\/blogs.donboscovolunteers.de\/lukasinmontenegro\/wp-json\/wp\/v2\/categories?post=210"},{"taxonomy":"post_tag","embeddable":true,"href":"https:\/\/blogs.donboscovolunteers.de\/lukasinmontenegro\/wp-json\/wp\/v2\/tags?post=210"}],"curies":[{"name":"wp","href":"https:\/\/api.w.org\/{rel}","templated":true}]}}