{"id":175,"date":"2023-11-19T18:04:13","date_gmt":"2023-11-19T17:04:13","guid":{"rendered":"https:\/\/blogs.donboscovolunteers.de\/lukasinmontenegro\/?p=175"},"modified":"2023-11-19T18:04:14","modified_gmt":"2023-11-19T17:04:14","slug":"es-kehrt-ein-alltag-ein","status":"publish","type":"post","link":"https:\/\/blogs.donboscovolunteers.de\/lukasinmontenegro\/2023\/11\/19\/es-kehrt-ein-alltag-ein\/","title":{"rendered":"Es kehrt ein Alltag ein"},"content":{"rendered":"<p>Jetzt sind schon wieder zwei Wochen vorbei, die wie im Flug vergangen sind, und es gibt einiges zu erz\u00e4hlen!<\/p>\n\n\n\n<p>Meine zweite Woche in Podgorica hat begonnen mit dem w\u00f6chentlichen Teammeeting. Wir sa\u00dfen eigentlich nur dabei und haben, aufgrund der Sprache, nichts verstanden. Danach habe ich dann erfahren, dass ich erstmal nicht mehr beim Shuttle mit den Kindern mitfahren werde, da ich sowieso noch nicht selber fahren darf (dazu gibt es aber sp\u00e4ter neue Infos). Um die \u201cStunden\u201d zu ersetzen, soll ich deswegen in der Woche immer mal wieder woanders mithelfen. So ging es dann auch erstmal los und zwar haben wir zusammen mit Don Janez die Kerne aus Wilden Granat\u00e4pfeln (\u0160ipak) gepult, damit daraus Sirup gemacht werden kann. Fertig wurden wir bis Mittag lange nicht, wodurch f\u00fcr die n\u00e4chsten Tage noch Arbeit \u00fcbrig war. Nachmittags war ich dann wieder beim Training dabei.<\/p>\n\n\n\n<p>Die restliche Woche bestand dann f\u00fcr mich daraus, dass ich immer bei den Trainings war und wenn ich mal kein Training hatte, mich weiter mit den Granat\u00e4pfeln besch\u00e4ftigt habe. Au\u00dferdem bin ich einige Male nachmittags nach dem Training ins Jugendzentrum gegangen, wo ich mit den Kindern Spiele wie Kicker oder Billard gespielt habe.<\/p>\n\n\n\n<p>Dienstag, Donnerstag und Freitag war auch wieder Montenegrinisch Unterricht. Direkt am Dienstag hat unsere Lehrerin uns das typisch montenegrinisches Gericht \u201cPodgori\u010dki popeci\u201d mitgebracht, das wir dann zusammen gegessen haben. Der Unterricht ist sonst f\u00fcr mich eher demotivierend, da mich die Lehrerin so nimmt, als w\u00e4r ich schon von Anfang an mit dabei, obwohl ich erst jetzt eingestiegen bin und mir alle Basics fehlen.<\/p>\n\n\n\n<p>Am Samstag haben wir dann unsere Wohnung mal einer gr\u00fcndlichen Grundreinigung unterzogen und zwischendrin habe ich bei den Fu\u00dfballspielen der beiden Mannschaften zugeschaut. Am Sonntag gab es nach dem Gottesdienst nat\u00fcrlich wieder den obligatorischen Rakija. Abends war ein Treffen mit den \u201cAnimatori\u201d. Das sind die Jugendlichen, die die Aktionen im Jugendcentrum anleiten. Es gab erst Nudeln und danach haben wir alle zusammen einen Horrorfilm angeschaut.<\/p>\n\n\n\n<p>Die n\u00e4chste Woche hat mit zwei Feiertagen begonnen. Dadurch war zwar kein Training aber an beiden Tagen je ein Spiel.<\/p>\n\n\n\n<p>Da ich auf Google Maps entdeckt hatte, dass praktisch vor unserer Wohnung ein au\u00dfer Betrieb genommener Flughafen liegen muss, sind Sarah und ich am Dienstag Nachmittag losgezogen und haben uns das Gel\u00e4nde mal angeschaut. Es ist echt verr\u00fcckt, dass direkt am Stadtrand so ein riesiges Gel\u00e4nde einfach leer steht. Der Blick von der Startbahn aus ist echt beeindruckend und je nachdem in welche Richtung man schaut, sieht es fast so aus als w\u00fcrde man irgendwo in Afrika in einer Steppenlandschaft stehen.<\/p>\n\n\n\n<p>Mittwoch, Donnerstag und Freitag war wieder ganz normal Training und Montenegrinisch Unterricht. Au\u00dferdem habe ich einmal beim Deutschunterricht mitgeholfen, indem ich bei den Sch\u00fclern (Level A2.2) Fehler bei Aussprache und Satzbau korrigiert habe.<\/p>\n\n\n\n<p>Am Freitag Abend hat hier in der Gemeinde ein Taiz\u00e9-Gebet stattgefunden. Es war organisiert von zwei Freiwilligen, davon ein Deutscher, die gerade durch die Balkanstaaten reisen, um Werbung f\u00fcr das Taiz\u00e9 Silvestertreffen zu machen, das dieses Jahr in Ljubljana stattfindet. Ich habe einen Text zum vorlesen bekommen und konnte kr\u00e4ftig mitsingen, da ich von allen Liedern mindestens die Melodie konnte. Danach habe ich mich mit dem Deutschen, Steffen, gut unterhalten und wir haben ausgemacht uns am darauffolgenden Samstag nochmal zu treffen. An dem Abend hat sich auch herausgestellt, dass es versicherungstechnisch doch keine Probleme gibt, dass ich also ab n\u00e4chster Woche doch fahren k\u00f6nnte. Ich hoffe, dass das jetzt endlich klappt!<\/p>\n\n\n\n<p>Am Samstag habe ich Vormittags Marjan (einer der Mitarbeiter, der eigentlich im B\u00fcro arbeitet) geholfen im Garten die Betonierung von einem neuen Weg vorzubereiten. Dazu wurde schon am Vortag eine Holzverschalung aufgebaut, die dann mit Kies gef\u00fcllt wurde. Um 12 Uhr war dann wieder ein Fu\u00dfballspiel der j\u00fcngeren Mannschaft, das das erste mal siegreich ausgegangen ist. Nachmittags habe ich mich dann mit Steffen getroffen. Wir sind bisschen durch die Stadt gelaufen und waren in einem Caf\u00e9, bevor er dann abends weiter nach Belgrad f\u00fcr das n\u00e4chste Taiz\u00e9-Gebet gereist ist.<\/p>\n\n\n\n<p>Am Sonntag waren wir wieder im Gottesdienst. Jetzt nachmittags schreibe ich gerade diesen Blog und heute Abend werden wir wieder zu einem Animatori Treffen gehen.<\/p>\n\n\n\n<p>Soviel erstmal zu den letzten zwei Wochen. Ich hoffe, dass man zusammen mit den Bildern einen Eindruck bekommen kann, was bei mir so abgeht.<\/p>\n\n\n\n<p>Priatno!<\/p>\n\n\n\n<figure class=\"wp-block-gallery has-nested-images columns-default is-cropped wp-block-gallery-1 is-layout-flex wp-block-gallery-is-layout-flex\">\n<figure class=\"wp-block-image size-large\"><img loading=\"lazy\" decoding=\"async\" width=\"576\" height=\"1024\" data-id=\"182\" src=\"https:\/\/blogs.donboscovolunteers.de\/lukasinmontenegro\/wp-content\/uploads\/sites\/21672\/2023\/11\/IMG_4536-576x1024.jpg\" alt=\"\" class=\"wp-image-182\" srcset=\"https:\/\/blogs.donboscovolunteers.de\/lukasinmontenegro\/wp-content\/uploads\/sites\/21672\/2023\/11\/IMG_4536-576x1024.jpg 576w, https:\/\/blogs.donboscovolunteers.de\/lukasinmontenegro\/wp-content\/uploads\/sites\/21672\/2023\/11\/IMG_4536-169x300.jpg 169w, https:\/\/blogs.donboscovolunteers.de\/lukasinmontenegro\/wp-content\/uploads\/sites\/21672\/2023\/11\/IMG_4536.jpg 720w\" sizes=\"auto, (max-width: 576px) 100vw, 576px\" \/><figcaption class=\"wp-element-caption\">Die Granat\u00e4pfel<\/figcaption><\/figure>\n\n\n\n<figure class=\"wp-block-image size-large\"><img loading=\"lazy\" decoding=\"async\" width=\"576\" height=\"1024\" data-id=\"183\" src=\"https:\/\/blogs.donboscovolunteers.de\/lukasinmontenegro\/wp-content\/uploads\/sites\/21672\/2023\/11\/IMG_4539-576x1024.jpeg\" alt=\"\" class=\"wp-image-183\" srcset=\"https:\/\/blogs.donboscovolunteers.de\/lukasinmontenegro\/wp-content\/uploads\/sites\/21672\/2023\/11\/IMG_4539-576x1024.jpeg 576w, https:\/\/blogs.donboscovolunteers.de\/lukasinmontenegro\/wp-content\/uploads\/sites\/21672\/2023\/11\/IMG_4539-169x300.jpeg 169w, https:\/\/blogs.donboscovolunteers.de\/lukasinmontenegro\/wp-content\/uploads\/sites\/21672\/2023\/11\/IMG_4539.jpeg 720w\" sizes=\"auto, (max-width: 576px) 100vw, 576px\" \/><figcaption class=\"wp-element-caption\">Der Ausblick aus meinem Fenster<\/figcaption><\/figure>\n\n\n\n<figure class=\"wp-block-image size-large\"><img loading=\"lazy\" decoding=\"async\" width=\"576\" height=\"1024\" data-id=\"184\" src=\"https:\/\/blogs.donboscovolunteers.de\/lukasinmontenegro\/wp-content\/uploads\/sites\/21672\/2023\/11\/IMG_4555-576x1024.jpg\" alt=\"\" class=\"wp-image-184\" srcset=\"https:\/\/blogs.donboscovolunteers.de\/lukasinmontenegro\/wp-content\/uploads\/sites\/21672\/2023\/11\/IMG_4555-576x1024.jpg 576w, https:\/\/blogs.donboscovolunteers.de\/lukasinmontenegro\/wp-content\/uploads\/sites\/21672\/2023\/11\/IMG_4555-169x300.jpg 169w, https:\/\/blogs.donboscovolunteers.de\/lukasinmontenegro\/wp-content\/uploads\/sites\/21672\/2023\/11\/IMG_4555.jpg 720w\" sizes=\"auto, (max-width: 576px) 100vw, 576px\" \/><figcaption class=\"wp-element-caption\">Der Rakija<\/figcaption><\/figure>\n\n\n\n<figure class=\"wp-block-image size-large\"><img loading=\"lazy\" decoding=\"async\" width=\"768\" height=\"1024\" data-id=\"185\" src=\"https:\/\/blogs.donboscovolunteers.de\/lukasinmontenegro\/wp-content\/uploads\/sites\/21672\/2023\/11\/IMG_4576-768x1024.jpeg\" alt=\"\" class=\"wp-image-185\" srcset=\"https:\/\/blogs.donboscovolunteers.de\/lukasinmontenegro\/wp-content\/uploads\/sites\/21672\/2023\/11\/IMG_4576-768x1024.jpeg 768w, https:\/\/blogs.donboscovolunteers.de\/lukasinmontenegro\/wp-content\/uploads\/sites\/21672\/2023\/11\/IMG_4576-225x300.jpeg 225w, https:\/\/blogs.donboscovolunteers.de\/lukasinmontenegro\/wp-content\/uploads\/sites\/21672\/2023\/11\/IMG_4576.jpeg 960w\" sizes=\"auto, (max-width: 768px) 100vw, 768px\" \/><figcaption class=\"wp-element-caption\">Eingang zum Flughafen<\/figcaption><\/figure>\n\n\n\n<figure class=\"wp-block-image size-large\"><img loading=\"lazy\" decoding=\"async\" width=\"768\" height=\"1024\" data-id=\"186\" src=\"https:\/\/blogs.donboscovolunteers.de\/lukasinmontenegro\/wp-content\/uploads\/sites\/21672\/2023\/11\/IMG_4578-768x1024.jpeg\" alt=\"\" class=\"wp-image-186\" srcset=\"https:\/\/blogs.donboscovolunteers.de\/lukasinmontenegro\/wp-content\/uploads\/sites\/21672\/2023\/11\/IMG_4578-768x1024.jpeg 768w, https:\/\/blogs.donboscovolunteers.de\/lukasinmontenegro\/wp-content\/uploads\/sites\/21672\/2023\/11\/IMG_4578-225x300.jpeg 225w, https:\/\/blogs.donboscovolunteers.de\/lukasinmontenegro\/wp-content\/uploads\/sites\/21672\/2023\/11\/IMG_4578.jpeg 960w\" sizes=\"auto, (max-width: 768px) 100vw, 768px\" \/><figcaption class=\"wp-element-caption\">Das &#8222;Rollfeld&#8220;<\/figcaption><\/figure>\n\n\n\n<figure class=\"wp-block-image size-large\"><img loading=\"lazy\" decoding=\"async\" width=\"768\" height=\"1024\" data-id=\"187\" src=\"https:\/\/blogs.donboscovolunteers.de\/lukasinmontenegro\/wp-content\/uploads\/sites\/21672\/2023\/11\/IMG_4581-768x1024.jpeg\" alt=\"\" class=\"wp-image-187\" srcset=\"https:\/\/blogs.donboscovolunteers.de\/lukasinmontenegro\/wp-content\/uploads\/sites\/21672\/2023\/11\/IMG_4581-768x1024.jpeg 768w, https:\/\/blogs.donboscovolunteers.de\/lukasinmontenegro\/wp-content\/uploads\/sites\/21672\/2023\/11\/IMG_4581-225x300.jpeg 225w, https:\/\/blogs.donboscovolunteers.de\/lukasinmontenegro\/wp-content\/uploads\/sites\/21672\/2023\/11\/IMG_4581.jpeg 960w\" sizes=\"auto, (max-width: 768px) 100vw, 768px\" \/><figcaption class=\"wp-element-caption\">Die Startbahn<\/figcaption><\/figure>\n\n\n\n<figure class=\"wp-block-image size-large\"><img loading=\"lazy\" decoding=\"async\" width=\"768\" height=\"1024\" data-id=\"188\" src=\"https:\/\/blogs.donboscovolunteers.de\/lukasinmontenegro\/wp-content\/uploads\/sites\/21672\/2023\/11\/IMG_4594-768x1024.jpeg\" alt=\"\" class=\"wp-image-188\" srcset=\"https:\/\/blogs.donboscovolunteers.de\/lukasinmontenegro\/wp-content\/uploads\/sites\/21672\/2023\/11\/IMG_4594-768x1024.jpeg 768w, https:\/\/blogs.donboscovolunteers.de\/lukasinmontenegro\/wp-content\/uploads\/sites\/21672\/2023\/11\/IMG_4594-225x300.jpeg 225w, https:\/\/blogs.donboscovolunteers.de\/lukasinmontenegro\/wp-content\/uploads\/sites\/21672\/2023\/11\/IMG_4594.jpeg 960w\" sizes=\"auto, (max-width: 768px) 100vw, 768px\" \/><figcaption class=\"wp-element-caption\">aktive Teilnahme am Training<\/figcaption><\/figure>\n\n\n\n<figure class=\"wp-block-image size-large\"><img loading=\"lazy\" decoding=\"async\" width=\"768\" height=\"1024\" data-id=\"189\" src=\"https:\/\/blogs.donboscovolunteers.de\/lukasinmontenegro\/wp-content\/uploads\/sites\/21672\/2023\/11\/IMG_4599-768x1024.jpeg\" alt=\"\" class=\"wp-image-189\" srcset=\"https:\/\/blogs.donboscovolunteers.de\/lukasinmontenegro\/wp-content\/uploads\/sites\/21672\/2023\/11\/IMG_4599-768x1024.jpeg 768w, https:\/\/blogs.donboscovolunteers.de\/lukasinmontenegro\/wp-content\/uploads\/sites\/21672\/2023\/11\/IMG_4599-225x300.jpeg 225w, https:\/\/blogs.donboscovolunteers.de\/lukasinmontenegro\/wp-content\/uploads\/sites\/21672\/2023\/11\/IMG_4599.jpeg 960w\" sizes=\"auto, (max-width: 768px) 100vw, 768px\" \/><figcaption class=\"wp-element-caption\">Vorbereitung eines neuen Weges<\/figcaption><\/figure>\n\n\n\n<figure class=\"wp-block-image size-large\"><img loading=\"lazy\" decoding=\"async\" width=\"768\" height=\"1024\" data-id=\"190\" src=\"https:\/\/blogs.donboscovolunteers.de\/lukasinmontenegro\/wp-content\/uploads\/sites\/21672\/2023\/11\/IMG_4603-768x1024.jpeg\" alt=\"\" class=\"wp-image-190\" srcset=\"https:\/\/blogs.donboscovolunteers.de\/lukasinmontenegro\/wp-content\/uploads\/sites\/21672\/2023\/11\/IMG_4603-768x1024.jpeg 768w, https:\/\/blogs.donboscovolunteers.de\/lukasinmontenegro\/wp-content\/uploads\/sites\/21672\/2023\/11\/IMG_4603-225x300.jpeg 225w, https:\/\/blogs.donboscovolunteers.de\/lukasinmontenegro\/wp-content\/uploads\/sites\/21672\/2023\/11\/IMG_4603.jpeg 960w\" sizes=\"auto, (max-width: 768px) 100vw, 768px\" \/><figcaption class=\"wp-element-caption\">Bahn\u00fcbergang? \u00fcberall<\/figcaption><\/figure>\n\n\n\n<figure class=\"wp-block-image size-large\"><img loading=\"lazy\" decoding=\"async\" width=\"1024\" height=\"485\" data-id=\"181\" src=\"https:\/\/blogs.donboscovolunteers.de\/lukasinmontenegro\/wp-content\/uploads\/sites\/21672\/2023\/11\/IMG_4520-1024x485.jpg\" alt=\"\" class=\"wp-image-181\" srcset=\"https:\/\/blogs.donboscovolunteers.de\/lukasinmontenegro\/wp-content\/uploads\/sites\/21672\/2023\/11\/IMG_4520-1024x485.jpg 1024w, https:\/\/blogs.donboscovolunteers.de\/lukasinmontenegro\/wp-content\/uploads\/sites\/21672\/2023\/11\/IMG_4520-300x142.jpg 300w, https:\/\/blogs.donboscovolunteers.de\/lukasinmontenegro\/wp-content\/uploads\/sites\/21672\/2023\/11\/IMG_4520-768x364.jpg 768w, https:\/\/blogs.donboscovolunteers.de\/lukasinmontenegro\/wp-content\/uploads\/sites\/21672\/2023\/11\/IMG_4520-1200x568.jpg 1200w, https:\/\/blogs.donboscovolunteers.de\/lukasinmontenegro\/wp-content\/uploads\/sites\/21672\/2023\/11\/IMG_4520.jpg 1280w\" sizes=\"auto, (max-width: 1024px) 100vw, 1024px\" \/><figcaption class=\"wp-element-caption\">Besprechung beim Training<\/figcaption><\/figure>\n<\/figure>\n\n\n\n<div class=\"wp-block-columns is-layout-flex wp-container-core-columns-is-layout-9d6595d7 wp-block-columns-is-layout-flex\">\n<div class=\"wp-block-column is-layout-flow wp-block-column-is-layout-flow\">\n<p>\ud83d\udd17<em><a href=\"https:\/\/blogs.donboscovolunteers.de\/lukasinmontenegro\/\">Startseite<\/a> <\/em><\/p>\n<\/div>\n\n\n\n<div class=\"wp-block-column is-layout-flow wp-block-column-is-layout-flow\">\n<p>\ud83d\udd17<a href=\"https:\/\/blogs.donboscovolunteers.de\/lukasinmontenegro\/spenden\/\"><em>Spenden<\/em><\/a><\/p>\n<\/div>\n<\/div>","protected":false},"excerpt":{"rendered":"<p>Jetzt sind schon wieder zwei Wochen vorbei, die wie im Flug vergangen sind, und es gibt einiges zu erz\u00e4hlen! Meine zweite Woche in Podgorica hat begonnen mit dem w\u00f6chentlichen Teammeeting. Wir sa\u00dfen eigentlich nur dabei und haben, aufgrund der Sprache, nichts verstanden. Danach habe ich dann erfahren, dass ich erstmal nicht mehr beim Shuttle mit [&hellip;]<\/p>\n","protected":false},"author":21770,"featured_media":191,"comment_status":"open","ping_status":"open","sticky":false,"template":"","format":"standard","meta":{"footnotes":""},"categories":[1],"tags":[25,24,27,6,18,28,3,9,8,4,5,26,17,16,7],"class_list":["post-175","post","type-post","status-publish","format-standard","has-post-thumbnail","hentry","category-allgemein","tag-animatori","tag-benediktbeuern","tag-flughafen","tag-fussball","tag-fussballverein","tag-granatapfel","tag-lukas","tag-lukas-in-montenegro","tag-lukas-warsberg","tag-montenegro","tag-podgorica","tag-taize","tag-trainer","tag-training","tag-warsberg"],"yoast_head":"<!-- This site is optimized with the Yoast SEO plugin v25.3.1 - https:\/\/yoast.com\/wordpress\/plugins\/seo\/ -->\n<title>Es kehrt ein Alltag ein - Lukas bei den Fu\u00dfballern in Podgorica<\/title>\n<meta name=\"description\" content=\"Nachdem ich jetzt fast drei Wochen da bin, ist etwas Alltag eingekehrt.\" \/>\n<meta name=\"robots\" content=\"index, follow, max-snippet:-1, max-image-preview:large, max-video-preview:-1\" \/>\n<link rel=\"canonical\" href=\"https:\/\/blogs.donboscovolunteers.de\/lukasinmontenegro\/2023\/11\/19\/es-kehrt-ein-alltag-ein\/\" \/>\n<meta property=\"og:locale\" content=\"de_DE\" \/>\n<meta property=\"og:type\" content=\"article\" \/>\n<meta property=\"og:title\" content=\"Es kehrt ein Alltag ein - Lukas bei den Fu\u00dfballern in Podgorica\" \/>\n<meta property=\"og:description\" content=\"Nachdem ich jetzt fast drei Wochen da bin, ist etwas Alltag eingekehrt.\" \/>\n<meta property=\"og:url\" content=\"https:\/\/blogs.donboscovolunteers.de\/lukasinmontenegro\/2023\/11\/19\/es-kehrt-ein-alltag-ein\/\" \/>\n<meta property=\"og:site_name\" content=\"Lukas bei den Fu\u00dfballern in Podgorica\" \/>\n<meta property=\"article:published_time\" content=\"2023-11-19T17:04:13+00:00\" \/>\n<meta property=\"article:modified_time\" content=\"2023-11-19T17:04:14+00:00\" \/>\n<meta property=\"og:image\" content=\"https:\/\/blogs.donboscovolunteers.de\/lukasinmontenegro\/wp-content\/uploads\/sites\/21672\/2023\/11\/IMG_4540.jpeg\" \/>\n\t<meta property=\"og:image:width\" content=\"1280\" \/>\n\t<meta property=\"og:image:height\" content=\"960\" \/>\n\t<meta property=\"og:image:type\" content=\"image\/jpeg\" \/>\n<meta name=\"author\" content=\"Lukas Warsberg\" \/>\n<meta name=\"twitter:card\" content=\"summary_large_image\" \/>\n<meta name=\"twitter:label1\" content=\"Verfasst von\" \/>\n\t<meta name=\"twitter:data1\" content=\"Lukas Warsberg\" \/>\n\t<meta name=\"twitter:label2\" content=\"Gesch\u00e4tzte Lesezeit\" \/>\n\t<meta name=\"twitter:data2\" content=\"7\u00a0Minuten\" \/>\n<script type=\"application\/ld+json\" class=\"yoast-schema-graph\">{\"@context\":\"https:\/\/schema.org\",\"@graph\":[{\"@type\":\"WebPage\",\"@id\":\"https:\/\/blogs.donboscovolunteers.de\/lukasinmontenegro\/2023\/11\/19\/es-kehrt-ein-alltag-ein\/\",\"url\":\"https:\/\/blogs.donboscovolunteers.de\/lukasinmontenegro\/2023\/11\/19\/es-kehrt-ein-alltag-ein\/\",\"name\":\"Es kehrt ein Alltag ein - Lukas bei den Fu\u00dfballern in Podgorica\",\"isPartOf\":{\"@id\":\"https:\/\/blogs.donboscovolunteers.de\/lukasinmontenegro\/#website\"},\"primaryImageOfPage\":{\"@id\":\"https:\/\/blogs.donboscovolunteers.de\/lukasinmontenegro\/2023\/11\/19\/es-kehrt-ein-alltag-ein\/#primaryimage\"},\"image\":{\"@id\":\"https:\/\/blogs.donboscovolunteers.de\/lukasinmontenegro\/2023\/11\/19\/es-kehrt-ein-alltag-ein\/#primaryimage\"},\"thumbnailUrl\":\"https:\/\/blogs.donboscovolunteers.de\/lukasinmontenegro\/wp-content\/uploads\/sites\/21672\/2023\/11\/IMG_4540.jpeg\",\"datePublished\":\"2023-11-19T17:04:13+00:00\",\"dateModified\":\"2023-11-19T17:04:14+00:00\",\"author\":{\"@id\":\"https:\/\/blogs.donboscovolunteers.de\/lukasinmontenegro\/#\/schema\/person\/baa7a1c3f61eb7edbb8d3a29e98e48c8\"},\"description\":\"Nachdem ich jetzt fast drei Wochen da bin, ist etwas Alltag eingekehrt.\",\"breadcrumb\":{\"@id\":\"https:\/\/blogs.donboscovolunteers.de\/lukasinmontenegro\/2023\/11\/19\/es-kehrt-ein-alltag-ein\/#breadcrumb\"},\"inLanguage\":\"de\",\"potentialAction\":[{\"@type\":\"ReadAction\",\"target\":[\"https:\/\/blogs.donboscovolunteers.de\/lukasinmontenegro\/2023\/11\/19\/es-kehrt-ein-alltag-ein\/\"]}]},{\"@type\":\"ImageObject\",\"inLanguage\":\"de\",\"@id\":\"https:\/\/blogs.donboscovolunteers.de\/lukasinmontenegro\/2023\/11\/19\/es-kehrt-ein-alltag-ein\/#primaryimage\",\"url\":\"https:\/\/blogs.donboscovolunteers.de\/lukasinmontenegro\/wp-content\/uploads\/sites\/21672\/2023\/11\/IMG_4540.jpeg\",\"contentUrl\":\"https:\/\/blogs.donboscovolunteers.de\/lukasinmontenegro\/wp-content\/uploads\/sites\/21672\/2023\/11\/IMG_4540.jpeg\",\"width\":1280,\"height\":960},{\"@type\":\"BreadcrumbList\",\"@id\":\"https:\/\/blogs.donboscovolunteers.de\/lukasinmontenegro\/2023\/11\/19\/es-kehrt-ein-alltag-ein\/#breadcrumb\",\"itemListElement\":[{\"@type\":\"ListItem\",\"position\":1,\"name\":\"Startseite\",\"item\":\"https:\/\/blogs.donboscovolunteers.de\/lukasinmontenegro\/\"},{\"@type\":\"ListItem\",\"position\":2,\"name\":\"Es kehrt ein Alltag ein\"}]},{\"@type\":\"WebSite\",\"@id\":\"https:\/\/blogs.donboscovolunteers.de\/lukasinmontenegro\/#website\",\"url\":\"https:\/\/blogs.donboscovolunteers.de\/lukasinmontenegro\/\",\"name\":\"Lukas bei den Fu\u00dfballern in Podgorica\",\"description\":\"Meine Erfahrungen im Freiwilligendienst\",\"potentialAction\":[{\"@type\":\"SearchAction\",\"target\":{\"@type\":\"EntryPoint\",\"urlTemplate\":\"https:\/\/blogs.donboscovolunteers.de\/lukasinmontenegro\/?s={search_term_string}\"},\"query-input\":{\"@type\":\"PropertyValueSpecification\",\"valueRequired\":true,\"valueName\":\"search_term_string\"}}],\"inLanguage\":\"de\"},{\"@type\":\"Person\",\"@id\":\"https:\/\/blogs.donboscovolunteers.de\/lukasinmontenegro\/#\/schema\/person\/baa7a1c3f61eb7edbb8d3a29e98e48c8\",\"name\":\"Lukas Warsberg\",\"image\":{\"@type\":\"ImageObject\",\"inLanguage\":\"de\",\"@id\":\"https:\/\/blogs.donboscovolunteers.de\/lukasinmontenegro\/#\/schema\/person\/image\/\",\"url\":\"https:\/\/secure.gravatar.com\/avatar\/1246c8c48b87d31d6b0a2d41f1895f81c74a465bb809062e6cfa2e0bc80e5d77?s=96&d=mm&r=g\",\"contentUrl\":\"https:\/\/secure.gravatar.com\/avatar\/1246c8c48b87d31d6b0a2d41f1895f81c74a465bb809062e6cfa2e0bc80e5d77?s=96&d=mm&r=g\",\"caption\":\"Lukas Warsberg\"},\"url\":\"https:\/\/blogs.donboscovolunteers.de\/lukasinmontenegro\/author\/lukaswrsbrg\/\"}]}<\/script>\n<!-- \/ Yoast SEO plugin. -->","yoast_head_json":{"title":"Es kehrt ein Alltag ein - Lukas bei den Fu\u00dfballern in Podgorica","description":"Nachdem ich jetzt fast drei Wochen da bin, ist etwas Alltag eingekehrt.","robots":{"index":"index","follow":"follow","max-snippet":"max-snippet:-1","max-image-preview":"max-image-preview:large","max-video-preview":"max-video-preview:-1"},"canonical":"https:\/\/blogs.donboscovolunteers.de\/lukasinmontenegro\/2023\/11\/19\/es-kehrt-ein-alltag-ein\/","og_locale":"de_DE","og_type":"article","og_title":"Es kehrt ein Alltag ein - Lukas bei den Fu\u00dfballern in Podgorica","og_description":"Nachdem ich jetzt fast drei Wochen da bin, ist etwas Alltag eingekehrt.","og_url":"https:\/\/blogs.donboscovolunteers.de\/lukasinmontenegro\/2023\/11\/19\/es-kehrt-ein-alltag-ein\/","og_site_name":"Lukas bei den Fu\u00dfballern in Podgorica","article_published_time":"2023-11-19T17:04:13+00:00","article_modified_time":"2023-11-19T17:04:14+00:00","og_image":[{"width":1280,"height":960,"url":"https:\/\/blogs.donboscovolunteers.de\/lukasinmontenegro\/wp-content\/uploads\/sites\/21672\/2023\/11\/IMG_4540.jpeg","type":"image\/jpeg"}],"author":"Lukas Warsberg","twitter_card":"summary_large_image","twitter_misc":{"Verfasst von":"Lukas Warsberg","Gesch\u00e4tzte Lesezeit":"7\u00a0Minuten"},"schema":{"@context":"https:\/\/schema.org","@graph":[{"@type":"WebPage","@id":"https:\/\/blogs.donboscovolunteers.de\/lukasinmontenegro\/2023\/11\/19\/es-kehrt-ein-alltag-ein\/","url":"https:\/\/blogs.donboscovolunteers.de\/lukasinmontenegro\/2023\/11\/19\/es-kehrt-ein-alltag-ein\/","name":"Es kehrt ein Alltag ein - Lukas bei den Fu\u00dfballern in Podgorica","isPartOf":{"@id":"https:\/\/blogs.donboscovolunteers.de\/lukasinmontenegro\/#website"},"primaryImageOfPage":{"@id":"https:\/\/blogs.donboscovolunteers.de\/lukasinmontenegro\/2023\/11\/19\/es-kehrt-ein-alltag-ein\/#primaryimage"},"image":{"@id":"https:\/\/blogs.donboscovolunteers.de\/lukasinmontenegro\/2023\/11\/19\/es-kehrt-ein-alltag-ein\/#primaryimage"},"thumbnailUrl":"https:\/\/blogs.donboscovolunteers.de\/lukasinmontenegro\/wp-content\/uploads\/sites\/21672\/2023\/11\/IMG_4540.jpeg","datePublished":"2023-11-19T17:04:13+00:00","dateModified":"2023-11-19T17:04:14+00:00","author":{"@id":"https:\/\/blogs.donboscovolunteers.de\/lukasinmontenegro\/#\/schema\/person\/baa7a1c3f61eb7edbb8d3a29e98e48c8"},"description":"Nachdem ich jetzt fast drei Wochen da bin, ist etwas Alltag eingekehrt.","breadcrumb":{"@id":"https:\/\/blogs.donboscovolunteers.de\/lukasinmontenegro\/2023\/11\/19\/es-kehrt-ein-alltag-ein\/#breadcrumb"},"inLanguage":"de","potentialAction":[{"@type":"ReadAction","target":["https:\/\/blogs.donboscovolunteers.de\/lukasinmontenegro\/2023\/11\/19\/es-kehrt-ein-alltag-ein\/"]}]},{"@type":"ImageObject","inLanguage":"de","@id":"https:\/\/blogs.donboscovolunteers.de\/lukasinmontenegro\/2023\/11\/19\/es-kehrt-ein-alltag-ein\/#primaryimage","url":"https:\/\/blogs.donboscovolunteers.de\/lukasinmontenegro\/wp-content\/uploads\/sites\/21672\/2023\/11\/IMG_4540.jpeg","contentUrl":"https:\/\/blogs.donboscovolunteers.de\/lukasinmontenegro\/wp-content\/uploads\/sites\/21672\/2023\/11\/IMG_4540.jpeg","width":1280,"height":960},{"@type":"BreadcrumbList","@id":"https:\/\/blogs.donboscovolunteers.de\/lukasinmontenegro\/2023\/11\/19\/es-kehrt-ein-alltag-ein\/#breadcrumb","itemListElement":[{"@type":"ListItem","position":1,"name":"Startseite","item":"https:\/\/blogs.donboscovolunteers.de\/lukasinmontenegro\/"},{"@type":"ListItem","position":2,"name":"Es kehrt ein Alltag ein"}]},{"@type":"WebSite","@id":"https:\/\/blogs.donboscovolunteers.de\/lukasinmontenegro\/#website","url":"https:\/\/blogs.donboscovolunteers.de\/lukasinmontenegro\/","name":"Lukas bei den Fu\u00dfballern in Podgorica","description":"Meine Erfahrungen im Freiwilligendienst","potentialAction":[{"@type":"SearchAction","target":{"@type":"EntryPoint","urlTemplate":"https:\/\/blogs.donboscovolunteers.de\/lukasinmontenegro\/?s={search_term_string}"},"query-input":{"@type":"PropertyValueSpecification","valueRequired":true,"valueName":"search_term_string"}}],"inLanguage":"de"},{"@type":"Person","@id":"https:\/\/blogs.donboscovolunteers.de\/lukasinmontenegro\/#\/schema\/person\/baa7a1c3f61eb7edbb8d3a29e98e48c8","name":"Lukas Warsberg","image":{"@type":"ImageObject","inLanguage":"de","@id":"https:\/\/blogs.donboscovolunteers.de\/lukasinmontenegro\/#\/schema\/person\/image\/","url":"https:\/\/secure.gravatar.com\/avatar\/1246c8c48b87d31d6b0a2d41f1895f81c74a465bb809062e6cfa2e0bc80e5d77?s=96&d=mm&r=g","contentUrl":"https:\/\/secure.gravatar.com\/avatar\/1246c8c48b87d31d6b0a2d41f1895f81c74a465bb809062e6cfa2e0bc80e5d77?s=96&d=mm&r=g","caption":"Lukas Warsberg"},"url":"https:\/\/blogs.donboscovolunteers.de\/lukasinmontenegro\/author\/lukaswrsbrg\/"}]}},"_links":{"self":[{"href":"https:\/\/blogs.donboscovolunteers.de\/lukasinmontenegro\/wp-json\/wp\/v2\/posts\/175","targetHints":{"allow":["GET"]}}],"collection":[{"href":"https:\/\/blogs.donboscovolunteers.de\/lukasinmontenegro\/wp-json\/wp\/v2\/posts"}],"about":[{"href":"https:\/\/blogs.donboscovolunteers.de\/lukasinmontenegro\/wp-json\/wp\/v2\/types\/post"}],"author":[{"embeddable":true,"href":"https:\/\/blogs.donboscovolunteers.de\/lukasinmontenegro\/wp-json\/wp\/v2\/users\/21770"}],"replies":[{"embeddable":true,"href":"https:\/\/blogs.donboscovolunteers.de\/lukasinmontenegro\/wp-json\/wp\/v2\/comments?post=175"}],"version-history":[{"count":2,"href":"https:\/\/blogs.donboscovolunteers.de\/lukasinmontenegro\/wp-json\/wp\/v2\/posts\/175\/revisions"}],"predecessor-version":[{"id":192,"href":"https:\/\/blogs.donboscovolunteers.de\/lukasinmontenegro\/wp-json\/wp\/v2\/posts\/175\/revisions\/192"}],"wp:featuredmedia":[{"embeddable":true,"href":"https:\/\/blogs.donboscovolunteers.de\/lukasinmontenegro\/wp-json\/wp\/v2\/media\/191"}],"wp:attachment":[{"href":"https:\/\/blogs.donboscovolunteers.de\/lukasinmontenegro\/wp-json\/wp\/v2\/media?parent=175"}],"wp:term":[{"taxonomy":"category","embeddable":true,"href":"https:\/\/blogs.donboscovolunteers.de\/lukasinmontenegro\/wp-json\/wp\/v2\/categories?post=175"},{"taxonomy":"post_tag","embeddable":true,"href":"https:\/\/blogs.donboscovolunteers.de\/lukasinmontenegro\/wp-json\/wp\/v2\/tags?post=175"}],"curies":[{"name":"wp","href":"https:\/\/api.w.org\/{rel}","templated":true}]}}