{"id":139,"date":"2023-11-05T20:42:42","date_gmt":"2023-11-05T19:42:42","guid":{"rendered":"https:\/\/blogs.donboscovolunteers.de\/lukasinmontenegro\/?p=139"},"modified":"2023-11-14T21:47:13","modified_gmt":"2023-11-14T20:47:13","slug":"die-ersten-tage-durch-den-strassenverkehr-der-ohne-regeln-scheint","status":"publish","type":"post","link":"https:\/\/blogs.donboscovolunteers.de\/lukasinmontenegro\/2023\/11\/05\/die-ersten-tage-durch-den-strassenverkehr-der-ohne-regeln-scheint\/","title":{"rendered":"Die ersten Tage durch den Stra\u00dfenverkehr, der ohne Regeln scheint"},"content":{"rendered":"<p>\u0106ao bei meinem ersten Blogbeitrag aus Montenegro! Ich bin inzwischen schon fast eine Woche dort und m\u00f6chte gerne \u00fcber meine Eindr\u00fccke berichten.<\/p>\n\n\n\n<p>Am Dienstag ging es also endlich los. Mein Flug nach Podgorica ging vom kleinen Flughafen Memmingen aus. Der Flug war mein erster \u00fcberhaupt, aber es lief, bis auf ein paar kleine Turbulenzen, alles problemlos. <\/p>\n\n\n\n<p>Am Flughafen Podgorica wurde ich dann von <a href=\"https:\/\/blogs.donboscovolunteers.de\/sarahmontenegro\/\">Sarah<\/a>, meiner Mitvolunt\u00e4rin, die schon seit zweit Monaten da ist, und Ana, unserer Koordinatorin hier vor Ort, abgeholt. Die Autofahrt in die Stadt hinein ging dann bei Regenwetter durch den sehr verr\u00fcckten Stra\u00dfenverkehr hier in Montenegro, wo die Hupe eigentlich alles bedeuten kann. <\/p>\n\n\n\n<p>In Podgorica angekommen, habe ich zuerst meine Koffer in der WG abstellen k\u00f6nnen. In dieser WG wohnen Sarah und ich zu zweit und wir m\u00fcssen uns auch, im Gegensatz zu den meisten Volos, komplett selbst versorgen. Nachdem ich also kurz in der Wohnung war, sind Ana, Sarah und ich etwas Essen gegangen. Dort ist mir vor allem der g\u00fcnstige Preis von Restaurants und Bars aufgefallen. Das Essen plus Getr\u00e4nke f\u00fcr drei Leute haben insgesamt 20\u20ac gekostet. Die Lebensmittelpreise in den Superm\u00e4rkten sind jedoch nicht so viel g\u00fcnstiger wie in Deutschland.<\/p>\n\n\n\n<p>Nach dem Essen sind wir weiter in das <a href=\"https:\/\/donbosko.me\/\">Don Bosko Centar<\/a> gefahren, das etwa 20 Minuten zu Fu\u00df von der Wohnung entfernt ist. Dort hat mir Ana erstmal alles gezeigt und ich habe auch Don Rudi, den Leiter der Einrichtung, und die anderen Salesianer kennengelernt.<\/p>\n\n\n\n<p>Etwas \u00fcberfordert von den ganzen Infos wurde ich dann zur\u00fcck in die Wohnung gefahren und konnte dann meine Koffer auspacken und mich etwas in meinem neuen Zimmer einfinden.<\/p>\n\n\n\n<p>Am n\u00e4chsten Tag (Mittwoch) ging es dann auch schon mit meinem Job los; und zwar als Trainerassistenz im Don Bosko Fu\u00dfballverein. Ich war also beim Training dabei und habe den Trainer etwas unterst\u00fctzt, so gut wie es die schwierige Kommunikation, aufgrund der Sprachbarriere, es halt hergegeben hat. Nach dem Training bin ich dann mitgefahren, wo die Kinder alle wieder nach Hause gebracht wurden. Abends sind Sarah und ich noch in den Gottesdienst gegangen. Danach gab es f\u00fcr alle Maroni und Gl\u00fchwein.<\/p>\n\n\n\n<p>Meine Aufgaben werden haupts\u00e4chlich im FK Don Bosko, dem hier gegr\u00fcndeten <a href=\"https:\/\/www.donboscomission.de\/don-bosco\/\">Don Bosco<\/a> Fu\u00dfballverein, sein. Zum einen eben als Trainerassistenz, zum anderen soll ich in Zukunft die Fahrdienste vor und nach dem Training \u00fcbernehmen (aktuell wird noch gekl\u00e4rt ob ich versichert bin). An den Verkehr muss ich mich dann auch erstmal noch gew\u00f6hnen. Jeder f\u00e4hrt wo er fahren will, hupen, blinken, nicht blinken es ist wirklich Chaos. Das gr\u00f6\u00dfte Chaos machen aber die Parkenden Autos. Es wird \u00fcberall geparkt: auf Abbiegestreifen, in der Kreuzung, auf Zebrasteifen oder auf dem B\u00fcrgersteig. Dabei wird der Warnblinker als &#8222;Ich darf \u00fcberall parken&#8220; Indikator benutzt.<\/p>\n\n\n\n<p>Am Donnerstag und Freitag hatte ich dann auch noch mehrmals Training und bin immer mitgefahren, wenn die Kinder abgeholt wurden, um mir schonmal die Strecke zu merken.<\/p>\n\n\n\n<p>Freitag Abend hatte ich dann meine erste Montenegrinisch Unterrichtsstunde. Ich habe nur sehr wenig verstanden, da ich in einen Kurs einsteige, der schon vor einem Monat begonnen hat und mir fehlen somit alle Basics, die ich jetzt erst einmal St\u00fcck f\u00fcr St\u00fcck nachlernen muss.<\/p>\n\n\n\n<p>Am Samstag Vormittag haben Sarah und ich angefangen die Schr\u00e4nke in der Wohnung zu sortieren und auszumisten. Au\u00dferdem habe ich ein paar Kleinigkeiten repariert. Nachmittags sind wir losgezogen und haben das Stadtzentrum erkundet. Am Ende haben wir in einem Caf\u00e9 eine hei\u00dfe Schokolade bestellt und eine aus wei\u00dfer Schokolade bekommen, die aber sehr gut geschmeckt hat und verglichen zu Deutschland sehr preiswert war.<\/p>\n\n\n\n<p>Am Sonntag sind wir um 9 Uhr in den Gottesdienst gegangen. Danach gab es noch Kaffee und Tee und nach Montenegrinischer Art nat\u00fcrlich auch einen Rakija (Schnaps). Den Restlichen Tag haben wir die Wohnung weiter durchsortiert und es etwas entspannt zugehen lassen.<\/p>\n\n\n\n<p>Das war meine erste knappe Woche in Montenegro, hier noch ein paar Bilder. Ihr werden dann bald wieder von mir h\u00f6ren.<\/p>\n\n\n\n<p>Priatno!<\/p>\n\n\n\n<figure class=\"wp-block-gallery has-nested-images columns-3 is-cropped wp-block-gallery-1 is-layout-flex wp-block-gallery-is-layout-flex\">\n<figure class=\"wp-block-image size-large\"><img loading=\"lazy\" decoding=\"async\" width=\"576\" height=\"1024\" data-id=\"148\" src=\"https:\/\/blogs.donboscovolunteers.de\/lukasinmontenegro\/wp-content\/uploads\/sites\/21672\/2023\/11\/IMG_4472-576x1024.jpg\" alt=\"\" class=\"wp-image-148\" srcset=\"https:\/\/blogs.donboscovolunteers.de\/lukasinmontenegro\/wp-content\/uploads\/sites\/21672\/2023\/11\/IMG_4472-576x1024.jpg 576w, https:\/\/blogs.donboscovolunteers.de\/lukasinmontenegro\/wp-content\/uploads\/sites\/21672\/2023\/11\/IMG_4472-169x300.jpg 169w, https:\/\/blogs.donboscovolunteers.de\/lukasinmontenegro\/wp-content\/uploads\/sites\/21672\/2023\/11\/IMG_4472.jpg 720w\" sizes=\"auto, (max-width: 576px) 100vw, 576px\" \/><figcaption class=\"wp-element-caption\">Ausblick beim Flug<\/figcaption><\/figure>\n\n\n\n<figure class=\"wp-block-image size-large\"><img loading=\"lazy\" decoding=\"async\" width=\"768\" height=\"1024\" data-id=\"153\" src=\"https:\/\/blogs.donboscovolunteers.de\/lukasinmontenegro\/wp-content\/uploads\/sites\/21672\/2023\/11\/IMG_4491-768x1024.jpg\" alt=\"\" class=\"wp-image-153\" srcset=\"https:\/\/blogs.donboscovolunteers.de\/lukasinmontenegro\/wp-content\/uploads\/sites\/21672\/2023\/11\/IMG_4491-768x1024.jpg 768w, https:\/\/blogs.donboscovolunteers.de\/lukasinmontenegro\/wp-content\/uploads\/sites\/21672\/2023\/11\/IMG_4491-225x300.jpg 225w, https:\/\/blogs.donboscovolunteers.de\/lukasinmontenegro\/wp-content\/uploads\/sites\/21672\/2023\/11\/IMG_4491.jpg 960w\" sizes=\"auto, (max-width: 768px) 100vw, 768px\" \/><figcaption class=\"wp-element-caption\">Ausblick \u00fcber die Stadt<\/figcaption><\/figure>\n\n\n\n<figure class=\"wp-block-image size-large\"><img loading=\"lazy\" decoding=\"async\" width=\"768\" height=\"1024\" data-id=\"154\" src=\"https:\/\/blogs.donboscovolunteers.de\/lukasinmontenegro\/wp-content\/uploads\/sites\/21672\/2023\/11\/IMG_4495-768x1024.jpg\" alt=\"\" class=\"wp-image-154\" srcset=\"https:\/\/blogs.donboscovolunteers.de\/lukasinmontenegro\/wp-content\/uploads\/sites\/21672\/2023\/11\/IMG_4495-768x1024.jpg 768w, https:\/\/blogs.donboscovolunteers.de\/lukasinmontenegro\/wp-content\/uploads\/sites\/21672\/2023\/11\/IMG_4495-225x300.jpg 225w, https:\/\/blogs.donboscovolunteers.de\/lukasinmontenegro\/wp-content\/uploads\/sites\/21672\/2023\/11\/IMG_4495.jpg 960w\" sizes=\"auto, (max-width: 768px) 100vw, 768px\" \/><figcaption class=\"wp-element-caption\">Ausblick in die Landschaft<\/figcaption><\/figure>\n\n\n\n<figure class=\"wp-block-image size-large\"><img loading=\"lazy\" decoding=\"async\" width=\"1024\" height=\"768\" data-id=\"151\" src=\"https:\/\/blogs.donboscovolunteers.de\/lukasinmontenegro\/wp-content\/uploads\/sites\/21672\/2023\/11\/IMG_4488-1024x768.jpg\" alt=\"\" class=\"wp-image-151\" srcset=\"https:\/\/blogs.donboscovolunteers.de\/lukasinmontenegro\/wp-content\/uploads\/sites\/21672\/2023\/11\/IMG_4488-1024x768.jpg 1024w, https:\/\/blogs.donboscovolunteers.de\/lukasinmontenegro\/wp-content\/uploads\/sites\/21672\/2023\/11\/IMG_4488-300x225.jpg 300w, https:\/\/blogs.donboscovolunteers.de\/lukasinmontenegro\/wp-content\/uploads\/sites\/21672\/2023\/11\/IMG_4488-768x576.jpg 768w, https:\/\/blogs.donboscovolunteers.de\/lukasinmontenegro\/wp-content\/uploads\/sites\/21672\/2023\/11\/IMG_4488-1200x900.jpg 1200w, https:\/\/blogs.donboscovolunteers.de\/lukasinmontenegro\/wp-content\/uploads\/sites\/21672\/2023\/11\/IMG_4488.jpg 1280w\" sizes=\"auto, (max-width: 1024px) 100vw, 1024px\" \/><figcaption class=\"wp-element-caption\">Die Millienium Bridge<\/figcaption><\/figure>\n\n\n\n<figure class=\"wp-block-image size-large\"><img loading=\"lazy\" decoding=\"async\" width=\"768\" height=\"1024\" data-id=\"156\" src=\"https:\/\/blogs.donboscovolunteers.de\/lukasinmontenegro\/wp-content\/uploads\/sites\/21672\/2023\/11\/IMG_4511-768x1024.jpg\" alt=\"\" class=\"wp-image-156\" srcset=\"https:\/\/blogs.donboscovolunteers.de\/lukasinmontenegro\/wp-content\/uploads\/sites\/21672\/2023\/11\/IMG_4511-768x1024.jpg 768w, https:\/\/blogs.donboscovolunteers.de\/lukasinmontenegro\/wp-content\/uploads\/sites\/21672\/2023\/11\/IMG_4511-225x300.jpg 225w, https:\/\/blogs.donboscovolunteers.de\/lukasinmontenegro\/wp-content\/uploads\/sites\/21672\/2023\/11\/IMG_4511.jpg 960w\" sizes=\"auto, (max-width: 768px) 100vw, 768px\" \/><figcaption class=\"wp-element-caption\">die wei\u00dfe hei\u00dfe Schokolade<\/figcaption><\/figure>\n\n\n\n<figure class=\"wp-block-image size-large\"><img loading=\"lazy\" decoding=\"async\" width=\"576\" height=\"1024\" data-id=\"169\" src=\"https:\/\/blogs.donboscovolunteers.de\/lukasinmontenegro\/wp-content\/uploads\/sites\/21672\/2023\/11\/IMG_4497-576x1024.jpg\" alt=\"\" class=\"wp-image-169\" srcset=\"https:\/\/blogs.donboscovolunteers.de\/lukasinmontenegro\/wp-content\/uploads\/sites\/21672\/2023\/11\/IMG_4497-576x1024.jpg 576w, https:\/\/blogs.donboscovolunteers.de\/lukasinmontenegro\/wp-content\/uploads\/sites\/21672\/2023\/11\/IMG_4497-169x300.jpg 169w, https:\/\/blogs.donboscovolunteers.de\/lukasinmontenegro\/wp-content\/uploads\/sites\/21672\/2023\/11\/IMG_4497.jpg 720w\" sizes=\"auto, (max-width: 576px) 100vw, 576px\" \/><figcaption class=\"wp-element-caption\">Fu\u00dfballtraining<\/figcaption><\/figure>\n\n\n\n<figure class=\"wp-block-image size-large\"><img loading=\"lazy\" decoding=\"async\" width=\"1024\" height=\"768\" data-id=\"157\" src=\"https:\/\/blogs.donboscovolunteers.de\/lukasinmontenegro\/wp-content\/uploads\/sites\/21672\/2023\/11\/IMG_4515-1024x768.jpg\" alt=\"\" class=\"wp-image-157\" srcset=\"https:\/\/blogs.donboscovolunteers.de\/lukasinmontenegro\/wp-content\/uploads\/sites\/21672\/2023\/11\/IMG_4515-1024x768.jpg 1024w, https:\/\/blogs.donboscovolunteers.de\/lukasinmontenegro\/wp-content\/uploads\/sites\/21672\/2023\/11\/IMG_4515-300x225.jpg 300w, https:\/\/blogs.donboscovolunteers.de\/lukasinmontenegro\/wp-content\/uploads\/sites\/21672\/2023\/11\/IMG_4515-768x576.jpg 768w, https:\/\/blogs.donboscovolunteers.de\/lukasinmontenegro\/wp-content\/uploads\/sites\/21672\/2023\/11\/IMG_4515-1200x900.jpg 1200w, https:\/\/blogs.donboscovolunteers.de\/lukasinmontenegro\/wp-content\/uploads\/sites\/21672\/2023\/11\/IMG_4515.jpg 1280w\" sizes=\"auto, (max-width: 1024px) 100vw, 1024px\" \/><figcaption class=\"wp-element-caption\">Mein Zimmer<\/figcaption><\/figure>\n<\/figure>\n\n\n\n<div class=\"wp-block-columns is-layout-flex wp-container-core-columns-is-layout-9d6595d7 wp-block-columns-is-layout-flex\">\n<div class=\"wp-block-column is-layout-flow wp-block-column-is-layout-flow\">\n<p>\ud83d\udd17<em><a href=\"https:\/\/blogs.donboscovolunteers.de\/lukasinmontenegro\/\">Startseite<\/a> <\/em><\/p>\n<\/div>\n\n\n\n<div class=\"wp-block-column is-layout-flow wp-block-column-is-layout-flow\">\n<p>\ud83d\udd17<a href=\"https:\/\/blogs.donboscovolunteers.de\/lukasinmontenegro\/spenden\/\"><em>Spenden<\/em><\/a><\/p>\n<\/div>\n<\/div>","protected":false},"excerpt":{"rendered":"<p>\u0106ao bei meinem ersten Blogbeitrag aus Montenegro! Ich bin inzwischen schon fast eine Woche dort und m\u00f6chte gerne \u00fcber meine Eindr\u00fccke berichten. Am Dienstag ging es also endlich los. Mein Flug nach Podgorica ging vom kleinen Flughafen Memmingen aus. Der Flug war mein erster \u00fcberhaupt, aber es lief, bis auf ein paar kleine Turbulenzen, alles [&hellip;]<\/p>\n","protected":false},"author":21770,"featured_media":173,"comment_status":"open","ping_status":"open","sticky":false,"template":"","format":"standard","meta":{"footnotes":""},"categories":[1],"tags":[13,21,19,6,18,3,9,8,4,5,20,17,16,7],"class_list":["post-139","post","type-post","status-publish","format-standard","has-post-thumbnail","hentry","category-allgemein","tag-beneditkbeuern","tag-chaos","tag-flug","tag-fussball","tag-fussballverein","tag-lukas","tag-lukas-in-montenegro","tag-lukas-warsberg","tag-montenegro","tag-podgorica","tag-strassenverkehr","tag-trainer","tag-training","tag-warsberg"],"yoast_head":"<!-- This site is optimized with the Yoast SEO plugin v25.3.1 - https:\/\/yoast.com\/wordpress\/plugins\/seo\/ -->\n<title>Die ersten Tage durch den Stra\u00dfenverkehr, der ohne Regeln scheint - Lukas bei den Fu\u00dfballern in Podgorica<\/title>\n<meta name=\"description\" content=\"\u0106ao bei meinem ersten Blogbeitrag aus Montenegro! Ich bin inzwischen schon fast eine Woche dort und m\u00f6chte gerne \u00fcber meine Eindr\u00fccke berichten.\" \/>\n<meta name=\"robots\" content=\"index, follow, max-snippet:-1, max-image-preview:large, max-video-preview:-1\" \/>\n<link rel=\"canonical\" href=\"https:\/\/blogs.donboscovolunteers.de\/lukasinmontenegro\/2023\/11\/05\/die-ersten-tage-durch-den-strassenverkehr-der-ohne-regeln-scheint\/\" \/>\n<meta property=\"og:locale\" content=\"de_DE\" \/>\n<meta property=\"og:type\" content=\"article\" \/>\n<meta property=\"og:title\" content=\"Die ersten Tage durch den Stra\u00dfenverkehr, der ohne Regeln scheint - Lukas bei den Fu\u00dfballern in Podgorica\" \/>\n<meta property=\"og:description\" content=\"\u0106ao bei meinem ersten Blogbeitrag aus Montenegro! Ich bin inzwischen schon fast eine Woche dort und m\u00f6chte gerne \u00fcber meine Eindr\u00fccke berichten.\" \/>\n<meta property=\"og:url\" content=\"https:\/\/blogs.donboscovolunteers.de\/lukasinmontenegro\/2023\/11\/05\/die-ersten-tage-durch-den-strassenverkehr-der-ohne-regeln-scheint\/\" \/>\n<meta property=\"og:site_name\" content=\"Lukas bei den Fu\u00dfballern in Podgorica\" \/>\n<meta property=\"article:published_time\" content=\"2023-11-05T19:42:42+00:00\" \/>\n<meta property=\"article:modified_time\" content=\"2023-11-14T20:47:13+00:00\" \/>\n<meta property=\"og:image\" content=\"https:\/\/blogs.donboscovolunteers.de\/lukasinmontenegro\/wp-content\/uploads\/sites\/21672\/2023\/11\/WhatsApp-Bild-2023-11-14-um-21.46.01_1dc08c9d.jpg\" \/>\n\t<meta property=\"og:image:width\" content=\"1024\" \/>\n\t<meta property=\"og:image:height\" content=\"768\" \/>\n\t<meta property=\"og:image:type\" content=\"image\/jpeg\" \/>\n<meta name=\"author\" content=\"Lukas Warsberg\" \/>\n<meta name=\"twitter:card\" content=\"summary_large_image\" \/>\n<meta name=\"twitter:label1\" content=\"Verfasst von\" \/>\n\t<meta name=\"twitter:data1\" content=\"Lukas Warsberg\" \/>\n\t<meta name=\"twitter:label2\" content=\"Gesch\u00e4tzte Lesezeit\" \/>\n\t<meta name=\"twitter:data2\" content=\"6\u00a0Minuten\" \/>\n<script type=\"application\/ld+json\" class=\"yoast-schema-graph\">{\"@context\":\"https:\/\/schema.org\",\"@graph\":[{\"@type\":\"WebPage\",\"@id\":\"https:\/\/blogs.donboscovolunteers.de\/lukasinmontenegro\/2023\/11\/05\/die-ersten-tage-durch-den-strassenverkehr-der-ohne-regeln-scheint\/\",\"url\":\"https:\/\/blogs.donboscovolunteers.de\/lukasinmontenegro\/2023\/11\/05\/die-ersten-tage-durch-den-strassenverkehr-der-ohne-regeln-scheint\/\",\"name\":\"Die ersten Tage durch den Stra\u00dfenverkehr, der ohne Regeln scheint - Lukas bei den Fu\u00dfballern in Podgorica\",\"isPartOf\":{\"@id\":\"https:\/\/blogs.donboscovolunteers.de\/lukasinmontenegro\/#website\"},\"primaryImageOfPage\":{\"@id\":\"https:\/\/blogs.donboscovolunteers.de\/lukasinmontenegro\/2023\/11\/05\/die-ersten-tage-durch-den-strassenverkehr-der-ohne-regeln-scheint\/#primaryimage\"},\"image\":{\"@id\":\"https:\/\/blogs.donboscovolunteers.de\/lukasinmontenegro\/2023\/11\/05\/die-ersten-tage-durch-den-strassenverkehr-der-ohne-regeln-scheint\/#primaryimage\"},\"thumbnailUrl\":\"https:\/\/blogs.donboscovolunteers.de\/lukasinmontenegro\/wp-content\/uploads\/sites\/21672\/2023\/11\/WhatsApp-Bild-2023-11-14-um-21.46.01_1dc08c9d.jpg\",\"datePublished\":\"2023-11-05T19:42:42+00:00\",\"dateModified\":\"2023-11-14T20:47:13+00:00\",\"author\":{\"@id\":\"https:\/\/blogs.donboscovolunteers.de\/lukasinmontenegro\/#\/schema\/person\/baa7a1c3f61eb7edbb8d3a29e98e48c8\"},\"description\":\"\u0106ao bei meinem ersten Blogbeitrag aus Montenegro! Ich bin inzwischen schon fast eine Woche dort und m\u00f6chte gerne \u00fcber meine Eindr\u00fccke berichten.\",\"breadcrumb\":{\"@id\":\"https:\/\/blogs.donboscovolunteers.de\/lukasinmontenegro\/2023\/11\/05\/die-ersten-tage-durch-den-strassenverkehr-der-ohne-regeln-scheint\/#breadcrumb\"},\"inLanguage\":\"de\",\"potentialAction\":[{\"@type\":\"ReadAction\",\"target\":[\"https:\/\/blogs.donboscovolunteers.de\/lukasinmontenegro\/2023\/11\/05\/die-ersten-tage-durch-den-strassenverkehr-der-ohne-regeln-scheint\/\"]}]},{\"@type\":\"ImageObject\",\"inLanguage\":\"de\",\"@id\":\"https:\/\/blogs.donboscovolunteers.de\/lukasinmontenegro\/2023\/11\/05\/die-ersten-tage-durch-den-strassenverkehr-der-ohne-regeln-scheint\/#primaryimage\",\"url\":\"https:\/\/blogs.donboscovolunteers.de\/lukasinmontenegro\/wp-content\/uploads\/sites\/21672\/2023\/11\/WhatsApp-Bild-2023-11-14-um-21.46.01_1dc08c9d.jpg\",\"contentUrl\":\"https:\/\/blogs.donboscovolunteers.de\/lukasinmontenegro\/wp-content\/uploads\/sites\/21672\/2023\/11\/WhatsApp-Bild-2023-11-14-um-21.46.01_1dc08c9d.jpg\",\"width\":1024,\"height\":768},{\"@type\":\"BreadcrumbList\",\"@id\":\"https:\/\/blogs.donboscovolunteers.de\/lukasinmontenegro\/2023\/11\/05\/die-ersten-tage-durch-den-strassenverkehr-der-ohne-regeln-scheint\/#breadcrumb\",\"itemListElement\":[{\"@type\":\"ListItem\",\"position\":1,\"name\":\"Startseite\",\"item\":\"https:\/\/blogs.donboscovolunteers.de\/lukasinmontenegro\/\"},{\"@type\":\"ListItem\",\"position\":2,\"name\":\"Die ersten Tage durch den Stra\u00dfenverkehr, der ohne Regeln scheint\"}]},{\"@type\":\"WebSite\",\"@id\":\"https:\/\/blogs.donboscovolunteers.de\/lukasinmontenegro\/#website\",\"url\":\"https:\/\/blogs.donboscovolunteers.de\/lukasinmontenegro\/\",\"name\":\"Lukas bei den Fu\u00dfballern in Podgorica\",\"description\":\"Meine Erfahrungen im Freiwilligendienst\",\"potentialAction\":[{\"@type\":\"SearchAction\",\"target\":{\"@type\":\"EntryPoint\",\"urlTemplate\":\"https:\/\/blogs.donboscovolunteers.de\/lukasinmontenegro\/?s={search_term_string}\"},\"query-input\":{\"@type\":\"PropertyValueSpecification\",\"valueRequired\":true,\"valueName\":\"search_term_string\"}}],\"inLanguage\":\"de\"},{\"@type\":\"Person\",\"@id\":\"https:\/\/blogs.donboscovolunteers.de\/lukasinmontenegro\/#\/schema\/person\/baa7a1c3f61eb7edbb8d3a29e98e48c8\",\"name\":\"Lukas Warsberg\",\"image\":{\"@type\":\"ImageObject\",\"inLanguage\":\"de\",\"@id\":\"https:\/\/blogs.donboscovolunteers.de\/lukasinmontenegro\/#\/schema\/person\/image\/\",\"url\":\"https:\/\/secure.gravatar.com\/avatar\/1246c8c48b87d31d6b0a2d41f1895f81c74a465bb809062e6cfa2e0bc80e5d77?s=96&d=mm&r=g\",\"contentUrl\":\"https:\/\/secure.gravatar.com\/avatar\/1246c8c48b87d31d6b0a2d41f1895f81c74a465bb809062e6cfa2e0bc80e5d77?s=96&d=mm&r=g\",\"caption\":\"Lukas Warsberg\"},\"url\":\"https:\/\/blogs.donboscovolunteers.de\/lukasinmontenegro\/author\/lukaswrsbrg\/\"}]}<\/script>\n<!-- \/ Yoast SEO plugin. -->","yoast_head_json":{"title":"Die ersten Tage durch den Stra\u00dfenverkehr, der ohne Regeln scheint - Lukas bei den Fu\u00dfballern in Podgorica","description":"\u0106ao bei meinem ersten Blogbeitrag aus Montenegro! Ich bin inzwischen schon fast eine Woche dort und m\u00f6chte gerne \u00fcber meine Eindr\u00fccke berichten.","robots":{"index":"index","follow":"follow","max-snippet":"max-snippet:-1","max-image-preview":"max-image-preview:large","max-video-preview":"max-video-preview:-1"},"canonical":"https:\/\/blogs.donboscovolunteers.de\/lukasinmontenegro\/2023\/11\/05\/die-ersten-tage-durch-den-strassenverkehr-der-ohne-regeln-scheint\/","og_locale":"de_DE","og_type":"article","og_title":"Die ersten Tage durch den Stra\u00dfenverkehr, der ohne Regeln scheint - Lukas bei den Fu\u00dfballern in Podgorica","og_description":"\u0106ao bei meinem ersten Blogbeitrag aus Montenegro! Ich bin inzwischen schon fast eine Woche dort und m\u00f6chte gerne \u00fcber meine Eindr\u00fccke berichten.","og_url":"https:\/\/blogs.donboscovolunteers.de\/lukasinmontenegro\/2023\/11\/05\/die-ersten-tage-durch-den-strassenverkehr-der-ohne-regeln-scheint\/","og_site_name":"Lukas bei den Fu\u00dfballern in Podgorica","article_published_time":"2023-11-05T19:42:42+00:00","article_modified_time":"2023-11-14T20:47:13+00:00","og_image":[{"width":1024,"height":768,"url":"https:\/\/blogs.donboscovolunteers.de\/lukasinmontenegro\/wp-content\/uploads\/sites\/21672\/2023\/11\/WhatsApp-Bild-2023-11-14-um-21.46.01_1dc08c9d.jpg","type":"image\/jpeg"}],"author":"Lukas Warsberg","twitter_card":"summary_large_image","twitter_misc":{"Verfasst von":"Lukas Warsberg","Gesch\u00e4tzte Lesezeit":"6\u00a0Minuten"},"schema":{"@context":"https:\/\/schema.org","@graph":[{"@type":"WebPage","@id":"https:\/\/blogs.donboscovolunteers.de\/lukasinmontenegro\/2023\/11\/05\/die-ersten-tage-durch-den-strassenverkehr-der-ohne-regeln-scheint\/","url":"https:\/\/blogs.donboscovolunteers.de\/lukasinmontenegro\/2023\/11\/05\/die-ersten-tage-durch-den-strassenverkehr-der-ohne-regeln-scheint\/","name":"Die ersten Tage durch den Stra\u00dfenverkehr, der ohne Regeln scheint - Lukas bei den Fu\u00dfballern in Podgorica","isPartOf":{"@id":"https:\/\/blogs.donboscovolunteers.de\/lukasinmontenegro\/#website"},"primaryImageOfPage":{"@id":"https:\/\/blogs.donboscovolunteers.de\/lukasinmontenegro\/2023\/11\/05\/die-ersten-tage-durch-den-strassenverkehr-der-ohne-regeln-scheint\/#primaryimage"},"image":{"@id":"https:\/\/blogs.donboscovolunteers.de\/lukasinmontenegro\/2023\/11\/05\/die-ersten-tage-durch-den-strassenverkehr-der-ohne-regeln-scheint\/#primaryimage"},"thumbnailUrl":"https:\/\/blogs.donboscovolunteers.de\/lukasinmontenegro\/wp-content\/uploads\/sites\/21672\/2023\/11\/WhatsApp-Bild-2023-11-14-um-21.46.01_1dc08c9d.jpg","datePublished":"2023-11-05T19:42:42+00:00","dateModified":"2023-11-14T20:47:13+00:00","author":{"@id":"https:\/\/blogs.donboscovolunteers.de\/lukasinmontenegro\/#\/schema\/person\/baa7a1c3f61eb7edbb8d3a29e98e48c8"},"description":"\u0106ao bei meinem ersten Blogbeitrag aus Montenegro! Ich bin inzwischen schon fast eine Woche dort und m\u00f6chte gerne \u00fcber meine Eindr\u00fccke berichten.","breadcrumb":{"@id":"https:\/\/blogs.donboscovolunteers.de\/lukasinmontenegro\/2023\/11\/05\/die-ersten-tage-durch-den-strassenverkehr-der-ohne-regeln-scheint\/#breadcrumb"},"inLanguage":"de","potentialAction":[{"@type":"ReadAction","target":["https:\/\/blogs.donboscovolunteers.de\/lukasinmontenegro\/2023\/11\/05\/die-ersten-tage-durch-den-strassenverkehr-der-ohne-regeln-scheint\/"]}]},{"@type":"ImageObject","inLanguage":"de","@id":"https:\/\/blogs.donboscovolunteers.de\/lukasinmontenegro\/2023\/11\/05\/die-ersten-tage-durch-den-strassenverkehr-der-ohne-regeln-scheint\/#primaryimage","url":"https:\/\/blogs.donboscovolunteers.de\/lukasinmontenegro\/wp-content\/uploads\/sites\/21672\/2023\/11\/WhatsApp-Bild-2023-11-14-um-21.46.01_1dc08c9d.jpg","contentUrl":"https:\/\/blogs.donboscovolunteers.de\/lukasinmontenegro\/wp-content\/uploads\/sites\/21672\/2023\/11\/WhatsApp-Bild-2023-11-14-um-21.46.01_1dc08c9d.jpg","width":1024,"height":768},{"@type":"BreadcrumbList","@id":"https:\/\/blogs.donboscovolunteers.de\/lukasinmontenegro\/2023\/11\/05\/die-ersten-tage-durch-den-strassenverkehr-der-ohne-regeln-scheint\/#breadcrumb","itemListElement":[{"@type":"ListItem","position":1,"name":"Startseite","item":"https:\/\/blogs.donboscovolunteers.de\/lukasinmontenegro\/"},{"@type":"ListItem","position":2,"name":"Die ersten Tage durch den Stra\u00dfenverkehr, der ohne Regeln scheint"}]},{"@type":"WebSite","@id":"https:\/\/blogs.donboscovolunteers.de\/lukasinmontenegro\/#website","url":"https:\/\/blogs.donboscovolunteers.de\/lukasinmontenegro\/","name":"Lukas bei den Fu\u00dfballern in Podgorica","description":"Meine Erfahrungen im Freiwilligendienst","potentialAction":[{"@type":"SearchAction","target":{"@type":"EntryPoint","urlTemplate":"https:\/\/blogs.donboscovolunteers.de\/lukasinmontenegro\/?s={search_term_string}"},"query-input":{"@type":"PropertyValueSpecification","valueRequired":true,"valueName":"search_term_string"}}],"inLanguage":"de"},{"@type":"Person","@id":"https:\/\/blogs.donboscovolunteers.de\/lukasinmontenegro\/#\/schema\/person\/baa7a1c3f61eb7edbb8d3a29e98e48c8","name":"Lukas Warsberg","image":{"@type":"ImageObject","inLanguage":"de","@id":"https:\/\/blogs.donboscovolunteers.de\/lukasinmontenegro\/#\/schema\/person\/image\/","url":"https:\/\/secure.gravatar.com\/avatar\/1246c8c48b87d31d6b0a2d41f1895f81c74a465bb809062e6cfa2e0bc80e5d77?s=96&d=mm&r=g","contentUrl":"https:\/\/secure.gravatar.com\/avatar\/1246c8c48b87d31d6b0a2d41f1895f81c74a465bb809062e6cfa2e0bc80e5d77?s=96&d=mm&r=g","caption":"Lukas Warsberg"},"url":"https:\/\/blogs.donboscovolunteers.de\/lukasinmontenegro\/author\/lukaswrsbrg\/"}]}},"_links":{"self":[{"href":"https:\/\/blogs.donboscovolunteers.de\/lukasinmontenegro\/wp-json\/wp\/v2\/posts\/139","targetHints":{"allow":["GET"]}}],"collection":[{"href":"https:\/\/blogs.donboscovolunteers.de\/lukasinmontenegro\/wp-json\/wp\/v2\/posts"}],"about":[{"href":"https:\/\/blogs.donboscovolunteers.de\/lukasinmontenegro\/wp-json\/wp\/v2\/types\/post"}],"author":[{"embeddable":true,"href":"https:\/\/blogs.donboscovolunteers.de\/lukasinmontenegro\/wp-json\/wp\/v2\/users\/21770"}],"replies":[{"embeddable":true,"href":"https:\/\/blogs.donboscovolunteers.de\/lukasinmontenegro\/wp-json\/wp\/v2\/comments?post=139"}],"version-history":[{"count":18,"href":"https:\/\/blogs.donboscovolunteers.de\/lukasinmontenegro\/wp-json\/wp\/v2\/posts\/139\/revisions"}],"predecessor-version":[{"id":174,"href":"https:\/\/blogs.donboscovolunteers.de\/lukasinmontenegro\/wp-json\/wp\/v2\/posts\/139\/revisions\/174"}],"wp:featuredmedia":[{"embeddable":true,"href":"https:\/\/blogs.donboscovolunteers.de\/lukasinmontenegro\/wp-json\/wp\/v2\/media\/173"}],"wp:attachment":[{"href":"https:\/\/blogs.donboscovolunteers.de\/lukasinmontenegro\/wp-json\/wp\/v2\/media?parent=139"}],"wp:term":[{"taxonomy":"category","embeddable":true,"href":"https:\/\/blogs.donboscovolunteers.de\/lukasinmontenegro\/wp-json\/wp\/v2\/categories?post=139"},{"taxonomy":"post_tag","embeddable":true,"href":"https:\/\/blogs.donboscovolunteers.de\/lukasinmontenegro\/wp-json\/wp\/v2\/tags?post=139"}],"curies":[{"name":"wp","href":"https:\/\/api.w.org\/{rel}","templated":true}]}}