{"id":107,"date":"2023-10-26T21:02:21","date_gmt":"2023-10-26T19:02:21","guid":{"rendered":"https:\/\/blogs.donboscovolunteers.de\/lukasinmontenegro\/?p=107"},"modified":"2024-01-03T21:34:06","modified_gmt":"2024-01-03T20:34:06","slug":"__trashed","status":"publish","type":"post","link":"https:\/\/blogs.donboscovolunteers.de\/lukasinmontenegro\/2023\/10\/26\/__trashed\/","title":{"rendered":"Die Zeit davor"},"content":{"rendered":"<p>Nun ist es nicht mehr lang bis zu meiner Ausreise und ich m\u00f6chte noch ein bisschen erz\u00e4hlen, was vorher in der Vorbereitung so passiert ist.<\/p>\n\n\n\n<p class=\"has-text-align-left\">Gestartet hat die Vorbereitung in den Faschingsferien 2023 mit dem ersten Vorbereitungsseminar im <a href=\"https:\/\/www.aktionszentrum.de\/\">Aktionszentrum (AZ)<\/a> des Klosters Benediktbeuern. Als wir ankamen, fand ich sehr beeindruckend, wie schnell sich alle verstanden haben, obwohl sich die meisten noch nie vorher gesehen hatten. Ich glaube, das liegt daran, dass wir alle in irgendeiner Art \u00e4hnliche Menschen sind und aus \u00e4hnlichen famili\u00e4ren und sozialen Verh\u00e4ltnissen kommen. So war ich nicht der einzige Oberministrant vor Ort und viele haben Geschwister.<\/p>\n\n\n<div class=\"wp-block-image\">\n<figure class=\"alignright size-large is-resized\"><img loading=\"lazy\" decoding=\"async\" width=\"826\" height=\"1024\" src=\"https:\/\/blogs.donboscovolunteers.de\/lukasinmontenegro\/wp-content\/uploads\/sites\/21672\/2023\/10\/IMG_3649-826x1024.jpeg\" alt=\"\" class=\"wp-image-110\" style=\"width:273px;height:338px\" srcset=\"https:\/\/blogs.donboscovolunteers.de\/lukasinmontenegro\/wp-content\/uploads\/sites\/21672\/2023\/10\/IMG_3649-826x1024.jpeg 826w, https:\/\/blogs.donboscovolunteers.de\/lukasinmontenegro\/wp-content\/uploads\/sites\/21672\/2023\/10\/IMG_3649-242x300.jpeg 242w, https:\/\/blogs.donboscovolunteers.de\/lukasinmontenegro\/wp-content\/uploads\/sites\/21672\/2023\/10\/IMG_3649-768x953.jpeg 768w, https:\/\/blogs.donboscovolunteers.de\/lukasinmontenegro\/wp-content\/uploads\/sites\/21672\/2023\/10\/IMG_3649.jpeg 1032w\" sizes=\"auto, (max-width: 826px) 100vw, 826px\" \/><figcaption class=\"wp-element-caption\">2. Vorbereitungsseminar<\/figcaption><\/figure>\n<\/div>\n\n\n<p>Das erste Seminar hatte dann auch noch nicht so viele inhaltliche Teile sondern war dazu gedacht, uns als Gruppe zusammen zu finden. Was meiner Ansicht nach gut geklappt hat. Besonders sch\u00f6n fand ich die Abende, an denen wir einfach zusammensitzen, Spiele spielen, ratschen und Musik machen konnten. Daf\u00fcr habe ich kurzerhand eine der vielen Gitarren im AZ f\u00fcr mich als Linksh\u00e4nder umgestimmt und wir haben stundenlang irgendwelche Lieder gesungen.<\/p>\n\n\n\n<p>Bei dem zweiten Seminar in den Pfingstferien, bei dem auch die Freiwilligen aus Bonn (der zweite Standort der <a href=\"https:\/\/www.donboscomission.de\/don-bosco\/\">Don Bosco<\/a> Auslands-Volunteers in Deutschland) dabei waren, ging es dann haupts\u00e4chlich darum, wie man mit der Kultur im Einsatzland umgeht und wie es ist, wenn mehrere Kulturen aufeinandertreffen. Es war vor allem sch\u00f6n die anderen Volos wieder zu treffen und es waren lange Abende.<\/p>\n\n\n<div class=\"wp-block-image\">\n<figure class=\"alignright size-large is-resized\"><img loading=\"lazy\" decoding=\"async\" width=\"768\" height=\"1024\" src=\"https:\/\/blogs.donboscovolunteers.de\/lukasinmontenegro\/wp-content\/uploads\/sites\/21672\/2023\/10\/IMG_4067-768x1024.jpeg\" alt=\"\" class=\"wp-image-112\" style=\"width:274px;height:365px\" srcset=\"https:\/\/blogs.donboscovolunteers.de\/lukasinmontenegro\/wp-content\/uploads\/sites\/21672\/2023\/10\/IMG_4067-768x1024.jpeg 768w, https:\/\/blogs.donboscovolunteers.de\/lukasinmontenegro\/wp-content\/uploads\/sites\/21672\/2023\/10\/IMG_4067-225x300.jpeg 225w, https:\/\/blogs.donboscovolunteers.de\/lukasinmontenegro\/wp-content\/uploads\/sites\/21672\/2023\/10\/IMG_4067.jpeg 960w\" sizes=\"auto, (max-width: 768px) 100vw, 768px\" \/><figcaption class=\"wp-element-caption\">3. Vorbereitungsseminar<\/figcaption><\/figure>\n<\/div>\n\n\n<p>Beim dritten Seminar haben wir uns mit Konfliktmanagenment und der Philosophie von Don Bosco besch\u00e4ftigt. Am letzten Abend wurde indisch gekocht, damit die, die nach <a href=\"https:\/\/strassenkinder.de\/laender\/asien\/inden\/\">Indien<\/a> gehen, schonmal das Essen mit den H\u00e4nden ausprobieren k\u00f6nnen; als Abschluss haben alle zusammen einen Entsendungsgottesdienst vorbereitet, bei dem auch alle Familien der Volos gekommen sind.<\/p>\n\n\n<div class=\"wp-block-image\">\n<figure class=\"alignleft size-large is-resized\"><img loading=\"lazy\" decoding=\"async\" width=\"576\" height=\"1024\" src=\"https:\/\/blogs.donboscovolunteers.de\/lukasinmontenegro\/wp-content\/uploads\/sites\/21672\/2023\/10\/IMG_4257-576x1024.jpg\" alt=\"\" class=\"wp-image-114\" style=\"width:193px;height:344px\" srcset=\"https:\/\/blogs.donboscovolunteers.de\/lukasinmontenegro\/wp-content\/uploads\/sites\/21672\/2023\/10\/IMG_4257-576x1024.jpg 576w, https:\/\/blogs.donboscovolunteers.de\/lukasinmontenegro\/wp-content\/uploads\/sites\/21672\/2023\/10\/IMG_4257-169x300.jpg 169w, https:\/\/blogs.donboscovolunteers.de\/lukasinmontenegro\/wp-content\/uploads\/sites\/21672\/2023\/10\/IMG_4257.jpg 720w\" sizes=\"auto, (max-width: 576px) 100vw, 576px\" \/><figcaption class=\"wp-element-caption\">Praktikum in Benediktbeuern<\/figcaption><\/figure>\n<\/div>\n\n\n<p>Ich beginne meinen <a href=\"https:\/\/www.donboscovolunteers.de\/\">Freiwilligendienst<\/a> nicht wie die meisten anderen Anfang September sondern reise erst Ende Oktober aus, da ich aktuell noch meine Grundausbildung beim <a href=\"https:\/\/www.thw-freising.de\/\">Technischen Hilfswerk<\/a> (THW) in Freising mache. Dadurch hatte ich im September noch Zeit, um ein Don Bosco Praktikum zu machen. Dieses habe ich im Kloster Benediktbeuern gemacht, das kurz vorher von einem schlimmen Unwetter \u00fcberfallen wurde, wodurch bei vielen Geb\u00e4udeteilen die D\u00e4cher und Fenster zerschlagen wurden und es teils tagelang reingeregnet hatte. Durch diese Umst\u00e4nde war ich w\u00e4hrend des Praktikums nicht sehr viel im AZ besch\u00e4ftigt, sondern habe die meiste Zeit bei den Aufr\u00e4umarbeiten geholfen. Ich musste also etwas flexibel sein und habe beispielsweise kaputte Fenster entglast und wieder wetterfest zugeklebt oder M\u00f6bel aus Geb\u00e4udeteilen gerettet, die saniert werden m\u00fcssen.<\/p>\n\n\n\n<p>Jetzt bin ich gerade mitten im Packen und freue mich, dass es endlich los geht! Ihr werdet dann vor Ort wieder von mir h\u00f6ren.<\/p>\n\n\n\n<div class=\"wp-block-columns is-layout-flex wp-container-core-columns-is-layout-9d6595d7 wp-block-columns-is-layout-flex\">\n<div class=\"wp-block-column is-layout-flow wp-block-column-is-layout-flow\">\n<p>\ud83d\udd17<em><a href=\"https:\/\/blogs.donboscovolunteers.de\/lukasinmontenegro\/\">Startseite<\/a> <\/em><\/p>\n<\/div>\n\n\n\n<div class=\"wp-block-column is-layout-flow wp-block-column-is-layout-flow\">\n<p>\ud83d\udd17<a href=\"https:\/\/blogs.donboscovolunteers.de\/lukasinmontenegro\/spenden\/\"><em>Spenden<\/em><\/a><\/p>\n<\/div>\n<\/div>","protected":false},"excerpt":{"rendered":"<p>Nun ist es nicht mehr lang bis zu meiner Ausreise und ich m\u00f6chte noch ein bisschen erz\u00e4hlen, was vorher in der Vorbereitung so passiert ist. Gestartet hat die Vorbereitung in den Faschingsferien 2023 mit dem ersten Vorbereitungsseminar im Aktionszentrum (AZ) des Klosters Benediktbeuern. Als wir ankamen, fand ich sehr beeindruckend, wie schnell sich alle verstanden [&hellip;]<\/p>\n","protected":false},"author":21770,"featured_media":0,"comment_status":"open","ping_status":"open","sticky":false,"template":"","format":"standard","meta":{"footnotes":""},"categories":[1],"tags":[13,6,3,9,8,4,5,14,15,12,11,7],"class_list":["post-107","post","type-post","status-publish","format-standard","hentry","category-allgemein","tag-beneditkbeuern","tag-fussball","tag-lukas","tag-lukas-in-montenegro","tag-lukas-warsberg","tag-montenegro","tag-podgorica","tag-praktikum","tag-unwetter","tag-vorbereitung","tag-vorbereitungsseminar","tag-warsberg"],"yoast_head":"<!-- This site is optimized with the Yoast SEO plugin v25.3.1 - https:\/\/yoast.com\/wordpress\/plugins\/seo\/ -->\n<title>Die Zeit davor - Lukas bei den Fu\u00dfballern in Podgorica<\/title>\n<meta name=\"description\" content=\"Vor der Ausreis m\u00f6chte ich etwas \u00fcber die Seminare und das Praktikum in Benediktbeuern berichten.\" \/>\n<meta name=\"robots\" content=\"index, follow, max-snippet:-1, max-image-preview:large, max-video-preview:-1\" \/>\n<link rel=\"canonical\" href=\"https:\/\/blogs.donboscovolunteers.de\/lukasinmontenegro\/2023\/10\/26\/__trashed\/\" \/>\n<meta property=\"og:locale\" content=\"de_DE\" \/>\n<meta property=\"og:type\" content=\"article\" \/>\n<meta property=\"og:title\" content=\"Die Zeit davor - Lukas bei den Fu\u00dfballern in Podgorica\" \/>\n<meta property=\"og:description\" content=\"Vor der Ausreis m\u00f6chte ich etwas \u00fcber die Seminare und das Praktikum in Benediktbeuern berichten.\" \/>\n<meta property=\"og:url\" content=\"https:\/\/blogs.donboscovolunteers.de\/lukasinmontenegro\/2023\/10\/26\/__trashed\/\" \/>\n<meta property=\"og:site_name\" content=\"Lukas bei den Fu\u00dfballern in Podgorica\" \/>\n<meta property=\"article:published_time\" content=\"2023-10-26T19:02:21+00:00\" \/>\n<meta property=\"article:modified_time\" content=\"2024-01-03T20:34:06+00:00\" \/>\n<meta property=\"og:image\" content=\"https:\/\/blogs.donboscovolunteers.de\/lukasinmontenegro\/wp-content\/uploads\/sites\/21672\/2023\/10\/IMG_3649-826x1024.jpeg\" \/>\n<meta name=\"author\" content=\"Lukas Warsberg\" \/>\n<meta name=\"twitter:card\" content=\"summary_large_image\" \/>\n<meta name=\"twitter:label1\" content=\"Verfasst von\" \/>\n\t<meta name=\"twitter:data1\" content=\"Lukas Warsberg\" \/>\n\t<meta name=\"twitter:label2\" content=\"Gesch\u00e4tzte Lesezeit\" \/>\n\t<meta name=\"twitter:data2\" content=\"4\u00a0Minuten\" \/>\n<script type=\"application\/ld+json\" class=\"yoast-schema-graph\">{\"@context\":\"https:\/\/schema.org\",\"@graph\":[{\"@type\":\"WebPage\",\"@id\":\"https:\/\/blogs.donboscovolunteers.de\/lukasinmontenegro\/2023\/10\/26\/__trashed\/\",\"url\":\"https:\/\/blogs.donboscovolunteers.de\/lukasinmontenegro\/2023\/10\/26\/__trashed\/\",\"name\":\"Die Zeit davor - Lukas bei den Fu\u00dfballern in Podgorica\",\"isPartOf\":{\"@id\":\"https:\/\/blogs.donboscovolunteers.de\/lukasinmontenegro\/#website\"},\"primaryImageOfPage\":{\"@id\":\"https:\/\/blogs.donboscovolunteers.de\/lukasinmontenegro\/2023\/10\/26\/__trashed\/#primaryimage\"},\"image\":{\"@id\":\"https:\/\/blogs.donboscovolunteers.de\/lukasinmontenegro\/2023\/10\/26\/__trashed\/#primaryimage\"},\"thumbnailUrl\":\"https:\/\/blogs.donboscovolunteers.de\/lukasinmontenegro\/wp-content\/uploads\/sites\/21672\/2023\/10\/IMG_3649-826x1024.jpeg\",\"datePublished\":\"2023-10-26T19:02:21+00:00\",\"dateModified\":\"2024-01-03T20:34:06+00:00\",\"author\":{\"@id\":\"https:\/\/blogs.donboscovolunteers.de\/lukasinmontenegro\/#\/schema\/person\/baa7a1c3f61eb7edbb8d3a29e98e48c8\"},\"description\":\"Vor der Ausreis m\u00f6chte ich etwas \u00fcber die Seminare und das Praktikum in Benediktbeuern berichten.\",\"breadcrumb\":{\"@id\":\"https:\/\/blogs.donboscovolunteers.de\/lukasinmontenegro\/2023\/10\/26\/__trashed\/#breadcrumb\"},\"inLanguage\":\"de\",\"potentialAction\":[{\"@type\":\"ReadAction\",\"target\":[\"https:\/\/blogs.donboscovolunteers.de\/lukasinmontenegro\/2023\/10\/26\/__trashed\/\"]}]},{\"@type\":\"ImageObject\",\"inLanguage\":\"de\",\"@id\":\"https:\/\/blogs.donboscovolunteers.de\/lukasinmontenegro\/2023\/10\/26\/__trashed\/#primaryimage\",\"url\":\"https:\/\/blogs.donboscovolunteers.de\/lukasinmontenegro\/wp-content\/uploads\/sites\/21672\/2023\/10\/IMG_3649.jpeg\",\"contentUrl\":\"https:\/\/blogs.donboscovolunteers.de\/lukasinmontenegro\/wp-content\/uploads\/sites\/21672\/2023\/10\/IMG_3649.jpeg\",\"width\":1032,\"height\":1280},{\"@type\":\"BreadcrumbList\",\"@id\":\"https:\/\/blogs.donboscovolunteers.de\/lukasinmontenegro\/2023\/10\/26\/__trashed\/#breadcrumb\",\"itemListElement\":[{\"@type\":\"ListItem\",\"position\":1,\"name\":\"Startseite\",\"item\":\"https:\/\/blogs.donboscovolunteers.de\/lukasinmontenegro\/\"},{\"@type\":\"ListItem\",\"position\":2,\"name\":\"Die Zeit davor\"}]},{\"@type\":\"WebSite\",\"@id\":\"https:\/\/blogs.donboscovolunteers.de\/lukasinmontenegro\/#website\",\"url\":\"https:\/\/blogs.donboscovolunteers.de\/lukasinmontenegro\/\",\"name\":\"Lukas bei den Fu\u00dfballern in Podgorica\",\"description\":\"Meine Erfahrungen im Freiwilligendienst\",\"potentialAction\":[{\"@type\":\"SearchAction\",\"target\":{\"@type\":\"EntryPoint\",\"urlTemplate\":\"https:\/\/blogs.donboscovolunteers.de\/lukasinmontenegro\/?s={search_term_string}\"},\"query-input\":{\"@type\":\"PropertyValueSpecification\",\"valueRequired\":true,\"valueName\":\"search_term_string\"}}],\"inLanguage\":\"de\"},{\"@type\":\"Person\",\"@id\":\"https:\/\/blogs.donboscovolunteers.de\/lukasinmontenegro\/#\/schema\/person\/baa7a1c3f61eb7edbb8d3a29e98e48c8\",\"name\":\"Lukas Warsberg\",\"image\":{\"@type\":\"ImageObject\",\"inLanguage\":\"de\",\"@id\":\"https:\/\/blogs.donboscovolunteers.de\/lukasinmontenegro\/#\/schema\/person\/image\/\",\"url\":\"https:\/\/secure.gravatar.com\/avatar\/1246c8c48b87d31d6b0a2d41f1895f81c74a465bb809062e6cfa2e0bc80e5d77?s=96&d=mm&r=g\",\"contentUrl\":\"https:\/\/secure.gravatar.com\/avatar\/1246c8c48b87d31d6b0a2d41f1895f81c74a465bb809062e6cfa2e0bc80e5d77?s=96&d=mm&r=g\",\"caption\":\"Lukas Warsberg\"},\"url\":\"https:\/\/blogs.donboscovolunteers.de\/lukasinmontenegro\/author\/lukaswrsbrg\/\"}]}<\/script>\n<!-- \/ Yoast SEO plugin. -->","yoast_head_json":{"title":"Die Zeit davor - Lukas bei den Fu\u00dfballern in Podgorica","description":"Vor der Ausreis m\u00f6chte ich etwas \u00fcber die Seminare und das Praktikum in Benediktbeuern berichten.","robots":{"index":"index","follow":"follow","max-snippet":"max-snippet:-1","max-image-preview":"max-image-preview:large","max-video-preview":"max-video-preview:-1"},"canonical":"https:\/\/blogs.donboscovolunteers.de\/lukasinmontenegro\/2023\/10\/26\/__trashed\/","og_locale":"de_DE","og_type":"article","og_title":"Die Zeit davor - Lukas bei den Fu\u00dfballern in Podgorica","og_description":"Vor der Ausreis m\u00f6chte ich etwas \u00fcber die Seminare und das Praktikum in Benediktbeuern berichten.","og_url":"https:\/\/blogs.donboscovolunteers.de\/lukasinmontenegro\/2023\/10\/26\/__trashed\/","og_site_name":"Lukas bei den Fu\u00dfballern in Podgorica","article_published_time":"2023-10-26T19:02:21+00:00","article_modified_time":"2024-01-03T20:34:06+00:00","og_image":[{"url":"https:\/\/blogs.donboscovolunteers.de\/lukasinmontenegro\/wp-content\/uploads\/sites\/21672\/2023\/10\/IMG_3649-826x1024.jpeg","type":"","width":"","height":""}],"author":"Lukas Warsberg","twitter_card":"summary_large_image","twitter_misc":{"Verfasst von":"Lukas Warsberg","Gesch\u00e4tzte Lesezeit":"4\u00a0Minuten"},"schema":{"@context":"https:\/\/schema.org","@graph":[{"@type":"WebPage","@id":"https:\/\/blogs.donboscovolunteers.de\/lukasinmontenegro\/2023\/10\/26\/__trashed\/","url":"https:\/\/blogs.donboscovolunteers.de\/lukasinmontenegro\/2023\/10\/26\/__trashed\/","name":"Die Zeit davor - Lukas bei den Fu\u00dfballern in Podgorica","isPartOf":{"@id":"https:\/\/blogs.donboscovolunteers.de\/lukasinmontenegro\/#website"},"primaryImageOfPage":{"@id":"https:\/\/blogs.donboscovolunteers.de\/lukasinmontenegro\/2023\/10\/26\/__trashed\/#primaryimage"},"image":{"@id":"https:\/\/blogs.donboscovolunteers.de\/lukasinmontenegro\/2023\/10\/26\/__trashed\/#primaryimage"},"thumbnailUrl":"https:\/\/blogs.donboscovolunteers.de\/lukasinmontenegro\/wp-content\/uploads\/sites\/21672\/2023\/10\/IMG_3649-826x1024.jpeg","datePublished":"2023-10-26T19:02:21+00:00","dateModified":"2024-01-03T20:34:06+00:00","author":{"@id":"https:\/\/blogs.donboscovolunteers.de\/lukasinmontenegro\/#\/schema\/person\/baa7a1c3f61eb7edbb8d3a29e98e48c8"},"description":"Vor der Ausreis m\u00f6chte ich etwas \u00fcber die Seminare und das Praktikum in Benediktbeuern berichten.","breadcrumb":{"@id":"https:\/\/blogs.donboscovolunteers.de\/lukasinmontenegro\/2023\/10\/26\/__trashed\/#breadcrumb"},"inLanguage":"de","potentialAction":[{"@type":"ReadAction","target":["https:\/\/blogs.donboscovolunteers.de\/lukasinmontenegro\/2023\/10\/26\/__trashed\/"]}]},{"@type":"ImageObject","inLanguage":"de","@id":"https:\/\/blogs.donboscovolunteers.de\/lukasinmontenegro\/2023\/10\/26\/__trashed\/#primaryimage","url":"https:\/\/blogs.donboscovolunteers.de\/lukasinmontenegro\/wp-content\/uploads\/sites\/21672\/2023\/10\/IMG_3649.jpeg","contentUrl":"https:\/\/blogs.donboscovolunteers.de\/lukasinmontenegro\/wp-content\/uploads\/sites\/21672\/2023\/10\/IMG_3649.jpeg","width":1032,"height":1280},{"@type":"BreadcrumbList","@id":"https:\/\/blogs.donboscovolunteers.de\/lukasinmontenegro\/2023\/10\/26\/__trashed\/#breadcrumb","itemListElement":[{"@type":"ListItem","position":1,"name":"Startseite","item":"https:\/\/blogs.donboscovolunteers.de\/lukasinmontenegro\/"},{"@type":"ListItem","position":2,"name":"Die Zeit davor"}]},{"@type":"WebSite","@id":"https:\/\/blogs.donboscovolunteers.de\/lukasinmontenegro\/#website","url":"https:\/\/blogs.donboscovolunteers.de\/lukasinmontenegro\/","name":"Lukas bei den Fu\u00dfballern in Podgorica","description":"Meine Erfahrungen im Freiwilligendienst","potentialAction":[{"@type":"SearchAction","target":{"@type":"EntryPoint","urlTemplate":"https:\/\/blogs.donboscovolunteers.de\/lukasinmontenegro\/?s={search_term_string}"},"query-input":{"@type":"PropertyValueSpecification","valueRequired":true,"valueName":"search_term_string"}}],"inLanguage":"de"},{"@type":"Person","@id":"https:\/\/blogs.donboscovolunteers.de\/lukasinmontenegro\/#\/schema\/person\/baa7a1c3f61eb7edbb8d3a29e98e48c8","name":"Lukas Warsberg","image":{"@type":"ImageObject","inLanguage":"de","@id":"https:\/\/blogs.donboscovolunteers.de\/lukasinmontenegro\/#\/schema\/person\/image\/","url":"https:\/\/secure.gravatar.com\/avatar\/1246c8c48b87d31d6b0a2d41f1895f81c74a465bb809062e6cfa2e0bc80e5d77?s=96&d=mm&r=g","contentUrl":"https:\/\/secure.gravatar.com\/avatar\/1246c8c48b87d31d6b0a2d41f1895f81c74a465bb809062e6cfa2e0bc80e5d77?s=96&d=mm&r=g","caption":"Lukas Warsberg"},"url":"https:\/\/blogs.donboscovolunteers.de\/lukasinmontenegro\/author\/lukaswrsbrg\/"}]}},"_links":{"self":[{"href":"https:\/\/blogs.donboscovolunteers.de\/lukasinmontenegro\/wp-json\/wp\/v2\/posts\/107","targetHints":{"allow":["GET"]}}],"collection":[{"href":"https:\/\/blogs.donboscovolunteers.de\/lukasinmontenegro\/wp-json\/wp\/v2\/posts"}],"about":[{"href":"https:\/\/blogs.donboscovolunteers.de\/lukasinmontenegro\/wp-json\/wp\/v2\/types\/post"}],"author":[{"embeddable":true,"href":"https:\/\/blogs.donboscovolunteers.de\/lukasinmontenegro\/wp-json\/wp\/v2\/users\/21770"}],"replies":[{"embeddable":true,"href":"https:\/\/blogs.donboscovolunteers.de\/lukasinmontenegro\/wp-json\/wp\/v2\/comments?post=107"}],"version-history":[{"count":19,"href":"https:\/\/blogs.donboscovolunteers.de\/lukasinmontenegro\/wp-json\/wp\/v2\/posts\/107\/revisions"}],"predecessor-version":[{"id":218,"href":"https:\/\/blogs.donboscovolunteers.de\/lukasinmontenegro\/wp-json\/wp\/v2\/posts\/107\/revisions\/218"}],"wp:attachment":[{"href":"https:\/\/blogs.donboscovolunteers.de\/lukasinmontenegro\/wp-json\/wp\/v2\/media?parent=107"}],"wp:term":[{"taxonomy":"category","embeddable":true,"href":"https:\/\/blogs.donboscovolunteers.de\/lukasinmontenegro\/wp-json\/wp\/v2\/categories?post=107"},{"taxonomy":"post_tag","embeddable":true,"href":"https:\/\/blogs.donboscovolunteers.de\/lukasinmontenegro\/wp-json\/wp\/v2\/tags?post=107"}],"curies":[{"name":"wp","href":"https:\/\/api.w.org\/{rel}","templated":true}]}}