{"id":35,"date":"2018-10-08T07:04:47","date_gmt":"2018-10-08T05:04:47","guid":{"rendered":"https:\/\/blogs.donboscovolunteers.de\/koellumbienjanwachendorf\/?p=35"},"modified":"2018-12-01T23:17:11","modified_gmt":"2018-12-01T22:17:11","slug":"alltag-und-highlight","status":"publish","type":"post","link":"https:\/\/blogs.donboscovolunteers.de\/koellumbienjanwachendorf\/2018\/10\/08\/alltag-und-highlight\/","title":{"rendered":"Alltag und Highlight"},"content":{"rendered":"<p>Hallo alle zusammen,<\/p>\n<p>Nach inzwischen f\u00fcnf ver\u00e4nderungsreichen Wochen in Medell\u00edn, haben wir inzwischen einen mehr oder weniger stabilisierten Alltag. Ver\u00e4nderungen, haupts\u00e4chlich im Bezug auf die Volont\u00e4rsgemeinschaft hier in der Ciudad <a href=\"https:\/\/www.donboscomission.de\/don-bosco\/\">Don Bosco<\/a>. Nachdem etwa zwei Wochen nach unserer Ankunft Diego (ein Volont\u00e4r aus Holland) ankam, sind vor einer Woche unsere beiden Spanierinnen und unsere Venezolanerin nach Hause aufgebrochen. Somit sind wir jetzt nur noch 6 Volont\u00e4re, hinzu kommt, dass Leon und Georg (die beiden Jungs aus \u00d6sterreich) unter der Woche in Amag\u00e1 leben, eine Gemeinde in der N\u00e4he von Medell\u00edn, in der ein weiteres Projekt, von der Ciudad Don Bosco stationiert ist. Das hei\u00dft, wir sind unter der Woche nur vier Volont\u00e4re hier, was eine gro\u00dfe Umstellung zu unseren ersten Tagen ist. In etwa 2 Wochen wird unsere Gruppe dann wieder erweitert, wenn zwei neue Volont\u00e4re aus Spanien kommen und dann ist die Truppe, mit der wir das Jahr hier verbringen werden komplett. Danach werden vermutlich immer mal wieder Besucher f\u00fcr ein paar Wochen kommen, aber die Gruppe die bleibt wird dann nicht mehr gr\u00f6\u00dfer.<\/p>\n<p>Unser Arbeitsalltag hingegen stabilisiert sich mehr und mehr. Nachdem wir nun alle schon jedes der Projekte besucht haben sind wir jetzt alle jeweils einem zugeteilt worden. Das Barrio, dem ich zugeteilt bin hei\u00dft &#8222;Altos de la Torre&#8220; und gef\u00e4llt mir sehr. Hier f\u00e4hrt &#8222;Derecho a So\u00f1ar&#8220; einmal die Woche am Dienstag hin, da werde ich von nun an jedes mal mitfahren. Montags und Donnerstags, fahre ich dann in andere Barrios mit, in welche entscheidet sich recht spontan. Mittwoch und Freitag sind die Tage f\u00fcr Oficina, das hei\u00dft, es gibt B\u00fcroarbeit und wir helfen, wo Hilfe gebraucht wird, das hei\u00dft zwar h\u00e4ufig die klassische Praktikantenarbeit, die keiner machen m\u00f6chte, ist aber auch nicht so schlimm.<\/p>\n<p>Ansonsten ist mein Alltag in der Ciudad Don Bosco in meiner Freizeit sehr angenehm. Wenn gerade nicht Essenszeiten sind, bin ich h\u00e4ufig in der Turnhalle und spiele Basketball, Fu\u00dfball oder anderes mit den Jungs. Hinzu kommt mein Langzeitziel Gitarre spielen zu lernen, womit ich auch einige Zeit verbringe. Ansonsten sind wir h\u00e4ufig zusammen im Gemeinschaftsraum, reden, spielen oder schauen fern (letzteres aber SUUUPER selten, Mama!!). Au\u00dferdem fing diesen Freitag das Fu\u00dfballturnier an, indem sehr viele der Mitarbeiter mitspielen, ein Turnier, dass sich \u00fcber mehrere Wochen hinweg ziehen wird.<\/p>\n<p>Neben dem Alltag, gibt es aber nat\u00fcrlich auch ab und an sehr interessante Highlights. Eines davon, fand heute statt: Mit Samuel, einem Freund von Leon, der gerade durch Amerika reist und einige Wochen in Kolumbien verbringt, sind wir Volunt\u00e4re heute Paragliding gegangen! In einem kleinen Ort am Rand von Medell\u00edn, oben auf einem der Berge, gibt es das Angebot mit einem tollen Blick auf die Stadt Gleitschirm zu fliegen. Die Idee kam sehr spontan am Freitag Abend auf und heute haben wir es dann gemacht. Das ganze war definitiv ein sehr geiles Erlebnis, man hatte einen wirklich beeindruckenden Blick und sowieso ist Paragliding eine empfehlenswerte Aktivit\u00e4t. Auch jetzt noch, nachdem die anf\u00e4nglichen, ultimativ starken Ambitionen den Gleitschirm-F\u00fchrerschein zu machen bereits verflogen sind, bin ich noch immer begeistert von der Aktion.<\/p>\n<p>Alles in allem, stabilisiert sich unsere Position in der Arbeit also zunehmend, \u00e4hnlich wie sich in Deutschland die Position vom FC an der Spitze der zweiten Liga Tabelle stabilisiert. Es bleibt hier weiterhin sehr sch\u00f6n, es macht mir immer noch gro\u00dfen Spa\u00df und die Volunt\u00e4rsgemeinschaft ist noch immer sehr angenehm und famili\u00e4r.<\/p>\n<p>\u00dcber eine kleine Spende w\u00fcrde ich mich wie immer sehr freuen :)!<\/p>\n<p>Ich hoffe in Deutschland ist alles ok und euch allen geht es gut! Viele Gr\u00fc\u00dfe aus Kolumbien!<\/p>\n<p>Jan<\/p>\n<p>&nbsp;<\/p>\n","protected":false},"excerpt":{"rendered":"<p>Hallo alle zusammen, Nach inzwischen f\u00fcnf ver\u00e4nderungsreichen Wochen in Medell\u00edn, haben wir inzwischen einen mehr oder weniger stabilisierten Alltag. Ver\u00e4nderungen, haupts\u00e4chlich im Bezug auf die Volont\u00e4rsgemeinschaft hier in der Ciudad <a href=\"https:\/\/www.donboscomission.de\/don-bosco\/\">Don Bosco<\/a>. Nachdem etwa zwei Wochen nach unserer Ankunft Diego (ein Volont\u00e4r aus Holland) ankam, sind vor einer Woche unsere beiden Spanierinnen und unsere Venezolanerin [&hellip;]<\/p>\n","protected":false},"author":21621,"featured_media":0,"comment_status":"open","ping_status":"open","sticky":false,"template":"","format":"standard","meta":{"footnotes":""},"categories":[1],"tags":[],"class_list":["post-35","post","type-post","status-publish","format-standard","hentry","category-allgemein"],"yoast_head":"<!-- This site is optimized with the Yoast SEO plugin v25.3.1 - https:\/\/yoast.com\/wordpress\/plugins\/seo\/ -->\n<title>Alltag und Highlight - K\u00f6llumbien - Jan Wachendorf<\/title>\n<meta name=\"robots\" content=\"index, follow, max-snippet:-1, max-image-preview:large, max-video-preview:-1\" \/>\n<link rel=\"canonical\" href=\"https:\/\/blogs.donboscovolunteers.de\/koellumbienjanwachendorf\/2018\/10\/08\/alltag-und-highlight\/\" \/>\n<meta property=\"og:locale\" content=\"de_DE\" \/>\n<meta property=\"og:type\" content=\"article\" \/>\n<meta property=\"og:title\" content=\"Alltag und Highlight - K\u00f6llumbien - Jan Wachendorf\" \/>\n<meta property=\"og:description\" content=\"Hallo alle zusammen, Nach inzwischen f\u00fcnf ver\u00e4nderungsreichen Wochen in Medell\u00edn, haben wir inzwischen einen mehr oder weniger stabilisierten Alltag. Ver\u00e4nderungen, haupts\u00e4chlich im Bezug auf die Volont\u00e4rsgemeinschaft hier in der Ciudad Don Bosco. Nachdem etwa zwei Wochen nach unserer Ankunft Diego (ein Volont\u00e4r aus Holland) ankam, sind vor einer Woche unsere beiden Spanierinnen und unsere Venezolanerin [&hellip;]\" \/>\n<meta property=\"og:url\" content=\"https:\/\/blogs.donboscovolunteers.de\/koellumbienjanwachendorf\/2018\/10\/08\/alltag-und-highlight\/\" \/>\n<meta property=\"og:site_name\" content=\"K\u00f6llumbien - Jan Wachendorf\" \/>\n<meta property=\"article:published_time\" content=\"2018-10-08T05:04:47+00:00\" \/>\n<meta property=\"article:modified_time\" content=\"2018-12-01T22:17:11+00:00\" \/>\n<meta name=\"author\" content=\"Jan Wachendorf\" \/>\n<meta name=\"twitter:card\" content=\"summary_large_image\" \/>\n<meta name=\"twitter:label1\" content=\"Verfasst von\" \/>\n\t<meta name=\"twitter:data1\" content=\"Jan Wachendorf\" \/>\n\t<meta name=\"twitter:label2\" content=\"Gesch\u00e4tzte Lesezeit\" \/>\n\t<meta name=\"twitter:data2\" content=\"3\u00a0Minuten\" \/>\n<script type=\"application\/ld+json\" class=\"yoast-schema-graph\">{\"@context\":\"https:\/\/schema.org\",\"@graph\":[{\"@type\":\"WebPage\",\"@id\":\"https:\/\/blogs.donboscovolunteers.de\/koellumbienjanwachendorf\/2018\/10\/08\/alltag-und-highlight\/\",\"url\":\"https:\/\/blogs.donboscovolunteers.de\/koellumbienjanwachendorf\/2018\/10\/08\/alltag-und-highlight\/\",\"name\":\"Alltag und Highlight - K\u00f6llumbien - Jan Wachendorf\",\"isPartOf\":{\"@id\":\"https:\/\/blogs.donboscovolunteers.de\/koellumbienjanwachendorf\/#website\"},\"datePublished\":\"2018-10-08T05:04:47+00:00\",\"dateModified\":\"2018-12-01T22:17:11+00:00\",\"author\":{\"@id\":\"https:\/\/blogs.donboscovolunteers.de\/koellumbienjanwachendorf\/#\/schema\/person\/ef58f90cc33c7d7747d0fb280c9895e6\"},\"breadcrumb\":{\"@id\":\"https:\/\/blogs.donboscovolunteers.de\/koellumbienjanwachendorf\/2018\/10\/08\/alltag-und-highlight\/#breadcrumb\"},\"inLanguage\":\"de\",\"potentialAction\":[{\"@type\":\"ReadAction\",\"target\":[\"https:\/\/blogs.donboscovolunteers.de\/koellumbienjanwachendorf\/2018\/10\/08\/alltag-und-highlight\/\"]}]},{\"@type\":\"BreadcrumbList\",\"@id\":\"https:\/\/blogs.donboscovolunteers.de\/koellumbienjanwachendorf\/2018\/10\/08\/alltag-und-highlight\/#breadcrumb\",\"itemListElement\":[{\"@type\":\"ListItem\",\"position\":1,\"name\":\"Startseite\",\"item\":\"https:\/\/blogs.donboscovolunteers.de\/koellumbienjanwachendorf\/\"},{\"@type\":\"ListItem\",\"position\":2,\"name\":\"Alltag und Highlight\"}]},{\"@type\":\"WebSite\",\"@id\":\"https:\/\/blogs.donboscovolunteers.de\/koellumbienjanwachendorf\/#website\",\"url\":\"https:\/\/blogs.donboscovolunteers.de\/koellumbienjanwachendorf\/\",\"name\":\"K\u00f6llumbien - Jan Wachendorf\",\"description\":\"Jeck in Medll\u00edn\",\"potentialAction\":[{\"@type\":\"SearchAction\",\"target\":{\"@type\":\"EntryPoint\",\"urlTemplate\":\"https:\/\/blogs.donboscovolunteers.de\/koellumbienjanwachendorf\/?s={search_term_string}\"},\"query-input\":{\"@type\":\"PropertyValueSpecification\",\"valueRequired\":true,\"valueName\":\"search_term_string\"}}],\"inLanguage\":\"de\"},{\"@type\":\"Person\",\"@id\":\"https:\/\/blogs.donboscovolunteers.de\/koellumbienjanwachendorf\/#\/schema\/person\/ef58f90cc33c7d7747d0fb280c9895e6\",\"name\":\"Jan Wachendorf\",\"image\":{\"@type\":\"ImageObject\",\"inLanguage\":\"de\",\"@id\":\"https:\/\/blogs.donboscovolunteers.de\/koellumbienjanwachendorf\/#\/schema\/person\/image\/\",\"url\":\"https:\/\/secure.gravatar.com\/avatar\/2cd8d7af90793a87c94f6581cac253b18a8d9f852a39270a8112ec5e01a3a79d?s=96&d=mm&r=g\",\"contentUrl\":\"https:\/\/secure.gravatar.com\/avatar\/2cd8d7af90793a87c94f6581cac253b18a8d9f852a39270a8112ec5e01a3a79d?s=96&d=mm&r=g\",\"caption\":\"Jan Wachendorf\"},\"description\":\"Ich bin Jan Wachendorf, 18 Jahre alt und komme aus &quot;der sch\u00f6nsten Stadt Deutschlands&quot; (Zitat: FC-K\u00f6ln-Stadionsprecher) . Viel mehr verrate ich f\u00fcrs erste nicht, die Blogs werden allerdings definitiv interessanter.\",\"url\":\"https:\/\/blogs.donboscovolunteers.de\/koellumbienjanwachendorf\/author\/janwachendorf\/\"}]}<\/script>\n<!-- \/ Yoast SEO plugin. -->","yoast_head_json":{"title":"Alltag und Highlight - K\u00f6llumbien - Jan Wachendorf","robots":{"index":"index","follow":"follow","max-snippet":"max-snippet:-1","max-image-preview":"max-image-preview:large","max-video-preview":"max-video-preview:-1"},"canonical":"https:\/\/blogs.donboscovolunteers.de\/koellumbienjanwachendorf\/2018\/10\/08\/alltag-und-highlight\/","og_locale":"de_DE","og_type":"article","og_title":"Alltag und Highlight - K\u00f6llumbien - Jan Wachendorf","og_description":"Hallo alle zusammen, Nach inzwischen f\u00fcnf ver\u00e4nderungsreichen Wochen in Medell\u00edn, haben wir inzwischen einen mehr oder weniger stabilisierten Alltag. Ver\u00e4nderungen, haupts\u00e4chlich im Bezug auf die Volont\u00e4rsgemeinschaft hier in der Ciudad Don Bosco. Nachdem etwa zwei Wochen nach unserer Ankunft Diego (ein Volont\u00e4r aus Holland) ankam, sind vor einer Woche unsere beiden Spanierinnen und unsere Venezolanerin [&hellip;]","og_url":"https:\/\/blogs.donboscovolunteers.de\/koellumbienjanwachendorf\/2018\/10\/08\/alltag-und-highlight\/","og_site_name":"K\u00f6llumbien - Jan Wachendorf","article_published_time":"2018-10-08T05:04:47+00:00","article_modified_time":"2018-12-01T22:17:11+00:00","author":"Jan Wachendorf","twitter_card":"summary_large_image","twitter_misc":{"Verfasst von":"Jan Wachendorf","Gesch\u00e4tzte Lesezeit":"3\u00a0Minuten"},"schema":{"@context":"https:\/\/schema.org","@graph":[{"@type":"WebPage","@id":"https:\/\/blogs.donboscovolunteers.de\/koellumbienjanwachendorf\/2018\/10\/08\/alltag-und-highlight\/","url":"https:\/\/blogs.donboscovolunteers.de\/koellumbienjanwachendorf\/2018\/10\/08\/alltag-und-highlight\/","name":"Alltag und Highlight - K\u00f6llumbien - Jan Wachendorf","isPartOf":{"@id":"https:\/\/blogs.donboscovolunteers.de\/koellumbienjanwachendorf\/#website"},"datePublished":"2018-10-08T05:04:47+00:00","dateModified":"2018-12-01T22:17:11+00:00","author":{"@id":"https:\/\/blogs.donboscovolunteers.de\/koellumbienjanwachendorf\/#\/schema\/person\/ef58f90cc33c7d7747d0fb280c9895e6"},"breadcrumb":{"@id":"https:\/\/blogs.donboscovolunteers.de\/koellumbienjanwachendorf\/2018\/10\/08\/alltag-und-highlight\/#breadcrumb"},"inLanguage":"de","potentialAction":[{"@type":"ReadAction","target":["https:\/\/blogs.donboscovolunteers.de\/koellumbienjanwachendorf\/2018\/10\/08\/alltag-und-highlight\/"]}]},{"@type":"BreadcrumbList","@id":"https:\/\/blogs.donboscovolunteers.de\/koellumbienjanwachendorf\/2018\/10\/08\/alltag-und-highlight\/#breadcrumb","itemListElement":[{"@type":"ListItem","position":1,"name":"Startseite","item":"https:\/\/blogs.donboscovolunteers.de\/koellumbienjanwachendorf\/"},{"@type":"ListItem","position":2,"name":"Alltag und Highlight"}]},{"@type":"WebSite","@id":"https:\/\/blogs.donboscovolunteers.de\/koellumbienjanwachendorf\/#website","url":"https:\/\/blogs.donboscovolunteers.de\/koellumbienjanwachendorf\/","name":"K\u00f6llumbien - Jan Wachendorf","description":"Jeck in Medll\u00edn","potentialAction":[{"@type":"SearchAction","target":{"@type":"EntryPoint","urlTemplate":"https:\/\/blogs.donboscovolunteers.de\/koellumbienjanwachendorf\/?s={search_term_string}"},"query-input":{"@type":"PropertyValueSpecification","valueRequired":true,"valueName":"search_term_string"}}],"inLanguage":"de"},{"@type":"Person","@id":"https:\/\/blogs.donboscovolunteers.de\/koellumbienjanwachendorf\/#\/schema\/person\/ef58f90cc33c7d7747d0fb280c9895e6","name":"Jan Wachendorf","image":{"@type":"ImageObject","inLanguage":"de","@id":"https:\/\/blogs.donboscovolunteers.de\/koellumbienjanwachendorf\/#\/schema\/person\/image\/","url":"https:\/\/secure.gravatar.com\/avatar\/2cd8d7af90793a87c94f6581cac253b18a8d9f852a39270a8112ec5e01a3a79d?s=96&d=mm&r=g","contentUrl":"https:\/\/secure.gravatar.com\/avatar\/2cd8d7af90793a87c94f6581cac253b18a8d9f852a39270a8112ec5e01a3a79d?s=96&d=mm&r=g","caption":"Jan Wachendorf"},"description":"Ich bin Jan Wachendorf, 18 Jahre alt und komme aus &quot;der sch\u00f6nsten Stadt Deutschlands&quot; (Zitat: FC-K\u00f6ln-Stadionsprecher) . Viel mehr verrate ich f\u00fcrs erste nicht, die Blogs werden allerdings definitiv interessanter.","url":"https:\/\/blogs.donboscovolunteers.de\/koellumbienjanwachendorf\/author\/janwachendorf\/"}]}},"_links":{"self":[{"href":"https:\/\/blogs.donboscovolunteers.de\/koellumbienjanwachendorf\/wp-json\/wp\/v2\/posts\/35","targetHints":{"allow":["GET"]}}],"collection":[{"href":"https:\/\/blogs.donboscovolunteers.de\/koellumbienjanwachendorf\/wp-json\/wp\/v2\/posts"}],"about":[{"href":"https:\/\/blogs.donboscovolunteers.de\/koellumbienjanwachendorf\/wp-json\/wp\/v2\/types\/post"}],"author":[{"embeddable":true,"href":"https:\/\/blogs.donboscovolunteers.de\/koellumbienjanwachendorf\/wp-json\/wp\/v2\/users\/21621"}],"replies":[{"embeddable":true,"href":"https:\/\/blogs.donboscovolunteers.de\/koellumbienjanwachendorf\/wp-json\/wp\/v2\/comments?post=35"}],"version-history":[{"count":5,"href":"https:\/\/blogs.donboscovolunteers.de\/koellumbienjanwachendorf\/wp-json\/wp\/v2\/posts\/35\/revisions"}],"predecessor-version":[{"id":59,"href":"https:\/\/blogs.donboscovolunteers.de\/koellumbienjanwachendorf\/wp-json\/wp\/v2\/posts\/35\/revisions\/59"}],"wp:attachment":[{"href":"https:\/\/blogs.donboscovolunteers.de\/koellumbienjanwachendorf\/wp-json\/wp\/v2\/media?parent=35"}],"wp:term":[{"taxonomy":"category","embeddable":true,"href":"https:\/\/blogs.donboscovolunteers.de\/koellumbienjanwachendorf\/wp-json\/wp\/v2\/categories?post=35"},{"taxonomy":"post_tag","embeddable":true,"href":"https:\/\/blogs.donboscovolunteers.de\/koellumbienjanwachendorf\/wp-json\/wp\/v2\/tags?post=35"}],"curies":[{"name":"wp","href":"https:\/\/api.w.org\/{rel}","templated":true}]}}