{"id":12,"date":"2018-09-08T23:50:34","date_gmt":"2018-09-08T21:50:34","guid":{"rendered":"https:\/\/blogs.donboscovolunteers.de\/koellumbienjanwachendorf\/?p=12"},"modified":"2018-12-01T23:16:20","modified_gmt":"2018-12-01T22:16:20","slug":"die-ersten-tage","status":"publish","type":"post","link":"https:\/\/blogs.donboscovolunteers.de\/koellumbienjanwachendorf\/2018\/09\/08\/die-ersten-tage\/","title":{"rendered":"Erste Tage, erste Eindr\u00fccke"},"content":{"rendered":"<p>Hallo zusammen,<\/p>\n<p>Willkommen auf meinem Blog! Hier berichte ich von meinen Erfahrungen und pers\u00f6nlichen Eindr\u00fccken des Lebens in der Ciudad <a href=\"https:\/\/www.donboscomission.de\/don-bosco\/\">Don Bosco<\/a>, in Medell\u00edn und grunds\u00e4tzlich w\u00e4hrend meines Freiwilligendienstes.<\/p>\n<p>Leopold und ich sind inzwischen schon eine Woche in Medell\u00edn und haben auch schon einiges miterlebt, haben die Zeit aber vor allem genutzt um in der Ciudad Don Bosco anzukommen und uns ein wenig einzuleben.<\/p>\n<p>Zusammen mit aktuell sechs weiteren Volont\u00e4ren (3 \u00d6sterreicher, 2 Spanierinnen und eine Venezolanerin) leben wir in einer Art WG, zu der nur die Volont\u00e4re und die Mitarbeiter Zutritt haben. Hier wohnen wir immer zu zweit in einem Zimmer und teilen uns alle zusammen einen Gemeinschaftsraum, mit einer kleinen K\u00fcche.<\/p>\n<p>Neben dem Auspacken und Zimmer einrichten war auch das emotionale Ankommen keine gro\u00dfe Schwierigkeit, da wir sowohl von den Volont\u00e4ren und Mitarbeitern, als auch von den Jungs sehr offen und freundlich empfangen wurden. Nat\u00fcrlich gehen die Konversationen noch immer etwas schleppend voran, da wir uns beide noch nicht v\u00f6llig problemlos im Spanischen bewegen, doch auch das wird schon nach diesen wenigen Tagen deutlich besser. Hinzu kommt, dass zum gemeinsamen Fu\u00dfball oder Basketball spielen nicht viel oder komplexes beredet werden muss.<\/p>\n<p>Zum Thema Sport l\u00e4sst sich zudem noch sagen, dass wir zwar im Basketball durch unsere, im hiesigen Verh\u00e4ltnis fast riesenhafte Gr\u00f6\u00dfe, definitiv noch im Vorteil sind, in Sachen Fu\u00dfball allerdings v\u00f6llig chancenlos dastehen. Dennoch macht es viel Spa\u00df mit den Jungs zu spielen, insbesondere, da gerade der Fu\u00dfball eine gute Art ist die anderen kennenzulernen.<\/p>\n<p>Genug zum Thema des Lebens innerhalb der Ciudad Don Bosco, jetzt etwas mehr zu dem, was wir bei den verschiedenen Ausfl\u00fcgen in die Stadt erlebt haben. Das erste was schon bei der Autofahrt vom Flughafen hierhin am Samstag klar wurde: Der Stra\u00dfenbau und der zum Teil damit einhergehende Verkehr! Da Medell\u00edn in einem Tal liegt aber keineswegs eine kleine Stadt ist, wird auch viel auf dem Gef\u00e4lle, dass die Innenstadt einschlie\u00dft gebaut. Das eigentlich problematische daran ist aber, dass die Stra\u00dfen, nicht wie in Deutschland so kurvenreich wie m\u00f6glich gelegt sind, sodass allzu steile Passagen vermieden werden k\u00f6nnen, sondern, dass sich in Medell\u00edn das genaue Gegenteil davon feststellen l\u00e4sst. Die Stra\u00dfen sind zu gro\u00dfen Teilen wirklich v\u00f6llig geradeaus nach oben gebaut worden und somit enorm steil. Das w\u00e4re jetzt nur die ein Sache, aber jetzt kommt der Verkehr dazu: Neben den unz\u00e4hligen Motorr\u00e4dern (es scheint als bes\u00e4\u00dfe jeder \u00fcber 15 Jahre alte Bewohner der Stadt eines) die sich \u00fcberall mit einem Affenzahn durschl\u00e4ngeln, erscheint es mir, als f\u00fchre auch jeder Auto-, LKW-, oder Busfahrer nur so, wie er es m\u00f6chte, jegliche, f\u00fcr uns normale Verkehrsregel missachtend. Dies wurde schon auf der ersten Autofahrt von Leyre, einer der Koordinatorinnen f\u00fcr die Volont\u00e4re, best\u00e4tigt: &#8222;Bienvenidos a la ciudad del Chaos!&#8220;<\/p>\n<p>Am Sonntag, sind wir dann mit einer kleinen Gruppe via Bus in die Stadt gefahren (die Busfahrten in Medell\u00edn stellen jede Achterbahn in den Schatten) und haben die Comuna 13 besichtigt, ein Bereich Medell\u00edns, der von einer gef\u00e4hrlichen Vergangenheit gepr\u00e4gt ist und heutzutage mit vielen Graffitis versch\u00f6nert ein touristisches Highlight der Stadt darstellt.<\/p>\n<p>Nachdem wir am Montag einiges an Formalit\u00e4ten erledigt haben fuhren Leopold und ich am Dienstag zum ersten Mal mit Mitarbeitern des Programms &#8222;Derecho a So\u00f1ar&#8220;, in welchem wir arbeiten werden, in ein jeweils anderes Projekt. Das ganze Programm kenne ich noch nicht besonders gut, daher will ich noch nicht zu viel dar\u00fcber erz\u00e4hlen, ich wei\u00df allerdings, dass sie Projekte in vier verschiedenen Barrios, in Medell\u00edn verteilt haben. Das Barrio, in welches ich am Dienstag mitgefahren bin hei\u00dft &#8222;Altos de la Torre&#8220; und ist mit dem Taxi bestimmt mindestens 45 Minuten von der Ciudad Don Bosco entfernt. Im Projekt bestand die Arbeit darin, zweimal etwa 1,5 Stunden mit den Kindern einige Kreisspiele zu spielen und zu reden, zwischen den zwei Terminen konnte man ebenfalls ein bisschen mit den Kindern reden und spielen.<\/p>\n<p>Nachdem ich am Donnerstag in ein weiteres der Projekt des Programms mitfuhr (Carpinelo), stand gestern, am Freitag, ein Treffen einiger Kinder aus allen vier Projekten in der Ciudad Don Bosco auf dem Programm. Das Ganze begann mit einer Messe (Padre Andr\u00e9s, ein junger, sympathischer Padre aus der Ciudad Don Bosco hielt einen Gottesdienst, der allen Kindern Spa\u00df machte), im Anschluss wurde eine Art Puzzle in drei Teams gespielt und nach dem Mittagessen ging es mit allen in den Pool.<\/p>\n<p>Insgesamt hat mir meine erste Woche hier in der Ciudad Don Bosco gro\u00dfen Spa\u00df gemacht und ich denke ich habe auch schon einiges erlebt.<\/p>\n<p>Ich werde meinen Blog in den kommenden Tagen weiter einrichten und hoffentlich auch noch interessanter als er ohnehin schon ist gestalten. Auch \u00fcber meine Arbeit und \u00fcber &#8222;Derecho a So\u00f1ar&#8220; im allgemeinen berichten.<\/p>\n<p>Bis dahin, viele Gr\u00fc\u00dfe aus der Stadt des ewigen Fr\u00fchlings<\/p>\n<p>Jan<\/p>\n<p><img loading=\"lazy\" decoding=\"async\" class=\"size-medium wp-image-13 aligncenter\" src=\"https:\/\/blogs.donboscovolunteers.de\/koellumbienjanwachendorf\/wp-content\/uploads\/sites\/21565\/2018\/09\/QWKA8798-300x169.jpg\" alt=\"\" width=\"300\" height=\"169\" srcset=\"https:\/\/blogs.donboscovolunteers.de\/koellumbienjanwachendorf\/wp-content\/uploads\/sites\/21565\/2018\/09\/QWKA8798-300x169.jpg 300w, https:\/\/blogs.donboscovolunteers.de\/koellumbienjanwachendorf\/wp-content\/uploads\/sites\/21565\/2018\/09\/QWKA8798-768x432.jpg 768w, https:\/\/blogs.donboscovolunteers.de\/koellumbienjanwachendorf\/wp-content\/uploads\/sites\/21565\/2018\/09\/QWKA8798-1024x576.jpg 1024w, https:\/\/blogs.donboscovolunteers.de\/koellumbienjanwachendorf\/wp-content\/uploads\/sites\/21565\/2018\/09\/QWKA8798-900x506.jpg 900w, https:\/\/blogs.donboscovolunteers.de\/koellumbienjanwachendorf\/wp-content\/uploads\/sites\/21565\/2018\/09\/QWKA8798.jpg 1280w\" sizes=\"auto, (max-width: 300px) 100vw, 300px\" \/><\/p>\n","protected":false},"excerpt":{"rendered":"<p>Hallo zusammen, Willkommen auf meinem Blog! Hier berichte ich von meinen Erfahrungen und pers\u00f6nlichen Eindr\u00fccken des Lebens in der Ciudad <a href=\"https:\/\/www.donboscomission.de\/don-bosco\/\">Don Bosco<\/a>, in Medell\u00edn und grunds\u00e4tzlich w\u00e4hrend meines Freiwilligendienstes. Leopold und ich sind inzwischen schon eine Woche in Medell\u00edn und haben auch schon einiges miterlebt, haben die Zeit aber vor allem genutzt um in der [&hellip;]<\/p>\n","protected":false},"author":21621,"featured_media":0,"comment_status":"open","ping_status":"open","sticky":false,"template":"","format":"standard","meta":{"footnotes":""},"categories":[1],"tags":[],"class_list":["post-12","post","type-post","status-publish","format-standard","hentry","category-allgemein"],"yoast_head":"<!-- This site is optimized with the Yoast SEO plugin v25.3.1 - https:\/\/yoast.com\/wordpress\/plugins\/seo\/ -->\n<title>Erste Tage, erste Eindr\u00fccke - K\u00f6llumbien - Jan Wachendorf<\/title>\n<meta name=\"robots\" content=\"index, follow, max-snippet:-1, max-image-preview:large, max-video-preview:-1\" \/>\n<link rel=\"canonical\" href=\"https:\/\/blogs.donboscovolunteers.de\/koellumbienjanwachendorf\/2018\/09\/08\/die-ersten-tage\/\" \/>\n<meta property=\"og:locale\" content=\"de_DE\" \/>\n<meta property=\"og:type\" content=\"article\" \/>\n<meta property=\"og:title\" content=\"Erste Tage, erste Eindr\u00fccke - K\u00f6llumbien - Jan Wachendorf\" \/>\n<meta property=\"og:description\" content=\"Hallo zusammen, Willkommen auf meinem Blog! Hier berichte ich von meinen Erfahrungen und pers\u00f6nlichen Eindr\u00fccken des Lebens in der Ciudad Don Bosco, in Medell\u00edn und grunds\u00e4tzlich w\u00e4hrend meines Freiwilligendienstes. Leopold und ich sind inzwischen schon eine Woche in Medell\u00edn und haben auch schon einiges miterlebt, haben die Zeit aber vor allem genutzt um in der [&hellip;]\" \/>\n<meta property=\"og:url\" content=\"https:\/\/blogs.donboscovolunteers.de\/koellumbienjanwachendorf\/2018\/09\/08\/die-ersten-tage\/\" \/>\n<meta property=\"og:site_name\" content=\"K\u00f6llumbien - Jan Wachendorf\" \/>\n<meta property=\"article:published_time\" content=\"2018-09-08T21:50:34+00:00\" \/>\n<meta property=\"article:modified_time\" content=\"2018-12-01T22:16:20+00:00\" \/>\n<meta property=\"og:image\" content=\"https:\/\/blogs.donboscovolunteers.de\/koellumbienjanwachendorf\/wp-content\/uploads\/sites\/21565\/2018\/09\/QWKA8798-300x169.jpg\" \/>\n<meta name=\"author\" content=\"Jan Wachendorf\" \/>\n<meta name=\"twitter:card\" content=\"summary_large_image\" \/>\n<meta name=\"twitter:label1\" content=\"Verfasst von\" \/>\n\t<meta name=\"twitter:data1\" content=\"Jan Wachendorf\" \/>\n\t<meta name=\"twitter:label2\" content=\"Gesch\u00e4tzte Lesezeit\" \/>\n\t<meta name=\"twitter:data2\" content=\"4\u00a0Minuten\" \/>\n<script type=\"application\/ld+json\" class=\"yoast-schema-graph\">{\"@context\":\"https:\/\/schema.org\",\"@graph\":[{\"@type\":\"WebPage\",\"@id\":\"https:\/\/blogs.donboscovolunteers.de\/koellumbienjanwachendorf\/2018\/09\/08\/die-ersten-tage\/\",\"url\":\"https:\/\/blogs.donboscovolunteers.de\/koellumbienjanwachendorf\/2018\/09\/08\/die-ersten-tage\/\",\"name\":\"Erste Tage, erste Eindr\u00fccke - K\u00f6llumbien - Jan Wachendorf\",\"isPartOf\":{\"@id\":\"https:\/\/blogs.donboscovolunteers.de\/koellumbienjanwachendorf\/#website\"},\"primaryImageOfPage\":{\"@id\":\"https:\/\/blogs.donboscovolunteers.de\/koellumbienjanwachendorf\/2018\/09\/08\/die-ersten-tage\/#primaryimage\"},\"image\":{\"@id\":\"https:\/\/blogs.donboscovolunteers.de\/koellumbienjanwachendorf\/2018\/09\/08\/die-ersten-tage\/#primaryimage\"},\"thumbnailUrl\":\"https:\/\/blogs.donboscovolunteers.de\/koellumbienjanwachendorf\/wp-content\/uploads\/sites\/21565\/2018\/09\/QWKA8798-300x169.jpg\",\"datePublished\":\"2018-09-08T21:50:34+00:00\",\"dateModified\":\"2018-12-01T22:16:20+00:00\",\"author\":{\"@id\":\"https:\/\/blogs.donboscovolunteers.de\/koellumbienjanwachendorf\/#\/schema\/person\/ef58f90cc33c7d7747d0fb280c9895e6\"},\"breadcrumb\":{\"@id\":\"https:\/\/blogs.donboscovolunteers.de\/koellumbienjanwachendorf\/2018\/09\/08\/die-ersten-tage\/#breadcrumb\"},\"inLanguage\":\"de\",\"potentialAction\":[{\"@type\":\"ReadAction\",\"target\":[\"https:\/\/blogs.donboscovolunteers.de\/koellumbienjanwachendorf\/2018\/09\/08\/die-ersten-tage\/\"]}]},{\"@type\":\"ImageObject\",\"inLanguage\":\"de\",\"@id\":\"https:\/\/blogs.donboscovolunteers.de\/koellumbienjanwachendorf\/2018\/09\/08\/die-ersten-tage\/#primaryimage\",\"url\":\"https:\/\/blogs.donboscovolunteers.de\/koellumbienjanwachendorf\/wp-content\/uploads\/sites\/21565\/2018\/09\/QWKA8798.jpg\",\"contentUrl\":\"https:\/\/blogs.donboscovolunteers.de\/koellumbienjanwachendorf\/wp-content\/uploads\/sites\/21565\/2018\/09\/QWKA8798.jpg\",\"width\":1280,\"height\":720},{\"@type\":\"BreadcrumbList\",\"@id\":\"https:\/\/blogs.donboscovolunteers.de\/koellumbienjanwachendorf\/2018\/09\/08\/die-ersten-tage\/#breadcrumb\",\"itemListElement\":[{\"@type\":\"ListItem\",\"position\":1,\"name\":\"Startseite\",\"item\":\"https:\/\/blogs.donboscovolunteers.de\/koellumbienjanwachendorf\/\"},{\"@type\":\"ListItem\",\"position\":2,\"name\":\"Erste Tage, erste Eindr\u00fccke\"}]},{\"@type\":\"WebSite\",\"@id\":\"https:\/\/blogs.donboscovolunteers.de\/koellumbienjanwachendorf\/#website\",\"url\":\"https:\/\/blogs.donboscovolunteers.de\/koellumbienjanwachendorf\/\",\"name\":\"K\u00f6llumbien - Jan Wachendorf\",\"description\":\"Jeck in Medll\u00edn\",\"potentialAction\":[{\"@type\":\"SearchAction\",\"target\":{\"@type\":\"EntryPoint\",\"urlTemplate\":\"https:\/\/blogs.donboscovolunteers.de\/koellumbienjanwachendorf\/?s={search_term_string}\"},\"query-input\":{\"@type\":\"PropertyValueSpecification\",\"valueRequired\":true,\"valueName\":\"search_term_string\"}}],\"inLanguage\":\"de\"},{\"@type\":\"Person\",\"@id\":\"https:\/\/blogs.donboscovolunteers.de\/koellumbienjanwachendorf\/#\/schema\/person\/ef58f90cc33c7d7747d0fb280c9895e6\",\"name\":\"Jan Wachendorf\",\"image\":{\"@type\":\"ImageObject\",\"inLanguage\":\"de\",\"@id\":\"https:\/\/blogs.donboscovolunteers.de\/koellumbienjanwachendorf\/#\/schema\/person\/image\/\",\"url\":\"https:\/\/secure.gravatar.com\/avatar\/2cd8d7af90793a87c94f6581cac253b18a8d9f852a39270a8112ec5e01a3a79d?s=96&d=mm&r=g\",\"contentUrl\":\"https:\/\/secure.gravatar.com\/avatar\/2cd8d7af90793a87c94f6581cac253b18a8d9f852a39270a8112ec5e01a3a79d?s=96&d=mm&r=g\",\"caption\":\"Jan Wachendorf\"},\"description\":\"Ich bin Jan Wachendorf, 18 Jahre alt und komme aus &quot;der sch\u00f6nsten Stadt Deutschlands&quot; (Zitat: FC-K\u00f6ln-Stadionsprecher) . Viel mehr verrate ich f\u00fcrs erste nicht, die Blogs werden allerdings definitiv interessanter.\",\"url\":\"https:\/\/blogs.donboscovolunteers.de\/koellumbienjanwachendorf\/author\/janwachendorf\/\"}]}<\/script>\n<!-- \/ Yoast SEO plugin. -->","yoast_head_json":{"title":"Erste Tage, erste Eindr\u00fccke - K\u00f6llumbien - Jan Wachendorf","robots":{"index":"index","follow":"follow","max-snippet":"max-snippet:-1","max-image-preview":"max-image-preview:large","max-video-preview":"max-video-preview:-1"},"canonical":"https:\/\/blogs.donboscovolunteers.de\/koellumbienjanwachendorf\/2018\/09\/08\/die-ersten-tage\/","og_locale":"de_DE","og_type":"article","og_title":"Erste Tage, erste Eindr\u00fccke - K\u00f6llumbien - Jan Wachendorf","og_description":"Hallo zusammen, Willkommen auf meinem Blog! Hier berichte ich von meinen Erfahrungen und pers\u00f6nlichen Eindr\u00fccken des Lebens in der Ciudad Don Bosco, in Medell\u00edn und grunds\u00e4tzlich w\u00e4hrend meines Freiwilligendienstes. Leopold und ich sind inzwischen schon eine Woche in Medell\u00edn und haben auch schon einiges miterlebt, haben die Zeit aber vor allem genutzt um in der [&hellip;]","og_url":"https:\/\/blogs.donboscovolunteers.de\/koellumbienjanwachendorf\/2018\/09\/08\/die-ersten-tage\/","og_site_name":"K\u00f6llumbien - Jan Wachendorf","article_published_time":"2018-09-08T21:50:34+00:00","article_modified_time":"2018-12-01T22:16:20+00:00","og_image":[{"url":"https:\/\/blogs.donboscovolunteers.de\/koellumbienjanwachendorf\/wp-content\/uploads\/sites\/21565\/2018\/09\/QWKA8798-300x169.jpg","type":"","width":"","height":""}],"author":"Jan Wachendorf","twitter_card":"summary_large_image","twitter_misc":{"Verfasst von":"Jan Wachendorf","Gesch\u00e4tzte Lesezeit":"4\u00a0Minuten"},"schema":{"@context":"https:\/\/schema.org","@graph":[{"@type":"WebPage","@id":"https:\/\/blogs.donboscovolunteers.de\/koellumbienjanwachendorf\/2018\/09\/08\/die-ersten-tage\/","url":"https:\/\/blogs.donboscovolunteers.de\/koellumbienjanwachendorf\/2018\/09\/08\/die-ersten-tage\/","name":"Erste Tage, erste Eindr\u00fccke - K\u00f6llumbien - Jan Wachendorf","isPartOf":{"@id":"https:\/\/blogs.donboscovolunteers.de\/koellumbienjanwachendorf\/#website"},"primaryImageOfPage":{"@id":"https:\/\/blogs.donboscovolunteers.de\/koellumbienjanwachendorf\/2018\/09\/08\/die-ersten-tage\/#primaryimage"},"image":{"@id":"https:\/\/blogs.donboscovolunteers.de\/koellumbienjanwachendorf\/2018\/09\/08\/die-ersten-tage\/#primaryimage"},"thumbnailUrl":"https:\/\/blogs.donboscovolunteers.de\/koellumbienjanwachendorf\/wp-content\/uploads\/sites\/21565\/2018\/09\/QWKA8798-300x169.jpg","datePublished":"2018-09-08T21:50:34+00:00","dateModified":"2018-12-01T22:16:20+00:00","author":{"@id":"https:\/\/blogs.donboscovolunteers.de\/koellumbienjanwachendorf\/#\/schema\/person\/ef58f90cc33c7d7747d0fb280c9895e6"},"breadcrumb":{"@id":"https:\/\/blogs.donboscovolunteers.de\/koellumbienjanwachendorf\/2018\/09\/08\/die-ersten-tage\/#breadcrumb"},"inLanguage":"de","potentialAction":[{"@type":"ReadAction","target":["https:\/\/blogs.donboscovolunteers.de\/koellumbienjanwachendorf\/2018\/09\/08\/die-ersten-tage\/"]}]},{"@type":"ImageObject","inLanguage":"de","@id":"https:\/\/blogs.donboscovolunteers.de\/koellumbienjanwachendorf\/2018\/09\/08\/die-ersten-tage\/#primaryimage","url":"https:\/\/blogs.donboscovolunteers.de\/koellumbienjanwachendorf\/wp-content\/uploads\/sites\/21565\/2018\/09\/QWKA8798.jpg","contentUrl":"https:\/\/blogs.donboscovolunteers.de\/koellumbienjanwachendorf\/wp-content\/uploads\/sites\/21565\/2018\/09\/QWKA8798.jpg","width":1280,"height":720},{"@type":"BreadcrumbList","@id":"https:\/\/blogs.donboscovolunteers.de\/koellumbienjanwachendorf\/2018\/09\/08\/die-ersten-tage\/#breadcrumb","itemListElement":[{"@type":"ListItem","position":1,"name":"Startseite","item":"https:\/\/blogs.donboscovolunteers.de\/koellumbienjanwachendorf\/"},{"@type":"ListItem","position":2,"name":"Erste Tage, erste Eindr\u00fccke"}]},{"@type":"WebSite","@id":"https:\/\/blogs.donboscovolunteers.de\/koellumbienjanwachendorf\/#website","url":"https:\/\/blogs.donboscovolunteers.de\/koellumbienjanwachendorf\/","name":"K\u00f6llumbien - Jan Wachendorf","description":"Jeck in Medll\u00edn","potentialAction":[{"@type":"SearchAction","target":{"@type":"EntryPoint","urlTemplate":"https:\/\/blogs.donboscovolunteers.de\/koellumbienjanwachendorf\/?s={search_term_string}"},"query-input":{"@type":"PropertyValueSpecification","valueRequired":true,"valueName":"search_term_string"}}],"inLanguage":"de"},{"@type":"Person","@id":"https:\/\/blogs.donboscovolunteers.de\/koellumbienjanwachendorf\/#\/schema\/person\/ef58f90cc33c7d7747d0fb280c9895e6","name":"Jan Wachendorf","image":{"@type":"ImageObject","inLanguage":"de","@id":"https:\/\/blogs.donboscovolunteers.de\/koellumbienjanwachendorf\/#\/schema\/person\/image\/","url":"https:\/\/secure.gravatar.com\/avatar\/2cd8d7af90793a87c94f6581cac253b18a8d9f852a39270a8112ec5e01a3a79d?s=96&d=mm&r=g","contentUrl":"https:\/\/secure.gravatar.com\/avatar\/2cd8d7af90793a87c94f6581cac253b18a8d9f852a39270a8112ec5e01a3a79d?s=96&d=mm&r=g","caption":"Jan Wachendorf"},"description":"Ich bin Jan Wachendorf, 18 Jahre alt und komme aus &quot;der sch\u00f6nsten Stadt Deutschlands&quot; (Zitat: FC-K\u00f6ln-Stadionsprecher) . Viel mehr verrate ich f\u00fcrs erste nicht, die Blogs werden allerdings definitiv interessanter.","url":"https:\/\/blogs.donboscovolunteers.de\/koellumbienjanwachendorf\/author\/janwachendorf\/"}]}},"_links":{"self":[{"href":"https:\/\/blogs.donboscovolunteers.de\/koellumbienjanwachendorf\/wp-json\/wp\/v2\/posts\/12","targetHints":{"allow":["GET"]}}],"collection":[{"href":"https:\/\/blogs.donboscovolunteers.de\/koellumbienjanwachendorf\/wp-json\/wp\/v2\/posts"}],"about":[{"href":"https:\/\/blogs.donboscovolunteers.de\/koellumbienjanwachendorf\/wp-json\/wp\/v2\/types\/post"}],"author":[{"embeddable":true,"href":"https:\/\/blogs.donboscovolunteers.de\/koellumbienjanwachendorf\/wp-json\/wp\/v2\/users\/21621"}],"replies":[{"embeddable":true,"href":"https:\/\/blogs.donboscovolunteers.de\/koellumbienjanwachendorf\/wp-json\/wp\/v2\/comments?post=12"}],"version-history":[{"count":5,"href":"https:\/\/blogs.donboscovolunteers.de\/koellumbienjanwachendorf\/wp-json\/wp\/v2\/posts\/12\/revisions"}],"predecessor-version":[{"id":58,"href":"https:\/\/blogs.donboscovolunteers.de\/koellumbienjanwachendorf\/wp-json\/wp\/v2\/posts\/12\/revisions\/58"}],"wp:attachment":[{"href":"https:\/\/blogs.donboscovolunteers.de\/koellumbienjanwachendorf\/wp-json\/wp\/v2\/media?parent=12"}],"wp:term":[{"taxonomy":"category","embeddable":true,"href":"https:\/\/blogs.donboscovolunteers.de\/koellumbienjanwachendorf\/wp-json\/wp\/v2\/categories?post=12"},{"taxonomy":"post_tag","embeddable":true,"href":"https:\/\/blogs.donboscovolunteers.de\/koellumbienjanwachendorf\/wp-json\/wp\/v2\/tags?post=12"}],"curies":[{"name":"wp","href":"https:\/\/api.w.org\/{rel}","templated":true}]}}