{"id":133,"date":"2018-03-24T20:57:33","date_gmt":"2018-03-24T19:57:33","guid":{"rendered":"https:\/\/blogs.donboscovolunteers.de\/josefinsambia\/?p=133"},"modified":"2018-06-10T14:45:38","modified_gmt":"2018-06-10T12:45:38","slug":"eine-minute","status":"publish","type":"post","link":"https:\/\/blogs.donboscovolunteers.de\/josefinsambia\/2018\/03\/24\/eine-minute\/","title":{"rendered":"Eine Minute"},"content":{"rendered":"<p lang=\"de-DE\">Im Februar sind wir mit allen <a href=\"https:\/\/www.donboscomission.de\/don-bosco\/\">Don Bosco<\/a> Volunteers aus Afrika f\u00fcr ein Zwischenseminar nach Lusaka gefahren. W\u00e4hrend dieses Seminars sind wir am Sonntag in eine Pfarrei zur Messe gefahren. Einer der Salesianer hat uns gefahren. Nach der Messe haben wir noch eine kleine F\u00fchrung \u00fcber das Gel\u00e4nde bekommen, da die Pfarrei von den Salesianern geleitet wurde.<\/p>\n<p lang=\"de-DE\">Auf dem R\u00fcckweg meinte dann der Pater, der uns gefahren hat, dass er uns noch ein paar Pl\u00e4tze in der Stadt zeigen m\u00f6chte, wenn wir schon mal da sind. Der Ort wo wir hin fahren liege auf dem Weg, wir w\u00fcrden nur kurz vorbei fahren, f\u00fcr eine Minute. Wenige Minuten sp\u00e4ter sind wir da: \u201eHier ist es. Wir fahren nur kurz auf das Gel\u00e4nde, zwei Minuten. Wir brauchen nicht auszusteigen.\u201c Der besagte Ort ist das Priesterseminar in Lusaka. Hier kommen die Priesteranw\u00e4rter aus allen Bist\u00fcmern Sambias zusammen, um Theologie zu studieren.<\/p>\n<p lang=\"de-DE\">Wir fahren \u00fcber das Gel\u00e4nde und auf einen Parkplatz. Neben uns kommen gerade die Studenten aus der Kirche, die Sonntagsmesse ist zu ende. Die Priesteranw\u00e4rter tragen zur Messe schon alle die wei\u00dfe Soutane, das Bild ist ziemlich beeindruckend. Der Pater stellt den Motor ab. \u201eWir steigen nur kurz aus um hallo zu sagen. Vielleicht f\u00fcr zehn Minuten.\u201c<\/p>\n<p lang=\"de-DE\">Am ende haben wir eine Umfangreiche F\u00fchrung \u00fcber das ganze Gel\u00e4nde bekommen und wurden noch auf ein Getr\u00e4nk und eine Kleinigkeit zu essen eingeladen. Das Ganze hat ungef\u00e4hr eineinhalb Stunden gedauert. So dehnbar kann also eine Minute sein.<\/p>\n<p lang=\"de-DE\">Das Programm f\u00fcr den Vormittag musste verlegt werden, aber es war interessant zu sehen, wie die Priester in Sambia ausgebildet werden. Eine Geschichte ist es auf jeden Fall.<\/p>\n<p lang=\"de-DE\"><img loading=\"lazy\" decoding=\"async\" class=\"aligncenter wp-image-125 size-large\" src=\"https:\/\/blogs.donboscovolunteers.de\/josefinsambia\/wp-content\/uploads\/sites\/21511\/2018\/03\/20180204_094505-1024x576.jpg\" alt=\"\" width=\"700\" height=\"394\" srcset=\"https:\/\/blogs.donboscovolunteers.de\/josefinsambia\/wp-content\/uploads\/sites\/21511\/2018\/03\/20180204_094505-1024x576.jpg 1024w, https:\/\/blogs.donboscovolunteers.de\/josefinsambia\/wp-content\/uploads\/sites\/21511\/2018\/03\/20180204_094505-300x169.jpg 300w, https:\/\/blogs.donboscovolunteers.de\/josefinsambia\/wp-content\/uploads\/sites\/21511\/2018\/03\/20180204_094505-768x432.jpg 768w, https:\/\/blogs.donboscovolunteers.de\/josefinsambia\/wp-content\/uploads\/sites\/21511\/2018\/03\/20180204_094505-1200x675.jpg 1200w, https:\/\/blogs.donboscovolunteers.de\/josefinsambia\/wp-content\/uploads\/sites\/21511\/2018\/03\/20180204_094505.jpg 1280w\" sizes=\"auto, (max-width: 700px) 100vw, 700px\" \/><\/p>\n","protected":false},"excerpt":{"rendered":"<p>Im Februar sind wir mit allen <a href=\"https:\/\/www.donboscomission.de\/don-bosco\/\">Don Bosco<\/a> Volunteers aus Afrika f\u00fcr ein Zwischenseminar nach Lusaka gefahren. W\u00e4hrend dieses Seminars sind wir am Sonntag in eine Pfarrei zur Messe gefahren. Einer der Salesianer hat uns gefahren. Nach der Messe haben wir noch eine kleine F\u00fchrung \u00fcber das Gel\u00e4nde bekommen, da die Pfarrei von den Salesianern [&hellip;]<\/p>\n","protected":false},"author":21563,"featured_media":0,"comment_status":"open","ping_status":"open","sticky":false,"template":"","format":"standard","meta":{"footnotes":""},"categories":[1],"tags":[],"class_list":["post-133","post","type-post","status-publish","format-standard","hentry","category-allgemein"],"yoast_head":"<!-- This site is optimized with the Yoast SEO plugin v25.3.1 - https:\/\/yoast.com\/wordpress\/plugins\/seo\/ -->\n<title>Eine Minute - Josef in Sambia<\/title>\n<meta name=\"robots\" content=\"index, follow, max-snippet:-1, max-image-preview:large, max-video-preview:-1\" \/>\n<link rel=\"canonical\" href=\"https:\/\/blogs.donboscovolunteers.de\/josefinsambia\/2018\/03\/24\/eine-minute\/\" \/>\n<meta property=\"og:locale\" content=\"de_DE\" \/>\n<meta property=\"og:type\" content=\"article\" \/>\n<meta property=\"og:title\" content=\"Eine Minute - Josef in Sambia\" \/>\n<meta property=\"og:description\" content=\"Im Februar sind wir mit allen Don Bosco Volunteers aus Afrika f\u00fcr ein Zwischenseminar nach Lusaka gefahren. W\u00e4hrend dieses Seminars sind wir am Sonntag in eine Pfarrei zur Messe gefahren. Einer der Salesianer hat uns gefahren. Nach der Messe haben wir noch eine kleine F\u00fchrung \u00fcber das Gel\u00e4nde bekommen, da die Pfarrei von den Salesianern [&hellip;]\" \/>\n<meta property=\"og:url\" content=\"https:\/\/blogs.donboscovolunteers.de\/josefinsambia\/2018\/03\/24\/eine-minute\/\" \/>\n<meta property=\"og:site_name\" content=\"Josef in Sambia\" \/>\n<meta property=\"article:published_time\" content=\"2018-03-24T19:57:33+00:00\" \/>\n<meta property=\"article:modified_time\" content=\"2018-06-10T12:45:38+00:00\" \/>\n<meta property=\"og:image\" content=\"https:\/\/blogs.donboscovolunteers.de\/josefinsambia\/wp-content\/uploads\/sites\/21511\/2018\/03\/20180204_094505-1024x576.jpg\" \/>\n<meta name=\"author\" content=\"Josef Schubert\" \/>\n<meta name=\"twitter:card\" content=\"summary_large_image\" \/>\n<meta name=\"twitter:label1\" content=\"Verfasst von\" \/>\n\t<meta name=\"twitter:data1\" content=\"Josef Schubert\" \/>\n\t<meta name=\"twitter:label2\" content=\"Gesch\u00e4tzte Lesezeit\" \/>\n\t<meta name=\"twitter:data2\" content=\"1\u00a0Minute\" \/>\n<script type=\"application\/ld+json\" class=\"yoast-schema-graph\">{\"@context\":\"https:\/\/schema.org\",\"@graph\":[{\"@type\":\"WebPage\",\"@id\":\"https:\/\/blogs.donboscovolunteers.de\/josefinsambia\/2018\/03\/24\/eine-minute\/\",\"url\":\"https:\/\/blogs.donboscovolunteers.de\/josefinsambia\/2018\/03\/24\/eine-minute\/\",\"name\":\"Eine Minute - Josef in Sambia\",\"isPartOf\":{\"@id\":\"https:\/\/blogs.donboscovolunteers.de\/josefinsambia\/#website\"},\"primaryImageOfPage\":{\"@id\":\"https:\/\/blogs.donboscovolunteers.de\/josefinsambia\/2018\/03\/24\/eine-minute\/#primaryimage\"},\"image\":{\"@id\":\"https:\/\/blogs.donboscovolunteers.de\/josefinsambia\/2018\/03\/24\/eine-minute\/#primaryimage\"},\"thumbnailUrl\":\"https:\/\/blogs.donboscovolunteers.de\/josefinsambia\/wp-content\/uploads\/sites\/21511\/2018\/03\/20180204_094505-1024x576.jpg\",\"datePublished\":\"2018-03-24T19:57:33+00:00\",\"dateModified\":\"2018-06-10T12:45:38+00:00\",\"author\":{\"@id\":\"https:\/\/blogs.donboscovolunteers.de\/josefinsambia\/#\/schema\/person\/ea94c9ca212713d6cfc6e365340a58e0\"},\"breadcrumb\":{\"@id\":\"https:\/\/blogs.donboscovolunteers.de\/josefinsambia\/2018\/03\/24\/eine-minute\/#breadcrumb\"},\"inLanguage\":\"de\",\"potentialAction\":[{\"@type\":\"ReadAction\",\"target\":[\"https:\/\/blogs.donboscovolunteers.de\/josefinsambia\/2018\/03\/24\/eine-minute\/\"]}]},{\"@type\":\"ImageObject\",\"inLanguage\":\"de\",\"@id\":\"https:\/\/blogs.donboscovolunteers.de\/josefinsambia\/2018\/03\/24\/eine-minute\/#primaryimage\",\"url\":\"https:\/\/blogs.donboscovolunteers.de\/josefinsambia\/wp-content\/uploads\/sites\/21511\/2018\/03\/20180204_094505.jpg\",\"contentUrl\":\"https:\/\/blogs.donboscovolunteers.de\/josefinsambia\/wp-content\/uploads\/sites\/21511\/2018\/03\/20180204_094505.jpg\",\"width\":1280,\"height\":720},{\"@type\":\"BreadcrumbList\",\"@id\":\"https:\/\/blogs.donboscovolunteers.de\/josefinsambia\/2018\/03\/24\/eine-minute\/#breadcrumb\",\"itemListElement\":[{\"@type\":\"ListItem\",\"position\":1,\"name\":\"Startseite\",\"item\":\"https:\/\/blogs.donboscovolunteers.de\/josefinsambia\/\"},{\"@type\":\"ListItem\",\"position\":2,\"name\":\"Eine Minute\"}]},{\"@type\":\"WebSite\",\"@id\":\"https:\/\/blogs.donboscovolunteers.de\/josefinsambia\/#website\",\"url\":\"https:\/\/blogs.donboscovolunteers.de\/josefinsambia\/\",\"name\":\"Josef in Sambia\",\"description\":\"Geschichten aus meinem Auslandsjahr mit Don Bosco\",\"potentialAction\":[{\"@type\":\"SearchAction\",\"target\":{\"@type\":\"EntryPoint\",\"urlTemplate\":\"https:\/\/blogs.donboscovolunteers.de\/josefinsambia\/?s={search_term_string}\"},\"query-input\":{\"@type\":\"PropertyValueSpecification\",\"valueRequired\":true,\"valueName\":\"search_term_string\"}}],\"inLanguage\":\"de\"},{\"@type\":\"Person\",\"@id\":\"https:\/\/blogs.donboscovolunteers.de\/josefinsambia\/#\/schema\/person\/ea94c9ca212713d6cfc6e365340a58e0\",\"name\":\"Josef Schubert\",\"image\":{\"@type\":\"ImageObject\",\"inLanguage\":\"de\",\"@id\":\"https:\/\/blogs.donboscovolunteers.de\/josefinsambia\/#\/schema\/person\/image\/\",\"url\":\"https:\/\/secure.gravatar.com\/avatar\/b3bc0340abd94dbe6259b923855fc862b5d764ba78f26ad03e0cfa34280c85a7?s=96&d=mm&r=g\",\"contentUrl\":\"https:\/\/secure.gravatar.com\/avatar\/b3bc0340abd94dbe6259b923855fc862b5d764ba78f26ad03e0cfa34280c85a7?s=96&d=mm&r=g\",\"caption\":\"Josef Schubert\"},\"url\":\"https:\/\/blogs.donboscovolunteers.de\/josefinsambia\/author\/josef\/\"}]}<\/script>\n<!-- \/ Yoast SEO plugin. -->","yoast_head_json":{"title":"Eine Minute - Josef in Sambia","robots":{"index":"index","follow":"follow","max-snippet":"max-snippet:-1","max-image-preview":"max-image-preview:large","max-video-preview":"max-video-preview:-1"},"canonical":"https:\/\/blogs.donboscovolunteers.de\/josefinsambia\/2018\/03\/24\/eine-minute\/","og_locale":"de_DE","og_type":"article","og_title":"Eine Minute - Josef in Sambia","og_description":"Im Februar sind wir mit allen Don Bosco Volunteers aus Afrika f\u00fcr ein Zwischenseminar nach Lusaka gefahren. W\u00e4hrend dieses Seminars sind wir am Sonntag in eine Pfarrei zur Messe gefahren. Einer der Salesianer hat uns gefahren. Nach der Messe haben wir noch eine kleine F\u00fchrung \u00fcber das Gel\u00e4nde bekommen, da die Pfarrei von den Salesianern [&hellip;]","og_url":"https:\/\/blogs.donboscovolunteers.de\/josefinsambia\/2018\/03\/24\/eine-minute\/","og_site_name":"Josef in Sambia","article_published_time":"2018-03-24T19:57:33+00:00","article_modified_time":"2018-06-10T12:45:38+00:00","og_image":[{"url":"https:\/\/blogs.donboscovolunteers.de\/josefinsambia\/wp-content\/uploads\/sites\/21511\/2018\/03\/20180204_094505-1024x576.jpg","type":"","width":"","height":""}],"author":"Josef Schubert","twitter_card":"summary_large_image","twitter_misc":{"Verfasst von":"Josef Schubert","Gesch\u00e4tzte Lesezeit":"1\u00a0Minute"},"schema":{"@context":"https:\/\/schema.org","@graph":[{"@type":"WebPage","@id":"https:\/\/blogs.donboscovolunteers.de\/josefinsambia\/2018\/03\/24\/eine-minute\/","url":"https:\/\/blogs.donboscovolunteers.de\/josefinsambia\/2018\/03\/24\/eine-minute\/","name":"Eine Minute - Josef in Sambia","isPartOf":{"@id":"https:\/\/blogs.donboscovolunteers.de\/josefinsambia\/#website"},"primaryImageOfPage":{"@id":"https:\/\/blogs.donboscovolunteers.de\/josefinsambia\/2018\/03\/24\/eine-minute\/#primaryimage"},"image":{"@id":"https:\/\/blogs.donboscovolunteers.de\/josefinsambia\/2018\/03\/24\/eine-minute\/#primaryimage"},"thumbnailUrl":"https:\/\/blogs.donboscovolunteers.de\/josefinsambia\/wp-content\/uploads\/sites\/21511\/2018\/03\/20180204_094505-1024x576.jpg","datePublished":"2018-03-24T19:57:33+00:00","dateModified":"2018-06-10T12:45:38+00:00","author":{"@id":"https:\/\/blogs.donboscovolunteers.de\/josefinsambia\/#\/schema\/person\/ea94c9ca212713d6cfc6e365340a58e0"},"breadcrumb":{"@id":"https:\/\/blogs.donboscovolunteers.de\/josefinsambia\/2018\/03\/24\/eine-minute\/#breadcrumb"},"inLanguage":"de","potentialAction":[{"@type":"ReadAction","target":["https:\/\/blogs.donboscovolunteers.de\/josefinsambia\/2018\/03\/24\/eine-minute\/"]}]},{"@type":"ImageObject","inLanguage":"de","@id":"https:\/\/blogs.donboscovolunteers.de\/josefinsambia\/2018\/03\/24\/eine-minute\/#primaryimage","url":"https:\/\/blogs.donboscovolunteers.de\/josefinsambia\/wp-content\/uploads\/sites\/21511\/2018\/03\/20180204_094505.jpg","contentUrl":"https:\/\/blogs.donboscovolunteers.de\/josefinsambia\/wp-content\/uploads\/sites\/21511\/2018\/03\/20180204_094505.jpg","width":1280,"height":720},{"@type":"BreadcrumbList","@id":"https:\/\/blogs.donboscovolunteers.de\/josefinsambia\/2018\/03\/24\/eine-minute\/#breadcrumb","itemListElement":[{"@type":"ListItem","position":1,"name":"Startseite","item":"https:\/\/blogs.donboscovolunteers.de\/josefinsambia\/"},{"@type":"ListItem","position":2,"name":"Eine Minute"}]},{"@type":"WebSite","@id":"https:\/\/blogs.donboscovolunteers.de\/josefinsambia\/#website","url":"https:\/\/blogs.donboscovolunteers.de\/josefinsambia\/","name":"Josef in Sambia","description":"Geschichten aus meinem Auslandsjahr mit Don Bosco","potentialAction":[{"@type":"SearchAction","target":{"@type":"EntryPoint","urlTemplate":"https:\/\/blogs.donboscovolunteers.de\/josefinsambia\/?s={search_term_string}"},"query-input":{"@type":"PropertyValueSpecification","valueRequired":true,"valueName":"search_term_string"}}],"inLanguage":"de"},{"@type":"Person","@id":"https:\/\/blogs.donboscovolunteers.de\/josefinsambia\/#\/schema\/person\/ea94c9ca212713d6cfc6e365340a58e0","name":"Josef Schubert","image":{"@type":"ImageObject","inLanguage":"de","@id":"https:\/\/blogs.donboscovolunteers.de\/josefinsambia\/#\/schema\/person\/image\/","url":"https:\/\/secure.gravatar.com\/avatar\/b3bc0340abd94dbe6259b923855fc862b5d764ba78f26ad03e0cfa34280c85a7?s=96&d=mm&r=g","contentUrl":"https:\/\/secure.gravatar.com\/avatar\/b3bc0340abd94dbe6259b923855fc862b5d764ba78f26ad03e0cfa34280c85a7?s=96&d=mm&r=g","caption":"Josef Schubert"},"url":"https:\/\/blogs.donboscovolunteers.de\/josefinsambia\/author\/josef\/"}]}},"_links":{"self":[{"href":"https:\/\/blogs.donboscovolunteers.de\/josefinsambia\/wp-json\/wp\/v2\/posts\/133","targetHints":{"allow":["GET"]}}],"collection":[{"href":"https:\/\/blogs.donboscovolunteers.de\/josefinsambia\/wp-json\/wp\/v2\/posts"}],"about":[{"href":"https:\/\/blogs.donboscovolunteers.de\/josefinsambia\/wp-json\/wp\/v2\/types\/post"}],"author":[{"embeddable":true,"href":"https:\/\/blogs.donboscovolunteers.de\/josefinsambia\/wp-json\/wp\/v2\/users\/21563"}],"replies":[{"embeddable":true,"href":"https:\/\/blogs.donboscovolunteers.de\/josefinsambia\/wp-json\/wp\/v2\/comments?post=133"}],"version-history":[{"count":2,"href":"https:\/\/blogs.donboscovolunteers.de\/josefinsambia\/wp-json\/wp\/v2\/posts\/133\/revisions"}],"predecessor-version":[{"id":149,"href":"https:\/\/blogs.donboscovolunteers.de\/josefinsambia\/wp-json\/wp\/v2\/posts\/133\/revisions\/149"}],"wp:attachment":[{"href":"https:\/\/blogs.donboscovolunteers.de\/josefinsambia\/wp-json\/wp\/v2\/media?parent=133"}],"wp:term":[{"taxonomy":"category","embeddable":true,"href":"https:\/\/blogs.donboscovolunteers.de\/josefinsambia\/wp-json\/wp\/v2\/categories?post=133"},{"taxonomy":"post_tag","embeddable":true,"href":"https:\/\/blogs.donboscovolunteers.de\/josefinsambia\/wp-json\/wp\/v2\/tags?post=133"}],"curies":[{"name":"wp","href":"https:\/\/api.w.org\/{rel}","templated":true}]}}