{"id":329,"date":"2026-08-31T22:02:20","date_gmt":"2026-08-31T20:02:20","guid":{"rendered":"https:\/\/blogs.donboscovolunteers.de\/hastamariana\/?p=329"},"modified":"2026-08-31T22:02:21","modified_gmt":"2026-08-31T20:02:21","slug":"zurueck-in-einem-fremden-land","status":"publish","type":"post","link":"https:\/\/blogs.donboscovolunteers.de\/hastamariana\/2026\/08\/31\/zurueck-in-einem-fremden-land\/","title":{"rendered":"Zur\u00fcck in einem fremden Land"},"content":{"rendered":"<p class=\"wp-block-paragraph\">Hallo an alle!! Und so schnell vergeht ein Jahr dann doch\u2026 Die letzten Wochen und Tage vergingen wie im Flug, und ich war so viel mit Abschied besch\u00e4ftigt, dass ich dann gar nicht richtig Tsch\u00fcss sagen konnte. <br><br>Das WG-Leben, die Zeit mit den Kindern des Mano Amiga, das Boxen, Wetter und die Leute\u2026 sich von allem auf einmal verabschieden zu m\u00fcssen, war dann doch ganz sch\u00f6n komisch. <br>Der Abschied im Mano Amiga war so s\u00fc\u00df, dass ich dann doch ein bisschen weinen musste :,( Die Kinder haben in kleineren Gruppen T\u00e4nze und Ges\u00e4nge extra f\u00fcr Nico und mich einstudiert, und kleine Geschenke und Umarmungen wurden nat\u00fcrlich auch verteilt. Zusammen mit den Kindern, Erzieherinnen und Mitarbeiterinnen des Heimes haben wir bei Musik Empanadas zur Merienda gegessen, ein paar Worte des Dankes gesagt und ich habe meinen Fotorahmen \u00fcberreicht (eine kleine Tradition der Freiwilligen). <br><\/p>\n\n\n\n<p class=\"wp-block-paragraph\">Nico und ich sind dann am Sonntag zum Abendessen ins Mano Amiga gegangen, um den Kindern ein Eis auszugeben und kleine Erinnerungsst\u00fccke zu verteilen. Ich muss zugeben, dass ich zu dem Zeitpunkt gar nicht so emotional war, wie ich gedacht h\u00e4tte. Vielleicht waren es die Koffer, die schon zu 80% gepackt und offen in meinem Zimmer lagen, oder die Tatsache, dass ich schon meine Fotos von den W\u00e4nden genommen hatte, aber mein Abschied war f\u00fcr mich schon vor\u00fcber. So konnte ich den M\u00e4dchen Tsch\u00fcss sagen, ohne Rotz und Wasser zu weinen und konnte meine letzten Umarmungen verteilen. Einige Kinder haben uns noch zum Gitter begleitet, vor allem die \u00e4lteren, die solche Abschiede schon kennen und wissen, dass die Personen so schnell nicht zur\u00fcckkommen. Das letzte Mal habe ich also das knarzende, gr\u00fcne Gitter der Einfahrt hinter mir zugemacht, und war dabei zwar ganz sch\u00f6n traurig, aber auch ein bisschen froh, wieder nach Hause zu fliegen.<br><\/p>\n\n\n\n<p class=\"wp-block-paragraph\">Vom Boxteam musste ich mich nat\u00fcrlich auch angemessen verabschieden, weswegen ich am Samstag selbstgebackene Brownies und eine Dankeskarte zum Training mitgebracht habe. Erst dachte ich, mein Abschied wurde vergessen, aber dann kam der Profe doch noch mit einer Schachtel Salte\u00f1as und der Konditor aus unserer Gruppe hat eine Torte mitgebracht. Wir waren wenige Leute, aber der Abschied war trotzdem sehr sch\u00f6n und ich bin dankbar, so einen Verein im Ausland gefunden zu haben. <\/p>\n\n\n\n<p class=\"wp-block-paragraph\">Von Ingmar, Victor und Yannick hatten wir uns schon einige Tage zuvor verabschieden m\u00fcssen, da sie einen fr\u00fcheren Flug hatten. Ich glaube, dass mir der Abschied von allem deswegen auch leichter fiel, denn ohne die anderen f\u00fchlte es sich irgendwie ein bisschen leer und einsam an. Aus diesem Grund war ich dann auch ein bisschen froh, als meine Koffer gepackt und mein Zimmer leer waren. <br>Ich habe mir noch ein letztes Mal den Apfel-Quinoa-Saft an der Hausecke gekauft und mit der Verk\u00e4uferin gequatscht, und bald war es dann auch schon Zeit, und unser Mentor Paolo hat uns zum Flughafen gebracht. <br><\/p>\n\n\n\n<p class=\"wp-block-paragraph\"><br>Nun sitze ich also wieder in Deutschland und es ist alles beim Alten. Oder vielleicht doch nicht ganz. Irgendwie sind alle schon am arbeiten oder studieren, meine Br\u00fcder sind extrem gro\u00df geworden, und wenn ich mich ein bisschen bem\u00fche, kann ich mir Bilder von einer Stadt in den Kopf rufen, die ich mir vor einem Jahr so nicht h\u00e4tte vorstellen k\u00f6nnen. <br>Wenn ich so an <a href=\"https:\/\/strassenkinder.de\/laender\/lateinamerika\/bolivien-strassenkinderzentrum\/\">Santa Cruz<\/a> zur\u00fcckdenke, f\u00e4llt mir schnell auf, wie still Deutschland, selbst Hamburg, im Vergleich ist. Es fehlen das Gehupe der Micro-Busse und Autos, das Rufen der Schulkinder an der Kreuzung und die Musik an den Stra\u00dfenecken. Nat\u00fcrlich fehlt auch die Sonne. Wahrscheinlich k\u00f6nnte ich hier eine Reihe von Dingen aufz\u00e4hlen, aber es w\u00e4re nat\u00fcrlich nicht dasselbe, wie wenn man dort ist!! <\/p>\n\n\n\n<p class=\"wp-block-paragraph\">Ich bin sehr, sehr dankbar f\u00fcr dieses Jahr, f\u00fcr all die Erfahrungen, die ich machen, und die Menschen, die ich kennenlernen durfte. Auch, wenn es mit dem Heimweh manchmal etwas schwerer war, gab es mindestens genau so viele sch\u00f6ne Momente. W\u00fcrde man mich fragen, ob ich die Entscheidung so wiederholen w\u00fcrde, w\u00fcrde ich auf jeden Fall Ja sagen. Danke also an alle, die solche Freiwilligendienste m\u00f6glich machen, und nat\u00fcrlich an Euch f\u00fcr Eure Unterst\u00fctzung und die Teilhabe an dieser Reise!! <\/p>\n\n\n\n<p class=\"wp-block-paragraph\">Passt gut auf Euch auf, vielleicht sieht man sich ja!! <br><\/p>\n\n\n\n<p class=\"wp-block-paragraph\">Mariana<\/p>\n\n\n\n<p class=\"wp-block-paragraph\"><\/p>","protected":false},"excerpt":{"rendered":"<p>Hallo an alle!! Und so schnell vergeht ein Jahr dann doch\u2026 Die letzten Wochen und Tage vergingen wie im Flug, und ich war so viel mit Abschied besch\u00e4ftigt, dass ich dann gar nicht richtig Tsch\u00fcss sagen konnte. Das WG-Leben, die Zeit mit den Kindern des Mano Amiga, das Boxen, Wetter und die Leute\u2026 sich von [&hellip;]<\/p>\n","protected":false},"author":21864,"featured_media":338,"comment_status":"open","ping_status":"open","sticky":false,"template":"","format":"standard","meta":{"footnotes":""},"categories":[1],"tags":[],"class_list":["post-329","post","type-post","status-publish","format-standard","has-post-thumbnail","hentry","category-allgemein"],"yoast_head":"<!-- This site is optimized with the Yoast SEO plugin v28.0 - https:\/\/yoast.com\/product\/yoast-seo-wordpress\/ -->\n<title>Zur\u00fcck in einem fremden Land - \u00a1hasta mariana! (en bolivia)<\/title>\n<meta name=\"robots\" content=\"index, follow, max-snippet:-1, max-image-preview:large, max-video-preview:-1\" \/>\n<link rel=\"canonical\" href=\"https:\/\/blogs.donboscovolunteers.de\/hastamariana\/2026\/08\/31\/zurueck-in-einem-fremden-land\/\" \/>\n<meta property=\"og:locale\" content=\"de_DE\" \/>\n<meta property=\"og:type\" content=\"article\" \/>\n<meta property=\"og:title\" content=\"Zur\u00fcck in einem fremden Land - \u00a1hasta mariana! (en bolivia)\" \/>\n<meta property=\"og:description\" content=\"Hallo an alle!! Und so schnell vergeht ein Jahr dann doch\u2026 Die letzten Wochen und Tage vergingen wie im Flug, und ich war so viel mit Abschied besch\u00e4ftigt, dass ich dann gar nicht richtig Tsch\u00fcss sagen konnte. Das WG-Leben, die Zeit mit den Kindern des Mano Amiga, das Boxen, Wetter und die Leute\u2026 sich von [&hellip;]\" \/>\n<meta property=\"og:url\" content=\"https:\/\/blogs.donboscovolunteers.de\/hastamariana\/2026\/08\/31\/zurueck-in-einem-fremden-land\/\" \/>\n<meta property=\"og:site_name\" content=\"\u00a1hasta mariana! (en bolivia)\" \/>\n<meta property=\"article:published_time\" content=\"2026-08-31T20:02:20+00:00\" \/>\n<meta property=\"article:modified_time\" content=\"2026-08-31T20:02:21+00:00\" \/>\n<meta property=\"og:image\" content=\"https:\/\/blogs.donboscovolunteers.de\/hastamariana\/wp-content\/uploads\/sites\/21754\/2026\/08\/IMG_7979-1.jpeg\" \/>\n\t<meta property=\"og:image:width\" content=\"1280\" \/>\n\t<meta property=\"og:image:height\" content=\"999\" \/>\n\t<meta property=\"og:image:type\" content=\"image\/jpeg\" \/>\n<meta name=\"author\" content=\"marianawakil\" \/>\n<meta name=\"twitter:card\" content=\"summary_large_image\" \/>\n<meta name=\"twitter:label1\" content=\"Verfasst von\" \/>\n\t<meta name=\"twitter:data1\" content=\"marianawakil\" \/>\n\t<meta name=\"twitter:label2\" content=\"Gesch\u00e4tzte Lesezeit\" \/>\n\t<meta name=\"twitter:data2\" content=\"5\u00a0Minuten\" \/>\n<script type=\"application\/ld+json\" class=\"yoast-schema-graph\">{\"@context\":\"https:\\\/\\\/schema.org\",\"@graph\":[{\"@type\":\"Article\",\"@id\":\"https:\\\/\\\/blogs.donboscovolunteers.de\\\/hastamariana\\\/2026\\\/08\\\/31\\\/zurueck-in-einem-fremden-land\\\/#article\",\"isPartOf\":{\"@id\":\"https:\\\/\\\/blogs.donboscovolunteers.de\\\/hastamariana\\\/2026\\\/08\\\/31\\\/zurueck-in-einem-fremden-land\\\/\"},\"author\":{\"name\":\"marianawakil\",\"@id\":\"https:\\\/\\\/blogs.donboscovolunteers.de\\\/hastamariana\\\/#\\\/schema\\\/person\\\/2bad7c0d2ca103275727e5c5e18e1901\"},\"headline\":\"Zur\u00fcck in einem fremden Land\",\"datePublished\":\"2026-08-31T20:02:20+00:00\",\"dateModified\":\"2026-08-31T20:02:21+00:00\",\"mainEntityOfPage\":{\"@id\":\"https:\\\/\\\/blogs.donboscovolunteers.de\\\/hastamariana\\\/2026\\\/08\\\/31\\\/zurueck-in-einem-fremden-land\\\/\"},\"wordCount\":738,\"commentCount\":0,\"image\":{\"@id\":\"https:\\\/\\\/blogs.donboscovolunteers.de\\\/hastamariana\\\/2026\\\/08\\\/31\\\/zurueck-in-einem-fremden-land\\\/#primaryimage\"},\"thumbnailUrl\":\"https:\\\/\\\/blogs.donboscovolunteers.de\\\/hastamariana\\\/wp-content\\\/uploads\\\/sites\\\/21754\\\/2026\\\/08\\\/IMG_7979-1.jpeg\",\"inLanguage\":\"de\",\"potentialAction\":[{\"@type\":\"CommentAction\",\"name\":\"Comment\",\"target\":[\"https:\\\/\\\/blogs.donboscovolunteers.de\\\/hastamariana\\\/2026\\\/08\\\/31\\\/zurueck-in-einem-fremden-land\\\/#respond\"]}]},{\"@type\":\"WebPage\",\"@id\":\"https:\\\/\\\/blogs.donboscovolunteers.de\\\/hastamariana\\\/2026\\\/08\\\/31\\\/zurueck-in-einem-fremden-land\\\/\",\"url\":\"https:\\\/\\\/blogs.donboscovolunteers.de\\\/hastamariana\\\/2026\\\/08\\\/31\\\/zurueck-in-einem-fremden-land\\\/\",\"name\":\"Zur\u00fcck in einem fremden Land - \u00a1hasta mariana! (en bolivia)\",\"isPartOf\":{\"@id\":\"https:\\\/\\\/blogs.donboscovolunteers.de\\\/hastamariana\\\/#website\"},\"primaryImageOfPage\":{\"@id\":\"https:\\\/\\\/blogs.donboscovolunteers.de\\\/hastamariana\\\/2026\\\/08\\\/31\\\/zurueck-in-einem-fremden-land\\\/#primaryimage\"},\"image\":{\"@id\":\"https:\\\/\\\/blogs.donboscovolunteers.de\\\/hastamariana\\\/2026\\\/08\\\/31\\\/zurueck-in-einem-fremden-land\\\/#primaryimage\"},\"thumbnailUrl\":\"https:\\\/\\\/blogs.donboscovolunteers.de\\\/hastamariana\\\/wp-content\\\/uploads\\\/sites\\\/21754\\\/2026\\\/08\\\/IMG_7979-1.jpeg\",\"datePublished\":\"2026-08-31T20:02:20+00:00\",\"dateModified\":\"2026-08-31T20:02:21+00:00\",\"author\":{\"@id\":\"https:\\\/\\\/blogs.donboscovolunteers.de\\\/hastamariana\\\/#\\\/schema\\\/person\\\/2bad7c0d2ca103275727e5c5e18e1901\"},\"breadcrumb\":{\"@id\":\"https:\\\/\\\/blogs.donboscovolunteers.de\\\/hastamariana\\\/2026\\\/08\\\/31\\\/zurueck-in-einem-fremden-land\\\/#breadcrumb\"},\"inLanguage\":\"de\",\"potentialAction\":[{\"@type\":\"ReadAction\",\"target\":[\"https:\\\/\\\/blogs.donboscovolunteers.de\\\/hastamariana\\\/2026\\\/08\\\/31\\\/zurueck-in-einem-fremden-land\\\/\"]}]},{\"@type\":\"ImageObject\",\"inLanguage\":\"de\",\"@id\":\"https:\\\/\\\/blogs.donboscovolunteers.de\\\/hastamariana\\\/2026\\\/08\\\/31\\\/zurueck-in-einem-fremden-land\\\/#primaryimage\",\"url\":\"https:\\\/\\\/blogs.donboscovolunteers.de\\\/hastamariana\\\/wp-content\\\/uploads\\\/sites\\\/21754\\\/2026\\\/08\\\/IMG_7979-1.jpeg\",\"contentUrl\":\"https:\\\/\\\/blogs.donboscovolunteers.de\\\/hastamariana\\\/wp-content\\\/uploads\\\/sites\\\/21754\\\/2026\\\/08\\\/IMG_7979-1.jpeg\",\"width\":1280,\"height\":999},{\"@type\":\"BreadcrumbList\",\"@id\":\"https:\\\/\\\/blogs.donboscovolunteers.de\\\/hastamariana\\\/2026\\\/08\\\/31\\\/zurueck-in-einem-fremden-land\\\/#breadcrumb\",\"itemListElement\":[{\"@type\":\"ListItem\",\"position\":1,\"name\":\"Startseite\",\"item\":\"https:\\\/\\\/blogs.donboscovolunteers.de\\\/hastamariana\\\/\"},{\"@type\":\"ListItem\",\"position\":2,\"name\":\"Zur\u00fcck in einem fremden Land\"}]},{\"@type\":\"WebSite\",\"@id\":\"https:\\\/\\\/blogs.donboscovolunteers.de\\\/hastamariana\\\/#website\",\"url\":\"https:\\\/\\\/blogs.donboscovolunteers.de\\\/hastamariana\\\/\",\"name\":\"\u00a1hasta mariana! (en bolivia)\",\"description\":\"\",\"potentialAction\":[{\"@type\":\"SearchAction\",\"target\":{\"@type\":\"EntryPoint\",\"urlTemplate\":\"https:\\\/\\\/blogs.donboscovolunteers.de\\\/hastamariana\\\/?s={search_term_string}\"},\"query-input\":{\"@type\":\"PropertyValueSpecification\",\"valueRequired\":true,\"valueName\":\"search_term_string\"}}],\"inLanguage\":\"de\"},{\"@type\":\"Person\",\"@id\":\"https:\\\/\\\/blogs.donboscovolunteers.de\\\/hastamariana\\\/#\\\/schema\\\/person\\\/2bad7c0d2ca103275727e5c5e18e1901\",\"name\":\"marianawakil\",\"image\":{\"@type\":\"ImageObject\",\"inLanguage\":\"de\",\"@id\":\"https:\\\/\\\/secure.gravatar.com\\\/avatar\\\/5c048ec6758c75f8d6461b6d9180df46f5f407887d143480fdf49ca55c8c81aa?s=96&d=mm&r=g\",\"url\":\"https:\\\/\\\/secure.gravatar.com\\\/avatar\\\/5c048ec6758c75f8d6461b6d9180df46f5f407887d143480fdf49ca55c8c81aa?s=96&d=mm&r=g\",\"contentUrl\":\"https:\\\/\\\/secure.gravatar.com\\\/avatar\\\/5c048ec6758c75f8d6461b6d9180df46f5f407887d143480fdf49ca55c8c81aa?s=96&d=mm&r=g\",\"caption\":\"marianawakil\"},\"url\":\"https:\\\/\\\/blogs.donboscovolunteers.de\\\/hastamariana\\\/author\\\/marianawakil\\\/\"}]}<\/script>\n<!-- \/ Yoast SEO plugin. -->","yoast_head_json":{"title":"Zur\u00fcck in einem fremden Land - \u00a1hasta mariana! (en bolivia)","robots":{"index":"index","follow":"follow","max-snippet":"max-snippet:-1","max-image-preview":"max-image-preview:large","max-video-preview":"max-video-preview:-1"},"canonical":"https:\/\/blogs.donboscovolunteers.de\/hastamariana\/2026\/08\/31\/zurueck-in-einem-fremden-land\/","og_locale":"de_DE","og_type":"article","og_title":"Zur\u00fcck in einem fremden Land - \u00a1hasta mariana! (en bolivia)","og_description":"Hallo an alle!! Und so schnell vergeht ein Jahr dann doch\u2026 Die letzten Wochen und Tage vergingen wie im Flug, und ich war so viel mit Abschied besch\u00e4ftigt, dass ich dann gar nicht richtig Tsch\u00fcss sagen konnte. Das WG-Leben, die Zeit mit den Kindern des Mano Amiga, das Boxen, Wetter und die Leute\u2026 sich von [&hellip;]","og_url":"https:\/\/blogs.donboscovolunteers.de\/hastamariana\/2026\/08\/31\/zurueck-in-einem-fremden-land\/","og_site_name":"\u00a1hasta mariana! (en bolivia)","article_published_time":"2026-08-31T20:02:20+00:00","article_modified_time":"2026-08-31T20:02:21+00:00","og_image":[{"width":1280,"height":999,"url":"https:\/\/blogs.donboscovolunteers.de\/hastamariana\/wp-content\/uploads\/sites\/21754\/2026\/08\/IMG_7979-1.jpeg","type":"image\/jpeg"}],"author":"marianawakil","twitter_card":"summary_large_image","twitter_misc":{"Verfasst von":"marianawakil","Gesch\u00e4tzte Lesezeit":"5\u00a0Minuten"},"schema":{"@context":"https:\/\/schema.org","@graph":[{"@type":"Article","@id":"https:\/\/blogs.donboscovolunteers.de\/hastamariana\/2026\/08\/31\/zurueck-in-einem-fremden-land\/#article","isPartOf":{"@id":"https:\/\/blogs.donboscovolunteers.de\/hastamariana\/2026\/08\/31\/zurueck-in-einem-fremden-land\/"},"author":{"name":"marianawakil","@id":"https:\/\/blogs.donboscovolunteers.de\/hastamariana\/#\/schema\/person\/2bad7c0d2ca103275727e5c5e18e1901"},"headline":"Zur\u00fcck in einem fremden Land","datePublished":"2026-08-31T20:02:20+00:00","dateModified":"2026-08-31T20:02:21+00:00","mainEntityOfPage":{"@id":"https:\/\/blogs.donboscovolunteers.de\/hastamariana\/2026\/08\/31\/zurueck-in-einem-fremden-land\/"},"wordCount":738,"commentCount":0,"image":{"@id":"https:\/\/blogs.donboscovolunteers.de\/hastamariana\/2026\/08\/31\/zurueck-in-einem-fremden-land\/#primaryimage"},"thumbnailUrl":"https:\/\/blogs.donboscovolunteers.de\/hastamariana\/wp-content\/uploads\/sites\/21754\/2026\/08\/IMG_7979-1.jpeg","inLanguage":"de","potentialAction":[{"@type":"CommentAction","name":"Comment","target":["https:\/\/blogs.donboscovolunteers.de\/hastamariana\/2026\/08\/31\/zurueck-in-einem-fremden-land\/#respond"]}]},{"@type":"WebPage","@id":"https:\/\/blogs.donboscovolunteers.de\/hastamariana\/2026\/08\/31\/zurueck-in-einem-fremden-land\/","url":"https:\/\/blogs.donboscovolunteers.de\/hastamariana\/2026\/08\/31\/zurueck-in-einem-fremden-land\/","name":"Zur\u00fcck in einem fremden Land - \u00a1hasta mariana! (en bolivia)","isPartOf":{"@id":"https:\/\/blogs.donboscovolunteers.de\/hastamariana\/#website"},"primaryImageOfPage":{"@id":"https:\/\/blogs.donboscovolunteers.de\/hastamariana\/2026\/08\/31\/zurueck-in-einem-fremden-land\/#primaryimage"},"image":{"@id":"https:\/\/blogs.donboscovolunteers.de\/hastamariana\/2026\/08\/31\/zurueck-in-einem-fremden-land\/#primaryimage"},"thumbnailUrl":"https:\/\/blogs.donboscovolunteers.de\/hastamariana\/wp-content\/uploads\/sites\/21754\/2026\/08\/IMG_7979-1.jpeg","datePublished":"2026-08-31T20:02:20+00:00","dateModified":"2026-08-31T20:02:21+00:00","author":{"@id":"https:\/\/blogs.donboscovolunteers.de\/hastamariana\/#\/schema\/person\/2bad7c0d2ca103275727e5c5e18e1901"},"breadcrumb":{"@id":"https:\/\/blogs.donboscovolunteers.de\/hastamariana\/2026\/08\/31\/zurueck-in-einem-fremden-land\/#breadcrumb"},"inLanguage":"de","potentialAction":[{"@type":"ReadAction","target":["https:\/\/blogs.donboscovolunteers.de\/hastamariana\/2026\/08\/31\/zurueck-in-einem-fremden-land\/"]}]},{"@type":"ImageObject","inLanguage":"de","@id":"https:\/\/blogs.donboscovolunteers.de\/hastamariana\/2026\/08\/31\/zurueck-in-einem-fremden-land\/#primaryimage","url":"https:\/\/blogs.donboscovolunteers.de\/hastamariana\/wp-content\/uploads\/sites\/21754\/2026\/08\/IMG_7979-1.jpeg","contentUrl":"https:\/\/blogs.donboscovolunteers.de\/hastamariana\/wp-content\/uploads\/sites\/21754\/2026\/08\/IMG_7979-1.jpeg","width":1280,"height":999},{"@type":"BreadcrumbList","@id":"https:\/\/blogs.donboscovolunteers.de\/hastamariana\/2026\/08\/31\/zurueck-in-einem-fremden-land\/#breadcrumb","itemListElement":[{"@type":"ListItem","position":1,"name":"Startseite","item":"https:\/\/blogs.donboscovolunteers.de\/hastamariana\/"},{"@type":"ListItem","position":2,"name":"Zur\u00fcck in einem fremden Land"}]},{"@type":"WebSite","@id":"https:\/\/blogs.donboscovolunteers.de\/hastamariana\/#website","url":"https:\/\/blogs.donboscovolunteers.de\/hastamariana\/","name":"\u00a1hasta mariana! (en bolivia)","description":"","potentialAction":[{"@type":"SearchAction","target":{"@type":"EntryPoint","urlTemplate":"https:\/\/blogs.donboscovolunteers.de\/hastamariana\/?s={search_term_string}"},"query-input":{"@type":"PropertyValueSpecification","valueRequired":true,"valueName":"search_term_string"}}],"inLanguage":"de"},{"@type":"Person","@id":"https:\/\/blogs.donboscovolunteers.de\/hastamariana\/#\/schema\/person\/2bad7c0d2ca103275727e5c5e18e1901","name":"marianawakil","image":{"@type":"ImageObject","inLanguage":"de","@id":"https:\/\/secure.gravatar.com\/avatar\/5c048ec6758c75f8d6461b6d9180df46f5f407887d143480fdf49ca55c8c81aa?s=96&d=mm&r=g","url":"https:\/\/secure.gravatar.com\/avatar\/5c048ec6758c75f8d6461b6d9180df46f5f407887d143480fdf49ca55c8c81aa?s=96&d=mm&r=g","contentUrl":"https:\/\/secure.gravatar.com\/avatar\/5c048ec6758c75f8d6461b6d9180df46f5f407887d143480fdf49ca55c8c81aa?s=96&d=mm&r=g","caption":"marianawakil"},"url":"https:\/\/blogs.donboscovolunteers.de\/hastamariana\/author\/marianawakil\/"}]}},"_links":{"self":[{"href":"https:\/\/blogs.donboscovolunteers.de\/hastamariana\/wp-json\/wp\/v2\/posts\/329","targetHints":{"allow":["GET"]}}],"collection":[{"href":"https:\/\/blogs.donboscovolunteers.de\/hastamariana\/wp-json\/wp\/v2\/posts"}],"about":[{"href":"https:\/\/blogs.donboscovolunteers.de\/hastamariana\/wp-json\/wp\/v2\/types\/post"}],"author":[{"embeddable":true,"href":"https:\/\/blogs.donboscovolunteers.de\/hastamariana\/wp-json\/wp\/v2\/users\/21864"}],"replies":[{"embeddable":true,"href":"https:\/\/blogs.donboscovolunteers.de\/hastamariana\/wp-json\/wp\/v2\/comments?post=329"}],"version-history":[{"count":4,"href":"https:\/\/blogs.donboscovolunteers.de\/hastamariana\/wp-json\/wp\/v2\/posts\/329\/revisions"}],"predecessor-version":[{"id":333,"href":"https:\/\/blogs.donboscovolunteers.de\/hastamariana\/wp-json\/wp\/v2\/posts\/329\/revisions\/333"}],"wp:featuredmedia":[{"embeddable":true,"href":"https:\/\/blogs.donboscovolunteers.de\/hastamariana\/wp-json\/wp\/v2\/media\/338"}],"wp:attachment":[{"href":"https:\/\/blogs.donboscovolunteers.de\/hastamariana\/wp-json\/wp\/v2\/media?parent=329"}],"wp:term":[{"taxonomy":"category","embeddable":true,"href":"https:\/\/blogs.donboscovolunteers.de\/hastamariana\/wp-json\/wp\/v2\/categories?post=329"},{"taxonomy":"post_tag","embeddable":true,"href":"https:\/\/blogs.donboscovolunteers.de\/hastamariana\/wp-json\/wp\/v2\/tags?post=329"}],"curies":[{"name":"wp","href":"https:\/\/api.w.org\/{rel}","templated":true}]}}