{"id":252,"date":"2023-04-20T21:18:53","date_gmt":"2023-04-20T19:18:53","guid":{"rendered":"https:\/\/blogs.donboscovolunteers.de\/hannahinbolivien\/?p=252"},"modified":"2023-04-20T21:25:28","modified_gmt":"2023-04-20T19:25:28","slug":"die-feste-feiern-wie-sie-fallen","status":"publish","type":"post","link":"https:\/\/blogs.donboscovolunteers.de\/hannahinbolivien\/2023\/04\/20\/die-feste-feiern-wie-sie-fallen\/","title":{"rendered":"Die Feste feiern, wie sie fallen"},"content":{"rendered":"<p>Mittlerweile sind wir nun schon \u00fcber sieben Monate hier in <a href=\"https:\/\/multimedia.strassenkinder.de\/bolivien\">Bolivien<\/a> und haben daher auch einige Feste und Feiertage miterlebt: von Weihnachten \u00fcber Fasching bis hin zu Ostern war alles dabei. Und bevor ich n\u00e4chste Woche mit <a href=\"https:\/\/blogs.donboscovolunteers.de\/teresahillebrand\/\" target=\"_blank\" rel=\"noreferrer noopener\">Teresa<\/a> meine gro\u00dfe Bolivienreise antrete und danach dar\u00fcber einen Beitrag schreibe, wollte ich dann doch noch einmal kurz auf diese besonderen Tage in unserem Hogar-Alltag eingehen.<\/p>\n\n\n\n<p><\/p>\n\n\n\n<h2 class=\"wp-block-heading\">Feliz Navidad&#8230;<\/h2>\n\n\n\n<p>Weihnachten fing f\u00fcr uns (wie \u00fcblich) am <strong>24.12.<\/strong> an und zwar dieses Mal bereits um ein Uhr nachmittags mit einem Anruf zu Hause. So war ich virtuell beim Weihnachtsessen, Geschenkeauspacken und sogar beim Singen dabei, welches ich zum Teil auf einem elektronischen Klavier von Bolivien aus begleitete. <\/p>\n\n\n\n<p>Abends ging es dann f\u00fcr uns ins Hogar und nach der Messe stand ein riesiges Abendessen mit allen vier Teilprojekten (also etwa 150 Personen) an, welches aus Schweinefleisch mit Reis bestand. Anschlie\u00dfend gab es einzelne Pr\u00e4sentationen (so sangen wir bspw. deutsche Weihnachtslieder vor) und eine Geschenkeverlosung. Wirklich besonders war nur das Feuerwerk, das um Punkt zw\u00f6lf Uhr nachts in der ganzen Stadt erscholl und uns noch einmal auf die Stra\u00dfe lockte.<\/p>\n\n\n\n<figure class=\"wp-block-gallery has-nested-images columns-default is-cropped wp-block-gallery-1 is-layout-flex wp-block-gallery-is-layout-flex\">\n<figure class=\"wp-block-image size-large\"><img loading=\"lazy\" decoding=\"async\" width=\"1024\" height=\"768\" data-id=\"292\" src=\"https:\/\/blogs.donboscovolunteers.de\/hannahinbolivien\/wp-content\/uploads\/sites\/21645\/2023\/04\/IMG-20221225-WA0066-1024x768.jpg\" alt=\"\" class=\"wp-image-292\" srcset=\"https:\/\/blogs.donboscovolunteers.de\/hannahinbolivien\/wp-content\/uploads\/sites\/21645\/2023\/04\/IMG-20221225-WA0066-1024x768.jpg 1024w, https:\/\/blogs.donboscovolunteers.de\/hannahinbolivien\/wp-content\/uploads\/sites\/21645\/2023\/04\/IMG-20221225-WA0066-300x225.jpg 300w, https:\/\/blogs.donboscovolunteers.de\/hannahinbolivien\/wp-content\/uploads\/sites\/21645\/2023\/04\/IMG-20221225-WA0066-768x576.jpg 768w, https:\/\/blogs.donboscovolunteers.de\/hannahinbolivien\/wp-content\/uploads\/sites\/21645\/2023\/04\/IMG-20221225-WA0066-900x675.jpg 900w, https:\/\/blogs.donboscovolunteers.de\/hannahinbolivien\/wp-content\/uploads\/sites\/21645\/2023\/04\/IMG-20221225-WA0066.jpg 1280w\" sizes=\"auto, (max-width: 1024px) 100vw, 1024px\" \/><figcaption class=\"wp-element-caption\">Weihnachtssingen virtuell&#8230;<\/figcaption><\/figure>\n\n\n\n<figure class=\"wp-block-image size-large\"><img loading=\"lazy\" decoding=\"async\" width=\"1024\" height=\"576\" data-id=\"290\" src=\"https:\/\/blogs.donboscovolunteers.de\/hannahinbolivien\/wp-content\/uploads\/sites\/21645\/2023\/04\/IMG-20221225-WA0057-1024x576.jpg\" alt=\"\" class=\"wp-image-290\" srcset=\"https:\/\/blogs.donboscovolunteers.de\/hannahinbolivien\/wp-content\/uploads\/sites\/21645\/2023\/04\/IMG-20221225-WA0057-1024x576.jpg 1024w, https:\/\/blogs.donboscovolunteers.de\/hannahinbolivien\/wp-content\/uploads\/sites\/21645\/2023\/04\/IMG-20221225-WA0057-300x169.jpg 300w, https:\/\/blogs.donboscovolunteers.de\/hannahinbolivien\/wp-content\/uploads\/sites\/21645\/2023\/04\/IMG-20221225-WA0057-768x432.jpg 768w, https:\/\/blogs.donboscovolunteers.de\/hannahinbolivien\/wp-content\/uploads\/sites\/21645\/2023\/04\/IMG-20221225-WA0057-900x506.jpg 900w, https:\/\/blogs.donboscovolunteers.de\/hannahinbolivien\/wp-content\/uploads\/sites\/21645\/2023\/04\/IMG-20221225-WA0057.jpg 1280w\" sizes=\"auto, (max-width: 1024px) 100vw, 1024px\" \/><figcaption class=\"wp-element-caption\">&#8230;und im Hogar<\/figcaption><\/figure>\n<\/figure>\n\n\n\n<p>Auch der <strong>25. Dezember<\/strong> war dann nicht viel feierlicher: die Kinder konnten sich bei kleinen Spielen sogenannte &#8222;Boscos&#8220; erspielen (extra gedruckte Scheine unserer Einrichtungen) und diese anschlie\u00dfend gegen Kuscheltiere, S\u00fc\u00dfigkeiten und mehr eintauschen. Am Nachmittag ging es dann ins Schwimmbad, was an Weihnachten wohl f\u00fcr uns Volont\u00e4re alle eine Pr\u00e4miere war. <\/p>\n\n\n\n<p>Das erste Mal, dass bei uns richtig festliche Stimmung aufkam, war dann am <strong>zweiten Weihnachtsfeiertag<\/strong>, unserem freien Tag. Zu siebt kochten wir den ganzen Tag lang \u00fcber Stunden hinweg ein herrliches Weihnachtsessen (leckerstes Fleisch mit Bratenso\u00dfe, handgeschabte Sp\u00e4tzle, Blaukraut und Salat gefolgt von Tiramisu), welches wir dann in unserer schicksten Kleidung bei Kerzenschein, gutem Wein und weihnachtlicher Musik genossen. Ein ganz klares Highlight!<\/p>\n\n\n\n<figure class=\"wp-block-gallery has-nested-images columns-default is-cropped wp-block-gallery-2 is-layout-flex wp-block-gallery-is-layout-flex\">\n<figure class=\"wp-block-image size-large\"><img loading=\"lazy\" decoding=\"async\" width=\"768\" height=\"1024\" data-id=\"271\" src=\"https:\/\/blogs.donboscovolunteers.de\/hannahinbolivien\/wp-content\/uploads\/sites\/21645\/2023\/04\/20221225_105750-768x1024.jpg\" alt=\"\" class=\"wp-image-271\" srcset=\"https:\/\/blogs.donboscovolunteers.de\/hannahinbolivien\/wp-content\/uploads\/sites\/21645\/2023\/04\/20221225_105750-768x1024.jpg 768w, https:\/\/blogs.donboscovolunteers.de\/hannahinbolivien\/wp-content\/uploads\/sites\/21645\/2023\/04\/20221225_105750-225x300.jpg 225w, https:\/\/blogs.donboscovolunteers.de\/hannahinbolivien\/wp-content\/uploads\/sites\/21645\/2023\/04\/20221225_105750-900x1200.jpg 900w, https:\/\/blogs.donboscovolunteers.de\/hannahinbolivien\/wp-content\/uploads\/sites\/21645\/2023\/04\/20221225_105750.jpg 960w\" sizes=\"auto, (max-width: 768px) 100vw, 768px\" \/><figcaption class=\"wp-element-caption\">Puzzeln f\u00fcr Boscos<\/figcaption><\/figure>\n\n\n\n<figure class=\"wp-block-image size-large\"><img loading=\"lazy\" decoding=\"async\" width=\"1024\" height=\"911\" data-id=\"293\" src=\"https:\/\/blogs.donboscovolunteers.de\/hannahinbolivien\/wp-content\/uploads\/sites\/21645\/2023\/04\/IMG-20221227-WA0002-1024x911.jpg\" alt=\"\" class=\"wp-image-293\" srcset=\"https:\/\/blogs.donboscovolunteers.de\/hannahinbolivien\/wp-content\/uploads\/sites\/21645\/2023\/04\/IMG-20221227-WA0002-1024x911.jpg 1024w, https:\/\/blogs.donboscovolunteers.de\/hannahinbolivien\/wp-content\/uploads\/sites\/21645\/2023\/04\/IMG-20221227-WA0002-300x267.jpg 300w, https:\/\/blogs.donboscovolunteers.de\/hannahinbolivien\/wp-content\/uploads\/sites\/21645\/2023\/04\/IMG-20221227-WA0002-768x683.jpg 768w, https:\/\/blogs.donboscovolunteers.de\/hannahinbolivien\/wp-content\/uploads\/sites\/21645\/2023\/04\/IMG-20221227-WA0002-900x801.jpg 900w, https:\/\/blogs.donboscovolunteers.de\/hannahinbolivien\/wp-content\/uploads\/sites\/21645\/2023\/04\/IMG-20221227-WA0002.jpg 1280w\" sizes=\"auto, (max-width: 1024px) 100vw, 1024px\" \/><figcaption class=\"wp-element-caption\">Weihnachtliches Festmahl<\/figcaption><\/figure>\n<\/figure>\n\n\n\n<p>Da vor Weihnachten wenig Zeit geblieben war, standen einige weihnachtliche Dinge dann erst im Januar an. Das hiesige Krippenspiel, das mit seinen ganzen Tanz- und Gesangseinlagen eher einem Musical glich, sowie das Gutzlebacken mit den Kindern, waren trotzdem wirklich sch\u00f6n. Und \u00dcberraschung: Pl\u00e4tzchen schmecken auch noch nach Silvester!<\/p>\n\n\n\n<figure class=\"wp-block-gallery has-nested-images columns-default is-cropped wp-block-gallery-3 is-layout-flex wp-block-gallery-is-layout-flex\">\n<figure class=\"wp-block-image size-large\"><img loading=\"lazy\" decoding=\"async\" width=\"1024\" height=\"768\" data-id=\"274\" src=\"https:\/\/blogs.donboscovolunteers.de\/hannahinbolivien\/wp-content\/uploads\/sites\/21645\/2023\/04\/20230105_193641-1024x768.jpg\" alt=\"\" class=\"wp-image-274\" srcset=\"https:\/\/blogs.donboscovolunteers.de\/hannahinbolivien\/wp-content\/uploads\/sites\/21645\/2023\/04\/20230105_193641-1024x768.jpg 1024w, https:\/\/blogs.donboscovolunteers.de\/hannahinbolivien\/wp-content\/uploads\/sites\/21645\/2023\/04\/20230105_193641-300x225.jpg 300w, https:\/\/blogs.donboscovolunteers.de\/hannahinbolivien\/wp-content\/uploads\/sites\/21645\/2023\/04\/20230105_193641-768x576.jpg 768w, https:\/\/blogs.donboscovolunteers.de\/hannahinbolivien\/wp-content\/uploads\/sites\/21645\/2023\/04\/20230105_193641-900x675.jpg 900w, https:\/\/blogs.donboscovolunteers.de\/hannahinbolivien\/wp-content\/uploads\/sites\/21645\/2023\/04\/20230105_193641.jpg 1280w\" sizes=\"auto, (max-width: 1024px) 100vw, 1024px\" \/><\/figure>\n\n\n\n<figure class=\"wp-block-image size-large\"><img loading=\"lazy\" decoding=\"async\" width=\"768\" height=\"1024\" data-id=\"275\" src=\"https:\/\/blogs.donboscovolunteers.de\/hannahinbolivien\/wp-content\/uploads\/sites\/21645\/2023\/04\/20230110_145030-768x1024.jpg\" alt=\"\" class=\"wp-image-275\" srcset=\"https:\/\/blogs.donboscovolunteers.de\/hannahinbolivien\/wp-content\/uploads\/sites\/21645\/2023\/04\/20230110_145030-768x1024.jpg 768w, https:\/\/blogs.donboscovolunteers.de\/hannahinbolivien\/wp-content\/uploads\/sites\/21645\/2023\/04\/20230110_145030-225x300.jpg 225w, https:\/\/blogs.donboscovolunteers.de\/hannahinbolivien\/wp-content\/uploads\/sites\/21645\/2023\/04\/20230110_145030-900x1200.jpg 900w, https:\/\/blogs.donboscovolunteers.de\/hannahinbolivien\/wp-content\/uploads\/sites\/21645\/2023\/04\/20230110_145030.jpg 960w\" sizes=\"auto, (max-width: 768px) 100vw, 768px\" \/><\/figure>\n<\/figure>\n\n\n\n<p><\/p>\n\n\n\n<h2 class=\"wp-block-heading\">&#8230;Wasserschlacht an Carnaval&#8230;<\/h2>\n\n\n\n<p>Mein allerliebstes Fest im Hogar bis jetzt war ganz klar Fasching (Carnaval), denn es war eigentlich nur eine riesige, zwei Tage andauernde Wasserschlacht! Wurden am ersten Tag morgens noch Plakate vorbereitet, T\u00e4nze einstudiert und in jeder Gruppe ein Faschingsk\u00f6nig (Rey de Carnaval) gew\u00e4hlt, was sp\u00e4ter allen Anwesenden pr\u00e4sentiert wurde, stand sp\u00e4testens nach dem Mittagessen nur noch ein Programmpunkt an. <\/p>\n\n\n\n<p>\u00dcber Stunden rannten ca. 140 Kinder durch das ganze Hogar und machten sich gegenseitig mit Wasserbomben, -pistolen und -eimern nass. Und wir als Volont\u00e4re waren nat\u00fcrlich mittendrin! Es wurde mit Schaum gespr\u00fcht und mit fl\u00fcssiger Farbe gesch\u00fcttet, bis auch ganz sicher keiner mehr, weniger als tropfnass nach Hause spazierte. Besonders von Wasserbomben bedroht waren vorbeifahrende Autos und Micros (Bussle), ausgesprochen lustig nat\u00fcrlich, wenn sie bei den 35 Grad, die herrschten, mit offenen Fenstern fuhren. <\/p>\n\n\n\n<p>Am zweiten Tag wurden uns zur Begr\u00fc\u00dfung erst einmal Wassereimer \u00fcber den Kopf gesch\u00fcttet und genauso gut ging es weiter. Wir veranstalteten an verschiedenen Stationen Wasserspiele und versuchten dann gegen Mittag in der Sonne zu trocknen. Da jeder unserer 70 Jungs am Tag zuvor aber 100 Wasserbomben erhalten hatte, mit wenig Erfolg. <\/p>\n\n\n\n<p>Am Nachmittag stand dann eine der besten Unternehmungen an: der Spaziergang. An diesem Tag laufen in der ganzen Stadt sogenannte &#8222;bandillas&#8220; (also Gruppen von Kindern, Jugendlichen, aber auch Erwachsenen) durch die Stra\u00dfen. St\u00f6\u00dft man auf eine andere Bande geht mitten auf der Stra\u00dfe mit v\u00f6llig Fremden eine riesige Farb-, Schaum-, und Wasserschlacht los. Einige Familien sitzen dabei vor ihren H\u00e4usern, um das Spektakel zu bewundern und den ersch\u00f6pften Teilnehmern die Flaschen und Wasserbomben aufzuf\u00fcllen.<\/p>\n\n\n\n<p>Alles in allem ist Carnaval also ein riesiger Spa\u00df, wie man hier auch an meinem gl\u00fccklichen Gesicht erkennen kann.<\/p>\n\n\n\n<figure class=\"wp-block-gallery has-nested-images columns-default is-cropped wp-block-gallery-4 is-layout-flex wp-block-gallery-is-layout-flex\">\n<figure class=\"wp-block-image size-large\"><img loading=\"lazy\" decoding=\"async\" width=\"768\" height=\"1024\" data-id=\"276\" src=\"https:\/\/blogs.donboscovolunteers.de\/hannahinbolivien\/wp-content\/uploads\/sites\/21645\/2023\/04\/20230221_170335-768x1024.jpg\" alt=\"\" class=\"wp-image-276\" srcset=\"https:\/\/blogs.donboscovolunteers.de\/hannahinbolivien\/wp-content\/uploads\/sites\/21645\/2023\/04\/20230221_170335-768x1024.jpg 768w, https:\/\/blogs.donboscovolunteers.de\/hannahinbolivien\/wp-content\/uploads\/sites\/21645\/2023\/04\/20230221_170335-225x300.jpg 225w, https:\/\/blogs.donboscovolunteers.de\/hannahinbolivien\/wp-content\/uploads\/sites\/21645\/2023\/04\/20230221_170335-900x1200.jpg 900w, https:\/\/blogs.donboscovolunteers.de\/hannahinbolivien\/wp-content\/uploads\/sites\/21645\/2023\/04\/20230221_170335.jpg 960w\" sizes=\"auto, (max-width: 768px) 100vw, 768px\" \/><\/figure>\n\n\n\n<figure class=\"wp-block-image size-large\"><img loading=\"lazy\" decoding=\"async\" width=\"1024\" height=\"971\" data-id=\"287\" src=\"https:\/\/blogs.donboscovolunteers.de\/hannahinbolivien\/wp-content\/uploads\/sites\/21645\/2023\/04\/ff-Apfeltauchen-Rolli-verpixelt-1024x971.jpeg\" alt=\"\" class=\"wp-image-287\" srcset=\"https:\/\/blogs.donboscovolunteers.de\/hannahinbolivien\/wp-content\/uploads\/sites\/21645\/2023\/04\/ff-Apfeltauchen-Rolli-verpixelt-1024x971.jpeg 1024w, https:\/\/blogs.donboscovolunteers.de\/hannahinbolivien\/wp-content\/uploads\/sites\/21645\/2023\/04\/ff-Apfeltauchen-Rolli-verpixelt-300x285.jpeg 300w, https:\/\/blogs.donboscovolunteers.de\/hannahinbolivien\/wp-content\/uploads\/sites\/21645\/2023\/04\/ff-Apfeltauchen-Rolli-verpixelt-768x729.jpeg 768w, https:\/\/blogs.donboscovolunteers.de\/hannahinbolivien\/wp-content\/uploads\/sites\/21645\/2023\/04\/ff-Apfeltauchen-Rolli-verpixelt-900x854.jpeg 900w, https:\/\/blogs.donboscovolunteers.de\/hannahinbolivien\/wp-content\/uploads\/sites\/21645\/2023\/04\/ff-Apfeltauchen-Rolli-verpixelt.jpeg 1265w\" sizes=\"auto, (max-width: 1024px) 100vw, 1024px\" \/><figcaption class=\"wp-element-caption\">Apfeltauchen<\/figcaption><\/figure>\n<\/figure>\n\n\n\n<p><\/p>\n\n\n\n<h2 class=\"wp-block-heading\">&#8230;und an Pascua: &#8222;Fr\u00f6hliche Ostern!&#8220;<\/h2>\n\n\n\n<p>\u00c4hnlich wie in Deutschland beginnt auch hier in Bolivien Ostern eigentlich schon eine Woche zuvor, an <strong>Palmsonntag<\/strong>. Die Prozession in die Kirche und der anschlie\u00dfende Gottesdienst wiesen aber einen entscheidenden Unterschied auf: Das erste Mal in meinem Leben gab es echte Palmzweige, von den im Hogar wachsenden Palmen. Genauso sch\u00f6n ging die Woche dann weiter. <\/p>\n\n\n\n<p>An <strong>Gr\u00fcndonnerstag<\/strong> stand nat\u00fcrlich die obligatorische Fu\u00dfwaschung an, wozu es das allererste Mal auch Weihrauch gab. Am gleichen Abend fand dann noch ein Gottesdienst statt, eine etwa einst\u00fcndige Monstranzanbetung. Da diese aber im kleinsten Kreis und zum Gro\u00dfteil in Stille stattfand, war dies f\u00fcr mich wahrscheinlich bis zu diesem Zeitpunkt der besinnlichste und sch\u00f6nste Gottesdienst, was bei ein bis zwei Messen die Woche schon etwas hei\u00dfen will. <\/p>\n\n\n\n<figure class=\"wp-block-gallery has-nested-images columns-default is-cropped wp-block-gallery-5 is-layout-flex wp-block-gallery-is-layout-flex\">\n<figure class=\"wp-block-image size-large\"><img loading=\"lazy\" decoding=\"async\" width=\"1024\" height=\"1024\" data-id=\"277\" src=\"https:\/\/blogs.donboscovolunteers.de\/hannahinbolivien\/wp-content\/uploads\/sites\/21645\/2023\/04\/20230402_090436-1024x1024.jpg\" alt=\"\" class=\"wp-image-277\" srcset=\"https:\/\/blogs.donboscovolunteers.de\/hannahinbolivien\/wp-content\/uploads\/sites\/21645\/2023\/04\/20230402_090436-1024x1024.jpg 1024w, https:\/\/blogs.donboscovolunteers.de\/hannahinbolivien\/wp-content\/uploads\/sites\/21645\/2023\/04\/20230402_090436-300x300.jpg 300w, https:\/\/blogs.donboscovolunteers.de\/hannahinbolivien\/wp-content\/uploads\/sites\/21645\/2023\/04\/20230402_090436-150x150.jpg 150w, https:\/\/blogs.donboscovolunteers.de\/hannahinbolivien\/wp-content\/uploads\/sites\/21645\/2023\/04\/20230402_090436-768x768.jpg 768w, https:\/\/blogs.donboscovolunteers.de\/hannahinbolivien\/wp-content\/uploads\/sites\/21645\/2023\/04\/20230402_090436-88x88.jpg 88w, https:\/\/blogs.donboscovolunteers.de\/hannahinbolivien\/wp-content\/uploads\/sites\/21645\/2023\/04\/20230402_090436-900x900.jpg 900w, https:\/\/blogs.donboscovolunteers.de\/hannahinbolivien\/wp-content\/uploads\/sites\/21645\/2023\/04\/20230402_090436.jpg 1280w\" sizes=\"auto, (max-width: 1024px) 100vw, 1024px\" \/><figcaption class=\"wp-element-caption\">Hunderte Palmwedel<\/figcaption><\/figure>\n\n\n\n<figure class=\"wp-block-image size-large\"><img loading=\"lazy\" decoding=\"async\" width=\"942\" height=\"1024\" data-id=\"278\" src=\"https:\/\/blogs.donboscovolunteers.de\/hannahinbolivien\/wp-content\/uploads\/sites\/21645\/2023\/04\/20230406_202324-942x1024.jpg\" alt=\"\" class=\"wp-image-278\" srcset=\"https:\/\/blogs.donboscovolunteers.de\/hannahinbolivien\/wp-content\/uploads\/sites\/21645\/2023\/04\/20230406_202324-942x1024.jpg 942w, https:\/\/blogs.donboscovolunteers.de\/hannahinbolivien\/wp-content\/uploads\/sites\/21645\/2023\/04\/20230406_202324-276x300.jpg 276w, https:\/\/blogs.donboscovolunteers.de\/hannahinbolivien\/wp-content\/uploads\/sites\/21645\/2023\/04\/20230406_202324-768x835.jpg 768w, https:\/\/blogs.donboscovolunteers.de\/hannahinbolivien\/wp-content\/uploads\/sites\/21645\/2023\/04\/20230406_202324-900x979.jpg 900w, https:\/\/blogs.donboscovolunteers.de\/hannahinbolivien\/wp-content\/uploads\/sites\/21645\/2023\/04\/20230406_202324.jpg 1177w\" sizes=\"auto, (max-width: 942px) 100vw, 942px\" \/><figcaption class=\"wp-element-caption\">Monstranzanbetung<\/figcaption><\/figure>\n<\/figure>\n\n\n\n<p>An <strong>Karfreitag<\/strong> f\u00fchren quasi alle Kirchen in <a href=\"https:\/\/strassenkinder.de\/laender\/lateinamerika\/bolivien-strassenkinderzentrum\/\">Santa Cruz<\/a> (so auch die Jungs bei uns) ein krippenspiel\u00e4hnliches Theaterst\u00fcck auf, das die Leidensgeschichte Jesu zum Thema hat. Am Abend fuhren wir gemeinsam in die Stadt, denn dort f\u00fchrten dies professionelle Schauspieler auf, kostenlos, unter freiem Himmel, vor vierhundert Menschen. Mir ist wohl selten in meinem Leben diese Geschichte so erlebbar und real vorgekommen und vermittelt worden.<\/p>\n\n\n\n<p>Der sch\u00f6nste Tag war f\u00fcr mich wohl <strong>Karsamstag<\/strong>: Den ganzen Tag \u00fcber zeigten wir den Kindern deutsche Ostertraditionen, sei es beim Backen von Hefehasen oder beim Eierf\u00e4rben. Um 19 Uhr begann dann die Osternacht: Die Laternen, welche die Kinder die ganze Woche \u00fcber gebastelt hatten, wurden am Osterfeuer entz\u00fcndet und wir unternahmen einen riesigen Laternenumzug bis zur dunklen Kirche, die dann nur vom Schein unserer hunderten Kerzen erleuchtet wurde. Am Abend genossen wir ein gemeinsames Osteressen und lie\u00dfen entspannt den wundersch\u00f6nen Tag ausklingen.<\/p>\n\n\n\n<figure class=\"wp-block-gallery has-nested-images columns-default is-cropped wp-block-gallery-6 is-layout-flex wp-block-gallery-is-layout-flex\">\n<figure class=\"wp-block-image size-large\"><img loading=\"lazy\" decoding=\"async\" width=\"1024\" height=\"1024\" data-id=\"288\" src=\"https:\/\/blogs.donboscovolunteers.de\/hannahinbolivien\/wp-content\/uploads\/sites\/21645\/2023\/04\/ff-Eierfaerben-gepixelt-1024x1024.jpeg\" alt=\"\" class=\"wp-image-288\" srcset=\"https:\/\/blogs.donboscovolunteers.de\/hannahinbolivien\/wp-content\/uploads\/sites\/21645\/2023\/04\/ff-Eierfaerben-gepixelt-1024x1024.jpeg 1024w, https:\/\/blogs.donboscovolunteers.de\/hannahinbolivien\/wp-content\/uploads\/sites\/21645\/2023\/04\/ff-Eierfaerben-gepixelt-300x300.jpeg 300w, https:\/\/blogs.donboscovolunteers.de\/hannahinbolivien\/wp-content\/uploads\/sites\/21645\/2023\/04\/ff-Eierfaerben-gepixelt-150x150.jpeg 150w, https:\/\/blogs.donboscovolunteers.de\/hannahinbolivien\/wp-content\/uploads\/sites\/21645\/2023\/04\/ff-Eierfaerben-gepixelt-768x768.jpeg 768w, https:\/\/blogs.donboscovolunteers.de\/hannahinbolivien\/wp-content\/uploads\/sites\/21645\/2023\/04\/ff-Eierfaerben-gepixelt-88x88.jpeg 88w, https:\/\/blogs.donboscovolunteers.de\/hannahinbolivien\/wp-content\/uploads\/sites\/21645\/2023\/04\/ff-Eierfaerben-gepixelt-900x900.jpeg 900w, https:\/\/blogs.donboscovolunteers.de\/hannahinbolivien\/wp-content\/uploads\/sites\/21645\/2023\/04\/ff-Eierfaerben-gepixelt.jpeg 1280w\" sizes=\"auto, (max-width: 1024px) 100vw, 1024px\" \/><figcaption class=\"wp-element-caption\">Eierf\u00e4rben&#8230; <\/figcaption><\/figure>\n\n\n\n<figure class=\"wp-block-image size-large\"><img loading=\"lazy\" decoding=\"async\" width=\"1024\" height=\"1024\" data-id=\"289\" src=\"https:\/\/blogs.donboscovolunteers.de\/hannahinbolivien\/wp-content\/uploads\/sites\/21645\/2023\/04\/ff-Hasenbacken-verpixelt-1024x1024.jpeg\" alt=\"\" class=\"wp-image-289\" srcset=\"https:\/\/blogs.donboscovolunteers.de\/hannahinbolivien\/wp-content\/uploads\/sites\/21645\/2023\/04\/ff-Hasenbacken-verpixelt-1024x1024.jpeg 1024w, https:\/\/blogs.donboscovolunteers.de\/hannahinbolivien\/wp-content\/uploads\/sites\/21645\/2023\/04\/ff-Hasenbacken-verpixelt-300x300.jpeg 300w, https:\/\/blogs.donboscovolunteers.de\/hannahinbolivien\/wp-content\/uploads\/sites\/21645\/2023\/04\/ff-Hasenbacken-verpixelt-150x150.jpeg 150w, https:\/\/blogs.donboscovolunteers.de\/hannahinbolivien\/wp-content\/uploads\/sites\/21645\/2023\/04\/ff-Hasenbacken-verpixelt-768x768.jpeg 768w, https:\/\/blogs.donboscovolunteers.de\/hannahinbolivien\/wp-content\/uploads\/sites\/21645\/2023\/04\/ff-Hasenbacken-verpixelt-88x88.jpeg 88w, https:\/\/blogs.donboscovolunteers.de\/hannahinbolivien\/wp-content\/uploads\/sites\/21645\/2023\/04\/ff-Hasenbacken-verpixelt-900x900.jpeg 900w, https:\/\/blogs.donboscovolunteers.de\/hannahinbolivien\/wp-content\/uploads\/sites\/21645\/2023\/04\/ff-Hasenbacken-verpixelt.jpeg 1280w\" sizes=\"auto, (max-width: 1024px) 100vw, 1024px\" \/><figcaption class=\"wp-element-caption\">&#8230;und Hefehasen backen<\/figcaption><\/figure>\n<\/figure>\n\n\n\n<p>Am <strong>Ostersonntag<\/strong> gab es dann zum Fr\u00fchst\u00fcck f\u00fcr jedes Kind einen gebackenen Hasen und ein buntes Ei, was erst voller Skepsis betrachtet, aber letztlich dann doch mit Genuss verzehrt wurde. Anschlie\u00dfend gab es genau wie an Weihnachten, bei kleinen Spielen &#8222;Bosco&#8220;-Geldscheine zu gewinnen, die auf dem Basar gegen Preise eingel\u00f6st werden konnten. Und nach einem gemeinsamen Mittagessen aller Hogars, mit anschlie\u00dfenden Vorf\u00fchrungen der Kinder (in Tanz und Gesang), endete auch schon das bis jetzt letzte gr\u00f6\u00dfere Fest in meinem Projekt.<\/p>\n\n\n\n<figure class=\"wp-block-gallery has-nested-images columns-default is-cropped wp-block-gallery-7 is-layout-flex wp-block-gallery-is-layout-flex\">\n<figure class=\"wp-block-image size-large\"><img loading=\"lazy\" decoding=\"async\" width=\"1024\" height=\"1024\" data-id=\"284\" src=\"https:\/\/blogs.donboscovolunteers.de\/hannahinbolivien\/wp-content\/uploads\/sites\/21645\/2023\/04\/20230408_190900-1024x1024.jpg\" alt=\"\" class=\"wp-image-284\" srcset=\"https:\/\/blogs.donboscovolunteers.de\/hannahinbolivien\/wp-content\/uploads\/sites\/21645\/2023\/04\/20230408_190900-1024x1024.jpg 1024w, https:\/\/blogs.donboscovolunteers.de\/hannahinbolivien\/wp-content\/uploads\/sites\/21645\/2023\/04\/20230408_190900-300x300.jpg 300w, https:\/\/blogs.donboscovolunteers.de\/hannahinbolivien\/wp-content\/uploads\/sites\/21645\/2023\/04\/20230408_190900-150x150.jpg 150w, https:\/\/blogs.donboscovolunteers.de\/hannahinbolivien\/wp-content\/uploads\/sites\/21645\/2023\/04\/20230408_190900-768x768.jpg 768w, https:\/\/blogs.donboscovolunteers.de\/hannahinbolivien\/wp-content\/uploads\/sites\/21645\/2023\/04\/20230408_190900-88x88.jpg 88w, https:\/\/blogs.donboscovolunteers.de\/hannahinbolivien\/wp-content\/uploads\/sites\/21645\/2023\/04\/20230408_190900-900x900.jpg 900w, https:\/\/blogs.donboscovolunteers.de\/hannahinbolivien\/wp-content\/uploads\/sites\/21645\/2023\/04\/20230408_190900.jpg 1280w\" sizes=\"auto, (max-width: 1024px) 100vw, 1024px\" \/><figcaption class=\"wp-element-caption\">Osterfeuer<\/figcaption><\/figure>\n\n\n\n<figure class=\"wp-block-image size-large\"><img loading=\"lazy\" decoding=\"async\" width=\"1024\" height=\"1024\" data-id=\"285\" src=\"https:\/\/blogs.donboscovolunteers.de\/hannahinbolivien\/wp-content\/uploads\/sites\/21645\/2023\/04\/20230408_194218-1024x1024.jpg\" alt=\"\" class=\"wp-image-285\" srcset=\"https:\/\/blogs.donboscovolunteers.de\/hannahinbolivien\/wp-content\/uploads\/sites\/21645\/2023\/04\/20230408_194218-1024x1024.jpg 1024w, https:\/\/blogs.donboscovolunteers.de\/hannahinbolivien\/wp-content\/uploads\/sites\/21645\/2023\/04\/20230408_194218-300x300.jpg 300w, https:\/\/blogs.donboscovolunteers.de\/hannahinbolivien\/wp-content\/uploads\/sites\/21645\/2023\/04\/20230408_194218-150x150.jpg 150w, https:\/\/blogs.donboscovolunteers.de\/hannahinbolivien\/wp-content\/uploads\/sites\/21645\/2023\/04\/20230408_194218-768x768.jpg 768w, https:\/\/blogs.donboscovolunteers.de\/hannahinbolivien\/wp-content\/uploads\/sites\/21645\/2023\/04\/20230408_194218-88x88.jpg 88w, https:\/\/blogs.donboscovolunteers.de\/hannahinbolivien\/wp-content\/uploads\/sites\/21645\/2023\/04\/20230408_194218-900x900.jpg 900w, https:\/\/blogs.donboscovolunteers.de\/hannahinbolivien\/wp-content\/uploads\/sites\/21645\/2023\/04\/20230408_194218.jpg 1280w\" sizes=\"auto, (max-width: 1024px) 100vw, 1024px\" \/><figcaption class=\"wp-element-caption\">Laternenschein in der Kirche<\/figcaption><\/figure>\n<\/figure>\n\n\n\n<p>Da dieser Beitrag nun deutlich l\u00e4nger geworden ist, als gedacht, werde ich einfach noch einen zweiten hochladen, rund um mein sonstiges Leben gerade in Bolivien, den ihr dann auch <a href=\"https:\/\/blogs.donboscovolunteers.de\/hannahinbolivien\/2023\/04\/20\/grosse-veraenderungen-und-die-kleinen-gluecksmomente\/\" target=\"_blank\" rel=\"noreferrer noopener\">hier<\/a> finden k\u00f6nnt. <\/p>\n\n\n\n<p>Danke an alle f\u00fcrs Lesen, ich w\u00fcnsche noch einen wundersch\u00f6nen Tag!<\/p>\n\n\n\n<p>\u00a1Hasta luego &#8211; Bis bald!<\/p>\n\n\n\n<p>Hannah<\/p>","protected":false},"excerpt":{"rendered":"<p>Mittlerweile sind wir nun schon \u00fcber sieben Monate hier in <a href=\"https:\/\/multimedia.strassenkinder.de\/bolivien\">Bolivien<\/a> und haben daher auch einige Feste und Feiertage miterlebt: von Weihnachten \u00fcber Fasching bis hin zu Ostern war alles dabei. Und bevor ich n\u00e4chste Woche mit Teresa meine gro\u00dfe Bolivienreise antrete und danach dar\u00fcber einen Beitrag schreibe, wollte ich dann doch noch einmal kurz [&hellip;]<\/p>\n","protected":false},"author":21732,"featured_media":0,"comment_status":"open","ping_status":"open","sticky":false,"template":"","format":"standard","meta":{"footnotes":""},"categories":[1],"tags":[4,5,3,9,15,6,14],"class_list":["post-252","post","type-post","status-publish","format-standard","hentry","category-allgemein","tag-bolivien","tag-don-bosco","tag-hannah","tag-hogar","tag-ostern","tag-santa-cruz","tag-weihnachten"],"yoast_head":"<!-- This site is optimized with the Yoast SEO plugin v25.3.1 - https:\/\/yoast.com\/wordpress\/plugins\/seo\/ -->\n<title>Die Feste feiern, wie sie fallen - Hannah in Bolivien<\/title>\n<meta name=\"robots\" content=\"index, follow, max-snippet:-1, max-image-preview:large, max-video-preview:-1\" \/>\n<link rel=\"canonical\" href=\"https:\/\/blogs.donboscovolunteers.de\/hannahinbolivien\/2023\/04\/20\/die-feste-feiern-wie-sie-fallen\/\" \/>\n<meta property=\"og:locale\" content=\"de_DE\" \/>\n<meta property=\"og:type\" content=\"article\" \/>\n<meta property=\"og:title\" content=\"Die Feste feiern, wie sie fallen - Hannah in Bolivien\" \/>\n<meta property=\"og:description\" content=\"Mittlerweile sind wir nun schon \u00fcber sieben Monate hier in Bolivien und haben daher auch einige Feste und Feiertage miterlebt: von Weihnachten \u00fcber Fasching bis hin zu Ostern war alles dabei. Und bevor ich n\u00e4chste Woche mit Teresa meine gro\u00dfe Bolivienreise antrete und danach dar\u00fcber einen Beitrag schreibe, wollte ich dann doch noch einmal kurz [&hellip;]\" \/>\n<meta property=\"og:url\" content=\"https:\/\/blogs.donboscovolunteers.de\/hannahinbolivien\/2023\/04\/20\/die-feste-feiern-wie-sie-fallen\/\" \/>\n<meta property=\"og:site_name\" content=\"Hannah in Bolivien\" \/>\n<meta property=\"article:published_time\" content=\"2023-04-20T19:18:53+00:00\" \/>\n<meta property=\"article:modified_time\" content=\"2023-04-20T19:25:28+00:00\" \/>\n<meta property=\"og:image\" content=\"https:\/\/blogs.donboscovolunteers.de\/hannahinbolivien\/wp-content\/uploads\/sites\/21645\/2023\/04\/IMG-20221225-WA0066-1024x768.jpg\" \/>\n<meta name=\"author\" content=\"Hannah Dreizler\" \/>\n<meta name=\"twitter:card\" content=\"summary_large_image\" \/>\n<meta name=\"twitter:label1\" content=\"Verfasst von\" \/>\n\t<meta name=\"twitter:data1\" content=\"Hannah Dreizler\" \/>\n\t<meta name=\"twitter:label2\" content=\"Gesch\u00e4tzte Lesezeit\" \/>\n\t<meta name=\"twitter:data2\" content=\"6\u00a0Minuten\" \/>\n<script type=\"application\/ld+json\" class=\"yoast-schema-graph\">{\"@context\":\"https:\/\/schema.org\",\"@graph\":[{\"@type\":\"WebPage\",\"@id\":\"https:\/\/blogs.donboscovolunteers.de\/hannahinbolivien\/2023\/04\/20\/die-feste-feiern-wie-sie-fallen\/\",\"url\":\"https:\/\/blogs.donboscovolunteers.de\/hannahinbolivien\/2023\/04\/20\/die-feste-feiern-wie-sie-fallen\/\",\"name\":\"Die Feste feiern, wie sie fallen - Hannah in Bolivien\",\"isPartOf\":{\"@id\":\"https:\/\/blogs.donboscovolunteers.de\/hannahinbolivien\/#website\"},\"primaryImageOfPage\":{\"@id\":\"https:\/\/blogs.donboscovolunteers.de\/hannahinbolivien\/2023\/04\/20\/die-feste-feiern-wie-sie-fallen\/#primaryimage\"},\"image\":{\"@id\":\"https:\/\/blogs.donboscovolunteers.de\/hannahinbolivien\/2023\/04\/20\/die-feste-feiern-wie-sie-fallen\/#primaryimage\"},\"thumbnailUrl\":\"https:\/\/blogs.donboscovolunteers.de\/hannahinbolivien\/wp-content\/uploads\/sites\/21645\/2023\/04\/IMG-20221225-WA0066-1024x768.jpg\",\"datePublished\":\"2023-04-20T19:18:53+00:00\",\"dateModified\":\"2023-04-20T19:25:28+00:00\",\"author\":{\"@id\":\"https:\/\/blogs.donboscovolunteers.de\/hannahinbolivien\/#\/schema\/person\/ec118aac680b57cf408f1b4839c64dbc\"},\"breadcrumb\":{\"@id\":\"https:\/\/blogs.donboscovolunteers.de\/hannahinbolivien\/2023\/04\/20\/die-feste-feiern-wie-sie-fallen\/#breadcrumb\"},\"inLanguage\":\"de\",\"potentialAction\":[{\"@type\":\"ReadAction\",\"target\":[\"https:\/\/blogs.donboscovolunteers.de\/hannahinbolivien\/2023\/04\/20\/die-feste-feiern-wie-sie-fallen\/\"]}]},{\"@type\":\"ImageObject\",\"inLanguage\":\"de\",\"@id\":\"https:\/\/blogs.donboscovolunteers.de\/hannahinbolivien\/2023\/04\/20\/die-feste-feiern-wie-sie-fallen\/#primaryimage\",\"url\":\"https:\/\/blogs.donboscovolunteers.de\/hannahinbolivien\/wp-content\/uploads\/sites\/21645\/2023\/04\/IMG-20221225-WA0066.jpg\",\"contentUrl\":\"https:\/\/blogs.donboscovolunteers.de\/hannahinbolivien\/wp-content\/uploads\/sites\/21645\/2023\/04\/IMG-20221225-WA0066.jpg\",\"width\":1280,\"height\":960,\"caption\":\"Weihnachtssingen virtuell...\"},{\"@type\":\"BreadcrumbList\",\"@id\":\"https:\/\/blogs.donboscovolunteers.de\/hannahinbolivien\/2023\/04\/20\/die-feste-feiern-wie-sie-fallen\/#breadcrumb\",\"itemListElement\":[{\"@type\":\"ListItem\",\"position\":1,\"name\":\"Startseite\",\"item\":\"https:\/\/blogs.donboscovolunteers.de\/hannahinbolivien\/\"},{\"@type\":\"ListItem\",\"position\":2,\"name\":\"Die Feste feiern, wie sie fallen\"}]},{\"@type\":\"WebSite\",\"@id\":\"https:\/\/blogs.donboscovolunteers.de\/hannahinbolivien\/#website\",\"url\":\"https:\/\/blogs.donboscovolunteers.de\/hannahinbolivien\/\",\"name\":\"Hannah in Bolivien\",\"description\":\"\",\"potentialAction\":[{\"@type\":\"SearchAction\",\"target\":{\"@type\":\"EntryPoint\",\"urlTemplate\":\"https:\/\/blogs.donboscovolunteers.de\/hannahinbolivien\/?s={search_term_string}\"},\"query-input\":{\"@type\":\"PropertyValueSpecification\",\"valueRequired\":true,\"valueName\":\"search_term_string\"}}],\"inLanguage\":\"de\"},{\"@type\":\"Person\",\"@id\":\"https:\/\/blogs.donboscovolunteers.de\/hannahinbolivien\/#\/schema\/person\/ec118aac680b57cf408f1b4839c64dbc\",\"name\":\"Hannah Dreizler\",\"image\":{\"@type\":\"ImageObject\",\"inLanguage\":\"de\",\"@id\":\"https:\/\/blogs.donboscovolunteers.de\/hannahinbolivien\/#\/schema\/person\/image\/\",\"url\":\"https:\/\/secure.gravatar.com\/avatar\/ead7b9e2142365738943191e9fe87259be22259c217d975e4ea1271a6b17681c?s=96&d=mm&r=g\",\"contentUrl\":\"https:\/\/secure.gravatar.com\/avatar\/ead7b9e2142365738943191e9fe87259be22259c217d975e4ea1271a6b17681c?s=96&d=mm&r=g\",\"caption\":\"Hannah Dreizler\"},\"url\":\"https:\/\/blogs.donboscovolunteers.de\/hannahinbolivien\/author\/hannahdreizler\/\"}]}<\/script>\n<!-- \/ Yoast SEO plugin. -->","yoast_head_json":{"title":"Die Feste feiern, wie sie fallen - Hannah in Bolivien","robots":{"index":"index","follow":"follow","max-snippet":"max-snippet:-1","max-image-preview":"max-image-preview:large","max-video-preview":"max-video-preview:-1"},"canonical":"https:\/\/blogs.donboscovolunteers.de\/hannahinbolivien\/2023\/04\/20\/die-feste-feiern-wie-sie-fallen\/","og_locale":"de_DE","og_type":"article","og_title":"Die Feste feiern, wie sie fallen - Hannah in Bolivien","og_description":"Mittlerweile sind wir nun schon \u00fcber sieben Monate hier in Bolivien und haben daher auch einige Feste und Feiertage miterlebt: von Weihnachten \u00fcber Fasching bis hin zu Ostern war alles dabei. Und bevor ich n\u00e4chste Woche mit Teresa meine gro\u00dfe Bolivienreise antrete und danach dar\u00fcber einen Beitrag schreibe, wollte ich dann doch noch einmal kurz [&hellip;]","og_url":"https:\/\/blogs.donboscovolunteers.de\/hannahinbolivien\/2023\/04\/20\/die-feste-feiern-wie-sie-fallen\/","og_site_name":"Hannah in Bolivien","article_published_time":"2023-04-20T19:18:53+00:00","article_modified_time":"2023-04-20T19:25:28+00:00","og_image":[{"url":"https:\/\/blogs.donboscovolunteers.de\/hannahinbolivien\/wp-content\/uploads\/sites\/21645\/2023\/04\/IMG-20221225-WA0066-1024x768.jpg","type":"","width":"","height":""}],"author":"Hannah Dreizler","twitter_card":"summary_large_image","twitter_misc":{"Verfasst von":"Hannah Dreizler","Gesch\u00e4tzte Lesezeit":"6\u00a0Minuten"},"schema":{"@context":"https:\/\/schema.org","@graph":[{"@type":"WebPage","@id":"https:\/\/blogs.donboscovolunteers.de\/hannahinbolivien\/2023\/04\/20\/die-feste-feiern-wie-sie-fallen\/","url":"https:\/\/blogs.donboscovolunteers.de\/hannahinbolivien\/2023\/04\/20\/die-feste-feiern-wie-sie-fallen\/","name":"Die Feste feiern, wie sie fallen - Hannah in Bolivien","isPartOf":{"@id":"https:\/\/blogs.donboscovolunteers.de\/hannahinbolivien\/#website"},"primaryImageOfPage":{"@id":"https:\/\/blogs.donboscovolunteers.de\/hannahinbolivien\/2023\/04\/20\/die-feste-feiern-wie-sie-fallen\/#primaryimage"},"image":{"@id":"https:\/\/blogs.donboscovolunteers.de\/hannahinbolivien\/2023\/04\/20\/die-feste-feiern-wie-sie-fallen\/#primaryimage"},"thumbnailUrl":"https:\/\/blogs.donboscovolunteers.de\/hannahinbolivien\/wp-content\/uploads\/sites\/21645\/2023\/04\/IMG-20221225-WA0066-1024x768.jpg","datePublished":"2023-04-20T19:18:53+00:00","dateModified":"2023-04-20T19:25:28+00:00","author":{"@id":"https:\/\/blogs.donboscovolunteers.de\/hannahinbolivien\/#\/schema\/person\/ec118aac680b57cf408f1b4839c64dbc"},"breadcrumb":{"@id":"https:\/\/blogs.donboscovolunteers.de\/hannahinbolivien\/2023\/04\/20\/die-feste-feiern-wie-sie-fallen\/#breadcrumb"},"inLanguage":"de","potentialAction":[{"@type":"ReadAction","target":["https:\/\/blogs.donboscovolunteers.de\/hannahinbolivien\/2023\/04\/20\/die-feste-feiern-wie-sie-fallen\/"]}]},{"@type":"ImageObject","inLanguage":"de","@id":"https:\/\/blogs.donboscovolunteers.de\/hannahinbolivien\/2023\/04\/20\/die-feste-feiern-wie-sie-fallen\/#primaryimage","url":"https:\/\/blogs.donboscovolunteers.de\/hannahinbolivien\/wp-content\/uploads\/sites\/21645\/2023\/04\/IMG-20221225-WA0066.jpg","contentUrl":"https:\/\/blogs.donboscovolunteers.de\/hannahinbolivien\/wp-content\/uploads\/sites\/21645\/2023\/04\/IMG-20221225-WA0066.jpg","width":1280,"height":960,"caption":"Weihnachtssingen virtuell..."},{"@type":"BreadcrumbList","@id":"https:\/\/blogs.donboscovolunteers.de\/hannahinbolivien\/2023\/04\/20\/die-feste-feiern-wie-sie-fallen\/#breadcrumb","itemListElement":[{"@type":"ListItem","position":1,"name":"Startseite","item":"https:\/\/blogs.donboscovolunteers.de\/hannahinbolivien\/"},{"@type":"ListItem","position":2,"name":"Die Feste feiern, wie sie fallen"}]},{"@type":"WebSite","@id":"https:\/\/blogs.donboscovolunteers.de\/hannahinbolivien\/#website","url":"https:\/\/blogs.donboscovolunteers.de\/hannahinbolivien\/","name":"Hannah in Bolivien","description":"","potentialAction":[{"@type":"SearchAction","target":{"@type":"EntryPoint","urlTemplate":"https:\/\/blogs.donboscovolunteers.de\/hannahinbolivien\/?s={search_term_string}"},"query-input":{"@type":"PropertyValueSpecification","valueRequired":true,"valueName":"search_term_string"}}],"inLanguage":"de"},{"@type":"Person","@id":"https:\/\/blogs.donboscovolunteers.de\/hannahinbolivien\/#\/schema\/person\/ec118aac680b57cf408f1b4839c64dbc","name":"Hannah Dreizler","image":{"@type":"ImageObject","inLanguage":"de","@id":"https:\/\/blogs.donboscovolunteers.de\/hannahinbolivien\/#\/schema\/person\/image\/","url":"https:\/\/secure.gravatar.com\/avatar\/ead7b9e2142365738943191e9fe87259be22259c217d975e4ea1271a6b17681c?s=96&d=mm&r=g","contentUrl":"https:\/\/secure.gravatar.com\/avatar\/ead7b9e2142365738943191e9fe87259be22259c217d975e4ea1271a6b17681c?s=96&d=mm&r=g","caption":"Hannah Dreizler"},"url":"https:\/\/blogs.donboscovolunteers.de\/hannahinbolivien\/author\/hannahdreizler\/"}]}},"_links":{"self":[{"href":"https:\/\/blogs.donboscovolunteers.de\/hannahinbolivien\/wp-json\/wp\/v2\/posts\/252","targetHints":{"allow":["GET"]}}],"collection":[{"href":"https:\/\/blogs.donboscovolunteers.de\/hannahinbolivien\/wp-json\/wp\/v2\/posts"}],"about":[{"href":"https:\/\/blogs.donboscovolunteers.de\/hannahinbolivien\/wp-json\/wp\/v2\/types\/post"}],"author":[{"embeddable":true,"href":"https:\/\/blogs.donboscovolunteers.de\/hannahinbolivien\/wp-json\/wp\/v2\/users\/21732"}],"replies":[{"embeddable":true,"href":"https:\/\/blogs.donboscovolunteers.de\/hannahinbolivien\/wp-json\/wp\/v2\/comments?post=252"}],"version-history":[{"count":13,"href":"https:\/\/blogs.donboscovolunteers.de\/hannahinbolivien\/wp-json\/wp\/v2\/posts\/252\/revisions"}],"predecessor-version":[{"id":324,"href":"https:\/\/blogs.donboscovolunteers.de\/hannahinbolivien\/wp-json\/wp\/v2\/posts\/252\/revisions\/324"}],"wp:attachment":[{"href":"https:\/\/blogs.donboscovolunteers.de\/hannahinbolivien\/wp-json\/wp\/v2\/media?parent=252"}],"wp:term":[{"taxonomy":"category","embeddable":true,"href":"https:\/\/blogs.donboscovolunteers.de\/hannahinbolivien\/wp-json\/wp\/v2\/categories?post=252"},{"taxonomy":"post_tag","embeddable":true,"href":"https:\/\/blogs.donboscovolunteers.de\/hannahinbolivien\/wp-json\/wp\/v2\/tags?post=252"}],"curies":[{"name":"wp","href":"https:\/\/api.w.org\/{rel}","templated":true}]}}