{"id":99,"date":"2019-12-05T11:15:36","date_gmt":"2019-12-05T10:15:36","guid":{"rendered":"https:\/\/blogs.donboscovolunteers.de\/hannahimkosovo\/?p=99"},"modified":"2019-12-05T11:15:39","modified_gmt":"2019-12-05T10:15:39","slug":"ein-etwas-anderer-unabhaengigkeitstag","status":"publish","type":"post","link":"https:\/\/blogs.donboscovolunteers.de\/hannahimkosovo\/2019\/12\/05\/ein-etwas-anderer-unabhaengigkeitstag\/","title":{"rendered":"Ein etwas anderer Unabh\u00e4ngigkeitstag"},"content":{"rendered":"<p>Am Donnerstag, dem 28. November war Unabh\u00e4ngigkeitstag von Albanien, der auch im Kosovo gro\u00df gefeiert wird und hier auch ein gesetzlicher Feiertag ist. \u00dcberall in der Stadt wurden Albanienflaggen aufgeh\u00e4ngt und auch bei uns in der Schule haben die Sch\u00fcler einiges dekoriert. <\/p>\n\n\n\n<figure class=\"wp-block-image size-large is-resized\"><img loading=\"lazy\" decoding=\"async\" src=\"https:\/\/blogs.donboscovolunteers.de\/hannahimkosovo\/wp-content\/uploads\/sites\/21612\/2019\/12\/IMG_9084-1-1024x768.jpg\" alt=\"\" class=\"wp-image-101\" width=\"301\" height=\"226\" srcset=\"https:\/\/blogs.donboscovolunteers.de\/hannahimkosovo\/wp-content\/uploads\/sites\/21612\/2019\/12\/IMG_9084-1-1024x768.jpg 1024w, https:\/\/blogs.donboscovolunteers.de\/hannahimkosovo\/wp-content\/uploads\/sites\/21612\/2019\/12\/IMG_9084-1-300x225.jpg 300w, https:\/\/blogs.donboscovolunteers.de\/hannahimkosovo\/wp-content\/uploads\/sites\/21612\/2019\/12\/IMG_9084-1-768x576.jpg 768w, https:\/\/blogs.donboscovolunteers.de\/hannahimkosovo\/wp-content\/uploads\/sites\/21612\/2019\/12\/IMG_9084-1-1200x900.jpg 1200w, https:\/\/blogs.donboscovolunteers.de\/hannahimkosovo\/wp-content\/uploads\/sites\/21612\/2019\/12\/IMG_9084-1.jpg 1280w\" sizes=\"auto, (max-width: 301px) 100vw, 301px\" \/><\/figure>\n\n\n\n<figure class=\"wp-block-image size-large is-resized\"><img loading=\"lazy\" decoding=\"async\" src=\"https:\/\/blogs.donboscovolunteers.de\/hannahimkosovo\/wp-content\/uploads\/sites\/21612\/2019\/12\/IMG_9060-1024x768.jpg\" alt=\"\" class=\"wp-image-102\" width=\"301\" height=\"226\" srcset=\"https:\/\/blogs.donboscovolunteers.de\/hannahimkosovo\/wp-content\/uploads\/sites\/21612\/2019\/12\/IMG_9060-1024x768.jpg 1024w, https:\/\/blogs.donboscovolunteers.de\/hannahimkosovo\/wp-content\/uploads\/sites\/21612\/2019\/12\/IMG_9060-300x225.jpg 300w, https:\/\/blogs.donboscovolunteers.de\/hannahimkosovo\/wp-content\/uploads\/sites\/21612\/2019\/12\/IMG_9060-768x576.jpg 768w, https:\/\/blogs.donboscovolunteers.de\/hannahimkosovo\/wp-content\/uploads\/sites\/21612\/2019\/12\/IMG_9060-1200x900.jpg 1200w, https:\/\/blogs.donboscovolunteers.de\/hannahimkosovo\/wp-content\/uploads\/sites\/21612\/2019\/12\/IMG_9060.jpg 1280w\" sizes=\"auto, (max-width: 301px) 100vw, 301px\" \/><\/figure>\n\n\n\n<p>Geplant war am 27. November ein Fest nach dem Unterricht mit traditionellem Essen und Musik. Dar\u00fcber hatte ich eigentlich geplant zu schreiben, doch am 26. November gab es in Albanien ein sehr schlimmes Erdbeben mit mehreren Toten und hunderten Verletzten. Der 27. November wurde vom Ministerpr\u00e4sidenten von Albanien und vom Kosovo aus Solidarit\u00e4t ebenfalls zum nationalen Trauertag erkl\u00e4rt. Au\u00dferdem hat man alle Feiern zum Unabh\u00e4ngigkeitstag abgesagt, weshalb auch das Fest in der Schule gestrichen wurde. Nat\u00fcrlich fand ich das sehr schade, da es meine einzige Chance gewesen w\u00e4re, diesen Tag mitzuerleben und ich mich schon sehr gefreut hatte. Trotzdem h\u00e4tte es sich eh nicht richtig angef\u00fchlt in dieser Situation zu feiern. <\/p>\n\n\n\n<figure class=\"wp-block-image size-large is-resized\"><img loading=\"lazy\" decoding=\"async\" src=\"https:\/\/blogs.donboscovolunteers.de\/hannahimkosovo\/wp-content\/uploads\/sites\/21612\/2019\/12\/af349828-a5b3-4067-9480-20d27fc617a4-1024x576.jpg\" alt=\"\" class=\"wp-image-103\" width=\"411\" height=\"231\" srcset=\"https:\/\/blogs.donboscovolunteers.de\/hannahimkosovo\/wp-content\/uploads\/sites\/21612\/2019\/12\/af349828-a5b3-4067-9480-20d27fc617a4-1024x576.jpg 1024w, https:\/\/blogs.donboscovolunteers.de\/hannahimkosovo\/wp-content\/uploads\/sites\/21612\/2019\/12\/af349828-a5b3-4067-9480-20d27fc617a4-300x169.jpg 300w, https:\/\/blogs.donboscovolunteers.de\/hannahimkosovo\/wp-content\/uploads\/sites\/21612\/2019\/12\/af349828-a5b3-4067-9480-20d27fc617a4-768x432.jpg 768w, https:\/\/blogs.donboscovolunteers.de\/hannahimkosovo\/wp-content\/uploads\/sites\/21612\/2019\/12\/af349828-a5b3-4067-9480-20d27fc617a4-1200x675.jpg 1200w, https:\/\/blogs.donboscovolunteers.de\/hannahimkosovo\/wp-content\/uploads\/sites\/21612\/2019\/12\/af349828-a5b3-4067-9480-20d27fc617a4.jpg 1280w\" sizes=\"auto, (max-width: 411px) 100vw, 411px\" \/><figcaption>Vroni und ich haben trotzdem ein paar Fotos mit traditionell albanischen H\u00fcten und der gro\u00dfen Albanienflagge, die beim Fu\u00dfballfeld aufgeh\u00e4ngt wurde, gemacht.<\/figcaption><\/figure>\n\n\n\n<p>Wor\u00fcber ich dann sehr gl\u00fccklich war, war als Jezuela uns sagte, dass DonBosco-Gjilan noch Spenden in Form von Klamotten hat, die wir nach Albanien spenden k\u00f6nnen. Wir haben dann mit ein paar Sch\u00fclern nach der Schule, mehrere Kisten voll mit Klamotten sortiert und verpackt.<\/p>\n\n\n\n<figure class=\"wp-block-image size-large is-resized\"><img loading=\"lazy\" decoding=\"async\" src=\"https:\/\/blogs.donboscovolunteers.de\/hannahimkosovo\/wp-content\/uploads\/sites\/21612\/2019\/12\/IMG_9154-1024x768.jpg\" alt=\"\" class=\"wp-image-104\" width=\"359\" height=\"269\" srcset=\"https:\/\/blogs.donboscovolunteers.de\/hannahimkosovo\/wp-content\/uploads\/sites\/21612\/2019\/12\/IMG_9154-1024x768.jpg 1024w, https:\/\/blogs.donboscovolunteers.de\/hannahimkosovo\/wp-content\/uploads\/sites\/21612\/2019\/12\/IMG_9154-300x225.jpg 300w, https:\/\/blogs.donboscovolunteers.de\/hannahimkosovo\/wp-content\/uploads\/sites\/21612\/2019\/12\/IMG_9154-768x576.jpg 768w, https:\/\/blogs.donboscovolunteers.de\/hannahimkosovo\/wp-content\/uploads\/sites\/21612\/2019\/12\/IMG_9154-1200x900.jpg 1200w, https:\/\/blogs.donboscovolunteers.de\/hannahimkosovo\/wp-content\/uploads\/sites\/21612\/2019\/12\/IMG_9154.jpg 1280w\" sizes=\"auto, (max-width: 359px) 100vw, 359px\" \/><\/figure>\n\n\n\n<p>Am Freitag brachten die Sch\u00fcler dann noch mehr Pakete mit Klamotten und Essen. Diese Pakete haben dann der Direktor der Schule und ein paar Animatoren nach Albanien in die betroffenen D\u00f6rfer gebracht.<\/p>","protected":false},"excerpt":{"rendered":"<p>Am Donnerstag, dem 28. November war Unabh\u00e4ngigkeitstag von Albanien, der auch im Kosovo gro\u00df gefeiert wird und hier auch ein gesetzlicher Feiertag ist. \u00dcberall in der Stadt wurden Albanienflaggen aufgeh\u00e4ngt und auch bei uns in der Schule haben die Sch\u00fcler einiges dekoriert. Geplant war am 27. November ein Fest nach dem Unterricht mit traditionellem Essen [&hellip;]<\/p>\n","protected":false},"author":21675,"featured_media":106,"comment_status":"open","ping_status":"open","sticky":false,"template":"","format":"standard","meta":{"footnotes":""},"categories":[1],"tags":[],"class_list":["post-99","post","type-post","status-publish","format-standard","has-post-thumbnail","hentry","category-allgemein"],"yoast_head":"<!-- This site is optimized with the Yoast SEO plugin v25.3.1 - https:\/\/yoast.com\/wordpress\/plugins\/seo\/ -->\n<title>Ein etwas anderer Unabh\u00e4ngigkeitstag - Mein Abenteuer im Kosovo<\/title>\n<meta name=\"robots\" content=\"index, follow, max-snippet:-1, max-image-preview:large, max-video-preview:-1\" \/>\n<link rel=\"canonical\" href=\"https:\/\/blogs.donboscovolunteers.de\/hannahimkosovo\/2019\/12\/05\/ein-etwas-anderer-unabhaengigkeitstag\/\" \/>\n<meta property=\"og:locale\" content=\"de_DE\" \/>\n<meta property=\"og:type\" content=\"article\" \/>\n<meta property=\"og:title\" content=\"Ein etwas anderer Unabh\u00e4ngigkeitstag - Mein Abenteuer im Kosovo\" \/>\n<meta property=\"og:description\" content=\"Am Donnerstag, dem 28. November war Unabh\u00e4ngigkeitstag von Albanien, der auch im Kosovo gro\u00df gefeiert wird und hier auch ein gesetzlicher Feiertag ist. \u00dcberall in der Stadt wurden Albanienflaggen aufgeh\u00e4ngt und auch bei uns in der Schule haben die Sch\u00fcler einiges dekoriert. Geplant war am 27. November ein Fest nach dem Unterricht mit traditionellem Essen [&hellip;]\" \/>\n<meta property=\"og:url\" content=\"https:\/\/blogs.donboscovolunteers.de\/hannahimkosovo\/2019\/12\/05\/ein-etwas-anderer-unabhaengigkeitstag\/\" \/>\n<meta property=\"og:site_name\" content=\"Mein Abenteuer im Kosovo\" \/>\n<meta property=\"article:published_time\" content=\"2019-12-05T10:15:36+00:00\" \/>\n<meta property=\"article:modified_time\" content=\"2019-12-05T10:15:39+00:00\" \/>\n<meta property=\"og:image\" content=\"https:\/\/blogs.donboscovolunteers.de\/hannahimkosovo\/wp-content\/uploads\/sites\/21612\/2019\/12\/a877f64b-66a5-479d-b140-3ef3650b02b2.jpg\" \/>\n\t<meta property=\"og:image:width\" content=\"1280\" \/>\n\t<meta property=\"og:image:height\" content=\"720\" \/>\n\t<meta property=\"og:image:type\" content=\"image\/jpeg\" \/>\n<meta name=\"author\" content=\"Hannah Hey\" \/>\n<meta name=\"twitter:card\" content=\"summary_large_image\" \/>\n<meta name=\"twitter:label1\" content=\"Verfasst von\" \/>\n\t<meta name=\"twitter:data1\" content=\"Hannah Hey\" \/>\n\t<meta name=\"twitter:label2\" content=\"Gesch\u00e4tzte Lesezeit\" \/>\n\t<meta name=\"twitter:data2\" content=\"1\u00a0Minute\" \/>\n<script type=\"application\/ld+json\" class=\"yoast-schema-graph\">{\"@context\":\"https:\/\/schema.org\",\"@graph\":[{\"@type\":\"WebPage\",\"@id\":\"https:\/\/blogs.donboscovolunteers.de\/hannahimkosovo\/2019\/12\/05\/ein-etwas-anderer-unabhaengigkeitstag\/\",\"url\":\"https:\/\/blogs.donboscovolunteers.de\/hannahimkosovo\/2019\/12\/05\/ein-etwas-anderer-unabhaengigkeitstag\/\",\"name\":\"Ein etwas anderer Unabh\u00e4ngigkeitstag - Mein Abenteuer im Kosovo\",\"isPartOf\":{\"@id\":\"https:\/\/blogs.donboscovolunteers.de\/hannahimkosovo\/#website\"},\"primaryImageOfPage\":{\"@id\":\"https:\/\/blogs.donboscovolunteers.de\/hannahimkosovo\/2019\/12\/05\/ein-etwas-anderer-unabhaengigkeitstag\/#primaryimage\"},\"image\":{\"@id\":\"https:\/\/blogs.donboscovolunteers.de\/hannahimkosovo\/2019\/12\/05\/ein-etwas-anderer-unabhaengigkeitstag\/#primaryimage\"},\"thumbnailUrl\":\"https:\/\/blogs.donboscovolunteers.de\/hannahimkosovo\/wp-content\/uploads\/sites\/21612\/2019\/12\/a877f64b-66a5-479d-b140-3ef3650b02b2.jpg\",\"datePublished\":\"2019-12-05T10:15:36+00:00\",\"dateModified\":\"2019-12-05T10:15:39+00:00\",\"author\":{\"@id\":\"https:\/\/blogs.donboscovolunteers.de\/hannahimkosovo\/#\/schema\/person\/9af7cbe9cdab0337471fa1b790a656cd\"},\"breadcrumb\":{\"@id\":\"https:\/\/blogs.donboscovolunteers.de\/hannahimkosovo\/2019\/12\/05\/ein-etwas-anderer-unabhaengigkeitstag\/#breadcrumb\"},\"inLanguage\":\"de\",\"potentialAction\":[{\"@type\":\"ReadAction\",\"target\":[\"https:\/\/blogs.donboscovolunteers.de\/hannahimkosovo\/2019\/12\/05\/ein-etwas-anderer-unabhaengigkeitstag\/\"]}]},{\"@type\":\"ImageObject\",\"inLanguage\":\"de\",\"@id\":\"https:\/\/blogs.donboscovolunteers.de\/hannahimkosovo\/2019\/12\/05\/ein-etwas-anderer-unabhaengigkeitstag\/#primaryimage\",\"url\":\"https:\/\/blogs.donboscovolunteers.de\/hannahimkosovo\/wp-content\/uploads\/sites\/21612\/2019\/12\/a877f64b-66a5-479d-b140-3ef3650b02b2.jpg\",\"contentUrl\":\"https:\/\/blogs.donboscovolunteers.de\/hannahimkosovo\/wp-content\/uploads\/sites\/21612\/2019\/12\/a877f64b-66a5-479d-b140-3ef3650b02b2.jpg\",\"width\":1280,\"height\":720},{\"@type\":\"BreadcrumbList\",\"@id\":\"https:\/\/blogs.donboscovolunteers.de\/hannahimkosovo\/2019\/12\/05\/ein-etwas-anderer-unabhaengigkeitstag\/#breadcrumb\",\"itemListElement\":[{\"@type\":\"ListItem\",\"position\":1,\"name\":\"Startseite\",\"item\":\"https:\/\/blogs.donboscovolunteers.de\/hannahimkosovo\/\"},{\"@type\":\"ListItem\",\"position\":2,\"name\":\"Ein etwas anderer Unabh\u00e4ngigkeitstag\"}]},{\"@type\":\"WebSite\",\"@id\":\"https:\/\/blogs.donboscovolunteers.de\/hannahimkosovo\/#website\",\"url\":\"https:\/\/blogs.donboscovolunteers.de\/hannahimkosovo\/\",\"name\":\"Mein Abenteuer im Kosovo\",\"description\":\"\",\"potentialAction\":[{\"@type\":\"SearchAction\",\"target\":{\"@type\":\"EntryPoint\",\"urlTemplate\":\"https:\/\/blogs.donboscovolunteers.de\/hannahimkosovo\/?s={search_term_string}\"},\"query-input\":{\"@type\":\"PropertyValueSpecification\",\"valueRequired\":true,\"valueName\":\"search_term_string\"}}],\"inLanguage\":\"de\"},{\"@type\":\"Person\",\"@id\":\"https:\/\/blogs.donboscovolunteers.de\/hannahimkosovo\/#\/schema\/person\/9af7cbe9cdab0337471fa1b790a656cd\",\"name\":\"Hannah Hey\",\"image\":{\"@type\":\"ImageObject\",\"inLanguage\":\"de\",\"@id\":\"https:\/\/blogs.donboscovolunteers.de\/hannahimkosovo\/#\/schema\/person\/image\/\",\"url\":\"https:\/\/secure.gravatar.com\/avatar\/a5b6e95606090c82f16259cf6f2c65147c25452cdc0e7429138c8413a6f94f2e?s=96&d=mm&r=g\",\"contentUrl\":\"https:\/\/secure.gravatar.com\/avatar\/a5b6e95606090c82f16259cf6f2c65147c25452cdc0e7429138c8413a6f94f2e?s=96&d=mm&r=g\",\"caption\":\"Hannah Hey\"},\"url\":\"https:\/\/blogs.donboscovolunteers.de\/hannahimkosovo\/author\/hannah01\/\"}]}<\/script>\n<!-- \/ Yoast SEO plugin. -->","yoast_head_json":{"title":"Ein etwas anderer Unabh\u00e4ngigkeitstag - Mein Abenteuer im Kosovo","robots":{"index":"index","follow":"follow","max-snippet":"max-snippet:-1","max-image-preview":"max-image-preview:large","max-video-preview":"max-video-preview:-1"},"canonical":"https:\/\/blogs.donboscovolunteers.de\/hannahimkosovo\/2019\/12\/05\/ein-etwas-anderer-unabhaengigkeitstag\/","og_locale":"de_DE","og_type":"article","og_title":"Ein etwas anderer Unabh\u00e4ngigkeitstag - Mein Abenteuer im Kosovo","og_description":"Am Donnerstag, dem 28. November war Unabh\u00e4ngigkeitstag von Albanien, der auch im Kosovo gro\u00df gefeiert wird und hier auch ein gesetzlicher Feiertag ist. \u00dcberall in der Stadt wurden Albanienflaggen aufgeh\u00e4ngt und auch bei uns in der Schule haben die Sch\u00fcler einiges dekoriert. Geplant war am 27. November ein Fest nach dem Unterricht mit traditionellem Essen [&hellip;]","og_url":"https:\/\/blogs.donboscovolunteers.de\/hannahimkosovo\/2019\/12\/05\/ein-etwas-anderer-unabhaengigkeitstag\/","og_site_name":"Mein Abenteuer im Kosovo","article_published_time":"2019-12-05T10:15:36+00:00","article_modified_time":"2019-12-05T10:15:39+00:00","og_image":[{"width":1280,"height":720,"url":"https:\/\/blogs.donboscovolunteers.de\/hannahimkosovo\/wp-content\/uploads\/sites\/21612\/2019\/12\/a877f64b-66a5-479d-b140-3ef3650b02b2.jpg","type":"image\/jpeg"}],"author":"Hannah Hey","twitter_card":"summary_large_image","twitter_misc":{"Verfasst von":"Hannah Hey","Gesch\u00e4tzte Lesezeit":"1\u00a0Minute"},"schema":{"@context":"https:\/\/schema.org","@graph":[{"@type":"WebPage","@id":"https:\/\/blogs.donboscovolunteers.de\/hannahimkosovo\/2019\/12\/05\/ein-etwas-anderer-unabhaengigkeitstag\/","url":"https:\/\/blogs.donboscovolunteers.de\/hannahimkosovo\/2019\/12\/05\/ein-etwas-anderer-unabhaengigkeitstag\/","name":"Ein etwas anderer Unabh\u00e4ngigkeitstag - Mein Abenteuer im Kosovo","isPartOf":{"@id":"https:\/\/blogs.donboscovolunteers.de\/hannahimkosovo\/#website"},"primaryImageOfPage":{"@id":"https:\/\/blogs.donboscovolunteers.de\/hannahimkosovo\/2019\/12\/05\/ein-etwas-anderer-unabhaengigkeitstag\/#primaryimage"},"image":{"@id":"https:\/\/blogs.donboscovolunteers.de\/hannahimkosovo\/2019\/12\/05\/ein-etwas-anderer-unabhaengigkeitstag\/#primaryimage"},"thumbnailUrl":"https:\/\/blogs.donboscovolunteers.de\/hannahimkosovo\/wp-content\/uploads\/sites\/21612\/2019\/12\/a877f64b-66a5-479d-b140-3ef3650b02b2.jpg","datePublished":"2019-12-05T10:15:36+00:00","dateModified":"2019-12-05T10:15:39+00:00","author":{"@id":"https:\/\/blogs.donboscovolunteers.de\/hannahimkosovo\/#\/schema\/person\/9af7cbe9cdab0337471fa1b790a656cd"},"breadcrumb":{"@id":"https:\/\/blogs.donboscovolunteers.de\/hannahimkosovo\/2019\/12\/05\/ein-etwas-anderer-unabhaengigkeitstag\/#breadcrumb"},"inLanguage":"de","potentialAction":[{"@type":"ReadAction","target":["https:\/\/blogs.donboscovolunteers.de\/hannahimkosovo\/2019\/12\/05\/ein-etwas-anderer-unabhaengigkeitstag\/"]}]},{"@type":"ImageObject","inLanguage":"de","@id":"https:\/\/blogs.donboscovolunteers.de\/hannahimkosovo\/2019\/12\/05\/ein-etwas-anderer-unabhaengigkeitstag\/#primaryimage","url":"https:\/\/blogs.donboscovolunteers.de\/hannahimkosovo\/wp-content\/uploads\/sites\/21612\/2019\/12\/a877f64b-66a5-479d-b140-3ef3650b02b2.jpg","contentUrl":"https:\/\/blogs.donboscovolunteers.de\/hannahimkosovo\/wp-content\/uploads\/sites\/21612\/2019\/12\/a877f64b-66a5-479d-b140-3ef3650b02b2.jpg","width":1280,"height":720},{"@type":"BreadcrumbList","@id":"https:\/\/blogs.donboscovolunteers.de\/hannahimkosovo\/2019\/12\/05\/ein-etwas-anderer-unabhaengigkeitstag\/#breadcrumb","itemListElement":[{"@type":"ListItem","position":1,"name":"Startseite","item":"https:\/\/blogs.donboscovolunteers.de\/hannahimkosovo\/"},{"@type":"ListItem","position":2,"name":"Ein etwas anderer Unabh\u00e4ngigkeitstag"}]},{"@type":"WebSite","@id":"https:\/\/blogs.donboscovolunteers.de\/hannahimkosovo\/#website","url":"https:\/\/blogs.donboscovolunteers.de\/hannahimkosovo\/","name":"Mein Abenteuer im Kosovo","description":"","potentialAction":[{"@type":"SearchAction","target":{"@type":"EntryPoint","urlTemplate":"https:\/\/blogs.donboscovolunteers.de\/hannahimkosovo\/?s={search_term_string}"},"query-input":{"@type":"PropertyValueSpecification","valueRequired":true,"valueName":"search_term_string"}}],"inLanguage":"de"},{"@type":"Person","@id":"https:\/\/blogs.donboscovolunteers.de\/hannahimkosovo\/#\/schema\/person\/9af7cbe9cdab0337471fa1b790a656cd","name":"Hannah Hey","image":{"@type":"ImageObject","inLanguage":"de","@id":"https:\/\/blogs.donboscovolunteers.de\/hannahimkosovo\/#\/schema\/person\/image\/","url":"https:\/\/secure.gravatar.com\/avatar\/a5b6e95606090c82f16259cf6f2c65147c25452cdc0e7429138c8413a6f94f2e?s=96&d=mm&r=g","contentUrl":"https:\/\/secure.gravatar.com\/avatar\/a5b6e95606090c82f16259cf6f2c65147c25452cdc0e7429138c8413a6f94f2e?s=96&d=mm&r=g","caption":"Hannah Hey"},"url":"https:\/\/blogs.donboscovolunteers.de\/hannahimkosovo\/author\/hannah01\/"}]}},"_links":{"self":[{"href":"https:\/\/blogs.donboscovolunteers.de\/hannahimkosovo\/wp-json\/wp\/v2\/posts\/99","targetHints":{"allow":["GET"]}}],"collection":[{"href":"https:\/\/blogs.donboscovolunteers.de\/hannahimkosovo\/wp-json\/wp\/v2\/posts"}],"about":[{"href":"https:\/\/blogs.donboscovolunteers.de\/hannahimkosovo\/wp-json\/wp\/v2\/types\/post"}],"author":[{"embeddable":true,"href":"https:\/\/blogs.donboscovolunteers.de\/hannahimkosovo\/wp-json\/wp\/v2\/users\/21675"}],"replies":[{"embeddable":true,"href":"https:\/\/blogs.donboscovolunteers.de\/hannahimkosovo\/wp-json\/wp\/v2\/comments?post=99"}],"version-history":[{"count":2,"href":"https:\/\/blogs.donboscovolunteers.de\/hannahimkosovo\/wp-json\/wp\/v2\/posts\/99\/revisions"}],"predecessor-version":[{"id":107,"href":"https:\/\/blogs.donboscovolunteers.de\/hannahimkosovo\/wp-json\/wp\/v2\/posts\/99\/revisions\/107"}],"wp:featuredmedia":[{"embeddable":true,"href":"https:\/\/blogs.donboscovolunteers.de\/hannahimkosovo\/wp-json\/wp\/v2\/media\/106"}],"wp:attachment":[{"href":"https:\/\/blogs.donboscovolunteers.de\/hannahimkosovo\/wp-json\/wp\/v2\/media?parent=99"}],"wp:term":[{"taxonomy":"category","embeddable":true,"href":"https:\/\/blogs.donboscovolunteers.de\/hannahimkosovo\/wp-json\/wp\/v2\/categories?post=99"},{"taxonomy":"post_tag","embeddable":true,"href":"https:\/\/blogs.donboscovolunteers.de\/hannahimkosovo\/wp-json\/wp\/v2\/tags?post=99"}],"curies":[{"name":"wp","href":"https:\/\/api.w.org\/{rel}","templated":true}]}}