{"id":130,"date":"2020-01-27T11:12:20","date_gmt":"2020-01-27T10:12:20","guid":{"rendered":"https:\/\/blogs.donboscovolunteers.de\/hannahimkosovo\/?p=130"},"modified":"2020-01-27T11:12:23","modified_gmt":"2020-01-27T10:12:23","slug":"weihnachten-im-kosovo","status":"publish","type":"post","link":"https:\/\/blogs.donboscovolunteers.de\/hannahimkosovo\/2020\/01\/27\/weihnachten-im-kosovo\/","title":{"rendered":"Weihnachten im Kosovo"},"content":{"rendered":"<p>Da der Kosovo ein\nmuslimisches Land ist und ungef\u00e4hr 90% der Bev\u00f6lkerung muslimisch ist, wusste\nich schon, dass Weihnachten und die Vorweihnachtszeit nicht wie gewohnt werden\nw\u00fcrde.&nbsp;<\/p>\n\n\n\n<div class=\"wp-block-image\"><figure class=\"alignright size-large is-resized\"><img loading=\"lazy\" decoding=\"async\" src=\"https:\/\/blogs.donboscovolunteers.de\/hannahimkosovo\/wp-content\/uploads\/sites\/21612\/2020\/01\/IMG_9507-768x1024.jpg\" alt=\"\" class=\"wp-image-133\" width=\"211\" height=\"281\" srcset=\"https:\/\/blogs.donboscovolunteers.de\/hannahimkosovo\/wp-content\/uploads\/sites\/21612\/2020\/01\/IMG_9507-768x1024.jpg 768w, https:\/\/blogs.donboscovolunteers.de\/hannahimkosovo\/wp-content\/uploads\/sites\/21612\/2020\/01\/IMG_9507-225x300.jpg 225w, https:\/\/blogs.donboscovolunteers.de\/hannahimkosovo\/wp-content\/uploads\/sites\/21612\/2020\/01\/IMG_9507-900x1200.jpg 900w, https:\/\/blogs.donboscovolunteers.de\/hannahimkosovo\/wp-content\/uploads\/sites\/21612\/2020\/01\/IMG_9507.jpg 960w\" sizes=\"auto, (max-width: 211px) 100vw, 211px\" \/><\/figure><\/div>\n\n\n\n<p>Doch nicht nur an Weihnachten, sondern auch bei der Vorweihnachtszeit wurden meine Erwartungen \u00fcbertroffen. Ich dachte n\u00e4mlich, dass es gar nichts weihnachtliches geben wird. Doch morgens wurde vor Unterrichtsbeginn Weihnachtsmusik gespielt, das Schulgeb\u00e4ude wurde mit Weihnachtsb\u00e4umen und Lichterketten dekoriert und auch unsere kleine Kirche wurde mit einem Adventskranz und einer Krippe ausgestattet. <\/p>\n\n\n\n<p>In Gjilan gab es im Zentrum auch einen geschm\u00fcckten Baum und die B\u00e4ume am Stra\u00dfenrand wurden mit Lichtern dekoriert. In Pristina gab es sogar einen Art Weihnachtsmarkt, mit St\u00e4nden, vielen Lichtern und Weihnachtsb\u00e4umen. Uns wurde dann aber erkl\u00e4rt, dass das alles nicht mit Weihnachten verbunden ist, da das ja die meisten hier nicht feiern, sondern mit Neujahr. An vielen geschm\u00fcckten B\u00e4umen stand auch Frohes neues Jahr und in Gjilan sowie in Pristina waren gro\u00dfe 2020\u00b4s aufgestellt. <\/p>\n\n\n\n<p>Den halben Dezember lang haben wir auch mit den christlichen Sch\u00fclern und den Animatoren das Engelsspiel gespielt. Dabei hatte jeder einen unbekannten Engel, von dem man dann anonyme Briefe und kleine Geschenke bekommen hat. F\u00fcr Vroni und mich war das ein bisschen komplizierter, da wir die Briefe erstmal auf albanisch \u00fcbersetzten lassen mussten, damit niemand bemerkt, dass wir deren Engel sind.\u00a0 <\/p>\n\n\n\n<div class=\"wp-block-image\"><figure class=\"alignright size-large is-resized\"><img loading=\"lazy\" decoding=\"async\" src=\"https:\/\/blogs.donboscovolunteers.de\/hannahimkosovo\/wp-content\/uploads\/sites\/21612\/2020\/01\/7D78D7F4-F98B-4EDD-92D1-88E8BD8AC272.jpg\" alt=\"\" class=\"wp-image-135\" width=\"313\" height=\"235\" srcset=\"https:\/\/blogs.donboscovolunteers.de\/hannahimkosovo\/wp-content\/uploads\/sites\/21612\/2020\/01\/7D78D7F4-F98B-4EDD-92D1-88E8BD8AC272.jpg 768w, https:\/\/blogs.donboscovolunteers.de\/hannahimkosovo\/wp-content\/uploads\/sites\/21612\/2020\/01\/7D78D7F4-F98B-4EDD-92D1-88E8BD8AC272-300x225.jpg 300w\" sizes=\"auto, (max-width: 313px) 100vw, 313px\" \/><\/figure><\/div>\n\n\n\n<p>Am 24. und am 25. Dezember hatte die Schule geschlossen und an Heiligabend hatten wir dann um 20 Uhr Gottesdienst in unserer kleinen Kirche mit ca. 40 Leuten. Danach sind wir noch alle in die Schulmensa gegangen, wo wir Snacks und Getr\u00e4nke vorbereitet hatten. Nach einer Stunde sind wir dann noch in ein christliches Dorf gefahren, da ein Salesianer dort noch einen Gottesdienst hatte. Der Gottesdienst war dann genauso wie man sich das in Deutschland vorstellt. Eine gro\u00dfe, weihnachtlich geschm\u00fcckte Kirche, ein Chor und Weihnachtslieder. Am Ende haben Kinder noch was vorgef\u00fchrt und vor der Kirche gab es dann sogar noch ein kleines Feuerwerk. <\/p>\n\n\n\n<p>Am ersten Weihnachtsfeiertag sind wir mit den Salesianern zu <a href=\"https:\/\/www.donboscomission.de\/don-bosco\/\">Don Bosco<\/a> Pristina gefahren, wo wir dann zusammen mit den Salesianern von dort zu Mittag gegessen haben. <\/p>","protected":false},"excerpt":{"rendered":"<p>Da der Kosovo ein muslimisches Land ist und ungef\u00e4hr 90% der Bev\u00f6lkerung muslimisch ist, wusste ich schon, dass Weihnachten und die Vorweihnachtszeit nicht wie gewohnt werden w\u00fcrde.&nbsp; Doch nicht nur an Weihnachten, sondern auch bei der Vorweihnachtszeit wurden meine Erwartungen \u00fcbertroffen. Ich dachte n\u00e4mlich, dass es gar nichts weihnachtliches geben wird. Doch morgens wurde vor [&hellip;]<\/p>\n","protected":false},"author":21675,"featured_media":0,"comment_status":"open","ping_status":"open","sticky":false,"template":"","format":"standard","meta":{"footnotes":""},"categories":[1],"tags":[],"class_list":["post-130","post","type-post","status-publish","format-standard","hentry","category-allgemein"],"yoast_head":"<!-- This site is optimized with the Yoast SEO plugin v25.3.1 - https:\/\/yoast.com\/wordpress\/plugins\/seo\/ -->\n<title>Weihnachten im Kosovo - Mein Abenteuer im Kosovo<\/title>\n<meta name=\"robots\" content=\"index, follow, max-snippet:-1, max-image-preview:large, max-video-preview:-1\" \/>\n<link rel=\"canonical\" href=\"https:\/\/blogs.donboscovolunteers.de\/hannahimkosovo\/2020\/01\/27\/weihnachten-im-kosovo\/\" \/>\n<meta property=\"og:locale\" content=\"de_DE\" \/>\n<meta property=\"og:type\" content=\"article\" \/>\n<meta property=\"og:title\" content=\"Weihnachten im Kosovo - Mein Abenteuer im Kosovo\" \/>\n<meta property=\"og:description\" content=\"Da der Kosovo ein muslimisches Land ist und ungef\u00e4hr 90% der Bev\u00f6lkerung muslimisch ist, wusste ich schon, dass Weihnachten und die Vorweihnachtszeit nicht wie gewohnt werden w\u00fcrde.&nbsp; Doch nicht nur an Weihnachten, sondern auch bei der Vorweihnachtszeit wurden meine Erwartungen \u00fcbertroffen. Ich dachte n\u00e4mlich, dass es gar nichts weihnachtliches geben wird. Doch morgens wurde vor [&hellip;]\" \/>\n<meta property=\"og:url\" content=\"https:\/\/blogs.donboscovolunteers.de\/hannahimkosovo\/2020\/01\/27\/weihnachten-im-kosovo\/\" \/>\n<meta property=\"og:site_name\" content=\"Mein Abenteuer im Kosovo\" \/>\n<meta property=\"article:published_time\" content=\"2020-01-27T10:12:20+00:00\" \/>\n<meta property=\"article:modified_time\" content=\"2020-01-27T10:12:23+00:00\" \/>\n<meta property=\"og:image\" content=\"https:\/\/blogs.donboscovolunteers.de\/hannahimkosovo\/wp-content\/uploads\/sites\/21612\/2020\/01\/IMG_9507-768x1024.jpg\" \/>\n<meta name=\"author\" content=\"Hannah Hey\" \/>\n<meta name=\"twitter:card\" content=\"summary_large_image\" \/>\n<meta name=\"twitter:label1\" content=\"Verfasst von\" \/>\n\t<meta name=\"twitter:data1\" content=\"Hannah Hey\" \/>\n\t<meta name=\"twitter:label2\" content=\"Gesch\u00e4tzte Lesezeit\" \/>\n\t<meta name=\"twitter:data2\" content=\"2\u00a0Minuten\" \/>\n<script type=\"application\/ld+json\" class=\"yoast-schema-graph\">{\"@context\":\"https:\/\/schema.org\",\"@graph\":[{\"@type\":\"WebPage\",\"@id\":\"https:\/\/blogs.donboscovolunteers.de\/hannahimkosovo\/2020\/01\/27\/weihnachten-im-kosovo\/\",\"url\":\"https:\/\/blogs.donboscovolunteers.de\/hannahimkosovo\/2020\/01\/27\/weihnachten-im-kosovo\/\",\"name\":\"Weihnachten im Kosovo - Mein Abenteuer im Kosovo\",\"isPartOf\":{\"@id\":\"https:\/\/blogs.donboscovolunteers.de\/hannahimkosovo\/#website\"},\"primaryImageOfPage\":{\"@id\":\"https:\/\/blogs.donboscovolunteers.de\/hannahimkosovo\/2020\/01\/27\/weihnachten-im-kosovo\/#primaryimage\"},\"image\":{\"@id\":\"https:\/\/blogs.donboscovolunteers.de\/hannahimkosovo\/2020\/01\/27\/weihnachten-im-kosovo\/#primaryimage\"},\"thumbnailUrl\":\"https:\/\/blogs.donboscovolunteers.de\/hannahimkosovo\/wp-content\/uploads\/sites\/21612\/2020\/01\/IMG_9507-768x1024.jpg\",\"datePublished\":\"2020-01-27T10:12:20+00:00\",\"dateModified\":\"2020-01-27T10:12:23+00:00\",\"author\":{\"@id\":\"https:\/\/blogs.donboscovolunteers.de\/hannahimkosovo\/#\/schema\/person\/9af7cbe9cdab0337471fa1b790a656cd\"},\"breadcrumb\":{\"@id\":\"https:\/\/blogs.donboscovolunteers.de\/hannahimkosovo\/2020\/01\/27\/weihnachten-im-kosovo\/#breadcrumb\"},\"inLanguage\":\"de\",\"potentialAction\":[{\"@type\":\"ReadAction\",\"target\":[\"https:\/\/blogs.donboscovolunteers.de\/hannahimkosovo\/2020\/01\/27\/weihnachten-im-kosovo\/\"]}]},{\"@type\":\"ImageObject\",\"inLanguage\":\"de\",\"@id\":\"https:\/\/blogs.donboscovolunteers.de\/hannahimkosovo\/2020\/01\/27\/weihnachten-im-kosovo\/#primaryimage\",\"url\":\"https:\/\/blogs.donboscovolunteers.de\/hannahimkosovo\/wp-content\/uploads\/sites\/21612\/2020\/01\/IMG_9507.jpg\",\"contentUrl\":\"https:\/\/blogs.donboscovolunteers.de\/hannahimkosovo\/wp-content\/uploads\/sites\/21612\/2020\/01\/IMG_9507.jpg\",\"width\":960,\"height\":1280},{\"@type\":\"BreadcrumbList\",\"@id\":\"https:\/\/blogs.donboscovolunteers.de\/hannahimkosovo\/2020\/01\/27\/weihnachten-im-kosovo\/#breadcrumb\",\"itemListElement\":[{\"@type\":\"ListItem\",\"position\":1,\"name\":\"Startseite\",\"item\":\"https:\/\/blogs.donboscovolunteers.de\/hannahimkosovo\/\"},{\"@type\":\"ListItem\",\"position\":2,\"name\":\"Weihnachten im Kosovo\"}]},{\"@type\":\"WebSite\",\"@id\":\"https:\/\/blogs.donboscovolunteers.de\/hannahimkosovo\/#website\",\"url\":\"https:\/\/blogs.donboscovolunteers.de\/hannahimkosovo\/\",\"name\":\"Mein Abenteuer im Kosovo\",\"description\":\"\",\"potentialAction\":[{\"@type\":\"SearchAction\",\"target\":{\"@type\":\"EntryPoint\",\"urlTemplate\":\"https:\/\/blogs.donboscovolunteers.de\/hannahimkosovo\/?s={search_term_string}\"},\"query-input\":{\"@type\":\"PropertyValueSpecification\",\"valueRequired\":true,\"valueName\":\"search_term_string\"}}],\"inLanguage\":\"de\"},{\"@type\":\"Person\",\"@id\":\"https:\/\/blogs.donboscovolunteers.de\/hannahimkosovo\/#\/schema\/person\/9af7cbe9cdab0337471fa1b790a656cd\",\"name\":\"Hannah Hey\",\"image\":{\"@type\":\"ImageObject\",\"inLanguage\":\"de\",\"@id\":\"https:\/\/blogs.donboscovolunteers.de\/hannahimkosovo\/#\/schema\/person\/image\/\",\"url\":\"https:\/\/secure.gravatar.com\/avatar\/a5b6e95606090c82f16259cf6f2c65147c25452cdc0e7429138c8413a6f94f2e?s=96&d=mm&r=g\",\"contentUrl\":\"https:\/\/secure.gravatar.com\/avatar\/a5b6e95606090c82f16259cf6f2c65147c25452cdc0e7429138c8413a6f94f2e?s=96&d=mm&r=g\",\"caption\":\"Hannah Hey\"},\"url\":\"https:\/\/blogs.donboscovolunteers.de\/hannahimkosovo\/author\/hannah01\/\"}]}<\/script>\n<!-- \/ Yoast SEO plugin. -->","yoast_head_json":{"title":"Weihnachten im Kosovo - Mein Abenteuer im Kosovo","robots":{"index":"index","follow":"follow","max-snippet":"max-snippet:-1","max-image-preview":"max-image-preview:large","max-video-preview":"max-video-preview:-1"},"canonical":"https:\/\/blogs.donboscovolunteers.de\/hannahimkosovo\/2020\/01\/27\/weihnachten-im-kosovo\/","og_locale":"de_DE","og_type":"article","og_title":"Weihnachten im Kosovo - Mein Abenteuer im Kosovo","og_description":"Da der Kosovo ein muslimisches Land ist und ungef\u00e4hr 90% der Bev\u00f6lkerung muslimisch ist, wusste ich schon, dass Weihnachten und die Vorweihnachtszeit nicht wie gewohnt werden w\u00fcrde.&nbsp; Doch nicht nur an Weihnachten, sondern auch bei der Vorweihnachtszeit wurden meine Erwartungen \u00fcbertroffen. Ich dachte n\u00e4mlich, dass es gar nichts weihnachtliches geben wird. Doch morgens wurde vor [&hellip;]","og_url":"https:\/\/blogs.donboscovolunteers.de\/hannahimkosovo\/2020\/01\/27\/weihnachten-im-kosovo\/","og_site_name":"Mein Abenteuer im Kosovo","article_published_time":"2020-01-27T10:12:20+00:00","article_modified_time":"2020-01-27T10:12:23+00:00","og_image":[{"url":"https:\/\/blogs.donboscovolunteers.de\/hannahimkosovo\/wp-content\/uploads\/sites\/21612\/2020\/01\/IMG_9507-768x1024.jpg","type":"","width":"","height":""}],"author":"Hannah Hey","twitter_card":"summary_large_image","twitter_misc":{"Verfasst von":"Hannah Hey","Gesch\u00e4tzte Lesezeit":"2\u00a0Minuten"},"schema":{"@context":"https:\/\/schema.org","@graph":[{"@type":"WebPage","@id":"https:\/\/blogs.donboscovolunteers.de\/hannahimkosovo\/2020\/01\/27\/weihnachten-im-kosovo\/","url":"https:\/\/blogs.donboscovolunteers.de\/hannahimkosovo\/2020\/01\/27\/weihnachten-im-kosovo\/","name":"Weihnachten im Kosovo - Mein Abenteuer im Kosovo","isPartOf":{"@id":"https:\/\/blogs.donboscovolunteers.de\/hannahimkosovo\/#website"},"primaryImageOfPage":{"@id":"https:\/\/blogs.donboscovolunteers.de\/hannahimkosovo\/2020\/01\/27\/weihnachten-im-kosovo\/#primaryimage"},"image":{"@id":"https:\/\/blogs.donboscovolunteers.de\/hannahimkosovo\/2020\/01\/27\/weihnachten-im-kosovo\/#primaryimage"},"thumbnailUrl":"https:\/\/blogs.donboscovolunteers.de\/hannahimkosovo\/wp-content\/uploads\/sites\/21612\/2020\/01\/IMG_9507-768x1024.jpg","datePublished":"2020-01-27T10:12:20+00:00","dateModified":"2020-01-27T10:12:23+00:00","author":{"@id":"https:\/\/blogs.donboscovolunteers.de\/hannahimkosovo\/#\/schema\/person\/9af7cbe9cdab0337471fa1b790a656cd"},"breadcrumb":{"@id":"https:\/\/blogs.donboscovolunteers.de\/hannahimkosovo\/2020\/01\/27\/weihnachten-im-kosovo\/#breadcrumb"},"inLanguage":"de","potentialAction":[{"@type":"ReadAction","target":["https:\/\/blogs.donboscovolunteers.de\/hannahimkosovo\/2020\/01\/27\/weihnachten-im-kosovo\/"]}]},{"@type":"ImageObject","inLanguage":"de","@id":"https:\/\/blogs.donboscovolunteers.de\/hannahimkosovo\/2020\/01\/27\/weihnachten-im-kosovo\/#primaryimage","url":"https:\/\/blogs.donboscovolunteers.de\/hannahimkosovo\/wp-content\/uploads\/sites\/21612\/2020\/01\/IMG_9507.jpg","contentUrl":"https:\/\/blogs.donboscovolunteers.de\/hannahimkosovo\/wp-content\/uploads\/sites\/21612\/2020\/01\/IMG_9507.jpg","width":960,"height":1280},{"@type":"BreadcrumbList","@id":"https:\/\/blogs.donboscovolunteers.de\/hannahimkosovo\/2020\/01\/27\/weihnachten-im-kosovo\/#breadcrumb","itemListElement":[{"@type":"ListItem","position":1,"name":"Startseite","item":"https:\/\/blogs.donboscovolunteers.de\/hannahimkosovo\/"},{"@type":"ListItem","position":2,"name":"Weihnachten im Kosovo"}]},{"@type":"WebSite","@id":"https:\/\/blogs.donboscovolunteers.de\/hannahimkosovo\/#website","url":"https:\/\/blogs.donboscovolunteers.de\/hannahimkosovo\/","name":"Mein Abenteuer im Kosovo","description":"","potentialAction":[{"@type":"SearchAction","target":{"@type":"EntryPoint","urlTemplate":"https:\/\/blogs.donboscovolunteers.de\/hannahimkosovo\/?s={search_term_string}"},"query-input":{"@type":"PropertyValueSpecification","valueRequired":true,"valueName":"search_term_string"}}],"inLanguage":"de"},{"@type":"Person","@id":"https:\/\/blogs.donboscovolunteers.de\/hannahimkosovo\/#\/schema\/person\/9af7cbe9cdab0337471fa1b790a656cd","name":"Hannah Hey","image":{"@type":"ImageObject","inLanguage":"de","@id":"https:\/\/blogs.donboscovolunteers.de\/hannahimkosovo\/#\/schema\/person\/image\/","url":"https:\/\/secure.gravatar.com\/avatar\/a5b6e95606090c82f16259cf6f2c65147c25452cdc0e7429138c8413a6f94f2e?s=96&d=mm&r=g","contentUrl":"https:\/\/secure.gravatar.com\/avatar\/a5b6e95606090c82f16259cf6f2c65147c25452cdc0e7429138c8413a6f94f2e?s=96&d=mm&r=g","caption":"Hannah Hey"},"url":"https:\/\/blogs.donboscovolunteers.de\/hannahimkosovo\/author\/hannah01\/"}]}},"_links":{"self":[{"href":"https:\/\/blogs.donboscovolunteers.de\/hannahimkosovo\/wp-json\/wp\/v2\/posts\/130","targetHints":{"allow":["GET"]}}],"collection":[{"href":"https:\/\/blogs.donboscovolunteers.de\/hannahimkosovo\/wp-json\/wp\/v2\/posts"}],"about":[{"href":"https:\/\/blogs.donboscovolunteers.de\/hannahimkosovo\/wp-json\/wp\/v2\/types\/post"}],"author":[{"embeddable":true,"href":"https:\/\/blogs.donboscovolunteers.de\/hannahimkosovo\/wp-json\/wp\/v2\/users\/21675"}],"replies":[{"embeddable":true,"href":"https:\/\/blogs.donboscovolunteers.de\/hannahimkosovo\/wp-json\/wp\/v2\/comments?post=130"}],"version-history":[{"count":2,"href":"https:\/\/blogs.donboscovolunteers.de\/hannahimkosovo\/wp-json\/wp\/v2\/posts\/130\/revisions"}],"predecessor-version":[{"id":136,"href":"https:\/\/blogs.donboscovolunteers.de\/hannahimkosovo\/wp-json\/wp\/v2\/posts\/130\/revisions\/136"}],"wp:attachment":[{"href":"https:\/\/blogs.donboscovolunteers.de\/hannahimkosovo\/wp-json\/wp\/v2\/media?parent=130"}],"wp:term":[{"taxonomy":"category","embeddable":true,"href":"https:\/\/blogs.donboscovolunteers.de\/hannahimkosovo\/wp-json\/wp\/v2\/categories?post=130"},{"taxonomy":"post_tag","embeddable":true,"href":"https:\/\/blogs.donboscovolunteers.de\/hannahimkosovo\/wp-json\/wp\/v2\/tags?post=130"}],"curies":[{"name":"wp","href":"https:\/\/api.w.org\/{rel}","templated":true}]}}