{"id":88,"date":"2023-01-25T10:12:08","date_gmt":"2023-01-25T09:12:08","guid":{"rendered":"https:\/\/blogs.donboscovolunteers.de\/emmasindienblog\/?p=88"},"modified":"2023-02-01T13:05:02","modified_gmt":"2023-02-01T12:05:02","slug":"der-zug-hat-keine-bremsen","status":"publish","type":"post","link":"https:\/\/blogs.donboscovolunteers.de\/emmasindienblog\/2023\/01\/25\/der-zug-hat-keine-bremsen\/","title":{"rendered":"Der Zug hat keine Bremsen"},"content":{"rendered":"<p>Meine Volunteer-Kollegen und ich haben eine Weltreise mit dem Zug durch <a href=\"https:\/\/strassenkinder.de\/laender\/asien\/inden\/\">Indien<\/a> gemacht. Insgesamt waren wir circa \u00fcber 40 Stunden unterwegs. Wir hatten immer eine sehr intensive Zeit auf den Zugfahrten. <\/p>\n\n\n\n<p>Die erste Fahrt war von Vijayawada nach Goa. Das war auch die erste Zugfahrt die ich \u00fcberhaupt in Indien machte. Ich war erst nicht so begeistert von den Z\u00fcgen aber irgendwann fand ich die Gesamtsituation dann doch ziemlich lustig.<\/p>\n\n\n\n<p>Die indischen Schlafz\u00fcge sind in Abteile aufgeteilt in denen es acht Schlafm\u00f6glichkeiten gibt. Jeweils drei Betten \u00fcbereinander und ein Hochbett im Gang. Das Bett in der Mitte kann man ein- und ausklappen. Alles ist ganz schlicht in Blau gehalten. Die T\u00fcren werden w\u00e4hrend der Fahrt nicht geschlossen und auch sonst ist es eher windig im gesamten Zug. Deshalb hab ich mir auch erstmal eine kleine Erk\u00e4ltung geholt. Trotz Decke, Schal und Pulli&#8230;<\/p>\n\n\n\n<figure class=\"wp-block-image size-full is-resized\"><img loading=\"lazy\" decoding=\"async\" src=\"https:\/\/blogs.donboscovolunteers.de\/emmasindienblog\/wp-content\/uploads\/sites\/21648\/2023\/01\/image.png\" alt=\"\" class=\"wp-image-95\" width=\"389\" height=\"693\" srcset=\"https:\/\/blogs.donboscovolunteers.de\/emmasindienblog\/wp-content\/uploads\/sites\/21648\/2023\/01\/image.png 562w, https:\/\/blogs.donboscovolunteers.de\/emmasindienblog\/wp-content\/uploads\/sites\/21648\/2023\/01\/image-169x300.png 169w\" sizes=\"auto, (max-width: 389px) 100vw, 389px\" \/><\/figure>\n\n\n\n<p>Die zweite Fahrt von Goa nach Kochi war nicht so spektakul\u00e4r. Ich war n\u00e4mlich so fertig, dass ich tats\u00e4chlich verdammt gut geschlafen habe!<\/p>\n\n\n\n<p>Daf\u00fcr hatte es die letzte Zugfahrt in sich. Wir wurden vom Schaffner gewarnt, dass um circa 6 Uhr morgens der Zug so unglaublich voll werden w\u00fcrde, das wir nicht mal mehr zur Toilette kommen w\u00fcrden. Er empfiehl uns sogar lieber einen anderen Zug zu nehmen. Wir dachten er w\u00fcrde \u00fcbertreiben, also blieben wir. Mitten in der Nacht wurden wir von einem Mann geweckt, der sich beschwerte dass wir in seinen Betten liegen w\u00fcrden. Und tats\u00e4chlich hatten wir versehentlich nur die halbe Nacht gebucht. Dann fiel uns auf wie unglaublich voll der Zug war. Alle standen eng aneinander in den G\u00e4ngen. Immer wieder versuchten sich Leute durch den Gang zu dr\u00e4ngeln. Ein Mann kletterte sogar mit seinem Gep\u00e4ck durch ein Fenster um noch in den Zug zu kommen. Da wir davon ausgingen, dass wir f\u00fcr die restliche Fahrt obdachlos seien, dr\u00e4ngelten wir uns ein St\u00fcck nach vorn. Wir gingen davon aus, dass vorne mehr Platz sei. Falsch gedacht. Ich stand noch nie in meinem Leben in einem so voll gepackten Zug. Zum Gl\u00fcck durften wir den Rest der Fahrt in dem Abteil einer netten Familie verbringen. <\/p>\n\n\n\n<figure class=\"wp-block-image size-full is-resized\"><img loading=\"lazy\" decoding=\"async\" src=\"https:\/\/blogs.donboscovolunteers.de\/emmasindienblog\/wp-content\/uploads\/sites\/21648\/2023\/01\/image-3.png\" alt=\"\" class=\"wp-image-98\" width=\"391\" height=\"521\" srcset=\"https:\/\/blogs.donboscovolunteers.de\/emmasindienblog\/wp-content\/uploads\/sites\/21648\/2023\/01\/image-3.png 750w, https:\/\/blogs.donboscovolunteers.de\/emmasindienblog\/wp-content\/uploads\/sites\/21648\/2023\/01\/image-3-225x300.png 225w\" sizes=\"auto, (max-width: 391px) 100vw, 391px\" \/><figcaption class=\"wp-element-caption\">Zwei meiner Mitvolunt\u00e4re komplett am Ende von der anstrengenden Fahrt \ud83d\ude42<\/figcaption><\/figure>\n\n\n\n<p>Grund f\u00fcr diese \u00dcberf\u00fcllung war, dass dieser Zug der einzige ist der einmal komplett von S\u00fcden bis in den Norden f\u00e4hrt. Und genau den hatten wir nat\u00fcrlich erwischt. Was eine Experience. <\/p>\n\n\n\n<p>Ansonsten hatten wir einen unglaublich sch\u00f6nen Urlaub. In Goa hatten wir sch\u00f6ne Str\u00e4nde und coole Partys. In Kochi hatten wir traumhafte Backwaters und tolle Landschaften. Und in Munnar gr\u00fcne Teeplantagen und gro\u00dfe Berge. <\/p>\n\n\n\n<p>Falls du Lust hast mich und das Projekt zu unterst\u00fctzen, w\u00fcrde ich mich \u00fcber eine Spende freuen: <\/p>\n\n\n\n<p><strong>IBAN: DE89 3705 0198 0000 0994 99<\/strong><br><strong>BIC: COLSDE33XXX<\/strong><br><strong>Bank: Sparkasse K\u00f6lnBonn<\/strong><\/p>\n\n\n\n<p><strong>Als Verwendungszweck: Emma Mehler, S22VR018<\/strong><br><strong>Und eure Adresse f\u00fcr die Spendenbescheinigung.<\/strong><\/p>\n\n\n\n<p>Den Verwendungszweck bitte NICHT vergessen!<\/p>\n\n\n\n<p>Schau auch auf meiner Website vorbei:\u00a0<a href=\"https:\/\/tcschlangenbad.de\/EmmaIndien\/\">Emma in Indien | Emma in Indien (tcschlangenbad.de)<\/a><\/p>","protected":false},"excerpt":{"rendered":"<p>Meine Volunteer-Kollegen und ich haben eine Weltreise mit dem Zug durch <a href=\"https:\/\/strassenkinder.de\/laender\/asien\/inden\/\">Indien<\/a> gemacht. Insgesamt waren wir circa \u00fcber 40 Stunden unterwegs. Wir hatten immer eine sehr intensive Zeit auf den Zugfahrten. Die erste Fahrt war von Vijayawada nach Goa. Das war auch die erste Zugfahrt die ich \u00fcberhaupt in Indien machte. Ich war erst nicht [&hellip;]<\/p>\n","protected":false},"author":21735,"featured_media":0,"comment_status":"open","ping_status":"open","sticky":false,"template":"","format":"standard","meta":{"footnotes":""},"categories":[1],"tags":[],"class_list":["post-88","post","type-post","status-publish","format-standard","hentry","category-allgemein"],"yoast_head":"<!-- This site is optimized with the Yoast SEO plugin v25.3.1 - https:\/\/yoast.com\/wordpress\/plugins\/seo\/ -->\n<title>Der Zug hat keine Bremsen - indian stories<\/title>\n<meta name=\"robots\" content=\"index, follow, max-snippet:-1, max-image-preview:large, max-video-preview:-1\" \/>\n<link rel=\"canonical\" href=\"https:\/\/blogs.donboscovolunteers.de\/emmasindienblog\/2023\/01\/25\/der-zug-hat-keine-bremsen\/\" \/>\n<meta property=\"og:locale\" content=\"de_DE\" \/>\n<meta property=\"og:type\" content=\"article\" \/>\n<meta property=\"og:title\" content=\"Der Zug hat keine Bremsen - indian stories\" \/>\n<meta property=\"og:description\" content=\"Meine Volunteer-Kollegen und ich haben eine Weltreise mit dem Zug durch Indien gemacht. Insgesamt waren wir circa \u00fcber 40 Stunden unterwegs. Wir hatten immer eine sehr intensive Zeit auf den Zugfahrten. Die erste Fahrt war von Vijayawada nach Goa. Das war auch die erste Zugfahrt die ich \u00fcberhaupt in Indien machte. Ich war erst nicht [&hellip;]\" \/>\n<meta property=\"og:url\" content=\"https:\/\/blogs.donboscovolunteers.de\/emmasindienblog\/2023\/01\/25\/der-zug-hat-keine-bremsen\/\" \/>\n<meta property=\"og:site_name\" content=\"indian stories\" \/>\n<meta property=\"article:published_time\" content=\"2023-01-25T09:12:08+00:00\" \/>\n<meta property=\"article:modified_time\" content=\"2023-02-01T12:05:02+00:00\" \/>\n<meta property=\"og:image\" content=\"https:\/\/blogs.donboscovolunteers.de\/emmasindienblog\/wp-content\/uploads\/sites\/21648\/2023\/01\/image.png\" \/>\n<meta name=\"author\" content=\"emma marie mehler\" \/>\n<meta name=\"twitter:card\" content=\"summary_large_image\" \/>\n<meta name=\"twitter:label1\" content=\"Verfasst von\" \/>\n\t<meta name=\"twitter:data1\" content=\"emma marie mehler\" \/>\n\t<meta name=\"twitter:label2\" content=\"Gesch\u00e4tzte Lesezeit\" \/>\n\t<meta name=\"twitter:data2\" content=\"4\u00a0Minuten\" \/>\n<script type=\"application\/ld+json\" class=\"yoast-schema-graph\">{\"@context\":\"https:\/\/schema.org\",\"@graph\":[{\"@type\":\"WebPage\",\"@id\":\"https:\/\/blogs.donboscovolunteers.de\/emmasindienblog\/2023\/01\/25\/der-zug-hat-keine-bremsen\/\",\"url\":\"https:\/\/blogs.donboscovolunteers.de\/emmasindienblog\/2023\/01\/25\/der-zug-hat-keine-bremsen\/\",\"name\":\"Der Zug hat keine Bremsen - indian stories\",\"isPartOf\":{\"@id\":\"https:\/\/blogs.donboscovolunteers.de\/emmasindienblog\/#website\"},\"primaryImageOfPage\":{\"@id\":\"https:\/\/blogs.donboscovolunteers.de\/emmasindienblog\/2023\/01\/25\/der-zug-hat-keine-bremsen\/#primaryimage\"},\"image\":{\"@id\":\"https:\/\/blogs.donboscovolunteers.de\/emmasindienblog\/2023\/01\/25\/der-zug-hat-keine-bremsen\/#primaryimage\"},\"thumbnailUrl\":\"https:\/\/blogs.donboscovolunteers.de\/emmasindienblog\/wp-content\/uploads\/sites\/21648\/2023\/01\/image.png\",\"datePublished\":\"2023-01-25T09:12:08+00:00\",\"dateModified\":\"2023-02-01T12:05:02+00:00\",\"author\":{\"@id\":\"https:\/\/blogs.donboscovolunteers.de\/emmasindienblog\/#\/schema\/person\/608778d046c0195f69f37ab0a94b808e\"},\"breadcrumb\":{\"@id\":\"https:\/\/blogs.donboscovolunteers.de\/emmasindienblog\/2023\/01\/25\/der-zug-hat-keine-bremsen\/#breadcrumb\"},\"inLanguage\":\"de\",\"potentialAction\":[{\"@type\":\"ReadAction\",\"target\":[\"https:\/\/blogs.donboscovolunteers.de\/emmasindienblog\/2023\/01\/25\/der-zug-hat-keine-bremsen\/\"]}]},{\"@type\":\"ImageObject\",\"inLanguage\":\"de\",\"@id\":\"https:\/\/blogs.donboscovolunteers.de\/emmasindienblog\/2023\/01\/25\/der-zug-hat-keine-bremsen\/#primaryimage\",\"url\":\"https:\/\/blogs.donboscovolunteers.de\/emmasindienblog\/wp-content\/uploads\/sites\/21648\/2023\/01\/image.png\",\"contentUrl\":\"https:\/\/blogs.donboscovolunteers.de\/emmasindienblog\/wp-content\/uploads\/sites\/21648\/2023\/01\/image.png\",\"width\":562,\"height\":1000},{\"@type\":\"BreadcrumbList\",\"@id\":\"https:\/\/blogs.donboscovolunteers.de\/emmasindienblog\/2023\/01\/25\/der-zug-hat-keine-bremsen\/#breadcrumb\",\"itemListElement\":[{\"@type\":\"ListItem\",\"position\":1,\"name\":\"Startseite\",\"item\":\"https:\/\/blogs.donboscovolunteers.de\/emmasindienblog\/\"},{\"@type\":\"ListItem\",\"position\":2,\"name\":\"Der Zug hat keine Bremsen\"}]},{\"@type\":\"WebSite\",\"@id\":\"https:\/\/blogs.donboscovolunteers.de\/emmasindienblog\/#website\",\"url\":\"https:\/\/blogs.donboscovolunteers.de\/emmasindienblog\/\",\"name\":\"indian stories\",\"description\":\"Eine weitere Don Bosco Volunteers Blog Website\",\"potentialAction\":[{\"@type\":\"SearchAction\",\"target\":{\"@type\":\"EntryPoint\",\"urlTemplate\":\"https:\/\/blogs.donboscovolunteers.de\/emmasindienblog\/?s={search_term_string}\"},\"query-input\":{\"@type\":\"PropertyValueSpecification\",\"valueRequired\":true,\"valueName\":\"search_term_string\"}}],\"inLanguage\":\"de\"},{\"@type\":\"Person\",\"@id\":\"https:\/\/blogs.donboscovolunteers.de\/emmasindienblog\/#\/schema\/person\/608778d046c0195f69f37ab0a94b808e\",\"name\":\"emma marie mehler\",\"image\":{\"@type\":\"ImageObject\",\"inLanguage\":\"de\",\"@id\":\"https:\/\/blogs.donboscovolunteers.de\/emmasindienblog\/#\/schema\/person\/image\/\",\"url\":\"https:\/\/blogs.donboscovolunteers.de\/emmasindienblog\/wp-content\/uploads\/pp-avatar\/e85f03b72ebe0a5403b3ccb144c86278.jpg\",\"contentUrl\":\"https:\/\/blogs.donboscovolunteers.de\/emmasindienblog\/wp-content\/uploads\/pp-avatar\/e85f03b72ebe0a5403b3ccb144c86278.jpg\",\"caption\":\"emma marie mehler\"},\"description\":\"Hi! Sch\u00f6n dich zu sehen. Mein Name ist Emma und ich bin f\u00fcr ein Jahr in Indien. Ich mache dort ein weltw\u00e4rst Freiwilligendienst mit Kindern und Jugendlichen. Wenn du meine Arbeit dort unterst\u00fctzen m\u00f6chtest, w\u00fcrde ich mich \u00fcber eine Spende freuen.\",\"url\":\"https:\/\/blogs.donboscovolunteers.de\/emmasindienblog\/author\/emmamehler\/\"}]}<\/script>\n<!-- \/ Yoast SEO plugin. -->","yoast_head_json":{"title":"Der Zug hat keine Bremsen - indian stories","robots":{"index":"index","follow":"follow","max-snippet":"max-snippet:-1","max-image-preview":"max-image-preview:large","max-video-preview":"max-video-preview:-1"},"canonical":"https:\/\/blogs.donboscovolunteers.de\/emmasindienblog\/2023\/01\/25\/der-zug-hat-keine-bremsen\/","og_locale":"de_DE","og_type":"article","og_title":"Der Zug hat keine Bremsen - indian stories","og_description":"Meine Volunteer-Kollegen und ich haben eine Weltreise mit dem Zug durch Indien gemacht. Insgesamt waren wir circa \u00fcber 40 Stunden unterwegs. Wir hatten immer eine sehr intensive Zeit auf den Zugfahrten. Die erste Fahrt war von Vijayawada nach Goa. Das war auch die erste Zugfahrt die ich \u00fcberhaupt in Indien machte. Ich war erst nicht [&hellip;]","og_url":"https:\/\/blogs.donboscovolunteers.de\/emmasindienblog\/2023\/01\/25\/der-zug-hat-keine-bremsen\/","og_site_name":"indian stories","article_published_time":"2023-01-25T09:12:08+00:00","article_modified_time":"2023-02-01T12:05:02+00:00","og_image":[{"url":"https:\/\/blogs.donboscovolunteers.de\/emmasindienblog\/wp-content\/uploads\/sites\/21648\/2023\/01\/image.png","type":"","width":"","height":""}],"author":"emma marie mehler","twitter_card":"summary_large_image","twitter_misc":{"Verfasst von":"emma marie mehler","Gesch\u00e4tzte Lesezeit":"4\u00a0Minuten"},"schema":{"@context":"https:\/\/schema.org","@graph":[{"@type":"WebPage","@id":"https:\/\/blogs.donboscovolunteers.de\/emmasindienblog\/2023\/01\/25\/der-zug-hat-keine-bremsen\/","url":"https:\/\/blogs.donboscovolunteers.de\/emmasindienblog\/2023\/01\/25\/der-zug-hat-keine-bremsen\/","name":"Der Zug hat keine Bremsen - indian stories","isPartOf":{"@id":"https:\/\/blogs.donboscovolunteers.de\/emmasindienblog\/#website"},"primaryImageOfPage":{"@id":"https:\/\/blogs.donboscovolunteers.de\/emmasindienblog\/2023\/01\/25\/der-zug-hat-keine-bremsen\/#primaryimage"},"image":{"@id":"https:\/\/blogs.donboscovolunteers.de\/emmasindienblog\/2023\/01\/25\/der-zug-hat-keine-bremsen\/#primaryimage"},"thumbnailUrl":"https:\/\/blogs.donboscovolunteers.de\/emmasindienblog\/wp-content\/uploads\/sites\/21648\/2023\/01\/image.png","datePublished":"2023-01-25T09:12:08+00:00","dateModified":"2023-02-01T12:05:02+00:00","author":{"@id":"https:\/\/blogs.donboscovolunteers.de\/emmasindienblog\/#\/schema\/person\/608778d046c0195f69f37ab0a94b808e"},"breadcrumb":{"@id":"https:\/\/blogs.donboscovolunteers.de\/emmasindienblog\/2023\/01\/25\/der-zug-hat-keine-bremsen\/#breadcrumb"},"inLanguage":"de","potentialAction":[{"@type":"ReadAction","target":["https:\/\/blogs.donboscovolunteers.de\/emmasindienblog\/2023\/01\/25\/der-zug-hat-keine-bremsen\/"]}]},{"@type":"ImageObject","inLanguage":"de","@id":"https:\/\/blogs.donboscovolunteers.de\/emmasindienblog\/2023\/01\/25\/der-zug-hat-keine-bremsen\/#primaryimage","url":"https:\/\/blogs.donboscovolunteers.de\/emmasindienblog\/wp-content\/uploads\/sites\/21648\/2023\/01\/image.png","contentUrl":"https:\/\/blogs.donboscovolunteers.de\/emmasindienblog\/wp-content\/uploads\/sites\/21648\/2023\/01\/image.png","width":562,"height":1000},{"@type":"BreadcrumbList","@id":"https:\/\/blogs.donboscovolunteers.de\/emmasindienblog\/2023\/01\/25\/der-zug-hat-keine-bremsen\/#breadcrumb","itemListElement":[{"@type":"ListItem","position":1,"name":"Startseite","item":"https:\/\/blogs.donboscovolunteers.de\/emmasindienblog\/"},{"@type":"ListItem","position":2,"name":"Der Zug hat keine Bremsen"}]},{"@type":"WebSite","@id":"https:\/\/blogs.donboscovolunteers.de\/emmasindienblog\/#website","url":"https:\/\/blogs.donboscovolunteers.de\/emmasindienblog\/","name":"indian stories","description":"Eine weitere Don Bosco Volunteers Blog Website","potentialAction":[{"@type":"SearchAction","target":{"@type":"EntryPoint","urlTemplate":"https:\/\/blogs.donboscovolunteers.de\/emmasindienblog\/?s={search_term_string}"},"query-input":{"@type":"PropertyValueSpecification","valueRequired":true,"valueName":"search_term_string"}}],"inLanguage":"de"},{"@type":"Person","@id":"https:\/\/blogs.donboscovolunteers.de\/emmasindienblog\/#\/schema\/person\/608778d046c0195f69f37ab0a94b808e","name":"emma marie mehler","image":{"@type":"ImageObject","inLanguage":"de","@id":"https:\/\/blogs.donboscovolunteers.de\/emmasindienblog\/#\/schema\/person\/image\/","url":"https:\/\/blogs.donboscovolunteers.de\/emmasindienblog\/wp-content\/uploads\/pp-avatar\/e85f03b72ebe0a5403b3ccb144c86278.jpg","contentUrl":"https:\/\/blogs.donboscovolunteers.de\/emmasindienblog\/wp-content\/uploads\/pp-avatar\/e85f03b72ebe0a5403b3ccb144c86278.jpg","caption":"emma marie mehler"},"description":"Hi! Sch\u00f6n dich zu sehen. Mein Name ist Emma und ich bin f\u00fcr ein Jahr in Indien. Ich mache dort ein weltw\u00e4rst Freiwilligendienst mit Kindern und Jugendlichen. Wenn du meine Arbeit dort unterst\u00fctzen m\u00f6chtest, w\u00fcrde ich mich \u00fcber eine Spende freuen.","url":"https:\/\/blogs.donboscovolunteers.de\/emmasindienblog\/author\/emmamehler\/"}]}},"_links":{"self":[{"href":"https:\/\/blogs.donboscovolunteers.de\/emmasindienblog\/wp-json\/wp\/v2\/posts\/88","targetHints":{"allow":["GET"]}}],"collection":[{"href":"https:\/\/blogs.donboscovolunteers.de\/emmasindienblog\/wp-json\/wp\/v2\/posts"}],"about":[{"href":"https:\/\/blogs.donboscovolunteers.de\/emmasindienblog\/wp-json\/wp\/v2\/types\/post"}],"author":[{"embeddable":true,"href":"https:\/\/blogs.donboscovolunteers.de\/emmasindienblog\/wp-json\/wp\/v2\/users\/21735"}],"replies":[{"embeddable":true,"href":"https:\/\/blogs.donboscovolunteers.de\/emmasindienblog\/wp-json\/wp\/v2\/comments?post=88"}],"version-history":[{"count":10,"href":"https:\/\/blogs.donboscovolunteers.de\/emmasindienblog\/wp-json\/wp\/v2\/posts\/88\/revisions"}],"predecessor-version":[{"id":113,"href":"https:\/\/blogs.donboscovolunteers.de\/emmasindienblog\/wp-json\/wp\/v2\/posts\/88\/revisions\/113"}],"wp:attachment":[{"href":"https:\/\/blogs.donboscovolunteers.de\/emmasindienblog\/wp-json\/wp\/v2\/media?parent=88"}],"wp:term":[{"taxonomy":"category","embeddable":true,"href":"https:\/\/blogs.donboscovolunteers.de\/emmasindienblog\/wp-json\/wp\/v2\/categories?post=88"},{"taxonomy":"post_tag","embeddable":true,"href":"https:\/\/blogs.donboscovolunteers.de\/emmasindienblog\/wp-json\/wp\/v2\/tags?post=88"}],"curies":[{"name":"wp","href":"https:\/\/api.w.org\/{rel}","templated":true}]}}