{"id":20,"date":"2022-09-19T08:38:51","date_gmt":"2022-09-19T06:38:51","guid":{"rendered":"https:\/\/blogs.donboscovolunteers.de\/emmasindienblog\/?p=20"},"modified":"2023-02-01T13:09:11","modified_gmt":"2023-02-01T12:09:11","slug":"ueber-mich","status":"publish","type":"post","link":"https:\/\/blogs.donboscovolunteers.de\/emmasindienblog\/2022\/09\/19\/ueber-mich\/","title":{"rendered":"\u00dcber mich :)"},"content":{"rendered":"<p>Hi! Mein Name ist Emma. Ich bin 19 Jahre alt und mache einen weltw\u00e4rts <a href=\"https:\/\/www.donboscovolunteers.de\/\">Freiwilligendienst<\/a> in <a href=\"https:\/\/strassenkinder.de\/laender\/asien\/inden\/\">Indien<\/a>. <\/p>\n\n\n\n<p>Ich werde im Laufe des Jahres ab und zu mal hier rein schreiben und meine Eindr\u00fccke teilen. Sch\u00f6n das du da bist! <\/p>\n\n\n\n<p>Bevor ich \u00fcber die ersten Tage schreibe, m\u00f6chte ich mich kurz vorstellen. Ich wohne in Schlangenbad mit meinen Eltern und meinem kleinen Bruder. Dieses Jahr habe ich die Schule beendet und mich dazu entschlossen ein Auslandsjahr zu machen. <\/p>\n\n\n\n<p>Ich mache gerne Yoga und interessiere mich f\u00fcr die Indische Kultur, weshalb ich auch sehr gl\u00fccklich bin ein Jahr in Vijayawada zu verbringen. Ich habe mir im Corona-Lockdown Gitarre und Ukulele spielen selbst beigebracht und singe gerne. Ich liebe Tattoos und habe einige davon. Aber ich werde mir in Indien wohl keins stechen lassen&#8230; <\/p>\n\n\n\n<p>Wenn ich zur\u00fcck bin, m\u00f6chte ich Soziale Arbeit studieren. Ein Fsj mit Kindern scheint mir die perfekte Vorbereitung daf\u00fcr zu sein. <\/p>\n\n\n\n<p>Hier noch ein paar Bilder von mir: <\/p>\n\n\n\n<figure class=\"wp-block-image size-full\"><img loading=\"lazy\" decoding=\"async\" width=\"480\" height=\"640\" src=\"https:\/\/blogs.donboscovolunteers.de\/emmasindienblog\/wp-content\/uploads\/sites\/21648\/2022\/09\/Bilder-von-mir.jpg\" alt=\"\" class=\"wp-image-25\" srcset=\"https:\/\/blogs.donboscovolunteers.de\/emmasindienblog\/wp-content\/uploads\/sites\/21648\/2022\/09\/Bilder-von-mir.jpg 480w, https:\/\/blogs.donboscovolunteers.de\/emmasindienblog\/wp-content\/uploads\/sites\/21648\/2022\/09\/Bilder-von-mir-225x300.jpg 225w\" sizes=\"auto, (max-width: 480px) 100vw, 480px\" \/><\/figure>\n\n\n\n<figure class=\"wp-block-image size-full\"><img loading=\"lazy\" decoding=\"async\" width=\"480\" height=\"640\" src=\"https:\/\/blogs.donboscovolunteers.de\/emmasindienblog\/wp-content\/uploads\/sites\/21648\/2022\/09\/yoga-bild.jpg\" alt=\"\" class=\"wp-image-26\" srcset=\"https:\/\/blogs.donboscovolunteers.de\/emmasindienblog\/wp-content\/uploads\/sites\/21648\/2022\/09\/yoga-bild.jpg 480w, https:\/\/blogs.donboscovolunteers.de\/emmasindienblog\/wp-content\/uploads\/sites\/21648\/2022\/09\/yoga-bild-225x300.jpg 225w\" sizes=\"auto, (max-width: 480px) 100vw, 480px\" \/><figcaption class=\"wp-element-caption\">Don\u00b4t hate, meditate! \ud83d\ude42<\/figcaption><\/figure>\n\n\n\n<p>See you im n\u00e4chsten Eintrag. Namaste!<\/p>\n\n\n\n<p>Schau auch auf meiner Website vorbei:\u00a0<a href=\"https:\/\/tcschlangenbad.de\/EmmaIndien\/\">Emma in Indien | Emma in Indien (tcschlangenbad.de)<\/a><\/p>","protected":false},"excerpt":{"rendered":"<p>Hi! Mein Name ist Emma. Ich bin 19 Jahre alt und mache einen weltw\u00e4rts <a href=\"https:\/\/www.donboscovolunteers.de\/\">Freiwilligendienst<\/a> in <a href=\"https:\/\/strassenkinder.de\/laender\/asien\/inden\/\">Indien<\/a>. Ich werde im Laufe des Jahres ab und zu mal hier rein schreiben und meine Eindr\u00fccke teilen. Sch\u00f6n das du da bist! Bevor ich \u00fcber die ersten Tage schreibe, m\u00f6chte ich mich kurz vorstellen. Ich wohne in Schlangenbad [&hellip;]<\/p>\n","protected":false},"author":21735,"featured_media":0,"comment_status":"open","ping_status":"open","sticky":false,"template":"","format":"standard","meta":{"footnotes":""},"categories":[1],"tags":[],"class_list":["post-20","post","type-post","status-publish","format-standard","hentry","category-allgemein"],"yoast_head":"<!-- This site is optimized with the Yoast SEO plugin v25.3.1 - https:\/\/yoast.com\/wordpress\/plugins\/seo\/ -->\n<title>\u00dcber mich :) - indian stories<\/title>\n<meta name=\"description\" content=\"Ein paar Informationen \u00fcber mich!\" \/>\n<meta name=\"robots\" content=\"index, follow, max-snippet:-1, max-image-preview:large, max-video-preview:-1\" \/>\n<link rel=\"canonical\" href=\"https:\/\/blogs.donboscovolunteers.de\/emmasindienblog\/2022\/09\/19\/ueber-mich\/\" \/>\n<meta property=\"og:locale\" content=\"de_DE\" \/>\n<meta property=\"og:type\" content=\"article\" \/>\n<meta property=\"og:title\" content=\"\u00dcber mich :) - indian stories\" \/>\n<meta property=\"og:description\" content=\"Ein paar Informationen \u00fcber mich!\" \/>\n<meta property=\"og:url\" content=\"https:\/\/blogs.donboscovolunteers.de\/emmasindienblog\/2022\/09\/19\/ueber-mich\/\" \/>\n<meta property=\"og:site_name\" content=\"indian stories\" \/>\n<meta property=\"article:published_time\" content=\"2022-09-19T06:38:51+00:00\" \/>\n<meta property=\"article:modified_time\" content=\"2023-02-01T12:09:11+00:00\" \/>\n<meta property=\"og:image\" content=\"https:\/\/blogs.donboscovolunteers.de\/emmasindienblog\/wp-content\/uploads\/sites\/21648\/2022\/09\/Bilder-von-mir.jpg\" \/>\n<meta name=\"author\" content=\"emma marie mehler\" \/>\n<meta name=\"twitter:card\" content=\"summary_large_image\" \/>\n<meta name=\"twitter:label1\" content=\"Verfasst von\" \/>\n\t<meta name=\"twitter:data1\" content=\"emma marie mehler\" \/>\n\t<meta name=\"twitter:label2\" content=\"Gesch\u00e4tzte Lesezeit\" \/>\n\t<meta name=\"twitter:data2\" content=\"2\u00a0Minuten\" \/>\n<script type=\"application\/ld+json\" class=\"yoast-schema-graph\">{\"@context\":\"https:\/\/schema.org\",\"@graph\":[{\"@type\":\"WebPage\",\"@id\":\"https:\/\/blogs.donboscovolunteers.de\/emmasindienblog\/2022\/09\/19\/ueber-mich\/\",\"url\":\"https:\/\/blogs.donboscovolunteers.de\/emmasindienblog\/2022\/09\/19\/ueber-mich\/\",\"name\":\"\u00dcber mich :) - indian stories\",\"isPartOf\":{\"@id\":\"https:\/\/blogs.donboscovolunteers.de\/emmasindienblog\/#website\"},\"primaryImageOfPage\":{\"@id\":\"https:\/\/blogs.donboscovolunteers.de\/emmasindienblog\/2022\/09\/19\/ueber-mich\/#primaryimage\"},\"image\":{\"@id\":\"https:\/\/blogs.donboscovolunteers.de\/emmasindienblog\/2022\/09\/19\/ueber-mich\/#primaryimage\"},\"thumbnailUrl\":\"https:\/\/blogs.donboscovolunteers.de\/emmasindienblog\/wp-content\/uploads\/sites\/21648\/2022\/09\/Bilder-von-mir.jpg\",\"datePublished\":\"2022-09-19T06:38:51+00:00\",\"dateModified\":\"2023-02-01T12:09:11+00:00\",\"author\":{\"@id\":\"https:\/\/blogs.donboscovolunteers.de\/emmasindienblog\/#\/schema\/person\/608778d046c0195f69f37ab0a94b808e\"},\"description\":\"Ein paar Informationen \u00fcber mich!\",\"breadcrumb\":{\"@id\":\"https:\/\/blogs.donboscovolunteers.de\/emmasindienblog\/2022\/09\/19\/ueber-mich\/#breadcrumb\"},\"inLanguage\":\"de\",\"potentialAction\":[{\"@type\":\"ReadAction\",\"target\":[\"https:\/\/blogs.donboscovolunteers.de\/emmasindienblog\/2022\/09\/19\/ueber-mich\/\"]}]},{\"@type\":\"ImageObject\",\"inLanguage\":\"de\",\"@id\":\"https:\/\/blogs.donboscovolunteers.de\/emmasindienblog\/2022\/09\/19\/ueber-mich\/#primaryimage\",\"url\":\"https:\/\/blogs.donboscovolunteers.de\/emmasindienblog\/wp-content\/uploads\/sites\/21648\/2022\/09\/Bilder-von-mir.jpg\",\"contentUrl\":\"https:\/\/blogs.donboscovolunteers.de\/emmasindienblog\/wp-content\/uploads\/sites\/21648\/2022\/09\/Bilder-von-mir.jpg\",\"width\":480,\"height\":640},{\"@type\":\"BreadcrumbList\",\"@id\":\"https:\/\/blogs.donboscovolunteers.de\/emmasindienblog\/2022\/09\/19\/ueber-mich\/#breadcrumb\",\"itemListElement\":[{\"@type\":\"ListItem\",\"position\":1,\"name\":\"Startseite\",\"item\":\"https:\/\/blogs.donboscovolunteers.de\/emmasindienblog\/\"},{\"@type\":\"ListItem\",\"position\":2,\"name\":\"\u00dcber mich :)\"}]},{\"@type\":\"WebSite\",\"@id\":\"https:\/\/blogs.donboscovolunteers.de\/emmasindienblog\/#website\",\"url\":\"https:\/\/blogs.donboscovolunteers.de\/emmasindienblog\/\",\"name\":\"indian stories\",\"description\":\"Eine weitere Don Bosco Volunteers Blog Website\",\"potentialAction\":[{\"@type\":\"SearchAction\",\"target\":{\"@type\":\"EntryPoint\",\"urlTemplate\":\"https:\/\/blogs.donboscovolunteers.de\/emmasindienblog\/?s={search_term_string}\"},\"query-input\":{\"@type\":\"PropertyValueSpecification\",\"valueRequired\":true,\"valueName\":\"search_term_string\"}}],\"inLanguage\":\"de\"},{\"@type\":\"Person\",\"@id\":\"https:\/\/blogs.donboscovolunteers.de\/emmasindienblog\/#\/schema\/person\/608778d046c0195f69f37ab0a94b808e\",\"name\":\"emma marie mehler\",\"image\":{\"@type\":\"ImageObject\",\"inLanguage\":\"de\",\"@id\":\"https:\/\/blogs.donboscovolunteers.de\/emmasindienblog\/#\/schema\/person\/image\/\",\"url\":\"https:\/\/blogs.donboscovolunteers.de\/emmasindienblog\/wp-content\/uploads\/pp-avatar\/e85f03b72ebe0a5403b3ccb144c86278.jpg\",\"contentUrl\":\"https:\/\/blogs.donboscovolunteers.de\/emmasindienblog\/wp-content\/uploads\/pp-avatar\/e85f03b72ebe0a5403b3ccb144c86278.jpg\",\"caption\":\"emma marie mehler\"},\"description\":\"Hi! Sch\u00f6n dich zu sehen. Mein Name ist Emma und ich bin f\u00fcr ein Jahr in Indien. Ich mache dort ein weltw\u00e4rst Freiwilligendienst mit Kindern und Jugendlichen. Wenn du meine Arbeit dort unterst\u00fctzen m\u00f6chtest, w\u00fcrde ich mich \u00fcber eine Spende freuen.\",\"url\":\"https:\/\/blogs.donboscovolunteers.de\/emmasindienblog\/author\/emmamehler\/\"}]}<\/script>\n<!-- \/ Yoast SEO plugin. -->","yoast_head_json":{"title":"\u00dcber mich :) - indian stories","description":"Ein paar Informationen \u00fcber mich!","robots":{"index":"index","follow":"follow","max-snippet":"max-snippet:-1","max-image-preview":"max-image-preview:large","max-video-preview":"max-video-preview:-1"},"canonical":"https:\/\/blogs.donboscovolunteers.de\/emmasindienblog\/2022\/09\/19\/ueber-mich\/","og_locale":"de_DE","og_type":"article","og_title":"\u00dcber mich :) - indian stories","og_description":"Ein paar Informationen \u00fcber mich!","og_url":"https:\/\/blogs.donboscovolunteers.de\/emmasindienblog\/2022\/09\/19\/ueber-mich\/","og_site_name":"indian stories","article_published_time":"2022-09-19T06:38:51+00:00","article_modified_time":"2023-02-01T12:09:11+00:00","og_image":[{"url":"https:\/\/blogs.donboscovolunteers.de\/emmasindienblog\/wp-content\/uploads\/sites\/21648\/2022\/09\/Bilder-von-mir.jpg","type":"","width":"","height":""}],"author":"emma marie mehler","twitter_card":"summary_large_image","twitter_misc":{"Verfasst von":"emma marie mehler","Gesch\u00e4tzte Lesezeit":"2\u00a0Minuten"},"schema":{"@context":"https:\/\/schema.org","@graph":[{"@type":"WebPage","@id":"https:\/\/blogs.donboscovolunteers.de\/emmasindienblog\/2022\/09\/19\/ueber-mich\/","url":"https:\/\/blogs.donboscovolunteers.de\/emmasindienblog\/2022\/09\/19\/ueber-mich\/","name":"\u00dcber mich :) - indian stories","isPartOf":{"@id":"https:\/\/blogs.donboscovolunteers.de\/emmasindienblog\/#website"},"primaryImageOfPage":{"@id":"https:\/\/blogs.donboscovolunteers.de\/emmasindienblog\/2022\/09\/19\/ueber-mich\/#primaryimage"},"image":{"@id":"https:\/\/blogs.donboscovolunteers.de\/emmasindienblog\/2022\/09\/19\/ueber-mich\/#primaryimage"},"thumbnailUrl":"https:\/\/blogs.donboscovolunteers.de\/emmasindienblog\/wp-content\/uploads\/sites\/21648\/2022\/09\/Bilder-von-mir.jpg","datePublished":"2022-09-19T06:38:51+00:00","dateModified":"2023-02-01T12:09:11+00:00","author":{"@id":"https:\/\/blogs.donboscovolunteers.de\/emmasindienblog\/#\/schema\/person\/608778d046c0195f69f37ab0a94b808e"},"description":"Ein paar Informationen \u00fcber mich!","breadcrumb":{"@id":"https:\/\/blogs.donboscovolunteers.de\/emmasindienblog\/2022\/09\/19\/ueber-mich\/#breadcrumb"},"inLanguage":"de","potentialAction":[{"@type":"ReadAction","target":["https:\/\/blogs.donboscovolunteers.de\/emmasindienblog\/2022\/09\/19\/ueber-mich\/"]}]},{"@type":"ImageObject","inLanguage":"de","@id":"https:\/\/blogs.donboscovolunteers.de\/emmasindienblog\/2022\/09\/19\/ueber-mich\/#primaryimage","url":"https:\/\/blogs.donboscovolunteers.de\/emmasindienblog\/wp-content\/uploads\/sites\/21648\/2022\/09\/Bilder-von-mir.jpg","contentUrl":"https:\/\/blogs.donboscovolunteers.de\/emmasindienblog\/wp-content\/uploads\/sites\/21648\/2022\/09\/Bilder-von-mir.jpg","width":480,"height":640},{"@type":"BreadcrumbList","@id":"https:\/\/blogs.donboscovolunteers.de\/emmasindienblog\/2022\/09\/19\/ueber-mich\/#breadcrumb","itemListElement":[{"@type":"ListItem","position":1,"name":"Startseite","item":"https:\/\/blogs.donboscovolunteers.de\/emmasindienblog\/"},{"@type":"ListItem","position":2,"name":"\u00dcber mich :)"}]},{"@type":"WebSite","@id":"https:\/\/blogs.donboscovolunteers.de\/emmasindienblog\/#website","url":"https:\/\/blogs.donboscovolunteers.de\/emmasindienblog\/","name":"indian stories","description":"Eine weitere Don Bosco Volunteers Blog Website","potentialAction":[{"@type":"SearchAction","target":{"@type":"EntryPoint","urlTemplate":"https:\/\/blogs.donboscovolunteers.de\/emmasindienblog\/?s={search_term_string}"},"query-input":{"@type":"PropertyValueSpecification","valueRequired":true,"valueName":"search_term_string"}}],"inLanguage":"de"},{"@type":"Person","@id":"https:\/\/blogs.donboscovolunteers.de\/emmasindienblog\/#\/schema\/person\/608778d046c0195f69f37ab0a94b808e","name":"emma marie mehler","image":{"@type":"ImageObject","inLanguage":"de","@id":"https:\/\/blogs.donboscovolunteers.de\/emmasindienblog\/#\/schema\/person\/image\/","url":"https:\/\/blogs.donboscovolunteers.de\/emmasindienblog\/wp-content\/uploads\/pp-avatar\/e85f03b72ebe0a5403b3ccb144c86278.jpg","contentUrl":"https:\/\/blogs.donboscovolunteers.de\/emmasindienblog\/wp-content\/uploads\/pp-avatar\/e85f03b72ebe0a5403b3ccb144c86278.jpg","caption":"emma marie mehler"},"description":"Hi! Sch\u00f6n dich zu sehen. Mein Name ist Emma und ich bin f\u00fcr ein Jahr in Indien. Ich mache dort ein weltw\u00e4rst Freiwilligendienst mit Kindern und Jugendlichen. Wenn du meine Arbeit dort unterst\u00fctzen m\u00f6chtest, w\u00fcrde ich mich \u00fcber eine Spende freuen.","url":"https:\/\/blogs.donboscovolunteers.de\/emmasindienblog\/author\/emmamehler\/"}]}},"_links":{"self":[{"href":"https:\/\/blogs.donboscovolunteers.de\/emmasindienblog\/wp-json\/wp\/v2\/posts\/20","targetHints":{"allow":["GET"]}}],"collection":[{"href":"https:\/\/blogs.donboscovolunteers.de\/emmasindienblog\/wp-json\/wp\/v2\/posts"}],"about":[{"href":"https:\/\/blogs.donboscovolunteers.de\/emmasindienblog\/wp-json\/wp\/v2\/types\/post"}],"author":[{"embeddable":true,"href":"https:\/\/blogs.donboscovolunteers.de\/emmasindienblog\/wp-json\/wp\/v2\/users\/21735"}],"replies":[{"embeddable":true,"href":"https:\/\/blogs.donboscovolunteers.de\/emmasindienblog\/wp-json\/wp\/v2\/comments?post=20"}],"version-history":[{"count":7,"href":"https:\/\/blogs.donboscovolunteers.de\/emmasindienblog\/wp-json\/wp\/v2\/posts\/20\/revisions"}],"predecessor-version":[{"id":119,"href":"https:\/\/blogs.donboscovolunteers.de\/emmasindienblog\/wp-json\/wp\/v2\/posts\/20\/revisions\/119"}],"wp:attachment":[{"href":"https:\/\/blogs.donboscovolunteers.de\/emmasindienblog\/wp-json\/wp\/v2\/media?parent=20"}],"wp:term":[{"taxonomy":"category","embeddable":true,"href":"https:\/\/blogs.donboscovolunteers.de\/emmasindienblog\/wp-json\/wp\/v2\/categories?post=20"},{"taxonomy":"post_tag","embeddable":true,"href":"https:\/\/blogs.donboscovolunteers.de\/emmasindienblog\/wp-json\/wp\/v2\/tags?post=20"}],"curies":[{"name":"wp","href":"https:\/\/api.w.org\/{rel}","templated":true}]}}