{"id":149,"date":"2023-07-11T05:45:00","date_gmt":"2023-07-11T03:45:00","guid":{"rendered":"https:\/\/blogs.donboscovolunteers.de\/emmasindienblog\/?p=149"},"modified":"2023-07-11T05:45:02","modified_gmt":"2023-07-11T03:45:02","slug":"bye-bye","status":"publish","type":"post","link":"https:\/\/blogs.donboscovolunteers.de\/emmasindienblog\/2023\/07\/11\/bye-bye\/","title":{"rendered":"Bye Bye!"},"content":{"rendered":"<p>Jetzt sind es nur noch sechs Wochen. Wie verr\u00fcckt, dass sich mein Volontariat jetzt schon dem Ende zuneigt. <\/p>\n\n\n\n<p>Die letzten zehn Monate waren berauschend. Ich kann gar nicht in Worte fassen, was dieses Jahr mit mir gemacht hat. Alles was ich erlebt habe, hat etwas zu meiner Entwicklung beigetragen. Die Herausforderungen und Probleme, genau so wie die wundersch\u00f6nen Momente mit meinen Freunden und den Kindern. Ich bin unfassbar dankbar f\u00fcr das letzte Jahr. Ich w\u00fcrde alles genau so wieder tun. <\/p>\n\n\n\n<p>Momentan befinde ich mich in einer eigenartigen Phase. Ein Teil von mir freut sich so unfassbar auf zu Hause. Auf meine Familie und Freunde, das deutsche Essen, mein Zimmer und den schlangenbader Wald. <\/p>\n\n\n\n<p>Aber der andere Teil von mir weint jedes mal, wenn ich daran denke meine Chiguru M\u00e4dels verlassen zu m\u00fcssen. Deepika, Happy, Rizwahna&#8230; alle sind mir so ans Herz gewachsen. Vijayawada ist ein St\u00fcck weit auch zu meinem zu Hause geworden. Die Nachbarschaft ist zu meiner Nachbarschaft geworden. Ich winke jeden Tag meinem Wasserverk\u00e4ufer und der netten Gem\u00fcse Verk\u00e4uferin zu. Die Locals kennen uns alle mittlerweile, weshalb wir nicht mehr ganz so oft nach Bildern gefragt werden. <\/p>\n\n\n\n<p>Die anderen Volunt\u00e4rInnen sind zu meiner kleinen Vijaya Family geworden (so hei\u00dft jetzt auch unsere WhatsApp-Gruppe). Wir kennen uns mittlerweile in und auswendig. Das ist auch kein Wunder, wenn man bedenkt durch was f\u00fcr Phasen wir gemeinsam gegangen sind. <\/p>\n\n\n\n<p>Viola, Jojo, Anna, Hannah, Kaspar, Simon, Sam, Ju, und Mia. Ihr werdet mir fehlen. Auch wenn wir uns gegenseitig besuchen, wird es nie wieder dasselbe sein. Wir sind alle zusammen durch eine unglaubliche Entwicklung gegangen. Es war so sch\u00f6n euch wachsen zu sehen!<\/p>\n\n\n\n<p>Ihr und diese Zeit werdet immer einen Platz in meinem Herzen haben. Ich bin so dankbar f\u00fcr die letzten 10 Monate und ich freue mich auf die letzten 2.<\/p>\n\n\n\n<p>Ich m\u00f6chte mich auch bei allen Lesern und Spendern bedanken. Und noch einmal zum Spenden aufrufen. <\/p>\n\n\n\n<p><strong>IBAN: DE89 3705 0198 0000 0994 99<\/strong><br><strong>BIC: COLSDE33XXX<\/strong><br><strong>Bank: Sparkasse K\u00f6lnBonn<\/strong><\/p>\n\n\n\n<p><strong>Als Verwendungszweck: Emma Mehler, S22VR018<\/strong><br><strong>Und eure Adresse f\u00fcr die Spendenbescheinigung.<\/strong><\/p>\n\n\n\n<p>Den Verwendungszweck bitte NICHT vergessen!<\/p>\n\n\n\n<p>Schau auch auf meiner Website vorbei:&nbsp;<a href=\"https:\/\/tcschlangenbad.de\/EmmaIndien\/\">Emma in Indien | Emma in Indien (tcschlangenbad.de)<\/a><\/p>\n\n\n\n<p>Vielen Dank f\u00fcr alles! <\/p>\n\n\n\n<p>(Nicht denken dass jetzt keine Blogeintr\u00e4ge mehr kommen) <\/p>\n\n\n\n<p><\/p>","protected":false},"excerpt":{"rendered":"<p>Jetzt sind es nur noch sechs Wochen. Wie verr\u00fcckt, dass sich mein Volontariat jetzt schon dem Ende zuneigt. Die letzten zehn Monate waren berauschend. Ich kann gar nicht in Worte fassen, was dieses Jahr mit mir gemacht hat. Alles was ich erlebt habe, hat etwas zu meiner Entwicklung beigetragen. Die Herausforderungen und Probleme, genau so [&hellip;]<\/p>\n","protected":false},"author":21735,"featured_media":0,"comment_status":"open","ping_status":"open","sticky":false,"template":"","format":"standard","meta":{"footnotes":""},"categories":[1],"tags":[],"class_list":["post-149","post","type-post","status-publish","format-standard","hentry","category-allgemein"],"yoast_head":"<!-- This site is optimized with the Yoast SEO plugin v25.3.1 - https:\/\/yoast.com\/wordpress\/plugins\/seo\/ -->\n<title>Bye Bye! - indian stories<\/title>\n<meta name=\"robots\" content=\"index, follow, max-snippet:-1, max-image-preview:large, max-video-preview:-1\" \/>\n<link rel=\"canonical\" href=\"https:\/\/blogs.donboscovolunteers.de\/emmasindienblog\/2023\/07\/11\/bye-bye\/\" \/>\n<meta property=\"og:locale\" content=\"de_DE\" \/>\n<meta property=\"og:type\" content=\"article\" \/>\n<meta property=\"og:title\" content=\"Bye Bye! - indian stories\" \/>\n<meta property=\"og:description\" content=\"Jetzt sind es nur noch sechs Wochen. Wie verr\u00fcckt, dass sich mein Volontariat jetzt schon dem Ende zuneigt. Die letzten zehn Monate waren berauschend. Ich kann gar nicht in Worte fassen, was dieses Jahr mit mir gemacht hat. Alles was ich erlebt habe, hat etwas zu meiner Entwicklung beigetragen. Die Herausforderungen und Probleme, genau so [&hellip;]\" \/>\n<meta property=\"og:url\" content=\"https:\/\/blogs.donboscovolunteers.de\/emmasindienblog\/2023\/07\/11\/bye-bye\/\" \/>\n<meta property=\"og:site_name\" content=\"indian stories\" \/>\n<meta property=\"article:published_time\" content=\"2023-07-11T03:45:00+00:00\" \/>\n<meta property=\"article:modified_time\" content=\"2023-07-11T03:45:02+00:00\" \/>\n<meta name=\"author\" content=\"emma marie mehler\" \/>\n<meta name=\"twitter:card\" content=\"summary_large_image\" \/>\n<meta name=\"twitter:label1\" content=\"Verfasst von\" \/>\n\t<meta name=\"twitter:data1\" content=\"emma marie mehler\" \/>\n\t<meta name=\"twitter:label2\" content=\"Gesch\u00e4tzte Lesezeit\" \/>\n\t<meta name=\"twitter:data2\" content=\"2\u00a0Minuten\" \/>\n<script type=\"application\/ld+json\" class=\"yoast-schema-graph\">{\"@context\":\"https:\/\/schema.org\",\"@graph\":[{\"@type\":\"WebPage\",\"@id\":\"https:\/\/blogs.donboscovolunteers.de\/emmasindienblog\/2023\/07\/11\/bye-bye\/\",\"url\":\"https:\/\/blogs.donboscovolunteers.de\/emmasindienblog\/2023\/07\/11\/bye-bye\/\",\"name\":\"Bye Bye! - indian stories\",\"isPartOf\":{\"@id\":\"https:\/\/blogs.donboscovolunteers.de\/emmasindienblog\/#website\"},\"datePublished\":\"2023-07-11T03:45:00+00:00\",\"dateModified\":\"2023-07-11T03:45:02+00:00\",\"author\":{\"@id\":\"https:\/\/blogs.donboscovolunteers.de\/emmasindienblog\/#\/schema\/person\/608778d046c0195f69f37ab0a94b808e\"},\"breadcrumb\":{\"@id\":\"https:\/\/blogs.donboscovolunteers.de\/emmasindienblog\/2023\/07\/11\/bye-bye\/#breadcrumb\"},\"inLanguage\":\"de\",\"potentialAction\":[{\"@type\":\"ReadAction\",\"target\":[\"https:\/\/blogs.donboscovolunteers.de\/emmasindienblog\/2023\/07\/11\/bye-bye\/\"]}]},{\"@type\":\"BreadcrumbList\",\"@id\":\"https:\/\/blogs.donboscovolunteers.de\/emmasindienblog\/2023\/07\/11\/bye-bye\/#breadcrumb\",\"itemListElement\":[{\"@type\":\"ListItem\",\"position\":1,\"name\":\"Startseite\",\"item\":\"https:\/\/blogs.donboscovolunteers.de\/emmasindienblog\/\"},{\"@type\":\"ListItem\",\"position\":2,\"name\":\"Bye Bye!\"}]},{\"@type\":\"WebSite\",\"@id\":\"https:\/\/blogs.donboscovolunteers.de\/emmasindienblog\/#website\",\"url\":\"https:\/\/blogs.donboscovolunteers.de\/emmasindienblog\/\",\"name\":\"indian stories\",\"description\":\"Eine weitere Don Bosco Volunteers Blog Website\",\"potentialAction\":[{\"@type\":\"SearchAction\",\"target\":{\"@type\":\"EntryPoint\",\"urlTemplate\":\"https:\/\/blogs.donboscovolunteers.de\/emmasindienblog\/?s={search_term_string}\"},\"query-input\":{\"@type\":\"PropertyValueSpecification\",\"valueRequired\":true,\"valueName\":\"search_term_string\"}}],\"inLanguage\":\"de\"},{\"@type\":\"Person\",\"@id\":\"https:\/\/blogs.donboscovolunteers.de\/emmasindienblog\/#\/schema\/person\/608778d046c0195f69f37ab0a94b808e\",\"name\":\"emma marie mehler\",\"image\":{\"@type\":\"ImageObject\",\"inLanguage\":\"de\",\"@id\":\"https:\/\/blogs.donboscovolunteers.de\/emmasindienblog\/#\/schema\/person\/image\/\",\"url\":\"https:\/\/blogs.donboscovolunteers.de\/emmasindienblog\/wp-content\/uploads\/pp-avatar\/e85f03b72ebe0a5403b3ccb144c86278.jpg\",\"contentUrl\":\"https:\/\/blogs.donboscovolunteers.de\/emmasindienblog\/wp-content\/uploads\/pp-avatar\/e85f03b72ebe0a5403b3ccb144c86278.jpg\",\"caption\":\"emma marie mehler\"},\"description\":\"Hi! Sch\u00f6n dich zu sehen. Mein Name ist Emma und ich bin f\u00fcr ein Jahr in Indien. Ich mache dort ein weltw\u00e4rst Freiwilligendienst mit Kindern und Jugendlichen. Wenn du meine Arbeit dort unterst\u00fctzen m\u00f6chtest, w\u00fcrde ich mich \u00fcber eine Spende freuen.\",\"url\":\"https:\/\/blogs.donboscovolunteers.de\/emmasindienblog\/author\/emmamehler\/\"}]}<\/script>\n<!-- \/ Yoast SEO plugin. -->","yoast_head_json":{"title":"Bye Bye! - indian stories","robots":{"index":"index","follow":"follow","max-snippet":"max-snippet:-1","max-image-preview":"max-image-preview:large","max-video-preview":"max-video-preview:-1"},"canonical":"https:\/\/blogs.donboscovolunteers.de\/emmasindienblog\/2023\/07\/11\/bye-bye\/","og_locale":"de_DE","og_type":"article","og_title":"Bye Bye! - indian stories","og_description":"Jetzt sind es nur noch sechs Wochen. Wie verr\u00fcckt, dass sich mein Volontariat jetzt schon dem Ende zuneigt. Die letzten zehn Monate waren berauschend. Ich kann gar nicht in Worte fassen, was dieses Jahr mit mir gemacht hat. Alles was ich erlebt habe, hat etwas zu meiner Entwicklung beigetragen. Die Herausforderungen und Probleme, genau so [&hellip;]","og_url":"https:\/\/blogs.donboscovolunteers.de\/emmasindienblog\/2023\/07\/11\/bye-bye\/","og_site_name":"indian stories","article_published_time":"2023-07-11T03:45:00+00:00","article_modified_time":"2023-07-11T03:45:02+00:00","author":"emma marie mehler","twitter_card":"summary_large_image","twitter_misc":{"Verfasst von":"emma marie mehler","Gesch\u00e4tzte Lesezeit":"2\u00a0Minuten"},"schema":{"@context":"https:\/\/schema.org","@graph":[{"@type":"WebPage","@id":"https:\/\/blogs.donboscovolunteers.de\/emmasindienblog\/2023\/07\/11\/bye-bye\/","url":"https:\/\/blogs.donboscovolunteers.de\/emmasindienblog\/2023\/07\/11\/bye-bye\/","name":"Bye Bye! - indian stories","isPartOf":{"@id":"https:\/\/blogs.donboscovolunteers.de\/emmasindienblog\/#website"},"datePublished":"2023-07-11T03:45:00+00:00","dateModified":"2023-07-11T03:45:02+00:00","author":{"@id":"https:\/\/blogs.donboscovolunteers.de\/emmasindienblog\/#\/schema\/person\/608778d046c0195f69f37ab0a94b808e"},"breadcrumb":{"@id":"https:\/\/blogs.donboscovolunteers.de\/emmasindienblog\/2023\/07\/11\/bye-bye\/#breadcrumb"},"inLanguage":"de","potentialAction":[{"@type":"ReadAction","target":["https:\/\/blogs.donboscovolunteers.de\/emmasindienblog\/2023\/07\/11\/bye-bye\/"]}]},{"@type":"BreadcrumbList","@id":"https:\/\/blogs.donboscovolunteers.de\/emmasindienblog\/2023\/07\/11\/bye-bye\/#breadcrumb","itemListElement":[{"@type":"ListItem","position":1,"name":"Startseite","item":"https:\/\/blogs.donboscovolunteers.de\/emmasindienblog\/"},{"@type":"ListItem","position":2,"name":"Bye Bye!"}]},{"@type":"WebSite","@id":"https:\/\/blogs.donboscovolunteers.de\/emmasindienblog\/#website","url":"https:\/\/blogs.donboscovolunteers.de\/emmasindienblog\/","name":"indian stories","description":"Eine weitere Don Bosco Volunteers Blog Website","potentialAction":[{"@type":"SearchAction","target":{"@type":"EntryPoint","urlTemplate":"https:\/\/blogs.donboscovolunteers.de\/emmasindienblog\/?s={search_term_string}"},"query-input":{"@type":"PropertyValueSpecification","valueRequired":true,"valueName":"search_term_string"}}],"inLanguage":"de"},{"@type":"Person","@id":"https:\/\/blogs.donboscovolunteers.de\/emmasindienblog\/#\/schema\/person\/608778d046c0195f69f37ab0a94b808e","name":"emma marie mehler","image":{"@type":"ImageObject","inLanguage":"de","@id":"https:\/\/blogs.donboscovolunteers.de\/emmasindienblog\/#\/schema\/person\/image\/","url":"https:\/\/blogs.donboscovolunteers.de\/emmasindienblog\/wp-content\/uploads\/pp-avatar\/e85f03b72ebe0a5403b3ccb144c86278.jpg","contentUrl":"https:\/\/blogs.donboscovolunteers.de\/emmasindienblog\/wp-content\/uploads\/pp-avatar\/e85f03b72ebe0a5403b3ccb144c86278.jpg","caption":"emma marie mehler"},"description":"Hi! Sch\u00f6n dich zu sehen. Mein Name ist Emma und ich bin f\u00fcr ein Jahr in Indien. Ich mache dort ein weltw\u00e4rst Freiwilligendienst mit Kindern und Jugendlichen. Wenn du meine Arbeit dort unterst\u00fctzen m\u00f6chtest, w\u00fcrde ich mich \u00fcber eine Spende freuen.","url":"https:\/\/blogs.donboscovolunteers.de\/emmasindienblog\/author\/emmamehler\/"}]}},"_links":{"self":[{"href":"https:\/\/blogs.donboscovolunteers.de\/emmasindienblog\/wp-json\/wp\/v2\/posts\/149","targetHints":{"allow":["GET"]}}],"collection":[{"href":"https:\/\/blogs.donboscovolunteers.de\/emmasindienblog\/wp-json\/wp\/v2\/posts"}],"about":[{"href":"https:\/\/blogs.donboscovolunteers.de\/emmasindienblog\/wp-json\/wp\/v2\/types\/post"}],"author":[{"embeddable":true,"href":"https:\/\/blogs.donboscovolunteers.de\/emmasindienblog\/wp-json\/wp\/v2\/users\/21735"}],"replies":[{"embeddable":true,"href":"https:\/\/blogs.donboscovolunteers.de\/emmasindienblog\/wp-json\/wp\/v2\/comments?post=149"}],"version-history":[{"count":7,"href":"https:\/\/blogs.donboscovolunteers.de\/emmasindienblog\/wp-json\/wp\/v2\/posts\/149\/revisions"}],"predecessor-version":[{"id":166,"href":"https:\/\/blogs.donboscovolunteers.de\/emmasindienblog\/wp-json\/wp\/v2\/posts\/149\/revisions\/166"}],"wp:attachment":[{"href":"https:\/\/blogs.donboscovolunteers.de\/emmasindienblog\/wp-json\/wp\/v2\/media?parent=149"}],"wp:term":[{"taxonomy":"category","embeddable":true,"href":"https:\/\/blogs.donboscovolunteers.de\/emmasindienblog\/wp-json\/wp\/v2\/categories?post=149"},{"taxonomy":"post_tag","embeddable":true,"href":"https:\/\/blogs.donboscovolunteers.de\/emmasindienblog\/wp-json\/wp\/v2\/tags?post=149"}],"curies":[{"name":"wp","href":"https:\/\/api.w.org\/{rel}","templated":true}]}}