{"id":147,"date":"2023-07-01T07:43:27","date_gmt":"2023-07-01T05:43:27","guid":{"rendered":"https:\/\/blogs.donboscovolunteers.de\/emmasindienblog\/?p=147"},"modified":"2023-07-01T07:43:29","modified_gmt":"2023-07-01T05:43:29","slug":"46-grad-und-es-wird-noch-heisser","status":"publish","type":"post","link":"https:\/\/blogs.donboscovolunteers.de\/emmasindienblog\/2023\/07\/01\/46-grad-und-es-wird-noch-heisser\/","title":{"rendered":"46 Grad und es wird noch hei\u00dfer&#8230;"},"content":{"rendered":"<p>Sommer in <a href=\"https:\/\/strassenkinder.de\/laender\/asien\/inden\/\">Indien<\/a> ist kein Spa\u00df. Die letzten zwei Monate waren es jeden Tag bis zu 48 Grad&#8230; Was macht man in der Hitze? Am liebsten in irgendwelchen AC Kaufh\u00e4usern lungern&#8230; <\/p>\n\n\n\n<p>Als gute Volont\u00e4rInnen, haben wir aber das Sommercamp geschmissen! <\/p>\n\n\n\n<h2 class=\"wp-block-heading\">Das Sommercamp<\/h2>\n\n\n\n<p>Den ganzen Mai und Juni \u00fcber, haben die Kinder keine Schule. Es sind Sommerferien! In dieser Zeit ist es einfach viel zu hei\u00df f\u00fcr alles. Aber es ist niemals zu hei\u00df zum spielen! <\/p>\n\n\n\n<p>Im Mai wurden also alle Kinder vom Deepanivas ins Chiguru, f\u00fcr das Sommercamp, geholt. Der Tagesplan war meiner Meinung nach etwas zu strikt f\u00fcr ein Sommercamp: <\/p>\n\n\n\n<p>6:30 Aufstehen <\/p>\n\n\n\n<p>6:45-7:45 Yoga <\/p>\n\n\n\n<p>7:45-8:15 Duschen<\/p>\n\n\n\n<p>8:15-9:00 Fr\u00fchst\u00fcck<\/p>\n\n\n\n<p>9:00-9:15 Hymne singen <\/p>\n\n\n\n<p>9:15-10:00 erste Unterrichtsstunde <\/p>\n\n\n\n<p>10:00-10:45 zweite Unterrichtsstunde<\/p>\n\n\n\n<p>10:45-11:00 Pause<\/p>\n\n\n\n<p>11:00-12:00 Skill Training <\/p>\n\n\n\n<p>12:00-12:45 Pause<\/p>\n\n\n\n<p>12:45-13:30 Mittagessen <\/p>\n\n\n\n<p>13:30-15:00 Mittagsschlaf<\/p>\n\n\n\n<p>15:00-16:00 Skill Training <\/p>\n\n\n\n<p>16:00-17:15 Spiele und Tee<\/p>\n\n\n\n<p>17:15-18:00 Aufr\u00e4umen und Putzen <\/p>\n\n\n\n<p>18:00-19:00 Party-Spiele <\/p>\n\n\n\n<p>19:00-19:30 Abendessen<\/p>\n\n\n\n<p>19:30 Schlafen <\/p>\n\n\n\n<p>Obwohl dieser Plan aufgestellt wurde, verliefen die Tage niemals genau so. Die meiste Zeit haben wir entweder unterrichtet oder Action Spiele mit den Kindern gespielt. Nachmittags durften die Kinder im Fluss baden. F\u00fcr die Abschlussparty haben wir einen Tanz einstudiert.<\/p>\n\n\n\n<figure class=\"wp-block-image size-full is-resized\"><img loading=\"lazy\" decoding=\"async\" src=\"https:\/\/blogs.donboscovolunteers.de\/emmasindienblog\/wp-content\/uploads\/sites\/21648\/2023\/06\/image-1.png\" alt=\"\" class=\"wp-image-158\" width=\"652\" height=\"489\" srcset=\"https:\/\/blogs.donboscovolunteers.de\/emmasindienblog\/wp-content\/uploads\/sites\/21648\/2023\/06\/image-1.png 1000w, https:\/\/blogs.donboscovolunteers.de\/emmasindienblog\/wp-content\/uploads\/sites\/21648\/2023\/06\/image-1-300x225.png 300w, https:\/\/blogs.donboscovolunteers.de\/emmasindienblog\/wp-content\/uploads\/sites\/21648\/2023\/06\/image-1-768x576.png 768w\" sizes=\"auto, (max-width: 652px) 100vw, 652px\" \/><\/figure>\n\n\n\n<p>Zwei Ausfl\u00fcge waren auch dabei! Einmal waren wir mit allen im Kino. Eine Woche sp\u00e4ter waren wir mit den Kindern und einem Father am Strand. Das war wundersch\u00f6n. <\/p>\n\n\n\n<p>Es war sch\u00f6n viele sch\u00f6ne Stunden mit den Kindern verbringen zu k\u00f6nnen. So viel Zeit am St\u00fcck hatten wir noch nie mit ihnen! <\/p>\n\n\n\n<p>In zwei Tagen kommen neue Volos! Drei Jungs aus Spanien in unserem Alter. Das bedeutet, dass wir ab jetzt englisch in unser Flat sprechen m\u00fcssen. Unser englisch ist aber zu indischem Englisch geworden&#8230; vielleicht k\u00f6nnen wir es dadurch wieder aufbessern? <\/p>\n\n\n\n<p>Meine lieben Leser, es fehlen noch ein paar Euro f\u00fcr die Spenden. Ich w\u00fcrde mich riesig freuen, wenn Du einen kleinen Betrag dazu steuern w\u00fcrdest! Vielen Dank! <\/p>\n\n\n\n<p><strong>IBAN: DE89 3705 0198 0000 0994 99<\/strong><br><strong>BIC: COLSDE33XXX<\/strong><br><strong>Bank: Sparkasse K\u00f6lnBonn<\/strong><\/p>\n\n\n\n<p><strong>Als Verwendungszweck: Emma Mehler, S22VR018<\/strong><br><strong>Und eure Adresse f\u00fcr die Spendenbescheinigung.<\/strong><\/p>\n\n\n\n<p>Den Verwendungszweck bitte NICHT vergessen!<\/p>\n\n\n\n<p>Schau auch auf meiner Website vorbei:&nbsp;<a href=\"https:\/\/tcschlangenbad.de\/EmmaIndien\/\">Emma in Indien | Emma in Indien (tcschlangenbad.de)<\/a><\/p>","protected":false},"excerpt":{"rendered":"<p>Sommer in <a href=\"https:\/\/strassenkinder.de\/laender\/asien\/inden\/\">Indien<\/a> ist kein Spa\u00df. Die letzten zwei Monate waren es jeden Tag bis zu 48 Grad&#8230; Was macht man in der Hitze? Am liebsten in irgendwelchen AC Kaufh\u00e4usern lungern&#8230; Als gute Volont\u00e4rInnen, haben wir aber das Sommercamp geschmissen! Das Sommercamp Den ganzen Mai und Juni \u00fcber, haben die Kinder keine Schule. Es sind [&hellip;]<\/p>\n","protected":false},"author":21735,"featured_media":0,"comment_status":"open","ping_status":"open","sticky":false,"template":"","format":"standard","meta":{"footnotes":""},"categories":[1],"tags":[],"class_list":["post-147","post","type-post","status-publish","format-standard","hentry","category-allgemein"],"yoast_head":"<!-- This site is optimized with the Yoast SEO plugin v25.3.1 - https:\/\/yoast.com\/wordpress\/plugins\/seo\/ -->\n<title>46 Grad und es wird noch hei\u00dfer... - indian stories<\/title>\n<meta name=\"description\" content=\"Indien ist im Sommer verdammt hei\u00df.\" \/>\n<meta name=\"robots\" content=\"index, follow, max-snippet:-1, max-image-preview:large, max-video-preview:-1\" \/>\n<link rel=\"canonical\" href=\"https:\/\/blogs.donboscovolunteers.de\/emmasindienblog\/2023\/07\/01\/46-grad-und-es-wird-noch-heisser\/\" \/>\n<meta property=\"og:locale\" content=\"de_DE\" \/>\n<meta property=\"og:type\" content=\"article\" \/>\n<meta property=\"og:title\" content=\"46 Grad und es wird noch hei\u00dfer... - indian stories\" \/>\n<meta property=\"og:description\" content=\"Indien ist im Sommer verdammt hei\u00df.\" \/>\n<meta property=\"og:url\" content=\"https:\/\/blogs.donboscovolunteers.de\/emmasindienblog\/2023\/07\/01\/46-grad-und-es-wird-noch-heisser\/\" \/>\n<meta property=\"og:site_name\" content=\"indian stories\" \/>\n<meta property=\"article:published_time\" content=\"2023-07-01T05:43:27+00:00\" \/>\n<meta property=\"article:modified_time\" content=\"2023-07-01T05:43:29+00:00\" \/>\n<meta property=\"og:image\" content=\"https:\/\/blogs.donboscovolunteers.de\/emmasindienblog\/wp-content\/uploads\/sites\/21648\/2023\/06\/image-1.png\" \/>\n<meta name=\"author\" content=\"emma marie mehler\" \/>\n<meta name=\"twitter:card\" content=\"summary_large_image\" \/>\n<meta name=\"twitter:label1\" content=\"Verfasst von\" \/>\n\t<meta name=\"twitter:data1\" content=\"emma marie mehler\" \/>\n\t<meta name=\"twitter:label2\" content=\"Gesch\u00e4tzte Lesezeit\" \/>\n\t<meta name=\"twitter:data2\" content=\"2\u00a0Minuten\" \/>\n<script type=\"application\/ld+json\" class=\"yoast-schema-graph\">{\"@context\":\"https:\/\/schema.org\",\"@graph\":[{\"@type\":\"WebPage\",\"@id\":\"https:\/\/blogs.donboscovolunteers.de\/emmasindienblog\/2023\/07\/01\/46-grad-und-es-wird-noch-heisser\/\",\"url\":\"https:\/\/blogs.donboscovolunteers.de\/emmasindienblog\/2023\/07\/01\/46-grad-und-es-wird-noch-heisser\/\",\"name\":\"46 Grad und es wird noch hei\u00dfer... - indian stories\",\"isPartOf\":{\"@id\":\"https:\/\/blogs.donboscovolunteers.de\/emmasindienblog\/#website\"},\"primaryImageOfPage\":{\"@id\":\"https:\/\/blogs.donboscovolunteers.de\/emmasindienblog\/2023\/07\/01\/46-grad-und-es-wird-noch-heisser\/#primaryimage\"},\"image\":{\"@id\":\"https:\/\/blogs.donboscovolunteers.de\/emmasindienblog\/2023\/07\/01\/46-grad-und-es-wird-noch-heisser\/#primaryimage\"},\"thumbnailUrl\":\"https:\/\/blogs.donboscovolunteers.de\/emmasindienblog\/wp-content\/uploads\/sites\/21648\/2023\/06\/image-1.png\",\"datePublished\":\"2023-07-01T05:43:27+00:00\",\"dateModified\":\"2023-07-01T05:43:29+00:00\",\"author\":{\"@id\":\"https:\/\/blogs.donboscovolunteers.de\/emmasindienblog\/#\/schema\/person\/608778d046c0195f69f37ab0a94b808e\"},\"description\":\"Indien ist im Sommer verdammt hei\u00df.\",\"breadcrumb\":{\"@id\":\"https:\/\/blogs.donboscovolunteers.de\/emmasindienblog\/2023\/07\/01\/46-grad-und-es-wird-noch-heisser\/#breadcrumb\"},\"inLanguage\":\"de\",\"potentialAction\":[{\"@type\":\"ReadAction\",\"target\":[\"https:\/\/blogs.donboscovolunteers.de\/emmasindienblog\/2023\/07\/01\/46-grad-und-es-wird-noch-heisser\/\"]}]},{\"@type\":\"ImageObject\",\"inLanguage\":\"de\",\"@id\":\"https:\/\/blogs.donboscovolunteers.de\/emmasindienblog\/2023\/07\/01\/46-grad-und-es-wird-noch-heisser\/#primaryimage\",\"url\":\"https:\/\/blogs.donboscovolunteers.de\/emmasindienblog\/wp-content\/uploads\/sites\/21648\/2023\/06\/image-1.png\",\"contentUrl\":\"https:\/\/blogs.donboscovolunteers.de\/emmasindienblog\/wp-content\/uploads\/sites\/21648\/2023\/06\/image-1.png\",\"width\":1000,\"height\":750},{\"@type\":\"BreadcrumbList\",\"@id\":\"https:\/\/blogs.donboscovolunteers.de\/emmasindienblog\/2023\/07\/01\/46-grad-und-es-wird-noch-heisser\/#breadcrumb\",\"itemListElement\":[{\"@type\":\"ListItem\",\"position\":1,\"name\":\"Startseite\",\"item\":\"https:\/\/blogs.donboscovolunteers.de\/emmasindienblog\/\"},{\"@type\":\"ListItem\",\"position\":2,\"name\":\"46 Grad und es wird noch hei\u00dfer&#8230;\"}]},{\"@type\":\"WebSite\",\"@id\":\"https:\/\/blogs.donboscovolunteers.de\/emmasindienblog\/#website\",\"url\":\"https:\/\/blogs.donboscovolunteers.de\/emmasindienblog\/\",\"name\":\"indian stories\",\"description\":\"Eine weitere Don Bosco Volunteers Blog Website\",\"potentialAction\":[{\"@type\":\"SearchAction\",\"target\":{\"@type\":\"EntryPoint\",\"urlTemplate\":\"https:\/\/blogs.donboscovolunteers.de\/emmasindienblog\/?s={search_term_string}\"},\"query-input\":{\"@type\":\"PropertyValueSpecification\",\"valueRequired\":true,\"valueName\":\"search_term_string\"}}],\"inLanguage\":\"de\"},{\"@type\":\"Person\",\"@id\":\"https:\/\/blogs.donboscovolunteers.de\/emmasindienblog\/#\/schema\/person\/608778d046c0195f69f37ab0a94b808e\",\"name\":\"emma marie mehler\",\"image\":{\"@type\":\"ImageObject\",\"inLanguage\":\"de\",\"@id\":\"https:\/\/blogs.donboscovolunteers.de\/emmasindienblog\/#\/schema\/person\/image\/\",\"url\":\"https:\/\/blogs.donboscovolunteers.de\/emmasindienblog\/wp-content\/uploads\/pp-avatar\/e85f03b72ebe0a5403b3ccb144c86278.jpg\",\"contentUrl\":\"https:\/\/blogs.donboscovolunteers.de\/emmasindienblog\/wp-content\/uploads\/pp-avatar\/e85f03b72ebe0a5403b3ccb144c86278.jpg\",\"caption\":\"emma marie mehler\"},\"description\":\"Hi! Sch\u00f6n dich zu sehen. Mein Name ist Emma und ich bin f\u00fcr ein Jahr in Indien. Ich mache dort ein weltw\u00e4rst Freiwilligendienst mit Kindern und Jugendlichen. Wenn du meine Arbeit dort unterst\u00fctzen m\u00f6chtest, w\u00fcrde ich mich \u00fcber eine Spende freuen.\",\"url\":\"https:\/\/blogs.donboscovolunteers.de\/emmasindienblog\/author\/emmamehler\/\"}]}<\/script>\n<!-- \/ Yoast SEO plugin. -->","yoast_head_json":{"title":"46 Grad und es wird noch hei\u00dfer... - indian stories","description":"Indien ist im Sommer verdammt hei\u00df.","robots":{"index":"index","follow":"follow","max-snippet":"max-snippet:-1","max-image-preview":"max-image-preview:large","max-video-preview":"max-video-preview:-1"},"canonical":"https:\/\/blogs.donboscovolunteers.de\/emmasindienblog\/2023\/07\/01\/46-grad-und-es-wird-noch-heisser\/","og_locale":"de_DE","og_type":"article","og_title":"46 Grad und es wird noch hei\u00dfer... - indian stories","og_description":"Indien ist im Sommer verdammt hei\u00df.","og_url":"https:\/\/blogs.donboscovolunteers.de\/emmasindienblog\/2023\/07\/01\/46-grad-und-es-wird-noch-heisser\/","og_site_name":"indian stories","article_published_time":"2023-07-01T05:43:27+00:00","article_modified_time":"2023-07-01T05:43:29+00:00","og_image":[{"url":"https:\/\/blogs.donboscovolunteers.de\/emmasindienblog\/wp-content\/uploads\/sites\/21648\/2023\/06\/image-1.png","type":"","width":"","height":""}],"author":"emma marie mehler","twitter_card":"summary_large_image","twitter_misc":{"Verfasst von":"emma marie mehler","Gesch\u00e4tzte Lesezeit":"2\u00a0Minuten"},"schema":{"@context":"https:\/\/schema.org","@graph":[{"@type":"WebPage","@id":"https:\/\/blogs.donboscovolunteers.de\/emmasindienblog\/2023\/07\/01\/46-grad-und-es-wird-noch-heisser\/","url":"https:\/\/blogs.donboscovolunteers.de\/emmasindienblog\/2023\/07\/01\/46-grad-und-es-wird-noch-heisser\/","name":"46 Grad und es wird noch hei\u00dfer... - indian stories","isPartOf":{"@id":"https:\/\/blogs.donboscovolunteers.de\/emmasindienblog\/#website"},"primaryImageOfPage":{"@id":"https:\/\/blogs.donboscovolunteers.de\/emmasindienblog\/2023\/07\/01\/46-grad-und-es-wird-noch-heisser\/#primaryimage"},"image":{"@id":"https:\/\/blogs.donboscovolunteers.de\/emmasindienblog\/2023\/07\/01\/46-grad-und-es-wird-noch-heisser\/#primaryimage"},"thumbnailUrl":"https:\/\/blogs.donboscovolunteers.de\/emmasindienblog\/wp-content\/uploads\/sites\/21648\/2023\/06\/image-1.png","datePublished":"2023-07-01T05:43:27+00:00","dateModified":"2023-07-01T05:43:29+00:00","author":{"@id":"https:\/\/blogs.donboscovolunteers.de\/emmasindienblog\/#\/schema\/person\/608778d046c0195f69f37ab0a94b808e"},"description":"Indien ist im Sommer verdammt hei\u00df.","breadcrumb":{"@id":"https:\/\/blogs.donboscovolunteers.de\/emmasindienblog\/2023\/07\/01\/46-grad-und-es-wird-noch-heisser\/#breadcrumb"},"inLanguage":"de","potentialAction":[{"@type":"ReadAction","target":["https:\/\/blogs.donboscovolunteers.de\/emmasindienblog\/2023\/07\/01\/46-grad-und-es-wird-noch-heisser\/"]}]},{"@type":"ImageObject","inLanguage":"de","@id":"https:\/\/blogs.donboscovolunteers.de\/emmasindienblog\/2023\/07\/01\/46-grad-und-es-wird-noch-heisser\/#primaryimage","url":"https:\/\/blogs.donboscovolunteers.de\/emmasindienblog\/wp-content\/uploads\/sites\/21648\/2023\/06\/image-1.png","contentUrl":"https:\/\/blogs.donboscovolunteers.de\/emmasindienblog\/wp-content\/uploads\/sites\/21648\/2023\/06\/image-1.png","width":1000,"height":750},{"@type":"BreadcrumbList","@id":"https:\/\/blogs.donboscovolunteers.de\/emmasindienblog\/2023\/07\/01\/46-grad-und-es-wird-noch-heisser\/#breadcrumb","itemListElement":[{"@type":"ListItem","position":1,"name":"Startseite","item":"https:\/\/blogs.donboscovolunteers.de\/emmasindienblog\/"},{"@type":"ListItem","position":2,"name":"46 Grad und es wird noch hei\u00dfer&#8230;"}]},{"@type":"WebSite","@id":"https:\/\/blogs.donboscovolunteers.de\/emmasindienblog\/#website","url":"https:\/\/blogs.donboscovolunteers.de\/emmasindienblog\/","name":"indian stories","description":"Eine weitere Don Bosco Volunteers Blog Website","potentialAction":[{"@type":"SearchAction","target":{"@type":"EntryPoint","urlTemplate":"https:\/\/blogs.donboscovolunteers.de\/emmasindienblog\/?s={search_term_string}"},"query-input":{"@type":"PropertyValueSpecification","valueRequired":true,"valueName":"search_term_string"}}],"inLanguage":"de"},{"@type":"Person","@id":"https:\/\/blogs.donboscovolunteers.de\/emmasindienblog\/#\/schema\/person\/608778d046c0195f69f37ab0a94b808e","name":"emma marie mehler","image":{"@type":"ImageObject","inLanguage":"de","@id":"https:\/\/blogs.donboscovolunteers.de\/emmasindienblog\/#\/schema\/person\/image\/","url":"https:\/\/blogs.donboscovolunteers.de\/emmasindienblog\/wp-content\/uploads\/pp-avatar\/e85f03b72ebe0a5403b3ccb144c86278.jpg","contentUrl":"https:\/\/blogs.donboscovolunteers.de\/emmasindienblog\/wp-content\/uploads\/pp-avatar\/e85f03b72ebe0a5403b3ccb144c86278.jpg","caption":"emma marie mehler"},"description":"Hi! Sch\u00f6n dich zu sehen. Mein Name ist Emma und ich bin f\u00fcr ein Jahr in Indien. Ich mache dort ein weltw\u00e4rst Freiwilligendienst mit Kindern und Jugendlichen. Wenn du meine Arbeit dort unterst\u00fctzen m\u00f6chtest, w\u00fcrde ich mich \u00fcber eine Spende freuen.","url":"https:\/\/blogs.donboscovolunteers.de\/emmasindienblog\/author\/emmamehler\/"}]}},"_links":{"self":[{"href":"https:\/\/blogs.donboscovolunteers.de\/emmasindienblog\/wp-json\/wp\/v2\/posts\/147","targetHints":{"allow":["GET"]}}],"collection":[{"href":"https:\/\/blogs.donboscovolunteers.de\/emmasindienblog\/wp-json\/wp\/v2\/posts"}],"about":[{"href":"https:\/\/blogs.donboscovolunteers.de\/emmasindienblog\/wp-json\/wp\/v2\/types\/post"}],"author":[{"embeddable":true,"href":"https:\/\/blogs.donboscovolunteers.de\/emmasindienblog\/wp-json\/wp\/v2\/users\/21735"}],"replies":[{"embeddable":true,"href":"https:\/\/blogs.donboscovolunteers.de\/emmasindienblog\/wp-json\/wp\/v2\/comments?post=147"}],"version-history":[{"count":8,"href":"https:\/\/blogs.donboscovolunteers.de\/emmasindienblog\/wp-json\/wp\/v2\/posts\/147\/revisions"}],"predecessor-version":[{"id":164,"href":"https:\/\/blogs.donboscovolunteers.de\/emmasindienblog\/wp-json\/wp\/v2\/posts\/147\/revisions\/164"}],"wp:attachment":[{"href":"https:\/\/blogs.donboscovolunteers.de\/emmasindienblog\/wp-json\/wp\/v2\/media?parent=147"}],"wp:term":[{"taxonomy":"category","embeddable":true,"href":"https:\/\/blogs.donboscovolunteers.de\/emmasindienblog\/wp-json\/wp\/v2\/categories?post=147"},{"taxonomy":"post_tag","embeddable":true,"href":"https:\/\/blogs.donboscovolunteers.de\/emmasindienblog\/wp-json\/wp\/v2\/tags?post=147"}],"curies":[{"name":"wp","href":"https:\/\/api.w.org\/{rel}","templated":true}]}}