{"id":330,"date":"2023-06-20T11:23:07","date_gmt":"2023-06-20T09:23:07","guid":{"rendered":"https:\/\/blogs.donboscovolunteers.de\/emmanuelinindien\/?p=330"},"modified":"2023-06-27T07:42:40","modified_gmt":"2023-06-27T05:42:40","slug":"finale","status":"publish","type":"post","link":"https:\/\/blogs.donboscovolunteers.de\/emmanuelinindien\/2023\/06\/20\/finale\/","title":{"rendered":"Finale"},"content":{"rendered":"<p>Gaaanz langsam neigt sich meine Zeit in <a href=\"https:\/\/strassenkinder.de\/laender\/asien\/inden\/\">Indien<\/a> dem Ende zu. Nur knapp 1,5 von insgesamt 11 Monaten liegen noch vor mir. Zwischen meinem letzten Blogeintrag und jetzt ist viel Zeit vergangen und mindestens genauso viel passiert. Ich habe wochenlang die W\u00e4nde meines Projekts bemalt, war im Himalaya wandern, habe ein Bad in einem hinduistischen Tempel genommen, traumhafte Sonnenunterg\u00e4nge gesehen und mir ein Cricketspiel angeschaut. So viele Erlebnisse, dass ich mich schon lange nicht mehr an jeden einzelnen Tag erinnern kann. Da k\u00f6nnen nur Fotos Abhilfe schaffen:<\/p>\n\n\n\n<figure class=\"wp-block-image size-large is-resized\"><img loading=\"lazy\" decoding=\"async\" src=\"https:\/\/blogs.donboscovolunteers.de\/emmanuelinindien\/wp-content\/uploads\/sites\/21661\/2023\/06\/Berge-mit-Schnee-926x1024.jpg\" alt=\"\" class=\"wp-image-332\" width=\"802\" height=\"886\" srcset=\"https:\/\/blogs.donboscovolunteers.de\/emmanuelinindien\/wp-content\/uploads\/sites\/21661\/2023\/06\/Berge-mit-Schnee-926x1024.jpg 926w, https:\/\/blogs.donboscovolunteers.de\/emmanuelinindien\/wp-content\/uploads\/sites\/21661\/2023\/06\/Berge-mit-Schnee-271x300.jpg 271w, https:\/\/blogs.donboscovolunteers.de\/emmanuelinindien\/wp-content\/uploads\/sites\/21661\/2023\/06\/Berge-mit-Schnee-768x849.jpg 768w, https:\/\/blogs.donboscovolunteers.de\/emmanuelinindien\/wp-content\/uploads\/sites\/21661\/2023\/06\/Berge-mit-Schnee-900x995.jpg 900w, https:\/\/blogs.donboscovolunteers.de\/emmanuelinindien\/wp-content\/uploads\/sites\/21661\/2023\/06\/Berge-mit-Schnee.jpg 1158w\" sizes=\"auto, (max-width: 802px) 100vw, 802px\" \/><figcaption class=\"wp-element-caption\">Himalaya<\/figcaption><\/figure>\n\n\n\n<figure class=\"wp-block-image size-large is-resized\"><img loading=\"lazy\" decoding=\"async\" src=\"https:\/\/blogs.donboscovolunteers.de\/emmanuelinindien\/wp-content\/uploads\/sites\/21661\/2023\/06\/Sonnenuntergang-1024x1024.jpg\" alt=\"\" class=\"wp-image-333\" width=\"801\" height=\"801\" srcset=\"https:\/\/blogs.donboscovolunteers.de\/emmanuelinindien\/wp-content\/uploads\/sites\/21661\/2023\/06\/Sonnenuntergang-1024x1024.jpg 1024w, https:\/\/blogs.donboscovolunteers.de\/emmanuelinindien\/wp-content\/uploads\/sites\/21661\/2023\/06\/Sonnenuntergang-300x300.jpg 300w, https:\/\/blogs.donboscovolunteers.de\/emmanuelinindien\/wp-content\/uploads\/sites\/21661\/2023\/06\/Sonnenuntergang-150x150.jpg 150w, https:\/\/blogs.donboscovolunteers.de\/emmanuelinindien\/wp-content\/uploads\/sites\/21661\/2023\/06\/Sonnenuntergang-768x768.jpg 768w, https:\/\/blogs.donboscovolunteers.de\/emmanuelinindien\/wp-content\/uploads\/sites\/21661\/2023\/06\/Sonnenuntergang-88x88.jpg 88w, https:\/\/blogs.donboscovolunteers.de\/emmanuelinindien\/wp-content\/uploads\/sites\/21661\/2023\/06\/Sonnenuntergang-900x900.jpg 900w, https:\/\/blogs.donboscovolunteers.de\/emmanuelinindien\/wp-content\/uploads\/sites\/21661\/2023\/06\/Sonnenuntergang.jpg 1280w\" sizes=\"auto, (max-width: 801px) 100vw, 801px\" \/><figcaption class=\"wp-element-caption\">Sonnenuntergang irgendwo zwischen Mumbai und Nashik<\/figcaption><\/figure>\n\n\n\n<figure class=\"wp-block-image size-large\"><img loading=\"lazy\" decoding=\"async\" width=\"801\" height=\"1024\" src=\"https:\/\/blogs.donboscovolunteers.de\/emmanuelinindien\/wp-content\/uploads\/sites\/21661\/2023\/06\/Malerarbeiten-801x1024.jpg\" alt=\"\" class=\"wp-image-331\" srcset=\"https:\/\/blogs.donboscovolunteers.de\/emmanuelinindien\/wp-content\/uploads\/sites\/21661\/2023\/06\/Malerarbeiten-801x1024.jpg 801w, https:\/\/blogs.donboscovolunteers.de\/emmanuelinindien\/wp-content\/uploads\/sites\/21661\/2023\/06\/Malerarbeiten-235x300.jpg 235w, https:\/\/blogs.donboscovolunteers.de\/emmanuelinindien\/wp-content\/uploads\/sites\/21661\/2023\/06\/Malerarbeiten-768x982.jpg 768w, https:\/\/blogs.donboscovolunteers.de\/emmanuelinindien\/wp-content\/uploads\/sites\/21661\/2023\/06\/Malerarbeiten-900x1151.jpg 900w, https:\/\/blogs.donboscovolunteers.de\/emmanuelinindien\/wp-content\/uploads\/sites\/21661\/2023\/06\/Malerarbeiten.jpg 1001w\" sizes=\"auto, (max-width: 801px) 100vw, 801px\" \/><figcaption class=\"wp-element-caption\">Eins meiner ,,Kunstwerke&#8220;<\/figcaption><\/figure>\n\n\n\n<p>Ich freue mich schon darauf, euch die ganzen kurzen und langen Geschichten des letzten Jahres zu erz\u00e4hlen. Der Blog hier war da nur ein winziger Ausschnitt um ein paar meiner Eindr\u00fccke mit euch zu teilen. Ich hoffe sehr, dass ihr durch meine Eintr\u00e4ge einen kleinen Einblick bekommen habt, wie sich mein Leben hier abspielt. Da der Rest der Zeit jetzt f\u00fcr mich vermutlich super schnell vorbeigehen wird, wollte ich eine Sache schon mal zum Abschluss bringen. Und zwar diesen Blog.<\/p>\n\n\n\n<p>Bevor ich in aller Hektik in der letzten Woche noch einen halb-fertigen Text hochlade, m\u00f6chte ich mich schon fr\u00fchzeitig bei euch bedanken, um mir dann Zeit f\u00fcr all die Menschen hier vor Ort nehmen zu k\u00f6nnen. <strong>Vielen, vielen Dank, dass ihr euch so oft die Zeit genommen habt, meinen Blog zu lesen!<\/strong> Ich habe mich \u00fcber jeden einzelnen Aufruf gefreut und gemerkt, dass ich Zuhause immer R\u00fcckhalt habe, in guten, wie auch in eher schwierigen Zeiten des letzten Jahres. Dass ich nicht aus euren K\u00f6pfen verschwunden bin, nur weil sich mein Lebensmittelpunkt pl\u00f6tzlich um \u00fcber 6000km verschoben hat. Wenn ich gesehen habe, dass wieder jemand auf mein Blog geklickt hat, sich die Zeit genommen hat von mir zu lesen, war das ein super Gef\u00fchl. Vielen Dank.<\/p>\n\n\n\n<p>Am 18. August komme ich dann wieder zur\u00fcck und freue mich, euch alle wiederzusehen. Bis dahin werde ich sicherlich noch einiges erleben und die Zeit hier in vollen Z\u00fcgen genie\u00dfen. Bis dann&#8230; \ud83d\ude09<\/p>","protected":false},"excerpt":{"rendered":"<p>Gaaanz langsam neigt sich meine Zeit in <a href=\"https:\/\/strassenkinder.de\/laender\/asien\/inden\/\">Indien<\/a> dem Ende zu. Nur knapp 1,5 von insgesamt 11 Monaten liegen noch vor mir. Zwischen meinem letzten Blogeintrag und jetzt ist viel Zeit vergangen und mindestens genauso viel passiert. Ich habe wochenlang die W\u00e4nde meines Projekts bemalt, war im Himalaya wandern, habe ein Bad in einem hinduistischen [&hellip;]<\/p>\n","protected":false},"author":21747,"featured_media":0,"comment_status":"open","ping_status":"open","sticky":false,"template":"","format":"standard","meta":{"footnotes":""},"categories":[1],"tags":[],"class_list":["post-330","post","type-post","status-publish","format-standard","hentry","category-allgemein"],"yoast_head":"<!-- This site is optimized with the Yoast SEO plugin v25.3.1 - https:\/\/yoast.com\/wordpress\/plugins\/seo\/ -->\n<title>Finale - Ein kleines bisschen Indien<\/title>\n<meta name=\"robots\" content=\"index, follow, max-snippet:-1, max-image-preview:large, max-video-preview:-1\" \/>\n<link rel=\"canonical\" href=\"https:\/\/blogs.donboscovolunteers.de\/emmanuelinindien\/2023\/06\/20\/finale\/\" \/>\n<meta property=\"og:locale\" content=\"de_DE\" \/>\n<meta property=\"og:type\" content=\"article\" \/>\n<meta property=\"og:title\" content=\"Finale - Ein kleines bisschen Indien\" \/>\n<meta property=\"og:description\" content=\"Gaaanz langsam neigt sich meine Zeit in Indien dem Ende zu. Nur knapp 1,5 von insgesamt 11 Monaten liegen noch vor mir. Zwischen meinem letzten Blogeintrag und jetzt ist viel Zeit vergangen und mindestens genauso viel passiert. Ich habe wochenlang die W\u00e4nde meines Projekts bemalt, war im Himalaya wandern, habe ein Bad in einem hinduistischen [&hellip;]\" \/>\n<meta property=\"og:url\" content=\"https:\/\/blogs.donboscovolunteers.de\/emmanuelinindien\/2023\/06\/20\/finale\/\" \/>\n<meta property=\"og:site_name\" content=\"Ein kleines bisschen Indien\" \/>\n<meta property=\"article:published_time\" content=\"2023-06-20T09:23:07+00:00\" \/>\n<meta property=\"article:modified_time\" content=\"2023-06-27T05:42:40+00:00\" \/>\n<meta property=\"og:image\" content=\"https:\/\/blogs.donboscovolunteers.de\/emmanuelinindien\/wp-content\/uploads\/sites\/21661\/2023\/06\/Berge-mit-Schnee-926x1024.jpg\" \/>\n<meta name=\"author\" content=\"Emmanuel Gr\u00e4tz\" \/>\n<meta name=\"twitter:card\" content=\"summary_large_image\" \/>\n<meta name=\"twitter:label1\" content=\"Verfasst von\" \/>\n\t<meta name=\"twitter:data1\" content=\"Emmanuel Gr\u00e4tz\" \/>\n\t<meta name=\"twitter:label2\" content=\"Gesch\u00e4tzte Lesezeit\" \/>\n\t<meta name=\"twitter:data2\" content=\"2\u00a0Minuten\" \/>\n<script type=\"application\/ld+json\" class=\"yoast-schema-graph\">{\"@context\":\"https:\/\/schema.org\",\"@graph\":[{\"@type\":\"WebPage\",\"@id\":\"https:\/\/blogs.donboscovolunteers.de\/emmanuelinindien\/2023\/06\/20\/finale\/\",\"url\":\"https:\/\/blogs.donboscovolunteers.de\/emmanuelinindien\/2023\/06\/20\/finale\/\",\"name\":\"Finale - Ein kleines bisschen Indien\",\"isPartOf\":{\"@id\":\"https:\/\/blogs.donboscovolunteers.de\/emmanuelinindien\/#website\"},\"primaryImageOfPage\":{\"@id\":\"https:\/\/blogs.donboscovolunteers.de\/emmanuelinindien\/2023\/06\/20\/finale\/#primaryimage\"},\"image\":{\"@id\":\"https:\/\/blogs.donboscovolunteers.de\/emmanuelinindien\/2023\/06\/20\/finale\/#primaryimage\"},\"thumbnailUrl\":\"https:\/\/blogs.donboscovolunteers.de\/emmanuelinindien\/wp-content\/uploads\/sites\/21661\/2023\/06\/Berge-mit-Schnee-926x1024.jpg\",\"datePublished\":\"2023-06-20T09:23:07+00:00\",\"dateModified\":\"2023-06-27T05:42:40+00:00\",\"author\":{\"@id\":\"https:\/\/blogs.donboscovolunteers.de\/emmanuelinindien\/#\/schema\/person\/7431b536d9ff7d6adadd5cfdb70d6bfc\"},\"breadcrumb\":{\"@id\":\"https:\/\/blogs.donboscovolunteers.de\/emmanuelinindien\/2023\/06\/20\/finale\/#breadcrumb\"},\"inLanguage\":\"de\",\"potentialAction\":[{\"@type\":\"ReadAction\",\"target\":[\"https:\/\/blogs.donboscovolunteers.de\/emmanuelinindien\/2023\/06\/20\/finale\/\"]}]},{\"@type\":\"ImageObject\",\"inLanguage\":\"de\",\"@id\":\"https:\/\/blogs.donboscovolunteers.de\/emmanuelinindien\/2023\/06\/20\/finale\/#primaryimage\",\"url\":\"https:\/\/blogs.donboscovolunteers.de\/emmanuelinindien\/wp-content\/uploads\/sites\/21661\/2023\/06\/Berge-mit-Schnee.jpg\",\"contentUrl\":\"https:\/\/blogs.donboscovolunteers.de\/emmanuelinindien\/wp-content\/uploads\/sites\/21661\/2023\/06\/Berge-mit-Schnee.jpg\",\"width\":1158,\"height\":1280},{\"@type\":\"BreadcrumbList\",\"@id\":\"https:\/\/blogs.donboscovolunteers.de\/emmanuelinindien\/2023\/06\/20\/finale\/#breadcrumb\",\"itemListElement\":[{\"@type\":\"ListItem\",\"position\":1,\"name\":\"Startseite\",\"item\":\"https:\/\/blogs.donboscovolunteers.de\/emmanuelinindien\/\"},{\"@type\":\"ListItem\",\"position\":2,\"name\":\"Finale\"}]},{\"@type\":\"WebSite\",\"@id\":\"https:\/\/blogs.donboscovolunteers.de\/emmanuelinindien\/#website\",\"url\":\"https:\/\/blogs.donboscovolunteers.de\/emmanuelinindien\/\",\"name\":\"Ein kleines bisschen Indien\",\"description\":\"1 Jahr Mumbai\",\"potentialAction\":[{\"@type\":\"SearchAction\",\"target\":{\"@type\":\"EntryPoint\",\"urlTemplate\":\"https:\/\/blogs.donboscovolunteers.de\/emmanuelinindien\/?s={search_term_string}\"},\"query-input\":{\"@type\":\"PropertyValueSpecification\",\"valueRequired\":true,\"valueName\":\"search_term_string\"}}],\"inLanguage\":\"de\"},{\"@type\":\"Person\",\"@id\":\"https:\/\/blogs.donboscovolunteers.de\/emmanuelinindien\/#\/schema\/person\/7431b536d9ff7d6adadd5cfdb70d6bfc\",\"name\":\"Emmanuel Gr\u00e4tz\",\"image\":{\"@type\":\"ImageObject\",\"inLanguage\":\"de\",\"@id\":\"https:\/\/blogs.donboscovolunteers.de\/emmanuelinindien\/#\/schema\/person\/image\/\",\"url\":\"https:\/\/secure.gravatar.com\/avatar\/5e12049b2874d0ee6140deb82250baafe0c78ac1981c4bf2c5ad77e5eadaf3ff?s=96&d=mm&r=g\",\"contentUrl\":\"https:\/\/secure.gravatar.com\/avatar\/5e12049b2874d0ee6140deb82250baafe0c78ac1981c4bf2c5ad77e5eadaf3ff?s=96&d=mm&r=g\",\"caption\":\"Emmanuel Gr\u00e4tz\"},\"description\":\"Hey, ich bin Emmanuel und ab\/seit September 2022 in Mumbai (Indien). Sch\u00f6n, dass du mein Blog lie\u00dft.\",\"url\":\"https:\/\/blogs.donboscovolunteers.de\/emmanuelinindien\/author\/emmanuel\/\"}]}<\/script>\n<!-- \/ Yoast SEO plugin. -->","yoast_head_json":{"title":"Finale - Ein kleines bisschen Indien","robots":{"index":"index","follow":"follow","max-snippet":"max-snippet:-1","max-image-preview":"max-image-preview:large","max-video-preview":"max-video-preview:-1"},"canonical":"https:\/\/blogs.donboscovolunteers.de\/emmanuelinindien\/2023\/06\/20\/finale\/","og_locale":"de_DE","og_type":"article","og_title":"Finale - Ein kleines bisschen Indien","og_description":"Gaaanz langsam neigt sich meine Zeit in Indien dem Ende zu. Nur knapp 1,5 von insgesamt 11 Monaten liegen noch vor mir. Zwischen meinem letzten Blogeintrag und jetzt ist viel Zeit vergangen und mindestens genauso viel passiert. Ich habe wochenlang die W\u00e4nde meines Projekts bemalt, war im Himalaya wandern, habe ein Bad in einem hinduistischen [&hellip;]","og_url":"https:\/\/blogs.donboscovolunteers.de\/emmanuelinindien\/2023\/06\/20\/finale\/","og_site_name":"Ein kleines bisschen Indien","article_published_time":"2023-06-20T09:23:07+00:00","article_modified_time":"2023-06-27T05:42:40+00:00","og_image":[{"url":"https:\/\/blogs.donboscovolunteers.de\/emmanuelinindien\/wp-content\/uploads\/sites\/21661\/2023\/06\/Berge-mit-Schnee-926x1024.jpg","type":"","width":"","height":""}],"author":"Emmanuel Gr\u00e4tz","twitter_card":"summary_large_image","twitter_misc":{"Verfasst von":"Emmanuel Gr\u00e4tz","Gesch\u00e4tzte Lesezeit":"2\u00a0Minuten"},"schema":{"@context":"https:\/\/schema.org","@graph":[{"@type":"WebPage","@id":"https:\/\/blogs.donboscovolunteers.de\/emmanuelinindien\/2023\/06\/20\/finale\/","url":"https:\/\/blogs.donboscovolunteers.de\/emmanuelinindien\/2023\/06\/20\/finale\/","name":"Finale - Ein kleines bisschen Indien","isPartOf":{"@id":"https:\/\/blogs.donboscovolunteers.de\/emmanuelinindien\/#website"},"primaryImageOfPage":{"@id":"https:\/\/blogs.donboscovolunteers.de\/emmanuelinindien\/2023\/06\/20\/finale\/#primaryimage"},"image":{"@id":"https:\/\/blogs.donboscovolunteers.de\/emmanuelinindien\/2023\/06\/20\/finale\/#primaryimage"},"thumbnailUrl":"https:\/\/blogs.donboscovolunteers.de\/emmanuelinindien\/wp-content\/uploads\/sites\/21661\/2023\/06\/Berge-mit-Schnee-926x1024.jpg","datePublished":"2023-06-20T09:23:07+00:00","dateModified":"2023-06-27T05:42:40+00:00","author":{"@id":"https:\/\/blogs.donboscovolunteers.de\/emmanuelinindien\/#\/schema\/person\/7431b536d9ff7d6adadd5cfdb70d6bfc"},"breadcrumb":{"@id":"https:\/\/blogs.donboscovolunteers.de\/emmanuelinindien\/2023\/06\/20\/finale\/#breadcrumb"},"inLanguage":"de","potentialAction":[{"@type":"ReadAction","target":["https:\/\/blogs.donboscovolunteers.de\/emmanuelinindien\/2023\/06\/20\/finale\/"]}]},{"@type":"ImageObject","inLanguage":"de","@id":"https:\/\/blogs.donboscovolunteers.de\/emmanuelinindien\/2023\/06\/20\/finale\/#primaryimage","url":"https:\/\/blogs.donboscovolunteers.de\/emmanuelinindien\/wp-content\/uploads\/sites\/21661\/2023\/06\/Berge-mit-Schnee.jpg","contentUrl":"https:\/\/blogs.donboscovolunteers.de\/emmanuelinindien\/wp-content\/uploads\/sites\/21661\/2023\/06\/Berge-mit-Schnee.jpg","width":1158,"height":1280},{"@type":"BreadcrumbList","@id":"https:\/\/blogs.donboscovolunteers.de\/emmanuelinindien\/2023\/06\/20\/finale\/#breadcrumb","itemListElement":[{"@type":"ListItem","position":1,"name":"Startseite","item":"https:\/\/blogs.donboscovolunteers.de\/emmanuelinindien\/"},{"@type":"ListItem","position":2,"name":"Finale"}]},{"@type":"WebSite","@id":"https:\/\/blogs.donboscovolunteers.de\/emmanuelinindien\/#website","url":"https:\/\/blogs.donboscovolunteers.de\/emmanuelinindien\/","name":"Ein kleines bisschen Indien","description":"1 Jahr Mumbai","potentialAction":[{"@type":"SearchAction","target":{"@type":"EntryPoint","urlTemplate":"https:\/\/blogs.donboscovolunteers.de\/emmanuelinindien\/?s={search_term_string}"},"query-input":{"@type":"PropertyValueSpecification","valueRequired":true,"valueName":"search_term_string"}}],"inLanguage":"de"},{"@type":"Person","@id":"https:\/\/blogs.donboscovolunteers.de\/emmanuelinindien\/#\/schema\/person\/7431b536d9ff7d6adadd5cfdb70d6bfc","name":"Emmanuel Gr\u00e4tz","image":{"@type":"ImageObject","inLanguage":"de","@id":"https:\/\/blogs.donboscovolunteers.de\/emmanuelinindien\/#\/schema\/person\/image\/","url":"https:\/\/secure.gravatar.com\/avatar\/5e12049b2874d0ee6140deb82250baafe0c78ac1981c4bf2c5ad77e5eadaf3ff?s=96&d=mm&r=g","contentUrl":"https:\/\/secure.gravatar.com\/avatar\/5e12049b2874d0ee6140deb82250baafe0c78ac1981c4bf2c5ad77e5eadaf3ff?s=96&d=mm&r=g","caption":"Emmanuel Gr\u00e4tz"},"description":"Hey, ich bin Emmanuel und ab\/seit September 2022 in Mumbai (Indien). Sch\u00f6n, dass du mein Blog lie\u00dft.","url":"https:\/\/blogs.donboscovolunteers.de\/emmanuelinindien\/author\/emmanuel\/"}]}},"_links":{"self":[{"href":"https:\/\/blogs.donboscovolunteers.de\/emmanuelinindien\/wp-json\/wp\/v2\/posts\/330","targetHints":{"allow":["GET"]}}],"collection":[{"href":"https:\/\/blogs.donboscovolunteers.de\/emmanuelinindien\/wp-json\/wp\/v2\/posts"}],"about":[{"href":"https:\/\/blogs.donboscovolunteers.de\/emmanuelinindien\/wp-json\/wp\/v2\/types\/post"}],"author":[{"embeddable":true,"href":"https:\/\/blogs.donboscovolunteers.de\/emmanuelinindien\/wp-json\/wp\/v2\/users\/21747"}],"replies":[{"embeddable":true,"href":"https:\/\/blogs.donboscovolunteers.de\/emmanuelinindien\/wp-json\/wp\/v2\/comments?post=330"}],"version-history":[{"count":4,"href":"https:\/\/blogs.donboscovolunteers.de\/emmanuelinindien\/wp-json\/wp\/v2\/posts\/330\/revisions"}],"predecessor-version":[{"id":343,"href":"https:\/\/blogs.donboscovolunteers.de\/emmanuelinindien\/wp-json\/wp\/v2\/posts\/330\/revisions\/343"}],"wp:attachment":[{"href":"https:\/\/blogs.donboscovolunteers.de\/emmanuelinindien\/wp-json\/wp\/v2\/media?parent=330"}],"wp:term":[{"taxonomy":"category","embeddable":true,"href":"https:\/\/blogs.donboscovolunteers.de\/emmanuelinindien\/wp-json\/wp\/v2\/categories?post=330"},{"taxonomy":"post_tag","embeddable":true,"href":"https:\/\/blogs.donboscovolunteers.de\/emmanuelinindien\/wp-json\/wp\/v2\/tags?post=330"}],"curies":[{"name":"wp","href":"https:\/\/api.w.org\/{rel}","templated":true}]}}