{"id":299,"date":"2023-03-18T19:24:00","date_gmt":"2023-03-18T18:24:00","guid":{"rendered":"https:\/\/blogs.donboscovolunteers.de\/emmanuelinindien\/?p=299"},"modified":"2023-03-20T01:31:42","modified_gmt":"2023-03-20T00:31:42","slug":"holi-das-feste-der-farben","status":"publish","type":"post","link":"https:\/\/blogs.donboscovolunteers.de\/emmanuelinindien\/2023\/03\/18\/holi-das-feste-der-farben\/","title":{"rendered":"Holi &#8211; Das Fest der Farben"},"content":{"rendered":"<p>\u2026 und nur gut sieben Wochen sp\u00e4ter kommt auch schon der n\u00e4chste Eintrag. Mittlerweile merke ich, dass die Zeit deutlich schneller vergeht als noch am Anfang und ich weniger aufschreibe, weil mir fast alles in meinem Alltag normal vorkommt. Beim Bahnfahren an der offenen T\u00fcr zu stehen ist selbstverst\u00e4ndlich, das Hupkonzert auf den Stra\u00dfen ist nicht mehr so nervig wie letztes Jahr und was K\u00e4lte ist, habe ich auch verlernt. Letzte Woche hat es zweimal geregnet, was f\u00fcr diese Jahreszeit sehr ungew\u00f6hnlich ist. Mehr als 2 Stunden Abk\u00fchlung, von den Normalen-30-Grad, gab es aber leider nicht.<\/p>\n\n\n\n<p>Im Februar bin ich f\u00fcr eine Woche nach Hyderabad geflogen. Dort hat das Zwischenseminar statt gefunden, bei dem ich mich mit anderen Freiwilligen aus ganz <a href=\"https:\/\/strassenkinder.de\/laender\/asien\/inden\/\">Indien<\/a> austauschen konnte. Obwohl unsere Projekte bis zu 1000 Kilometer auseinander liegen, waren viele Erlebnisse die wir gemacht haben sehr \u00e4hnlich; im Positiven, wie im Negativen.<\/p>\n\n\n\n<figure class=\"wp-block-image size-large is-resized\"><img loading=\"lazy\" decoding=\"async\" src=\"https:\/\/blogs.donboscovolunteers.de\/emmanuelinindien\/wp-content\/uploads\/sites\/21661\/2023\/03\/Hyderbad-1024x576.jpg\" alt=\"\" class=\"wp-image-304\" width=\"811\" height=\"456\" srcset=\"https:\/\/blogs.donboscovolunteers.de\/emmanuelinindien\/wp-content\/uploads\/sites\/21661\/2023\/03\/Hyderbad-1024x576.jpg 1024w, https:\/\/blogs.donboscovolunteers.de\/emmanuelinindien\/wp-content\/uploads\/sites\/21661\/2023\/03\/Hyderbad-300x169.jpg 300w, https:\/\/blogs.donboscovolunteers.de\/emmanuelinindien\/wp-content\/uploads\/sites\/21661\/2023\/03\/Hyderbad-768x432.jpg 768w, https:\/\/blogs.donboscovolunteers.de\/emmanuelinindien\/wp-content\/uploads\/sites\/21661\/2023\/03\/Hyderbad-900x506.jpg 900w, https:\/\/blogs.donboscovolunteers.de\/emmanuelinindien\/wp-content\/uploads\/sites\/21661\/2023\/03\/Hyderbad.jpg 1280w\" sizes=\"auto, (max-width: 811px) 100vw, 811px\" \/><figcaption class=\"wp-element-caption\">Hyderabad von oben<\/figcaption><\/figure>\n\n\n\n<p>Au\u00dferdem wurde am 7. M\u00e4rz Holi gefeiert. Die ganze Geschichte hinter diesem Fest kann ich euch leider nicht erz\u00e4hlen. Das wichtigste ist aber, dass man mit m\u00f6glichst viel Farbpulver anderen Menschen, Freunde und Familie abwirft. Au\u00dferdem wird laut Musik gespielt, ausgelassen getanzt und jeder, der es sich leisten kann, vergisst an dem Tag seine Probleme. <\/p>\n\n\n\n<figure class=\"wp-block-image size-large is-resized\"><img loading=\"lazy\" decoding=\"async\" src=\"https:\/\/blogs.donboscovolunteers.de\/emmanuelinindien\/wp-content\/uploads\/sites\/21661\/2023\/03\/Holi-2-1024x682.jpg\" alt=\"\" class=\"wp-image-302\" width=\"773\" height=\"514\" srcset=\"https:\/\/blogs.donboscovolunteers.de\/emmanuelinindien\/wp-content\/uploads\/sites\/21661\/2023\/03\/Holi-2-1024x682.jpg 1024w, https:\/\/blogs.donboscovolunteers.de\/emmanuelinindien\/wp-content\/uploads\/sites\/21661\/2023\/03\/Holi-2-300x200.jpg 300w, https:\/\/blogs.donboscovolunteers.de\/emmanuelinindien\/wp-content\/uploads\/sites\/21661\/2023\/03\/Holi-2-768x512.jpg 768w, https:\/\/blogs.donboscovolunteers.de\/emmanuelinindien\/wp-content\/uploads\/sites\/21661\/2023\/03\/Holi-2-900x600.jpg 900w, https:\/\/blogs.donboscovolunteers.de\/emmanuelinindien\/wp-content\/uploads\/sites\/21661\/2023\/03\/Holi-2.jpg 1280w\" sizes=\"auto, (max-width: 773px) 100vw, 773px\" \/><figcaption class=\"wp-element-caption\">Holi<\/figcaption><\/figure>\n\n\n\n<p>Am n\u00e4chsten Tag bin ich an einen See au\u00dferhalb von Mumbai gefahren und musste an einigen Stra\u00dfenblockaden zwangsweise Halt machen. Gruppen von Kindern hatten mit einem langen Seil das Auto an der Weiterfahrt gehindert. Sie haben nach Geld gefragt, um sich Farbe zum Holi feiern kaufen zu k\u00f6nnen. Denn in l\u00e4ndlichen Regionen, fern ab der Gro\u00dfstadt, sieht man an den H\u00e4usern und sp\u00fcrt man an den Stra\u00dfen, dass die Menschen hier weniger zum Leben haben.<\/p>\n\n\n\n<figure class=\"wp-block-image size-large\"><img loading=\"lazy\" decoding=\"async\" width=\"682\" height=\"1024\" src=\"https:\/\/blogs.donboscovolunteers.de\/emmanuelinindien\/wp-content\/uploads\/sites\/21661\/2023\/03\/See-682x1024.jpg\" alt=\"\" class=\"wp-image-305\" srcset=\"https:\/\/blogs.donboscovolunteers.de\/emmanuelinindien\/wp-content\/uploads\/sites\/21661\/2023\/03\/See-682x1024.jpg 682w, https:\/\/blogs.donboscovolunteers.de\/emmanuelinindien\/wp-content\/uploads\/sites\/21661\/2023\/03\/See-200x300.jpg 200w, https:\/\/blogs.donboscovolunteers.de\/emmanuelinindien\/wp-content\/uploads\/sites\/21661\/2023\/03\/See-768x1152.jpg 768w, https:\/\/blogs.donboscovolunteers.de\/emmanuelinindien\/wp-content\/uploads\/sites\/21661\/2023\/03\/See.jpg 853w\" sizes=\"auto, (max-width: 682px) 100vw, 682px\" \/><figcaption class=\"wp-element-caption\">Bootfahren auf dem Lake Arthur <\/figcaption><\/figure>","protected":false},"excerpt":{"rendered":"<p>\u2026 und nur gut sieben Wochen sp\u00e4ter kommt auch schon der n\u00e4chste Eintrag. Mittlerweile merke ich, dass die Zeit deutlich schneller vergeht als noch am Anfang und ich weniger aufschreibe, weil mir fast alles in meinem Alltag normal vorkommt. Beim Bahnfahren an der offenen T\u00fcr zu stehen ist selbstverst\u00e4ndlich, das Hupkonzert auf den Stra\u00dfen ist [&hellip;]<\/p>\n","protected":false},"author":21747,"featured_media":0,"comment_status":"open","ping_status":"open","sticky":false,"template":"","format":"standard","meta":{"footnotes":""},"categories":[1],"tags":[],"class_list":["post-299","post","type-post","status-publish","format-standard","hentry","category-allgemein"],"yoast_head":"<!-- This site is optimized with the Yoast SEO plugin v25.3.1 - https:\/\/yoast.com\/wordpress\/plugins\/seo\/ -->\n<title>Holi - Das Fest der Farben - Ein kleines bisschen Indien<\/title>\n<meta name=\"robots\" content=\"index, follow, max-snippet:-1, max-image-preview:large, max-video-preview:-1\" \/>\n<link rel=\"canonical\" href=\"https:\/\/blogs.donboscovolunteers.de\/emmanuelinindien\/2023\/03\/18\/holi-das-feste-der-farben\/\" \/>\n<meta property=\"og:locale\" content=\"de_DE\" \/>\n<meta property=\"og:type\" content=\"article\" \/>\n<meta property=\"og:title\" content=\"Holi - Das Fest der Farben - Ein kleines bisschen Indien\" \/>\n<meta property=\"og:description\" content=\"\u2026 und nur gut sieben Wochen sp\u00e4ter kommt auch schon der n\u00e4chste Eintrag. Mittlerweile merke ich, dass die Zeit deutlich schneller vergeht als noch am Anfang und ich weniger aufschreibe, weil mir fast alles in meinem Alltag normal vorkommt. Beim Bahnfahren an der offenen T\u00fcr zu stehen ist selbstverst\u00e4ndlich, das Hupkonzert auf den Stra\u00dfen ist [&hellip;]\" \/>\n<meta property=\"og:url\" content=\"https:\/\/blogs.donboscovolunteers.de\/emmanuelinindien\/2023\/03\/18\/holi-das-feste-der-farben\/\" \/>\n<meta property=\"og:site_name\" content=\"Ein kleines bisschen Indien\" \/>\n<meta property=\"article:published_time\" content=\"2023-03-18T18:24:00+00:00\" \/>\n<meta property=\"article:modified_time\" content=\"2023-03-20T00:31:42+00:00\" \/>\n<meta property=\"og:image\" content=\"https:\/\/blogs.donboscovolunteers.de\/emmanuelinindien\/wp-content\/uploads\/sites\/21661\/2023\/03\/Hyderbad-1024x576.jpg\" \/>\n<meta name=\"author\" content=\"Emmanuel Gr\u00e4tz\" \/>\n<meta name=\"twitter:card\" content=\"summary_large_image\" \/>\n<meta name=\"twitter:label1\" content=\"Verfasst von\" \/>\n\t<meta name=\"twitter:data1\" content=\"Emmanuel Gr\u00e4tz\" \/>\n\t<meta name=\"twitter:label2\" content=\"Gesch\u00e4tzte Lesezeit\" \/>\n\t<meta name=\"twitter:data2\" content=\"3\u00a0Minuten\" \/>\n<script type=\"application\/ld+json\" class=\"yoast-schema-graph\">{\"@context\":\"https:\/\/schema.org\",\"@graph\":[{\"@type\":\"WebPage\",\"@id\":\"https:\/\/blogs.donboscovolunteers.de\/emmanuelinindien\/2023\/03\/18\/holi-das-feste-der-farben\/\",\"url\":\"https:\/\/blogs.donboscovolunteers.de\/emmanuelinindien\/2023\/03\/18\/holi-das-feste-der-farben\/\",\"name\":\"Holi - Das Fest der Farben - Ein kleines bisschen Indien\",\"isPartOf\":{\"@id\":\"https:\/\/blogs.donboscovolunteers.de\/emmanuelinindien\/#website\"},\"primaryImageOfPage\":{\"@id\":\"https:\/\/blogs.donboscovolunteers.de\/emmanuelinindien\/2023\/03\/18\/holi-das-feste-der-farben\/#primaryimage\"},\"image\":{\"@id\":\"https:\/\/blogs.donboscovolunteers.de\/emmanuelinindien\/2023\/03\/18\/holi-das-feste-der-farben\/#primaryimage\"},\"thumbnailUrl\":\"https:\/\/blogs.donboscovolunteers.de\/emmanuelinindien\/wp-content\/uploads\/sites\/21661\/2023\/03\/Hyderbad-1024x576.jpg\",\"datePublished\":\"2023-03-18T18:24:00+00:00\",\"dateModified\":\"2023-03-20T00:31:42+00:00\",\"author\":{\"@id\":\"https:\/\/blogs.donboscovolunteers.de\/emmanuelinindien\/#\/schema\/person\/7431b536d9ff7d6adadd5cfdb70d6bfc\"},\"breadcrumb\":{\"@id\":\"https:\/\/blogs.donboscovolunteers.de\/emmanuelinindien\/2023\/03\/18\/holi-das-feste-der-farben\/#breadcrumb\"},\"inLanguage\":\"de\",\"potentialAction\":[{\"@type\":\"ReadAction\",\"target\":[\"https:\/\/blogs.donboscovolunteers.de\/emmanuelinindien\/2023\/03\/18\/holi-das-feste-der-farben\/\"]}]},{\"@type\":\"ImageObject\",\"inLanguage\":\"de\",\"@id\":\"https:\/\/blogs.donboscovolunteers.de\/emmanuelinindien\/2023\/03\/18\/holi-das-feste-der-farben\/#primaryimage\",\"url\":\"https:\/\/blogs.donboscovolunteers.de\/emmanuelinindien\/wp-content\/uploads\/sites\/21661\/2023\/03\/Hyderbad.jpg\",\"contentUrl\":\"https:\/\/blogs.donboscovolunteers.de\/emmanuelinindien\/wp-content\/uploads\/sites\/21661\/2023\/03\/Hyderbad.jpg\",\"width\":1280,\"height\":720},{\"@type\":\"BreadcrumbList\",\"@id\":\"https:\/\/blogs.donboscovolunteers.de\/emmanuelinindien\/2023\/03\/18\/holi-das-feste-der-farben\/#breadcrumb\",\"itemListElement\":[{\"@type\":\"ListItem\",\"position\":1,\"name\":\"Startseite\",\"item\":\"https:\/\/blogs.donboscovolunteers.de\/emmanuelinindien\/\"},{\"@type\":\"ListItem\",\"position\":2,\"name\":\"Holi &#8211; Das Fest der Farben\"}]},{\"@type\":\"WebSite\",\"@id\":\"https:\/\/blogs.donboscovolunteers.de\/emmanuelinindien\/#website\",\"url\":\"https:\/\/blogs.donboscovolunteers.de\/emmanuelinindien\/\",\"name\":\"Ein kleines bisschen Indien\",\"description\":\"1 Jahr Mumbai\",\"potentialAction\":[{\"@type\":\"SearchAction\",\"target\":{\"@type\":\"EntryPoint\",\"urlTemplate\":\"https:\/\/blogs.donboscovolunteers.de\/emmanuelinindien\/?s={search_term_string}\"},\"query-input\":{\"@type\":\"PropertyValueSpecification\",\"valueRequired\":true,\"valueName\":\"search_term_string\"}}],\"inLanguage\":\"de\"},{\"@type\":\"Person\",\"@id\":\"https:\/\/blogs.donboscovolunteers.de\/emmanuelinindien\/#\/schema\/person\/7431b536d9ff7d6adadd5cfdb70d6bfc\",\"name\":\"Emmanuel Gr\u00e4tz\",\"image\":{\"@type\":\"ImageObject\",\"inLanguage\":\"de\",\"@id\":\"https:\/\/blogs.donboscovolunteers.de\/emmanuelinindien\/#\/schema\/person\/image\/\",\"url\":\"https:\/\/secure.gravatar.com\/avatar\/5e12049b2874d0ee6140deb82250baafe0c78ac1981c4bf2c5ad77e5eadaf3ff?s=96&d=mm&r=g\",\"contentUrl\":\"https:\/\/secure.gravatar.com\/avatar\/5e12049b2874d0ee6140deb82250baafe0c78ac1981c4bf2c5ad77e5eadaf3ff?s=96&d=mm&r=g\",\"caption\":\"Emmanuel Gr\u00e4tz\"},\"description\":\"Hey, ich bin Emmanuel und ab\/seit September 2022 in Mumbai (Indien). Sch\u00f6n, dass du mein Blog lie\u00dft.\",\"url\":\"https:\/\/blogs.donboscovolunteers.de\/emmanuelinindien\/author\/emmanuel\/\"}]}<\/script>\n<!-- \/ Yoast SEO plugin. -->","yoast_head_json":{"title":"Holi - Das Fest der Farben - Ein kleines bisschen Indien","robots":{"index":"index","follow":"follow","max-snippet":"max-snippet:-1","max-image-preview":"max-image-preview:large","max-video-preview":"max-video-preview:-1"},"canonical":"https:\/\/blogs.donboscovolunteers.de\/emmanuelinindien\/2023\/03\/18\/holi-das-feste-der-farben\/","og_locale":"de_DE","og_type":"article","og_title":"Holi - Das Fest der Farben - Ein kleines bisschen Indien","og_description":"\u2026 und nur gut sieben Wochen sp\u00e4ter kommt auch schon der n\u00e4chste Eintrag. Mittlerweile merke ich, dass die Zeit deutlich schneller vergeht als noch am Anfang und ich weniger aufschreibe, weil mir fast alles in meinem Alltag normal vorkommt. Beim Bahnfahren an der offenen T\u00fcr zu stehen ist selbstverst\u00e4ndlich, das Hupkonzert auf den Stra\u00dfen ist [&hellip;]","og_url":"https:\/\/blogs.donboscovolunteers.de\/emmanuelinindien\/2023\/03\/18\/holi-das-feste-der-farben\/","og_site_name":"Ein kleines bisschen Indien","article_published_time":"2023-03-18T18:24:00+00:00","article_modified_time":"2023-03-20T00:31:42+00:00","og_image":[{"url":"https:\/\/blogs.donboscovolunteers.de\/emmanuelinindien\/wp-content\/uploads\/sites\/21661\/2023\/03\/Hyderbad-1024x576.jpg","type":"","width":"","height":""}],"author":"Emmanuel Gr\u00e4tz","twitter_card":"summary_large_image","twitter_misc":{"Verfasst von":"Emmanuel Gr\u00e4tz","Gesch\u00e4tzte Lesezeit":"3\u00a0Minuten"},"schema":{"@context":"https:\/\/schema.org","@graph":[{"@type":"WebPage","@id":"https:\/\/blogs.donboscovolunteers.de\/emmanuelinindien\/2023\/03\/18\/holi-das-feste-der-farben\/","url":"https:\/\/blogs.donboscovolunteers.de\/emmanuelinindien\/2023\/03\/18\/holi-das-feste-der-farben\/","name":"Holi - Das Fest der Farben - Ein kleines bisschen Indien","isPartOf":{"@id":"https:\/\/blogs.donboscovolunteers.de\/emmanuelinindien\/#website"},"primaryImageOfPage":{"@id":"https:\/\/blogs.donboscovolunteers.de\/emmanuelinindien\/2023\/03\/18\/holi-das-feste-der-farben\/#primaryimage"},"image":{"@id":"https:\/\/blogs.donboscovolunteers.de\/emmanuelinindien\/2023\/03\/18\/holi-das-feste-der-farben\/#primaryimage"},"thumbnailUrl":"https:\/\/blogs.donboscovolunteers.de\/emmanuelinindien\/wp-content\/uploads\/sites\/21661\/2023\/03\/Hyderbad-1024x576.jpg","datePublished":"2023-03-18T18:24:00+00:00","dateModified":"2023-03-20T00:31:42+00:00","author":{"@id":"https:\/\/blogs.donboscovolunteers.de\/emmanuelinindien\/#\/schema\/person\/7431b536d9ff7d6adadd5cfdb70d6bfc"},"breadcrumb":{"@id":"https:\/\/blogs.donboscovolunteers.de\/emmanuelinindien\/2023\/03\/18\/holi-das-feste-der-farben\/#breadcrumb"},"inLanguage":"de","potentialAction":[{"@type":"ReadAction","target":["https:\/\/blogs.donboscovolunteers.de\/emmanuelinindien\/2023\/03\/18\/holi-das-feste-der-farben\/"]}]},{"@type":"ImageObject","inLanguage":"de","@id":"https:\/\/blogs.donboscovolunteers.de\/emmanuelinindien\/2023\/03\/18\/holi-das-feste-der-farben\/#primaryimage","url":"https:\/\/blogs.donboscovolunteers.de\/emmanuelinindien\/wp-content\/uploads\/sites\/21661\/2023\/03\/Hyderbad.jpg","contentUrl":"https:\/\/blogs.donboscovolunteers.de\/emmanuelinindien\/wp-content\/uploads\/sites\/21661\/2023\/03\/Hyderbad.jpg","width":1280,"height":720},{"@type":"BreadcrumbList","@id":"https:\/\/blogs.donboscovolunteers.de\/emmanuelinindien\/2023\/03\/18\/holi-das-feste-der-farben\/#breadcrumb","itemListElement":[{"@type":"ListItem","position":1,"name":"Startseite","item":"https:\/\/blogs.donboscovolunteers.de\/emmanuelinindien\/"},{"@type":"ListItem","position":2,"name":"Holi &#8211; Das Fest der Farben"}]},{"@type":"WebSite","@id":"https:\/\/blogs.donboscovolunteers.de\/emmanuelinindien\/#website","url":"https:\/\/blogs.donboscovolunteers.de\/emmanuelinindien\/","name":"Ein kleines bisschen Indien","description":"1 Jahr Mumbai","potentialAction":[{"@type":"SearchAction","target":{"@type":"EntryPoint","urlTemplate":"https:\/\/blogs.donboscovolunteers.de\/emmanuelinindien\/?s={search_term_string}"},"query-input":{"@type":"PropertyValueSpecification","valueRequired":true,"valueName":"search_term_string"}}],"inLanguage":"de"},{"@type":"Person","@id":"https:\/\/blogs.donboscovolunteers.de\/emmanuelinindien\/#\/schema\/person\/7431b536d9ff7d6adadd5cfdb70d6bfc","name":"Emmanuel Gr\u00e4tz","image":{"@type":"ImageObject","inLanguage":"de","@id":"https:\/\/blogs.donboscovolunteers.de\/emmanuelinindien\/#\/schema\/person\/image\/","url":"https:\/\/secure.gravatar.com\/avatar\/5e12049b2874d0ee6140deb82250baafe0c78ac1981c4bf2c5ad77e5eadaf3ff?s=96&d=mm&r=g","contentUrl":"https:\/\/secure.gravatar.com\/avatar\/5e12049b2874d0ee6140deb82250baafe0c78ac1981c4bf2c5ad77e5eadaf3ff?s=96&d=mm&r=g","caption":"Emmanuel Gr\u00e4tz"},"description":"Hey, ich bin Emmanuel und ab\/seit September 2022 in Mumbai (Indien). Sch\u00f6n, dass du mein Blog lie\u00dft.","url":"https:\/\/blogs.donboscovolunteers.de\/emmanuelinindien\/author\/emmanuel\/"}]}},"_links":{"self":[{"href":"https:\/\/blogs.donboscovolunteers.de\/emmanuelinindien\/wp-json\/wp\/v2\/posts\/299","targetHints":{"allow":["GET"]}}],"collection":[{"href":"https:\/\/blogs.donboscovolunteers.de\/emmanuelinindien\/wp-json\/wp\/v2\/posts"}],"about":[{"href":"https:\/\/blogs.donboscovolunteers.de\/emmanuelinindien\/wp-json\/wp\/v2\/types\/post"}],"author":[{"embeddable":true,"href":"https:\/\/blogs.donboscovolunteers.de\/emmanuelinindien\/wp-json\/wp\/v2\/users\/21747"}],"replies":[{"embeddable":true,"href":"https:\/\/blogs.donboscovolunteers.de\/emmanuelinindien\/wp-json\/wp\/v2\/comments?post=299"}],"version-history":[{"count":4,"href":"https:\/\/blogs.donboscovolunteers.de\/emmanuelinindien\/wp-json\/wp\/v2\/posts\/299\/revisions"}],"predecessor-version":[{"id":309,"href":"https:\/\/blogs.donboscovolunteers.de\/emmanuelinindien\/wp-json\/wp\/v2\/posts\/299\/revisions\/309"}],"wp:attachment":[{"href":"https:\/\/blogs.donboscovolunteers.de\/emmanuelinindien\/wp-json\/wp\/v2\/media?parent=299"}],"wp:term":[{"taxonomy":"category","embeddable":true,"href":"https:\/\/blogs.donboscovolunteers.de\/emmanuelinindien\/wp-json\/wp\/v2\/categories?post=299"},{"taxonomy":"post_tag","embeddable":true,"href":"https:\/\/blogs.donboscovolunteers.de\/emmanuelinindien\/wp-json\/wp\/v2\/tags?post=299"}],"curies":[{"name":"wp","href":"https:\/\/api.w.org\/{rel}","templated":true}]}}