{"id":249,"date":"2012-09-20T15:39:58","date_gmt":"2012-09-20T15:39:58","guid":{"rendered":"https:\/\/blogs.donboscovolunteers.de\/elisainkenia\/?p=249"},"modified":"2012-09-20T15:42:56","modified_gmt":"2012-09-20T15:42:56","slug":"gottesdienst-im-gefangnis","status":"publish","type":"post","link":"https:\/\/blogs.donboscovolunteers.de\/elisainkenia\/?p=249","title":{"rendered":"Gottesdienst im Gef\u00e4ngnis"},"content":{"rendered":"<p>An diesem Nachmittag wollte ich eigentlich in die Druckerei gehen, um zu gucken, ob ich dort\u00a0 jemanden treffen oder irgendwas machen k\u00f6nnte, aber Father Stephen machte mir einen Strich durch die Rechnung und lud mich ein mit ihm nach Maraju in ein Gef\u00e4ngnis zu fahren. Dort h\u00e4lt er jeden Donnerstag eine Messe f\u00fcr die Gefangenen.<br \/>\nAuf der Hinfahrt \u00fcberlegte ich die ganze Zeit ob ich jemals in einem deutschen Gef\u00e4ngnis zu Besuch gewesen bin, aber mir fiel keins ein.<br \/>\nIn Maraju trug man aus gegebenem Anlass schwarzwei\u00df gestreift und Fath er Stephen warnte mich schon mal vor: \u201e They will all stare at you!\u201c. Kein Problem dachte ich, daran muss ich mich hier eh gew\u00f6hnen. Nur leider wurde ich sch\u00f6n auf dem Pr\u00e4sentierteller neben den Klapptischaltar positioniert.<br \/>\nAlle Bedenken waren jedoch sofort weg, als der Gef\u00e4ngnischor zu singen und zu trommeln begann. Tiefe Bassstimmen im Kanon, ein durchdringender Rhythmus und eine mir noch unbekannte aber wundersch\u00f6ne Sprache.<br \/>\nDie ganze Messe war auf Kisuaheli, aber hin und wieder verstand ich doch schon ein Wort.<br \/>\nAm Ende wurde ich wieder vorgestellt und konnte kurz \u201eJambo\u201c in die Runde rufen, was so viel hei\u00dft wie: \u201eHallo!\u201c oder \u201eHey!\u201c.<br \/>\nWenn ich jetzt l\u00e4nger dar\u00fcber nachdenke, dann war das schon eine ganz besondere Erfahrung. Wer wei\u00df was mich noch erwartet?<br \/>\nToll fand ich, dass Fath er Stephen bei der R\u00fcckfahrt fast jeden am Weg gr\u00fc\u00dfte, vor allem die Kinder und noch zwei Frauen einfach so einlud und ich Makuyu absetzte. Fahrgemeinschaften sind schon eine gute Sache.<\/p>\n","protected":false},"excerpt":{"rendered":"<p>An diesem Nachmittag wollte ich eigentlich in die Druckerei gehen, um zu gucken, ob ich dort\u00a0 jemanden treffen oder irgendwas machen k\u00f6nnte, aber Father Stephen machte mir einen Strich durch die Rechnung und lud mich ein mit ihm nach Maraju in ein Gef\u00e4ngnis zu fahren. Dort h\u00e4lt er jeden Donnerstag eine Messe f\u00fcr die Gefangenen. [&hellip;]<\/p>\n","protected":false},"author":19671,"featured_media":250,"comment_status":"open","ping_status":"closed","sticky":false,"template":"","format":"standard","meta":{"footnotes":""},"categories":[22114],"tags":[],"class_list":["post-249","post","type-post","status-publish","format-standard","has-post-thumbnail","hentry","category-september"],"yoast_head":"<!-- This site is optimized with the Yoast SEO plugin v25.3.1 - https:\/\/yoast.com\/wordpress\/plugins\/seo\/ -->\n<title>Gottesdienst im Gef\u00e4ngnis - Ein Jahr Kenia<\/title>\n<meta name=\"robots\" content=\"index, follow, max-snippet:-1, max-image-preview:large, max-video-preview:-1\" \/>\n<link rel=\"canonical\" href=\"https:\/\/blogs.donboscovolunteers.de\/elisainkenia\/?p=249\" \/>\n<meta property=\"og:locale\" content=\"de_DE\" \/>\n<meta property=\"og:type\" content=\"article\" \/>\n<meta property=\"og:title\" content=\"Gottesdienst im Gef\u00e4ngnis - Ein Jahr Kenia\" \/>\n<meta property=\"og:description\" content=\"An diesem Nachmittag wollte ich eigentlich in die Druckerei gehen, um zu gucken, ob ich dort\u00a0 jemanden treffen oder irgendwas machen k\u00f6nnte, aber Father Stephen machte mir einen Strich durch die Rechnung und lud mich ein mit ihm nach Maraju in ein Gef\u00e4ngnis zu fahren. Dort h\u00e4lt er jeden Donnerstag eine Messe f\u00fcr die Gefangenen. [&hellip;]\" \/>\n<meta property=\"og:url\" content=\"https:\/\/blogs.donboscovolunteers.de\/elisainkenia\/?p=249\" \/>\n<meta property=\"og:site_name\" content=\"Ein Jahr Kenia\" \/>\n<meta property=\"article:published_time\" content=\"2012-09-20T15:39:58+00:00\" \/>\n<meta property=\"article:modified_time\" content=\"2012-09-20T15:42:56+00:00\" \/>\n<meta property=\"og:image\" content=\"https:\/\/blogs.donboscovolunteers.de\/elisainkenia\/wp-content\/uploads\/sites\/19634\/2012\/09\/DSCI0012-2.jpg\" \/>\n\t<meta property=\"og:image:width\" content=\"3264\" \/>\n\t<meta property=\"og:image:height\" content=\"2448\" \/>\n\t<meta property=\"og:image:type\" content=\"image\/jpeg\" \/>\n<meta name=\"author\" content=\"Elisa Heidenfels\" \/>\n<meta name=\"twitter:card\" content=\"summary_large_image\" \/>\n<meta name=\"twitter:label1\" content=\"Verfasst von\" \/>\n\t<meta name=\"twitter:data1\" content=\"Elisa Heidenfels\" \/>\n\t<meta name=\"twitter:label2\" content=\"Gesch\u00e4tzte Lesezeit\" \/>\n\t<meta name=\"twitter:data2\" content=\"1\u00a0Minute\" \/>\n<script type=\"application\/ld+json\" class=\"yoast-schema-graph\">{\"@context\":\"https:\/\/schema.org\",\"@graph\":[{\"@type\":\"WebPage\",\"@id\":\"https:\/\/blogs.donboscovolunteers.de\/elisainkenia\/?p=249\",\"url\":\"https:\/\/blogs.donboscovolunteers.de\/elisainkenia\/?p=249\",\"name\":\"Gottesdienst im Gef\u00e4ngnis - Ein Jahr Kenia\",\"isPartOf\":{\"@id\":\"https:\/\/blogs.donboscovolunteers.de\/elisainkenia\/#website\"},\"primaryImageOfPage\":{\"@id\":\"https:\/\/blogs.donboscovolunteers.de\/elisainkenia\/?p=249#primaryimage\"},\"image\":{\"@id\":\"https:\/\/blogs.donboscovolunteers.de\/elisainkenia\/?p=249#primaryimage\"},\"thumbnailUrl\":\"https:\/\/blogs.donboscovolunteers.de\/elisainkenia\/wp-content\/uploads\/sites\/19634\/2012\/09\/DSCI0012-2.jpg\",\"datePublished\":\"2012-09-20T15:39:58+00:00\",\"dateModified\":\"2012-09-20T15:42:56+00:00\",\"author\":{\"@id\":\"https:\/\/blogs.donboscovolunteers.de\/elisainkenia\/#\/schema\/person\/8df17f3023cff1d3913267f04365c514\"},\"breadcrumb\":{\"@id\":\"https:\/\/blogs.donboscovolunteers.de\/elisainkenia\/?p=249#breadcrumb\"},\"inLanguage\":\"de\",\"potentialAction\":[{\"@type\":\"ReadAction\",\"target\":[\"https:\/\/blogs.donboscovolunteers.de\/elisainkenia\/?p=249\"]}]},{\"@type\":\"ImageObject\",\"inLanguage\":\"de\",\"@id\":\"https:\/\/blogs.donboscovolunteers.de\/elisainkenia\/?p=249#primaryimage\",\"url\":\"https:\/\/blogs.donboscovolunteers.de\/elisainkenia\/wp-content\/uploads\/sites\/19634\/2012\/09\/DSCI0012-2.jpg\",\"contentUrl\":\"https:\/\/blogs.donboscovolunteers.de\/elisainkenia\/wp-content\/uploads\/sites\/19634\/2012\/09\/DSCI0012-2.jpg\",\"width\":\"3264\",\"height\":\"2448\"},{\"@type\":\"BreadcrumbList\",\"@id\":\"https:\/\/blogs.donboscovolunteers.de\/elisainkenia\/?p=249#breadcrumb\",\"itemListElement\":[{\"@type\":\"ListItem\",\"position\":1,\"name\":\"Startseite\",\"item\":\"https:\/\/blogs.donboscovolunteers.de\/elisainkenia\"},{\"@type\":\"ListItem\",\"position\":2,\"name\":\"Gottesdienst im Gef\u00e4ngnis\"}]},{\"@type\":\"WebSite\",\"@id\":\"https:\/\/blogs.donboscovolunteers.de\/elisainkenia\/#website\",\"url\":\"https:\/\/blogs.donboscovolunteers.de\/elisainkenia\/\",\"name\":\"Ein Jahr Kenia\",\"description\":\"Ein weiterer strassenkinder.de Blog\",\"potentialAction\":[{\"@type\":\"SearchAction\",\"target\":{\"@type\":\"EntryPoint\",\"urlTemplate\":\"https:\/\/blogs.donboscovolunteers.de\/elisainkenia\/?s={search_term_string}\"},\"query-input\":{\"@type\":\"PropertyValueSpecification\",\"valueRequired\":true,\"valueName\":\"search_term_string\"}}],\"inLanguage\":\"de\"},{\"@type\":\"Person\",\"@id\":\"https:\/\/blogs.donboscovolunteers.de\/elisainkenia\/#\/schema\/person\/8df17f3023cff1d3913267f04365c514\",\"name\":\"Elisa Heidenfels\",\"image\":{\"@type\":\"ImageObject\",\"inLanguage\":\"de\",\"@id\":\"https:\/\/blogs.donboscovolunteers.de\/elisainkenia\/#\/schema\/person\/image\/\",\"url\":\"https:\/\/secure.gravatar.com\/avatar\/c7205754fea0312f28818dd9a9e362b08a0587e2560bbf613bb7f5fc058b839e?s=96&d=mm&r=g\",\"contentUrl\":\"https:\/\/secure.gravatar.com\/avatar\/c7205754fea0312f28818dd9a9e362b08a0587e2560bbf613bb7f5fc058b839e?s=96&d=mm&r=g\",\"caption\":\"Elisa Heidenfels\"},\"sameAs\":[\"https:\/\/blogs.donboscovolunteers.de\/members\/elisainkenia\/\"],\"url\":\"https:\/\/blogs.donboscovolunteers.de\/elisainkenia\/?author=19671\"}]}<\/script>\n<!-- \/ Yoast SEO plugin. -->","yoast_head_json":{"title":"Gottesdienst im Gef\u00e4ngnis - Ein Jahr Kenia","robots":{"index":"index","follow":"follow","max-snippet":"max-snippet:-1","max-image-preview":"max-image-preview:large","max-video-preview":"max-video-preview:-1"},"canonical":"https:\/\/blogs.donboscovolunteers.de\/elisainkenia\/?p=249","og_locale":"de_DE","og_type":"article","og_title":"Gottesdienst im Gef\u00e4ngnis - Ein Jahr Kenia","og_description":"An diesem Nachmittag wollte ich eigentlich in die Druckerei gehen, um zu gucken, ob ich dort\u00a0 jemanden treffen oder irgendwas machen k\u00f6nnte, aber Father Stephen machte mir einen Strich durch die Rechnung und lud mich ein mit ihm nach Maraju in ein Gef\u00e4ngnis zu fahren. Dort h\u00e4lt er jeden Donnerstag eine Messe f\u00fcr die Gefangenen. [&hellip;]","og_url":"https:\/\/blogs.donboscovolunteers.de\/elisainkenia\/?p=249","og_site_name":"Ein Jahr Kenia","article_published_time":"2012-09-20T15:39:58+00:00","article_modified_time":"2012-09-20T15:42:56+00:00","og_image":[{"width":3264,"height":2448,"url":"https:\/\/blogs.donboscovolunteers.de\/elisainkenia\/wp-content\/uploads\/sites\/19634\/2012\/09\/DSCI0012-2.jpg","type":"image\/jpeg"}],"author":"Elisa Heidenfels","twitter_card":"summary_large_image","twitter_misc":{"Verfasst von":"Elisa Heidenfels","Gesch\u00e4tzte Lesezeit":"1\u00a0Minute"},"schema":{"@context":"https:\/\/schema.org","@graph":[{"@type":"WebPage","@id":"https:\/\/blogs.donboscovolunteers.de\/elisainkenia\/?p=249","url":"https:\/\/blogs.donboscovolunteers.de\/elisainkenia\/?p=249","name":"Gottesdienst im Gef\u00e4ngnis - Ein Jahr Kenia","isPartOf":{"@id":"https:\/\/blogs.donboscovolunteers.de\/elisainkenia\/#website"},"primaryImageOfPage":{"@id":"https:\/\/blogs.donboscovolunteers.de\/elisainkenia\/?p=249#primaryimage"},"image":{"@id":"https:\/\/blogs.donboscovolunteers.de\/elisainkenia\/?p=249#primaryimage"},"thumbnailUrl":"https:\/\/blogs.donboscovolunteers.de\/elisainkenia\/wp-content\/uploads\/sites\/19634\/2012\/09\/DSCI0012-2.jpg","datePublished":"2012-09-20T15:39:58+00:00","dateModified":"2012-09-20T15:42:56+00:00","author":{"@id":"https:\/\/blogs.donboscovolunteers.de\/elisainkenia\/#\/schema\/person\/8df17f3023cff1d3913267f04365c514"},"breadcrumb":{"@id":"https:\/\/blogs.donboscovolunteers.de\/elisainkenia\/?p=249#breadcrumb"},"inLanguage":"de","potentialAction":[{"@type":"ReadAction","target":["https:\/\/blogs.donboscovolunteers.de\/elisainkenia\/?p=249"]}]},{"@type":"ImageObject","inLanguage":"de","@id":"https:\/\/blogs.donboscovolunteers.de\/elisainkenia\/?p=249#primaryimage","url":"https:\/\/blogs.donboscovolunteers.de\/elisainkenia\/wp-content\/uploads\/sites\/19634\/2012\/09\/DSCI0012-2.jpg","contentUrl":"https:\/\/blogs.donboscovolunteers.de\/elisainkenia\/wp-content\/uploads\/sites\/19634\/2012\/09\/DSCI0012-2.jpg","width":"3264","height":"2448"},{"@type":"BreadcrumbList","@id":"https:\/\/blogs.donboscovolunteers.de\/elisainkenia\/?p=249#breadcrumb","itemListElement":[{"@type":"ListItem","position":1,"name":"Startseite","item":"https:\/\/blogs.donboscovolunteers.de\/elisainkenia"},{"@type":"ListItem","position":2,"name":"Gottesdienst im Gef\u00e4ngnis"}]},{"@type":"WebSite","@id":"https:\/\/blogs.donboscovolunteers.de\/elisainkenia\/#website","url":"https:\/\/blogs.donboscovolunteers.de\/elisainkenia\/","name":"Ein Jahr Kenia","description":"Ein weiterer strassenkinder.de Blog","potentialAction":[{"@type":"SearchAction","target":{"@type":"EntryPoint","urlTemplate":"https:\/\/blogs.donboscovolunteers.de\/elisainkenia\/?s={search_term_string}"},"query-input":{"@type":"PropertyValueSpecification","valueRequired":true,"valueName":"search_term_string"}}],"inLanguage":"de"},{"@type":"Person","@id":"https:\/\/blogs.donboscovolunteers.de\/elisainkenia\/#\/schema\/person\/8df17f3023cff1d3913267f04365c514","name":"Elisa Heidenfels","image":{"@type":"ImageObject","inLanguage":"de","@id":"https:\/\/blogs.donboscovolunteers.de\/elisainkenia\/#\/schema\/person\/image\/","url":"https:\/\/secure.gravatar.com\/avatar\/c7205754fea0312f28818dd9a9e362b08a0587e2560bbf613bb7f5fc058b839e?s=96&d=mm&r=g","contentUrl":"https:\/\/secure.gravatar.com\/avatar\/c7205754fea0312f28818dd9a9e362b08a0587e2560bbf613bb7f5fc058b839e?s=96&d=mm&r=g","caption":"Elisa Heidenfels"},"sameAs":["https:\/\/blogs.donboscovolunteers.de\/members\/elisainkenia\/"],"url":"https:\/\/blogs.donboscovolunteers.de\/elisainkenia\/?author=19671"}]}},"_links":{"self":[{"href":"https:\/\/blogs.donboscovolunteers.de\/elisainkenia\/index.php?rest_route=\/wp\/v2\/posts\/249","targetHints":{"allow":["GET"]}}],"collection":[{"href":"https:\/\/blogs.donboscovolunteers.de\/elisainkenia\/index.php?rest_route=\/wp\/v2\/posts"}],"about":[{"href":"https:\/\/blogs.donboscovolunteers.de\/elisainkenia\/index.php?rest_route=\/wp\/v2\/types\/post"}],"author":[{"embeddable":true,"href":"https:\/\/blogs.donboscovolunteers.de\/elisainkenia\/index.php?rest_route=\/wp\/v2\/users\/19671"}],"replies":[{"embeddable":true,"href":"https:\/\/blogs.donboscovolunteers.de\/elisainkenia\/index.php?rest_route=%2Fwp%2Fv2%2Fcomments&post=249"}],"version-history":[{"count":3,"href":"https:\/\/blogs.donboscovolunteers.de\/elisainkenia\/index.php?rest_route=\/wp\/v2\/posts\/249\/revisions"}],"predecessor-version":[{"id":252,"href":"https:\/\/blogs.donboscovolunteers.de\/elisainkenia\/index.php?rest_route=\/wp\/v2\/posts\/249\/revisions\/252"}],"wp:featuredmedia":[{"embeddable":true,"href":"https:\/\/blogs.donboscovolunteers.de\/elisainkenia\/index.php?rest_route=\/wp\/v2\/media\/250"}],"wp:attachment":[{"href":"https:\/\/blogs.donboscovolunteers.de\/elisainkenia\/index.php?rest_route=%2Fwp%2Fv2%2Fmedia&parent=249"}],"wp:term":[{"taxonomy":"category","embeddable":true,"href":"https:\/\/blogs.donboscovolunteers.de\/elisainkenia\/index.php?rest_route=%2Fwp%2Fv2%2Fcategories&post=249"},{"taxonomy":"post_tag","embeddable":true,"href":"https:\/\/blogs.donboscovolunteers.de\/elisainkenia\/index.php?rest_route=%2Fwp%2Fv2%2Ftags&post=249"}],"curies":[{"name":"wp","href":"https:\/\/api.w.org\/{rel}","templated":true}]}}