{"id":278,"date":"2026-03-15T13:25:33","date_gmt":"2026-03-15T12:25:33","guid":{"rendered":"https:\/\/blogs.donboscovolunteers.de\/dueaukoue\/?p=278"},"modified":"2026-03-15T13:25:35","modified_gmt":"2026-03-15T12:25:35","slug":"schwer-zu-verdauen","status":"publish","type":"post","link":"https:\/\/blogs.donboscovolunteers.de\/dueaukoue\/2026\/03\/15\/schwer-zu-verdauen\/","title":{"rendered":"Schwer zu verdauen"},"content":{"rendered":"<h2 class=\"wp-block-heading\">Nadeln gegen Schmerzen<\/h2>\n\n\n\n<p>Wer von euch hat schon einmal Akupunktur ausprobiert? Ich nicht. Und Gladys bis vor Kurzem auch noch nicht. Das \u00e4nderte sich am 14. Februar, also am ber\u00fchmt-ber\u00fcchtigten Valentinstag. Der wird hier auch gefeiert und machte auch vorm Foyer nicht halt. Die ganzen letzten Wochen schon war &#8222;Love&#8220; ein gro\u00dfes Thema und wurde auf diverse Liebesbriefe gemalt. Briefe, die alle gleich klangen und von dessen kitschigen Inhalten ich Brechreiz bekam. Ich war insgesamt auf das Thema Romantik und Sexualit\u00e4t gerade gar nicht gut zu sprechen, denn f\u00fcr Gladys und mich waren die letzten Wochen alles andere als romantisch verlaufen. Ich war an einem Tiefpunkt angekommen.<\/p>\n\n\n\n<p>Aber zur\u00fcck zur Akupunktur: Am Morgen des 14. Februars kam ein chinesisches Gesundheitsteam ins Foyer und f\u00fchrte eine allgemeine medizinische Untersuchung der Kinder durch. Die lief ungef\u00e4hr so ab wie die &#8222;Visite m\u00e9dicale&#8220; bei uns an der Schule. Messen und Wiegen, Atem und Herzschlag abh\u00f6ren, Sehtest. Au\u00dferdem noch eine Speichelprobe. Was allerdings fehlte, war der H\u00f6rtest. Sehr schade, denn bei einigen Kindern hege ich den Verdacht, dass sie schwerh\u00f6rig sind, was sich nat\u00fcrlich unter anderem auf ihre schulischen Leistungen auswirkt.<\/p>\n\n\n\n<p>Diejenigen, die \u00fcber Schmerzen klagten, wurden mit Akupunktur behandelt. So auch Gladys, denn sie hat schon seit L\u00e4ngerem immer wieder Knieschmerzen, wenn sie Sport macht. Auch P\u00e8re Jonathan und die Sekret\u00e4rin Roberta bekamen Nadeln in die Haut gesteckt. Bei letzterer fand es ihre Tochter schlimmer als sie selbst, das arme Kind hatte richtig Angst um seine Mutter. Ich f\u00fcr meinen Teil war ebenfalls ganz froh, keinen Grund zum Gepikstwerden aufzuweisen.<\/p>\n\n\n\n<figure class=\"wp-block-image size-large\"><img loading=\"lazy\" decoding=\"async\" width=\"1024\" height=\"768\" src=\"https:\/\/blogs.donboscovolunteers.de\/dueaukoue\/wp-content\/uploads\/sites\/21746\/2026\/03\/IMG-20260315-WA0000-1024x768.jpg\" alt=\"\" class=\"wp-image-412\" srcset=\"https:\/\/blogs.donboscovolunteers.de\/dueaukoue\/wp-content\/uploads\/sites\/21746\/2026\/03\/IMG-20260315-WA0000-1024x768.jpg 1024w, https:\/\/blogs.donboscovolunteers.de\/dueaukoue\/wp-content\/uploads\/sites\/21746\/2026\/03\/IMG-20260315-WA0000-300x225.jpg 300w, https:\/\/blogs.donboscovolunteers.de\/dueaukoue\/wp-content\/uploads\/sites\/21746\/2026\/03\/IMG-20260315-WA0000-768x576.jpg 768w, https:\/\/blogs.donboscovolunteers.de\/dueaukoue\/wp-content\/uploads\/sites\/21746\/2026\/03\/IMG-20260315-WA0000-900x675.jpg 900w, https:\/\/blogs.donboscovolunteers.de\/dueaukoue\/wp-content\/uploads\/sites\/21746\/2026\/03\/IMG-20260315-WA0000.jpg 1280w\" sizes=\"auto, (max-width: 1024px) 100vw, 1024px\" \/><figcaption class=\"wp-element-caption\">Tut&#8217;s weh?<\/figcaption><\/figure>\n\n\n\n<p>Nach der Untersuchung und sch\u00e4tzungsweise tausend Fotos verabschiedete sich das chinesische Team und wir begannen mit unserem Valentinsprogramm.<\/p>\n\n\n\n<figure class=\"wp-block-image size-large\"><img loading=\"lazy\" decoding=\"async\" width=\"1024\" height=\"576\" src=\"https:\/\/blogs.donboscovolunteers.de\/dueaukoue\/wp-content\/uploads\/sites\/21746\/2026\/03\/1000036802-1024x576.jpg\" alt=\"\" class=\"wp-image-350\" srcset=\"https:\/\/blogs.donboscovolunteers.de\/dueaukoue\/wp-content\/uploads\/sites\/21746\/2026\/03\/1000036802-1024x576.jpg 1024w, https:\/\/blogs.donboscovolunteers.de\/dueaukoue\/wp-content\/uploads\/sites\/21746\/2026\/03\/1000036802-300x169.jpg 300w, https:\/\/blogs.donboscovolunteers.de\/dueaukoue\/wp-content\/uploads\/sites\/21746\/2026\/03\/1000036802-768x432.jpg 768w, https:\/\/blogs.donboscovolunteers.de\/dueaukoue\/wp-content\/uploads\/sites\/21746\/2026\/03\/1000036802-900x506.jpg 900w, https:\/\/blogs.donboscovolunteers.de\/dueaukoue\/wp-content\/uploads\/sites\/21746\/2026\/03\/1000036802.jpg 1280w\" sizes=\"auto, (max-width: 1024px) 100vw, 1024px\" \/><\/figure>\n\n\n\n<h2 class=\"wp-block-heading\">Von Geburt an wertvoll<\/h2>\n\n\n\n<p>Vormittags war eine &#8222;Causerie \u00e9ducative&#8220;, also eine Art Workshop zu einem Thema, f\u00fcr die M\u00e4dchen geplant, nachmittags f\u00fcr die Jungs.<\/p>\n\n\n\n<p>Die Causerie der M\u00e4dchen hatte Roberta geplant, es ging um die Geschichte des heiligen Valentins und seine Bedeutung heute. Besonders sch\u00f6n fand ich, dass Roberta immer wieder betonte, dass ein M\u00e4dchen nicht erst durch eine Beziehung zu einem Jungen einen Wert bekommt, sondern von Geburt an wertvoll ist. Das war die zentrale Botschaft: Ich muss keinen Freund haben, um eine wertvolle, liebensw\u00fcrdige und geliebte Person zu sein. Eine Botschaft, die angesichts der vielen Liebesbriefe und dem vielen Wetteifern um die Gunst von Jungs bei den M\u00e4dchen aus dem Foyer mehr als notwendig war.<\/p>\n\n\n\n<figure class=\"wp-block-image size-large\"><img loading=\"lazy\" decoding=\"async\" width=\"1024\" height=\"768\" src=\"https:\/\/blogs.donboscovolunteers.de\/dueaukoue\/wp-content\/uploads\/sites\/21746\/2026\/03\/1000028406-1024x768.jpg\" alt=\"\" class=\"wp-image-351\" srcset=\"https:\/\/blogs.donboscovolunteers.de\/dueaukoue\/wp-content\/uploads\/sites\/21746\/2026\/03\/1000028406-1024x768.jpg 1024w, https:\/\/blogs.donboscovolunteers.de\/dueaukoue\/wp-content\/uploads\/sites\/21746\/2026\/03\/1000028406-300x225.jpg 300w, https:\/\/blogs.donboscovolunteers.de\/dueaukoue\/wp-content\/uploads\/sites\/21746\/2026\/03\/1000028406-768x576.jpg 768w, https:\/\/blogs.donboscovolunteers.de\/dueaukoue\/wp-content\/uploads\/sites\/21746\/2026\/03\/1000028406-900x675.jpg 900w, https:\/\/blogs.donboscovolunteers.de\/dueaukoue\/wp-content\/uploads\/sites\/21746\/2026\/03\/1000028406.jpg 1280w\" sizes=\"auto, (max-width: 1024px) 100vw, 1024px\" \/><\/figure>\n\n\n\n<h2 class=\"wp-block-heading\">Das Gegenteil von romantisch<\/h2>\n\n\n\n<p>Anders als die Causerie der M\u00e4dchen wurde die der Jungs nicht von Roberta, sondern von Gladys und mir vorbereitet und durchgef\u00fchrt. Au\u00dferdem unterst\u00fctzte uns Fr\u00e8re (wie die Erzieher genannt werden) Matthias.<\/p>\n\n\n\n<p>Das Thema war alles andere als rosig, denn es ging um geschlechterbasierte und sexuelle Gewalt. Grund daf\u00fcr war ein aktueller Anlass: In der Woche zuvor hatte auf der Stra\u00dfe vor dem Foyer ein sexueller \u00dcbergriff stattgefunden, was die ganze Woche \u00fcber Thema gewesen war. Leider hatten viele Jungs nicht gut reagiert, sie hatten Witze dar\u00fcber gemacht und insgesamt das Thema banalisiert. Deswegen war es Gladys und mir ein zentrales Anliegen gewesen, mit den Jungs dar\u00fcber zu sprechen. An dieser Stelle ist es mir wichtig zu betonen, dass <strong>keiner der Foyer-Jungen an dem \u00dcbergriff beteiligt war und wir auch nicht glauben, dass sie es in Zukunft sein werden<\/strong>. Wir wollen lediglich, dass sie, sollten sie erneut Zeugen sexueller Gewalt werden, sensibler reagieren und sich aktiv f\u00fcr das Opfer einsetzen.<\/p>\n\n\n\n<p>Den ersten Teil, zum Thema geschlechterbasierte Gewalt, machten wir mit allen Jungs. Dieser Teil war eher allgemein und leicht verst\u00e4ndlich formuliert, damit auch die Kleinen mitkamen. F\u00fcr den zweiten Teil, den zum Thema sexuelle Gewalt, schickten wir die Grundsch\u00fcler raus. Jetzt ging es ans Eingemachte: Was ist sexuelle Bel\u00e4stigung, was ein sexueller \u00dcbergriff, was Vergewaltigung? Was sagt das togoische Gesetz dazu, welche Strafen sind wof\u00fcr vorgesehen? Was bedeutet &#8222;einvernehmlich&#8220;? Wer kann seine Zustimmung zu sexuellen Handlungen \u00fcberhaupt geben, wer nicht? Was tun, wenn in der Freundesgruppe Witze \u00fcber sexuelle Gewalt gemacht werden? Macht es einen Unterschied, wenn das M\u00e4dchen nur einen Mini-Rock tr\u00e4gt? <\/p>\n\n\n\n<p>\u00dcber all diese Fragen und noch viele weitere redeten wir mit den Jungs. Ich muss sagen, dass die Causerie besser lief als erwartet. Fr\u00e8re Matthias gab uns R\u00fcckendeckung, die Jungs waren offen und setzten sich ernsthaft mit dem Thema auseinander. Ich bin total dankbar f\u00fcr diese M\u00f6glichkeit und davon \u00fcberzeugt, dass beide Seiten von dieser Einheit profitiert haben &#8211; die Jungs, aber auch Gladys und ich.<\/p>\n\n\n\n<h2 class=\"wp-block-heading\">Noch mehr schwere Kost<\/h2>\n\n\n\n<p>Am Dienstagvormittag (es waren Ferien) ging es weiter mit den schweren Themen, denn es gab eine Causerie zu Kinderhandel. Leider ein Thema, das in ganz Westafrika und damit auch in Togo pr\u00e4sent ist. Die gezeigten Videos gingen mir sehr nahe, vor allem eine kurze Reportage der BBC, wo es um den Handel und die Ausbeutung behinderter Kinder ging. Gladys hatte ebenfalls Tr\u00e4nen in den Augen. Was ist diese Welt doch ungerecht und grausam!<\/p>\n\n\n\n<p>Im Anschluss an den Input-Teil sollten die Kinder in Gruppen kleine Theaterst\u00fccke zum Thema vorbereiten und auff\u00fchren und ich sollte eine Gruppe betreuen und anleiten. Ich war \u00fcberfordert: Meine Gedanken waren noch bei der Doku und jetzt sollte ich eine Gruppe zappeliger Kinder bei der Ausarbeitung eines kleinen Theaterst\u00fccks anleiten? Und das zu so einem Thema! Wie stellt man diese Grausamkeiten \u00fcberhaupt angemessen dar? Wir haben dann schon etwas aufgef\u00fchrt, aber richtig zufrieden war ich mit dem Ergebnis nicht. Man kann, glaube ich, diesem Thema unm\u00f6glich in so kurzer Zeit (wir hatten nur eine knappe halbe Stunde Vorbereitungszeit) gerecht werden.<\/p>\n\n\n\n<figure class=\"wp-block-image size-large\"><img loading=\"lazy\" decoding=\"async\" width=\"1024\" height=\"768\" src=\"https:\/\/blogs.donboscovolunteers.de\/dueaukoue\/wp-content\/uploads\/sites\/21746\/2026\/03\/1000030193-1024x768.jpg\" alt=\"\" class=\"wp-image-352\" srcset=\"https:\/\/blogs.donboscovolunteers.de\/dueaukoue\/wp-content\/uploads\/sites\/21746\/2026\/03\/1000030193-1024x768.jpg 1024w, https:\/\/blogs.donboscovolunteers.de\/dueaukoue\/wp-content\/uploads\/sites\/21746\/2026\/03\/1000030193-300x225.jpg 300w, https:\/\/blogs.donboscovolunteers.de\/dueaukoue\/wp-content\/uploads\/sites\/21746\/2026\/03\/1000030193-768x576.jpg 768w, https:\/\/blogs.donboscovolunteers.de\/dueaukoue\/wp-content\/uploads\/sites\/21746\/2026\/03\/1000030193-900x675.jpg 900w, https:\/\/blogs.donboscovolunteers.de\/dueaukoue\/wp-content\/uploads\/sites\/21746\/2026\/03\/1000030193.jpg 1280w\" sizes=\"auto, (max-width: 1024px) 100vw, 1024px\" \/><\/figure>\n\n\n\n<p>Wenigstens konnten wir zum Ausgleich nachmittags wieder eine ganze Reihe Handballspiele veranstalten. Ich war Schiedsrichterin, Gladys schaute auf die Zeit und die Kinder lieferten sich ein Spiel nach dem anderen. Diesmal sogar mit einem echten Handball, denn P\u00e8re Jonathan hatte, nachdem die kleinen Fu\u00dfb\u00e4lle bereits Risse bekamen, einen richtigen Handball organisiert. Merci beaucoup, mon p\u00e8re!<\/p>\n\n\n\n<h2 class=\"wp-block-heading\">Anstrengende Anreise<\/h2>\n\n\n\n<p>Jetzt wisst ihr also in etwa, welche Themen mich kurz vorm Zwischenseminar besch\u00e4ftigten und k\u00f6nnt euch sicher denken, dass ich mit dem Kopf ganz woanders war. Aber vielleicht war gerade deshalb eine Auszeit genau das Richtige.<\/p>\n\n\n\n<p>Als wir am Mittwoch (Aschermittwoch!) fr\u00fchmorgens aufbrachen, war ich vor allem eines: m\u00fcde. Die emotionale Ersch\u00f6pfung zeigte sich auch k\u00f6rperlich. Es half auch nicht, dass wir gleich zu Beginn \u00fcber eine Stunde bei praller Hitze im Stau standen. Dank sei Gott f\u00fcr die Klimaanlage!<\/p>\n\n\n\n<p>Jedenfalls kamen wir nach etwa zehn Stunden Fahrt in der Maison <a href=\"https:\/\/www.donboscomission.de\/don-bosco\/\">Don Bosco<\/a> in Lom\u00e9 an. Der erste Teil unserer Anreise war geschafft.<\/p>\n\n\n\n<p>Am Donnerstag folgte dann Teil 2. Ein Salesianer fuhr uns zur ghanaischen Grenze, wir stiegen aus, holten unsere Rucks\u00e4cke aus dem Kofferraum und machten uns auf den Weg. Zun\u00e4chst mussten wir auf togoischer Seite unser Visum vorzeigen und ein Dokument ausf\u00fcllen, um ausreisen zu d\u00fcrfen. Dann mussten wir auf der ghanaischen Seite ein Visum beantragen. Das ging erstaunlich schnell, kostete aber daf\u00fcr eine halbe Niere und hinterher diskutierten wir noch eine ganze Weile mit den Grenzbeamten, weil sie nicht den kompletten Betrag, den wir gezahlt hatten, auf die Rechnung geschrieben hatten.<\/p>\n\n\n\n<p>Dementsprechend w\u00fctend waren wir und als dann auch noch meine Kreditkarte Faxen machte (Ghana hat nicht Francs CFA, sondern Cedi als W\u00e4hrung, weshalb wir uns erstmal neu mit Geld ausstatten mussten), war meine Laune endg\u00fcltig im Keller. Zum Gl\u00fcck fanden wir recht schnell ein Trotro nach Ashaiman, wo das Zwischenseminar stattfinden w\u00fcrde. Es war sogar ein ziemliches Luxus-Trotro, recht ger\u00e4umig, mit bequemen Sitzen und Klimaanlage. <\/p>\n\n\n\n<details class=\"wp-block-details is-layout-flow wp-block-details-is-layout-flow\"><summary>Trotro<\/summary>\n<p>Kleinbus und Sammeltaxi f\u00fcr Langstrecken. F\u00e4hrt immer erst los, wenn er voll ist. In Ghana viel genutztes Transportmittel, in Togo hingegen kaum.<\/p>\n<\/details>\n\n\n\n<p>Um kurz vor drei kamen wir dann in Ashaiman an und wurden von Robert, der uns auch das Einladungsschreiben ausgestellt hatte, abgeholt. Thank you!<\/p>\n\n\n\n<h2 class=\"wp-block-heading\">Angekommen<\/h2>\n\n\n\n<p>Bei der Ankunft im Provincial House, in dem unser Seminar stattfinden w\u00fcrde, konnte ich zum ersten Mal so richtig den Kopf ausschalten und durchatmen.<\/p>\n\n\n\n<figure class=\"wp-block-pullquote\"><blockquote><p>Angekommen. Hier kann ich loslassen, abgeben. Hier bin ich nicht &#8222;Tata&#8220;, &#8222;Tanti&#8220; oder &#8222;Soeur&#8220;, hier bin ich einfach nur Christine. Hier brauche ich mich nicht verbiegen oder verstecken. Hier bin ich nicht nur eine Rolle, hier bin ich komplett ich.<\/p><\/blockquote><\/figure>\n\n\n\n<p>Als ich Ulla und Gregor entdeckte, kickte die Vorfreude aufs Seminar erst so richtig. Ulla und Gregor waren unsere Teamenden. W\u00e4hrend Ulla bei Don Bosco arbeitet und unter anderem f\u00fcr Krisensituationen bei uns Freiwilligen zust\u00e4ndig, ist Gregor ein ehemaliger Don Bosco Volunteer, der 2014\/15 seinen <a href=\"https:\/\/www.donboscovolunteers.de\/\">Freiwilligendienst<\/a> in Kara (!) gemacht hat. Vielleicht k\u00f6nnt ihr euch an den Namen noch erinnern, er war derjenige, der uns so wahnsinnig viel mit dem Visum geholfen hatte. Mehr dazu findet ihr <a href=\"https:\/\/blogs.donboscovolunteers.de\/dueaukoue\/2025\/10\/11\/von-der-idee-bis-zum-flieger\/\">hier<\/a>. An dieser Stelle nochmal ein riesiges Dankesch\u00f6n!!!<\/p>\n\n\n\n<p>Jetzt trafen wir den Typen, mit dem wir wegen dem Visum bereits stundenlang telefoniert hatten, also zum ersten Mal live. Ich hatte ungef\u00e4hr tausend Fragen an ihn. Doch erstmal k\u00fcmmerten wir uns um die praktischen Dinge: Unsere Sachen in unserem Zimmer abstellen, etwas essen&#8230;<\/p>\n\n\n\n<p>Wir waren die Ersten und konnten uns so den Nachmittag nehmen, um uns auszuruhen.<\/p>\n\n\n\n<p>Kurz vor dem Abendessen kamen die n\u00e4chsten Volos an. Die Wiedersehensfreude war riesig! Das Abendessen selbst war ebenfalls lecker. Und nach dem Essen ging es dann offiziell los mit dem Seminar. Doch zum Seminar selbst komme ich im n\u00e4chsten Blogeintrag. Ich habe mich n\u00e4mlich schon wieder verquatscht. Eigentlich wollte ich alles nach den Weihnachtsferien bis jetzt in zwei Eintr\u00e4gen erz\u00e4hlt haben. Nun sind es jedoch schon drei Eintr\u00e4ge und ich bin noch nicht einmal ansatzweise fertig&#8230;<\/p>\n\n\n\n<h2 class=\"wp-block-heading\">Eure Aufgabe<\/h2>\n\n\n\n<p>Na ja, ich muss es ja nicht lesen. Das ist eure Aufgabe. Ich freue mich total \u00fcber euer Interesse und erst recht \u00fcber Kommentare. Fragen, Anmerkungen, was bei euch so los ist. Schreibt es mir!<\/p>\n\n\n\n<p>Ihr kennt es schon, jetzt kommt wieder der Spendenaufruf. Ja, das ist wichtig, ihr Lieben! Ich freue mich weiterhin riesig \u00fcber eure Unterst\u00fctzung!!! <strong>Spenden k\u00f6nnt ihr ganz einfach \u00fcber diesen <a href=\"https:\/\/www.donboscomission.de\/volontariat\/2025\/spenden\/christine\">Link<\/a>. Ganz, ganz gro\u00dfes Dankesch\u00f6n an alle, die bereits gespendet haben und an alle, die es noch tun werden!<\/strong> Euer Beitrag zu meinem Freiwilligendienst bedeutet mir unglaublich viel!<\/p>\n\n\n\n<p><\/p>","protected":false},"excerpt":{"rendered":"<p>Nadeln gegen Schmerzen Wer von euch hat schon einmal Akupunktur ausprobiert? Ich nicht. Und Gladys bis vor Kurzem auch noch nicht. Das \u00e4nderte sich am 14. Februar, also am ber\u00fchmt-ber\u00fcchtigten Valentinstag. Der wird hier auch gefeiert und machte auch vorm Foyer nicht halt. Die ganzen letzten Wochen schon war &#8222;Love&#8220; ein gro\u00dfes Thema und wurde [&hellip;]<\/p>\n","protected":false},"author":21852,"featured_media":0,"comment_status":"open","ping_status":"open","sticky":false,"template":"","format":"standard","meta":{"footnotes":""},"categories":[1],"tags":[28,7,31,32,30,2],"class_list":["post-278","post","type-post","status-publish","format-standard","hentry","category-im-ausland","tag-gesundheit","tag-kara","tag-kinderhandel","tag-reise","tag-sexuelle-gewalt","tag-togo"],"yoast_head":"<!-- This site is optimized with the Yoast SEO plugin v25.3.1 - https:\/\/yoast.com\/wordpress\/plugins\/seo\/ -->\n<title>Schwer zu verdauen - Du (\u00e9) au kou\u00e9<\/title>\n<meta name=\"robots\" content=\"index, follow, max-snippet:-1, max-image-preview:large, max-video-preview:-1\" \/>\n<link rel=\"canonical\" href=\"https:\/\/blogs.donboscovolunteers.de\/dueaukoue\/2026\/03\/15\/schwer-zu-verdauen\/\" \/>\n<meta property=\"og:locale\" content=\"de_DE\" \/>\n<meta property=\"og:type\" content=\"article\" \/>\n<meta property=\"og:title\" content=\"Schwer zu verdauen - Du (\u00e9) au kou\u00e9\" \/>\n<meta property=\"og:description\" content=\"Nadeln gegen Schmerzen Wer von euch hat schon einmal Akupunktur ausprobiert? Ich nicht. Und Gladys bis vor Kurzem auch noch nicht. Das \u00e4nderte sich am 14. Februar, also am ber\u00fchmt-ber\u00fcchtigten Valentinstag. Der wird hier auch gefeiert und machte auch vorm Foyer nicht halt. Die ganzen letzten Wochen schon war &#8222;Love&#8220; ein gro\u00dfes Thema und wurde [&hellip;]\" \/>\n<meta property=\"og:url\" content=\"https:\/\/blogs.donboscovolunteers.de\/dueaukoue\/2026\/03\/15\/schwer-zu-verdauen\/\" \/>\n<meta property=\"og:site_name\" content=\"Du (\u00e9) au kou\u00e9\" \/>\n<meta property=\"article:published_time\" content=\"2026-03-15T12:25:33+00:00\" \/>\n<meta property=\"article:modified_time\" content=\"2026-03-15T12:25:35+00:00\" \/>\n<meta property=\"og:image\" content=\"https:\/\/blogs.donboscovolunteers.de\/dueaukoue\/wp-content\/uploads\/sites\/21746\/2026\/03\/IMG-20260315-WA0000.jpg\" \/>\n\t<meta property=\"og:image:width\" content=\"1280\" \/>\n\t<meta property=\"og:image:height\" content=\"960\" \/>\n\t<meta property=\"og:image:type\" content=\"image\/jpeg\" \/>\n<meta name=\"author\" content=\"Christine Gnan\" \/>\n<meta name=\"twitter:card\" content=\"summary_large_image\" \/>\n<meta name=\"twitter:label1\" content=\"Verfasst von\" \/>\n\t<meta name=\"twitter:data1\" content=\"Christine Gnan\" \/>\n\t<meta name=\"twitter:label2\" content=\"Gesch\u00e4tzte Lesezeit\" \/>\n\t<meta name=\"twitter:data2\" content=\"10\u00a0Minuten\" \/>\n<script type=\"application\/ld+json\" class=\"yoast-schema-graph\">{\"@context\":\"https:\/\/schema.org\",\"@graph\":[{\"@type\":\"WebPage\",\"@id\":\"https:\/\/blogs.donboscovolunteers.de\/dueaukoue\/2026\/03\/15\/schwer-zu-verdauen\/\",\"url\":\"https:\/\/blogs.donboscovolunteers.de\/dueaukoue\/2026\/03\/15\/schwer-zu-verdauen\/\",\"name\":\"Schwer zu verdauen - Du (\u00e9) au kou\u00e9\",\"isPartOf\":{\"@id\":\"https:\/\/blogs.donboscovolunteers.de\/dueaukoue\/#website\"},\"primaryImageOfPage\":{\"@id\":\"https:\/\/blogs.donboscovolunteers.de\/dueaukoue\/2026\/03\/15\/schwer-zu-verdauen\/#primaryimage\"},\"image\":{\"@id\":\"https:\/\/blogs.donboscovolunteers.de\/dueaukoue\/2026\/03\/15\/schwer-zu-verdauen\/#primaryimage\"},\"thumbnailUrl\":\"https:\/\/blogs.donboscovolunteers.de\/dueaukoue\/wp-content\/uploads\/sites\/21746\/2026\/03\/IMG-20260315-WA0000-1024x768.jpg\",\"datePublished\":\"2026-03-15T12:25:33+00:00\",\"dateModified\":\"2026-03-15T12:25:35+00:00\",\"author\":{\"@id\":\"https:\/\/blogs.donboscovolunteers.de\/dueaukoue\/#\/schema\/person\/f9ed34248974a37716f54b541b1d65b4\"},\"breadcrumb\":{\"@id\":\"https:\/\/blogs.donboscovolunteers.de\/dueaukoue\/2026\/03\/15\/schwer-zu-verdauen\/#breadcrumb\"},\"inLanguage\":\"de\",\"potentialAction\":[{\"@type\":\"ReadAction\",\"target\":[\"https:\/\/blogs.donboscovolunteers.de\/dueaukoue\/2026\/03\/15\/schwer-zu-verdauen\/\"]}]},{\"@type\":\"ImageObject\",\"inLanguage\":\"de\",\"@id\":\"https:\/\/blogs.donboscovolunteers.de\/dueaukoue\/2026\/03\/15\/schwer-zu-verdauen\/#primaryimage\",\"url\":\"https:\/\/blogs.donboscovolunteers.de\/dueaukoue\/wp-content\/uploads\/sites\/21746\/2026\/03\/IMG-20260315-WA0000.jpg\",\"contentUrl\":\"https:\/\/blogs.donboscovolunteers.de\/dueaukoue\/wp-content\/uploads\/sites\/21746\/2026\/03\/IMG-20260315-WA0000.jpg\",\"width\":1280,\"height\":960},{\"@type\":\"BreadcrumbList\",\"@id\":\"https:\/\/blogs.donboscovolunteers.de\/dueaukoue\/2026\/03\/15\/schwer-zu-verdauen\/#breadcrumb\",\"itemListElement\":[{\"@type\":\"ListItem\",\"position\":1,\"name\":\"Startseite\",\"item\":\"https:\/\/blogs.donboscovolunteers.de\/dueaukoue\/\"},{\"@type\":\"ListItem\",\"position\":2,\"name\":\"Schwer zu verdauen\"}]},{\"@type\":\"WebSite\",\"@id\":\"https:\/\/blogs.donboscovolunteers.de\/dueaukoue\/#website\",\"url\":\"https:\/\/blogs.donboscovolunteers.de\/dueaukoue\/\",\"name\":\"Du (\u00e9) au kou\u00e9\",\"description\":\"\",\"potentialAction\":[{\"@type\":\"SearchAction\",\"target\":{\"@type\":\"EntryPoint\",\"urlTemplate\":\"https:\/\/blogs.donboscovolunteers.de\/dueaukoue\/?s={search_term_string}\"},\"query-input\":{\"@type\":\"PropertyValueSpecification\",\"valueRequired\":true,\"valueName\":\"search_term_string\"}}],\"inLanguage\":\"de\"},{\"@type\":\"Person\",\"@id\":\"https:\/\/blogs.donboscovolunteers.de\/dueaukoue\/#\/schema\/person\/f9ed34248974a37716f54b541b1d65b4\",\"name\":\"Christine Gnan\",\"image\":{\"@type\":\"ImageObject\",\"inLanguage\":\"de\",\"@id\":\"https:\/\/blogs.donboscovolunteers.de\/dueaukoue\/#\/schema\/person\/image\/\",\"url\":\"https:\/\/secure.gravatar.com\/avatar\/ce1d26db8cfa1c60c8aeef914108f610a23d7a972c346d730f42137f39c9c05e?s=96&d=mm&r=g\",\"contentUrl\":\"https:\/\/secure.gravatar.com\/avatar\/ce1d26db8cfa1c60c8aeef914108f610a23d7a972c346d730f42137f39c9c05e?s=96&d=mm&r=g\",\"caption\":\"Christine Gnan\"},\"url\":\"https:\/\/blogs.donboscovolunteers.de\/dueaukoue\/author\/christinegnan\/\"}]}<\/script>\n<!-- \/ Yoast SEO plugin. -->","yoast_head_json":{"title":"Schwer zu verdauen - Du (\u00e9) au kou\u00e9","robots":{"index":"index","follow":"follow","max-snippet":"max-snippet:-1","max-image-preview":"max-image-preview:large","max-video-preview":"max-video-preview:-1"},"canonical":"https:\/\/blogs.donboscovolunteers.de\/dueaukoue\/2026\/03\/15\/schwer-zu-verdauen\/","og_locale":"de_DE","og_type":"article","og_title":"Schwer zu verdauen - Du (\u00e9) au kou\u00e9","og_description":"Nadeln gegen Schmerzen Wer von euch hat schon einmal Akupunktur ausprobiert? Ich nicht. Und Gladys bis vor Kurzem auch noch nicht. Das \u00e4nderte sich am 14. Februar, also am ber\u00fchmt-ber\u00fcchtigten Valentinstag. Der wird hier auch gefeiert und machte auch vorm Foyer nicht halt. Die ganzen letzten Wochen schon war &#8222;Love&#8220; ein gro\u00dfes Thema und wurde [&hellip;]","og_url":"https:\/\/blogs.donboscovolunteers.de\/dueaukoue\/2026\/03\/15\/schwer-zu-verdauen\/","og_site_name":"Du (\u00e9) au kou\u00e9","article_published_time":"2026-03-15T12:25:33+00:00","article_modified_time":"2026-03-15T12:25:35+00:00","og_image":[{"width":1280,"height":960,"url":"https:\/\/blogs.donboscovolunteers.de\/dueaukoue\/wp-content\/uploads\/sites\/21746\/2026\/03\/IMG-20260315-WA0000.jpg","type":"image\/jpeg"}],"author":"Christine Gnan","twitter_card":"summary_large_image","twitter_misc":{"Verfasst von":"Christine Gnan","Gesch\u00e4tzte Lesezeit":"10\u00a0Minuten"},"schema":{"@context":"https:\/\/schema.org","@graph":[{"@type":"WebPage","@id":"https:\/\/blogs.donboscovolunteers.de\/dueaukoue\/2026\/03\/15\/schwer-zu-verdauen\/","url":"https:\/\/blogs.donboscovolunteers.de\/dueaukoue\/2026\/03\/15\/schwer-zu-verdauen\/","name":"Schwer zu verdauen - Du (\u00e9) au kou\u00e9","isPartOf":{"@id":"https:\/\/blogs.donboscovolunteers.de\/dueaukoue\/#website"},"primaryImageOfPage":{"@id":"https:\/\/blogs.donboscovolunteers.de\/dueaukoue\/2026\/03\/15\/schwer-zu-verdauen\/#primaryimage"},"image":{"@id":"https:\/\/blogs.donboscovolunteers.de\/dueaukoue\/2026\/03\/15\/schwer-zu-verdauen\/#primaryimage"},"thumbnailUrl":"https:\/\/blogs.donboscovolunteers.de\/dueaukoue\/wp-content\/uploads\/sites\/21746\/2026\/03\/IMG-20260315-WA0000-1024x768.jpg","datePublished":"2026-03-15T12:25:33+00:00","dateModified":"2026-03-15T12:25:35+00:00","author":{"@id":"https:\/\/blogs.donboscovolunteers.de\/dueaukoue\/#\/schema\/person\/f9ed34248974a37716f54b541b1d65b4"},"breadcrumb":{"@id":"https:\/\/blogs.donboscovolunteers.de\/dueaukoue\/2026\/03\/15\/schwer-zu-verdauen\/#breadcrumb"},"inLanguage":"de","potentialAction":[{"@type":"ReadAction","target":["https:\/\/blogs.donboscovolunteers.de\/dueaukoue\/2026\/03\/15\/schwer-zu-verdauen\/"]}]},{"@type":"ImageObject","inLanguage":"de","@id":"https:\/\/blogs.donboscovolunteers.de\/dueaukoue\/2026\/03\/15\/schwer-zu-verdauen\/#primaryimage","url":"https:\/\/blogs.donboscovolunteers.de\/dueaukoue\/wp-content\/uploads\/sites\/21746\/2026\/03\/IMG-20260315-WA0000.jpg","contentUrl":"https:\/\/blogs.donboscovolunteers.de\/dueaukoue\/wp-content\/uploads\/sites\/21746\/2026\/03\/IMG-20260315-WA0000.jpg","width":1280,"height":960},{"@type":"BreadcrumbList","@id":"https:\/\/blogs.donboscovolunteers.de\/dueaukoue\/2026\/03\/15\/schwer-zu-verdauen\/#breadcrumb","itemListElement":[{"@type":"ListItem","position":1,"name":"Startseite","item":"https:\/\/blogs.donboscovolunteers.de\/dueaukoue\/"},{"@type":"ListItem","position":2,"name":"Schwer zu verdauen"}]},{"@type":"WebSite","@id":"https:\/\/blogs.donboscovolunteers.de\/dueaukoue\/#website","url":"https:\/\/blogs.donboscovolunteers.de\/dueaukoue\/","name":"Du (\u00e9) au kou\u00e9","description":"","potentialAction":[{"@type":"SearchAction","target":{"@type":"EntryPoint","urlTemplate":"https:\/\/blogs.donboscovolunteers.de\/dueaukoue\/?s={search_term_string}"},"query-input":{"@type":"PropertyValueSpecification","valueRequired":true,"valueName":"search_term_string"}}],"inLanguage":"de"},{"@type":"Person","@id":"https:\/\/blogs.donboscovolunteers.de\/dueaukoue\/#\/schema\/person\/f9ed34248974a37716f54b541b1d65b4","name":"Christine Gnan","image":{"@type":"ImageObject","inLanguage":"de","@id":"https:\/\/blogs.donboscovolunteers.de\/dueaukoue\/#\/schema\/person\/image\/","url":"https:\/\/secure.gravatar.com\/avatar\/ce1d26db8cfa1c60c8aeef914108f610a23d7a972c346d730f42137f39c9c05e?s=96&d=mm&r=g","contentUrl":"https:\/\/secure.gravatar.com\/avatar\/ce1d26db8cfa1c60c8aeef914108f610a23d7a972c346d730f42137f39c9c05e?s=96&d=mm&r=g","caption":"Christine Gnan"},"url":"https:\/\/blogs.donboscovolunteers.de\/dueaukoue\/author\/christinegnan\/"}]}},"_links":{"self":[{"href":"https:\/\/blogs.donboscovolunteers.de\/dueaukoue\/wp-json\/wp\/v2\/posts\/278","targetHints":{"allow":["GET"]}}],"collection":[{"href":"https:\/\/blogs.donboscovolunteers.de\/dueaukoue\/wp-json\/wp\/v2\/posts"}],"about":[{"href":"https:\/\/blogs.donboscovolunteers.de\/dueaukoue\/wp-json\/wp\/v2\/types\/post"}],"author":[{"embeddable":true,"href":"https:\/\/blogs.donboscovolunteers.de\/dueaukoue\/wp-json\/wp\/v2\/users\/21852"}],"replies":[{"embeddable":true,"href":"https:\/\/blogs.donboscovolunteers.de\/dueaukoue\/wp-json\/wp\/v2\/comments?post=278"}],"version-history":[{"count":18,"href":"https:\/\/blogs.donboscovolunteers.de\/dueaukoue\/wp-json\/wp\/v2\/posts\/278\/revisions"}],"predecessor-version":[{"id":426,"href":"https:\/\/blogs.donboscovolunteers.de\/dueaukoue\/wp-json\/wp\/v2\/posts\/278\/revisions\/426"}],"wp:attachment":[{"href":"https:\/\/blogs.donboscovolunteers.de\/dueaukoue\/wp-json\/wp\/v2\/media?parent=278"}],"wp:term":[{"taxonomy":"category","embeddable":true,"href":"https:\/\/blogs.donboscovolunteers.de\/dueaukoue\/wp-json\/wp\/v2\/categories?post=278"},{"taxonomy":"post_tag","embeddable":true,"href":"https:\/\/blogs.donboscovolunteers.de\/dueaukoue\/wp-json\/wp\/v2\/tags?post=278"}],"curies":[{"name":"wp","href":"https:\/\/api.w.org\/{rel}","templated":true}]}}