{"id":254,"date":"2026-03-13T12:12:56","date_gmt":"2026-03-13T11:12:56","guid":{"rendered":"https:\/\/blogs.donboscovolunteers.de\/dueaukoue\/?p=254"},"modified":"2026-03-13T14:54:31","modified_gmt":"2026-03-13T13:54:31","slug":"ganz-viel-freude-und-ein-wenig-frust","status":"publish","type":"post","link":"https:\/\/blogs.donboscovolunteers.de\/dueaukoue\/2026\/03\/13\/ganz-viel-freude-und-ein-wenig-frust\/","title":{"rendered":"Ganz viel Freude und ein wenig Frust"},"content":{"rendered":"<h2 class=\"wp-block-heading\">On se d\u00e9brouille <\/h2>\n\n\n\n<p>Vierzig Jahre ist es her, dass das Foyer Immacul\u00e9e Conception von spanischen Salesianern gegr\u00fcndet wurde. Damit hat es angefangen. Im Laufe der Jahre wurde das hiesige Don-Bosco-Werk immer gr\u00f6\u00dfer: Das Foyer Jean Paul II, das Coll\u00e8ge et Lyc\u00e9e <a href=\"https:\/\/www.donboscomission.de\/don-bosco\/\">Don Bosco<\/a>, das Centre de Formation Professionnelle et Technique Don Bosco, das Internat und zwischenzeitlich auch das Foyer Ignace.<\/p>\n\n\n\n<p>Das Foyer Ignace war die erste Anlaufstelle f\u00fcr die Stra\u00dfenjungen. Dort blieben sie so lange, bis sie sich genug an einen strukturierten Alltag gew\u00f6hnt hatten, um im Foyer Immacul\u00e9e zu wohnen und zur Schule zu gehen. Aus verschiedenen Gr\u00fcnden (u.a. Sch\u00e4den an den Geb\u00e4uden und mangelnde Mittel, um gen\u00fcgend Personal f\u00fcr die Betreuung des Foyer Ignace einzustellen) ist das Foyer Ignace momentan nicht in Betrieb. Das stellt ein gro\u00dfes Problem dar, denn so kommen die Jungs, die noch nicht gut eingegliedert sind und oft wieder abhauen direkt zu denjenigen, die sich bereits gut eingelebt haben und haben einen schlechten Einfluss auf diese. So haut beispielsweise ein Zehnj\u00e4hriger, der bisher stabil war, seit ein paar Wochen immer wieder mit seinen Freunden auf die Stra\u00dfe ab. Zum Gl\u00fcck wird bereits daran gearbeitet, das Foyer Ignace wieder nutzbar zu machen. Bis dahin hei\u00dft es: &#8222;On se d\u00e9brouille.&#8220; <\/p>\n\n\n\n<h2 class=\"wp-block-heading\">Spezialkommission<\/h2>\n\n\n\n<p>Vierzig Jahre, das ist schon eine lange Zeit! Dementsprechend muss dieses Jubil\u00e4um auch geb\u00fchrend gefeiert werden. Es gibt extra eine &#8222;Spezialkommission&#8220;, die sich darum k\u00fcmmert, \u00fcbers Jahr verschiedene Aktionen zu diesem Anlass zu planen. Gladys und ich sind auch Teil dieser Kommission, der sowieso fast alle Erziehende au\u00dfer P\u00e8re Jonathan angeh\u00f6ren, was meiner Meinung nach nicht besonders durchdacht ist, weil er am Ende alles absegnen muss und damit sowieso involviert wird, nur halt hinterher. Und das bedeutet insgesamt mehr Arbeit f\u00fcr alle im Falle von Anmerkungen seinerseits. Allgemein gilt: Sich Aktivit\u00e4ten zu \u00fcberlegen ist cool, aber bei den Diskussionen um Budgetfragen steigt mein Gehirn aus und ich muss mich schwer zusammenrei\u00dfen, um halbwegs still sitzen zu bleiben.<\/p>\n\n\n\n<h2 class=\"wp-block-heading\">Joyeux anniversaire, cher Foyer Immacul\u00e9e <\/h2>\n\n\n\n<p>Zum Auftakt wurde im Foyer eine Messe mit allen Kindern, einigen Ehemaligen und einigen Unterst\u00fctzern des Foyers gehalten. Und zwar nicht von irgendwem, sondern vom Provinzial h\u00f6chstpers\u00f6nlich. (Die salesianische Welt ist in Provinzen unterteilt, eine Provinz besteht meist aus 150 bis 250 Salesianern und der Provinzial ist eben der Chef einer Provinz und damit ziemlich wichtig. Einmal im Jahr stattet er den Gemeinschaften einen offiziellen Besuch ab und in diesem Rahmen hat er auch die Messe gehalten.)<\/p>\n\n\n\n<p>Alle waren ganz aufgeregt und hatten sich fein rausgeputzt. Der Provinzial wurde in beiden Foyers wie ein K\u00f6nig empfangen, mit T\u00e4nzen und Reden und allem drum und dran. Auch P\u00e8re Cyrille war ziemlich nerv\u00f6s, er hatte extra ein Empfangsplakat drucken lassen. F\u00fcr mich war das alles etwas befremdlich. Als in Trier der Provinzial zu Besuch kam, war das kein gro\u00dfes Ding. Zumindest nicht f\u00fcr die Kinder und die Mitarbeitenden. Insgesamt sind diese sehr hierarchischen Strukturen f\u00fcr mich noch immer ungewohnt und oftmals auch unangenehm. Ich finde es nach wie vor komisch, wenn die Kinder sich vor mir verbeugen, auch wenn ich es grunds\u00e4tzlich gut finde, dass ihnen Respekt und h\u00f6fliches Gr\u00fc\u00dfen als zentrale Werte vermittelt werden.<\/p>\n\n\n\n<figure class=\"wp-block-gallery has-nested-images columns-default is-cropped wp-block-gallery-1 is-layout-flex wp-block-gallery-is-layout-flex\">\n<figure class=\"wp-block-image size-large\"><img loading=\"lazy\" decoding=\"async\" width=\"1024\" height=\"768\" data-id=\"369\" src=\"https:\/\/blogs.donboscovolunteers.de\/dueaukoue\/wp-content\/uploads\/sites\/21746\/2026\/03\/1000036845-1024x768.jpg\" alt=\"\" class=\"wp-image-369\" srcset=\"https:\/\/blogs.donboscovolunteers.de\/dueaukoue\/wp-content\/uploads\/sites\/21746\/2026\/03\/1000036845-1024x768.jpg 1024w, https:\/\/blogs.donboscovolunteers.de\/dueaukoue\/wp-content\/uploads\/sites\/21746\/2026\/03\/1000036845-300x225.jpg 300w, https:\/\/blogs.donboscovolunteers.de\/dueaukoue\/wp-content\/uploads\/sites\/21746\/2026\/03\/1000036845-768x576.jpg 768w, https:\/\/blogs.donboscovolunteers.de\/dueaukoue\/wp-content\/uploads\/sites\/21746\/2026\/03\/1000036845-900x675.jpg 900w, https:\/\/blogs.donboscovolunteers.de\/dueaukoue\/wp-content\/uploads\/sites\/21746\/2026\/03\/1000036845.jpg 1280w\" sizes=\"auto, (max-width: 1024px) 100vw, 1024px\" \/><\/figure>\n\n\n\n<figure class=\"wp-block-image size-large\"><img loading=\"lazy\" decoding=\"async\" width=\"1024\" height=\"768\" data-id=\"368\" src=\"https:\/\/blogs.donboscovolunteers.de\/dueaukoue\/wp-content\/uploads\/sites\/21746\/2026\/03\/1000036794-1024x768.jpg\" alt=\"\" class=\"wp-image-368\" srcset=\"https:\/\/blogs.donboscovolunteers.de\/dueaukoue\/wp-content\/uploads\/sites\/21746\/2026\/03\/1000036794-1024x768.jpg 1024w, https:\/\/blogs.donboscovolunteers.de\/dueaukoue\/wp-content\/uploads\/sites\/21746\/2026\/03\/1000036794-300x225.jpg 300w, https:\/\/blogs.donboscovolunteers.de\/dueaukoue\/wp-content\/uploads\/sites\/21746\/2026\/03\/1000036794-768x576.jpg 768w, https:\/\/blogs.donboscovolunteers.de\/dueaukoue\/wp-content\/uploads\/sites\/21746\/2026\/03\/1000036794-900x675.jpg 900w, https:\/\/blogs.donboscovolunteers.de\/dueaukoue\/wp-content\/uploads\/sites\/21746\/2026\/03\/1000036794.jpg 1280w\" sizes=\"auto, (max-width: 1024px) 100vw, 1024px\" \/><\/figure>\n<\/figure>\n\n\n\n<p>Jedenfalls war die Messe sehr sch\u00f6n. Besonders der anschlie\u00dfende Erfahrungsbericht eines Ehemaligen hat mich sehr ber\u00fchrt. Ich frage mich, wie wohl das 50j\u00e4hrige Jubil\u00e4um aussehen wird. Werden dann auch einige von &#8222;unseren&#8220; Jungs als Vorbild zur\u00fcckkehren und von ihrer Zeit im Foyer erz\u00e4hlen? Und wie wird ihr Leben dann aussehen? Welchen Beruf werden sie aus\u00fcben? Werden sie eine Familie gr\u00fcnden? Werden sie weiterhin untereinander Kontakt haben? Und mit welchen Gef\u00fchlen werden sie auf ihre Zeit im Foyer zur\u00fcckblicken? Welche Erinnerungen werden hochkommen? Und besonders: Welche Erinnerungen an uns?<\/p>\n\n\n\n<h2 class=\"wp-block-heading\">Von Sch\u00fclern f\u00fcr Sch\u00fcler<\/h2>\n\n\n\n<p>Der Besuch des Provinzial wurde nicht nur zum Anlass genommen, den Auftakt der 40 Jahre Foyer Immacul\u00e9e zu feiern, sondern auch, um ein neues Schulgeb\u00e4ude des Ausbildungszentrums zu segnen und einzuweihen. Ebenfalls ein ganz besonderes Ereignis!<\/p>\n\n\n\n<p>Bisher umfasst das Geb\u00e4ude drei Klassenzimmer und ein Lehrerzimmer, es soll aber noch aufgestockt und damit um drei Klassenzimmer erweitert werden. Das Besondere an dem Geb\u00e4ude: Gebaut wurde es unter Anleitung eines Unternehmens von den Sch\u00fclern des Ausbildungszentrums. Alle haben mitgeholfen: Die Elektriker haben die Kabel verlegt, die Schwei\u00dfer haben T\u00fcren und Angeln geliefert, die Schreiner waren f\u00fcr die Innenausstattung zust\u00e4ndig und die Maurer haben am meisten geschuftet, dank ihnen steht das Geb\u00e4ude \u00fcberhaupt. Das nenne ich praxisorientierten Unterricht!!!<\/p>\n\n\n\n<figure class=\"wp-block-gallery has-nested-images columns-default is-cropped wp-block-gallery-2 is-layout-flex wp-block-gallery-is-layout-flex\">\n<figure class=\"wp-block-image size-large\"><img loading=\"lazy\" decoding=\"async\" width=\"1024\" height=\"768\" data-id=\"372\" src=\"https:\/\/blogs.donboscovolunteers.de\/dueaukoue\/wp-content\/uploads\/sites\/21746\/2026\/03\/1000037007-1024x768.jpg\" alt=\"\" class=\"wp-image-372\" srcset=\"https:\/\/blogs.donboscovolunteers.de\/dueaukoue\/wp-content\/uploads\/sites\/21746\/2026\/03\/1000037007-1024x768.jpg 1024w, https:\/\/blogs.donboscovolunteers.de\/dueaukoue\/wp-content\/uploads\/sites\/21746\/2026\/03\/1000037007-300x225.jpg 300w, https:\/\/blogs.donboscovolunteers.de\/dueaukoue\/wp-content\/uploads\/sites\/21746\/2026\/03\/1000037007-768x576.jpg 768w, https:\/\/blogs.donboscovolunteers.de\/dueaukoue\/wp-content\/uploads\/sites\/21746\/2026\/03\/1000037007-900x675.jpg 900w, https:\/\/blogs.donboscovolunteers.de\/dueaukoue\/wp-content\/uploads\/sites\/21746\/2026\/03\/1000037007.jpg 1280w\" sizes=\"auto, (max-width: 1024px) 100vw, 1024px\" \/><\/figure>\n\n\n\n<figure class=\"wp-block-image size-large\"><img loading=\"lazy\" decoding=\"async\" width=\"1024\" height=\"768\" data-id=\"371\" src=\"https:\/\/blogs.donboscovolunteers.de\/dueaukoue\/wp-content\/uploads\/sites\/21746\/2026\/03\/1000037008-1024x768.jpg\" alt=\"\" class=\"wp-image-371\" srcset=\"https:\/\/blogs.donboscovolunteers.de\/dueaukoue\/wp-content\/uploads\/sites\/21746\/2026\/03\/1000037008-1024x768.jpg 1024w, https:\/\/blogs.donboscovolunteers.de\/dueaukoue\/wp-content\/uploads\/sites\/21746\/2026\/03\/1000037008-300x225.jpg 300w, https:\/\/blogs.donboscovolunteers.de\/dueaukoue\/wp-content\/uploads\/sites\/21746\/2026\/03\/1000037008-768x576.jpg 768w, https:\/\/blogs.donboscovolunteers.de\/dueaukoue\/wp-content\/uploads\/sites\/21746\/2026\/03\/1000037008-900x675.jpg 900w, https:\/\/blogs.donboscovolunteers.de\/dueaukoue\/wp-content\/uploads\/sites\/21746\/2026\/03\/1000037008.jpg 1080w\" sizes=\"auto, (max-width: 1024px) 100vw, 1024px\" \/><\/figure>\n<\/figure>\n\n\n\n<h2 class=\"wp-block-heading\">Wieder mal nach Lom\u00e9<\/h2>\n\n\n\n<p>So langsam kam das Zwischenseminar in Sicht. Darauf freute ich mich schon total. Es gab nur einen klitzekleinen (besser gesagt: sehr gro\u00dfen) Haken an der ganzen Sache: Das Visum f\u00fcr Ghana. Wir hatten extra bei der Botschaft angerufen und uns wurde gesagt, wir m\u00fcssten es pers\u00f6nlich bei der ghanaischen Botschaft in Lom\u00e9 beantragen. Also kauften wir kurzerhand Bustickets und fuhren am Sonntag, dem 25. Januar nach Lom\u00e9, um unseren Termin am Montag, dem 26. Januar, wahrzunehmen.<\/p>\n\n\n\n<h2 class=\"wp-block-heading\">Schwanger?<\/h2>\n\n\n\n<p>Nach der Fahrt war Gladys etwas schlecht. Als ich das den Salesianern der Maison Don Bosco sagte, um zu erkl\u00e4ren, warum sie nicht zum Essen erschienen war, schoben diese gleich ziemlich Panik und brachten sie nach dem Abendessen noch ins Krankenhaus. Dort wurde sie nach ihren Beschwerden befragt und es wurden ihr vorsorglich gef\u00fchlt tausend Medikamente verschrieben, unter anderem ein Entwurmungsmittel &#8211; und das, obwohl sie doch gar keine Bauchschmerzen hatte, sondern nur eine allgemeine \u00dcbelkeit empfand. Au\u00dferdem wurde ihr Blut abgenommen und ein Ultraschall gemacht. Es hinterher wurde uns klar: Die dachten wohl, sie sei schwanger. Das erkl\u00e4rt auch, warum die Salesianer so Panik hatten. Kleiner Spoiler: Sie ist nicht schwanger, sie hat nur einfach Eisen- und Elektrolytmangel, wie uns die Ergebnisse der Bluttests verrieten. Gladys Kommentar zum Ultraschall:<\/p>\n\n\n\n<blockquote class=\"wp-block-quote is-layout-flow wp-block-quote-is-layout-flow\">\n<p>Selbst wenn ich schwanger gewesen w\u00e4re, jetzt w\u00e4re ich es garantiert nicht mehr, so fest, wie die das Ding reingedr\u00fcckt hat.<\/p>\n<\/blockquote>\n\n\n\n<p>Nachdem wir aus dem Krankenhaus entlassen wurden, fuhren wir noch zur Apotheke und kauften dort die tausend Medikamente. Dann ging es wieder zur\u00fcck zur Maison Don Bosco und Gladys nahm \u00e4u\u00dferst widerwillig die Medikamente ein (zumindest zum Teil, bei manchen Sachen haben wir entschieden, dass es unn\u00f6tig ist, z.B. bei dem Zeug gegen Bauchschmerzen, die hatte sie schlie\u00dflich nicht). Manche von den Pillen sahen echt gruselig aus, eine war knallrosa und so gro\u00df wie eine Fingerkuppe&#8230;<\/p>\n\n\n\n<figure class=\"wp-block-image size-large\"><img loading=\"lazy\" decoding=\"async\" width=\"768\" height=\"1024\" src=\"https:\/\/blogs.donboscovolunteers.de\/dueaukoue\/wp-content\/uploads\/sites\/21746\/2026\/03\/1000036865-768x1024.jpg\" alt=\"\" class=\"wp-image-340\" srcset=\"https:\/\/blogs.donboscovolunteers.de\/dueaukoue\/wp-content\/uploads\/sites\/21746\/2026\/03\/1000036865-768x1024.jpg 768w, https:\/\/blogs.donboscovolunteers.de\/dueaukoue\/wp-content\/uploads\/sites\/21746\/2026\/03\/1000036865-225x300.jpg 225w, https:\/\/blogs.donboscovolunteers.de\/dueaukoue\/wp-content\/uploads\/sites\/21746\/2026\/03\/1000036865-900x1200.jpg 900w, https:\/\/blogs.donboscovolunteers.de\/dueaukoue\/wp-content\/uploads\/sites\/21746\/2026\/03\/1000036865.jpg 960w\" sizes=\"auto, (max-width: 768px) 100vw, 768px\" \/><figcaption class=\"wp-element-caption\">Die Tafel des Grauens<\/figcaption><\/figure>\n\n\n\n<p>Viel zu sp\u00e4t gingen wir danach endlich ins Bett. Am n\u00e4chsten Morgen waren wir uns einig: Nie wieder erz\u00e4hlen wir, wenn es uns schlecht geht, nur wenn es echt schlimm ist oder wir erh\u00f6hte Temperatur haben, das ist n\u00e4mlich eines der Symptome von Malaria.<\/p>\n\n\n\n<h2 class=\"wp-block-heading\">20 Stunden Fahrt v\u00f6llig umsonst<\/h2>\n\n\n\n<p>Bei dem Termin bei der Botschaft am n\u00e4chsten Tag stellte sich dann nach langem Warten und einigem Hin und Her heraus, dass wir eine falsche Information bekommen hatten und das Visum gar nicht bei der Botschaft beantragen konnten, sondern es an der Grenze am Tag selbst machen sollten. Ich war stinksauer: Zehn Stunden einfache Fahrt (also 20 Stunden Fahrt insgesamt!) f\u00fcr nix und wieder nix und das so kurz vorm Don-Bosco-Fest! Die Lust auf Ghana war mir geh\u00f6rig vergangen.<\/p>\n\n\n\n<p>Am n\u00e4chsten Tag holten wir morgens die Ergebnisse des Bluttests vom Krankenhaus ab und trafen dort Katja (wer nicht wei\u00df, wer Katja ist, kann <a href=\"https:\/\/blogs.donboscovolunteers.de\/dueaukoue\/2026\/01\/30\/joyeux-noel-weihnachten-mal-anders\/\">hier<\/a> nachlesen). Zusammen fuhren wir zur Grenze und informierten uns dort, ob es m\u00f6glich sei, das Visum dort zu beantragen. Die Antwort: Ja, aber der ganze Spa\u00df kostet 250 US-Dollar. Ich musste schlucken. Wie gut, dass wir das erstattet bekommen!<\/p>\n\n\n\n<h2 class=\"wp-block-heading\">Vielleicht doch nicht v\u00f6llig umsonst<\/h2>\n\n\n\n<p>Nach dem Mittagessen in der Maison Don Bosco, zu dem wir Katja kurzerhand mitnahmen, zogen wir drei nochmal los. Unser Ziel: Der Strand. Einen Teil liefen wir zu Fu\u00df, den Rest fuhren wir mit einem Taxi. Allerdings nicht &#8222;\u00e0 louer&#8220; (zu mieten, also exklusiv und damit teuer), sondern mit einem, das auf dem Weg immer wieder Leute aufgabelt und rausl\u00e4sst, sodass es oft f\u00fcnf oder sechs Beifahrer sind &#8211; in einem ganz normalen F\u00fcnfsitzer. Dar\u00fcber beschwerten wir uns allerdings nicht, wir waren ja schon dankbar, dass der Fahrer uns mit unseren Dreckslatschen \u00fcberhaupt mitnahm. Wir waren n\u00e4mlich alle drei gleich zu Anfang unserer Fu\u00dfstrecke unaufmerksam gewesen und mitten durch den Matsch gelaufen. Dementsprechend sahen wir aus. Wie gut, dass wir sowieso auf dem Weg zum Wasser waren.<\/p>\n\n\n\n<p>Kaum waren wir am Strand angekommen, lief Gladys \u00fcberm\u00fctig ins k\u00fchle Nass. (Keine Sorge, sie hatte sich zuvor ihre Klamotten ausgezogen und hatte ihren Bikini drunter.) Katja folgte ihr, ich blieb am Ufer und passte auf unsere Sachen auf. Es war wirklich ein wundersch\u00f6ner Anblick: Die Palmen, der Sand, der strahlend blaue Himmel und das blaue Meer. Vor allem aber Gladys und Katja, wie sie im Wasser tollten. Ich habe Gladys selten so gel\u00f6st gesehen wie in diesem Augenblick.<\/p>\n\n\n\n<figure class=\"wp-block-gallery has-nested-images columns-default is-cropped wp-block-gallery-3 is-layout-flex wp-block-gallery-is-layout-flex\">\n<figure class=\"wp-block-image size-large\"><img loading=\"lazy\" decoding=\"async\" width=\"1024\" height=\"768\" data-id=\"308\" src=\"https:\/\/blogs.donboscovolunteers.de\/dueaukoue\/wp-content\/uploads\/sites\/21746\/2026\/03\/20260127_152556-1024x768.jpg\" alt=\"\" class=\"wp-image-308\" srcset=\"https:\/\/blogs.donboscovolunteers.de\/dueaukoue\/wp-content\/uploads\/sites\/21746\/2026\/03\/20260127_152556-1024x768.jpg 1024w, https:\/\/blogs.donboscovolunteers.de\/dueaukoue\/wp-content\/uploads\/sites\/21746\/2026\/03\/20260127_152556-300x225.jpg 300w, https:\/\/blogs.donboscovolunteers.de\/dueaukoue\/wp-content\/uploads\/sites\/21746\/2026\/03\/20260127_152556-768x576.jpg 768w, https:\/\/blogs.donboscovolunteers.de\/dueaukoue\/wp-content\/uploads\/sites\/21746\/2026\/03\/20260127_152556-900x675.jpg 900w, https:\/\/blogs.donboscovolunteers.de\/dueaukoue\/wp-content\/uploads\/sites\/21746\/2026\/03\/20260127_152556.jpg 1280w\" sizes=\"auto, (max-width: 1024px) 100vw, 1024px\" \/><\/figure>\n<\/figure>\n\n\n\n<p>Wir wechselten uns ab mit Aufpassen, sodass auch ich auf meine Kosten kam. Das Wasser war erstaunlich sauber und ich merkte, wie die Wellen meine Sorgen fortsp\u00fclten. Der ganze Visum-Stress fiel von mir ab und ich hatte einfach nur Spa\u00df!<\/p>\n\n\n\n<p>Als wir bei Sonnenuntergang vom Strand aufbrachen, war meine gute Laune endg\u00fcltig wiederhergestellt.<\/p>\n\n\n\n<figure class=\"wp-block-image size-large\"><img loading=\"lazy\" decoding=\"async\" width=\"1024\" height=\"768\" src=\"https:\/\/blogs.donboscovolunteers.de\/dueaukoue\/wp-content\/uploads\/sites\/21746\/2026\/03\/20260127_173023-1024x768.jpg\" alt=\"\" class=\"wp-image-309\" srcset=\"https:\/\/blogs.donboscovolunteers.de\/dueaukoue\/wp-content\/uploads\/sites\/21746\/2026\/03\/20260127_173023-1024x768.jpg 1024w, https:\/\/blogs.donboscovolunteers.de\/dueaukoue\/wp-content\/uploads\/sites\/21746\/2026\/03\/20260127_173023-300x225.jpg 300w, https:\/\/blogs.donboscovolunteers.de\/dueaukoue\/wp-content\/uploads\/sites\/21746\/2026\/03\/20260127_173023-768x576.jpg 768w, https:\/\/blogs.donboscovolunteers.de\/dueaukoue\/wp-content\/uploads\/sites\/21746\/2026\/03\/20260127_173023-900x675.jpg 900w, https:\/\/blogs.donboscovolunteers.de\/dueaukoue\/wp-content\/uploads\/sites\/21746\/2026\/03\/20260127_173023.jpg 1280w\" sizes=\"auto, (max-width: 1024px) 100vw, 1024px\" \/><\/figure>\n\n\n\n<h2 class=\"wp-block-heading\">Wieder zu Hause<\/h2>\n\n\n\n<p>Am n\u00e4chsten Morgen, also dem Mittwoch, ging es f\u00fcr uns wieder nach Kara. Als wir in Kara ankamen, dachte ich:<\/p>\n\n\n\n<blockquote class=\"wp-block-quote is-layout-flow wp-block-quote-is-layout-flow\">\n<p>Endlich wieder zu Hause.<\/p>\n<\/blockquote>\n\n\n\n<p>Da habe ich gemerkt: Jetzt bin ich wirklich hier angekommen.<\/p>\n\n\n\n<p>Zu unserem Gl\u00fcck fuhr, gerade als wir zum Centre laufen wollten, P\u00e8re Fran\u00e7ois vorbei und nahm uns mit. Wir erz\u00e4hlten ihm von unserem Aufenthalt in Lom\u00e9 und er erz\u00e4hlte uns, was alles in den n\u00e4chsten anstehen w\u00fcrde. Schlie\u00dflich war genau in dieser Woche Don-Bosco-Woche. Davon erz\u00e4hle ich euch aber in einem neuen Blogeintrag, sonst wird dieser hier entschieden zu lang. Ich komme mit dem Erz\u00e4hlen echt nicht mehr hinterher, es gibt noch so viel: Die ganzen Don-Bosco-Feste, das Zwischenseminar, der Ghana-Urlaub mit den anderen Freiwilligen&#8230; Aber alles der Reihe nach, das kommt noch.<\/p>\n\n\n\n<h2 class=\"wp-block-heading\">Jetzt seid ihr dran<\/h2>\n\n\n\n<p>An dieser Stelle m\u00f6chte ich euch noch einmal ermutigen, zu kommentieren und mit Fragen einfach auf mich zuzukommen. Das gilt insbesondere f\u00fcr die neuen Volos und ganz besonders f\u00fcr diejenigen, die sich f\u00fcr Kara als Einsatzstelle interessieren. Nur keine Scheu, ich freue mich \u00fcber euer Interesse!<\/p>\n\n\n\n<p>Zu guter Letzt noch der \u00fcbliche Spendenaufruf. <strong>Wer spenden m\u00f6chte, kann das <a href=\"https:\/\/www.donboscomission.de\/volontariat\/2025\/spenden\/christine\">hier<\/a> tun. Ich freue mich \u00fcber eure Unterst\u00fctzung, egal, wie klein oder gro\u00df!!!<\/strong> Und als neue Motivation: Wir bekommen alle, wenn wir mindestens 2000 Euro Spenden gesammelt haben, 300 Euro Projektgeld von Don Bosco. Mit diesem Geld k\u00f6nnen wir Projekte mit den Kindern aus unseren Einrichtungen finanzieren, z.B. Ausfl\u00fcge, Bastelaktionen oder einen Schwimmkurs. Was unser Projekt sein soll, m\u00fcssen Gladys und ich noch mit P\u00e8re Jonathan absprechen, aber sobald wir genaueres wissen, sage ich euch Bescheid. Worauf ich aber eigentlich hinaus wollte: Ein anderer Volont\u00e4r hat fast 6000 Euro Spenden gesammelt und nun versucht unsere Verantwortliche zu erreichen, dass er aufgrund dieser betr\u00e4chtlichen Summe mehr Projektgeld erh\u00e4lt. Gladys und ich w\u00fcrden mega gerne eine Ferienfreizeit f\u00fcr die Foyer-Kinder veranstalten, 600 Euro (300 pro Volont\u00e4rin) reichen daf\u00fcr jedoch bei weitem nicht. Daher der Aufruf an euch: Schaffen wir es, mich von 4000 Euro Spenden auf 6000 Euro hoch zu katapultieren und mir so mehr Projektgeld zu verschaffen? Ich bin fest davon \u00fcberzeugt, dass wir das zusammen hinkriegen, aber daf\u00fcr bin ich auf eure Hilfe angewiesen!<\/p>\n\n\n\n<p><strong>Ein ganz, ganz gro\u00dfes Dankesch\u00f6n schon jetzt an alle, die sich an der Aktion beteiligen!!!<\/strong><\/p>","protected":false},"excerpt":{"rendered":"<p>On se d\u00e9brouille Vierzig Jahre ist es her, dass das Foyer Immacul\u00e9e Conception von spanischen Salesianern gegr\u00fcndet wurde. Damit hat es angefangen. Im Laufe der Jahre wurde das hiesige Don-Bosco-Werk immer gr\u00f6\u00dfer: Das Foyer Jean Paul II, das Coll\u00e8ge et Lyc\u00e9e <a href=\"https:\/\/www.donboscomission.de\/don-bosco\/\">Don Bosco<\/a>, das Centre de Formation Professionnelle et Technique Don Bosco, das Internat und [&hellip;]<\/p>\n","protected":false},"author":21852,"featured_media":309,"comment_status":"open","ping_status":"open","sticky":false,"template":"","format":"standard","meta":{"footnotes":""},"categories":[1],"tags":[33,7,34,25,35,2],"class_list":["post-254","post","type-post","status-publish","format-standard","has-post-thumbnail","hentry","category-im-ausland","tag-40-jahre-foyer","tag-kara","tag-krankenhaus","tag-lome","tag-strand","tag-togo"],"yoast_head":"<!-- This site is optimized with the Yoast SEO plugin v25.3.1 - https:\/\/yoast.com\/wordpress\/plugins\/seo\/ -->\n<title>Ganz viel Freude und ein wenig Frust - Du (\u00e9) au kou\u00e9<\/title>\n<meta name=\"robots\" content=\"index, follow, max-snippet:-1, max-image-preview:large, max-video-preview:-1\" \/>\n<link rel=\"canonical\" href=\"https:\/\/blogs.donboscovolunteers.de\/dueaukoue\/2026\/03\/13\/ganz-viel-freude-und-ein-wenig-frust\/\" \/>\n<meta property=\"og:locale\" content=\"de_DE\" \/>\n<meta property=\"og:type\" content=\"article\" \/>\n<meta property=\"og:title\" content=\"Ganz viel Freude und ein wenig Frust - Du (\u00e9) au kou\u00e9\" \/>\n<meta property=\"og:description\" content=\"On se d\u00e9brouille Vierzig Jahre ist es her, dass das Foyer Immacul\u00e9e Conception von spanischen Salesianern gegr\u00fcndet wurde. Damit hat es angefangen. Im Laufe der Jahre wurde das hiesige Don-Bosco-Werk immer gr\u00f6\u00dfer: Das Foyer Jean Paul II, das Coll\u00e8ge et Lyc\u00e9e Don Bosco, das Centre de Formation Professionnelle et Technique Don Bosco, das Internat und [&hellip;]\" \/>\n<meta property=\"og:url\" content=\"https:\/\/blogs.donboscovolunteers.de\/dueaukoue\/2026\/03\/13\/ganz-viel-freude-und-ein-wenig-frust\/\" \/>\n<meta property=\"og:site_name\" content=\"Du (\u00e9) au kou\u00e9\" \/>\n<meta property=\"article:published_time\" content=\"2026-03-13T11:12:56+00:00\" \/>\n<meta property=\"article:modified_time\" content=\"2026-03-13T13:54:31+00:00\" \/>\n<meta property=\"og:image\" content=\"https:\/\/blogs.donboscovolunteers.de\/dueaukoue\/wp-content\/uploads\/sites\/21746\/2026\/03\/1000036845.jpg\" \/>\n\t<meta property=\"og:image:width\" content=\"1280\" \/>\n\t<meta property=\"og:image:height\" content=\"960\" \/>\n\t<meta property=\"og:image:type\" content=\"image\/jpeg\" \/>\n<meta name=\"author\" content=\"Christine Gnan\" \/>\n<meta name=\"twitter:card\" content=\"summary_large_image\" \/>\n<meta name=\"twitter:label1\" content=\"Verfasst von\" \/>\n\t<meta name=\"twitter:data1\" content=\"Christine Gnan\" \/>\n\t<meta name=\"twitter:label2\" content=\"Gesch\u00e4tzte Lesezeit\" \/>\n\t<meta name=\"twitter:data2\" content=\"12\u00a0Minuten\" \/>\n<script type=\"application\/ld+json\" class=\"yoast-schema-graph\">{\"@context\":\"https:\/\/schema.org\",\"@graph\":[{\"@type\":\"WebPage\",\"@id\":\"https:\/\/blogs.donboscovolunteers.de\/dueaukoue\/2026\/03\/13\/ganz-viel-freude-und-ein-wenig-frust\/\",\"url\":\"https:\/\/blogs.donboscovolunteers.de\/dueaukoue\/2026\/03\/13\/ganz-viel-freude-und-ein-wenig-frust\/\",\"name\":\"Ganz viel Freude und ein wenig Frust - Du (\u00e9) au kou\u00e9\",\"isPartOf\":{\"@id\":\"https:\/\/blogs.donboscovolunteers.de\/dueaukoue\/#website\"},\"primaryImageOfPage\":{\"@id\":\"https:\/\/blogs.donboscovolunteers.de\/dueaukoue\/2026\/03\/13\/ganz-viel-freude-und-ein-wenig-frust\/#primaryimage\"},\"image\":{\"@id\":\"https:\/\/blogs.donboscovolunteers.de\/dueaukoue\/2026\/03\/13\/ganz-viel-freude-und-ein-wenig-frust\/#primaryimage\"},\"thumbnailUrl\":\"https:\/\/blogs.donboscovolunteers.de\/dueaukoue\/wp-content\/uploads\/sites\/21746\/2026\/03\/20260127_173023.jpg\",\"datePublished\":\"2026-03-13T11:12:56+00:00\",\"dateModified\":\"2026-03-13T13:54:31+00:00\",\"author\":{\"@id\":\"https:\/\/blogs.donboscovolunteers.de\/dueaukoue\/#\/schema\/person\/f9ed34248974a37716f54b541b1d65b4\"},\"breadcrumb\":{\"@id\":\"https:\/\/blogs.donboscovolunteers.de\/dueaukoue\/2026\/03\/13\/ganz-viel-freude-und-ein-wenig-frust\/#breadcrumb\"},\"inLanguage\":\"de\",\"potentialAction\":[{\"@type\":\"ReadAction\",\"target\":[\"https:\/\/blogs.donboscovolunteers.de\/dueaukoue\/2026\/03\/13\/ganz-viel-freude-und-ein-wenig-frust\/\"]}]},{\"@type\":\"ImageObject\",\"inLanguage\":\"de\",\"@id\":\"https:\/\/blogs.donboscovolunteers.de\/dueaukoue\/2026\/03\/13\/ganz-viel-freude-und-ein-wenig-frust\/#primaryimage\",\"url\":\"https:\/\/blogs.donboscovolunteers.de\/dueaukoue\/wp-content\/uploads\/sites\/21746\/2026\/03\/20260127_173023.jpg\",\"contentUrl\":\"https:\/\/blogs.donboscovolunteers.de\/dueaukoue\/wp-content\/uploads\/sites\/21746\/2026\/03\/20260127_173023.jpg\",\"width\":1280,\"height\":960},{\"@type\":\"BreadcrumbList\",\"@id\":\"https:\/\/blogs.donboscovolunteers.de\/dueaukoue\/2026\/03\/13\/ganz-viel-freude-und-ein-wenig-frust\/#breadcrumb\",\"itemListElement\":[{\"@type\":\"ListItem\",\"position\":1,\"name\":\"Startseite\",\"item\":\"https:\/\/blogs.donboscovolunteers.de\/dueaukoue\/\"},{\"@type\":\"ListItem\",\"position\":2,\"name\":\"Ganz viel Freude und ein wenig Frust\"}]},{\"@type\":\"WebSite\",\"@id\":\"https:\/\/blogs.donboscovolunteers.de\/dueaukoue\/#website\",\"url\":\"https:\/\/blogs.donboscovolunteers.de\/dueaukoue\/\",\"name\":\"Du (\u00e9) au kou\u00e9\",\"description\":\"\",\"potentialAction\":[{\"@type\":\"SearchAction\",\"target\":{\"@type\":\"EntryPoint\",\"urlTemplate\":\"https:\/\/blogs.donboscovolunteers.de\/dueaukoue\/?s={search_term_string}\"},\"query-input\":{\"@type\":\"PropertyValueSpecification\",\"valueRequired\":true,\"valueName\":\"search_term_string\"}}],\"inLanguage\":\"de\"},{\"@type\":\"Person\",\"@id\":\"https:\/\/blogs.donboscovolunteers.de\/dueaukoue\/#\/schema\/person\/f9ed34248974a37716f54b541b1d65b4\",\"name\":\"Christine Gnan\",\"image\":{\"@type\":\"ImageObject\",\"inLanguage\":\"de\",\"@id\":\"https:\/\/blogs.donboscovolunteers.de\/dueaukoue\/#\/schema\/person\/image\/\",\"url\":\"https:\/\/secure.gravatar.com\/avatar\/ce1d26db8cfa1c60c8aeef914108f610a23d7a972c346d730f42137f39c9c05e?s=96&d=mm&r=g\",\"contentUrl\":\"https:\/\/secure.gravatar.com\/avatar\/ce1d26db8cfa1c60c8aeef914108f610a23d7a972c346d730f42137f39c9c05e?s=96&d=mm&r=g\",\"caption\":\"Christine Gnan\"},\"url\":\"https:\/\/blogs.donboscovolunteers.de\/dueaukoue\/author\/christinegnan\/\"}]}<\/script>\n<!-- \/ Yoast SEO plugin. -->","yoast_head_json":{"title":"Ganz viel Freude und ein wenig Frust - Du (\u00e9) au kou\u00e9","robots":{"index":"index","follow":"follow","max-snippet":"max-snippet:-1","max-image-preview":"max-image-preview:large","max-video-preview":"max-video-preview:-1"},"canonical":"https:\/\/blogs.donboscovolunteers.de\/dueaukoue\/2026\/03\/13\/ganz-viel-freude-und-ein-wenig-frust\/","og_locale":"de_DE","og_type":"article","og_title":"Ganz viel Freude und ein wenig Frust - Du (\u00e9) au kou\u00e9","og_description":"On se d\u00e9brouille Vierzig Jahre ist es her, dass das Foyer Immacul\u00e9e Conception von spanischen Salesianern gegr\u00fcndet wurde. Damit hat es angefangen. Im Laufe der Jahre wurde das hiesige Don-Bosco-Werk immer gr\u00f6\u00dfer: Das Foyer Jean Paul II, das Coll\u00e8ge et Lyc\u00e9e Don Bosco, das Centre de Formation Professionnelle et Technique Don Bosco, das Internat und [&hellip;]","og_url":"https:\/\/blogs.donboscovolunteers.de\/dueaukoue\/2026\/03\/13\/ganz-viel-freude-und-ein-wenig-frust\/","og_site_name":"Du (\u00e9) au kou\u00e9","article_published_time":"2026-03-13T11:12:56+00:00","article_modified_time":"2026-03-13T13:54:31+00:00","og_image":[{"width":1280,"height":960,"url":"https:\/\/blogs.donboscovolunteers.de\/dueaukoue\/wp-content\/uploads\/sites\/21746\/2026\/03\/1000036845.jpg","type":"image\/jpeg"}],"author":"Christine Gnan","twitter_card":"summary_large_image","twitter_misc":{"Verfasst von":"Christine Gnan","Gesch\u00e4tzte Lesezeit":"12\u00a0Minuten"},"schema":{"@context":"https:\/\/schema.org","@graph":[{"@type":"WebPage","@id":"https:\/\/blogs.donboscovolunteers.de\/dueaukoue\/2026\/03\/13\/ganz-viel-freude-und-ein-wenig-frust\/","url":"https:\/\/blogs.donboscovolunteers.de\/dueaukoue\/2026\/03\/13\/ganz-viel-freude-und-ein-wenig-frust\/","name":"Ganz viel Freude und ein wenig Frust - Du (\u00e9) au kou\u00e9","isPartOf":{"@id":"https:\/\/blogs.donboscovolunteers.de\/dueaukoue\/#website"},"primaryImageOfPage":{"@id":"https:\/\/blogs.donboscovolunteers.de\/dueaukoue\/2026\/03\/13\/ganz-viel-freude-und-ein-wenig-frust\/#primaryimage"},"image":{"@id":"https:\/\/blogs.donboscovolunteers.de\/dueaukoue\/2026\/03\/13\/ganz-viel-freude-und-ein-wenig-frust\/#primaryimage"},"thumbnailUrl":"https:\/\/blogs.donboscovolunteers.de\/dueaukoue\/wp-content\/uploads\/sites\/21746\/2026\/03\/20260127_173023.jpg","datePublished":"2026-03-13T11:12:56+00:00","dateModified":"2026-03-13T13:54:31+00:00","author":{"@id":"https:\/\/blogs.donboscovolunteers.de\/dueaukoue\/#\/schema\/person\/f9ed34248974a37716f54b541b1d65b4"},"breadcrumb":{"@id":"https:\/\/blogs.donboscovolunteers.de\/dueaukoue\/2026\/03\/13\/ganz-viel-freude-und-ein-wenig-frust\/#breadcrumb"},"inLanguage":"de","potentialAction":[{"@type":"ReadAction","target":["https:\/\/blogs.donboscovolunteers.de\/dueaukoue\/2026\/03\/13\/ganz-viel-freude-und-ein-wenig-frust\/"]}]},{"@type":"ImageObject","inLanguage":"de","@id":"https:\/\/blogs.donboscovolunteers.de\/dueaukoue\/2026\/03\/13\/ganz-viel-freude-und-ein-wenig-frust\/#primaryimage","url":"https:\/\/blogs.donboscovolunteers.de\/dueaukoue\/wp-content\/uploads\/sites\/21746\/2026\/03\/20260127_173023.jpg","contentUrl":"https:\/\/blogs.donboscovolunteers.de\/dueaukoue\/wp-content\/uploads\/sites\/21746\/2026\/03\/20260127_173023.jpg","width":1280,"height":960},{"@type":"BreadcrumbList","@id":"https:\/\/blogs.donboscovolunteers.de\/dueaukoue\/2026\/03\/13\/ganz-viel-freude-und-ein-wenig-frust\/#breadcrumb","itemListElement":[{"@type":"ListItem","position":1,"name":"Startseite","item":"https:\/\/blogs.donboscovolunteers.de\/dueaukoue\/"},{"@type":"ListItem","position":2,"name":"Ganz viel Freude und ein wenig Frust"}]},{"@type":"WebSite","@id":"https:\/\/blogs.donboscovolunteers.de\/dueaukoue\/#website","url":"https:\/\/blogs.donboscovolunteers.de\/dueaukoue\/","name":"Du (\u00e9) au kou\u00e9","description":"","potentialAction":[{"@type":"SearchAction","target":{"@type":"EntryPoint","urlTemplate":"https:\/\/blogs.donboscovolunteers.de\/dueaukoue\/?s={search_term_string}"},"query-input":{"@type":"PropertyValueSpecification","valueRequired":true,"valueName":"search_term_string"}}],"inLanguage":"de"},{"@type":"Person","@id":"https:\/\/blogs.donboscovolunteers.de\/dueaukoue\/#\/schema\/person\/f9ed34248974a37716f54b541b1d65b4","name":"Christine Gnan","image":{"@type":"ImageObject","inLanguage":"de","@id":"https:\/\/blogs.donboscovolunteers.de\/dueaukoue\/#\/schema\/person\/image\/","url":"https:\/\/secure.gravatar.com\/avatar\/ce1d26db8cfa1c60c8aeef914108f610a23d7a972c346d730f42137f39c9c05e?s=96&d=mm&r=g","contentUrl":"https:\/\/secure.gravatar.com\/avatar\/ce1d26db8cfa1c60c8aeef914108f610a23d7a972c346d730f42137f39c9c05e?s=96&d=mm&r=g","caption":"Christine Gnan"},"url":"https:\/\/blogs.donboscovolunteers.de\/dueaukoue\/author\/christinegnan\/"}]}},"_links":{"self":[{"href":"https:\/\/blogs.donboscovolunteers.de\/dueaukoue\/wp-json\/wp\/v2\/posts\/254","targetHints":{"allow":["GET"]}}],"collection":[{"href":"https:\/\/blogs.donboscovolunteers.de\/dueaukoue\/wp-json\/wp\/v2\/posts"}],"about":[{"href":"https:\/\/blogs.donboscovolunteers.de\/dueaukoue\/wp-json\/wp\/v2\/types\/post"}],"author":[{"embeddable":true,"href":"https:\/\/blogs.donboscovolunteers.de\/dueaukoue\/wp-json\/wp\/v2\/users\/21852"}],"replies":[{"embeddable":true,"href":"https:\/\/blogs.donboscovolunteers.de\/dueaukoue\/wp-json\/wp\/v2\/comments?post=254"}],"version-history":[{"count":22,"href":"https:\/\/blogs.donboscovolunteers.de\/dueaukoue\/wp-json\/wp\/v2\/posts\/254\/revisions"}],"predecessor-version":[{"id":389,"href":"https:\/\/blogs.donboscovolunteers.de\/dueaukoue\/wp-json\/wp\/v2\/posts\/254\/revisions\/389"}],"wp:featuredmedia":[{"embeddable":true,"href":"https:\/\/blogs.donboscovolunteers.de\/dueaukoue\/wp-json\/wp\/v2\/media\/309"}],"wp:attachment":[{"href":"https:\/\/blogs.donboscovolunteers.de\/dueaukoue\/wp-json\/wp\/v2\/media?parent=254"}],"wp:term":[{"taxonomy":"category","embeddable":true,"href":"https:\/\/blogs.donboscovolunteers.de\/dueaukoue\/wp-json\/wp\/v2\/categories?post=254"},{"taxonomy":"post_tag","embeddable":true,"href":"https:\/\/blogs.donboscovolunteers.de\/dueaukoue\/wp-json\/wp\/v2\/tags?post=254"}],"curies":[{"name":"wp","href":"https:\/\/api.w.org\/{rel}","templated":true}]}}