{"id":28,"date":"2017-09-01T09:38:29","date_gmt":"2017-09-01T07:38:29","guid":{"rendered":"https:\/\/blogs.donboscovolunteers.de\/danielinsambia\/?p=28"},"modified":"2017-11-16T11:21:29","modified_gmt":"2017-11-16T10:21:29","slug":"ein-rueckblick","status":"publish","type":"post","link":"https:\/\/blogs.donboscovolunteers.de\/danielinsambia\/2017\/09\/01\/ein-rueckblick\/","title":{"rendered":"Ein R\u00fcckblick"},"content":{"rendered":"<p>Hallo,<\/p>\n<p>meine Ausreise r\u00fcckt immer n\u00e4her und somit gibt es momentan  bei mir, ein wie ich denke typisches Gef\u00fchlschaos aus riesen gro\u00dfer Vorfreude auf dieses spannende Jahr, aber auch teilweise schwierigen Abschieden, von lieb gewonnen Menschen aber auch von Werten, Gegenst\u00e4nden und Landschaften,  die nicht  alle in meinen  Koffer passen. Koffer packen ist somit ein Symbol f\u00fcr den Aufbruch und eine Vorausdeutung auf das gesamte Jahr. Da ich nicht alles aus meiner bisher gekannten Welt &#8222;mitnehmen&#8220; kann, muss ich vieles zur\u00fcck lassen und lasse somit auch Platz, um neu Erlebtes nach dem Jahr wieder mitzunehmen. Auch bei diesem zweiten Abschied wird also wieder vieles da bleiben m\u00fcssen, so wie es im Kleinen Tag t\u00e4glich passiert. Ich meine hiermit nicht wirklich irgend einen Koffer als Gegenstand, sondern unsern wichtigsten Informationsspeicher, den wir immer bei uns haben. Ich meine nat\u00fcrlich  das Gehirn. Jetzt m\u00f6chte ich jedoch nochmal einen kurzen R\u00fcckblick auf meine gesamte Vorbereitungszeit vollf\u00fchren. <\/p>\n<p>Angefangen hat eigentlich alles mit der in der Schule ab und an gestellten Frage: &#8222;Abi, was dann?&#8220; Da ich mir damals wie auch noch heute unsicher war, f\u00fcr welchen Studiengang oder Ausbildungsplatz ich mich entscheiden solle, kam mir die Idee einer Auszeit von Schule und Alltag in den Sinn. Dennoch wollte ich diese Zeit sinnvoll nutzen. Daher kam ich auf einen <a href=\"https:\/\/www.donboscovolunteers.de\/\">Freiwilligendienst<\/a>, von dem ich mir verspreche, dass ich benachteiligten Kindern und Jugendlichen ein St\u00fcck Halt und mehr Lebensfreude, sowie eine gute Bildung, zusammen mit dem restlichen Betreuer- und Lehrerteam geben kann. Auch m\u00f6chte ich dadurch  einen umfangreicheren Blick auf die Welt bekommen, aber auch einiges \u00fcber  mich  selber lernen.<\/p>\n<p>Beworbenen habe ich mich kurz nach den Herbstferien 2016. Wobei ich in diesen schon meine eigenen Schreiben und die Referenzschreiben vorbereitet habe. Allgemein setzt man sich auch schon w\u00e4hrend der Bewerbungsphase stark mit dem Freiwilligendienst auseinander.<br \/>\nDie Einladung zum Bewerberseminar nach J\u00fcnkerath kam nach dem Abschicken der Bewerbungsunterlagen schnell. Dieses war an einem Adventwochenende, an dem man die anderen Bewerber kennlernte, mehr \u00fcber den Freiwilligendienst erfuhr und Einzelgespr\u00e4che mit dem Freiwilligendienst-Koordinator f\u00fchrte.<br \/>\nEine Weile nach dem Seminar kam dann die endg\u00fcltige Best\u00e4tigung,  dass man mit <a href=\"https:\/\/www.donboscomission.de\/don-bosco\/\">Don Bosco<\/a> einen Freiwilligendienst absolvieren darf. Dies war nat\u00fcrlich mein Ziel, dennoch wurde mir schnell klar, dass ich damit nur einen kleinen Schritt gemacht habe, denn die eigentlich entscheidende und wichtige Vorbereitungszeit stand mir noch bevor. Auch erste Zweifel kamen auf, doch diese verflogen schnell wieder. Das zweite Seminar, war dann schon im kommenden Jahr in Bornheim auf dem Walberberg. Auch der Besuch beim Don Bosco Forum in Bonn lies uns sp\u00fcren, dass wir jetzt  ein Teil der Don Bosco Familie sind. Nach diesem Seminar, gab es in Sachen Vorbereitungen eine Pause. Nicht weil wir keine Lust mehr hatten, sondern weil fast alle, wie auch ich unsere Abiturpr\u00fcfungen schreiben mussten. <\/p>\n<p>Einiges musste dennoch erledigt werden, erste Impfungen, eine n\u00e4here Auseinandersetzung mit dem Leben von Johannes Bosco und die Aktualisierung der Reisedokumente standen auf der Agenda. Kurz nach meinen Pr\u00fcfungen bekamen wir dann die hei\u00df ersehnte Zuteilung auf die Einrichtungen. Zum ersten Mal wusste ich dann, dass es f\u00fcr mich mit Josef nach Mansa in Sambia gehen wird. Nat\u00fcrlich konnte ich keine Minute warte, um mehr \u00fcber die Einrichtung vor Ort und das Land zu erfahren. Erst nach den Pr\u00fcfungen ging es im Kloster Benediktbeuern weiter, wo wir auch  die Volont\u00e4re aus Bayern und Baden-W\u00fcrttemberg trafen. Dort lernten wir unter anderem schon mehr \u00fcber unsere Einsatzl\u00e4nder, die Einrichtungen vor Ort und die P\u00e4dagogik Don Boscos sowie vieles mehr<a href=\"https:\/\/www.donboscomission.de\/don-bosco\/paedagogik\/\">P\u00e4dagogik Don Boscos<\/a>ch dem Seminar absolvierte ich mein zwei w\u00f6chiges Praktikum im Don Bosco Club K\u00f6ln. Auch dieses Praktikum geh\u00f6rt zur Vorbereitung auf den Freiwilligendienst.  Allgemein gefiel mir das Praktikum sehr gut, bei dem ich mehr \u00fcber das Arbeiten mit Kindern und Jugendlichen in einer Don Bosco Einrichtung erfuhr. <\/p>\n<p>In dieser Zeit musste ich mich auch um weitere Impfungen k\u00fcmmern.  Insgesamt habe ich mich gegen Hepatitis A (relativ fr\u00fch impfen!) ,Typhus, Meningokokken, Cholera ,Hepatitis B, Tollwut und Gelbfieber impfen lassen. Um die Impfungen in ihren vorgeschriebenen Intervallen durchf\u00fchren zu k\u00f6nnen, sollte man damit fr\u00fch genug anfangen. Auch musste ich dann mein polizeiliches F\u00fchrungszeugnis beantragen, sowie mich um die Pausierung meines Mobilfunkvertrags k\u00fcmmern. Am Ende meines Praktikums erfuhr ich, dass ich leider noch in zwei m\u00fcndliche Abi Nachpr\u00fcfungen gehen m\u00fcsse, was mich nat\u00fcrlich \u00e4rgerte, vor allem da in der Vorbereitungszeit auf die Pr\u00fcfungen unser letztes Vorbereitugsseminar lag. Ich entschied mich dennoch zu unserem letzten Seminar nach J\u00fcnkerath zu fahren. In jeder freien Minute lernte ich dort zusammen mit anderen Volont\u00e4ren, die mir bei der Vorbereitung auf meine Mathematik- und Sowi\/Wirtschaft- Nachpr\u00fcfungen halfen. Das Seminar endete mit einer Aussendungsfeier und einem Gottesdienst in Bonn. Von vielen Volont\u00e4ren und Betreuern mussten wir uns verabschieden, da wir sie ein ganzes Jahr lang nicht mehr sehen werden. Die Entlass Feier musste ich leider fr\u00fchzeitig verlassen, um rechtzeitig zu meinen Nachpr\u00fcfungen zu gehen. Zum Gl\u00fcck hat sich alle M\u00fche w\u00e4hrend der Vorbereitung ausgezahlt und so, erreichte ich den angestrebten, verbesserten Abiturschnitt.<br \/>\nDanach feierten wir erstmal unser bestandenes Abitur und eine Woche sp\u00e4ter fuhr ich mit meiner Familie ins Pitztal in Urlaub. Auch nach dem sehr erholsamen Urlaub war noch Vieles zu erledigen, so musste ich mich noch bei Vereinen abmelden, mich um ein in Sambia erreichbares Konto k\u00fcmmern und noch letzte Besorgungen f\u00fcr meinen Freiwilligendienst t\u00e4tigen. Auch bin ich schon w\u00e4hlen gegangen, da ich wie gesagt w\u00e4hrend der Bundestagswahl schon in Sambia bin. Au\u00dferdem musste ich mich, wie auch weiterhin um Spenden f\u00fcr mein FsJ k\u00fcmmern und lies unter anderem einen Artikel f\u00fcr den General Anzeiger schreiben. Diesen Zeitungsartikel k\u00f6nnt ihr unter folgenden Link gerne anschauen: <a href=\"http:\/\/www.general-anzeiger-bonn.de\/region\/siebengebierge\/bad-honnef\/Bad-Honnefer-absolviert-Freiwilligendienst-in-Afrika-article3638832.html\" target=\"_blank\">http:\/\/www.general-anzeiger-bonn.de\/region\/siebengebierge\/bad-honnef\/Bad-Honnefer-absolviert-Freiwilligendienst-in-Afrika-article3638832.html<\/a><br \/>\nJetzt hei\u00dft es noch Koffer packen und von den Liebsten verabschieden, denn am Mittwoch den 06.09. geht es ab Frankfurt mit KLM, durchgef\u00fchrt von KLM-Cittyhopper und Kenya Airways endlich los.<\/p>\n<p>Euch alles Gute und hoffentlich bis bald!<\/p>\n<p>Euer Daniel<\/p>\n","protected":false},"excerpt":{"rendered":"<p>Hallo, meine Ausreise r\u00fcckt immer n\u00e4her und somit gibt es momentan bei mir, ein wie ich denke typisches Gef\u00fchlschaos aus riesen gro\u00dfer Vorfreude auf dieses spannende Jahr, aber auch teilweise schwierigen Abschieden, von lieb gewonnen Menschen aber auch von Werten, Gegenst\u00e4nden und Landschaften, die nicht alle in meinen Koffer passen. Koffer packen ist somit ein [&hellip;]<\/p>\n","protected":false},"author":21551,"featured_media":0,"comment_status":"open","ping_status":"open","sticky":false,"template":"","format":"standard","meta":{"footnotes":""},"categories":[1],"tags":[6,7,8,9],"class_list":["post-28","post","type-post","status-publish","format-standard","hentry","category-allgemein","tag-don-bosco","tag-freiwilligendienst","tag-vorbereitung","tag-vorbereitungsseminar"],"yoast_head":"<!-- This site is optimized with the Yoast SEO plugin v25.3.1 - https:\/\/yoast.com\/wordpress\/plugins\/seo\/ -->\n<title>Ein R\u00fcckblick - Daniel in Sambia<\/title>\n<meta name=\"robots\" content=\"index, follow, max-snippet:-1, max-image-preview:large, max-video-preview:-1\" \/>\n<link rel=\"canonical\" href=\"https:\/\/blogs.donboscovolunteers.de\/danielinsambia\/2017\/09\/01\/ein-rueckblick\/\" \/>\n<meta property=\"og:locale\" content=\"de_DE\" \/>\n<meta property=\"og:type\" content=\"article\" \/>\n<meta property=\"og:title\" content=\"Ein R\u00fcckblick - Daniel in Sambia\" \/>\n<meta property=\"og:description\" content=\"Hallo, meine Ausreise r\u00fcckt immer n\u00e4her und somit gibt es momentan bei mir, ein wie ich denke typisches Gef\u00fchlschaos aus riesen gro\u00dfer Vorfreude auf dieses spannende Jahr, aber auch teilweise schwierigen Abschieden, von lieb gewonnen Menschen aber auch von Werten, Gegenst\u00e4nden und Landschaften, die nicht alle in meinen Koffer passen. Koffer packen ist somit ein [&hellip;]\" \/>\n<meta property=\"og:url\" content=\"https:\/\/blogs.donboscovolunteers.de\/danielinsambia\/2017\/09\/01\/ein-rueckblick\/\" \/>\n<meta property=\"og:site_name\" content=\"Daniel in Sambia\" \/>\n<meta property=\"article:published_time\" content=\"2017-09-01T07:38:29+00:00\" \/>\n<meta property=\"article:modified_time\" content=\"2017-11-16T10:21:29+00:00\" \/>\n<meta name=\"author\" content=\"Daniel Thielges\" \/>\n<meta name=\"twitter:card\" content=\"summary_large_image\" \/>\n<meta name=\"twitter:label1\" content=\"Verfasst von\" \/>\n\t<meta name=\"twitter:data1\" content=\"Daniel Thielges\" \/>\n\t<meta name=\"twitter:label2\" content=\"Gesch\u00e4tzte Lesezeit\" \/>\n\t<meta name=\"twitter:data2\" content=\"5\u00a0Minuten\" \/>\n<script type=\"application\/ld+json\" class=\"yoast-schema-graph\">{\"@context\":\"https:\/\/schema.org\",\"@graph\":[{\"@type\":\"WebPage\",\"@id\":\"https:\/\/blogs.donboscovolunteers.de\/danielinsambia\/2017\/09\/01\/ein-rueckblick\/\",\"url\":\"https:\/\/blogs.donboscovolunteers.de\/danielinsambia\/2017\/09\/01\/ein-rueckblick\/\",\"name\":\"Ein R\u00fcckblick - Daniel in Sambia\",\"isPartOf\":{\"@id\":\"https:\/\/blogs.donboscovolunteers.de\/danielinsambia\/#website\"},\"datePublished\":\"2017-09-01T07:38:29+00:00\",\"dateModified\":\"2017-11-16T10:21:29+00:00\",\"author\":{\"@id\":\"https:\/\/blogs.donboscovolunteers.de\/danielinsambia\/#\/schema\/person\/5c4e3e8a640bce625d863420dec4763b\"},\"breadcrumb\":{\"@id\":\"https:\/\/blogs.donboscovolunteers.de\/danielinsambia\/2017\/09\/01\/ein-rueckblick\/#breadcrumb\"},\"inLanguage\":\"de\",\"potentialAction\":[{\"@type\":\"ReadAction\",\"target\":[\"https:\/\/blogs.donboscovolunteers.de\/danielinsambia\/2017\/09\/01\/ein-rueckblick\/\"]}]},{\"@type\":\"BreadcrumbList\",\"@id\":\"https:\/\/blogs.donboscovolunteers.de\/danielinsambia\/2017\/09\/01\/ein-rueckblick\/#breadcrumb\",\"itemListElement\":[{\"@type\":\"ListItem\",\"position\":1,\"name\":\"Startseite\",\"item\":\"https:\/\/blogs.donboscovolunteers.de\/danielinsambia\/\"},{\"@type\":\"ListItem\",\"position\":2,\"name\":\"Ein R\u00fcckblick\"}]},{\"@type\":\"WebSite\",\"@id\":\"https:\/\/blogs.donboscovolunteers.de\/danielinsambia\/#website\",\"url\":\"https:\/\/blogs.donboscovolunteers.de\/danielinsambia\/\",\"name\":\"Daniel in Sambia\",\"description\":\"Autor: Daniel Thielges\",\"potentialAction\":[{\"@type\":\"SearchAction\",\"target\":{\"@type\":\"EntryPoint\",\"urlTemplate\":\"https:\/\/blogs.donboscovolunteers.de\/danielinsambia\/?s={search_term_string}\"},\"query-input\":{\"@type\":\"PropertyValueSpecification\",\"valueRequired\":true,\"valueName\":\"search_term_string\"}}],\"inLanguage\":\"de\"},{\"@type\":\"Person\",\"@id\":\"https:\/\/blogs.donboscovolunteers.de\/danielinsambia\/#\/schema\/person\/5c4e3e8a640bce625d863420dec4763b\",\"name\":\"Daniel Thielges\",\"image\":{\"@type\":\"ImageObject\",\"inLanguage\":\"de\",\"@id\":\"https:\/\/blogs.donboscovolunteers.de\/danielinsambia\/#\/schema\/person\/image\/\",\"url\":\"https:\/\/secure.gravatar.com\/avatar\/0dd899f5e980bf563cbb7463cd6cf063ef51cff815b148115f22dc84a5fa17a9?s=96&d=mm&r=g\",\"contentUrl\":\"https:\/\/secure.gravatar.com\/avatar\/0dd899f5e980bf563cbb7463cd6cf063ef51cff815b148115f22dc84a5fa17a9?s=96&d=mm&r=g\",\"caption\":\"Daniel Thielges\"},\"url\":\"https:\/\/blogs.donboscovolunteers.de\/danielinsambia\/author\/danielthielges\/\"}]}<\/script>\n<!-- \/ Yoast SEO plugin. -->","yoast_head_json":{"title":"Ein R\u00fcckblick - Daniel in Sambia","robots":{"index":"index","follow":"follow","max-snippet":"max-snippet:-1","max-image-preview":"max-image-preview:large","max-video-preview":"max-video-preview:-1"},"canonical":"https:\/\/blogs.donboscovolunteers.de\/danielinsambia\/2017\/09\/01\/ein-rueckblick\/","og_locale":"de_DE","og_type":"article","og_title":"Ein R\u00fcckblick - Daniel in Sambia","og_description":"Hallo, meine Ausreise r\u00fcckt immer n\u00e4her und somit gibt es momentan bei mir, ein wie ich denke typisches Gef\u00fchlschaos aus riesen gro\u00dfer Vorfreude auf dieses spannende Jahr, aber auch teilweise schwierigen Abschieden, von lieb gewonnen Menschen aber auch von Werten, Gegenst\u00e4nden und Landschaften, die nicht alle in meinen Koffer passen. Koffer packen ist somit ein [&hellip;]","og_url":"https:\/\/blogs.donboscovolunteers.de\/danielinsambia\/2017\/09\/01\/ein-rueckblick\/","og_site_name":"Daniel in Sambia","article_published_time":"2017-09-01T07:38:29+00:00","article_modified_time":"2017-11-16T10:21:29+00:00","author":"Daniel Thielges","twitter_card":"summary_large_image","twitter_misc":{"Verfasst von":"Daniel Thielges","Gesch\u00e4tzte Lesezeit":"5\u00a0Minuten"},"schema":{"@context":"https:\/\/schema.org","@graph":[{"@type":"WebPage","@id":"https:\/\/blogs.donboscovolunteers.de\/danielinsambia\/2017\/09\/01\/ein-rueckblick\/","url":"https:\/\/blogs.donboscovolunteers.de\/danielinsambia\/2017\/09\/01\/ein-rueckblick\/","name":"Ein R\u00fcckblick - Daniel in Sambia","isPartOf":{"@id":"https:\/\/blogs.donboscovolunteers.de\/danielinsambia\/#website"},"datePublished":"2017-09-01T07:38:29+00:00","dateModified":"2017-11-16T10:21:29+00:00","author":{"@id":"https:\/\/blogs.donboscovolunteers.de\/danielinsambia\/#\/schema\/person\/5c4e3e8a640bce625d863420dec4763b"},"breadcrumb":{"@id":"https:\/\/blogs.donboscovolunteers.de\/danielinsambia\/2017\/09\/01\/ein-rueckblick\/#breadcrumb"},"inLanguage":"de","potentialAction":[{"@type":"ReadAction","target":["https:\/\/blogs.donboscovolunteers.de\/danielinsambia\/2017\/09\/01\/ein-rueckblick\/"]}]},{"@type":"BreadcrumbList","@id":"https:\/\/blogs.donboscovolunteers.de\/danielinsambia\/2017\/09\/01\/ein-rueckblick\/#breadcrumb","itemListElement":[{"@type":"ListItem","position":1,"name":"Startseite","item":"https:\/\/blogs.donboscovolunteers.de\/danielinsambia\/"},{"@type":"ListItem","position":2,"name":"Ein R\u00fcckblick"}]},{"@type":"WebSite","@id":"https:\/\/blogs.donboscovolunteers.de\/danielinsambia\/#website","url":"https:\/\/blogs.donboscovolunteers.de\/danielinsambia\/","name":"Daniel in Sambia","description":"Autor: Daniel Thielges","potentialAction":[{"@type":"SearchAction","target":{"@type":"EntryPoint","urlTemplate":"https:\/\/blogs.donboscovolunteers.de\/danielinsambia\/?s={search_term_string}"},"query-input":{"@type":"PropertyValueSpecification","valueRequired":true,"valueName":"search_term_string"}}],"inLanguage":"de"},{"@type":"Person","@id":"https:\/\/blogs.donboscovolunteers.de\/danielinsambia\/#\/schema\/person\/5c4e3e8a640bce625d863420dec4763b","name":"Daniel Thielges","image":{"@type":"ImageObject","inLanguage":"de","@id":"https:\/\/blogs.donboscovolunteers.de\/danielinsambia\/#\/schema\/person\/image\/","url":"https:\/\/secure.gravatar.com\/avatar\/0dd899f5e980bf563cbb7463cd6cf063ef51cff815b148115f22dc84a5fa17a9?s=96&d=mm&r=g","contentUrl":"https:\/\/secure.gravatar.com\/avatar\/0dd899f5e980bf563cbb7463cd6cf063ef51cff815b148115f22dc84a5fa17a9?s=96&d=mm&r=g","caption":"Daniel Thielges"},"url":"https:\/\/blogs.donboscovolunteers.de\/danielinsambia\/author\/danielthielges\/"}]}},"_links":{"self":[{"href":"https:\/\/blogs.donboscovolunteers.de\/danielinsambia\/wp-json\/wp\/v2\/posts\/28","targetHints":{"allow":["GET"]}}],"collection":[{"href":"https:\/\/blogs.donboscovolunteers.de\/danielinsambia\/wp-json\/wp\/v2\/posts"}],"about":[{"href":"https:\/\/blogs.donboscovolunteers.de\/danielinsambia\/wp-json\/wp\/v2\/types\/post"}],"author":[{"embeddable":true,"href":"https:\/\/blogs.donboscovolunteers.de\/danielinsambia\/wp-json\/wp\/v2\/users\/21551"}],"replies":[{"embeddable":true,"href":"https:\/\/blogs.donboscovolunteers.de\/danielinsambia\/wp-json\/wp\/v2\/comments?post=28"}],"version-history":[{"count":9,"href":"https:\/\/blogs.donboscovolunteers.de\/danielinsambia\/wp-json\/wp\/v2\/posts\/28\/revisions"}],"predecessor-version":[{"id":32,"href":"https:\/\/blogs.donboscovolunteers.de\/danielinsambia\/wp-json\/wp\/v2\/posts\/28\/revisions\/32"}],"wp:attachment":[{"href":"https:\/\/blogs.donboscovolunteers.de\/danielinsambia\/wp-json\/wp\/v2\/media?parent=28"}],"wp:term":[{"taxonomy":"category","embeddable":true,"href":"https:\/\/blogs.donboscovolunteers.de\/danielinsambia\/wp-json\/wp\/v2\/categories?post=28"},{"taxonomy":"post_tag","embeddable":true,"href":"https:\/\/blogs.donboscovolunteers.de\/danielinsambia\/wp-json\/wp\/v2\/tags?post=28"}],"curies":[{"name":"wp","href":"https:\/\/api.w.org\/{rel}","templated":true}]}}