{"id":250,"date":"2018-07-25T11:14:46","date_gmt":"2018-07-25T09:14:46","guid":{"rendered":"https:\/\/blogs.donboscovolunteers.de\/danielinsambia\/?p=250"},"modified":"2018-08-28T03:19:52","modified_gmt":"2018-08-28T01:19:52","slug":"walk-of-faith","status":"publish","type":"post","link":"https:\/\/blogs.donboscovolunteers.de\/danielinsambia\/2018\/07\/25\/walk-of-faith\/","title":{"rendered":"Walk of Faith"},"content":{"rendered":"<p>Hallo und Muli shani?<br \/>\nIch bin wieder gut vom Walk of Faith und mit vielen neuen Erfahrungen und Begegnungen zur\u00fcck gekehrt. Am 30.6. fuhren wir mit 60 Kindern auf einem LKW in den Busch. Dicht gedr\u00e4ngt auf Huckelpisten mit 60 singenden Kindern und 15 Betreuern war auch dies schon ein Erlebnis. Die Strecke kannte ich schon, da ich mit Pater Chris diese zur Planung abgefahren war. Wir starteten an der Kirche in Kalaba, ca. 40 Kilometer von unserer Einrichtung entfernt. Von dort aus sind wir in drei Tagen zur\u00fcck zu unserer Einrichtung gepilgert.<\/p>\n<p>Bis zum Mittagessen hatten wir dort Talks und Spiele. Ich redete zum Beispiel \u00fcber das Beten und fand heraus, wie die Kinder im Glauben eingestellt sind. W\u00e4rend der Spiele lernten wir, uns einander zu vertrauen. So sind einzelne \u00fcber ein Seil balanciert, dass von der ganzen Gruppe gehalten wurde. Nach dem Mittagessen hatten wir 8 Kilometer Fu\u00dfmarsch vor uns. Diese bew\u00e4ltigten wir in knapp 2 Stunden, was wirklich ok ist, zumal manche trotz einer Altersbegrenzung von mindestens 11 Jahren, erst acht Jahre alt waren. Ich \u00fcbernahm das Ende, nicht weil ich so langsam war, was manche mir nachher tats\u00e4chlich vorwarfen, sondern um denen zu helfen, die sich schwerer taten. So trug ich fast die ganze Zeit zus\u00e4tzliches Gep\u00e4ck und manchmal auch Kinder. Trotzdem war die Stimmung auch am Ende sehr gut. Wir sangen und tanzten w\u00e4rend des Laufens zusammen, oder beteten manchmal gemeinsam. Nach unserer Ankunft in der Kirche von Mutento wuschen wir uns im Fluss, sa\u00dfen gemeinsam am Feuer, sangen, tanzten und a\u00dfen gemeinsam zu Abend. Die Nacht in der Kirche war \u00e4u\u00dferst kalt. Trotz Decken und mehrer Schichten Klamotten fror ich irgendwann so stark, sodass ich nicht mehr weiterschlafen konnte. Die Kirche war n\u00e4mlich nicht ged\u00e4mmt, statt Fenstern gab es einfach gro\u00dfe Hohlr\u00e4ume nach drau\u00dfen, durch die der Wind blie\u00df und die Temperatur fiel in der Nacht unter 10 Grad Celsius. Auch das Aufstehen kostete mich einige \u00dcberwindung, doch nachdem ich mich am Feuer einigerma\u00dfen gew\u00e4rmt hatte, ging es einigerma\u00dfen.<\/p>\n<p>Direkt nach dem Fr\u00fchst\u00fcck machten wir uns zu der mit 17 Kilometern l\u00e4ngsten Etappe nach Mutiti auf. Dabei riss unsere Gruppe nat\u00fcrlich relativ stark auseinander. Auch wenn wir hinten alles daran setzten, wieder nach vorne aufzuschlie\u00dfen, war f\u00fcr die Kleineren und etwas l\u00e4dierten Kinder das von vorne vorgegebene z\u00fcgige Tempo nicht zuhalten. Nach gut 4 Stunden erreichten aber auch wir das Ziel, also nach einer immer noch sehr akzeptablen Zeit. Danach war ich gerade durch das zus\u00e4tzliche Gep\u00e4ck ziemlich platt und ruhte mich im Schatten eines Baumes aus. Nach einer typischen Buschdusche und mehreren Stunden Wartezeit gab es das von allen lang ersehnte Mittagessen. Den restlichen Nachmittag f\u00fcllten wir mit Bibel Austausch, einem Talk und Spielen, wie R\u00e4uber und Gendarm. Danach hielt Bruder Andreas einen Wortgottesdienst. Nach dem Abendessen stellten Josef und ich einigen \u00e4lteren Jugendlichen Bibel Black Storys. Leider hat jedoch keiner wirklich verstanden, was der Sinn des Spiels war und wie man zu der L\u00f6sung gelangen konnte. Zum Schlafen zog ich dann wirklich alles an, was ich irgendwie dabei hatte. Zwar fror ich in der folgenden Nacht immer noch, konnte aber wenigstens mal durchschlafen. Trotzdem war die Nacht zu kurz und wenig erholsam, aber trotzdem ging es nach dem Fr\u00fchst\u00fcck nach Endomi. Diese Kirche hatte ich einige Wochen zuvor, zusammen mit Evi gestrichen.<br \/>\n<img loading=\"lazy\" decoding=\"async\" src=\"https:\/\/blogs.donboscovolunteers.de\/danielinsambia\/wp-content\/uploads\/sites\/21500\/2018\/08\/20180702_110502-225x300.jpg\" alt=\"\" width=\"225\" height=\"300\" class=\"alignnone size-medium wp-image-275\" srcset=\"https:\/\/blogs.donboscovolunteers.de\/danielinsambia\/wp-content\/uploads\/sites\/21500\/2018\/08\/20180702_110502-225x300.jpg 225w, https:\/\/blogs.donboscovolunteers.de\/danielinsambia\/wp-content\/uploads\/sites\/21500\/2018\/08\/20180702_110502-768x1024.jpg 768w, https:\/\/blogs.donboscovolunteers.de\/danielinsambia\/wp-content\/uploads\/sites\/21500\/2018\/08\/20180702_110502-900x1200.jpg 900w, https:\/\/blogs.donboscovolunteers.de\/danielinsambia\/wp-content\/uploads\/sites\/21500\/2018\/08\/20180702_110502.jpg 960w\" sizes=\"auto, (max-width: 225px) 100vw, 225px\" \/><br \/>\nIn dieser f\u00fchrte ich meine Conclusion zu meinem Talk durch und \u00fcberpr\u00fcfte, ob sich schon w\u00e4rend unserer gemeinsamen Zeit die Einstellung zu Gott und zum Beten, bei einigen Kindern ver\u00e4ndert hatte. Auf mich wirkte es so, dass die meisten Kinder trotz der kurzen Zeit schon einige unserer Tipps angenommen haben. F\u00fcr Spiele waren die Kinder, aber auch gerade ich vor dem Essen einfach zu m\u00fcde und so lie\u00dfen wir es ein bisschen ruhiger angehen. Somit hatte wir nur noch eine Runde Bibel Austausch und a\u00dfen danach gemeinsam zu Mittag. Nach einem Abschlussfoto vor der neugebauten Kirche ging es nochmal 5 Kilometer zur\u00fcck zur Einrichtung.<br \/>\n<img loading=\"lazy\" decoding=\"async\" src=\"https:\/\/blogs.donboscovolunteers.de\/danielinsambia\/wp-content\/uploads\/sites\/21500\/2018\/08\/20180701_101417-300x225.jpg\" alt=\"\" width=\"300\" height=\"225\" class=\"alignnone size-medium wp-image-274\" srcset=\"https:\/\/blogs.donboscovolunteers.de\/danielinsambia\/wp-content\/uploads\/sites\/21500\/2018\/08\/20180701_101417-300x225.jpg 300w, https:\/\/blogs.donboscovolunteers.de\/danielinsambia\/wp-content\/uploads\/sites\/21500\/2018\/08\/20180701_101417-768x576.jpg 768w, https:\/\/blogs.donboscovolunteers.de\/danielinsambia\/wp-content\/uploads\/sites\/21500\/2018\/08\/20180701_101417-1024x768.jpg 1024w, https:\/\/blogs.donboscovolunteers.de\/danielinsambia\/wp-content\/uploads\/sites\/21500\/2018\/08\/20180701_101417-900x675.jpg 900w, https:\/\/blogs.donboscovolunteers.de\/danielinsambia\/wp-content\/uploads\/sites\/21500\/2018\/08\/20180701_101417.jpg 1280w\" sizes=\"auto, (max-width: 300px) 100vw, 300px\" \/><br \/>\nDieser n\u00e4hrten wir uns mit lautstarken Gesang. Dort verabschiedeten wir nur noch alle Kinder und danach legte ich mich nach einer kurzen Mahlzeit ins Bett, um mich von der sehr sch\u00f6nen, aber auch anstrengenden Pilgerwanderung zu erholen.<\/p>\n<p>Ich bedanke mich wieder ganz herzlich f\u00fcr Euer Interesse und w\u00fcnsche euch weiterhin alles Gute!<br \/>\nMomentan besuchen mich meine Mutter und meine Schwester. Diesen Besuch genie\u00dfe ich momentan nat\u00fcrlich sehr und werde euch davon auch bald berichten. Wie immer freue ich mich sehr auf Fragen und Anregungen in Form von Kommentaren!<\/p>\n<p>Viele Gr\u00fc\u00dfe aus Sambia!<\/p>\n<p>Euer Daniel<\/p>\n","protected":false},"excerpt":{"rendered":"<p>Hallo und Muli shani? Ich bin wieder gut vom Walk of Faith und mit vielen neuen Erfahrungen und Begegnungen zur\u00fcck gekehrt. Am 30.6. fuhren wir mit 60 Kindern auf einem LKW in den Busch. Dicht gedr\u00e4ngt auf Huckelpisten mit 60 singenden Kindern und 15 Betreuern war auch dies schon ein Erlebnis. Die Strecke kannte ich [&hellip;]<\/p>\n","protected":false},"author":21551,"featured_media":0,"comment_status":"open","ping_status":"open","sticky":false,"template":"","format":"standard","meta":{"footnotes":""},"categories":[1],"tags":[],"class_list":["post-250","post","type-post","status-publish","format-standard","hentry","category-allgemein"],"yoast_head":"<!-- This site is optimized with the Yoast SEO plugin v25.3.1 - https:\/\/yoast.com\/wordpress\/plugins\/seo\/ -->\n<title>Walk of Faith - Daniel in Sambia<\/title>\n<meta name=\"robots\" content=\"index, follow, max-snippet:-1, max-image-preview:large, max-video-preview:-1\" \/>\n<link rel=\"canonical\" href=\"https:\/\/blogs.donboscovolunteers.de\/danielinsambia\/2018\/07\/25\/walk-of-faith\/\" \/>\n<meta property=\"og:locale\" content=\"de_DE\" \/>\n<meta property=\"og:type\" content=\"article\" \/>\n<meta property=\"og:title\" content=\"Walk of Faith - Daniel in Sambia\" \/>\n<meta property=\"og:description\" content=\"Hallo und Muli shani? Ich bin wieder gut vom Walk of Faith und mit vielen neuen Erfahrungen und Begegnungen zur\u00fcck gekehrt. Am 30.6. fuhren wir mit 60 Kindern auf einem LKW in den Busch. Dicht gedr\u00e4ngt auf Huckelpisten mit 60 singenden Kindern und 15 Betreuern war auch dies schon ein Erlebnis. Die Strecke kannte ich [&hellip;]\" \/>\n<meta property=\"og:url\" content=\"https:\/\/blogs.donboscovolunteers.de\/danielinsambia\/2018\/07\/25\/walk-of-faith\/\" \/>\n<meta property=\"og:site_name\" content=\"Daniel in Sambia\" \/>\n<meta property=\"article:published_time\" content=\"2018-07-25T09:14:46+00:00\" \/>\n<meta property=\"article:modified_time\" content=\"2018-08-28T01:19:52+00:00\" \/>\n<meta property=\"og:image\" content=\"https:\/\/blogs.donboscovolunteers.de\/danielinsambia\/wp-content\/uploads\/sites\/21500\/2018\/08\/20180702_110502-225x300.jpg\" \/>\n<meta name=\"author\" content=\"Daniel Thielges\" \/>\n<meta name=\"twitter:card\" content=\"summary_large_image\" \/>\n<meta name=\"twitter:label1\" content=\"Verfasst von\" \/>\n\t<meta name=\"twitter:data1\" content=\"Daniel Thielges\" \/>\n\t<meta name=\"twitter:label2\" content=\"Gesch\u00e4tzte Lesezeit\" \/>\n\t<meta name=\"twitter:data2\" content=\"4\u00a0Minuten\" \/>\n<script type=\"application\/ld+json\" class=\"yoast-schema-graph\">{\"@context\":\"https:\/\/schema.org\",\"@graph\":[{\"@type\":\"WebPage\",\"@id\":\"https:\/\/blogs.donboscovolunteers.de\/danielinsambia\/2018\/07\/25\/walk-of-faith\/\",\"url\":\"https:\/\/blogs.donboscovolunteers.de\/danielinsambia\/2018\/07\/25\/walk-of-faith\/\",\"name\":\"Walk of Faith - Daniel in Sambia\",\"isPartOf\":{\"@id\":\"https:\/\/blogs.donboscovolunteers.de\/danielinsambia\/#website\"},\"primaryImageOfPage\":{\"@id\":\"https:\/\/blogs.donboscovolunteers.de\/danielinsambia\/2018\/07\/25\/walk-of-faith\/#primaryimage\"},\"image\":{\"@id\":\"https:\/\/blogs.donboscovolunteers.de\/danielinsambia\/2018\/07\/25\/walk-of-faith\/#primaryimage\"},\"thumbnailUrl\":\"https:\/\/blogs.donboscovolunteers.de\/danielinsambia\/wp-content\/uploads\/sites\/21500\/2018\/08\/20180702_110502-225x300.jpg\",\"datePublished\":\"2018-07-25T09:14:46+00:00\",\"dateModified\":\"2018-08-28T01:19:52+00:00\",\"author\":{\"@id\":\"https:\/\/blogs.donboscovolunteers.de\/danielinsambia\/#\/schema\/person\/5c4e3e8a640bce625d863420dec4763b\"},\"breadcrumb\":{\"@id\":\"https:\/\/blogs.donboscovolunteers.de\/danielinsambia\/2018\/07\/25\/walk-of-faith\/#breadcrumb\"},\"inLanguage\":\"de\",\"potentialAction\":[{\"@type\":\"ReadAction\",\"target\":[\"https:\/\/blogs.donboscovolunteers.de\/danielinsambia\/2018\/07\/25\/walk-of-faith\/\"]}]},{\"@type\":\"ImageObject\",\"inLanguage\":\"de\",\"@id\":\"https:\/\/blogs.donboscovolunteers.de\/danielinsambia\/2018\/07\/25\/walk-of-faith\/#primaryimage\",\"url\":\"https:\/\/blogs.donboscovolunteers.de\/danielinsambia\/wp-content\/uploads\/sites\/21500\/2018\/08\/20180702_110502.jpg\",\"contentUrl\":\"https:\/\/blogs.donboscovolunteers.de\/danielinsambia\/wp-content\/uploads\/sites\/21500\/2018\/08\/20180702_110502.jpg\",\"width\":960,\"height\":1280},{\"@type\":\"BreadcrumbList\",\"@id\":\"https:\/\/blogs.donboscovolunteers.de\/danielinsambia\/2018\/07\/25\/walk-of-faith\/#breadcrumb\",\"itemListElement\":[{\"@type\":\"ListItem\",\"position\":1,\"name\":\"Startseite\",\"item\":\"https:\/\/blogs.donboscovolunteers.de\/danielinsambia\/\"},{\"@type\":\"ListItem\",\"position\":2,\"name\":\"Walk of Faith\"}]},{\"@type\":\"WebSite\",\"@id\":\"https:\/\/blogs.donboscovolunteers.de\/danielinsambia\/#website\",\"url\":\"https:\/\/blogs.donboscovolunteers.de\/danielinsambia\/\",\"name\":\"Daniel in Sambia\",\"description\":\"Autor: Daniel Thielges\",\"potentialAction\":[{\"@type\":\"SearchAction\",\"target\":{\"@type\":\"EntryPoint\",\"urlTemplate\":\"https:\/\/blogs.donboscovolunteers.de\/danielinsambia\/?s={search_term_string}\"},\"query-input\":{\"@type\":\"PropertyValueSpecification\",\"valueRequired\":true,\"valueName\":\"search_term_string\"}}],\"inLanguage\":\"de\"},{\"@type\":\"Person\",\"@id\":\"https:\/\/blogs.donboscovolunteers.de\/danielinsambia\/#\/schema\/person\/5c4e3e8a640bce625d863420dec4763b\",\"name\":\"Daniel Thielges\",\"image\":{\"@type\":\"ImageObject\",\"inLanguage\":\"de\",\"@id\":\"https:\/\/blogs.donboscovolunteers.de\/danielinsambia\/#\/schema\/person\/image\/\",\"url\":\"https:\/\/secure.gravatar.com\/avatar\/0dd899f5e980bf563cbb7463cd6cf063ef51cff815b148115f22dc84a5fa17a9?s=96&d=mm&r=g\",\"contentUrl\":\"https:\/\/secure.gravatar.com\/avatar\/0dd899f5e980bf563cbb7463cd6cf063ef51cff815b148115f22dc84a5fa17a9?s=96&d=mm&r=g\",\"caption\":\"Daniel Thielges\"},\"url\":\"https:\/\/blogs.donboscovolunteers.de\/danielinsambia\/author\/danielthielges\/\"}]}<\/script>\n<!-- \/ Yoast SEO plugin. -->","yoast_head_json":{"title":"Walk of Faith - Daniel in Sambia","robots":{"index":"index","follow":"follow","max-snippet":"max-snippet:-1","max-image-preview":"max-image-preview:large","max-video-preview":"max-video-preview:-1"},"canonical":"https:\/\/blogs.donboscovolunteers.de\/danielinsambia\/2018\/07\/25\/walk-of-faith\/","og_locale":"de_DE","og_type":"article","og_title":"Walk of Faith - Daniel in Sambia","og_description":"Hallo und Muli shani? Ich bin wieder gut vom Walk of Faith und mit vielen neuen Erfahrungen und Begegnungen zur\u00fcck gekehrt. Am 30.6. fuhren wir mit 60 Kindern auf einem LKW in den Busch. Dicht gedr\u00e4ngt auf Huckelpisten mit 60 singenden Kindern und 15 Betreuern war auch dies schon ein Erlebnis. Die Strecke kannte ich [&hellip;]","og_url":"https:\/\/blogs.donboscovolunteers.de\/danielinsambia\/2018\/07\/25\/walk-of-faith\/","og_site_name":"Daniel in Sambia","article_published_time":"2018-07-25T09:14:46+00:00","article_modified_time":"2018-08-28T01:19:52+00:00","og_image":[{"url":"https:\/\/blogs.donboscovolunteers.de\/danielinsambia\/wp-content\/uploads\/sites\/21500\/2018\/08\/20180702_110502-225x300.jpg","type":"","width":"","height":""}],"author":"Daniel Thielges","twitter_card":"summary_large_image","twitter_misc":{"Verfasst von":"Daniel Thielges","Gesch\u00e4tzte Lesezeit":"4\u00a0Minuten"},"schema":{"@context":"https:\/\/schema.org","@graph":[{"@type":"WebPage","@id":"https:\/\/blogs.donboscovolunteers.de\/danielinsambia\/2018\/07\/25\/walk-of-faith\/","url":"https:\/\/blogs.donboscovolunteers.de\/danielinsambia\/2018\/07\/25\/walk-of-faith\/","name":"Walk of Faith - Daniel in Sambia","isPartOf":{"@id":"https:\/\/blogs.donboscovolunteers.de\/danielinsambia\/#website"},"primaryImageOfPage":{"@id":"https:\/\/blogs.donboscovolunteers.de\/danielinsambia\/2018\/07\/25\/walk-of-faith\/#primaryimage"},"image":{"@id":"https:\/\/blogs.donboscovolunteers.de\/danielinsambia\/2018\/07\/25\/walk-of-faith\/#primaryimage"},"thumbnailUrl":"https:\/\/blogs.donboscovolunteers.de\/danielinsambia\/wp-content\/uploads\/sites\/21500\/2018\/08\/20180702_110502-225x300.jpg","datePublished":"2018-07-25T09:14:46+00:00","dateModified":"2018-08-28T01:19:52+00:00","author":{"@id":"https:\/\/blogs.donboscovolunteers.de\/danielinsambia\/#\/schema\/person\/5c4e3e8a640bce625d863420dec4763b"},"breadcrumb":{"@id":"https:\/\/blogs.donboscovolunteers.de\/danielinsambia\/2018\/07\/25\/walk-of-faith\/#breadcrumb"},"inLanguage":"de","potentialAction":[{"@type":"ReadAction","target":["https:\/\/blogs.donboscovolunteers.de\/danielinsambia\/2018\/07\/25\/walk-of-faith\/"]}]},{"@type":"ImageObject","inLanguage":"de","@id":"https:\/\/blogs.donboscovolunteers.de\/danielinsambia\/2018\/07\/25\/walk-of-faith\/#primaryimage","url":"https:\/\/blogs.donboscovolunteers.de\/danielinsambia\/wp-content\/uploads\/sites\/21500\/2018\/08\/20180702_110502.jpg","contentUrl":"https:\/\/blogs.donboscovolunteers.de\/danielinsambia\/wp-content\/uploads\/sites\/21500\/2018\/08\/20180702_110502.jpg","width":960,"height":1280},{"@type":"BreadcrumbList","@id":"https:\/\/blogs.donboscovolunteers.de\/danielinsambia\/2018\/07\/25\/walk-of-faith\/#breadcrumb","itemListElement":[{"@type":"ListItem","position":1,"name":"Startseite","item":"https:\/\/blogs.donboscovolunteers.de\/danielinsambia\/"},{"@type":"ListItem","position":2,"name":"Walk of Faith"}]},{"@type":"WebSite","@id":"https:\/\/blogs.donboscovolunteers.de\/danielinsambia\/#website","url":"https:\/\/blogs.donboscovolunteers.de\/danielinsambia\/","name":"Daniel in Sambia","description":"Autor: Daniel Thielges","potentialAction":[{"@type":"SearchAction","target":{"@type":"EntryPoint","urlTemplate":"https:\/\/blogs.donboscovolunteers.de\/danielinsambia\/?s={search_term_string}"},"query-input":{"@type":"PropertyValueSpecification","valueRequired":true,"valueName":"search_term_string"}}],"inLanguage":"de"},{"@type":"Person","@id":"https:\/\/blogs.donboscovolunteers.de\/danielinsambia\/#\/schema\/person\/5c4e3e8a640bce625d863420dec4763b","name":"Daniel Thielges","image":{"@type":"ImageObject","inLanguage":"de","@id":"https:\/\/blogs.donboscovolunteers.de\/danielinsambia\/#\/schema\/person\/image\/","url":"https:\/\/secure.gravatar.com\/avatar\/0dd899f5e980bf563cbb7463cd6cf063ef51cff815b148115f22dc84a5fa17a9?s=96&d=mm&r=g","contentUrl":"https:\/\/secure.gravatar.com\/avatar\/0dd899f5e980bf563cbb7463cd6cf063ef51cff815b148115f22dc84a5fa17a9?s=96&d=mm&r=g","caption":"Daniel Thielges"},"url":"https:\/\/blogs.donboscovolunteers.de\/danielinsambia\/author\/danielthielges\/"}]}},"_links":{"self":[{"href":"https:\/\/blogs.donboscovolunteers.de\/danielinsambia\/wp-json\/wp\/v2\/posts\/250","targetHints":{"allow":["GET"]}}],"collection":[{"href":"https:\/\/blogs.donboscovolunteers.de\/danielinsambia\/wp-json\/wp\/v2\/posts"}],"about":[{"href":"https:\/\/blogs.donboscovolunteers.de\/danielinsambia\/wp-json\/wp\/v2\/types\/post"}],"author":[{"embeddable":true,"href":"https:\/\/blogs.donboscovolunteers.de\/danielinsambia\/wp-json\/wp\/v2\/users\/21551"}],"replies":[{"embeddable":true,"href":"https:\/\/blogs.donboscovolunteers.de\/danielinsambia\/wp-json\/wp\/v2\/comments?post=250"}],"version-history":[{"count":3,"href":"https:\/\/blogs.donboscovolunteers.de\/danielinsambia\/wp-json\/wp\/v2\/posts\/250\/revisions"}],"predecessor-version":[{"id":294,"href":"https:\/\/blogs.donboscovolunteers.de\/danielinsambia\/wp-json\/wp\/v2\/posts\/250\/revisions\/294"}],"wp:attachment":[{"href":"https:\/\/blogs.donboscovolunteers.de\/danielinsambia\/wp-json\/wp\/v2\/media?parent=250"}],"wp:term":[{"taxonomy":"category","embeddable":true,"href":"https:\/\/blogs.donboscovolunteers.de\/danielinsambia\/wp-json\/wp\/v2\/categories?post=250"},{"taxonomy":"post_tag","embeddable":true,"href":"https:\/\/blogs.donboscovolunteers.de\/danielinsambia\/wp-json\/wp\/v2\/tags?post=250"}],"curies":[{"name":"wp","href":"https:\/\/api.w.org\/{rel}","templated":true}]}}