{"id":228,"date":"2018-04-27T13:39:51","date_gmt":"2018-04-27T11:39:51","guid":{"rendered":"https:\/\/blogs.donboscovolunteers.de\/danielinsambia\/?p=228"},"modified":"2018-04-28T10:39:42","modified_gmt":"2018-04-28T08:39:42","slug":"ostern-in-der-ferne","status":"publish","type":"post","link":"https:\/\/blogs.donboscovolunteers.de\/danielinsambia\/2018\/04\/27\/ostern-in-der-ferne\/","title":{"rendered":"Ostern in der Ferne"},"content":{"rendered":"<p>Hallo, ich melde mich nochmal aus der Ferne!<\/p>\n<p>Mit Ostern liegt jetzt eine intensive und sch\u00f6ne Zeit hinter mir. Auf dieses Fest haben wir uns lange vorbereitet. Fasten wurde in dieser Zeit jedem selber freigestellt. Somit waren auch die Mahlzeiten oft \u00e4hnlich wie davor. Jedoch wurde in dieser Zeit weniger eingekauft als normal, sodass wir mehr von unseren Vorr\u00e4ten lebten, wodurch es eben doch weniger Fleisch und frisches Gem\u00fcse, daf\u00fcr aber zum Beispiel mehr Bohnen gab. Vor allem aber geht es um die spirituelle Vorbereitung, wobei eben auch fasten hilfreich sein kann. Somit waren auch unsere Gebete von dieser Zeit gepr\u00e4gt. Passionsspiele durften nat\u00fcrlich auch nicht fehlen. Diese wurden von Lea und Evi mit den Jugendlichen der Gemeinde ein geprobt. Lea und Evi verbrachten viele Stunden Arbeit mit den Proben und Vorbereitungen. Ich habe lediglich beim Aufbau des B\u00fchnenbilds und der Lichttechnik w\u00e4hrend der Passionsspiele mitgeholfen. Am Palmsonntag war es endlich soweit und die erste offizielle Vorf\u00fchrung stand an. Diese fand nat\u00fcrlich erst am Abend statt. Davor nahmen wir mit dem Englisch Chor an der Palmsonntagprozession teil. Dabei liefen wir von einem Sammelplatz aus zur\u00fcck zu unserer Einrichtung, wo dann die Messe stattfand. Besonders sch\u00f6n fand ich, dass wir alle dabei richtige Palmwedel hatten. Am Abend f\u00fchrten die Jugendlichen dann in der Halle des Jugendcenters die Passionsspiele vor. Leider waren wie so oft kaum Eltern und \u00e4ltere Erwachsene anwesend, sondern fast nur Kinder im Grundschulalter. Daher war es w\u00e4hrend der Vorstellung auch schon mal etwas lauter, was ich st\u00f6rend und schade f\u00fcr die Darsteller fand. Trotz allem war die Vorstellung gro\u00dfartig und hat mir sehr gut gefallen.<\/p>\n<p>&nbsp;<\/p>\n<p>Wenige Tage sp\u00e4ter, genauer am Mittwoch vor Ostern fuhren wir mit vielen Jugendlichen nach Kasama zum Ostercamp. In den kleinen \u00fcberf\u00fcllten Bussen war es zwar nicht gerade bequem, daf\u00fcr war aber die Stimmung sehr gut. In Kasama bereiteten wir uns mit vielen Jugendlichen aus verschiedenen <a href=\"https:\/\/www.donboscomission.de\/don-bosco\/\">Don Bosco<\/a> Einrichtungen in Sambia, auf Ostern vor. Dazu geh\u00f6rten gemeinsame Messen und Talks, die die Ereignisse rund um die Auferstehung Jesu thematisierten. Freitag Morgen nahmen wir an einem Kreuzweg der Di\u00f6zese in Kasama teil. Leider waren alle Stationen und Ges\u00e4nge auf Bemba, wodurch ich nichts verstehen konnte. Nachmittags stie\u00df auch Evi mit ihrer Familie, die zu Besuch in Sambia war, zu uns. Nach der K-Freitags Liturgie und der Abendmessen f\u00fchrten die Jugendlichen aus Mansa wieder die Passionsspiele auf. Diesmal war es auch leiser und somit wirkungsvoller. Samstags hatten wir unseren Ausflugstag, an dem wir mit allen, gut 200 Jugendlichen die Chishimba F\u00e4lle besuchten.<\/p>\n<p><img loading=\"lazy\" decoding=\"async\" class=\"alignnone size-medium wp-image-231\" src=\"https:\/\/blogs.donboscovolunteers.de\/danielinsambia\/wp-content\/uploads\/sites\/21500\/2018\/04\/20180331_132117-300x225.jpg\" alt=\"\" width=\"300\" height=\"225\" srcset=\"https:\/\/blogs.donboscovolunteers.de\/danielinsambia\/wp-content\/uploads\/sites\/21500\/2018\/04\/20180331_132117-300x225.jpg 300w, https:\/\/blogs.donboscovolunteers.de\/danielinsambia\/wp-content\/uploads\/sites\/21500\/2018\/04\/20180331_132117-768x576.jpg 768w, https:\/\/blogs.donboscovolunteers.de\/danielinsambia\/wp-content\/uploads\/sites\/21500\/2018\/04\/20180331_132117-1024x768.jpg 1024w, https:\/\/blogs.donboscovolunteers.de\/danielinsambia\/wp-content\/uploads\/sites\/21500\/2018\/04\/20180331_132117-900x675.jpg 900w, https:\/\/blogs.donboscovolunteers.de\/danielinsambia\/wp-content\/uploads\/sites\/21500\/2018\/04\/20180331_132117.jpg 1280w\" sizes=\"auto, (max-width: 300px) 100vw, 300px\" \/><\/p>\n<p>Dies ist nur ein kleiner Teil der aus mehreren Einzelf\u00e4llen bestehenden Chishimba F\u00e4lle.<\/p>\n<p>Wir verbrachten dort den ganzen Vormittag und fuhren am Nachmittag wieder zur\u00fcck. Somit a\u00dfen wir auch direkt an den F\u00e4llen. Wegen der starken Str\u00f6mung und Krokodilen, die sich im und am Wasser aufhalten sollen, verzichtete ich darauf, schwimmen zu gehen. Daf\u00fcr wanderten wir aber viel an den F\u00e4llen entlang und haben somit die abwechslungsreiche Landschaft bestaunen k\u00f6nnen. Am Vormittag gab Pater Chris einige Talks und leitete ein Bibelquiz an. Leider verlor meine Gruppe dabei immer. Eine Gruppe gewann daf\u00fcr bei allen drei Quiz. Am Abend fand leider bei sehr regnerischen Wetter die Osternacht statt. Somit gab es statt einem gro\u00dfen Osterfeuer nur ein kleines Provisorisches. Trotzdem war die Stimmung nachher bei der Messe sehr \u00f6sterlich und eine tolle Erfahrung, mit so vielen Jugendlichen zusammen Ostern zu feiern. Nach der Messe feierten wir, bei bereits wieder trockenem Wetter noch ein bisschen mit afrikanischer Musik und modernen Pop Songs. Am Ostersonntag ging es nach der Ostermesse und dem Mittagessen wieder zur\u00fcck nach Mansa. Auf der R\u00fcckfahrt war das Wetter so schlecht, dass man oft nur wenige Meter nach vorne auf die \u00fcberflutete Stra\u00dfe schauen konnte und im n\u00e4chsten Moment wieder vom Blitz geblendet und vom Donner erschreckt wurde. Zwar erreichten wir Mansa ziemlich sp\u00e4t, doch zum Gl\u00fcck ohne besondere Vorkommnisse.<\/p>\n<p>&nbsp;<\/p>\n<p>Auch dort feierten wir im Rahmen der Kommunit\u00e4t zusammen Ostern und besuchten am Ostermontag die Ostermesse. Dank der Mitbringsel von Evis Familie und einem Paket von unserem Vorvolont\u00e4r hatten wir zu Ostern auch Ostereier, Salami, selbstgemachte Marmelade und vieles mehr. Die Osterzeit ist aber nat\u00fcrlich mit dem eigentlichen Osterfest noch nicht zu Ende und somit sind zum Beispiel unsere Gebetszeiten immer noch dieser Zeit geweiht. Am kommenden Wochenende veranstalten wir vom Oratorium aus, ein Camp \u00fcber Heilige und danach werde ich f\u00fcr eine Woche nach Lufubu fahren, um dort mitzuhelfen und ein bisschen Urlaub zu machen.<\/p>\n<p>Ich hoffe euch geht es gut!<br \/>\nSchaut beim n\u00e4chsten Blogeintrag doch wieder rein und schreibt flei\u00dfig Kommentare!<br \/>\nEuch alles Gute und bleibt gesund!<\/p>\n<p>Viele Gr\u00fc\u00dfe aus Sambia!<\/p>\n<ul>\n<li>Euer Daniel!<!--more--><\/li>\n<\/ul>\n","protected":false},"excerpt":{"rendered":"<p>Hallo, ich melde mich nochmal aus der Ferne! Mit Ostern liegt jetzt eine intensive und sch\u00f6ne Zeit hinter mir. Auf dieses Fest haben wir uns lange vorbereitet. Fasten wurde in dieser Zeit jedem selber freigestellt. Somit waren auch die Mahlzeiten oft \u00e4hnlich wie davor. Jedoch wurde in dieser Zeit weniger eingekauft als normal, sodass wir [&hellip;]<\/p>\n","protected":false},"author":21551,"featured_media":0,"comment_status":"open","ping_status":"open","sticky":false,"template":"","format":"standard","meta":{"footnotes":""},"categories":[1],"tags":[],"class_list":["post-228","post","type-post","status-publish","format-standard","hentry","category-allgemein"],"yoast_head":"<!-- This site is optimized with the Yoast SEO plugin v25.3.1 - https:\/\/yoast.com\/wordpress\/plugins\/seo\/ -->\n<title>Ostern in der Ferne - Daniel in Sambia<\/title>\n<meta name=\"robots\" content=\"index, follow, max-snippet:-1, max-image-preview:large, max-video-preview:-1\" \/>\n<link rel=\"canonical\" href=\"https:\/\/blogs.donboscovolunteers.de\/danielinsambia\/2018\/04\/27\/ostern-in-der-ferne\/\" \/>\n<meta property=\"og:locale\" content=\"de_DE\" \/>\n<meta property=\"og:type\" content=\"article\" \/>\n<meta property=\"og:title\" content=\"Ostern in der Ferne - Daniel in Sambia\" \/>\n<meta property=\"og:description\" content=\"Hallo, ich melde mich nochmal aus der Ferne! Mit Ostern liegt jetzt eine intensive und sch\u00f6ne Zeit hinter mir. Auf dieses Fest haben wir uns lange vorbereitet. Fasten wurde in dieser Zeit jedem selber freigestellt. Somit waren auch die Mahlzeiten oft \u00e4hnlich wie davor. Jedoch wurde in dieser Zeit weniger eingekauft als normal, sodass wir [&hellip;]\" \/>\n<meta property=\"og:url\" content=\"https:\/\/blogs.donboscovolunteers.de\/danielinsambia\/2018\/04\/27\/ostern-in-der-ferne\/\" \/>\n<meta property=\"og:site_name\" content=\"Daniel in Sambia\" \/>\n<meta property=\"article:published_time\" content=\"2018-04-27T11:39:51+00:00\" \/>\n<meta property=\"article:modified_time\" content=\"2018-04-28T08:39:42+00:00\" \/>\n<meta property=\"og:image\" content=\"https:\/\/blogs.donboscovolunteers.de\/danielinsambia\/wp-content\/uploads\/sites\/21500\/2018\/04\/20180331_132117-300x225.jpg\" \/>\n<meta name=\"author\" content=\"Daniel Thielges\" \/>\n<meta name=\"twitter:card\" content=\"summary_large_image\" \/>\n<meta name=\"twitter:label1\" content=\"Verfasst von\" \/>\n\t<meta name=\"twitter:data1\" content=\"Daniel Thielges\" \/>\n\t<meta name=\"twitter:label2\" content=\"Gesch\u00e4tzte Lesezeit\" \/>\n\t<meta name=\"twitter:data2\" content=\"4\u00a0Minuten\" \/>\n<script type=\"application\/ld+json\" class=\"yoast-schema-graph\">{\"@context\":\"https:\/\/schema.org\",\"@graph\":[{\"@type\":\"WebPage\",\"@id\":\"https:\/\/blogs.donboscovolunteers.de\/danielinsambia\/2018\/04\/27\/ostern-in-der-ferne\/\",\"url\":\"https:\/\/blogs.donboscovolunteers.de\/danielinsambia\/2018\/04\/27\/ostern-in-der-ferne\/\",\"name\":\"Ostern in der Ferne - Daniel in Sambia\",\"isPartOf\":{\"@id\":\"https:\/\/blogs.donboscovolunteers.de\/danielinsambia\/#website\"},\"primaryImageOfPage\":{\"@id\":\"https:\/\/blogs.donboscovolunteers.de\/danielinsambia\/2018\/04\/27\/ostern-in-der-ferne\/#primaryimage\"},\"image\":{\"@id\":\"https:\/\/blogs.donboscovolunteers.de\/danielinsambia\/2018\/04\/27\/ostern-in-der-ferne\/#primaryimage\"},\"thumbnailUrl\":\"https:\/\/blogs.donboscovolunteers.de\/danielinsambia\/wp-content\/uploads\/sites\/21500\/2018\/04\/20180331_132117-300x225.jpg\",\"datePublished\":\"2018-04-27T11:39:51+00:00\",\"dateModified\":\"2018-04-28T08:39:42+00:00\",\"author\":{\"@id\":\"https:\/\/blogs.donboscovolunteers.de\/danielinsambia\/#\/schema\/person\/5c4e3e8a640bce625d863420dec4763b\"},\"breadcrumb\":{\"@id\":\"https:\/\/blogs.donboscovolunteers.de\/danielinsambia\/2018\/04\/27\/ostern-in-der-ferne\/#breadcrumb\"},\"inLanguage\":\"de\",\"potentialAction\":[{\"@type\":\"ReadAction\",\"target\":[\"https:\/\/blogs.donboscovolunteers.de\/danielinsambia\/2018\/04\/27\/ostern-in-der-ferne\/\"]}]},{\"@type\":\"ImageObject\",\"inLanguage\":\"de\",\"@id\":\"https:\/\/blogs.donboscovolunteers.de\/danielinsambia\/2018\/04\/27\/ostern-in-der-ferne\/#primaryimage\",\"url\":\"https:\/\/blogs.donboscovolunteers.de\/danielinsambia\/wp-content\/uploads\/sites\/21500\/2018\/04\/20180331_132117.jpg\",\"contentUrl\":\"https:\/\/blogs.donboscovolunteers.de\/danielinsambia\/wp-content\/uploads\/sites\/21500\/2018\/04\/20180331_132117.jpg\",\"width\":1280,\"height\":960},{\"@type\":\"BreadcrumbList\",\"@id\":\"https:\/\/blogs.donboscovolunteers.de\/danielinsambia\/2018\/04\/27\/ostern-in-der-ferne\/#breadcrumb\",\"itemListElement\":[{\"@type\":\"ListItem\",\"position\":1,\"name\":\"Startseite\",\"item\":\"https:\/\/blogs.donboscovolunteers.de\/danielinsambia\/\"},{\"@type\":\"ListItem\",\"position\":2,\"name\":\"Ostern in der Ferne\"}]},{\"@type\":\"WebSite\",\"@id\":\"https:\/\/blogs.donboscovolunteers.de\/danielinsambia\/#website\",\"url\":\"https:\/\/blogs.donboscovolunteers.de\/danielinsambia\/\",\"name\":\"Daniel in Sambia\",\"description\":\"Autor: Daniel Thielges\",\"potentialAction\":[{\"@type\":\"SearchAction\",\"target\":{\"@type\":\"EntryPoint\",\"urlTemplate\":\"https:\/\/blogs.donboscovolunteers.de\/danielinsambia\/?s={search_term_string}\"},\"query-input\":{\"@type\":\"PropertyValueSpecification\",\"valueRequired\":true,\"valueName\":\"search_term_string\"}}],\"inLanguage\":\"de\"},{\"@type\":\"Person\",\"@id\":\"https:\/\/blogs.donboscovolunteers.de\/danielinsambia\/#\/schema\/person\/5c4e3e8a640bce625d863420dec4763b\",\"name\":\"Daniel Thielges\",\"image\":{\"@type\":\"ImageObject\",\"inLanguage\":\"de\",\"@id\":\"https:\/\/blogs.donboscovolunteers.de\/danielinsambia\/#\/schema\/person\/image\/\",\"url\":\"https:\/\/secure.gravatar.com\/avatar\/0dd899f5e980bf563cbb7463cd6cf063ef51cff815b148115f22dc84a5fa17a9?s=96&d=mm&r=g\",\"contentUrl\":\"https:\/\/secure.gravatar.com\/avatar\/0dd899f5e980bf563cbb7463cd6cf063ef51cff815b148115f22dc84a5fa17a9?s=96&d=mm&r=g\",\"caption\":\"Daniel Thielges\"},\"url\":\"https:\/\/blogs.donboscovolunteers.de\/danielinsambia\/author\/danielthielges\/\"}]}<\/script>\n<!-- \/ Yoast SEO plugin. -->","yoast_head_json":{"title":"Ostern in der Ferne - Daniel in Sambia","robots":{"index":"index","follow":"follow","max-snippet":"max-snippet:-1","max-image-preview":"max-image-preview:large","max-video-preview":"max-video-preview:-1"},"canonical":"https:\/\/blogs.donboscovolunteers.de\/danielinsambia\/2018\/04\/27\/ostern-in-der-ferne\/","og_locale":"de_DE","og_type":"article","og_title":"Ostern in der Ferne - Daniel in Sambia","og_description":"Hallo, ich melde mich nochmal aus der Ferne! Mit Ostern liegt jetzt eine intensive und sch\u00f6ne Zeit hinter mir. Auf dieses Fest haben wir uns lange vorbereitet. Fasten wurde in dieser Zeit jedem selber freigestellt. Somit waren auch die Mahlzeiten oft \u00e4hnlich wie davor. Jedoch wurde in dieser Zeit weniger eingekauft als normal, sodass wir [&hellip;]","og_url":"https:\/\/blogs.donboscovolunteers.de\/danielinsambia\/2018\/04\/27\/ostern-in-der-ferne\/","og_site_name":"Daniel in Sambia","article_published_time":"2018-04-27T11:39:51+00:00","article_modified_time":"2018-04-28T08:39:42+00:00","og_image":[{"url":"https:\/\/blogs.donboscovolunteers.de\/danielinsambia\/wp-content\/uploads\/sites\/21500\/2018\/04\/20180331_132117-300x225.jpg","type":"","width":"","height":""}],"author":"Daniel Thielges","twitter_card":"summary_large_image","twitter_misc":{"Verfasst von":"Daniel Thielges","Gesch\u00e4tzte Lesezeit":"4\u00a0Minuten"},"schema":{"@context":"https:\/\/schema.org","@graph":[{"@type":"WebPage","@id":"https:\/\/blogs.donboscovolunteers.de\/danielinsambia\/2018\/04\/27\/ostern-in-der-ferne\/","url":"https:\/\/blogs.donboscovolunteers.de\/danielinsambia\/2018\/04\/27\/ostern-in-der-ferne\/","name":"Ostern in der Ferne - Daniel in Sambia","isPartOf":{"@id":"https:\/\/blogs.donboscovolunteers.de\/danielinsambia\/#website"},"primaryImageOfPage":{"@id":"https:\/\/blogs.donboscovolunteers.de\/danielinsambia\/2018\/04\/27\/ostern-in-der-ferne\/#primaryimage"},"image":{"@id":"https:\/\/blogs.donboscovolunteers.de\/danielinsambia\/2018\/04\/27\/ostern-in-der-ferne\/#primaryimage"},"thumbnailUrl":"https:\/\/blogs.donboscovolunteers.de\/danielinsambia\/wp-content\/uploads\/sites\/21500\/2018\/04\/20180331_132117-300x225.jpg","datePublished":"2018-04-27T11:39:51+00:00","dateModified":"2018-04-28T08:39:42+00:00","author":{"@id":"https:\/\/blogs.donboscovolunteers.de\/danielinsambia\/#\/schema\/person\/5c4e3e8a640bce625d863420dec4763b"},"breadcrumb":{"@id":"https:\/\/blogs.donboscovolunteers.de\/danielinsambia\/2018\/04\/27\/ostern-in-der-ferne\/#breadcrumb"},"inLanguage":"de","potentialAction":[{"@type":"ReadAction","target":["https:\/\/blogs.donboscovolunteers.de\/danielinsambia\/2018\/04\/27\/ostern-in-der-ferne\/"]}]},{"@type":"ImageObject","inLanguage":"de","@id":"https:\/\/blogs.donboscovolunteers.de\/danielinsambia\/2018\/04\/27\/ostern-in-der-ferne\/#primaryimage","url":"https:\/\/blogs.donboscovolunteers.de\/danielinsambia\/wp-content\/uploads\/sites\/21500\/2018\/04\/20180331_132117.jpg","contentUrl":"https:\/\/blogs.donboscovolunteers.de\/danielinsambia\/wp-content\/uploads\/sites\/21500\/2018\/04\/20180331_132117.jpg","width":1280,"height":960},{"@type":"BreadcrumbList","@id":"https:\/\/blogs.donboscovolunteers.de\/danielinsambia\/2018\/04\/27\/ostern-in-der-ferne\/#breadcrumb","itemListElement":[{"@type":"ListItem","position":1,"name":"Startseite","item":"https:\/\/blogs.donboscovolunteers.de\/danielinsambia\/"},{"@type":"ListItem","position":2,"name":"Ostern in der Ferne"}]},{"@type":"WebSite","@id":"https:\/\/blogs.donboscovolunteers.de\/danielinsambia\/#website","url":"https:\/\/blogs.donboscovolunteers.de\/danielinsambia\/","name":"Daniel in Sambia","description":"Autor: Daniel Thielges","potentialAction":[{"@type":"SearchAction","target":{"@type":"EntryPoint","urlTemplate":"https:\/\/blogs.donboscovolunteers.de\/danielinsambia\/?s={search_term_string}"},"query-input":{"@type":"PropertyValueSpecification","valueRequired":true,"valueName":"search_term_string"}}],"inLanguage":"de"},{"@type":"Person","@id":"https:\/\/blogs.donboscovolunteers.de\/danielinsambia\/#\/schema\/person\/5c4e3e8a640bce625d863420dec4763b","name":"Daniel Thielges","image":{"@type":"ImageObject","inLanguage":"de","@id":"https:\/\/blogs.donboscovolunteers.de\/danielinsambia\/#\/schema\/person\/image\/","url":"https:\/\/secure.gravatar.com\/avatar\/0dd899f5e980bf563cbb7463cd6cf063ef51cff815b148115f22dc84a5fa17a9?s=96&d=mm&r=g","contentUrl":"https:\/\/secure.gravatar.com\/avatar\/0dd899f5e980bf563cbb7463cd6cf063ef51cff815b148115f22dc84a5fa17a9?s=96&d=mm&r=g","caption":"Daniel Thielges"},"url":"https:\/\/blogs.donboscovolunteers.de\/danielinsambia\/author\/danielthielges\/"}]}},"_links":{"self":[{"href":"https:\/\/blogs.donboscovolunteers.de\/danielinsambia\/wp-json\/wp\/v2\/posts\/228","targetHints":{"allow":["GET"]}}],"collection":[{"href":"https:\/\/blogs.donboscovolunteers.de\/danielinsambia\/wp-json\/wp\/v2\/posts"}],"about":[{"href":"https:\/\/blogs.donboscovolunteers.de\/danielinsambia\/wp-json\/wp\/v2\/types\/post"}],"author":[{"embeddable":true,"href":"https:\/\/blogs.donboscovolunteers.de\/danielinsambia\/wp-json\/wp\/v2\/users\/21551"}],"replies":[{"embeddable":true,"href":"https:\/\/blogs.donboscovolunteers.de\/danielinsambia\/wp-json\/wp\/v2\/comments?post=228"}],"version-history":[{"count":3,"href":"https:\/\/blogs.donboscovolunteers.de\/danielinsambia\/wp-json\/wp\/v2\/posts\/228\/revisions"}],"predecessor-version":[{"id":233,"href":"https:\/\/blogs.donboscovolunteers.de\/danielinsambia\/wp-json\/wp\/v2\/posts\/228\/revisions\/233"}],"wp:attachment":[{"href":"https:\/\/blogs.donboscovolunteers.de\/danielinsambia\/wp-json\/wp\/v2\/media?parent=228"}],"wp:term":[{"taxonomy":"category","embeddable":true,"href":"https:\/\/blogs.donboscovolunteers.de\/danielinsambia\/wp-json\/wp\/v2\/categories?post=228"},{"taxonomy":"post_tag","embeddable":true,"href":"https:\/\/blogs.donboscovolunteers.de\/danielinsambia\/wp-json\/wp\/v2\/tags?post=228"}],"curies":[{"name":"wp","href":"https:\/\/api.w.org\/{rel}","templated":true}]}}