{"id":189,"date":"2018-01-16T11:03:54","date_gmt":"2018-01-16T10:03:54","guid":{"rendered":"https:\/\/blogs.donboscovolunteers.de\/danielinsambia\/?p=189"},"modified":"2018-01-16T15:52:46","modified_gmt":"2018-01-16T14:52:46","slug":"ein-neues-jahr-in-sambia","status":"publish","type":"post","link":"https:\/\/blogs.donboscovolunteers.de\/danielinsambia\/2018\/01\/16\/ein-neues-jahr-in-sambia\/","title":{"rendered":"Ein neues Jahr in Sambia"},"content":{"rendered":"<p>Hallo,<br \/>\nja ich melde mich auch nochmal, es tut mir sehr leid, dass ich mich so lange nicht mehr gemeldet habe. In der Zwischenzeit ist nat\u00fcrlich viel passiert und daher versuche ich euch jetzt wieder auf den neuesten Stand zu bringen.<br \/>\nIch spule daher nochmal weit zur\u00fcck, genauer gesagt bis zum 3. Oktober 2017. Was war da nochmal? Nat\u00fcrlich! Der Tag der deutschen Einheit! Ja, den feiert man auch in Sambia, aber nat\u00fcrlich nicht im ganzen Land, sondern vor allem in der deutschen Botschaft in Lusaka. Wie jeder deutsche Staatsb\u00fcrger, der sich in die Elefand Liste des Ausw\u00e4rtigen Amts eingetragen hat, waren auch wir abends anl\u00e4sslich zum Tag der deutschen Einheit im Garten der deutschen Botschaft eingeladen. Mit deutscher P\u00fcnktlichkeit hat es bei uns aber leider nicht geklappt. Mit ca. einer Stunde Versp\u00e4tung kamen wir dann aber endlich an. Es war schon komisch, wieder von jedem auf deutsch angesprochen zu werden. Zwar war es echt toll, wieder mit jedem auf Deutsch reden zu k\u00f6nnen, doch mussten wir erstmal leise sein, denn der Botschafter hatte schon l\u00e4ngst mit seiner Rede angefangen. Diese war nicht etwa auf deutsch, sondern auf Englisch, da unter den hunderten G\u00e4sten auch einige Leute aus Sambia waren. Nach einer kurzen Rede eines sambischen Ministers, der f\u00fcr die Wasserversorgung Sambias zust\u00e4ndig ist, begr\u00fc\u00dfte uns der Botschafter auf deutsch, jedoch mit einem so heftigen englischen Akzent, dass man nicht wirklich davon ausgehen konnte, dass gerade der deutsche Botschafter zu einem spricht. Nach kurzer Zeit legte sich der Akzent aber wieder. Auch mir ist schon aufgefallen, dass es meist eine Weile braucht, um fehlerfrei in die andere Sprache zu wechseln. Nach der Begr\u00fc\u00dfung wurde erst die sambische und dann die deutsche Nationalhymne live gesungen. Danach er\u00f6ffnete der Botschafter das Buffet und an die Wand der Botschaft, wurden den ganzen Abend lang Landschaftsbilder aus Deutschland angestrahlt. Man hat versucht mit den heimischen, sambischen Produkten so gut wie m\u00f6glich eine deutsche K\u00fcche zu pr\u00e4sentieren. Bei Gem\u00fcse, Pommes und Teiggerichten, hat dies auch gut geklappt, doch Fleischprodukte schmecken hier generell ziemlich anders. Selbst deutsches Bier wurde importiert und so hatte man vielleicht ab und zu das Gef\u00fchl, man sei an einem sch\u00f6nen Sommerabend irgendwo in Deutschland. Wir haben aber nicht nur deshalb den weiten Weg von Mansa nach Lusaka auf uns genommen, sondern vor allem um mit vielen anderen Volont\u00e4ren in Kontakt zu kommen. Au\u00dferdem mussten wir wegen der \u201eNever ending Story Visa\u201c sowieso nochmal nach Lusaka. Diese sollte jedoch jetzt endlich mal erledigt sein, denn bei einem weiteren Lusaka Besuch im Dezember haben wir endlich unsere Arbeitserlaubnis bekommen. Der Austausch mit anderen deutschen Volont\u00e4ren hat sehr gut getan und seit dem stehen wir mit ca. 40 weiteren Volont\u00e4ren \u00fcber Whatsapp in Kontakt.<br \/>\n<img loading=\"lazy\" decoding=\"async\" class=\"alignnone size-medium wp-image-194\" src=\"https:\/\/blogs.donboscovolunteers.de\/danielinsambia\/wp-content\/uploads\/sites\/21500\/2018\/01\/IMG-20171004-WA0002-300x225.jpg\" alt=\"\" width=\"300\" height=\"225\" srcset=\"https:\/\/blogs.donboscovolunteers.de\/danielinsambia\/wp-content\/uploads\/sites\/21500\/2018\/01\/IMG-20171004-WA0002-300x225.jpg 300w, https:\/\/blogs.donboscovolunteers.de\/danielinsambia\/wp-content\/uploads\/sites\/21500\/2018\/01\/IMG-20171004-WA0002-768x576.jpg 768w, https:\/\/blogs.donboscovolunteers.de\/danielinsambia\/wp-content\/uploads\/sites\/21500\/2018\/01\/IMG-20171004-WA0002-1024x768.jpg 1024w, https:\/\/blogs.donboscovolunteers.de\/danielinsambia\/wp-content\/uploads\/sites\/21500\/2018\/01\/IMG-20171004-WA0002-900x675.jpg 900w, https:\/\/blogs.donboscovolunteers.de\/danielinsambia\/wp-content\/uploads\/sites\/21500\/2018\/01\/IMG-20171004-WA0002.jpg 1040w\" sizes=\"auto, (max-width: 300px) 100vw, 300px\" \/><br \/>\nFoto mit den anderen Volont\u00e4ren und dem deutschen Botschafter.<\/p>\n<p>Der Abend hat aber auch so generell viel Spa\u00df gemacht und sich gelohnt. Au\u00dferdem wurde uns auch so nochmal in Erinnerung gerufen, wie froh wir sein k\u00f6nnen, in einem vereinten und allgemein friedlichen Deutschland leben zu d\u00fcrfen.<\/p>\n<p>Ein paar Tage, nachdem wir wieder in Mansa angekommen waren, feierten die 12. Kl\u00e4ssler ihren Abschluss und dies noch vor ihren Abschlusspr\u00fcfungen. Leider w\u00e4re es so, dass kaum wer zu einer Abschlussfeier nach den Pr\u00fcfungen kommen w\u00fcrde, daher findet diese Veranstaltung vor den Pr\u00fcfungen statt. Trotzdem hatten die Schulabg\u00e4nger viel Spa\u00df und es war ein gro\u00dfer Tag f\u00fcr sie. Mitte November \u00e4nderte sich f\u00fcr uns dann einiges, denn zwei neue Volont\u00e4re, Lea und Evi kamen in Mansa an. Eigentlich sollten sie nach <a href=\"https:\/\/strassenkinder.de\/laender\/asien\/inden\/\">Indien<\/a> gehen, doch sie bekamen kein Visa. Nach viel hin und her kamen sie dann aber letztendlich hier nach Mansa und haben sich schon gut eingelebt. Mit Lea fing ich dann auch mit einem Garten Workshop mit den Kindern vom Oratorium an.<\/p>\n<p><img loading=\"lazy\" decoding=\"async\" class=\"alignnone size-medium wp-image-198\" src=\"https:\/\/blogs.donboscovolunteers.de\/danielinsambia\/wp-content\/uploads\/sites\/21500\/2018\/01\/20180109_094645-300x204.jpg\" alt=\"\" width=\"300\" height=\"204\" srcset=\"https:\/\/blogs.donboscovolunteers.de\/danielinsambia\/wp-content\/uploads\/sites\/21500\/2018\/01\/20180109_094645-300x204.jpg 300w, https:\/\/blogs.donboscovolunteers.de\/danielinsambia\/wp-content\/uploads\/sites\/21500\/2018\/01\/20180109_094645-768x523.jpg 768w, https:\/\/blogs.donboscovolunteers.de\/danielinsambia\/wp-content\/uploads\/sites\/21500\/2018\/01\/20180109_094645-1024x697.jpg 1024w, https:\/\/blogs.donboscovolunteers.de\/danielinsambia\/wp-content\/uploads\/sites\/21500\/2018\/01\/20180109_094645-900x612.jpg 900w, https:\/\/blogs.donboscovolunteers.de\/danielinsambia\/wp-content\/uploads\/sites\/21500\/2018\/01\/20180109_094645.jpg 1280w\" sizes=\"auto, (max-width: 300px) 100vw, 300px\" \/><\/p>\n<p>Hier erkl\u00e4re ich den Kindern den Anbau von Mais, Wassermelonen und K\u00fcrbissen.<\/p>\n<p>Wenige Wochen sp\u00e4ter stand der Geburtstag des Oratoriums an. Nach Schw\u00e4chen in der Organisation wurde er trotz schlechtem Wetter gro\u00df und mit vielen Teilnehmern in der Halle gefeiert. Zwar war das Programm meist sehr chaotisch und Essen gab es durch Hilfe von Josef auch eher nur notfallm\u00e4\u00dfig, doch hatten die meisten Kinder trotzdem viel Spa\u00df.<br \/>\nDie Adventszeit kam dann auch schnell und war genauso schnell wieder vorbei. Die M\u00e4dels haben in dieser Zeit viel mit den Kindern der \u201eholy childhood\u201c f\u00fcr ein Krippenspiel ge\u00fcbt. Auch ich habe mit den Kindern Weihnachtslieder ge\u00fcbt und mit der Trompete, dies aber leider im Gegensatz zu dem Krippenspiel der M\u00e4dchen ohne Erfolg. An Heiligabend pr\u00e4sentierten die Kinder das Krippenspiel vor der Christmette in der Kirche. Nach dem Krippenspiel waren viele und auch ich v\u00f6llig geflasht. Es war wirklich eine tolle Vorstellung und es hat mich zum erstmal richtig auf dieses Weihnachten eingestimmt. Die anschlie\u00dfende Christmette war lang und erst w\u00e4hrend des n\u00e4chsten Stromausfalls fand ich auch die Messe richtig weihnachtlich. Denn bei Kerzenschein wurde diese heilige Nacht mit ihrer frohen Botschaft noch etwas vorstellbarer. Zwar war dies ziemlich romantisch, doch f\u00fcr das Kochen war es ziemlich unpraktisch, denn leider war der Strom fast den ganzen Tag weg und kam zwischendurch nur manchmal f\u00fcr ein paar Minuten zur\u00fcck. Lea und Evi, die fast den ganzen Tag kochten hatten so erhebliche Probleme und hatten fast die ganze Zeit lang nur zwei Gasplatten zur Verf\u00fcgung. Das Ergebnis aus Kn\u00f6deln, Rotkohl, Blumenkohl, Truthahn und Brat\u00e4pfeln war aber trotz der schwierigen Umst\u00e4nde gut. Zum Abendessen kam dann der Strom auch wieder zur\u00fcck und so war es doch noch ein sch\u00f6ner Abend, wenn auch gerade an diesem Abend die Familie fehlte. Am 1. Weihnachtstag haben die Kinder dann das Krippenspiel im Garten des Bischofs nochmal aufgef\u00fchrt, auch dies klappte wieder sehr gut. Kurz nach Weihnachten ist das Jahr dann auch schon, wie immer viel schneller als erwartet zu Ende.<br \/>\nDas neue Jahr begr\u00fc\u00dften wir auch hier mit Raketen, jedoch fiel hier und in der Umgebung das Feuerwerk verst\u00e4ndlicher Weise recht klein aus, au\u00dferdem waren die Raketen echt schlecht und leise. Ich habe mich dar\u00fcber aber eher gefreut, da ich Feuerwerke, bis auf Professionelle in der Ferne eh nicht mag. Leider hat sich Anfang diesen Jahres der Cholera Ausbruch in Sambia so verst\u00e4rkt, so dass die Regierung alle Schulen und Universit\u00e4ten geschlossen hat, sowie gro\u00dfe Menschenansammlungen verbot. Somit haben wir jetzt erstmal nicht so viel zu tun und haben daher zum Beispiel eine andere <a href=\"https:\/\/www.donboscomission.de\/don-bosco\/\">Don Bosco<\/a> Einrichtung besucht.<br \/>\nMir geht es soweit gut. Die Regierung tut alles daf\u00fcr, die Krankheit einzud\u00e4mmen, dies auch schon mit Erfolg. Auch wir achten noch st\u00e4rker auf Hygiene, somit m\u00fcsst ihr euch keine Sorgen machen, dass wir Cholera bekommen k\u00f6nnten.<\/p>\n<p>Ich versuche mich jetzt wieder \u00f6fter zu melden. Vielen Dank f\u00fcrs lesen und bis zum n\u00e4chsten Blogeintrag!<br \/>\nEuch erstmal alles Gute!<\/p>\n<p>Viele Gr\u00fc\u00dfe aus Sambia!<\/p>\n<p>Euer Daniel<\/p>\n","protected":false},"excerpt":{"rendered":"<p>Hallo, ja ich melde mich auch nochmal, es tut mir sehr leid, dass ich mich so lange nicht mehr gemeldet habe. In der Zwischenzeit ist nat\u00fcrlich viel passiert und daher versuche ich euch jetzt wieder auf den neuesten Stand zu bringen. Ich spule daher nochmal weit zur\u00fcck, genauer gesagt bis zum 3. Oktober 2017. Was [&hellip;]<\/p>\n","protected":false},"author":21551,"featured_media":0,"comment_status":"open","ping_status":"open","sticky":false,"template":"","format":"standard","meta":{"footnotes":""},"categories":[1],"tags":[],"class_list":["post-189","post","type-post","status-publish","format-standard","hentry","category-allgemein"],"yoast_head":"<!-- This site is optimized with the Yoast SEO plugin v25.3.1 - https:\/\/yoast.com\/wordpress\/plugins\/seo\/ -->\n<title>Ein neues Jahr in Sambia - Daniel in Sambia<\/title>\n<meta name=\"robots\" content=\"index, follow, max-snippet:-1, max-image-preview:large, max-video-preview:-1\" \/>\n<link rel=\"canonical\" href=\"https:\/\/blogs.donboscovolunteers.de\/danielinsambia\/2018\/01\/16\/ein-neues-jahr-in-sambia\/\" \/>\n<meta property=\"og:locale\" content=\"de_DE\" \/>\n<meta property=\"og:type\" content=\"article\" \/>\n<meta property=\"og:title\" content=\"Ein neues Jahr in Sambia - Daniel in Sambia\" \/>\n<meta property=\"og:description\" content=\"Hallo, ja ich melde mich auch nochmal, es tut mir sehr leid, dass ich mich so lange nicht mehr gemeldet habe. In der Zwischenzeit ist nat\u00fcrlich viel passiert und daher versuche ich euch jetzt wieder auf den neuesten Stand zu bringen. Ich spule daher nochmal weit zur\u00fcck, genauer gesagt bis zum 3. Oktober 2017. Was [&hellip;]\" \/>\n<meta property=\"og:url\" content=\"https:\/\/blogs.donboscovolunteers.de\/danielinsambia\/2018\/01\/16\/ein-neues-jahr-in-sambia\/\" \/>\n<meta property=\"og:site_name\" content=\"Daniel in Sambia\" \/>\n<meta property=\"article:published_time\" content=\"2018-01-16T10:03:54+00:00\" \/>\n<meta property=\"article:modified_time\" content=\"2018-01-16T14:52:46+00:00\" \/>\n<meta property=\"og:image\" content=\"https:\/\/blogs.donboscovolunteers.de\/danielinsambia\/wp-content\/uploads\/sites\/21500\/2018\/01\/IMG-20171004-WA0002-300x225.jpg\" \/>\n<meta name=\"author\" content=\"Daniel Thielges\" \/>\n<meta name=\"twitter:card\" content=\"summary_large_image\" \/>\n<meta name=\"twitter:label1\" content=\"Verfasst von\" \/>\n\t<meta name=\"twitter:data1\" content=\"Daniel Thielges\" \/>\n\t<meta name=\"twitter:label2\" content=\"Gesch\u00e4tzte Lesezeit\" \/>\n\t<meta name=\"twitter:data2\" content=\"6\u00a0Minuten\" \/>\n<script type=\"application\/ld+json\" class=\"yoast-schema-graph\">{\"@context\":\"https:\/\/schema.org\",\"@graph\":[{\"@type\":\"WebPage\",\"@id\":\"https:\/\/blogs.donboscovolunteers.de\/danielinsambia\/2018\/01\/16\/ein-neues-jahr-in-sambia\/\",\"url\":\"https:\/\/blogs.donboscovolunteers.de\/danielinsambia\/2018\/01\/16\/ein-neues-jahr-in-sambia\/\",\"name\":\"Ein neues Jahr in Sambia - Daniel in Sambia\",\"isPartOf\":{\"@id\":\"https:\/\/blogs.donboscovolunteers.de\/danielinsambia\/#website\"},\"primaryImageOfPage\":{\"@id\":\"https:\/\/blogs.donboscovolunteers.de\/danielinsambia\/2018\/01\/16\/ein-neues-jahr-in-sambia\/#primaryimage\"},\"image\":{\"@id\":\"https:\/\/blogs.donboscovolunteers.de\/danielinsambia\/2018\/01\/16\/ein-neues-jahr-in-sambia\/#primaryimage\"},\"thumbnailUrl\":\"https:\/\/blogs.donboscovolunteers.de\/danielinsambia\/wp-content\/uploads\/sites\/21500\/2018\/01\/IMG-20171004-WA0002-300x225.jpg\",\"datePublished\":\"2018-01-16T10:03:54+00:00\",\"dateModified\":\"2018-01-16T14:52:46+00:00\",\"author\":{\"@id\":\"https:\/\/blogs.donboscovolunteers.de\/danielinsambia\/#\/schema\/person\/5c4e3e8a640bce625d863420dec4763b\"},\"breadcrumb\":{\"@id\":\"https:\/\/blogs.donboscovolunteers.de\/danielinsambia\/2018\/01\/16\/ein-neues-jahr-in-sambia\/#breadcrumb\"},\"inLanguage\":\"de\",\"potentialAction\":[{\"@type\":\"ReadAction\",\"target\":[\"https:\/\/blogs.donboscovolunteers.de\/danielinsambia\/2018\/01\/16\/ein-neues-jahr-in-sambia\/\"]}]},{\"@type\":\"ImageObject\",\"inLanguage\":\"de\",\"@id\":\"https:\/\/blogs.donboscovolunteers.de\/danielinsambia\/2018\/01\/16\/ein-neues-jahr-in-sambia\/#primaryimage\",\"url\":\"https:\/\/blogs.donboscovolunteers.de\/danielinsambia\/wp-content\/uploads\/sites\/21500\/2018\/01\/IMG-20171004-WA0002.jpg\",\"contentUrl\":\"https:\/\/blogs.donboscovolunteers.de\/danielinsambia\/wp-content\/uploads\/sites\/21500\/2018\/01\/IMG-20171004-WA0002.jpg\",\"width\":1040,\"height\":780},{\"@type\":\"BreadcrumbList\",\"@id\":\"https:\/\/blogs.donboscovolunteers.de\/danielinsambia\/2018\/01\/16\/ein-neues-jahr-in-sambia\/#breadcrumb\",\"itemListElement\":[{\"@type\":\"ListItem\",\"position\":1,\"name\":\"Startseite\",\"item\":\"https:\/\/blogs.donboscovolunteers.de\/danielinsambia\/\"},{\"@type\":\"ListItem\",\"position\":2,\"name\":\"Ein neues Jahr in Sambia\"}]},{\"@type\":\"WebSite\",\"@id\":\"https:\/\/blogs.donboscovolunteers.de\/danielinsambia\/#website\",\"url\":\"https:\/\/blogs.donboscovolunteers.de\/danielinsambia\/\",\"name\":\"Daniel in Sambia\",\"description\":\"Autor: Daniel Thielges\",\"potentialAction\":[{\"@type\":\"SearchAction\",\"target\":{\"@type\":\"EntryPoint\",\"urlTemplate\":\"https:\/\/blogs.donboscovolunteers.de\/danielinsambia\/?s={search_term_string}\"},\"query-input\":{\"@type\":\"PropertyValueSpecification\",\"valueRequired\":true,\"valueName\":\"search_term_string\"}}],\"inLanguage\":\"de\"},{\"@type\":\"Person\",\"@id\":\"https:\/\/blogs.donboscovolunteers.de\/danielinsambia\/#\/schema\/person\/5c4e3e8a640bce625d863420dec4763b\",\"name\":\"Daniel Thielges\",\"image\":{\"@type\":\"ImageObject\",\"inLanguage\":\"de\",\"@id\":\"https:\/\/blogs.donboscovolunteers.de\/danielinsambia\/#\/schema\/person\/image\/\",\"url\":\"https:\/\/secure.gravatar.com\/avatar\/0dd899f5e980bf563cbb7463cd6cf063ef51cff815b148115f22dc84a5fa17a9?s=96&d=mm&r=g\",\"contentUrl\":\"https:\/\/secure.gravatar.com\/avatar\/0dd899f5e980bf563cbb7463cd6cf063ef51cff815b148115f22dc84a5fa17a9?s=96&d=mm&r=g\",\"caption\":\"Daniel Thielges\"},\"url\":\"https:\/\/blogs.donboscovolunteers.de\/danielinsambia\/author\/danielthielges\/\"}]}<\/script>\n<!-- \/ Yoast SEO plugin. -->","yoast_head_json":{"title":"Ein neues Jahr in Sambia - Daniel in Sambia","robots":{"index":"index","follow":"follow","max-snippet":"max-snippet:-1","max-image-preview":"max-image-preview:large","max-video-preview":"max-video-preview:-1"},"canonical":"https:\/\/blogs.donboscovolunteers.de\/danielinsambia\/2018\/01\/16\/ein-neues-jahr-in-sambia\/","og_locale":"de_DE","og_type":"article","og_title":"Ein neues Jahr in Sambia - Daniel in Sambia","og_description":"Hallo, ja ich melde mich auch nochmal, es tut mir sehr leid, dass ich mich so lange nicht mehr gemeldet habe. In der Zwischenzeit ist nat\u00fcrlich viel passiert und daher versuche ich euch jetzt wieder auf den neuesten Stand zu bringen. Ich spule daher nochmal weit zur\u00fcck, genauer gesagt bis zum 3. Oktober 2017. Was [&hellip;]","og_url":"https:\/\/blogs.donboscovolunteers.de\/danielinsambia\/2018\/01\/16\/ein-neues-jahr-in-sambia\/","og_site_name":"Daniel in Sambia","article_published_time":"2018-01-16T10:03:54+00:00","article_modified_time":"2018-01-16T14:52:46+00:00","og_image":[{"url":"https:\/\/blogs.donboscovolunteers.de\/danielinsambia\/wp-content\/uploads\/sites\/21500\/2018\/01\/IMG-20171004-WA0002-300x225.jpg","type":"","width":"","height":""}],"author":"Daniel Thielges","twitter_card":"summary_large_image","twitter_misc":{"Verfasst von":"Daniel Thielges","Gesch\u00e4tzte Lesezeit":"6\u00a0Minuten"},"schema":{"@context":"https:\/\/schema.org","@graph":[{"@type":"WebPage","@id":"https:\/\/blogs.donboscovolunteers.de\/danielinsambia\/2018\/01\/16\/ein-neues-jahr-in-sambia\/","url":"https:\/\/blogs.donboscovolunteers.de\/danielinsambia\/2018\/01\/16\/ein-neues-jahr-in-sambia\/","name":"Ein neues Jahr in Sambia - Daniel in Sambia","isPartOf":{"@id":"https:\/\/blogs.donboscovolunteers.de\/danielinsambia\/#website"},"primaryImageOfPage":{"@id":"https:\/\/blogs.donboscovolunteers.de\/danielinsambia\/2018\/01\/16\/ein-neues-jahr-in-sambia\/#primaryimage"},"image":{"@id":"https:\/\/blogs.donboscovolunteers.de\/danielinsambia\/2018\/01\/16\/ein-neues-jahr-in-sambia\/#primaryimage"},"thumbnailUrl":"https:\/\/blogs.donboscovolunteers.de\/danielinsambia\/wp-content\/uploads\/sites\/21500\/2018\/01\/IMG-20171004-WA0002-300x225.jpg","datePublished":"2018-01-16T10:03:54+00:00","dateModified":"2018-01-16T14:52:46+00:00","author":{"@id":"https:\/\/blogs.donboscovolunteers.de\/danielinsambia\/#\/schema\/person\/5c4e3e8a640bce625d863420dec4763b"},"breadcrumb":{"@id":"https:\/\/blogs.donboscovolunteers.de\/danielinsambia\/2018\/01\/16\/ein-neues-jahr-in-sambia\/#breadcrumb"},"inLanguage":"de","potentialAction":[{"@type":"ReadAction","target":["https:\/\/blogs.donboscovolunteers.de\/danielinsambia\/2018\/01\/16\/ein-neues-jahr-in-sambia\/"]}]},{"@type":"ImageObject","inLanguage":"de","@id":"https:\/\/blogs.donboscovolunteers.de\/danielinsambia\/2018\/01\/16\/ein-neues-jahr-in-sambia\/#primaryimage","url":"https:\/\/blogs.donboscovolunteers.de\/danielinsambia\/wp-content\/uploads\/sites\/21500\/2018\/01\/IMG-20171004-WA0002.jpg","contentUrl":"https:\/\/blogs.donboscovolunteers.de\/danielinsambia\/wp-content\/uploads\/sites\/21500\/2018\/01\/IMG-20171004-WA0002.jpg","width":1040,"height":780},{"@type":"BreadcrumbList","@id":"https:\/\/blogs.donboscovolunteers.de\/danielinsambia\/2018\/01\/16\/ein-neues-jahr-in-sambia\/#breadcrumb","itemListElement":[{"@type":"ListItem","position":1,"name":"Startseite","item":"https:\/\/blogs.donboscovolunteers.de\/danielinsambia\/"},{"@type":"ListItem","position":2,"name":"Ein neues Jahr in Sambia"}]},{"@type":"WebSite","@id":"https:\/\/blogs.donboscovolunteers.de\/danielinsambia\/#website","url":"https:\/\/blogs.donboscovolunteers.de\/danielinsambia\/","name":"Daniel in Sambia","description":"Autor: Daniel Thielges","potentialAction":[{"@type":"SearchAction","target":{"@type":"EntryPoint","urlTemplate":"https:\/\/blogs.donboscovolunteers.de\/danielinsambia\/?s={search_term_string}"},"query-input":{"@type":"PropertyValueSpecification","valueRequired":true,"valueName":"search_term_string"}}],"inLanguage":"de"},{"@type":"Person","@id":"https:\/\/blogs.donboscovolunteers.de\/danielinsambia\/#\/schema\/person\/5c4e3e8a640bce625d863420dec4763b","name":"Daniel Thielges","image":{"@type":"ImageObject","inLanguage":"de","@id":"https:\/\/blogs.donboscovolunteers.de\/danielinsambia\/#\/schema\/person\/image\/","url":"https:\/\/secure.gravatar.com\/avatar\/0dd899f5e980bf563cbb7463cd6cf063ef51cff815b148115f22dc84a5fa17a9?s=96&d=mm&r=g","contentUrl":"https:\/\/secure.gravatar.com\/avatar\/0dd899f5e980bf563cbb7463cd6cf063ef51cff815b148115f22dc84a5fa17a9?s=96&d=mm&r=g","caption":"Daniel Thielges"},"url":"https:\/\/blogs.donboscovolunteers.de\/danielinsambia\/author\/danielthielges\/"}]}},"_links":{"self":[{"href":"https:\/\/blogs.donboscovolunteers.de\/danielinsambia\/wp-json\/wp\/v2\/posts\/189","targetHints":{"allow":["GET"]}}],"collection":[{"href":"https:\/\/blogs.donboscovolunteers.de\/danielinsambia\/wp-json\/wp\/v2\/posts"}],"about":[{"href":"https:\/\/blogs.donboscovolunteers.de\/danielinsambia\/wp-json\/wp\/v2\/types\/post"}],"author":[{"embeddable":true,"href":"https:\/\/blogs.donboscovolunteers.de\/danielinsambia\/wp-json\/wp\/v2\/users\/21551"}],"replies":[{"embeddable":true,"href":"https:\/\/blogs.donboscovolunteers.de\/danielinsambia\/wp-json\/wp\/v2\/comments?post=189"}],"version-history":[{"count":4,"href":"https:\/\/blogs.donboscovolunteers.de\/danielinsambia\/wp-json\/wp\/v2\/posts\/189\/revisions"}],"predecessor-version":[{"id":199,"href":"https:\/\/blogs.donboscovolunteers.de\/danielinsambia\/wp-json\/wp\/v2\/posts\/189\/revisions\/199"}],"wp:attachment":[{"href":"https:\/\/blogs.donboscovolunteers.de\/danielinsambia\/wp-json\/wp\/v2\/media?parent=189"}],"wp:term":[{"taxonomy":"category","embeddable":true,"href":"https:\/\/blogs.donboscovolunteers.de\/danielinsambia\/wp-json\/wp\/v2\/categories?post=189"},{"taxonomy":"post_tag","embeddable":true,"href":"https:\/\/blogs.donboscovolunteers.de\/danielinsambia\/wp-json\/wp\/v2\/tags?post=189"}],"curies":[{"name":"wp","href":"https:\/\/api.w.org\/{rel}","templated":true}]}}