{"id":154,"date":"2017-11-08T17:45:58","date_gmt":"2017-11-08T16:45:58","guid":{"rendered":"https:\/\/blogs.donboscovolunteers.de\/danielinsambia\/?p=154"},"modified":"2017-11-23T07:26:10","modified_gmt":"2017-11-23T06:26:10","slug":"wasser-fluch-und-segen-zugleich","status":"publish","type":"post","link":"https:\/\/blogs.donboscovolunteers.de\/danielinsambia\/2017\/11\/08\/wasser-fluch-und-segen-zugleich\/","title":{"rendered":"Wasser, Fluch und Segen zugleich"},"content":{"rendered":"<p>Pl\u00f6tzlich und unerwartet kam er, der erste Regen. Alle, so auch ich freuten uns wie kleine Kinder auf die erste Schauer und auch die Natur machte daraus ein gro\u00dfes Spektakel. Die vereinzelten Wolken am Himmel verwandelten sich innerhalb weniger Minuten zu einer grauen Wand. Nur die zahlreichen Blitze erhellten noch diesen d\u00fcster gewordenen Tag, denn auch das Stromnetz hielt dem einsetzenden Regen nicht lange stand. Beeindruckend war auch der schnelle Temperatursturz, so wurde es innerhalb kurzer Zeit ca. 10 C\u00b0 k\u00e4lter. Auch kam starker Wind auf, der den aufgewirbelten Staub bis weit \u00fcber die D\u00e4cher fegte. Dann kam er endlich, der Regen, erst zaghaft, aber schon wenig sp\u00e4ter prasselte er so stark auf den Boden ein, sodass sich unsere Wiese in einen See verwandelte.<br \/>\n<img loading=\"lazy\" decoding=\"async\" src=\"https:\/\/blogs.donboscovolunteers.de\/danielinsambia\/wp-content\/uploads\/sites\/21500\/2017\/11\/20171009_141327-300x225.jpg\" alt=\"\" width=\"300\" height=\"225\" class=\"alignnone size-medium wp-image-168\" srcset=\"https:\/\/blogs.donboscovolunteers.de\/danielinsambia\/wp-content\/uploads\/sites\/21500\/2017\/11\/20171009_141327-300x225.jpg 300w, https:\/\/blogs.donboscovolunteers.de\/danielinsambia\/wp-content\/uploads\/sites\/21500\/2017\/11\/20171009_141327-768x576.jpg 768w, https:\/\/blogs.donboscovolunteers.de\/danielinsambia\/wp-content\/uploads\/sites\/21500\/2017\/11\/20171009_141327-1024x768.jpg 1024w, https:\/\/blogs.donboscovolunteers.de\/danielinsambia\/wp-content\/uploads\/sites\/21500\/2017\/11\/20171009_141327-900x675.jpg 900w, https:\/\/blogs.donboscovolunteers.de\/danielinsambia\/wp-content\/uploads\/sites\/21500\/2017\/11\/20171009_141327.jpg 1280w\" sizes=\"auto, (max-width: 300px) 100vw, 300px\" \/><br \/>\nUnsere Wiese ist kaum mehr wieder zuerkennen. <\/p>\n<p>Leider richtete dieses Gewitter jedoch auch einige Sch\u00e4den an und forderte auch Opfer, so wurden in der Umgebung zum Beispiel mehrere H\u00e4user abgedeckt und auf dem nahe gelegenen Bengwelusee kenterte ein Fischerboot, wobei einige Besatzungsmitglieder ertranken. Uns kam das Gewitter l\u00e4ngst nicht so bedrohlich vor, wie es dann letztendlich f\u00fcr andere Menschen war. Je nach Aufenthaltsort kann, wie dieses Beispiel zeigt das gleiche Gewitter lebensbedrohlich werden. Dennoch freuten sich die Leute allgemein sehr auf den ersten Regen, denn dieser l\u00e4sst die gesamte Vegetation wieder ergr\u00fcnen, dachte ich zumindest. Es war n\u00e4mlich so, dass schon ca. zwei Wochen vor dem ersten Regen die Vegetation sp\u00fcrbar gr\u00fcner wurde. Wie konnten die Pflanzen denn nach sieben Monaten Trockenzeit noch soviel Wasser finden, sodass sie komplett neue Bl\u00e4tter und Knospen austreiben k\u00f6nnen? Dies finde ich immer noch sehr faszinierend und erstaunlich, wie genau das funktioniert wei\u00df ich zwar immer noch nicht, aber irgendwie k\u00f6nnen die B\u00e4ume noch genug Wasser aus dem trockenen Lehmboden ziehen und neu austreiben. Der erste Regen ist jetzt aber auch schon l\u00e4nger her und kam mit dem 7. Oktober in diesem Jahr ungew\u00f6hnlich fr\u00fch, wodurch viele Menschen von ihm \u00fcberrascht wurden.<\/p>\n<p>Auch m\u00f6chte ich generell mal die faszinierende und artenreiche Flora und Fauna in meiner Region beschreiben. Zwar ist es leider nicht mehr so, dass man abseits von Nationalparks gew\u00f6hnlich Elefant, Nashorn, Giraffe und ko zu Gesicht bekommt, da ihre Best\u00e4nde abseits der Schutzgebiete durch Bebauungen und Wilderei stark abgenommen haben, jedoch gibt es selbst auf dem Gel\u00e4nde der <a href=\"https:\/\/www.donboscomission.de\/don-bosco\/erbe\/\">Salesianer Don Boscos<\/a> zahlreiche Amphibien-, Reptilien-, Insekten- und Vogelarten. Das Artenspektrum reicht von Eidechsen, \u00fcber Kr\u00f6ten, Fr\u00f6sche, Cham\u00e4leons, Geckos, zahlreiche Heuschrecken-, Singv\u00f6gel- und Schmetterlingsarten bis hin zu Raben und Greifv\u00f6geln.<br \/>\n<img loading=\"lazy\" decoding=\"async\" class=\"alignnone size-medium wp-image-162\" src=\"https:\/\/blogs.donboscovolunteers.de\/danielinsambia\/wp-content\/uploads\/sites\/21500\/2017\/11\/20171011_071018-225x300.jpg\" alt=\"\" width=\"225\" height=\"300\" srcset=\"https:\/\/blogs.donboscovolunteers.de\/danielinsambia\/wp-content\/uploads\/sites\/21500\/2017\/11\/20171011_071018-225x300.jpg 225w, https:\/\/blogs.donboscovolunteers.de\/danielinsambia\/wp-content\/uploads\/sites\/21500\/2017\/11\/20171011_071018-768x1024.jpg 768w, https:\/\/blogs.donboscovolunteers.de\/danielinsambia\/wp-content\/uploads\/sites\/21500\/2017\/11\/20171011_071018-900x1200.jpg 900w, https:\/\/blogs.donboscovolunteers.de\/danielinsambia\/wp-content\/uploads\/sites\/21500\/2017\/11\/20171011_071018.jpg 960w\" sizes=\"auto, (max-width: 225px) 100vw, 225px\" \/><br \/>\nEine gut getarnte Heuschreckenart.<br \/>\n<img loading=\"lazy\" decoding=\"async\" class=\"alignnone size-medium wp-image-164\" src=\"https:\/\/blogs.donboscovolunteers.de\/danielinsambia\/wp-content\/uploads\/sites\/21500\/2017\/11\/20171027_135052-225x300.jpg\" alt=\"\" width=\"225\" height=\"300\" srcset=\"https:\/\/blogs.donboscovolunteers.de\/danielinsambia\/wp-content\/uploads\/sites\/21500\/2017\/11\/20171027_135052-225x300.jpg 225w, https:\/\/blogs.donboscovolunteers.de\/danielinsambia\/wp-content\/uploads\/sites\/21500\/2017\/11\/20171027_135052-768x1024.jpg 768w, https:\/\/blogs.donboscovolunteers.de\/danielinsambia\/wp-content\/uploads\/sites\/21500\/2017\/11\/20171027_135052-900x1200.jpg 900w, https:\/\/blogs.donboscovolunteers.de\/danielinsambia\/wp-content\/uploads\/sites\/21500\/2017\/11\/20171027_135052.jpg 960w\" sizes=\"auto, (max-width: 225px) 100vw, 225px\" \/><br \/>\nEine andere Heuschreckenart.<br \/>\n<img loading=\"lazy\" decoding=\"async\" class=\"alignnone size-medium wp-image-157\" src=\"https:\/\/blogs.donboscovolunteers.de\/danielinsambia\/wp-content\/uploads\/sites\/21500\/2017\/11\/20171015_205915-225x300.jpg\" alt=\"\" width=\"225\" height=\"300\" srcset=\"https:\/\/blogs.donboscovolunteers.de\/danielinsambia\/wp-content\/uploads\/sites\/21500\/2017\/11\/20171015_205915-225x300.jpg 225w, https:\/\/blogs.donboscovolunteers.de\/danielinsambia\/wp-content\/uploads\/sites\/21500\/2017\/11\/20171015_205915-768x1024.jpg 768w, https:\/\/blogs.donboscovolunteers.de\/danielinsambia\/wp-content\/uploads\/sites\/21500\/2017\/11\/20171015_205915-900x1200.jpg 900w, https:\/\/blogs.donboscovolunteers.de\/danielinsambia\/wp-content\/uploads\/sites\/21500\/2017\/11\/20171015_205915.jpg 960w\" sizes=\"auto, (max-width: 225px) 100vw, 225px\" \/><br \/>\nDiese Froschart kommt hier sehr h\u00e4ufig vor.<\/p>\n<p>Von diesen und weiteren Tieren werde ich nach und nach Fotos hoch laden, jedoch ist es nicht ganz einfach, die Tiere vor die Linse zu bekommen.<\/p>\n<p>Neben zahlreichen Busch-, Baum- und Blumenarten kommen hier auch einige Kakteen und Agave Pflanzen vor. Die urspr\u00fcnglich aus S\u00fcdamerika stammenden Pflanzen kommen mit dem hier vorherrschenden klimatischen Bedingungen gut klar, sind meist jedoch trotzdem streng gesch\u00fctzt. Au\u00dferdem werden auf dem Gel\u00e4nde der Salesianer Don Boscos einige Nutzpflanzen angebaut, oder wachsen dort wild. Dazu geh\u00f6ren unter anderem Papayas, Mangos, M\u00f6hren und Spinat.<\/p>\n<p>Auch die Landschaft Sambias hat einiges zu bieten und ist sehr abwechslungsreich, so wechseln sich Trocken- mit Feuchtsavannen, Waldlandschaften, Seen, Bergregionen, S\u00fcmpfen oder mit Flusst\u00e4lern ab, die teilweise atemberaubende Wasserf\u00e4lle besitzen.<\/p>\n<p><!--more--><img loading=\"lazy\" decoding=\"async\" class=\"alignnone size-medium wp-image-178\" src=\"https:\/\/blogs.donboscovolunteers.de\/danielinsambia\/wp-content\/uploads\/sites\/21500\/2017\/11\/20171119_150318-300x225.jpg\" alt=\"\" width=\"300\" height=\"225\" srcset=\"https:\/\/blogs.donboscovolunteers.de\/danielinsambia\/wp-content\/uploads\/sites\/21500\/2017\/11\/20171119_150318-300x225.jpg 300w, https:\/\/blogs.donboscovolunteers.de\/danielinsambia\/wp-content\/uploads\/sites\/21500\/2017\/11\/20171119_150318-768x576.jpg 768w, https:\/\/blogs.donboscovolunteers.de\/danielinsambia\/wp-content\/uploads\/sites\/21500\/2017\/11\/20171119_150318-1024x768.jpg 1024w, https:\/\/blogs.donboscovolunteers.de\/danielinsambia\/wp-content\/uploads\/sites\/21500\/2017\/11\/20171119_150318-900x675.jpg 900w, https:\/\/blogs.donboscovolunteers.de\/danielinsambia\/wp-content\/uploads\/sites\/21500\/2017\/11\/20171119_150318.jpg 1280w\" sizes=\"auto, (max-width: 300px) 100vw, 300px\" \/><\/p>\n<p>Die Mumbalumba Wasserf\u00e4lle die wir als Sonntagsausflug besichtigt haben.\u00a0 Dort waren wir fast ganz f\u00fcr uns alleine schwammen durch den See und sprangen von den Klippen ins Wasser. Dieser Ausflug hat mir die Sch\u00f6nheit Afrikas verdeutlicht und sehr viel Spa\u00df gemacht.<\/p>\n<p>Mir macht es viel Spa\u00df, diese Naturlandschaften zu erkunden, gerade wenn wir dies gemeinsam mit den Kindern, der Einrichtung machen. Ab und zu machen wir n\u00e4mlich mit diesen Ausfl\u00fcge in die Umgebung, so waren wir zum Beispiel letzte Woche mit den Jugendlichen in Samfya am Bengwelusee. Die Teilnehmer hatten dort viel Spa\u00df beim Schwimmen oder einfach beim Sonnenbad am Strand.<\/p>\n<p><img loading=\"lazy\" decoding=\"async\" class=\"alignnone size-medium wp-image-163\" src=\"https:\/\/blogs.donboscovolunteers.de\/danielinsambia\/wp-content\/uploads\/sites\/21500\/2017\/11\/20171028_164143-300x225.jpg\" alt=\"\" width=\"300\" height=\"225\" srcset=\"https:\/\/blogs.donboscovolunteers.de\/danielinsambia\/wp-content\/uploads\/sites\/21500\/2017\/11\/20171028_164143-300x225.jpg 300w, https:\/\/blogs.donboscovolunteers.de\/danielinsambia\/wp-content\/uploads\/sites\/21500\/2017\/11\/20171028_164143-768x576.jpg 768w, https:\/\/blogs.donboscovolunteers.de\/danielinsambia\/wp-content\/uploads\/sites\/21500\/2017\/11\/20171028_164143-1024x768.jpg 1024w, https:\/\/blogs.donboscovolunteers.de\/danielinsambia\/wp-content\/uploads\/sites\/21500\/2017\/11\/20171028_164143-900x675.jpg 900w, https:\/\/blogs.donboscovolunteers.de\/danielinsambia\/wp-content\/uploads\/sites\/21500\/2017\/11\/20171028_164143.jpg 1280w\" sizes=\"auto, (max-width: 300px) 100vw, 300px\" \/><\/p>\n<p>Der Sandstrand von Samfya am Bengwelusee.<\/p>\n<p>&nbsp;<\/p>\n<p>Wie man merkt, gef\u00e4llt mir die Landschaft sowie die Tier- und Pflanzenwelt Sambias sehr gut. Wart ihr auch schon mal in Sambia, oder einem vergleichbaren afrikanischen Land und habt die dortige Landschaft, sowie die Tier und Pflanzenwelt erkundet? Wenn ja, dann k\u00f6nnt ihr gerne eure Erfahrungen dar\u00fcber mit meinen Lesern und mir teilen. Abgesehen davon, freue ich mich nat\u00fcrlich auch so wieder \u00fcber zahlreiche Kommentare. Schaut au\u00dferdem immer mal wieder herein, um keinen neuen Artikel oder neue Fotos zu verpassen.<\/p>\n<p>Mir geht es gut, ich hoffe euch auch!<\/p>\n<p>Alles Gute und hoffentlich bis zum n\u00e4chsten Blog Eintrag!<\/p>\n<p>Herzliche Gr\u00fc\u00dfe aus Sambia!<\/p>\n<p>Euer Daniel<\/p>\n","protected":false},"excerpt":{"rendered":"<p>Pl\u00f6tzlich und unerwartet kam er, der erste Regen. Alle, so auch ich freuten uns wie kleine Kinder auf die erste Schauer und auch die Natur machte daraus ein gro\u00dfes Spektakel. Die vereinzelten Wolken am Himmel verwandelten sich innerhalb weniger Minuten zu einer grauen Wand. Nur die zahlreichen Blitze erhellten noch diesen d\u00fcster gewordenen Tag, denn [&hellip;]<\/p>\n","protected":false},"author":21551,"featured_media":0,"comment_status":"open","ping_status":"open","sticky":false,"template":"","format":"standard","meta":{"footnotes":""},"categories":[1],"tags":[],"class_list":["post-154","post","type-post","status-publish","format-standard","hentry","category-allgemein"],"yoast_head":"<!-- This site is optimized with the Yoast SEO plugin v25.3.1 - https:\/\/yoast.com\/wordpress\/plugins\/seo\/ -->\n<title>Wasser, Fluch und Segen zugleich - Daniel in Sambia<\/title>\n<meta name=\"robots\" content=\"index, follow, max-snippet:-1, max-image-preview:large, max-video-preview:-1\" \/>\n<link rel=\"canonical\" href=\"https:\/\/blogs.donboscovolunteers.de\/danielinsambia\/2017\/11\/08\/wasser-fluch-und-segen-zugleich\/\" \/>\n<meta property=\"og:locale\" content=\"de_DE\" \/>\n<meta property=\"og:type\" content=\"article\" \/>\n<meta property=\"og:title\" content=\"Wasser, Fluch und Segen zugleich - Daniel in Sambia\" \/>\n<meta property=\"og:description\" content=\"Pl\u00f6tzlich und unerwartet kam er, der erste Regen. Alle, so auch ich freuten uns wie kleine Kinder auf die erste Schauer und auch die Natur machte daraus ein gro\u00dfes Spektakel. Die vereinzelten Wolken am Himmel verwandelten sich innerhalb weniger Minuten zu einer grauen Wand. Nur die zahlreichen Blitze erhellten noch diesen d\u00fcster gewordenen Tag, denn [&hellip;]\" \/>\n<meta property=\"og:url\" content=\"https:\/\/blogs.donboscovolunteers.de\/danielinsambia\/2017\/11\/08\/wasser-fluch-und-segen-zugleich\/\" \/>\n<meta property=\"og:site_name\" content=\"Daniel in Sambia\" \/>\n<meta property=\"article:published_time\" content=\"2017-11-08T16:45:58+00:00\" \/>\n<meta property=\"article:modified_time\" content=\"2017-11-23T06:26:10+00:00\" \/>\n<meta property=\"og:image\" content=\"https:\/\/blogs.donboscovolunteers.de\/danielinsambia\/wp-content\/uploads\/sites\/21500\/2017\/11\/20171009_141327-300x225.jpg\" \/>\n<meta name=\"author\" content=\"Daniel Thielges\" \/>\n<meta name=\"twitter:card\" content=\"summary_large_image\" \/>\n<meta name=\"twitter:label1\" content=\"Verfasst von\" \/>\n\t<meta name=\"twitter:data1\" content=\"Daniel Thielges\" \/>\n\t<meta name=\"twitter:label2\" content=\"Gesch\u00e4tzte Lesezeit\" \/>\n\t<meta name=\"twitter:data2\" content=\"4\u00a0Minuten\" \/>\n<script type=\"application\/ld+json\" class=\"yoast-schema-graph\">{\"@context\":\"https:\/\/schema.org\",\"@graph\":[{\"@type\":\"WebPage\",\"@id\":\"https:\/\/blogs.donboscovolunteers.de\/danielinsambia\/2017\/11\/08\/wasser-fluch-und-segen-zugleich\/\",\"url\":\"https:\/\/blogs.donboscovolunteers.de\/danielinsambia\/2017\/11\/08\/wasser-fluch-und-segen-zugleich\/\",\"name\":\"Wasser, Fluch und Segen zugleich - Daniel in Sambia\",\"isPartOf\":{\"@id\":\"https:\/\/blogs.donboscovolunteers.de\/danielinsambia\/#website\"},\"primaryImageOfPage\":{\"@id\":\"https:\/\/blogs.donboscovolunteers.de\/danielinsambia\/2017\/11\/08\/wasser-fluch-und-segen-zugleich\/#primaryimage\"},\"image\":{\"@id\":\"https:\/\/blogs.donboscovolunteers.de\/danielinsambia\/2017\/11\/08\/wasser-fluch-und-segen-zugleich\/#primaryimage\"},\"thumbnailUrl\":\"https:\/\/blogs.donboscovolunteers.de\/danielinsambia\/wp-content\/uploads\/sites\/21500\/2017\/11\/20171009_141327-300x225.jpg\",\"datePublished\":\"2017-11-08T16:45:58+00:00\",\"dateModified\":\"2017-11-23T06:26:10+00:00\",\"author\":{\"@id\":\"https:\/\/blogs.donboscovolunteers.de\/danielinsambia\/#\/schema\/person\/5c4e3e8a640bce625d863420dec4763b\"},\"breadcrumb\":{\"@id\":\"https:\/\/blogs.donboscovolunteers.de\/danielinsambia\/2017\/11\/08\/wasser-fluch-und-segen-zugleich\/#breadcrumb\"},\"inLanguage\":\"de\",\"potentialAction\":[{\"@type\":\"ReadAction\",\"target\":[\"https:\/\/blogs.donboscovolunteers.de\/danielinsambia\/2017\/11\/08\/wasser-fluch-und-segen-zugleich\/\"]}]},{\"@type\":\"ImageObject\",\"inLanguage\":\"de\",\"@id\":\"https:\/\/blogs.donboscovolunteers.de\/danielinsambia\/2017\/11\/08\/wasser-fluch-und-segen-zugleich\/#primaryimage\",\"url\":\"https:\/\/blogs.donboscovolunteers.de\/danielinsambia\/wp-content\/uploads\/sites\/21500\/2017\/11\/20171009_141327.jpg\",\"contentUrl\":\"https:\/\/blogs.donboscovolunteers.de\/danielinsambia\/wp-content\/uploads\/sites\/21500\/2017\/11\/20171009_141327.jpg\",\"width\":1280,\"height\":960},{\"@type\":\"BreadcrumbList\",\"@id\":\"https:\/\/blogs.donboscovolunteers.de\/danielinsambia\/2017\/11\/08\/wasser-fluch-und-segen-zugleich\/#breadcrumb\",\"itemListElement\":[{\"@type\":\"ListItem\",\"position\":1,\"name\":\"Startseite\",\"item\":\"https:\/\/blogs.donboscovolunteers.de\/danielinsambia\/\"},{\"@type\":\"ListItem\",\"position\":2,\"name\":\"Wasser, Fluch und Segen zugleich\"}]},{\"@type\":\"WebSite\",\"@id\":\"https:\/\/blogs.donboscovolunteers.de\/danielinsambia\/#website\",\"url\":\"https:\/\/blogs.donboscovolunteers.de\/danielinsambia\/\",\"name\":\"Daniel in Sambia\",\"description\":\"Autor: Daniel Thielges\",\"potentialAction\":[{\"@type\":\"SearchAction\",\"target\":{\"@type\":\"EntryPoint\",\"urlTemplate\":\"https:\/\/blogs.donboscovolunteers.de\/danielinsambia\/?s={search_term_string}\"},\"query-input\":{\"@type\":\"PropertyValueSpecification\",\"valueRequired\":true,\"valueName\":\"search_term_string\"}}],\"inLanguage\":\"de\"},{\"@type\":\"Person\",\"@id\":\"https:\/\/blogs.donboscovolunteers.de\/danielinsambia\/#\/schema\/person\/5c4e3e8a640bce625d863420dec4763b\",\"name\":\"Daniel Thielges\",\"image\":{\"@type\":\"ImageObject\",\"inLanguage\":\"de\",\"@id\":\"https:\/\/blogs.donboscovolunteers.de\/danielinsambia\/#\/schema\/person\/image\/\",\"url\":\"https:\/\/secure.gravatar.com\/avatar\/0dd899f5e980bf563cbb7463cd6cf063ef51cff815b148115f22dc84a5fa17a9?s=96&d=mm&r=g\",\"contentUrl\":\"https:\/\/secure.gravatar.com\/avatar\/0dd899f5e980bf563cbb7463cd6cf063ef51cff815b148115f22dc84a5fa17a9?s=96&d=mm&r=g\",\"caption\":\"Daniel Thielges\"},\"url\":\"https:\/\/blogs.donboscovolunteers.de\/danielinsambia\/author\/danielthielges\/\"}]}<\/script>\n<!-- \/ Yoast SEO plugin. -->","yoast_head_json":{"title":"Wasser, Fluch und Segen zugleich - Daniel in Sambia","robots":{"index":"index","follow":"follow","max-snippet":"max-snippet:-1","max-image-preview":"max-image-preview:large","max-video-preview":"max-video-preview:-1"},"canonical":"https:\/\/blogs.donboscovolunteers.de\/danielinsambia\/2017\/11\/08\/wasser-fluch-und-segen-zugleich\/","og_locale":"de_DE","og_type":"article","og_title":"Wasser, Fluch und Segen zugleich - Daniel in Sambia","og_description":"Pl\u00f6tzlich und unerwartet kam er, der erste Regen. Alle, so auch ich freuten uns wie kleine Kinder auf die erste Schauer und auch die Natur machte daraus ein gro\u00dfes Spektakel. Die vereinzelten Wolken am Himmel verwandelten sich innerhalb weniger Minuten zu einer grauen Wand. Nur die zahlreichen Blitze erhellten noch diesen d\u00fcster gewordenen Tag, denn [&hellip;]","og_url":"https:\/\/blogs.donboscovolunteers.de\/danielinsambia\/2017\/11\/08\/wasser-fluch-und-segen-zugleich\/","og_site_name":"Daniel in Sambia","article_published_time":"2017-11-08T16:45:58+00:00","article_modified_time":"2017-11-23T06:26:10+00:00","og_image":[{"url":"https:\/\/blogs.donboscovolunteers.de\/danielinsambia\/wp-content\/uploads\/sites\/21500\/2017\/11\/20171009_141327-300x225.jpg","type":"","width":"","height":""}],"author":"Daniel Thielges","twitter_card":"summary_large_image","twitter_misc":{"Verfasst von":"Daniel Thielges","Gesch\u00e4tzte Lesezeit":"4\u00a0Minuten"},"schema":{"@context":"https:\/\/schema.org","@graph":[{"@type":"WebPage","@id":"https:\/\/blogs.donboscovolunteers.de\/danielinsambia\/2017\/11\/08\/wasser-fluch-und-segen-zugleich\/","url":"https:\/\/blogs.donboscovolunteers.de\/danielinsambia\/2017\/11\/08\/wasser-fluch-und-segen-zugleich\/","name":"Wasser, Fluch und Segen zugleich - Daniel in Sambia","isPartOf":{"@id":"https:\/\/blogs.donboscovolunteers.de\/danielinsambia\/#website"},"primaryImageOfPage":{"@id":"https:\/\/blogs.donboscovolunteers.de\/danielinsambia\/2017\/11\/08\/wasser-fluch-und-segen-zugleich\/#primaryimage"},"image":{"@id":"https:\/\/blogs.donboscovolunteers.de\/danielinsambia\/2017\/11\/08\/wasser-fluch-und-segen-zugleich\/#primaryimage"},"thumbnailUrl":"https:\/\/blogs.donboscovolunteers.de\/danielinsambia\/wp-content\/uploads\/sites\/21500\/2017\/11\/20171009_141327-300x225.jpg","datePublished":"2017-11-08T16:45:58+00:00","dateModified":"2017-11-23T06:26:10+00:00","author":{"@id":"https:\/\/blogs.donboscovolunteers.de\/danielinsambia\/#\/schema\/person\/5c4e3e8a640bce625d863420dec4763b"},"breadcrumb":{"@id":"https:\/\/blogs.donboscovolunteers.de\/danielinsambia\/2017\/11\/08\/wasser-fluch-und-segen-zugleich\/#breadcrumb"},"inLanguage":"de","potentialAction":[{"@type":"ReadAction","target":["https:\/\/blogs.donboscovolunteers.de\/danielinsambia\/2017\/11\/08\/wasser-fluch-und-segen-zugleich\/"]}]},{"@type":"ImageObject","inLanguage":"de","@id":"https:\/\/blogs.donboscovolunteers.de\/danielinsambia\/2017\/11\/08\/wasser-fluch-und-segen-zugleich\/#primaryimage","url":"https:\/\/blogs.donboscovolunteers.de\/danielinsambia\/wp-content\/uploads\/sites\/21500\/2017\/11\/20171009_141327.jpg","contentUrl":"https:\/\/blogs.donboscovolunteers.de\/danielinsambia\/wp-content\/uploads\/sites\/21500\/2017\/11\/20171009_141327.jpg","width":1280,"height":960},{"@type":"BreadcrumbList","@id":"https:\/\/blogs.donboscovolunteers.de\/danielinsambia\/2017\/11\/08\/wasser-fluch-und-segen-zugleich\/#breadcrumb","itemListElement":[{"@type":"ListItem","position":1,"name":"Startseite","item":"https:\/\/blogs.donboscovolunteers.de\/danielinsambia\/"},{"@type":"ListItem","position":2,"name":"Wasser, Fluch und Segen zugleich"}]},{"@type":"WebSite","@id":"https:\/\/blogs.donboscovolunteers.de\/danielinsambia\/#website","url":"https:\/\/blogs.donboscovolunteers.de\/danielinsambia\/","name":"Daniel in Sambia","description":"Autor: Daniel Thielges","potentialAction":[{"@type":"SearchAction","target":{"@type":"EntryPoint","urlTemplate":"https:\/\/blogs.donboscovolunteers.de\/danielinsambia\/?s={search_term_string}"},"query-input":{"@type":"PropertyValueSpecification","valueRequired":true,"valueName":"search_term_string"}}],"inLanguage":"de"},{"@type":"Person","@id":"https:\/\/blogs.donboscovolunteers.de\/danielinsambia\/#\/schema\/person\/5c4e3e8a640bce625d863420dec4763b","name":"Daniel Thielges","image":{"@type":"ImageObject","inLanguage":"de","@id":"https:\/\/blogs.donboscovolunteers.de\/danielinsambia\/#\/schema\/person\/image\/","url":"https:\/\/secure.gravatar.com\/avatar\/0dd899f5e980bf563cbb7463cd6cf063ef51cff815b148115f22dc84a5fa17a9?s=96&d=mm&r=g","contentUrl":"https:\/\/secure.gravatar.com\/avatar\/0dd899f5e980bf563cbb7463cd6cf063ef51cff815b148115f22dc84a5fa17a9?s=96&d=mm&r=g","caption":"Daniel Thielges"},"url":"https:\/\/blogs.donboscovolunteers.de\/danielinsambia\/author\/danielthielges\/"}]}},"_links":{"self":[{"href":"https:\/\/blogs.donboscovolunteers.de\/danielinsambia\/wp-json\/wp\/v2\/posts\/154","targetHints":{"allow":["GET"]}}],"collection":[{"href":"https:\/\/blogs.donboscovolunteers.de\/danielinsambia\/wp-json\/wp\/v2\/posts"}],"about":[{"href":"https:\/\/blogs.donboscovolunteers.de\/danielinsambia\/wp-json\/wp\/v2\/types\/post"}],"author":[{"embeddable":true,"href":"https:\/\/blogs.donboscovolunteers.de\/danielinsambia\/wp-json\/wp\/v2\/users\/21551"}],"replies":[{"embeddable":true,"href":"https:\/\/blogs.donboscovolunteers.de\/danielinsambia\/wp-json\/wp\/v2\/comments?post=154"}],"version-history":[{"count":7,"href":"https:\/\/blogs.donboscovolunteers.de\/danielinsambia\/wp-json\/wp\/v2\/posts\/154\/revisions"}],"predecessor-version":[{"id":186,"href":"https:\/\/blogs.donboscovolunteers.de\/danielinsambia\/wp-json\/wp\/v2\/posts\/154\/revisions\/186"}],"wp:attachment":[{"href":"https:\/\/blogs.donboscovolunteers.de\/danielinsambia\/wp-json\/wp\/v2\/media?parent=154"}],"wp:term":[{"taxonomy":"category","embeddable":true,"href":"https:\/\/blogs.donboscovolunteers.de\/danielinsambia\/wp-json\/wp\/v2\/categories?post=154"},{"taxonomy":"post_tag","embeddable":true,"href":"https:\/\/blogs.donboscovolunteers.de\/danielinsambia\/wp-json\/wp\/v2\/tags?post=154"}],"curies":[{"name":"wp","href":"https:\/\/api.w.org\/{rel}","templated":true}]}}